{"id":192765,"date":"2023-06-14T17:59:48","date_gmt":"2023-06-14T15:59:48","guid":{"rendered":"https:\/\/www.tapasmagazine.es\/plan-del-verano-villa-verbena-celebrara-cenas-a-la-luz-de-las-velas-en-plena-casa-de-campo\/"},"modified":"2023-06-14T18:04:43","modified_gmt":"2023-06-14T16:04:43","slug":"summer-plan-villa-verbena-will-hold-candlelight-dinners","status":"publish","type":"post","link":"https:\/\/www.tapasmagazine.es\/en\/summer-plan-villa-verbena-will-hold-candlelight-dinners\/","title":{"rendered":"Summer plan: Villa Verbena will hold candlelight dinners in the middle of Casa de Campo"},"content":{"rendered":"\n<p><strong>Click <a href=\"https:\/\/www.tapasmagazine.es\/plan-del-verano-villa-verbena-celebrara-cenas-a-la-luz-de-las-velas\/\" target=\"_blank\" rel=\"noreferrer noopener\">here<\/a> to read the Spanish version.<\/strong><br>We love the arrival of summer because that means a lot of outdoor plans to enjoy the summer nights in Madrid. This year one of the most striking is the one prepared by the <a href=\"https:\/\/villaverbenamadrid.com\/home\" target=\"_blank\" rel=\"noreferrer noopener\">restaurant Villa Verbena<\/a> in the heart of Casa de Campo. If the location of the restaurant, its verbena atmosphere and its quality market cuisine are already enough reasons to visit it, now we must add the arrival of the &#8216;Veladas&#8217;, a unique proposal to make summer nights more magical. A different dinner with a special decoration where the protagonist will be the candlelight, as the thread of an unforgettable gastro experience.<\/p>\n\n\n\n<figure class=\"wp-block-image size-large\"><a href=\"https:\/\/www.tapasmagazine.es\/wp-content\/uploads\/2023\/06\/villa-verbena-veladas2.jpg\"><img decoding=\"async\" width=\"1024\" height=\"576\" src=\"https:\/\/www.tapasmagazine.es\/wp-content\/uploads\/2023\/06\/villa-verbena-veladas2-1024x576.jpg\" alt=\"\" class=\"wp-image-192745\" srcset=\"https:\/\/www.tapasmagazine.es\/wp-content\/uploads\/2023\/06\/villa-verbena-veladas2-1024x576.jpg 1024w, https:\/\/www.tapasmagazine.es\/wp-content\/uploads\/2023\/06\/villa-verbena-veladas2-300x169.jpg 300w, https:\/\/www.tapasmagazine.es\/wp-content\/uploads\/2023\/06\/villa-verbena-veladas2-768x432.jpg 768w, https:\/\/www.tapasmagazine.es\/wp-content\/uploads\/2023\/06\/villa-verbena-veladas2-400x225.jpg 400w, https:\/\/www.tapasmagazine.es\/wp-content\/uploads\/2023\/06\/villa-verbena-veladas2.jpg 1200w\" sizes=\"(max-width: 1024px) 100vw, 1024px\" \/><\/a><\/figure>\n\n\n\n<p>For such a special occasion, Villa Verbena has prepared a <a href=\"https:\/\/smartmenu.agorapos.com\/?id=0u5n69np#\/category\/37\/product\/3419\/single\" target=\"_blank\" rel=\"noreferrer noopener\">menu for 59 \u20ac<\/a>, consisting of six passes in which the diner can taste from an appetizer of bloody mary tomato and lime\u00f1a cause to start, through a cucumber gazpacho with green apple and cilantro granita; grilled avocado with burnt chili sauce and white shrimp; and grilled seasonal tuna loin with marmitaco broth and piparras. In the meat section they will serve a Joselito Iberian pork tenderloin with roasted pumpkin, mustard juice and figs. And to finish, a delicious and surprising Thai fruit ceviche. In addition, the menu also includes three drinks.<\/p>\n\n\n\n<h2 class=\"wp-block-heading\">Villa Verbena&#8217;s magical &#8216;Veladas&#8217; will be like this<\/h2>\n\n\n\n<p>This very special candlelit dinner overlooking the Casa de Campo lake, the Royal Palace and the Almudena Cathedral will also be a very exclusive plan for only 60 people per night. When the diner arrives at Villa Verbena, he will find a striking stand decorated for the occasion with candles and plants, and from there he will go to the gazebo.<\/p>\n\n\n\n<figure class=\"wp-block-image size-large\"><a href=\"https:\/\/www.tapasmagazine.es\/wp-content\/uploads\/2023\/06\/villa-verbena-veladas4.jpg\"><img decoding=\"async\" width=\"1024\" height=\"576\" src=\"https:\/\/www.tapasmagazine.es\/wp-content\/uploads\/2023\/06\/villa-verbena-veladas4-1024x576.jpg\" alt=\"\" class=\"wp-image-192749\" srcset=\"https:\/\/www.tapasmagazine.es\/wp-content\/uploads\/2023\/06\/villa-verbena-veladas4-1024x576.jpg 1024w, https:\/\/www.tapasmagazine.es\/wp-content\/uploads\/2023\/06\/villa-verbena-veladas4-300x169.jpg 300w, https:\/\/www.tapasmagazine.es\/wp-content\/uploads\/2023\/06\/villa-verbena-veladas4-768x432.jpg 768w, https:\/\/www.tapasmagazine.es\/wp-content\/uploads\/2023\/06\/villa-verbena-veladas4-400x225.jpg 400w, https:\/\/www.tapasmagazine.es\/wp-content\/uploads\/2023\/06\/villa-verbena-veladas4.jpg 1200w\" sizes=\"(max-width: 1024px) 100vw, 1024px\" \/><\/a><\/figure>\n\n\n\n<p>Here is one of the highlights of the experience. The central part of the dining room will be presided over by a floral arrangement hanging from the ceiling and an imposing table decorated with candles and other precious decorations that will make the dinner an unforgettable romantic evening. Another attraction of the evening is the atmosphere at the back of the restaurant. Although the front views are totally bucolic, its garden decorated with French-style furniture will be ideal to finish off the evening with the tranquility and comfort that a summer night in Madrid deserves.<\/p>\n\n\n\n<figure class=\"wp-block-image size-large\"><a href=\"https:\/\/www.tapasmagazine.es\/wp-content\/uploads\/2023\/06\/villa-verbena-veladas3.jpg\"><img decoding=\"async\" width=\"1024\" height=\"576\" src=\"https:\/\/www.tapasmagazine.es\/wp-content\/uploads\/2023\/06\/villa-verbena-veladas3-1024x576.jpg\" alt=\"\" class=\"wp-image-192747\" srcset=\"https:\/\/www.tapasmagazine.es\/wp-content\/uploads\/2023\/06\/villa-verbena-veladas3-1024x576.jpg 1024w, https:\/\/www.tapasmagazine.es\/wp-content\/uploads\/2023\/06\/villa-verbena-veladas3-300x169.jpg 300w, https:\/\/www.tapasmagazine.es\/wp-content\/uploads\/2023\/06\/villa-verbena-veladas3-768x432.jpg 768w, https:\/\/www.tapasmagazine.es\/wp-content\/uploads\/2023\/06\/villa-verbena-veladas3-400x225.jpg 400w, https:\/\/www.tapasmagazine.es\/wp-content\/uploads\/2023\/06\/villa-verbena-veladas3.jpg 1200w\" sizes=\"(max-width: 1024px) 100vw, 1024px\" \/><\/a><\/figure>\n\n\n\n<p>So now you know, if this summer you want to make a different plan and live an unforgettable &#8216;evening&#8217;, make room in the agenda from June 22, because Villa Verbena is going to become the real hotspot of the summer.<\/p>\n\n\n\n<p><strong>Where? At Paseo de Maria Teresa, 3 &#8211; Lake of Casa de Campo (Madrid)<\/strong><\/p>\n","protected":false},"excerpt":{"rendered":"<p>Click here to read the Spanish version.We love the arrival of summer because that means a lot of outdoor plans to enjoy the summer nights in Madrid. This year one of the most striking is the one prepared by the restaurant Villa Verbena in the heart of Casa de Campo. If the location of the [&hellip;]<\/p>\n","protected":false},"author":249,"featured_media":192741,"comment_status":"open","ping_status":"closed","sticky":false,"template":"single-feature.php","format":"standard","meta":{"_acf_changed":false,"footnotes":""},"categories":[15807],"tags":[],"class_list":["post-192765","post","type-post","status-publish","format-standard","has-post-thumbnail","hentry","category-gastro-en","cat-15807-id"],"acf":[],"yoast_head":"<!-- This site is optimized with the Yoast SEO plugin v27.5 - https:\/\/yoast.com\/product\/yoast-seo-wordpress\/ -->\n<title>Summer plan: Villa Verbena will hold candlelight dinners in the middle of Casa de Campo<\/title>\n<meta name=\"description\" content=\"From June 22 you can enjoy the &#039;Veladas&#039; at Villa Verbena, in front of the Casa de Campo lake. Make your reservation!\" \/>\n<meta name=\"robots\" content=\"index, follow, max-snippet:-1, max-image-preview:large, max-video-preview:-1\" \/>\n<link rel=\"canonical\" href=\"https:\/\/www.tapasmagazine.es\/en\/summer-plan-villa-verbena-will-hold-candlelight-dinners\/\" \/>\n<meta property=\"og:locale\" content=\"en_US\" \/>\n<meta property=\"og:type\" content=\"article\" \/>\n<meta property=\"og:title\" content=\"Summer plan: Villa Verbena will hold candlelight dinners in the middle of Casa de Campo\" \/>\n<meta property=\"og:description\" content=\"From June 22 you can enjoy the &#039;Veladas&#039; at Villa Verbena, in front of the Casa de Campo lake. Make your reservation!\" \/>\n<meta property=\"og:url\" content=\"https:\/\/www.tapasmagazine.es\/en\/summer-plan-villa-verbena-will-hold-candlelight-dinners\/\" \/>\n<meta property=\"og:site_name\" content=\"Tapas\" \/>\n<meta property=\"article:publisher\" content=\"https:\/\/www.facebook.com\/tapasmagazine\" \/>\n<meta property=\"article:published_time\" content=\"2023-06-14T15:59:48+00:00\" \/>\n<meta property=\"article:modified_time\" content=\"2023-06-14T16:04:43+00:00\" \/>\n<meta property=\"og:image\" content=\"https:\/\/www.tapasmagazine.es\/wp-content\/uploads\/2023\/06\/villa-verbena-veladas.jpg\" \/>\n\t<meta property=\"og:image:width\" content=\"1200\" \/>\n\t<meta property=\"og:image:height\" content=\"675\" \/>\n\t<meta property=\"og:image:type\" content=\"image\/jpeg\" \/>\n<meta name=\"author\" content=\"TAPAS\" \/>\n<meta name=\"twitter:card\" content=\"summary_large_image\" \/>\n<meta name=\"twitter:creator\" content=\"@TapasMagazine\" \/>\n<meta name=\"twitter:site\" content=\"@TapasMagazine\" \/>\n<meta name=\"twitter:label1\" content=\"Written by\" \/>\n\t<meta name=\"twitter:data1\" content=\"TAPAS\" \/>\n\t<meta name=\"twitter:label2\" content=\"Est. reading time\" \/>\n\t<meta name=\"twitter:data2\" content=\"3 minutes\" \/>\n<script type=\"application\/ld+json\" class=\"yoast-schema-graph\">{\"@context\":\"https:\\\/\\\/schema.org\",\"@graph\":[{\"@type\":\"Article\",\"@id\":\"https:\\\/\\\/www.tapasmagazine.es\\\/en\\\/summer-plan-villa-verbena-will-hold-candlelight-dinners\\\/#article\",\"isPartOf\":{\"@id\":\"https:\\\/\\\/www.tapasmagazine.es\\\/en\\\/summer-plan-villa-verbena-will-hold-candlelight-dinners\\\/\"},\"author\":{\"name\":\"TAPAS\",\"@id\":\"https:\\\/\\\/www.tapasmagazine.es\\\/#\\\/schema\\\/person\\\/906ea2ea4697837608d99f4cc085cea3\"},\"headline\":\"Summer plan: Villa Verbena will hold candlelight dinners in the middle of Casa de Campo\",\"datePublished\":\"2023-06-14T15:59:48+00:00\",\"dateModified\":\"2023-06-14T16:04:43+00:00\",\"mainEntityOfPage\":{\"@id\":\"https:\\\/\\\/www.tapasmagazine.es\\\/en\\\/summer-plan-villa-verbena-will-hold-candlelight-dinners\\\/\"},\"wordCount\":444,\"commentCount\":0,\"publisher\":{\"@id\":\"https:\\\/\\\/www.tapasmagazine.es\\\/#organization\"},\"image\":{\"@id\":\"https:\\\/\\\/www.tapasmagazine.es\\\/en\\\/summer-plan-villa-verbena-will-hold-candlelight-dinners\\\/#primaryimage\"},\"thumbnailUrl\":\"https:\\\/\\\/www.tapasmagazine.es\\\/wp-content\\\/uploads\\\/2023\\\/06\\\/villa-verbena-veladas.jpg\",\"articleSection\":[\"Gastro\"],\"inLanguage\":\"en-US\",\"potentialAction\":[{\"@type\":\"CommentAction\",\"name\":\"Comment\",\"target\":[\"https:\\\/\\\/www.tapasmagazine.es\\\/en\\\/summer-plan-villa-verbena-will-hold-candlelight-dinners\\\/#respond\"]}]},{\"@type\":\"WebPage\",\"@id\":\"https:\\\/\\\/www.tapasmagazine.es\\\/en\\\/summer-plan-villa-verbena-will-hold-candlelight-dinners\\\/\",\"url\":\"https:\\\/\\\/www.tapasmagazine.es\\\/en\\\/summer-plan-villa-verbena-will-hold-candlelight-dinners\\\/\",\"name\":\"Summer plan: Villa Verbena will hold candlelight dinners in the middle of Casa de Campo\",\"isPartOf\":{\"@id\":\"https:\\\/\\\/www.tapasmagazine.es\\\/#website\"},\"primaryImageOfPage\":{\"@id\":\"https:\\\/\\\/www.tapasmagazine.es\\\/en\\\/summer-plan-villa-verbena-will-hold-candlelight-dinners\\\/#primaryimage\"},\"image\":{\"@id\":\"https:\\\/\\\/www.tapasmagazine.es\\\/en\\\/summer-plan-villa-verbena-will-hold-candlelight-dinners\\\/#primaryimage\"},\"thumbnailUrl\":\"https:\\\/\\\/www.tapasmagazine.es\\\/wp-content\\\/uploads\\\/2023\\\/06\\\/villa-verbena-veladas.jpg\",\"datePublished\":\"2023-06-14T15:59:48+00:00\",\"dateModified\":\"2023-06-14T16:04:43+00:00\",\"description\":\"From June 22 you can enjoy the 'Veladas' at Villa Verbena, in front of the Casa de Campo lake. Make your reservation!\",\"breadcrumb\":{\"@id\":\"https:\\\/\\\/www.tapasmagazine.es\\\/en\\\/summer-plan-villa-verbena-will-hold-candlelight-dinners\\\/#breadcrumb\"},\"inLanguage\":\"en-US\",\"potentialAction\":[{\"@type\":\"ReadAction\",\"target\":[\"https:\\\/\\\/www.tapasmagazine.es\\\/en\\\/summer-plan-villa-verbena-will-hold-candlelight-dinners\\\/\"]}]},{\"@type\":\"ImageObject\",\"inLanguage\":\"en-US\",\"@id\":\"https:\\\/\\\/www.tapasmagazine.es\\\/en\\\/summer-plan-villa-verbena-will-hold-candlelight-dinners\\\/#primaryimage\",\"url\":\"https:\\\/\\\/www.tapasmagazine.es\\\/wp-content\\\/uploads\\\/2023\\\/06\\\/villa-verbena-veladas.jpg\",\"contentUrl\":\"https:\\\/\\\/www.tapasmagazine.es\\\/wp-content\\\/uploads\\\/2023\\\/06\\\/villa-verbena-veladas.jpg\",\"width\":1200,\"height\":675},{\"@type\":\"BreadcrumbList\",\"@id\":\"https:\\\/\\\/www.tapasmagazine.es\\\/en\\\/summer-plan-villa-verbena-will-hold-candlelight-dinners\\\/#breadcrumb\",\"itemListElement\":[{\"@type\":\"ListItem\",\"position\":1,\"name\":\"Portada\",\"item\":\"https:\\\/\\\/www.tapasmagazine.es\\\/\"},{\"@type\":\"ListItem\",\"position\":2,\"name\":\"Gastro\",\"item\":\"https:\\\/\\\/www.tapasmagazine.es\\\/en\\\/categorias\\\/gastro-en\\\/\"},{\"@type\":\"ListItem\",\"position\":3,\"name\":\"Summer plan: Villa Verbena will hold candlelight dinners in the middle of Casa de Campo\"}]},{\"@type\":\"WebSite\",\"@id\":\"https:\\\/\\\/www.tapasmagazine.es\\\/#website\",\"url\":\"https:\\\/\\\/www.tapasmagazine.es\\\/\",\"name\":\"Tapas\",\"description\":\"\u00d1am \u00d1am Lifestyle. La vida a bocados. Premio Nacional de Gastronom\u00eda 2016.\",\"publisher\":{\"@id\":\"https:\\\/\\\/www.tapasmagazine.es\\\/#organization\"},\"potentialAction\":[{\"@type\":\"SearchAction\",\"target\":{\"@type\":\"EntryPoint\",\"urlTemplate\":\"https:\\\/\\\/www.tapasmagazine.es\\\/?s={search_term_string}\"},\"query-input\":{\"@type\":\"PropertyValueSpecification\",\"valueRequired\":true,\"valueName\":\"search_term_string\"}}],\"inLanguage\":\"en-US\"},{\"@type\":\"Organization\",\"@id\":\"https:\\\/\\\/www.tapasmagazine.es\\\/#organization\",\"name\":\"Tapas Magazine\",\"url\":\"https:\\\/\\\/www.tapasmagazine.es\\\/\",\"logo\":{\"@type\":\"ImageObject\",\"inLanguage\":\"en-US\",\"@id\":\"https:\\\/\\\/www.tapasmagazine.es\\\/#\\\/schema\\\/logo\\\/image\\\/\",\"url\":\"https:\\\/\\\/www.tapasmagazine.es\\\/wp-content\\\/uploads\\\/2018\\\/01\\\/logo.png\",\"contentUrl\":\"https:\\\/\\\/www.tapasmagazine.es\\\/wp-content\\\/uploads\\\/2018\\\/01\\\/logo.png\",\"width\":180,\"height\":60,\"caption\":\"Tapas Magazine\"},\"image\":{\"@id\":\"https:\\\/\\\/www.tapasmagazine.es\\\/#\\\/schema\\\/logo\\\/image\\\/\"},\"sameAs\":[\"https:\\\/\\\/www.facebook.com\\\/tapasmagazine\",\"https:\\\/\\\/x.com\\\/TapasMagazine\",\"https:\\\/\\\/www.instagram.com\\\/tapasmagazine\\\/\",\"https:\\\/\\\/www.linkedin.com\\\/company\\\/tapas-magazine\",\"https:\\\/\\\/es.pinterest.com\\\/tapasmagazine\\\/\",\"https:\\\/\\\/www.youtube.com\\\/channel\\\/UCEyxneAaACuR0lfDagrWjjg?sub_confirmation=1\"]},{\"@type\":\"Person\",\"@id\":\"https:\\\/\\\/www.tapasmagazine.es\\\/#\\\/schema\\\/person\\\/906ea2ea4697837608d99f4cc085cea3\",\"name\":\"TAPAS\",\"url\":\"https:\\\/\\\/www.tapasmagazine.es\\\/en\\\/author\\\/tapas\\\/\"}]}<\/script>\n<!-- \/ Yoast SEO plugin. -->","yoast_head_json":{"title":"Summer plan: Villa Verbena will hold candlelight dinners in the middle of Casa de Campo","description":"From June 22 you can enjoy the 'Veladas' at Villa Verbena, in front of the Casa de Campo lake. Make your reservation!","robots":{"index":"index","follow":"follow","max-snippet":"max-snippet:-1","max-image-preview":"max-image-preview:large","max-video-preview":"max-video-preview:-1"},"canonical":"https:\/\/www.tapasmagazine.es\/en\/summer-plan-villa-verbena-will-hold-candlelight-dinners\/","og_locale":"en_US","og_type":"article","og_title":"Summer plan: Villa Verbena will hold candlelight dinners in the middle of Casa de Campo","og_description":"From June 22 you can enjoy the 'Veladas' at Villa Verbena, in front of the Casa de Campo lake. Make your reservation!","og_url":"https:\/\/www.tapasmagazine.es\/en\/summer-plan-villa-verbena-will-hold-candlelight-dinners\/","og_site_name":"Tapas","article_publisher":"https:\/\/www.facebook.com\/tapasmagazine","article_published_time":"2023-06-14T15:59:48+00:00","article_modified_time":"2023-06-14T16:04:43+00:00","og_image":[{"width":1200,"height":675,"url":"https:\/\/www.tapasmagazine.es\/wp-content\/uploads\/2023\/06\/villa-verbena-veladas.jpg","type":"image\/jpeg"}],"author":"TAPAS","twitter_card":"summary_large_image","twitter_creator":"@TapasMagazine","twitter_site":"@TapasMagazine","twitter_misc":{"Written by":"TAPAS","Est. reading time":"3 minutes"},"schema":{"@context":"https:\/\/schema.org","@graph":[{"@type":"Article","@id":"https:\/\/www.tapasmagazine.es\/en\/summer-plan-villa-verbena-will-hold-candlelight-dinners\/#article","isPartOf":{"@id":"https:\/\/www.tapasmagazine.es\/en\/summer-plan-villa-verbena-will-hold-candlelight-dinners\/"},"author":{"name":"TAPAS","@id":"https:\/\/www.tapasmagazine.es\/#\/schema\/person\/906ea2ea4697837608d99f4cc085cea3"},"headline":"Summer plan: Villa Verbena will hold candlelight dinners in the middle of Casa de Campo","datePublished":"2023-06-14T15:59:48+00:00","dateModified":"2023-06-14T16:04:43+00:00","mainEntityOfPage":{"@id":"https:\/\/www.tapasmagazine.es\/en\/summer-plan-villa-verbena-will-hold-candlelight-dinners\/"},"wordCount":444,"commentCount":0,"publisher":{"@id":"https:\/\/www.tapasmagazine.es\/#organization"},"image":{"@id":"https:\/\/www.tapasmagazine.es\/en\/summer-plan-villa-verbena-will-hold-candlelight-dinners\/#primaryimage"},"thumbnailUrl":"https:\/\/www.tapasmagazine.es\/wp-content\/uploads\/2023\/06\/villa-verbena-veladas.jpg","articleSection":["Gastro"],"inLanguage":"en-US","potentialAction":[{"@type":"CommentAction","name":"Comment","target":["https:\/\/www.tapasmagazine.es\/en\/summer-plan-villa-verbena-will-hold-candlelight-dinners\/#respond"]}]},{"@type":"WebPage","@id":"https:\/\/www.tapasmagazine.es\/en\/summer-plan-villa-verbena-will-hold-candlelight-dinners\/","url":"https:\/\/www.tapasmagazine.es\/en\/summer-plan-villa-verbena-will-hold-candlelight-dinners\/","name":"Summer plan: Villa Verbena will hold candlelight dinners in the middle of Casa de Campo","isPartOf":{"@id":"https:\/\/www.tapasmagazine.es\/#website"},"primaryImageOfPage":{"@id":"https:\/\/www.tapasmagazine.es\/en\/summer-plan-villa-verbena-will-hold-candlelight-dinners\/#primaryimage"},"image":{"@id":"https:\/\/www.tapasmagazine.es\/en\/summer-plan-villa-verbena-will-hold-candlelight-dinners\/#primaryimage"},"thumbnailUrl":"https:\/\/www.tapasmagazine.es\/wp-content\/uploads\/2023\/06\/villa-verbena-veladas.jpg","datePublished":"2023-06-14T15:59:48+00:00","dateModified":"2023-06-14T16:04:43+00:00","description":"From June 22 you can enjoy the 'Veladas' at Villa Verbena, in front of the Casa de Campo lake. Make your reservation!","breadcrumb":{"@id":"https:\/\/www.tapasmagazine.es\/en\/summer-plan-villa-verbena-will-hold-candlelight-dinners\/#breadcrumb"},"inLanguage":"en-US","potentialAction":[{"@type":"ReadAction","target":["https:\/\/www.tapasmagazine.es\/en\/summer-plan-villa-verbena-will-hold-candlelight-dinners\/"]}]},{"@type":"ImageObject","inLanguage":"en-US","@id":"https:\/\/www.tapasmagazine.es\/en\/summer-plan-villa-verbena-will-hold-candlelight-dinners\/#primaryimage","url":"https:\/\/www.tapasmagazine.es\/wp-content\/uploads\/2023\/06\/villa-verbena-veladas.jpg","contentUrl":"https:\/\/www.tapasmagazine.es\/wp-content\/uploads\/2023\/06\/villa-verbena-veladas.jpg","width":1200,"height":675},{"@type":"BreadcrumbList","@id":"https:\/\/www.tapasmagazine.es\/en\/summer-plan-villa-verbena-will-hold-candlelight-dinners\/#breadcrumb","itemListElement":[{"@type":"ListItem","position":1,"name":"Portada","item":"https:\/\/www.tapasmagazine.es\/"},{"@type":"ListItem","position":2,"name":"Gastro","item":"https:\/\/www.tapasmagazine.es\/en\/categorias\/gastro-en\/"},{"@type":"ListItem","position":3,"name":"Summer plan: Villa Verbena will hold candlelight dinners in the middle of Casa de Campo"}]},{"@type":"WebSite","@id":"https:\/\/www.tapasmagazine.es\/#website","url":"https:\/\/www.tapasmagazine.es\/","name":"Tapas","description":"\u00d1am \u00d1am Lifestyle. La vida a bocados. Premio Nacional de Gastronom\u00eda 2016.","publisher":{"@id":"https:\/\/www.tapasmagazine.es\/#organization"},"potentialAction":[{"@type":"SearchAction","target":{"@type":"EntryPoint","urlTemplate":"https:\/\/www.tapasmagazine.es\/?s={search_term_string}"},"query-input":{"@type":"PropertyValueSpecification","valueRequired":true,"valueName":"search_term_string"}}],"inLanguage":"en-US"},{"@type":"Organization","@id":"https:\/\/www.tapasmagazine.es\/#organization","name":"Tapas Magazine","url":"https:\/\/www.tapasmagazine.es\/","logo":{"@type":"ImageObject","inLanguage":"en-US","@id":"https:\/\/www.tapasmagazine.es\/#\/schema\/logo\/image\/","url":"https:\/\/www.tapasmagazine.es\/wp-content\/uploads\/2018\/01\/logo.png","contentUrl":"https:\/\/www.tapasmagazine.es\/wp-content\/uploads\/2018\/01\/logo.png","width":180,"height":60,"caption":"Tapas Magazine"},"image":{"@id":"https:\/\/www.tapasmagazine.es\/#\/schema\/logo\/image\/"},"sameAs":["https:\/\/www.facebook.com\/tapasmagazine","https:\/\/x.com\/TapasMagazine","https:\/\/www.instagram.com\/tapasmagazine\/","https:\/\/www.linkedin.com\/company\/tapas-magazine","https:\/\/es.pinterest.com\/tapasmagazine\/","https:\/\/www.youtube.com\/channel\/UCEyxneAaACuR0lfDagrWjjg?sub_confirmation=1"]},{"@type":"Person","@id":"https:\/\/www.tapasmagazine.es\/#\/schema\/person\/906ea2ea4697837608d99f4cc085cea3","name":"TAPAS","url":"https:\/\/www.tapasmagazine.es\/en\/author\/tapas\/"}]}},"_links":{"self":[{"href":"https:\/\/www.tapasmagazine.es\/en\/wp-json\/wp\/v2\/posts\/192765","targetHints":{"allow":["GET"]}}],"collection":[{"href":"https:\/\/www.tapasmagazine.es\/en\/wp-json\/wp\/v2\/posts"}],"about":[{"href":"https:\/\/www.tapasmagazine.es\/en\/wp-json\/wp\/v2\/types\/post"}],"author":[{"embeddable":true,"href":"https:\/\/www.tapasmagazine.es\/en\/wp-json\/wp\/v2\/users\/249"}],"replies":[{"embeddable":true,"href":"https:\/\/www.tapasmagazine.es\/en\/wp-json\/wp\/v2\/comments?post=192765"}],"version-history":[{"count":3,"href":"https:\/\/www.tapasmagazine.es\/en\/wp-json\/wp\/v2\/posts\/192765\/revisions"}],"predecessor-version":[{"id":192768,"href":"https:\/\/www.tapasmagazine.es\/en\/wp-json\/wp\/v2\/posts\/192765\/revisions\/192768"}],"wp:featuredmedia":[{"embeddable":true,"href":"https:\/\/www.tapasmagazine.es\/en\/wp-json\/wp\/v2\/media\/192741"}],"wp:attachment":[{"href":"https:\/\/www.tapasmagazine.es\/en\/wp-json\/wp\/v2\/media?parent=192765"}],"wp:term":[{"taxonomy":"category","embeddable":true,"href":"https:\/\/www.tapasmagazine.es\/en\/wp-json\/wp\/v2\/categories?post=192765"},{"taxonomy":"post_tag","embeddable":true,"href":"https:\/\/www.tapasmagazine.es\/en\/wp-json\/wp\/v2\/tags?post=192765"}],"curies":[{"name":"wp","href":"https:\/\/api.w.org\/{rel}","templated":true}]}}