{"id":191567,"date":"2023-06-07T18:19:46","date_gmt":"2023-06-07T16:19:46","guid":{"rendered":"https:\/\/www.tapasmagazine.es\/este-sera-el-line-up-gastronomico-de-primavera-sound-madrid-2023\/"},"modified":"2023-06-07T18:19:46","modified_gmt":"2023-06-07T16:19:46","slug":"este-sera-el-line-up-gastronomico-de-primavera-sound-madrid-2023","status":"publish","type":"post","link":"https:\/\/www.tapasmagazine.es\/en\/este-sera-el-line-up-gastronomico-de-primavera-sound-madrid-2023\/","title":{"rendered":"Este ser\u00e1 el line-up gastron\u00f3mico de Primavera Sound Madrid 2023"},"content":{"rendered":"\n<p><strong>Primavera Sound<\/strong> aterriza por primera vez en la <strong>Ciudad del Rock <\/strong>de Madrid, tras haber desplegado su ic\u00f3nico festival en la ciudad de Barcelona. Un evento que tendr\u00e1 lugar los d\u00edas 8, 9 y 10 de junio de la mano (y el sonido) de un line-up celestial que incluye a artistas internacionales como Central Cee, Kendrick Lamar, Fred Again, Bad Gyal, Rosal\u00eda o Calvin Harris.<\/p>\n\n\n\n<p>En medio de esa extensi\u00f3n natural infinita situada en <strong>Arganda del Rey<\/strong>, entre puestos, marcas, escenarios y conciertos, coexistir\u00e1 una gran selecci\u00f3n culinaria con la que saciar el hambre y la sed de todos los asistentes. Y es que, para esta edici\u00f3n, el festival colabora con<strong> Verbena Foodie Events <\/strong>para presentar una carta muy extensa en la que destaca la diversidad de tendencias y g\u00e9neros gastron\u00f3micos que abogan por la proximidad y multiculturalidad.<\/p>\n\n\n<div class=\"wp-block-image\">\n<figure class=\"aligncenter size-full is-resized\"><a href=\"https:\/\/www.tapasmagazine.es\/wp-content\/uploads\/2023\/06\/line-up-gastronomico-primavera-sound-madrid-3.png\"><img decoding=\"async\" src=\"https:\/\/www.tapasmagazine.es\/wp-content\/uploads\/2023\/06\/line-up-gastronomico-primavera-sound-madrid-3.png\" alt=\"\" class=\"wp-image-191518\" width=\"989\" height=\"558\" srcset=\"https:\/\/www.tapasmagazine.es\/wp-content\/uploads\/2023\/06\/line-up-gastronomico-primavera-sound-madrid-3.png 659w, https:\/\/www.tapasmagazine.es\/wp-content\/uploads\/2023\/06\/line-up-gastronomico-primavera-sound-madrid-3-300x169.png 300w, https:\/\/www.tapasmagazine.es\/wp-content\/uploads\/2023\/06\/line-up-gastronomico-primavera-sound-madrid-3-400x225.png 400w\" sizes=\"(max-width: 989px) 100vw, 989px\" \/><\/a><\/figure>\n<\/div>\n\n\n<p>Infinidad de locales instalar\u00e1n as\u00ed sus puestos de manera ef\u00edmera, instaur\u00e1ndose a lo largo de su escenario efervescente: desde &#8220;Kebab on Tour&#8221; o &#8220;Fish and Chips Shop&#8221;, hasta la cocina libanesa de &#8220;Makan&#8221; o la fusion asi\u00e1tico-catalana de &#8220;Casa Xica&#8221;. Por no hablar de la propuesta mexicana de &#8220;Agave y Cal Pastor&#8221;, la peruana de &#8220;Camote&#8221; y la venezolana de &#8220;La Cachapera&#8221;.<\/p>\n\n\n\n<p>Cocinas de todo el mundo confluir\u00e1n as\u00ed en el line-up gastron\u00f3mico del festival que pondr\u00e1 especial atenci\u00f3n en el veganismo a trav\u00e9s de instituciones plant-based como &#8220;Rasoterra&#8221;, as\u00ed como en las intolerancias para ofrecer una propuesta totalmente inclusiva y sostenible con opciones vegetarianas o puntos 100% gluten free como &#8220;M2&#8221;.<\/p>\n\n\n\n<h2 class=\"wp-block-heading\">EL FESTIVAL COMESTIBLE DE PSM<\/h2>\n\n\n\n<p>M\u00e1s all\u00e1 de esa oferta innovadora y multicultural, los asistentes podr\u00e1n optar de igual forma por cl\u00e1sicos americanos como las hamburguesas de &#8220;Fitzgerald&#8221;, &#8220;La Burgueser\u00eda&#8221;, &#8220;Two Patties&#8221;, o las creaciones virales de &#8220;Vicio&#8221;. Aunque si lo tuyo es m\u00e1s la pizza, no te preocupes, PS tambi\u00e9n albergar\u00e1 una serie de templos italianos como &#8220;Squadra&#8221;, &#8220;Garden Pizza&#8221;, &#8220;Una Pizza&#8221; o &#8220;Grosso Napoletano&#8221;, que mantendr\u00e1n el horno encendido 24\/7.<\/p>\n\n\n<div class=\"wp-block-image\">\n<figure class=\"aligncenter size-large is-resized\"><a href=\"https:\/\/www.tapasmagazine.es\/wp-content\/uploads\/2023\/06\/line-up-gastronomico-primavera-sound-madrid-2.gif\"><img decoding=\"async\" src=\"https:\/\/www.tapasmagazine.es\/wp-content\/uploads\/2023\/06\/line-up-gastronomico-primavera-sound-madrid-2-576x1024.gif\" alt=\"\" class=\"wp-image-191520\" width=\"864\" height=\"1536\" srcset=\"https:\/\/www.tapasmagazine.es\/wp-content\/uploads\/2023\/06\/line-up-gastronomico-primavera-sound-madrid-2-576x1024.gif 576w, https:\/\/www.tapasmagazine.es\/wp-content\/uploads\/2023\/06\/line-up-gastronomico-primavera-sound-madrid-2-169x300.gif 169w, https:\/\/www.tapasmagazine.es\/wp-content\/uploads\/2023\/06\/line-up-gastronomico-primavera-sound-madrid-2-768x1365.gif 768w, https:\/\/www.tapasmagazine.es\/wp-content\/uploads\/2023\/06\/line-up-gastronomico-primavera-sound-madrid-2-864x1536.gif 864w, https:\/\/www.tapasmagazine.es\/wp-content\/uploads\/2023\/06\/line-up-gastronomico-primavera-sound-madrid-2-1000x1778.gif 1000w, https:\/\/www.tapasmagazine.es\/wp-content\/uploads\/2023\/06\/line-up-gastronomico-primavera-sound-madrid-2-400x711.gif 400w\" sizes=\"(max-width: 864px) 100vw, 864px\" \/><\/a><\/figure>\n<\/div>\n\n\n<p>Sin embargo, si ninguno de los men\u00fas anteriores te ha convencido, el festival servir\u00e1 asimismo otro tipo de elaboraciones como el pollo frito de &#8220;Piel de Gallina&#8221;, las empanadas de &#8220;Malv\u00f3n&#8221;, las croquetas cinco estrellas de &#8220;Santerra&#8221; o los inconfundibles &#8220;Nick\u2019s Perritos&#8221;. <\/p>\n\n\n\n<p>Finalmente, se expondr\u00e1 en ese mismo espacio suspendido en el eclecticismo musical y gastron\u00f3mico, todo un expositor de dulces con los que rematar o completar la experiencia como los helados de &#8220;Paral\u00b7lelo Gelato&#8221;, los polos artesanales de &#8220;Guapaletas&#8221; o las galletas de &#8220;Cookona&#8221;. \u00bfY para beber? Estrella Damm, Pepsi y Organics by Red Bull, partners estrat\u00e9gicos del festival, se encargar\u00e1n de gestionar (y servir) la propuesta l\u00edquida del evento.<\/p>\n","protected":false},"excerpt":{"rendered":"<p>Primavera Sound aterriza por primera vez en la Ciudad del Rock de Madrid, tras haber desplegado su ic\u00f3nico festival en la ciudad de Barcelona. Un evento que tendr\u00e1 lugar los d\u00edas 8, 9 y 10 de junio de la mano (y el sonido) de un line-up celestial que incluye a artistas internacionales como Central Cee, [&hellip;]<\/p>\n","protected":false},"author":285,"featured_media":191517,"comment_status":"open","ping_status":"closed","sticky":false,"template":"single-feature.php","format":"standard","meta":{"_acf_changed":false,"footnotes":""},"categories":[15807,15802,1],"tags":[],"class_list":["post-191567","post","type-post","status-publish","format-standard","has-post-thumbnail","hentry","category-gastro-en","category-news","category-sin-categorizar","cat-15807-id","cat-15802-id","cat-1-id"],"acf":[],"yoast_head":"<!-- This site is optimized with the Yoast SEO plugin v27.5 - https:\/\/yoast.com\/product\/yoast-seo-wordpress\/ -->\n<title>Este ser\u00e1 el line-up gastron\u00f3mico de Primavera Sound Madrid 2023 - Tapas<\/title>\n<meta name=\"description\" content=\"Primavera Sound aterriza por primera vez en la Ciudad del Rock de Madrid, tras haber desplegado su ic\u00f3nico festival en la ciudad de Barcelona. Un evento\" \/>\n<meta name=\"robots\" content=\"index, follow, max-snippet:-1, max-image-preview:large, max-video-preview:-1\" \/>\n<link rel=\"canonical\" href=\"https:\/\/www.tapasmagazine.es\/en\/este-sera-el-line-up-gastronomico-de-primavera-sound-madrid-2023\/\" \/>\n<meta property=\"og:locale\" content=\"en_US\" \/>\n<meta property=\"og:type\" content=\"article\" \/>\n<meta property=\"og:title\" content=\"Este ser\u00e1 el line-up gastron\u00f3mico de Primavera Sound Madrid 2023 - Tapas\" \/>\n<meta property=\"og:description\" content=\"Primavera Sound aterriza por primera vez en la Ciudad del Rock de Madrid, tras haber desplegado su ic\u00f3nico festival en la ciudad de Barcelona. Un evento\" \/>\n<meta property=\"og:url\" content=\"https:\/\/www.tapasmagazine.es\/en\/este-sera-el-line-up-gastronomico-de-primavera-sound-madrid-2023\/\" \/>\n<meta property=\"og:site_name\" content=\"Tapas\" \/>\n<meta property=\"article:publisher\" content=\"https:\/\/www.facebook.com\/tapasmagazine\" \/>\n<meta property=\"article:published_time\" content=\"2023-06-07T16:19:46+00:00\" \/>\n<meta property=\"og:image\" content=\"https:\/\/www.tapasmagazine.es\/wp-content\/uploads\/2023\/06\/line-up-gastronomico-primavera-sound-madrid-3.png\" \/>\n<meta name=\"author\" content=\"Laura P\u00e9rez\" \/>\n<meta name=\"twitter:card\" content=\"summary_large_image\" \/>\n<meta name=\"twitter:creator\" content=\"@TapasMagazine\" \/>\n<meta name=\"twitter:site\" content=\"@TapasMagazine\" \/>\n<meta name=\"twitter:label1\" content=\"Written by\" \/>\n\t<meta name=\"twitter:data1\" content=\"Laura P\u00e9rez\" \/>\n\t<meta name=\"twitter:label2\" content=\"Est. reading time\" \/>\n\t<meta name=\"twitter:data2\" content=\"2 minutes\" \/>\n<script type=\"application\/ld+json\" class=\"yoast-schema-graph\">{\"@context\":\"https:\\\/\\\/schema.org\",\"@graph\":[{\"@type\":\"Article\",\"@id\":\"https:\\\/\\\/www.tapasmagazine.es\\\/en\\\/este-sera-el-line-up-gastronomico-de-primavera-sound-madrid-2023\\\/#article\",\"isPartOf\":{\"@id\":\"https:\\\/\\\/www.tapasmagazine.es\\\/en\\\/este-sera-el-line-up-gastronomico-de-primavera-sound-madrid-2023\\\/\"},\"author\":{\"name\":\"Laura P\u00e9rez\",\"@id\":\"https:\\\/\\\/www.tapasmagazine.es\\\/#\\\/schema\\\/person\\\/eb46cbe76a9c8f062660eb609e3ecb4e\"},\"headline\":\"Este ser\u00e1 el line-up gastron\u00f3mico de Primavera Sound Madrid 2023\",\"datePublished\":\"2023-06-07T16:19:46+00:00\",\"mainEntityOfPage\":{\"@id\":\"https:\\\/\\\/www.tapasmagazine.es\\\/en\\\/este-sera-el-line-up-gastronomico-de-primavera-sound-madrid-2023\\\/\"},\"wordCount\":469,\"commentCount\":0,\"publisher\":{\"@id\":\"https:\\\/\\\/www.tapasmagazine.es\\\/#organization\"},\"image\":{\"@id\":\"https:\\\/\\\/www.tapasmagazine.es\\\/en\\\/este-sera-el-line-up-gastronomico-de-primavera-sound-madrid-2023\\\/#primaryimage\"},\"thumbnailUrl\":\"https:\\\/\\\/www.tapasmagazine.es\\\/wp-content\\\/uploads\\\/2023\\\/06\\\/line-up-gastronomico-primavera-sound-madrid-1.jpg\",\"articleSection\":[\"Gastro\",\"News\",\"Sin categorizar\"],\"inLanguage\":\"en-US\",\"potentialAction\":[{\"@type\":\"CommentAction\",\"name\":\"Comment\",\"target\":[\"https:\\\/\\\/www.tapasmagazine.es\\\/en\\\/este-sera-el-line-up-gastronomico-de-primavera-sound-madrid-2023\\\/#respond\"]}]},{\"@type\":\"WebPage\",\"@id\":\"https:\\\/\\\/www.tapasmagazine.es\\\/en\\\/este-sera-el-line-up-gastronomico-de-primavera-sound-madrid-2023\\\/\",\"url\":\"https:\\\/\\\/www.tapasmagazine.es\\\/en\\\/este-sera-el-line-up-gastronomico-de-primavera-sound-madrid-2023\\\/\",\"name\":\"Este ser\u00e1 el line-up gastron\u00f3mico de Primavera Sound Madrid 2023 - Tapas\",\"isPartOf\":{\"@id\":\"https:\\\/\\\/www.tapasmagazine.es\\\/#website\"},\"primaryImageOfPage\":{\"@id\":\"https:\\\/\\\/www.tapasmagazine.es\\\/en\\\/este-sera-el-line-up-gastronomico-de-primavera-sound-madrid-2023\\\/#primaryimage\"},\"image\":{\"@id\":\"https:\\\/\\\/www.tapasmagazine.es\\\/en\\\/este-sera-el-line-up-gastronomico-de-primavera-sound-madrid-2023\\\/#primaryimage\"},\"thumbnailUrl\":\"https:\\\/\\\/www.tapasmagazine.es\\\/wp-content\\\/uploads\\\/2023\\\/06\\\/line-up-gastronomico-primavera-sound-madrid-1.jpg\",\"datePublished\":\"2023-06-07T16:19:46+00:00\",\"description\":\"Primavera Sound aterriza por primera vez en la Ciudad del Rock de Madrid, tras haber desplegado su ic\u00f3nico festival en la ciudad de Barcelona. Un evento\",\"breadcrumb\":{\"@id\":\"https:\\\/\\\/www.tapasmagazine.es\\\/en\\\/este-sera-el-line-up-gastronomico-de-primavera-sound-madrid-2023\\\/#breadcrumb\"},\"inLanguage\":\"en-US\",\"potentialAction\":[{\"@type\":\"ReadAction\",\"target\":[\"https:\\\/\\\/www.tapasmagazine.es\\\/en\\\/este-sera-el-line-up-gastronomico-de-primavera-sound-madrid-2023\\\/\"]}]},{\"@type\":\"ImageObject\",\"inLanguage\":\"en-US\",\"@id\":\"https:\\\/\\\/www.tapasmagazine.es\\\/en\\\/este-sera-el-line-up-gastronomico-de-primavera-sound-madrid-2023\\\/#primaryimage\",\"url\":\"https:\\\/\\\/www.tapasmagazine.es\\\/wp-content\\\/uploads\\\/2023\\\/06\\\/line-up-gastronomico-primavera-sound-madrid-1.jpg\",\"contentUrl\":\"https:\\\/\\\/www.tapasmagazine.es\\\/wp-content\\\/uploads\\\/2023\\\/06\\\/line-up-gastronomico-primavera-sound-madrid-1.jpg\",\"width\":1200,\"height\":819},{\"@type\":\"BreadcrumbList\",\"@id\":\"https:\\\/\\\/www.tapasmagazine.es\\\/en\\\/este-sera-el-line-up-gastronomico-de-primavera-sound-madrid-2023\\\/#breadcrumb\",\"itemListElement\":[{\"@type\":\"ListItem\",\"position\":1,\"name\":\"Portada\",\"item\":\"https:\\\/\\\/www.tapasmagazine.es\\\/\"},{\"@type\":\"ListItem\",\"position\":2,\"name\":\"Sin categorizar\",\"item\":\"https:\\\/\\\/www.tapasmagazine.es\\\/categorias\\\/sin-categorizar\\\/\"},{\"@type\":\"ListItem\",\"position\":3,\"name\":\"Este ser\u00e1 el line-up gastron\u00f3mico de Primavera Sound Madrid 2023\"}]},{\"@type\":\"WebSite\",\"@id\":\"https:\\\/\\\/www.tapasmagazine.es\\\/#website\",\"url\":\"https:\\\/\\\/www.tapasmagazine.es\\\/\",\"name\":\"Tapas\",\"description\":\"\u00d1am \u00d1am Lifestyle. La vida a bocados. Premio Nacional de Gastronom\u00eda 2016.\",\"publisher\":{\"@id\":\"https:\\\/\\\/www.tapasmagazine.es\\\/#organization\"},\"potentialAction\":[{\"@type\":\"SearchAction\",\"target\":{\"@type\":\"EntryPoint\",\"urlTemplate\":\"https:\\\/\\\/www.tapasmagazine.es\\\/?s={search_term_string}\"},\"query-input\":{\"@type\":\"PropertyValueSpecification\",\"valueRequired\":true,\"valueName\":\"search_term_string\"}}],\"inLanguage\":\"en-US\"},{\"@type\":\"Organization\",\"@id\":\"https:\\\/\\\/www.tapasmagazine.es\\\/#organization\",\"name\":\"Tapas Magazine\",\"url\":\"https:\\\/\\\/www.tapasmagazine.es\\\/\",\"logo\":{\"@type\":\"ImageObject\",\"inLanguage\":\"en-US\",\"@id\":\"https:\\\/\\\/www.tapasmagazine.es\\\/#\\\/schema\\\/logo\\\/image\\\/\",\"url\":\"https:\\\/\\\/www.tapasmagazine.es\\\/wp-content\\\/uploads\\\/2018\\\/01\\\/logo.png\",\"contentUrl\":\"https:\\\/\\\/www.tapasmagazine.es\\\/wp-content\\\/uploads\\\/2018\\\/01\\\/logo.png\",\"width\":180,\"height\":60,\"caption\":\"Tapas Magazine\"},\"image\":{\"@id\":\"https:\\\/\\\/www.tapasmagazine.es\\\/#\\\/schema\\\/logo\\\/image\\\/\"},\"sameAs\":[\"https:\\\/\\\/www.facebook.com\\\/tapasmagazine\",\"https:\\\/\\\/x.com\\\/TapasMagazine\",\"https:\\\/\\\/www.instagram.com\\\/tapasmagazine\\\/\",\"https:\\\/\\\/www.linkedin.com\\\/company\\\/tapas-magazine\",\"https:\\\/\\\/es.pinterest.com\\\/tapasmagazine\\\/\",\"https:\\\/\\\/www.youtube.com\\\/channel\\\/UCEyxneAaACuR0lfDagrWjjg?sub_confirmation=1\"]},{\"@type\":\"Person\",\"@id\":\"https:\\\/\\\/www.tapasmagazine.es\\\/#\\\/schema\\\/person\\\/eb46cbe76a9c8f062660eb609e3ecb4e\",\"name\":\"Laura P\u00e9rez\",\"url\":\"https:\\\/\\\/www.tapasmagazine.es\\\/en\\\/author\\\/laura-perez\\\/\"}]}<\/script>\n<!-- \/ Yoast SEO plugin. -->","yoast_head_json":{"title":"Este ser\u00e1 el line-up gastron\u00f3mico de Primavera Sound Madrid 2023 - Tapas","description":"Primavera Sound aterriza por primera vez en la Ciudad del Rock de Madrid, tras haber desplegado su ic\u00f3nico festival en la ciudad de Barcelona. Un evento","robots":{"index":"index","follow":"follow","max-snippet":"max-snippet:-1","max-image-preview":"max-image-preview:large","max-video-preview":"max-video-preview:-1"},"canonical":"https:\/\/www.tapasmagazine.es\/en\/este-sera-el-line-up-gastronomico-de-primavera-sound-madrid-2023\/","og_locale":"en_US","og_type":"article","og_title":"Este ser\u00e1 el line-up gastron\u00f3mico de Primavera Sound Madrid 2023 - Tapas","og_description":"Primavera Sound aterriza por primera vez en la Ciudad del Rock de Madrid, tras haber desplegado su ic\u00f3nico festival en la ciudad de Barcelona. Un evento","og_url":"https:\/\/www.tapasmagazine.es\/en\/este-sera-el-line-up-gastronomico-de-primavera-sound-madrid-2023\/","og_site_name":"Tapas","article_publisher":"https:\/\/www.facebook.com\/tapasmagazine","article_published_time":"2023-06-07T16:19:46+00:00","og_image":[{"url":"https:\/\/www.tapasmagazine.es\/wp-content\/uploads\/2023\/06\/line-up-gastronomico-primavera-sound-madrid-3.png","type":"","width":"","height":""}],"author":"Laura P\u00e9rez","twitter_card":"summary_large_image","twitter_creator":"@TapasMagazine","twitter_site":"@TapasMagazine","twitter_misc":{"Written by":"Laura P\u00e9rez","Est. reading time":"2 minutes"},"schema":{"@context":"https:\/\/schema.org","@graph":[{"@type":"Article","@id":"https:\/\/www.tapasmagazine.es\/en\/este-sera-el-line-up-gastronomico-de-primavera-sound-madrid-2023\/#article","isPartOf":{"@id":"https:\/\/www.tapasmagazine.es\/en\/este-sera-el-line-up-gastronomico-de-primavera-sound-madrid-2023\/"},"author":{"name":"Laura P\u00e9rez","@id":"https:\/\/www.tapasmagazine.es\/#\/schema\/person\/eb46cbe76a9c8f062660eb609e3ecb4e"},"headline":"Este ser\u00e1 el line-up gastron\u00f3mico de Primavera Sound Madrid 2023","datePublished":"2023-06-07T16:19:46+00:00","mainEntityOfPage":{"@id":"https:\/\/www.tapasmagazine.es\/en\/este-sera-el-line-up-gastronomico-de-primavera-sound-madrid-2023\/"},"wordCount":469,"commentCount":0,"publisher":{"@id":"https:\/\/www.tapasmagazine.es\/#organization"},"image":{"@id":"https:\/\/www.tapasmagazine.es\/en\/este-sera-el-line-up-gastronomico-de-primavera-sound-madrid-2023\/#primaryimage"},"thumbnailUrl":"https:\/\/www.tapasmagazine.es\/wp-content\/uploads\/2023\/06\/line-up-gastronomico-primavera-sound-madrid-1.jpg","articleSection":["Gastro","News","Sin categorizar"],"inLanguage":"en-US","potentialAction":[{"@type":"CommentAction","name":"Comment","target":["https:\/\/www.tapasmagazine.es\/en\/este-sera-el-line-up-gastronomico-de-primavera-sound-madrid-2023\/#respond"]}]},{"@type":"WebPage","@id":"https:\/\/www.tapasmagazine.es\/en\/este-sera-el-line-up-gastronomico-de-primavera-sound-madrid-2023\/","url":"https:\/\/www.tapasmagazine.es\/en\/este-sera-el-line-up-gastronomico-de-primavera-sound-madrid-2023\/","name":"Este ser\u00e1 el line-up gastron\u00f3mico de Primavera Sound Madrid 2023 - Tapas","isPartOf":{"@id":"https:\/\/www.tapasmagazine.es\/#website"},"primaryImageOfPage":{"@id":"https:\/\/www.tapasmagazine.es\/en\/este-sera-el-line-up-gastronomico-de-primavera-sound-madrid-2023\/#primaryimage"},"image":{"@id":"https:\/\/www.tapasmagazine.es\/en\/este-sera-el-line-up-gastronomico-de-primavera-sound-madrid-2023\/#primaryimage"},"thumbnailUrl":"https:\/\/www.tapasmagazine.es\/wp-content\/uploads\/2023\/06\/line-up-gastronomico-primavera-sound-madrid-1.jpg","datePublished":"2023-06-07T16:19:46+00:00","description":"Primavera Sound aterriza por primera vez en la Ciudad del Rock de Madrid, tras haber desplegado su ic\u00f3nico festival en la ciudad de Barcelona. Un evento","breadcrumb":{"@id":"https:\/\/www.tapasmagazine.es\/en\/este-sera-el-line-up-gastronomico-de-primavera-sound-madrid-2023\/#breadcrumb"},"inLanguage":"en-US","potentialAction":[{"@type":"ReadAction","target":["https:\/\/www.tapasmagazine.es\/en\/este-sera-el-line-up-gastronomico-de-primavera-sound-madrid-2023\/"]}]},{"@type":"ImageObject","inLanguage":"en-US","@id":"https:\/\/www.tapasmagazine.es\/en\/este-sera-el-line-up-gastronomico-de-primavera-sound-madrid-2023\/#primaryimage","url":"https:\/\/www.tapasmagazine.es\/wp-content\/uploads\/2023\/06\/line-up-gastronomico-primavera-sound-madrid-1.jpg","contentUrl":"https:\/\/www.tapasmagazine.es\/wp-content\/uploads\/2023\/06\/line-up-gastronomico-primavera-sound-madrid-1.jpg","width":1200,"height":819},{"@type":"BreadcrumbList","@id":"https:\/\/www.tapasmagazine.es\/en\/este-sera-el-line-up-gastronomico-de-primavera-sound-madrid-2023\/#breadcrumb","itemListElement":[{"@type":"ListItem","position":1,"name":"Portada","item":"https:\/\/www.tapasmagazine.es\/"},{"@type":"ListItem","position":2,"name":"Sin categorizar","item":"https:\/\/www.tapasmagazine.es\/categorias\/sin-categorizar\/"},{"@type":"ListItem","position":3,"name":"Este ser\u00e1 el line-up gastron\u00f3mico de Primavera Sound Madrid 2023"}]},{"@type":"WebSite","@id":"https:\/\/www.tapasmagazine.es\/#website","url":"https:\/\/www.tapasmagazine.es\/","name":"Tapas","description":"\u00d1am \u00d1am Lifestyle. La vida a bocados. Premio Nacional de Gastronom\u00eda 2016.","publisher":{"@id":"https:\/\/www.tapasmagazine.es\/#organization"},"potentialAction":[{"@type":"SearchAction","target":{"@type":"EntryPoint","urlTemplate":"https:\/\/www.tapasmagazine.es\/?s={search_term_string}"},"query-input":{"@type":"PropertyValueSpecification","valueRequired":true,"valueName":"search_term_string"}}],"inLanguage":"en-US"},{"@type":"Organization","@id":"https:\/\/www.tapasmagazine.es\/#organization","name":"Tapas Magazine","url":"https:\/\/www.tapasmagazine.es\/","logo":{"@type":"ImageObject","inLanguage":"en-US","@id":"https:\/\/www.tapasmagazine.es\/#\/schema\/logo\/image\/","url":"https:\/\/www.tapasmagazine.es\/wp-content\/uploads\/2018\/01\/logo.png","contentUrl":"https:\/\/www.tapasmagazine.es\/wp-content\/uploads\/2018\/01\/logo.png","width":180,"height":60,"caption":"Tapas Magazine"},"image":{"@id":"https:\/\/www.tapasmagazine.es\/#\/schema\/logo\/image\/"},"sameAs":["https:\/\/www.facebook.com\/tapasmagazine","https:\/\/x.com\/TapasMagazine","https:\/\/www.instagram.com\/tapasmagazine\/","https:\/\/www.linkedin.com\/company\/tapas-magazine","https:\/\/es.pinterest.com\/tapasmagazine\/","https:\/\/www.youtube.com\/channel\/UCEyxneAaACuR0lfDagrWjjg?sub_confirmation=1"]},{"@type":"Person","@id":"https:\/\/www.tapasmagazine.es\/#\/schema\/person\/eb46cbe76a9c8f062660eb609e3ecb4e","name":"Laura P\u00e9rez","url":"https:\/\/www.tapasmagazine.es\/en\/author\/laura-perez\/"}]}},"_links":{"self":[{"href":"https:\/\/www.tapasmagazine.es\/en\/wp-json\/wp\/v2\/posts\/191567","targetHints":{"allow":["GET"]}}],"collection":[{"href":"https:\/\/www.tapasmagazine.es\/en\/wp-json\/wp\/v2\/posts"}],"about":[{"href":"https:\/\/www.tapasmagazine.es\/en\/wp-json\/wp\/v2\/types\/post"}],"author":[{"embeddable":true,"href":"https:\/\/www.tapasmagazine.es\/en\/wp-json\/wp\/v2\/users\/285"}],"replies":[{"embeddable":true,"href":"https:\/\/www.tapasmagazine.es\/en\/wp-json\/wp\/v2\/comments?post=191567"}],"version-history":[{"count":0,"href":"https:\/\/www.tapasmagazine.es\/en\/wp-json\/wp\/v2\/posts\/191567\/revisions"}],"wp:featuredmedia":[{"embeddable":true,"href":"https:\/\/www.tapasmagazine.es\/en\/wp-json\/wp\/v2\/media\/191517"}],"wp:attachment":[{"href":"https:\/\/www.tapasmagazine.es\/en\/wp-json\/wp\/v2\/media?parent=191567"}],"wp:term":[{"taxonomy":"category","embeddable":true,"href":"https:\/\/www.tapasmagazine.es\/en\/wp-json\/wp\/v2\/categories?post=191567"},{"taxonomy":"post_tag","embeddable":true,"href":"https:\/\/www.tapasmagazine.es\/en\/wp-json\/wp\/v2\/tags?post=191567"}],"curies":[{"name":"wp","href":"https:\/\/api.w.org\/{rel}","templated":true}]}}