{"id":191032,"date":"2023-06-05T17:27:52","date_gmt":"2023-06-05T15:27:52","guid":{"rendered":"https:\/\/www.tapasmagazine.es\/todo-lo-que-debes-saber-sobre-la-primera-edicion-de-tapas-summit-sustainability\/"},"modified":"2023-06-05T17:59:37","modified_gmt":"2023-06-05T15:59:37","slug":"everything-you-need-know-about-the-first-edition-of-tapas-summit-sustainability","status":"publish","type":"post","link":"https:\/\/www.tapasmagazine.es\/en\/everything-you-need-know-about-the-first-edition-of-tapas-summit-sustainability\/","title":{"rendered":"Everything you need to know about the first edition of the Tapas Summit Sustainability"},"content":{"rendered":"\n<p><strong>Click <a href=\"https:\/\/www.tapasmagazine.es\/todo-lo-que-debes-saber-sobre-la-primera-edicion-de-tapas-summit-sustainability\/\" target=\"_blank\" rel=\"noreferrer noopener\">here<\/a> to read the Spanish version.<\/strong><br>The first edition of the Tapas Summit Sustainability will take place in Madrid on June 28, 2023, bringing together the most prominent and influential personalities in the food industry and gastronomy today, undergoing a moment of sustainable upheaval. At the event, speakers will discuss how to work together to reduce the environmental impact of the food industry.<\/p>\n\n\n\n<p><strong>The event, curated by journalist Marta Fern\u00e1ndez Guada\u00f1o, will be chaired by Andr\u00e9s Rodr\u00edguez, president of SpainMedia, and editor and publisher of Forbes and Tapas Magazine, <\/strong>and will be presented by journalist Lara Siscar.<\/p>\n\n\n\n<p>Among the speakers, which we will be revealing over the next few days, will be some of the most awarded chefs both for their creativity in the kitchen and for their <strong>commitment to the environment<\/strong>, as well as various experts in sustainability in the gastronomic industry, institutions, opinion leaders and executives from the business sector.<\/p>\n\n\n\n<p>All of them will share their knowledge and experiences on how they have managed to integrate sustainability in the food sector, the adoption of sustainable technology in the management of restaurants or the evolution towards 100% sustainable packaging and a kitchen that makes the most of it.<\/p>\n\n\n\n<p>There will also be opportunities to network and connect with other professionals who share the same challenges and goals around sustainability throughout the consumer chain.<\/p>\n\n\n\n<p>In the coming days, we will unveil the complete program, as well as the venue for this first Tapas Summit Sustainability. Stay tuned!<\/p>\n","protected":false},"excerpt":{"rendered":"<p>Click here to read the Spanish version.The first edition of the Tapas Summit Sustainability will take place in Madrid on June 28, 2023, bringing together the most prominent and influential personalities in the food industry and gastronomy today, undergoing a moment of sustainable upheaval. At the event, speakers will discuss how to work together to [&hellip;]<\/p>\n","protected":false},"author":249,"featured_media":190907,"comment_status":"open","ping_status":"closed","sticky":false,"template":"single-feature.php","format":"standard","meta":{"_acf_changed":false,"footnotes":""},"categories":[15816],"tags":[],"class_list":["post-191032","post","type-post","status-publish","format-standard","has-post-thumbnail","hentry","category-take-note","cat-15816-id"],"acf":[],"yoast_head":"<!-- This site is optimized with the Yoast SEO plugin v27.4 - https:\/\/yoast.com\/product\/yoast-seo-wordpress\/ -->\n<title>Everything you need to know about the first edition of the Tapas Summit Sustainability - Tapas<\/title>\n<meta name=\"description\" content=\"Click here to read the Spanish version.The first edition of the Tapas Summit Sustainability will take place in Madrid on June 28, 2023, bringing together\" \/>\n<meta name=\"robots\" content=\"index, follow, max-snippet:-1, max-image-preview:large, max-video-preview:-1\" \/>\n<link rel=\"canonical\" href=\"https:\/\/www.tapasmagazine.es\/en\/everything-you-need-know-about-the-first-edition-of-tapas-summit-sustainability\/\" \/>\n<meta property=\"og:locale\" content=\"en_US\" \/>\n<meta property=\"og:type\" content=\"article\" \/>\n<meta property=\"og:title\" content=\"Everything you need to know about the first edition of the Tapas Summit Sustainability - Tapas\" \/>\n<meta property=\"og:description\" content=\"Click here to read the Spanish version.The first edition of the Tapas Summit Sustainability will take place in Madrid on June 28, 2023, bringing together\" \/>\n<meta property=\"og:url\" content=\"https:\/\/www.tapasmagazine.es\/en\/everything-you-need-know-about-the-first-edition-of-tapas-summit-sustainability\/\" \/>\n<meta property=\"og:site_name\" content=\"Tapas\" \/>\n<meta property=\"article:publisher\" content=\"https:\/\/www.facebook.com\/tapasmagazine\" \/>\n<meta property=\"article:published_time\" content=\"2023-06-05T15:27:52+00:00\" \/>\n<meta property=\"article:modified_time\" content=\"2023-06-05T15:59:37+00:00\" \/>\n<meta property=\"og:image\" content=\"https:\/\/www.tapasmagazine.es\/wp-content\/uploads\/2023\/06\/Tapas-Summit-Sustainability.jpg\" \/>\n\t<meta property=\"og:image:width\" content=\"1201\" \/>\n\t<meta property=\"og:image:height\" content=\"676\" \/>\n\t<meta property=\"og:image:type\" content=\"image\/jpeg\" \/>\n<meta name=\"author\" content=\"TAPAS\" \/>\n<meta name=\"twitter:card\" content=\"summary_large_image\" \/>\n<meta name=\"twitter:creator\" content=\"@TapasMagazine\" \/>\n<meta name=\"twitter:site\" content=\"@TapasMagazine\" \/>\n<meta name=\"twitter:label1\" content=\"Written by\" \/>\n\t<meta name=\"twitter:data1\" content=\"TAPAS\" \/>\n\t<meta name=\"twitter:label2\" content=\"Est. reading time\" \/>\n\t<meta name=\"twitter:data2\" content=\"2 minutes\" \/>\n<script type=\"application\/ld+json\" class=\"yoast-schema-graph\">{\"@context\":\"https:\\\/\\\/schema.org\",\"@graph\":[{\"@type\":\"Article\",\"@id\":\"https:\\\/\\\/www.tapasmagazine.es\\\/en\\\/everything-you-need-know-about-the-first-edition-of-tapas-summit-sustainability\\\/#article\",\"isPartOf\":{\"@id\":\"https:\\\/\\\/www.tapasmagazine.es\\\/en\\\/everything-you-need-know-about-the-first-edition-of-tapas-summit-sustainability\\\/\"},\"author\":{\"name\":\"TAPAS\",\"@id\":\"https:\\\/\\\/www.tapasmagazine.es\\\/#\\\/schema\\\/person\\\/906ea2ea4697837608d99f4cc085cea3\"},\"headline\":\"Everything you need to know about the first edition of the Tapas Summit Sustainability\",\"datePublished\":\"2023-06-05T15:27:52+00:00\",\"dateModified\":\"2023-06-05T15:59:37+00:00\",\"mainEntityOfPage\":{\"@id\":\"https:\\\/\\\/www.tapasmagazine.es\\\/en\\\/everything-you-need-know-about-the-first-edition-of-tapas-summit-sustainability\\\/\"},\"wordCount\":263,\"commentCount\":0,\"publisher\":{\"@id\":\"https:\\\/\\\/www.tapasmagazine.es\\\/#organization\"},\"image\":{\"@id\":\"https:\\\/\\\/www.tapasmagazine.es\\\/en\\\/everything-you-need-know-about-the-first-edition-of-tapas-summit-sustainability\\\/#primaryimage\"},\"thumbnailUrl\":\"https:\\\/\\\/www.tapasmagazine.es\\\/wp-content\\\/uploads\\\/2023\\\/06\\\/Tapas-Summit-Sustainability.jpg\",\"articleSection\":[\"Take Note\"],\"inLanguage\":\"en-US\",\"potentialAction\":[{\"@type\":\"CommentAction\",\"name\":\"Comment\",\"target\":[\"https:\\\/\\\/www.tapasmagazine.es\\\/en\\\/everything-you-need-know-about-the-first-edition-of-tapas-summit-sustainability\\\/#respond\"]}]},{\"@type\":\"WebPage\",\"@id\":\"https:\\\/\\\/www.tapasmagazine.es\\\/en\\\/everything-you-need-know-about-the-first-edition-of-tapas-summit-sustainability\\\/\",\"url\":\"https:\\\/\\\/www.tapasmagazine.es\\\/en\\\/everything-you-need-know-about-the-first-edition-of-tapas-summit-sustainability\\\/\",\"name\":\"Everything you need to know about the first edition of the Tapas Summit Sustainability - Tapas\",\"isPartOf\":{\"@id\":\"https:\\\/\\\/www.tapasmagazine.es\\\/#website\"},\"primaryImageOfPage\":{\"@id\":\"https:\\\/\\\/www.tapasmagazine.es\\\/en\\\/everything-you-need-know-about-the-first-edition-of-tapas-summit-sustainability\\\/#primaryimage\"},\"image\":{\"@id\":\"https:\\\/\\\/www.tapasmagazine.es\\\/en\\\/everything-you-need-know-about-the-first-edition-of-tapas-summit-sustainability\\\/#primaryimage\"},\"thumbnailUrl\":\"https:\\\/\\\/www.tapasmagazine.es\\\/wp-content\\\/uploads\\\/2023\\\/06\\\/Tapas-Summit-Sustainability.jpg\",\"datePublished\":\"2023-06-05T15:27:52+00:00\",\"dateModified\":\"2023-06-05T15:59:37+00:00\",\"description\":\"Click here to read the Spanish version.The first edition of the Tapas Summit Sustainability will take place in Madrid on June 28, 2023, bringing together\",\"breadcrumb\":{\"@id\":\"https:\\\/\\\/www.tapasmagazine.es\\\/en\\\/everything-you-need-know-about-the-first-edition-of-tapas-summit-sustainability\\\/#breadcrumb\"},\"inLanguage\":\"en-US\",\"potentialAction\":[{\"@type\":\"ReadAction\",\"target\":[\"https:\\\/\\\/www.tapasmagazine.es\\\/en\\\/everything-you-need-know-about-the-first-edition-of-tapas-summit-sustainability\\\/\"]}]},{\"@type\":\"ImageObject\",\"inLanguage\":\"en-US\",\"@id\":\"https:\\\/\\\/www.tapasmagazine.es\\\/en\\\/everything-you-need-know-about-the-first-edition-of-tapas-summit-sustainability\\\/#primaryimage\",\"url\":\"https:\\\/\\\/www.tapasmagazine.es\\\/wp-content\\\/uploads\\\/2023\\\/06\\\/Tapas-Summit-Sustainability.jpg\",\"contentUrl\":\"https:\\\/\\\/www.tapasmagazine.es\\\/wp-content\\\/uploads\\\/2023\\\/06\\\/Tapas-Summit-Sustainability.jpg\",\"width\":1201,\"height\":676},{\"@type\":\"BreadcrumbList\",\"@id\":\"https:\\\/\\\/www.tapasmagazine.es\\\/en\\\/everything-you-need-know-about-the-first-edition-of-tapas-summit-sustainability\\\/#breadcrumb\",\"itemListElement\":[{\"@type\":\"ListItem\",\"position\":1,\"name\":\"Portada\",\"item\":\"https:\\\/\\\/www.tapasmagazine.es\\\/\"},{\"@type\":\"ListItem\",\"position\":2,\"name\":\"Take Note\",\"item\":\"https:\\\/\\\/www.tapasmagazine.es\\\/en\\\/categorias\\\/take-note\\\/\"},{\"@type\":\"ListItem\",\"position\":3,\"name\":\"Everything you need to know about the first edition of the Tapas Summit Sustainability\"}]},{\"@type\":\"WebSite\",\"@id\":\"https:\\\/\\\/www.tapasmagazine.es\\\/#website\",\"url\":\"https:\\\/\\\/www.tapasmagazine.es\\\/\",\"name\":\"Tapas\",\"description\":\"\u00d1am \u00d1am Lifestyle. La vida a bocados. Premio Nacional de Gastronom\u00eda 2016.\",\"publisher\":{\"@id\":\"https:\\\/\\\/www.tapasmagazine.es\\\/#organization\"},\"potentialAction\":[{\"@type\":\"SearchAction\",\"target\":{\"@type\":\"EntryPoint\",\"urlTemplate\":\"https:\\\/\\\/www.tapasmagazine.es\\\/?s={search_term_string}\"},\"query-input\":{\"@type\":\"PropertyValueSpecification\",\"valueRequired\":true,\"valueName\":\"search_term_string\"}}],\"inLanguage\":\"en-US\"},{\"@type\":\"Organization\",\"@id\":\"https:\\\/\\\/www.tapasmagazine.es\\\/#organization\",\"name\":\"Tapas Magazine\",\"url\":\"https:\\\/\\\/www.tapasmagazine.es\\\/\",\"logo\":{\"@type\":\"ImageObject\",\"inLanguage\":\"en-US\",\"@id\":\"https:\\\/\\\/www.tapasmagazine.es\\\/#\\\/schema\\\/logo\\\/image\\\/\",\"url\":\"https:\\\/\\\/www.tapasmagazine.es\\\/wp-content\\\/uploads\\\/2018\\\/01\\\/logo.png\",\"contentUrl\":\"https:\\\/\\\/www.tapasmagazine.es\\\/wp-content\\\/uploads\\\/2018\\\/01\\\/logo.png\",\"width\":180,\"height\":60,\"caption\":\"Tapas Magazine\"},\"image\":{\"@id\":\"https:\\\/\\\/www.tapasmagazine.es\\\/#\\\/schema\\\/logo\\\/image\\\/\"},\"sameAs\":[\"https:\\\/\\\/www.facebook.com\\\/tapasmagazine\",\"https:\\\/\\\/x.com\\\/TapasMagazine\",\"https:\\\/\\\/www.instagram.com\\\/tapasmagazine\\\/\",\"https:\\\/\\\/www.linkedin.com\\\/company\\\/tapas-magazine\",\"https:\\\/\\\/es.pinterest.com\\\/tapasmagazine\\\/\",\"https:\\\/\\\/www.youtube.com\\\/channel\\\/UCEyxneAaACuR0lfDagrWjjg?sub_confirmation=1\"]},{\"@type\":\"Person\",\"@id\":\"https:\\\/\\\/www.tapasmagazine.es\\\/#\\\/schema\\\/person\\\/906ea2ea4697837608d99f4cc085cea3\",\"name\":\"TAPAS\",\"url\":\"https:\\\/\\\/www.tapasmagazine.es\\\/en\\\/author\\\/tapas\\\/\"}]}<\/script>\n<!-- \/ Yoast SEO plugin. -->","yoast_head_json":{"title":"Everything you need to know about the first edition of the Tapas Summit Sustainability - Tapas","description":"Click here to read the Spanish version.The first edition of the Tapas Summit Sustainability will take place in Madrid on June 28, 2023, bringing together","robots":{"index":"index","follow":"follow","max-snippet":"max-snippet:-1","max-image-preview":"max-image-preview:large","max-video-preview":"max-video-preview:-1"},"canonical":"https:\/\/www.tapasmagazine.es\/en\/everything-you-need-know-about-the-first-edition-of-tapas-summit-sustainability\/","og_locale":"en_US","og_type":"article","og_title":"Everything you need to know about the first edition of the Tapas Summit Sustainability - Tapas","og_description":"Click here to read the Spanish version.The first edition of the Tapas Summit Sustainability will take place in Madrid on June 28, 2023, bringing together","og_url":"https:\/\/www.tapasmagazine.es\/en\/everything-you-need-know-about-the-first-edition-of-tapas-summit-sustainability\/","og_site_name":"Tapas","article_publisher":"https:\/\/www.facebook.com\/tapasmagazine","article_published_time":"2023-06-05T15:27:52+00:00","article_modified_time":"2023-06-05T15:59:37+00:00","og_image":[{"width":1201,"height":676,"url":"https:\/\/www.tapasmagazine.es\/wp-content\/uploads\/2023\/06\/Tapas-Summit-Sustainability.jpg","type":"image\/jpeg"}],"author":"TAPAS","twitter_card":"summary_large_image","twitter_creator":"@TapasMagazine","twitter_site":"@TapasMagazine","twitter_misc":{"Written by":"TAPAS","Est. reading time":"2 minutes"},"schema":{"@context":"https:\/\/schema.org","@graph":[{"@type":"Article","@id":"https:\/\/www.tapasmagazine.es\/en\/everything-you-need-know-about-the-first-edition-of-tapas-summit-sustainability\/#article","isPartOf":{"@id":"https:\/\/www.tapasmagazine.es\/en\/everything-you-need-know-about-the-first-edition-of-tapas-summit-sustainability\/"},"author":{"name":"TAPAS","@id":"https:\/\/www.tapasmagazine.es\/#\/schema\/person\/906ea2ea4697837608d99f4cc085cea3"},"headline":"Everything you need to know about the first edition of the Tapas Summit Sustainability","datePublished":"2023-06-05T15:27:52+00:00","dateModified":"2023-06-05T15:59:37+00:00","mainEntityOfPage":{"@id":"https:\/\/www.tapasmagazine.es\/en\/everything-you-need-know-about-the-first-edition-of-tapas-summit-sustainability\/"},"wordCount":263,"commentCount":0,"publisher":{"@id":"https:\/\/www.tapasmagazine.es\/#organization"},"image":{"@id":"https:\/\/www.tapasmagazine.es\/en\/everything-you-need-know-about-the-first-edition-of-tapas-summit-sustainability\/#primaryimage"},"thumbnailUrl":"https:\/\/www.tapasmagazine.es\/wp-content\/uploads\/2023\/06\/Tapas-Summit-Sustainability.jpg","articleSection":["Take Note"],"inLanguage":"en-US","potentialAction":[{"@type":"CommentAction","name":"Comment","target":["https:\/\/www.tapasmagazine.es\/en\/everything-you-need-know-about-the-first-edition-of-tapas-summit-sustainability\/#respond"]}]},{"@type":"WebPage","@id":"https:\/\/www.tapasmagazine.es\/en\/everything-you-need-know-about-the-first-edition-of-tapas-summit-sustainability\/","url":"https:\/\/www.tapasmagazine.es\/en\/everything-you-need-know-about-the-first-edition-of-tapas-summit-sustainability\/","name":"Everything you need to know about the first edition of the Tapas Summit Sustainability - Tapas","isPartOf":{"@id":"https:\/\/www.tapasmagazine.es\/#website"},"primaryImageOfPage":{"@id":"https:\/\/www.tapasmagazine.es\/en\/everything-you-need-know-about-the-first-edition-of-tapas-summit-sustainability\/#primaryimage"},"image":{"@id":"https:\/\/www.tapasmagazine.es\/en\/everything-you-need-know-about-the-first-edition-of-tapas-summit-sustainability\/#primaryimage"},"thumbnailUrl":"https:\/\/www.tapasmagazine.es\/wp-content\/uploads\/2023\/06\/Tapas-Summit-Sustainability.jpg","datePublished":"2023-06-05T15:27:52+00:00","dateModified":"2023-06-05T15:59:37+00:00","description":"Click here to read the Spanish version.The first edition of the Tapas Summit Sustainability will take place in Madrid on June 28, 2023, bringing together","breadcrumb":{"@id":"https:\/\/www.tapasmagazine.es\/en\/everything-you-need-know-about-the-first-edition-of-tapas-summit-sustainability\/#breadcrumb"},"inLanguage":"en-US","potentialAction":[{"@type":"ReadAction","target":["https:\/\/www.tapasmagazine.es\/en\/everything-you-need-know-about-the-first-edition-of-tapas-summit-sustainability\/"]}]},{"@type":"ImageObject","inLanguage":"en-US","@id":"https:\/\/www.tapasmagazine.es\/en\/everything-you-need-know-about-the-first-edition-of-tapas-summit-sustainability\/#primaryimage","url":"https:\/\/www.tapasmagazine.es\/wp-content\/uploads\/2023\/06\/Tapas-Summit-Sustainability.jpg","contentUrl":"https:\/\/www.tapasmagazine.es\/wp-content\/uploads\/2023\/06\/Tapas-Summit-Sustainability.jpg","width":1201,"height":676},{"@type":"BreadcrumbList","@id":"https:\/\/www.tapasmagazine.es\/en\/everything-you-need-know-about-the-first-edition-of-tapas-summit-sustainability\/#breadcrumb","itemListElement":[{"@type":"ListItem","position":1,"name":"Portada","item":"https:\/\/www.tapasmagazine.es\/"},{"@type":"ListItem","position":2,"name":"Take Note","item":"https:\/\/www.tapasmagazine.es\/en\/categorias\/take-note\/"},{"@type":"ListItem","position":3,"name":"Everything you need to know about the first edition of the Tapas Summit Sustainability"}]},{"@type":"WebSite","@id":"https:\/\/www.tapasmagazine.es\/#website","url":"https:\/\/www.tapasmagazine.es\/","name":"Tapas","description":"\u00d1am \u00d1am Lifestyle. La vida a bocados. Premio Nacional de Gastronom\u00eda 2016.","publisher":{"@id":"https:\/\/www.tapasmagazine.es\/#organization"},"potentialAction":[{"@type":"SearchAction","target":{"@type":"EntryPoint","urlTemplate":"https:\/\/www.tapasmagazine.es\/?s={search_term_string}"},"query-input":{"@type":"PropertyValueSpecification","valueRequired":true,"valueName":"search_term_string"}}],"inLanguage":"en-US"},{"@type":"Organization","@id":"https:\/\/www.tapasmagazine.es\/#organization","name":"Tapas Magazine","url":"https:\/\/www.tapasmagazine.es\/","logo":{"@type":"ImageObject","inLanguage":"en-US","@id":"https:\/\/www.tapasmagazine.es\/#\/schema\/logo\/image\/","url":"https:\/\/www.tapasmagazine.es\/wp-content\/uploads\/2018\/01\/logo.png","contentUrl":"https:\/\/www.tapasmagazine.es\/wp-content\/uploads\/2018\/01\/logo.png","width":180,"height":60,"caption":"Tapas Magazine"},"image":{"@id":"https:\/\/www.tapasmagazine.es\/#\/schema\/logo\/image\/"},"sameAs":["https:\/\/www.facebook.com\/tapasmagazine","https:\/\/x.com\/TapasMagazine","https:\/\/www.instagram.com\/tapasmagazine\/","https:\/\/www.linkedin.com\/company\/tapas-magazine","https:\/\/es.pinterest.com\/tapasmagazine\/","https:\/\/www.youtube.com\/channel\/UCEyxneAaACuR0lfDagrWjjg?sub_confirmation=1"]},{"@type":"Person","@id":"https:\/\/www.tapasmagazine.es\/#\/schema\/person\/906ea2ea4697837608d99f4cc085cea3","name":"TAPAS","url":"https:\/\/www.tapasmagazine.es\/en\/author\/tapas\/"}]}},"_links":{"self":[{"href":"https:\/\/www.tapasmagazine.es\/en\/wp-json\/wp\/v2\/posts\/191032","targetHints":{"allow":["GET"]}}],"collection":[{"href":"https:\/\/www.tapasmagazine.es\/en\/wp-json\/wp\/v2\/posts"}],"about":[{"href":"https:\/\/www.tapasmagazine.es\/en\/wp-json\/wp\/v2\/types\/post"}],"author":[{"embeddable":true,"href":"https:\/\/www.tapasmagazine.es\/en\/wp-json\/wp\/v2\/users\/249"}],"replies":[{"embeddable":true,"href":"https:\/\/www.tapasmagazine.es\/en\/wp-json\/wp\/v2\/comments?post=191032"}],"version-history":[{"count":3,"href":"https:\/\/www.tapasmagazine.es\/en\/wp-json\/wp\/v2\/posts\/191032\/revisions"}],"predecessor-version":[{"id":191037,"href":"https:\/\/www.tapasmagazine.es\/en\/wp-json\/wp\/v2\/posts\/191032\/revisions\/191037"}],"wp:featuredmedia":[{"embeddable":true,"href":"https:\/\/www.tapasmagazine.es\/en\/wp-json\/wp\/v2\/media\/190907"}],"wp:attachment":[{"href":"https:\/\/www.tapasmagazine.es\/en\/wp-json\/wp\/v2\/media?parent=191032"}],"wp:term":[{"taxonomy":"category","embeddable":true,"href":"https:\/\/www.tapasmagazine.es\/en\/wp-json\/wp\/v2\/categories?post=191032"},{"taxonomy":"post_tag","embeddable":true,"href":"https:\/\/www.tapasmagazine.es\/en\/wp-json\/wp\/v2\/tags?post=191032"}],"curies":[{"name":"wp","href":"https:\/\/api.w.org\/{rel}","templated":true}]}}