{"id":189728,"date":"2023-05-29T18:16:26","date_gmt":"2023-05-29T16:16:26","guid":{"rendered":"https:\/\/www.tapasmagazine.es\/bejo-y-son-estrella-galicia-fusionaran-musica-cerveza-arte-y-gastronomia-en-la-casa-encendida\/"},"modified":"2023-05-30T08:59:18","modified_gmt":"2023-05-30T06:59:18","slug":"bejo-and-son-estrella-galicia-will-fuse-music-beer-beer-art-and-gastronomy-in-the-lit-house","status":"publish","type":"post","link":"https:\/\/www.tapasmagazine.es\/en\/bejo-and-son-estrella-galicia-will-fuse-music-beer-beer-art-and-gastronomy-in-the-lit-house\/","title":{"rendered":"Bejo and SON Estrella Galicia will fuse music, art and gastronomy in La Casa Encendida"},"content":{"rendered":"\n<p><strong>Click <a href=\"https:\/\/www.tapasmagazine.es\/bejo-y-son-estrella-galicia-fusionaran-musica-cerveza-arte-y-gastronomia-en-la-casa-encendida\/\" target=\"_blank\" rel=\"noreferrer noopener\">here<\/a> to read the Spanish version.<\/strong><br><strong>SON Estrella Galicia <\/strong>transcends its own DNA to offer the public experiences they have never had before. Thus, the beer music project is now teaming up with the Canarian artist<strong> Bejo to present a multidisciplinary day in which music will merge with urban art, BMX, gastronomy, beer culture and positive impact. <\/strong>A unique event that will take place next<strong> Wednesday May 31 from 19:00 at La Casa Encendida in Madrid.<\/strong><\/p>\n\n\n\n<figure class=\"wp-block-image size-large\"><a href=\"https:\/\/www.tapasmagazine.es\/wp-content\/uploads\/2023\/05\/bejo-son-estrella-galicia-arte-gastronomia-la-casa-encendida-2.png\"><img decoding=\"async\" width=\"1024\" height=\"741\" src=\"https:\/\/www.tapasmagazine.es\/wp-content\/uploads\/2023\/05\/bejo-son-estrella-galicia-arte-gastronomia-la-casa-encendida-2-1024x741.png\" alt=\"\" class=\"wp-image-189715\" srcset=\"https:\/\/www.tapasmagazine.es\/wp-content\/uploads\/2023\/05\/bejo-son-estrella-galicia-arte-gastronomia-la-casa-encendida-2-1024x741.png 1024w, https:\/\/www.tapasmagazine.es\/wp-content\/uploads\/2023\/05\/bejo-son-estrella-galicia-arte-gastronomia-la-casa-encendida-2-300x217.png 300w, https:\/\/www.tapasmagazine.es\/wp-content\/uploads\/2023\/05\/bejo-son-estrella-galicia-arte-gastronomia-la-casa-encendida-2-768x556.png 768w, https:\/\/www.tapasmagazine.es\/wp-content\/uploads\/2023\/05\/bejo-son-estrella-galicia-arte-gastronomia-la-casa-encendida-2-1536x1111.png 1536w, https:\/\/www.tapasmagazine.es\/wp-content\/uploads\/2023\/05\/bejo-son-estrella-galicia-arte-gastronomia-la-casa-encendida-2-1000x723.png 1000w, https:\/\/www.tapasmagazine.es\/wp-content\/uploads\/2023\/05\/bejo-son-estrella-galicia-arte-gastronomia-la-casa-encendida-2-400x289.png 400w, https:\/\/www.tapasmagazine.es\/wp-content\/uploads\/2023\/05\/bejo-son-estrella-galicia-arte-gastronomia-la-casa-encendida-2.png 1952w\" sizes=\"(max-width: 1024px) 100vw, 1024px\" \/><\/a><\/figure>\n\n\n\n<h2 class=\"wp-block-heading\">BEJO X SON ESTRELLA GALICIA<\/h2>\n\n\n\n<p>There, the Canarian artist will take the stage to star in an exclusive show that only the 200 lucky ones who get their tickets will be able to enjoy. During the concert, Bejo&#8217;s love for fashion and art will be shown through the exhibition of a <strong>limited edition of T-shirts<\/strong> designed by himself that will reflect his particular creative universe. In addition, the terrace of La Casa Encendida will witness the raffle of a restored skateboard that the rapper will paint for the occasion.<\/p>\n\n\n\n<p>To participate, it will be necessary to bring a board in poor condition that will later be reused to create other objects as part of SON Estrella Galicia&#8217;s commitment to circularity and positive impact.<\/p>\n\n\n<div class=\"wp-block-image\">\n<figure class=\"aligncenter size-large\"><a href=\"https:\/\/www.tapasmagazine.es\/wp-content\/uploads\/2023\/05\/bejo-son-estrella-galicia-arte-gastronomia-la-casa-encendida-3.jpg\"><img decoding=\"async\" width=\"683\" height=\"1024\" src=\"https:\/\/www.tapasmagazine.es\/wp-content\/uploads\/2023\/05\/bejo-son-estrella-galicia-arte-gastronomia-la-casa-encendida-3-683x1024.jpg\" alt=\"\" class=\"wp-image-189717\" srcset=\"https:\/\/www.tapasmagazine.es\/wp-content\/uploads\/2023\/05\/bejo-son-estrella-galicia-arte-gastronomia-la-casa-encendida-3-683x1024.jpg 683w, https:\/\/www.tapasmagazine.es\/wp-content\/uploads\/2023\/05\/bejo-son-estrella-galicia-arte-gastronomia-la-casa-encendida-3-200x300.jpg 200w, https:\/\/www.tapasmagazine.es\/wp-content\/uploads\/2023\/05\/bejo-son-estrella-galicia-arte-gastronomia-la-casa-encendida-3-768x1152.jpg 768w, https:\/\/www.tapasmagazine.es\/wp-content\/uploads\/2023\/05\/bejo-son-estrella-galicia-arte-gastronomia-la-casa-encendida-3-1024x1536.jpg 1024w, https:\/\/www.tapasmagazine.es\/wp-content\/uploads\/2023\/05\/bejo-son-estrella-galicia-arte-gastronomia-la-casa-encendida-3-1366x2048.jpg 1366w, https:\/\/www.tapasmagazine.es\/wp-content\/uploads\/2023\/05\/bejo-son-estrella-galicia-arte-gastronomia-la-casa-encendida-3-1000x1500.jpg 1000w, https:\/\/www.tapasmagazine.es\/wp-content\/uploads\/2023\/05\/bejo-son-estrella-galicia-arte-gastronomia-la-casa-encendida-3-400x600.jpg 400w, https:\/\/www.tapasmagazine.es\/wp-content\/uploads\/2023\/05\/bejo-son-estrella-galicia-arte-gastronomia-la-casa-encendida-3.jpg 1667w\" sizes=\"(max-width: 683px) 100vw, 683px\" \/><\/a><\/figure>\n<\/div>\n\n\n<p>In the same space, will take place the gastronomic and beer proposal prior to the concert through a casual format paired with the best beer. After dinner and the concert, the rhythm will continue to vibrate the audience with his inseparable DJ Pimp, the four-time winner of the DMC Spain, in a show that will mix music with a BMX exhibition in which Bejo himself will participate.<\/p>\n\n\n\n<p>If you don&#8217;t have it yet, get your ticket <a href=\"https:\/\/sonestrellagalicia.masgalicia.net\/entradas\/es\/musica-bejo-en-madrid\" target=\"_blank\" rel=\"noreferrer noopener\">here<\/a>.<\/p>\n","protected":false},"excerpt":{"rendered":"<p>Click here to read the Spanish version.SON Estrella Galicia transcends its own DNA to offer the public experiences they have never had before. Thus, the beer music project is now teaming up with the Canarian artist Bejo to present a multidisciplinary day in which music will merge with urban art, BMX, gastronomy, beer culture and [&hellip;]<\/p>\n","protected":false},"author":285,"featured_media":189714,"comment_status":"open","ping_status":"closed","sticky":false,"template":"single-feature.php","format":"standard","meta":{"_acf_changed":false,"footnotes":""},"categories":[17938,15839,15802,15797,1],"tags":[17459,15824],"class_list":["post-189728","post","type-post","status-publish","format-standard","has-post-thumbnail","hentry","category-arte-en","category-cultura-en","category-news","category-planes-en","category-sin-categorizar","tag-arte-en","tag-gastronomia-en","cat-17938-id","cat-15839-id","cat-15802-id","cat-15797-id","cat-1-id"],"acf":[],"yoast_head":"<!-- This site is optimized with the Yoast SEO plugin v27.4 - https:\/\/yoast.com\/product\/yoast-seo-wordpress\/ -->\n<title>Bejo and SON Estrella Galicia will fuse music, art and gastronomy in La Casa Encendida - Tapas<\/title>\n<meta name=\"description\" content=\"Estrella Galicia&#039;s musical current will continue to resonate on the national scene with this new beer experience: Bejo x SON Estrella Galicia\" \/>\n<meta name=\"robots\" content=\"index, follow, max-snippet:-1, max-image-preview:large, max-video-preview:-1\" \/>\n<link rel=\"canonical\" href=\"https:\/\/www.tapasmagazine.es\/en\/bejo-and-son-estrella-galicia-will-fuse-music-beer-beer-art-and-gastronomy-in-the-lit-house\/\" \/>\n<meta property=\"og:locale\" content=\"en_US\" \/>\n<meta property=\"og:type\" content=\"article\" \/>\n<meta property=\"og:title\" content=\"Bejo and SON Estrella Galicia will fuse music, art and gastronomy in La Casa Encendida - Tapas\" \/>\n<meta property=\"og:description\" content=\"Estrella Galicia&#039;s musical current will continue to resonate on the national scene with this new beer experience: Bejo x SON Estrella Galicia\" \/>\n<meta property=\"og:url\" content=\"https:\/\/www.tapasmagazine.es\/en\/bejo-and-son-estrella-galicia-will-fuse-music-beer-beer-art-and-gastronomy-in-the-lit-house\/\" \/>\n<meta property=\"og:site_name\" content=\"Tapas\" \/>\n<meta property=\"article:publisher\" content=\"https:\/\/www.facebook.com\/tapasmagazine\" \/>\n<meta property=\"article:published_time\" content=\"2023-05-29T16:16:26+00:00\" \/>\n<meta property=\"article:modified_time\" content=\"2023-05-30T06:59:18+00:00\" \/>\n<meta property=\"og:image\" content=\"https:\/\/www.tapasmagazine.es\/wp-content\/uploads\/2023\/05\/bejo-son-estrella-galicia-arte-gastronomia-la-casa-encendida-1.jpg\" \/>\n\t<meta property=\"og:image:width\" content=\"1200\" \/>\n\t<meta property=\"og:image:height\" content=\"675\" \/>\n\t<meta property=\"og:image:type\" content=\"image\/jpeg\" \/>\n<meta name=\"author\" content=\"Laura P\u00e9rez\" \/>\n<meta name=\"twitter:card\" content=\"summary_large_image\" \/>\n<meta name=\"twitter:creator\" content=\"@TapasMagazine\" \/>\n<meta name=\"twitter:site\" content=\"@TapasMagazine\" \/>\n<meta name=\"twitter:label1\" content=\"Written by\" \/>\n\t<meta name=\"twitter:data1\" content=\"Laura P\u00e9rez\" \/>\n\t<meta name=\"twitter:label2\" content=\"Est. reading time\" \/>\n\t<meta name=\"twitter:data2\" content=\"2 minutes\" \/>\n<script type=\"application\/ld+json\" class=\"yoast-schema-graph\">{\"@context\":\"https:\\\/\\\/schema.org\",\"@graph\":[{\"@type\":\"Article\",\"@id\":\"https:\\\/\\\/www.tapasmagazine.es\\\/en\\\/bejo-and-son-estrella-galicia-will-fuse-music-beer-beer-art-and-gastronomy-in-the-lit-house\\\/#article\",\"isPartOf\":{\"@id\":\"https:\\\/\\\/www.tapasmagazine.es\\\/en\\\/bejo-and-son-estrella-galicia-will-fuse-music-beer-beer-art-and-gastronomy-in-the-lit-house\\\/\"},\"author\":{\"name\":\"Laura P\u00e9rez\",\"@id\":\"https:\\\/\\\/www.tapasmagazine.es\\\/#\\\/schema\\\/person\\\/eb46cbe76a9c8f062660eb609e3ecb4e\"},\"headline\":\"Bejo and SON Estrella Galicia will fuse music, art and gastronomy in La Casa Encendida\",\"datePublished\":\"2023-05-29T16:16:26+00:00\",\"dateModified\":\"2023-05-30T06:59:18+00:00\",\"mainEntityOfPage\":{\"@id\":\"https:\\\/\\\/www.tapasmagazine.es\\\/en\\\/bejo-and-son-estrella-galicia-will-fuse-music-beer-beer-art-and-gastronomy-in-the-lit-house\\\/\"},\"wordCount\":292,\"commentCount\":0,\"publisher\":{\"@id\":\"https:\\\/\\\/www.tapasmagazine.es\\\/#organization\"},\"image\":{\"@id\":\"https:\\\/\\\/www.tapasmagazine.es\\\/en\\\/bejo-and-son-estrella-galicia-will-fuse-music-beer-beer-art-and-gastronomy-in-the-lit-house\\\/#primaryimage\"},\"thumbnailUrl\":\"https:\\\/\\\/www.tapasmagazine.es\\\/wp-content\\\/uploads\\\/2023\\\/05\\\/bejo-son-estrella-galicia-arte-gastronomia-la-casa-encendida-1.jpg\",\"keywords\":[\"arte\",\"gastronom\u00eda\"],\"articleSection\":[\"Arte\",\"Cultura\",\"News\",\"Planes\",\"Sin categorizar\"],\"inLanguage\":\"en-US\",\"potentialAction\":[{\"@type\":\"CommentAction\",\"name\":\"Comment\",\"target\":[\"https:\\\/\\\/www.tapasmagazine.es\\\/en\\\/bejo-and-son-estrella-galicia-will-fuse-music-beer-beer-art-and-gastronomy-in-the-lit-house\\\/#respond\"]}]},{\"@type\":\"WebPage\",\"@id\":\"https:\\\/\\\/www.tapasmagazine.es\\\/en\\\/bejo-and-son-estrella-galicia-will-fuse-music-beer-beer-art-and-gastronomy-in-the-lit-house\\\/\",\"url\":\"https:\\\/\\\/www.tapasmagazine.es\\\/en\\\/bejo-and-son-estrella-galicia-will-fuse-music-beer-beer-art-and-gastronomy-in-the-lit-house\\\/\",\"name\":\"Bejo and SON Estrella Galicia will fuse music, art and gastronomy in La Casa Encendida - Tapas\",\"isPartOf\":{\"@id\":\"https:\\\/\\\/www.tapasmagazine.es\\\/#website\"},\"primaryImageOfPage\":{\"@id\":\"https:\\\/\\\/www.tapasmagazine.es\\\/en\\\/bejo-and-son-estrella-galicia-will-fuse-music-beer-beer-art-and-gastronomy-in-the-lit-house\\\/#primaryimage\"},\"image\":{\"@id\":\"https:\\\/\\\/www.tapasmagazine.es\\\/en\\\/bejo-and-son-estrella-galicia-will-fuse-music-beer-beer-art-and-gastronomy-in-the-lit-house\\\/#primaryimage\"},\"thumbnailUrl\":\"https:\\\/\\\/www.tapasmagazine.es\\\/wp-content\\\/uploads\\\/2023\\\/05\\\/bejo-son-estrella-galicia-arte-gastronomia-la-casa-encendida-1.jpg\",\"datePublished\":\"2023-05-29T16:16:26+00:00\",\"dateModified\":\"2023-05-30T06:59:18+00:00\",\"description\":\"Estrella Galicia's musical current will continue to resonate on the national scene with this new beer experience: Bejo x SON Estrella Galicia\",\"breadcrumb\":{\"@id\":\"https:\\\/\\\/www.tapasmagazine.es\\\/en\\\/bejo-and-son-estrella-galicia-will-fuse-music-beer-beer-art-and-gastronomy-in-the-lit-house\\\/#breadcrumb\"},\"inLanguage\":\"en-US\",\"potentialAction\":[{\"@type\":\"ReadAction\",\"target\":[\"https:\\\/\\\/www.tapasmagazine.es\\\/en\\\/bejo-and-son-estrella-galicia-will-fuse-music-beer-beer-art-and-gastronomy-in-the-lit-house\\\/\"]}]},{\"@type\":\"ImageObject\",\"inLanguage\":\"en-US\",\"@id\":\"https:\\\/\\\/www.tapasmagazine.es\\\/en\\\/bejo-and-son-estrella-galicia-will-fuse-music-beer-beer-art-and-gastronomy-in-the-lit-house\\\/#primaryimage\",\"url\":\"https:\\\/\\\/www.tapasmagazine.es\\\/wp-content\\\/uploads\\\/2023\\\/05\\\/bejo-son-estrella-galicia-arte-gastronomia-la-casa-encendida-1.jpg\",\"contentUrl\":\"https:\\\/\\\/www.tapasmagazine.es\\\/wp-content\\\/uploads\\\/2023\\\/05\\\/bejo-son-estrella-galicia-arte-gastronomia-la-casa-encendida-1.jpg\",\"width\":1200,\"height\":675},{\"@type\":\"BreadcrumbList\",\"@id\":\"https:\\\/\\\/www.tapasmagazine.es\\\/en\\\/bejo-and-son-estrella-galicia-will-fuse-music-beer-beer-art-and-gastronomy-in-the-lit-house\\\/#breadcrumb\",\"itemListElement\":[{\"@type\":\"ListItem\",\"position\":1,\"name\":\"Portada\",\"item\":\"https:\\\/\\\/www.tapasmagazine.es\\\/\"},{\"@type\":\"ListItem\",\"position\":2,\"name\":\"News\",\"item\":\"https:\\\/\\\/www.tapasmagazine.es\\\/en\\\/categorias\\\/news\\\/\"},{\"@type\":\"ListItem\",\"position\":3,\"name\":\"Bejo and SON Estrella Galicia will fuse music, art and gastronomy in La Casa Encendida\"}]},{\"@type\":\"WebSite\",\"@id\":\"https:\\\/\\\/www.tapasmagazine.es\\\/#website\",\"url\":\"https:\\\/\\\/www.tapasmagazine.es\\\/\",\"name\":\"Tapas\",\"description\":\"\u00d1am \u00d1am Lifestyle. La vida a bocados. Premio Nacional de Gastronom\u00eda 2016.\",\"publisher\":{\"@id\":\"https:\\\/\\\/www.tapasmagazine.es\\\/#organization\"},\"potentialAction\":[{\"@type\":\"SearchAction\",\"target\":{\"@type\":\"EntryPoint\",\"urlTemplate\":\"https:\\\/\\\/www.tapasmagazine.es\\\/?s={search_term_string}\"},\"query-input\":{\"@type\":\"PropertyValueSpecification\",\"valueRequired\":true,\"valueName\":\"search_term_string\"}}],\"inLanguage\":\"en-US\"},{\"@type\":\"Organization\",\"@id\":\"https:\\\/\\\/www.tapasmagazine.es\\\/#organization\",\"name\":\"Tapas Magazine\",\"url\":\"https:\\\/\\\/www.tapasmagazine.es\\\/\",\"logo\":{\"@type\":\"ImageObject\",\"inLanguage\":\"en-US\",\"@id\":\"https:\\\/\\\/www.tapasmagazine.es\\\/#\\\/schema\\\/logo\\\/image\\\/\",\"url\":\"https:\\\/\\\/www.tapasmagazine.es\\\/wp-content\\\/uploads\\\/2018\\\/01\\\/logo.png\",\"contentUrl\":\"https:\\\/\\\/www.tapasmagazine.es\\\/wp-content\\\/uploads\\\/2018\\\/01\\\/logo.png\",\"width\":180,\"height\":60,\"caption\":\"Tapas Magazine\"},\"image\":{\"@id\":\"https:\\\/\\\/www.tapasmagazine.es\\\/#\\\/schema\\\/logo\\\/image\\\/\"},\"sameAs\":[\"https:\\\/\\\/www.facebook.com\\\/tapasmagazine\",\"https:\\\/\\\/x.com\\\/TapasMagazine\",\"https:\\\/\\\/www.instagram.com\\\/tapasmagazine\\\/\",\"https:\\\/\\\/www.linkedin.com\\\/company\\\/tapas-magazine\",\"https:\\\/\\\/es.pinterest.com\\\/tapasmagazine\\\/\",\"https:\\\/\\\/www.youtube.com\\\/channel\\\/UCEyxneAaACuR0lfDagrWjjg?sub_confirmation=1\"]},{\"@type\":\"Person\",\"@id\":\"https:\\\/\\\/www.tapasmagazine.es\\\/#\\\/schema\\\/person\\\/eb46cbe76a9c8f062660eb609e3ecb4e\",\"name\":\"Laura P\u00e9rez\",\"url\":\"https:\\\/\\\/www.tapasmagazine.es\\\/en\\\/author\\\/laura-perez\\\/\"}]}<\/script>\n<!-- \/ Yoast SEO plugin. -->","yoast_head_json":{"title":"Bejo and SON Estrella Galicia will fuse music, art and gastronomy in La Casa Encendida - Tapas","description":"Estrella Galicia's musical current will continue to resonate on the national scene with this new beer experience: Bejo x SON Estrella Galicia","robots":{"index":"index","follow":"follow","max-snippet":"max-snippet:-1","max-image-preview":"max-image-preview:large","max-video-preview":"max-video-preview:-1"},"canonical":"https:\/\/www.tapasmagazine.es\/en\/bejo-and-son-estrella-galicia-will-fuse-music-beer-beer-art-and-gastronomy-in-the-lit-house\/","og_locale":"en_US","og_type":"article","og_title":"Bejo and SON Estrella Galicia will fuse music, art and gastronomy in La Casa Encendida - Tapas","og_description":"Estrella Galicia's musical current will continue to resonate on the national scene with this new beer experience: Bejo x SON Estrella Galicia","og_url":"https:\/\/www.tapasmagazine.es\/en\/bejo-and-son-estrella-galicia-will-fuse-music-beer-beer-art-and-gastronomy-in-the-lit-house\/","og_site_name":"Tapas","article_publisher":"https:\/\/www.facebook.com\/tapasmagazine","article_published_time":"2023-05-29T16:16:26+00:00","article_modified_time":"2023-05-30T06:59:18+00:00","og_image":[{"width":1200,"height":675,"url":"https:\/\/www.tapasmagazine.es\/wp-content\/uploads\/2023\/05\/bejo-son-estrella-galicia-arte-gastronomia-la-casa-encendida-1.jpg","type":"image\/jpeg"}],"author":"Laura P\u00e9rez","twitter_card":"summary_large_image","twitter_creator":"@TapasMagazine","twitter_site":"@TapasMagazine","twitter_misc":{"Written by":"Laura P\u00e9rez","Est. reading time":"2 minutes"},"schema":{"@context":"https:\/\/schema.org","@graph":[{"@type":"Article","@id":"https:\/\/www.tapasmagazine.es\/en\/bejo-and-son-estrella-galicia-will-fuse-music-beer-beer-art-and-gastronomy-in-the-lit-house\/#article","isPartOf":{"@id":"https:\/\/www.tapasmagazine.es\/en\/bejo-and-son-estrella-galicia-will-fuse-music-beer-beer-art-and-gastronomy-in-the-lit-house\/"},"author":{"name":"Laura P\u00e9rez","@id":"https:\/\/www.tapasmagazine.es\/#\/schema\/person\/eb46cbe76a9c8f062660eb609e3ecb4e"},"headline":"Bejo and SON Estrella Galicia will fuse music, art and gastronomy in La Casa Encendida","datePublished":"2023-05-29T16:16:26+00:00","dateModified":"2023-05-30T06:59:18+00:00","mainEntityOfPage":{"@id":"https:\/\/www.tapasmagazine.es\/en\/bejo-and-son-estrella-galicia-will-fuse-music-beer-beer-art-and-gastronomy-in-the-lit-house\/"},"wordCount":292,"commentCount":0,"publisher":{"@id":"https:\/\/www.tapasmagazine.es\/#organization"},"image":{"@id":"https:\/\/www.tapasmagazine.es\/en\/bejo-and-son-estrella-galicia-will-fuse-music-beer-beer-art-and-gastronomy-in-the-lit-house\/#primaryimage"},"thumbnailUrl":"https:\/\/www.tapasmagazine.es\/wp-content\/uploads\/2023\/05\/bejo-son-estrella-galicia-arte-gastronomia-la-casa-encendida-1.jpg","keywords":["arte","gastronom\u00eda"],"articleSection":["Arte","Cultura","News","Planes","Sin categorizar"],"inLanguage":"en-US","potentialAction":[{"@type":"CommentAction","name":"Comment","target":["https:\/\/www.tapasmagazine.es\/en\/bejo-and-son-estrella-galicia-will-fuse-music-beer-beer-art-and-gastronomy-in-the-lit-house\/#respond"]}]},{"@type":"WebPage","@id":"https:\/\/www.tapasmagazine.es\/en\/bejo-and-son-estrella-galicia-will-fuse-music-beer-beer-art-and-gastronomy-in-the-lit-house\/","url":"https:\/\/www.tapasmagazine.es\/en\/bejo-and-son-estrella-galicia-will-fuse-music-beer-beer-art-and-gastronomy-in-the-lit-house\/","name":"Bejo and SON Estrella Galicia will fuse music, art and gastronomy in La Casa Encendida - Tapas","isPartOf":{"@id":"https:\/\/www.tapasmagazine.es\/#website"},"primaryImageOfPage":{"@id":"https:\/\/www.tapasmagazine.es\/en\/bejo-and-son-estrella-galicia-will-fuse-music-beer-beer-art-and-gastronomy-in-the-lit-house\/#primaryimage"},"image":{"@id":"https:\/\/www.tapasmagazine.es\/en\/bejo-and-son-estrella-galicia-will-fuse-music-beer-beer-art-and-gastronomy-in-the-lit-house\/#primaryimage"},"thumbnailUrl":"https:\/\/www.tapasmagazine.es\/wp-content\/uploads\/2023\/05\/bejo-son-estrella-galicia-arte-gastronomia-la-casa-encendida-1.jpg","datePublished":"2023-05-29T16:16:26+00:00","dateModified":"2023-05-30T06:59:18+00:00","description":"Estrella Galicia's musical current will continue to resonate on the national scene with this new beer experience: Bejo x SON Estrella Galicia","breadcrumb":{"@id":"https:\/\/www.tapasmagazine.es\/en\/bejo-and-son-estrella-galicia-will-fuse-music-beer-beer-art-and-gastronomy-in-the-lit-house\/#breadcrumb"},"inLanguage":"en-US","potentialAction":[{"@type":"ReadAction","target":["https:\/\/www.tapasmagazine.es\/en\/bejo-and-son-estrella-galicia-will-fuse-music-beer-beer-art-and-gastronomy-in-the-lit-house\/"]}]},{"@type":"ImageObject","inLanguage":"en-US","@id":"https:\/\/www.tapasmagazine.es\/en\/bejo-and-son-estrella-galicia-will-fuse-music-beer-beer-art-and-gastronomy-in-the-lit-house\/#primaryimage","url":"https:\/\/www.tapasmagazine.es\/wp-content\/uploads\/2023\/05\/bejo-son-estrella-galicia-arte-gastronomia-la-casa-encendida-1.jpg","contentUrl":"https:\/\/www.tapasmagazine.es\/wp-content\/uploads\/2023\/05\/bejo-son-estrella-galicia-arte-gastronomia-la-casa-encendida-1.jpg","width":1200,"height":675},{"@type":"BreadcrumbList","@id":"https:\/\/www.tapasmagazine.es\/en\/bejo-and-son-estrella-galicia-will-fuse-music-beer-beer-art-and-gastronomy-in-the-lit-house\/#breadcrumb","itemListElement":[{"@type":"ListItem","position":1,"name":"Portada","item":"https:\/\/www.tapasmagazine.es\/"},{"@type":"ListItem","position":2,"name":"News","item":"https:\/\/www.tapasmagazine.es\/en\/categorias\/news\/"},{"@type":"ListItem","position":3,"name":"Bejo and SON Estrella Galicia will fuse music, art and gastronomy in La Casa Encendida"}]},{"@type":"WebSite","@id":"https:\/\/www.tapasmagazine.es\/#website","url":"https:\/\/www.tapasmagazine.es\/","name":"Tapas","description":"\u00d1am \u00d1am Lifestyle. La vida a bocados. Premio Nacional de Gastronom\u00eda 2016.","publisher":{"@id":"https:\/\/www.tapasmagazine.es\/#organization"},"potentialAction":[{"@type":"SearchAction","target":{"@type":"EntryPoint","urlTemplate":"https:\/\/www.tapasmagazine.es\/?s={search_term_string}"},"query-input":{"@type":"PropertyValueSpecification","valueRequired":true,"valueName":"search_term_string"}}],"inLanguage":"en-US"},{"@type":"Organization","@id":"https:\/\/www.tapasmagazine.es\/#organization","name":"Tapas Magazine","url":"https:\/\/www.tapasmagazine.es\/","logo":{"@type":"ImageObject","inLanguage":"en-US","@id":"https:\/\/www.tapasmagazine.es\/#\/schema\/logo\/image\/","url":"https:\/\/www.tapasmagazine.es\/wp-content\/uploads\/2018\/01\/logo.png","contentUrl":"https:\/\/www.tapasmagazine.es\/wp-content\/uploads\/2018\/01\/logo.png","width":180,"height":60,"caption":"Tapas Magazine"},"image":{"@id":"https:\/\/www.tapasmagazine.es\/#\/schema\/logo\/image\/"},"sameAs":["https:\/\/www.facebook.com\/tapasmagazine","https:\/\/x.com\/TapasMagazine","https:\/\/www.instagram.com\/tapasmagazine\/","https:\/\/www.linkedin.com\/company\/tapas-magazine","https:\/\/es.pinterest.com\/tapasmagazine\/","https:\/\/www.youtube.com\/channel\/UCEyxneAaACuR0lfDagrWjjg?sub_confirmation=1"]},{"@type":"Person","@id":"https:\/\/www.tapasmagazine.es\/#\/schema\/person\/eb46cbe76a9c8f062660eb609e3ecb4e","name":"Laura P\u00e9rez","url":"https:\/\/www.tapasmagazine.es\/en\/author\/laura-perez\/"}]}},"_links":{"self":[{"href":"https:\/\/www.tapasmagazine.es\/en\/wp-json\/wp\/v2\/posts\/189728","targetHints":{"allow":["GET"]}}],"collection":[{"href":"https:\/\/www.tapasmagazine.es\/en\/wp-json\/wp\/v2\/posts"}],"about":[{"href":"https:\/\/www.tapasmagazine.es\/en\/wp-json\/wp\/v2\/types\/post"}],"author":[{"embeddable":true,"href":"https:\/\/www.tapasmagazine.es\/en\/wp-json\/wp\/v2\/users\/285"}],"replies":[{"embeddable":true,"href":"https:\/\/www.tapasmagazine.es\/en\/wp-json\/wp\/v2\/comments?post=189728"}],"version-history":[{"count":3,"href":"https:\/\/www.tapasmagazine.es\/en\/wp-json\/wp\/v2\/posts\/189728\/revisions"}],"predecessor-version":[{"id":189732,"href":"https:\/\/www.tapasmagazine.es\/en\/wp-json\/wp\/v2\/posts\/189728\/revisions\/189732"}],"wp:featuredmedia":[{"embeddable":true,"href":"https:\/\/www.tapasmagazine.es\/en\/wp-json\/wp\/v2\/media\/189714"}],"wp:attachment":[{"href":"https:\/\/www.tapasmagazine.es\/en\/wp-json\/wp\/v2\/media?parent=189728"}],"wp:term":[{"taxonomy":"category","embeddable":true,"href":"https:\/\/www.tapasmagazine.es\/en\/wp-json\/wp\/v2\/categories?post=189728"},{"taxonomy":"post_tag","embeddable":true,"href":"https:\/\/www.tapasmagazine.es\/en\/wp-json\/wp\/v2\/tags?post=189728"}],"curies":[{"name":"wp","href":"https:\/\/api.w.org\/{rel}","templated":true}]}}