{"id":189576,"date":"2023-05-29T12:29:34","date_gmt":"2023-05-29T10:29:34","guid":{"rendered":"https:\/\/www.tapasmagazine.es\/van-leeuwen-x-keith-haring-un-helado-con-sabor-a-pop-art\/"},"modified":"2023-05-29T12:42:58","modified_gmt":"2023-05-29T10:42:58","slug":"van-leeuwen-x-keith-haring-an-ice-cream-with-a-pop-art-flavor","status":"publish","type":"post","link":"https:\/\/www.tapasmagazine.es\/en\/van-leeuwen-x-keith-haring-an-ice-cream-with-a-pop-art-flavor\/","title":{"rendered":"Van Leeuwen x Keith Haring: an ice cream with pop art flavor"},"content":{"rendered":"\n<p><strong>Click <a href=\"https:\/\/www.tapasmagazine.es\/van-leeuwen-x-keith-haring-un-helado-con-sabor-a-pop-art\/\" target=\"_blank\" rel=\"noreferrer noopener\">here<\/a> to read the Spanish version.<\/strong><br>This new collaboration dilutes gastronomy and art in a new exotic ice cream with Passion Fruit Berry Pop flavor to inaugurate the summer, and pay homage to the iconic work of artist Keith Haring.<\/p>\n\n\n\n<p>In a combination of purple, yellow and red tones, this handmade blue raspberry and passion fruit ice cream with strawberry jam is displayed in a container with the representative illustrations of Haring&#8217;s &#8220;dancing men&#8221;. A work inspired by the artist and the pop spirit and street culture of New York in the 1980s.<\/p>\n\n\n<div class=\"wp-block-image\">\n<figure class=\"aligncenter size-full\"><a href=\"https:\/\/www.tapasmagazine.es\/wp-content\/uploads\/2023\/05\/vanleuween-keith-haring-icecream-2.webp\"><img decoding=\"async\" width=\"488\" height=\"732\" src=\"https:\/\/www.tapasmagazine.es\/wp-content\/uploads\/2023\/05\/vanleuween-keith-haring-icecream-2.webp\" alt=\"\" class=\"wp-image-189548\" srcset=\"https:\/\/www.tapasmagazine.es\/wp-content\/uploads\/2023\/05\/vanleuween-keith-haring-icecream-2.webp 488w, https:\/\/www.tapasmagazine.es\/wp-content\/uploads\/2023\/05\/vanleuween-keith-haring-icecream-2-200x300.webp 200w, https:\/\/www.tapasmagazine.es\/wp-content\/uploads\/2023\/05\/vanleuween-keith-haring-icecream-2-400x600.webp 400w\" sizes=\"(max-width: 488px) 100vw, 488px\" \/><\/a><\/figure>\n<\/div>\n\n\n<p>&#8220;We&#8217;re big fans of Keith Haring and this is the first flavor we&#8217;ve created inspired by the art,&#8221; Ben Van Leeuwen, CEO and co-founder of Van Leeuwen, said of the creative union. &#8220;It was great to design an ice cream flavor around Haring&#8217;s artwork and imagine what it would look and taste like.&#8221;<\/p>\n\n\n\n<h2 class=\"wp-block-heading\">VAN LEEUWEN X KAITH HARING<\/h2>\n\n\n\n<p>Van Leeuwen will launch this exclusive new flavor on June 1 in order to honor Pride Month, along with limited edition products that will be available through Monday, August 31 both online and in Van Leeuwen&#8217;s physical stores.<\/p>\n\n\n\n<p>In addition, a large portion of the proceeds from the ice cream sales will be donated to The Center, a resource center for New York&#8217;s LGBTQ+ community, residents and visitors, which offers health, wellness and community connection programs.<\/p>\n","protected":false},"excerpt":{"rendered":"<p>Click here to read the Spanish version.This new collaboration dilutes gastronomy and art in a new exotic ice cream with Passion Fruit Berry Pop flavor to inaugurate the summer, and pay homage to the iconic work of artist Keith Haring. In a combination of purple, yellow and red tones, this handmade blue raspberry and passion [&hellip;]<\/p>\n","protected":false},"author":285,"featured_media":189552,"comment_status":"open","ping_status":"closed","sticky":false,"template":"single-feature.php","format":"standard","meta":{"_acf_changed":false,"footnotes":""},"categories":[15802,1],"tags":[15829],"class_list":["post-189576","post","type-post","status-publish","format-standard","has-post-thumbnail","hentry","category-news","category-sin-categorizar","tag-helados-en","cat-15802-id","cat-1-id"],"acf":[],"yoast_head":"<!-- This site is optimized with the Yoast SEO plugin v27.5 - https:\/\/yoast.com\/product\/yoast-seo-wordpress\/ -->\n<title>Van Leeuwen x Keith Haring: an ice cream with pop art flavor - Tapas<\/title>\n<meta name=\"description\" content=\"Click here to read the Spanish version.This new collaboration dilutes gastronomy and art in a new exotic ice cream with Passion Fruit Berry Pop flavor to\" \/>\n<meta name=\"robots\" content=\"index, follow, max-snippet:-1, max-image-preview:large, max-video-preview:-1\" \/>\n<link rel=\"canonical\" href=\"https:\/\/www.tapasmagazine.es\/en\/van-leeuwen-x-keith-haring-an-ice-cream-with-a-pop-art-flavor\/\" \/>\n<meta property=\"og:locale\" content=\"en_US\" \/>\n<meta property=\"og:type\" content=\"article\" \/>\n<meta property=\"og:title\" content=\"Van Leeuwen x Keith Haring: an ice cream with pop art flavor - Tapas\" \/>\n<meta property=\"og:description\" content=\"Click here to read the Spanish version.This new collaboration dilutes gastronomy and art in a new exotic ice cream with Passion Fruit Berry Pop flavor to\" \/>\n<meta property=\"og:url\" content=\"https:\/\/www.tapasmagazine.es\/en\/van-leeuwen-x-keith-haring-an-ice-cream-with-a-pop-art-flavor\/\" \/>\n<meta property=\"og:site_name\" content=\"Tapas\" \/>\n<meta property=\"article:publisher\" content=\"https:\/\/www.facebook.com\/tapasmagazine\" \/>\n<meta property=\"article:published_time\" content=\"2023-05-29T10:29:34+00:00\" \/>\n<meta property=\"article:modified_time\" content=\"2023-05-29T10:42:58+00:00\" \/>\n<meta property=\"og:image\" content=\"https:\/\/www.tapasmagazine.es\/wp-content\/uploads\/2023\/05\/vanleuween-keith-haring-icecream-1.jpg\" \/>\n\t<meta property=\"og:image:width\" content=\"1200\" \/>\n\t<meta property=\"og:image:height\" content=\"675\" \/>\n\t<meta property=\"og:image:type\" content=\"image\/jpeg\" \/>\n<meta name=\"author\" content=\"Laura P\u00e9rez\" \/>\n<meta name=\"twitter:card\" content=\"summary_large_image\" \/>\n<meta name=\"twitter:creator\" content=\"@TapasMagazine\" \/>\n<meta name=\"twitter:site\" content=\"@TapasMagazine\" \/>\n<meta name=\"twitter:label1\" content=\"Written by\" \/>\n\t<meta name=\"twitter:data1\" content=\"Laura P\u00e9rez\" \/>\n\t<meta name=\"twitter:label2\" content=\"Est. reading time\" \/>\n\t<meta name=\"twitter:data2\" content=\"2 minutes\" \/>\n<script type=\"application\/ld+json\" class=\"yoast-schema-graph\">{\"@context\":\"https:\\\/\\\/schema.org\",\"@graph\":[{\"@type\":\"Article\",\"@id\":\"https:\\\/\\\/www.tapasmagazine.es\\\/en\\\/van-leeuwen-x-keith-haring-an-ice-cream-with-a-pop-art-flavor\\\/#article\",\"isPartOf\":{\"@id\":\"https:\\\/\\\/www.tapasmagazine.es\\\/en\\\/van-leeuwen-x-keith-haring-an-ice-cream-with-a-pop-art-flavor\\\/\"},\"author\":{\"name\":\"Laura P\u00e9rez\",\"@id\":\"https:\\\/\\\/www.tapasmagazine.es\\\/#\\\/schema\\\/person\\\/eb46cbe76a9c8f062660eb609e3ecb4e\"},\"headline\":\"Van Leeuwen x Keith Haring: an ice cream with pop art flavor\",\"datePublished\":\"2023-05-29T10:29:34+00:00\",\"dateModified\":\"2023-05-29T10:42:58+00:00\",\"mainEntityOfPage\":{\"@id\":\"https:\\\/\\\/www.tapasmagazine.es\\\/en\\\/van-leeuwen-x-keith-haring-an-ice-cream-with-a-pop-art-flavor\\\/\"},\"wordCount\":244,\"commentCount\":0,\"publisher\":{\"@id\":\"https:\\\/\\\/www.tapasmagazine.es\\\/#organization\"},\"image\":{\"@id\":\"https:\\\/\\\/www.tapasmagazine.es\\\/en\\\/van-leeuwen-x-keith-haring-an-ice-cream-with-a-pop-art-flavor\\\/#primaryimage\"},\"thumbnailUrl\":\"https:\\\/\\\/www.tapasmagazine.es\\\/wp-content\\\/uploads\\\/2023\\\/05\\\/vanleuween-keith-haring-icecream-1.jpg\",\"keywords\":[\"helados\"],\"articleSection\":[\"News\",\"Sin categorizar\"],\"inLanguage\":\"en-US\",\"potentialAction\":[{\"@type\":\"CommentAction\",\"name\":\"Comment\",\"target\":[\"https:\\\/\\\/www.tapasmagazine.es\\\/en\\\/van-leeuwen-x-keith-haring-an-ice-cream-with-a-pop-art-flavor\\\/#respond\"]}]},{\"@type\":\"WebPage\",\"@id\":\"https:\\\/\\\/www.tapasmagazine.es\\\/en\\\/van-leeuwen-x-keith-haring-an-ice-cream-with-a-pop-art-flavor\\\/\",\"url\":\"https:\\\/\\\/www.tapasmagazine.es\\\/en\\\/van-leeuwen-x-keith-haring-an-ice-cream-with-a-pop-art-flavor\\\/\",\"name\":\"Van Leeuwen x Keith Haring: an ice cream with pop art flavor - Tapas\",\"isPartOf\":{\"@id\":\"https:\\\/\\\/www.tapasmagazine.es\\\/#website\"},\"primaryImageOfPage\":{\"@id\":\"https:\\\/\\\/www.tapasmagazine.es\\\/en\\\/van-leeuwen-x-keith-haring-an-ice-cream-with-a-pop-art-flavor\\\/#primaryimage\"},\"image\":{\"@id\":\"https:\\\/\\\/www.tapasmagazine.es\\\/en\\\/van-leeuwen-x-keith-haring-an-ice-cream-with-a-pop-art-flavor\\\/#primaryimage\"},\"thumbnailUrl\":\"https:\\\/\\\/www.tapasmagazine.es\\\/wp-content\\\/uploads\\\/2023\\\/05\\\/vanleuween-keith-haring-icecream-1.jpg\",\"datePublished\":\"2023-05-29T10:29:34+00:00\",\"dateModified\":\"2023-05-29T10:42:58+00:00\",\"description\":\"Click here to read the Spanish version.This new collaboration dilutes gastronomy and art in a new exotic ice cream with Passion Fruit Berry Pop flavor to\",\"breadcrumb\":{\"@id\":\"https:\\\/\\\/www.tapasmagazine.es\\\/en\\\/van-leeuwen-x-keith-haring-an-ice-cream-with-a-pop-art-flavor\\\/#breadcrumb\"},\"inLanguage\":\"en-US\",\"potentialAction\":[{\"@type\":\"ReadAction\",\"target\":[\"https:\\\/\\\/www.tapasmagazine.es\\\/en\\\/van-leeuwen-x-keith-haring-an-ice-cream-with-a-pop-art-flavor\\\/\"]}]},{\"@type\":\"ImageObject\",\"inLanguage\":\"en-US\",\"@id\":\"https:\\\/\\\/www.tapasmagazine.es\\\/en\\\/van-leeuwen-x-keith-haring-an-ice-cream-with-a-pop-art-flavor\\\/#primaryimage\",\"url\":\"https:\\\/\\\/www.tapasmagazine.es\\\/wp-content\\\/uploads\\\/2023\\\/05\\\/vanleuween-keith-haring-icecream-1.jpg\",\"contentUrl\":\"https:\\\/\\\/www.tapasmagazine.es\\\/wp-content\\\/uploads\\\/2023\\\/05\\\/vanleuween-keith-haring-icecream-1.jpg\",\"width\":1200,\"height\":675},{\"@type\":\"BreadcrumbList\",\"@id\":\"https:\\\/\\\/www.tapasmagazine.es\\\/en\\\/van-leeuwen-x-keith-haring-an-ice-cream-with-a-pop-art-flavor\\\/#breadcrumb\",\"itemListElement\":[{\"@type\":\"ListItem\",\"position\":1,\"name\":\"Portada\",\"item\":\"https:\\\/\\\/www.tapasmagazine.es\\\/\"},{\"@type\":\"ListItem\",\"position\":2,\"name\":\"News\",\"item\":\"https:\\\/\\\/www.tapasmagazine.es\\\/en\\\/categorias\\\/news\\\/\"},{\"@type\":\"ListItem\",\"position\":3,\"name\":\"Van Leeuwen x Keith Haring: an ice cream with pop art flavor\"}]},{\"@type\":\"WebSite\",\"@id\":\"https:\\\/\\\/www.tapasmagazine.es\\\/#website\",\"url\":\"https:\\\/\\\/www.tapasmagazine.es\\\/\",\"name\":\"Tapas\",\"description\":\"\u00d1am \u00d1am Lifestyle. La vida a bocados. Premio Nacional de Gastronom\u00eda 2016.\",\"publisher\":{\"@id\":\"https:\\\/\\\/www.tapasmagazine.es\\\/#organization\"},\"potentialAction\":[{\"@type\":\"SearchAction\",\"target\":{\"@type\":\"EntryPoint\",\"urlTemplate\":\"https:\\\/\\\/www.tapasmagazine.es\\\/?s={search_term_string}\"},\"query-input\":{\"@type\":\"PropertyValueSpecification\",\"valueRequired\":true,\"valueName\":\"search_term_string\"}}],\"inLanguage\":\"en-US\"},{\"@type\":\"Organization\",\"@id\":\"https:\\\/\\\/www.tapasmagazine.es\\\/#organization\",\"name\":\"Tapas Magazine\",\"url\":\"https:\\\/\\\/www.tapasmagazine.es\\\/\",\"logo\":{\"@type\":\"ImageObject\",\"inLanguage\":\"en-US\",\"@id\":\"https:\\\/\\\/www.tapasmagazine.es\\\/#\\\/schema\\\/logo\\\/image\\\/\",\"url\":\"https:\\\/\\\/www.tapasmagazine.es\\\/wp-content\\\/uploads\\\/2018\\\/01\\\/logo.png\",\"contentUrl\":\"https:\\\/\\\/www.tapasmagazine.es\\\/wp-content\\\/uploads\\\/2018\\\/01\\\/logo.png\",\"width\":180,\"height\":60,\"caption\":\"Tapas Magazine\"},\"image\":{\"@id\":\"https:\\\/\\\/www.tapasmagazine.es\\\/#\\\/schema\\\/logo\\\/image\\\/\"},\"sameAs\":[\"https:\\\/\\\/www.facebook.com\\\/tapasmagazine\",\"https:\\\/\\\/x.com\\\/TapasMagazine\",\"https:\\\/\\\/www.instagram.com\\\/tapasmagazine\\\/\",\"https:\\\/\\\/www.linkedin.com\\\/company\\\/tapas-magazine\",\"https:\\\/\\\/es.pinterest.com\\\/tapasmagazine\\\/\",\"https:\\\/\\\/www.youtube.com\\\/channel\\\/UCEyxneAaACuR0lfDagrWjjg?sub_confirmation=1\"]},{\"@type\":\"Person\",\"@id\":\"https:\\\/\\\/www.tapasmagazine.es\\\/#\\\/schema\\\/person\\\/eb46cbe76a9c8f062660eb609e3ecb4e\",\"name\":\"Laura P\u00e9rez\",\"url\":\"https:\\\/\\\/www.tapasmagazine.es\\\/en\\\/author\\\/laura-perez\\\/\"}]}<\/script>\n<!-- \/ Yoast SEO plugin. -->","yoast_head_json":{"title":"Van Leeuwen x Keith Haring: an ice cream with pop art flavor - Tapas","description":"Click here to read the Spanish version.This new collaboration dilutes gastronomy and art in a new exotic ice cream with Passion Fruit Berry Pop flavor to","robots":{"index":"index","follow":"follow","max-snippet":"max-snippet:-1","max-image-preview":"max-image-preview:large","max-video-preview":"max-video-preview:-1"},"canonical":"https:\/\/www.tapasmagazine.es\/en\/van-leeuwen-x-keith-haring-an-ice-cream-with-a-pop-art-flavor\/","og_locale":"en_US","og_type":"article","og_title":"Van Leeuwen x Keith Haring: an ice cream with pop art flavor - Tapas","og_description":"Click here to read the Spanish version.This new collaboration dilutes gastronomy and art in a new exotic ice cream with Passion Fruit Berry Pop flavor to","og_url":"https:\/\/www.tapasmagazine.es\/en\/van-leeuwen-x-keith-haring-an-ice-cream-with-a-pop-art-flavor\/","og_site_name":"Tapas","article_publisher":"https:\/\/www.facebook.com\/tapasmagazine","article_published_time":"2023-05-29T10:29:34+00:00","article_modified_time":"2023-05-29T10:42:58+00:00","og_image":[{"width":1200,"height":675,"url":"https:\/\/www.tapasmagazine.es\/wp-content\/uploads\/2023\/05\/vanleuween-keith-haring-icecream-1.jpg","type":"image\/jpeg"}],"author":"Laura P\u00e9rez","twitter_card":"summary_large_image","twitter_creator":"@TapasMagazine","twitter_site":"@TapasMagazine","twitter_misc":{"Written by":"Laura P\u00e9rez","Est. reading time":"2 minutes"},"schema":{"@context":"https:\/\/schema.org","@graph":[{"@type":"Article","@id":"https:\/\/www.tapasmagazine.es\/en\/van-leeuwen-x-keith-haring-an-ice-cream-with-a-pop-art-flavor\/#article","isPartOf":{"@id":"https:\/\/www.tapasmagazine.es\/en\/van-leeuwen-x-keith-haring-an-ice-cream-with-a-pop-art-flavor\/"},"author":{"name":"Laura P\u00e9rez","@id":"https:\/\/www.tapasmagazine.es\/#\/schema\/person\/eb46cbe76a9c8f062660eb609e3ecb4e"},"headline":"Van Leeuwen x Keith Haring: an ice cream with pop art flavor","datePublished":"2023-05-29T10:29:34+00:00","dateModified":"2023-05-29T10:42:58+00:00","mainEntityOfPage":{"@id":"https:\/\/www.tapasmagazine.es\/en\/van-leeuwen-x-keith-haring-an-ice-cream-with-a-pop-art-flavor\/"},"wordCount":244,"commentCount":0,"publisher":{"@id":"https:\/\/www.tapasmagazine.es\/#organization"},"image":{"@id":"https:\/\/www.tapasmagazine.es\/en\/van-leeuwen-x-keith-haring-an-ice-cream-with-a-pop-art-flavor\/#primaryimage"},"thumbnailUrl":"https:\/\/www.tapasmagazine.es\/wp-content\/uploads\/2023\/05\/vanleuween-keith-haring-icecream-1.jpg","keywords":["helados"],"articleSection":["News","Sin categorizar"],"inLanguage":"en-US","potentialAction":[{"@type":"CommentAction","name":"Comment","target":["https:\/\/www.tapasmagazine.es\/en\/van-leeuwen-x-keith-haring-an-ice-cream-with-a-pop-art-flavor\/#respond"]}]},{"@type":"WebPage","@id":"https:\/\/www.tapasmagazine.es\/en\/van-leeuwen-x-keith-haring-an-ice-cream-with-a-pop-art-flavor\/","url":"https:\/\/www.tapasmagazine.es\/en\/van-leeuwen-x-keith-haring-an-ice-cream-with-a-pop-art-flavor\/","name":"Van Leeuwen x Keith Haring: an ice cream with pop art flavor - Tapas","isPartOf":{"@id":"https:\/\/www.tapasmagazine.es\/#website"},"primaryImageOfPage":{"@id":"https:\/\/www.tapasmagazine.es\/en\/van-leeuwen-x-keith-haring-an-ice-cream-with-a-pop-art-flavor\/#primaryimage"},"image":{"@id":"https:\/\/www.tapasmagazine.es\/en\/van-leeuwen-x-keith-haring-an-ice-cream-with-a-pop-art-flavor\/#primaryimage"},"thumbnailUrl":"https:\/\/www.tapasmagazine.es\/wp-content\/uploads\/2023\/05\/vanleuween-keith-haring-icecream-1.jpg","datePublished":"2023-05-29T10:29:34+00:00","dateModified":"2023-05-29T10:42:58+00:00","description":"Click here to read the Spanish version.This new collaboration dilutes gastronomy and art in a new exotic ice cream with Passion Fruit Berry Pop flavor to","breadcrumb":{"@id":"https:\/\/www.tapasmagazine.es\/en\/van-leeuwen-x-keith-haring-an-ice-cream-with-a-pop-art-flavor\/#breadcrumb"},"inLanguage":"en-US","potentialAction":[{"@type":"ReadAction","target":["https:\/\/www.tapasmagazine.es\/en\/van-leeuwen-x-keith-haring-an-ice-cream-with-a-pop-art-flavor\/"]}]},{"@type":"ImageObject","inLanguage":"en-US","@id":"https:\/\/www.tapasmagazine.es\/en\/van-leeuwen-x-keith-haring-an-ice-cream-with-a-pop-art-flavor\/#primaryimage","url":"https:\/\/www.tapasmagazine.es\/wp-content\/uploads\/2023\/05\/vanleuween-keith-haring-icecream-1.jpg","contentUrl":"https:\/\/www.tapasmagazine.es\/wp-content\/uploads\/2023\/05\/vanleuween-keith-haring-icecream-1.jpg","width":1200,"height":675},{"@type":"BreadcrumbList","@id":"https:\/\/www.tapasmagazine.es\/en\/van-leeuwen-x-keith-haring-an-ice-cream-with-a-pop-art-flavor\/#breadcrumb","itemListElement":[{"@type":"ListItem","position":1,"name":"Portada","item":"https:\/\/www.tapasmagazine.es\/"},{"@type":"ListItem","position":2,"name":"News","item":"https:\/\/www.tapasmagazine.es\/en\/categorias\/news\/"},{"@type":"ListItem","position":3,"name":"Van Leeuwen x Keith Haring: an ice cream with pop art flavor"}]},{"@type":"WebSite","@id":"https:\/\/www.tapasmagazine.es\/#website","url":"https:\/\/www.tapasmagazine.es\/","name":"Tapas","description":"\u00d1am \u00d1am Lifestyle. La vida a bocados. Premio Nacional de Gastronom\u00eda 2016.","publisher":{"@id":"https:\/\/www.tapasmagazine.es\/#organization"},"potentialAction":[{"@type":"SearchAction","target":{"@type":"EntryPoint","urlTemplate":"https:\/\/www.tapasmagazine.es\/?s={search_term_string}"},"query-input":{"@type":"PropertyValueSpecification","valueRequired":true,"valueName":"search_term_string"}}],"inLanguage":"en-US"},{"@type":"Organization","@id":"https:\/\/www.tapasmagazine.es\/#organization","name":"Tapas Magazine","url":"https:\/\/www.tapasmagazine.es\/","logo":{"@type":"ImageObject","inLanguage":"en-US","@id":"https:\/\/www.tapasmagazine.es\/#\/schema\/logo\/image\/","url":"https:\/\/www.tapasmagazine.es\/wp-content\/uploads\/2018\/01\/logo.png","contentUrl":"https:\/\/www.tapasmagazine.es\/wp-content\/uploads\/2018\/01\/logo.png","width":180,"height":60,"caption":"Tapas Magazine"},"image":{"@id":"https:\/\/www.tapasmagazine.es\/#\/schema\/logo\/image\/"},"sameAs":["https:\/\/www.facebook.com\/tapasmagazine","https:\/\/x.com\/TapasMagazine","https:\/\/www.instagram.com\/tapasmagazine\/","https:\/\/www.linkedin.com\/company\/tapas-magazine","https:\/\/es.pinterest.com\/tapasmagazine\/","https:\/\/www.youtube.com\/channel\/UCEyxneAaACuR0lfDagrWjjg?sub_confirmation=1"]},{"@type":"Person","@id":"https:\/\/www.tapasmagazine.es\/#\/schema\/person\/eb46cbe76a9c8f062660eb609e3ecb4e","name":"Laura P\u00e9rez","url":"https:\/\/www.tapasmagazine.es\/en\/author\/laura-perez\/"}]}},"_links":{"self":[{"href":"https:\/\/www.tapasmagazine.es\/en\/wp-json\/wp\/v2\/posts\/189576","targetHints":{"allow":["GET"]}}],"collection":[{"href":"https:\/\/www.tapasmagazine.es\/en\/wp-json\/wp\/v2\/posts"}],"about":[{"href":"https:\/\/www.tapasmagazine.es\/en\/wp-json\/wp\/v2\/types\/post"}],"author":[{"embeddable":true,"href":"https:\/\/www.tapasmagazine.es\/en\/wp-json\/wp\/v2\/users\/285"}],"replies":[{"embeddable":true,"href":"https:\/\/www.tapasmagazine.es\/en\/wp-json\/wp\/v2\/comments?post=189576"}],"version-history":[{"count":3,"href":"https:\/\/www.tapasmagazine.es\/en\/wp-json\/wp\/v2\/posts\/189576\/revisions"}],"predecessor-version":[{"id":189584,"href":"https:\/\/www.tapasmagazine.es\/en\/wp-json\/wp\/v2\/posts\/189576\/revisions\/189584"}],"wp:featuredmedia":[{"embeddable":true,"href":"https:\/\/www.tapasmagazine.es\/en\/wp-json\/wp\/v2\/media\/189552"}],"wp:attachment":[{"href":"https:\/\/www.tapasmagazine.es\/en\/wp-json\/wp\/v2\/media?parent=189576"}],"wp:term":[{"taxonomy":"category","embeddable":true,"href":"https:\/\/www.tapasmagazine.es\/en\/wp-json\/wp\/v2\/categories?post=189576"},{"taxonomy":"post_tag","embeddable":true,"href":"https:\/\/www.tapasmagazine.es\/en\/wp-json\/wp\/v2\/tags?post=189576"}],"curies":[{"name":"wp","href":"https:\/\/api.w.org\/{rel}","templated":true}]}}