{"id":187543,"date":"2023-05-19T19:07:32","date_gmt":"2023-05-19T17:07:32","guid":{"rendered":"https:\/\/www.tapasmagazine.es\/?p=187543"},"modified":"2023-05-19T19:15:32","modified_gmt":"2023-05-19T17:15:32","slug":"juan-valdez-plans-to-open-more-than-one-hundred-coffee-shops-in-spain-in-the-next-five-years","status":"publish","type":"post","link":"https:\/\/www.tapasmagazine.es\/en\/juan-valdez-plans-to-open-more-than-one-hundred-coffee-shops-in-spain-in-the-next-five-years\/","title":{"rendered":"Juan Valdez plans to open more than one hundred coffee shops in Spain in the next five years"},"content":{"rendered":"\n<p><a href=\"https:\/\/www.facebook.com\/sharer\/sharer.php?u=https%3A%2F%2Fp.dw.com%2Fp%2F4B9j9%3Fmaca%3Des-Facebook-sharing\"><\/a><\/p>\n\n\n\n<p><strong>Click <a href=\"https:\/\/www.tapasmagazine.es\/juan-valdez-planea-abrir-mas-de-cien-cafeterias-en-espana-en-los-proximos-cinco-anos\/\">here<\/a> to read in english.<\/strong><\/p>\n\n\n\n<p>The Juan Valdez coffee shop, which opened its first establishment in 2002 to market Colombian coffee, plans to expand its market in Spain and seeks to open more than a hundred coffee shops in the country (under franchise) in the next five years.<\/p>\n\n\n\n<p>In this way, the Colombian group, well established in Latin America and the United States, and which has inaugurated this week a new point of sale in Torre Caleido, in Paseo de la Castellana (Madrid), joins the list of international chains that have made Spain their gateway to Europe.<\/p>\n\n\n\n<p>The Colombian company, which currently has several stores in the Spanish market, all in the Community of Madrid, says, in statements reported by Expansi\u00f3n, that &#8220;the time has come to expand to the entire peninsula. 2023 and 2024 will be years of growth and learning to step on the accelerator of openings from 2025&#8221;.<\/p>\n\n\n\n<p>Raul Armengol, CEO of La Hermosita, a Spanish group of pastry shops and coffee shops, has been appointed general manager of Juan Valdez Spain, and will be in charge of leading store openings and the search for franchisees.<\/p>\n\n\n\n<p>&#8220;We allied with La Hermosita to achieve this purpose in Spain, a high-impact market on the European continent that is currently growing steadily in terms of coffee consumption,&#8221; said Juan Valdez International Vice President Sebasti\u00e1n Mej\u00eda in a statement published by Sivarious.<\/p>\n","protected":false},"excerpt":{"rendered":"<p>Click here to read in english. The Juan Valdez coffee shop, which opened its first establishment in 2002 to market Colombian coffee, plans to expand its market in Spain and seeks to open more than a hundred coffee shops in the country (under franchise) in the next five years. In this way, the Colombian group, [&hellip;]<\/p>\n","protected":false},"author":23,"featured_media":187542,"comment_status":"open","ping_status":"closed","sticky":false,"template":"single-feature.php","format":"standard","meta":{"_acf_changed":false,"footnotes":""},"categories":[15802,1],"tags":[16537,17711,17788],"class_list":["post-187543","post","type-post","status-publish","format-standard","has-post-thumbnail","hentry","category-news","category-sin-categorizar","tag-cafe-en","tag-cafeterias-en","tag-espana-en","cat-15802-id","cat-1-id"],"acf":[],"yoast_head":"<!-- This site is optimized with the Yoast SEO plugin v27.4 - https:\/\/yoast.com\/product\/yoast-seo-wordpress\/ -->\n<title>Juan Valdez plans to open more than one hundred coffee shops in Spain in the next five years - Tapas<\/title>\n<meta name=\"description\" content=\"Click here to read in english. The Juan Valdez coffee shop, which opened its first establishment in 2002 to market Colombian coffee, plans to expand its\" \/>\n<meta name=\"robots\" content=\"index, follow, max-snippet:-1, max-image-preview:large, max-video-preview:-1\" \/>\n<link rel=\"canonical\" href=\"https:\/\/www.tapasmagazine.es\/en\/juan-valdez-plans-to-open-more-than-one-hundred-coffee-shops-in-spain-in-the-next-five-years\/\" \/>\n<meta property=\"og:locale\" content=\"en_US\" \/>\n<meta property=\"og:type\" content=\"article\" \/>\n<meta property=\"og:title\" content=\"Juan Valdez plans to open more than one hundred coffee shops in Spain in the next five years - Tapas\" \/>\n<meta property=\"og:description\" content=\"Click here to read in english. The Juan Valdez coffee shop, which opened its first establishment in 2002 to market Colombian coffee, plans to expand its\" \/>\n<meta property=\"og:url\" content=\"https:\/\/www.tapasmagazine.es\/en\/juan-valdez-plans-to-open-more-than-one-hundred-coffee-shops-in-spain-in-the-next-five-years\/\" \/>\n<meta property=\"og:site_name\" content=\"Tapas\" \/>\n<meta property=\"article:publisher\" content=\"https:\/\/www.facebook.com\/tapasmagazine\" \/>\n<meta property=\"article:published_time\" content=\"2023-05-19T17:07:32+00:00\" \/>\n<meta property=\"article:modified_time\" content=\"2023-05-19T17:15:32+00:00\" \/>\n<meta property=\"og:image\" content=\"https:\/\/www.tapasmagazine.es\/wp-content\/uploads\/2023\/05\/qqq54G5RKBKUNAGJL7A5TRIKUNCN4.jpg\" \/>\n\t<meta property=\"og:image:width\" content=\"1200\" \/>\n\t<meta property=\"og:image:height\" content=\"675\" \/>\n\t<meta property=\"og:image:type\" content=\"image\/jpeg\" \/>\n<meta name=\"author\" content=\"Tapas\" \/>\n<meta name=\"twitter:card\" content=\"summary_large_image\" \/>\n<meta name=\"twitter:creator\" content=\"@TapasMagazine\" \/>\n<meta name=\"twitter:site\" content=\"@TapasMagazine\" \/>\n<meta name=\"twitter:label1\" content=\"Written by\" \/>\n\t<meta name=\"twitter:data1\" content=\"Tapas\" \/>\n\t<meta name=\"twitter:label2\" content=\"Est. reading time\" \/>\n\t<meta name=\"twitter:data2\" content=\"2 minutes\" \/>\n<script type=\"application\/ld+json\" class=\"yoast-schema-graph\">{\"@context\":\"https:\\\/\\\/schema.org\",\"@graph\":[{\"@type\":\"Article\",\"@id\":\"https:\\\/\\\/www.tapasmagazine.es\\\/en\\\/juan-valdez-plans-to-open-more-than-one-hundred-coffee-shops-in-spain-in-the-next-five-years\\\/#article\",\"isPartOf\":{\"@id\":\"https:\\\/\\\/www.tapasmagazine.es\\\/en\\\/juan-valdez-plans-to-open-more-than-one-hundred-coffee-shops-in-spain-in-the-next-five-years\\\/\"},\"author\":{\"name\":\"Tapas\",\"@id\":\"https:\\\/\\\/www.tapasmagazine.es\\\/#\\\/schema\\\/person\\\/8bf373b672ffa6f78a076c90acdfaf26\"},\"headline\":\"Juan Valdez plans to open more than one hundred coffee shops in Spain in the next five years\",\"datePublished\":\"2023-05-19T17:07:32+00:00\",\"dateModified\":\"2023-05-19T17:15:32+00:00\",\"mainEntityOfPage\":{\"@id\":\"https:\\\/\\\/www.tapasmagazine.es\\\/en\\\/juan-valdez-plans-to-open-more-than-one-hundred-coffee-shops-in-spain-in-the-next-five-years\\\/\"},\"wordCount\":249,\"commentCount\":0,\"publisher\":{\"@id\":\"https:\\\/\\\/www.tapasmagazine.es\\\/#organization\"},\"image\":{\"@id\":\"https:\\\/\\\/www.tapasmagazine.es\\\/en\\\/juan-valdez-plans-to-open-more-than-one-hundred-coffee-shops-in-spain-in-the-next-five-years\\\/#primaryimage\"},\"thumbnailUrl\":\"https:\\\/\\\/www.tapasmagazine.es\\\/wp-content\\\/uploads\\\/2023\\\/05\\\/qqq54G5RKBKUNAGJL7A5TRIKUNCN4.jpg\",\"keywords\":[\"caf\u00e9\",\"cafeter\u00edas\",\"Espa\u00f1a\"],\"articleSection\":[\"News\",\"Sin categorizar\"],\"inLanguage\":\"en-US\",\"potentialAction\":[{\"@type\":\"CommentAction\",\"name\":\"Comment\",\"target\":[\"https:\\\/\\\/www.tapasmagazine.es\\\/en\\\/juan-valdez-plans-to-open-more-than-one-hundred-coffee-shops-in-spain-in-the-next-five-years\\\/#respond\"]}]},{\"@type\":\"WebPage\",\"@id\":\"https:\\\/\\\/www.tapasmagazine.es\\\/en\\\/juan-valdez-plans-to-open-more-than-one-hundred-coffee-shops-in-spain-in-the-next-five-years\\\/\",\"url\":\"https:\\\/\\\/www.tapasmagazine.es\\\/en\\\/juan-valdez-plans-to-open-more-than-one-hundred-coffee-shops-in-spain-in-the-next-five-years\\\/\",\"name\":\"Juan Valdez plans to open more than one hundred coffee shops in Spain in the next five years - Tapas\",\"isPartOf\":{\"@id\":\"https:\\\/\\\/www.tapasmagazine.es\\\/#website\"},\"primaryImageOfPage\":{\"@id\":\"https:\\\/\\\/www.tapasmagazine.es\\\/en\\\/juan-valdez-plans-to-open-more-than-one-hundred-coffee-shops-in-spain-in-the-next-five-years\\\/#primaryimage\"},\"image\":{\"@id\":\"https:\\\/\\\/www.tapasmagazine.es\\\/en\\\/juan-valdez-plans-to-open-more-than-one-hundred-coffee-shops-in-spain-in-the-next-five-years\\\/#primaryimage\"},\"thumbnailUrl\":\"https:\\\/\\\/www.tapasmagazine.es\\\/wp-content\\\/uploads\\\/2023\\\/05\\\/qqq54G5RKBKUNAGJL7A5TRIKUNCN4.jpg\",\"datePublished\":\"2023-05-19T17:07:32+00:00\",\"dateModified\":\"2023-05-19T17:15:32+00:00\",\"description\":\"Click here to read in english. The Juan Valdez coffee shop, which opened its first establishment in 2002 to market Colombian coffee, plans to expand its\",\"breadcrumb\":{\"@id\":\"https:\\\/\\\/www.tapasmagazine.es\\\/en\\\/juan-valdez-plans-to-open-more-than-one-hundred-coffee-shops-in-spain-in-the-next-five-years\\\/#breadcrumb\"},\"inLanguage\":\"en-US\",\"potentialAction\":[{\"@type\":\"ReadAction\",\"target\":[\"https:\\\/\\\/www.tapasmagazine.es\\\/en\\\/juan-valdez-plans-to-open-more-than-one-hundred-coffee-shops-in-spain-in-the-next-five-years\\\/\"]}]},{\"@type\":\"ImageObject\",\"inLanguage\":\"en-US\",\"@id\":\"https:\\\/\\\/www.tapasmagazine.es\\\/en\\\/juan-valdez-plans-to-open-more-than-one-hundred-coffee-shops-in-spain-in-the-next-five-years\\\/#primaryimage\",\"url\":\"https:\\\/\\\/www.tapasmagazine.es\\\/wp-content\\\/uploads\\\/2023\\\/05\\\/qqq54G5RKBKUNAGJL7A5TRIKUNCN4.jpg\",\"contentUrl\":\"https:\\\/\\\/www.tapasmagazine.es\\\/wp-content\\\/uploads\\\/2023\\\/05\\\/qqq54G5RKBKUNAGJL7A5TRIKUNCN4.jpg\",\"width\":1200,\"height\":675},{\"@type\":\"BreadcrumbList\",\"@id\":\"https:\\\/\\\/www.tapasmagazine.es\\\/en\\\/juan-valdez-plans-to-open-more-than-one-hundred-coffee-shops-in-spain-in-the-next-five-years\\\/#breadcrumb\",\"itemListElement\":[{\"@type\":\"ListItem\",\"position\":1,\"name\":\"Portada\",\"item\":\"https:\\\/\\\/www.tapasmagazine.es\\\/\"},{\"@type\":\"ListItem\",\"position\":2,\"name\":\"News\",\"item\":\"https:\\\/\\\/www.tapasmagazine.es\\\/en\\\/categorias\\\/news\\\/\"},{\"@type\":\"ListItem\",\"position\":3,\"name\":\"Juan Valdez plans to open more than one hundred coffee shops in Spain in the next five years\"}]},{\"@type\":\"WebSite\",\"@id\":\"https:\\\/\\\/www.tapasmagazine.es\\\/#website\",\"url\":\"https:\\\/\\\/www.tapasmagazine.es\\\/\",\"name\":\"Tapas\",\"description\":\"\u00d1am \u00d1am Lifestyle. La vida a bocados. Premio Nacional de Gastronom\u00eda 2016.\",\"publisher\":{\"@id\":\"https:\\\/\\\/www.tapasmagazine.es\\\/#organization\"},\"potentialAction\":[{\"@type\":\"SearchAction\",\"target\":{\"@type\":\"EntryPoint\",\"urlTemplate\":\"https:\\\/\\\/www.tapasmagazine.es\\\/?s={search_term_string}\"},\"query-input\":{\"@type\":\"PropertyValueSpecification\",\"valueRequired\":true,\"valueName\":\"search_term_string\"}}],\"inLanguage\":\"en-US\"},{\"@type\":\"Organization\",\"@id\":\"https:\\\/\\\/www.tapasmagazine.es\\\/#organization\",\"name\":\"Tapas Magazine\",\"url\":\"https:\\\/\\\/www.tapasmagazine.es\\\/\",\"logo\":{\"@type\":\"ImageObject\",\"inLanguage\":\"en-US\",\"@id\":\"https:\\\/\\\/www.tapasmagazine.es\\\/#\\\/schema\\\/logo\\\/image\\\/\",\"url\":\"https:\\\/\\\/www.tapasmagazine.es\\\/wp-content\\\/uploads\\\/2018\\\/01\\\/logo.png\",\"contentUrl\":\"https:\\\/\\\/www.tapasmagazine.es\\\/wp-content\\\/uploads\\\/2018\\\/01\\\/logo.png\",\"width\":180,\"height\":60,\"caption\":\"Tapas Magazine\"},\"image\":{\"@id\":\"https:\\\/\\\/www.tapasmagazine.es\\\/#\\\/schema\\\/logo\\\/image\\\/\"},\"sameAs\":[\"https:\\\/\\\/www.facebook.com\\\/tapasmagazine\",\"https:\\\/\\\/x.com\\\/TapasMagazine\",\"https:\\\/\\\/www.instagram.com\\\/tapasmagazine\\\/\",\"https:\\\/\\\/www.linkedin.com\\\/company\\\/tapas-magazine\",\"https:\\\/\\\/es.pinterest.com\\\/tapasmagazine\\\/\",\"https:\\\/\\\/www.youtube.com\\\/channel\\\/UCEyxneAaACuR0lfDagrWjjg?sub_confirmation=1\"]},{\"@type\":\"Person\",\"@id\":\"https:\\\/\\\/www.tapasmagazine.es\\\/#\\\/schema\\\/person\\\/8bf373b672ffa6f78a076c90acdfaf26\",\"name\":\"Tapas\",\"url\":\"https:\\\/\\\/www.tapasmagazine.es\\\/en\\\/author\\\/spainmediaweb-tapas\\\/\"}]}<\/script>\n<!-- \/ Yoast SEO plugin. -->","yoast_head_json":{"title":"Juan Valdez plans to open more than one hundred coffee shops in Spain in the next five years - Tapas","description":"Click here to read in english. The Juan Valdez coffee shop, which opened its first establishment in 2002 to market Colombian coffee, plans to expand its","robots":{"index":"index","follow":"follow","max-snippet":"max-snippet:-1","max-image-preview":"max-image-preview:large","max-video-preview":"max-video-preview:-1"},"canonical":"https:\/\/www.tapasmagazine.es\/en\/juan-valdez-plans-to-open-more-than-one-hundred-coffee-shops-in-spain-in-the-next-five-years\/","og_locale":"en_US","og_type":"article","og_title":"Juan Valdez plans to open more than one hundred coffee shops in Spain in the next five years - Tapas","og_description":"Click here to read in english. The Juan Valdez coffee shop, which opened its first establishment in 2002 to market Colombian coffee, plans to expand its","og_url":"https:\/\/www.tapasmagazine.es\/en\/juan-valdez-plans-to-open-more-than-one-hundred-coffee-shops-in-spain-in-the-next-five-years\/","og_site_name":"Tapas","article_publisher":"https:\/\/www.facebook.com\/tapasmagazine","article_published_time":"2023-05-19T17:07:32+00:00","article_modified_time":"2023-05-19T17:15:32+00:00","og_image":[{"width":1200,"height":675,"url":"https:\/\/www.tapasmagazine.es\/wp-content\/uploads\/2023\/05\/qqq54G5RKBKUNAGJL7A5TRIKUNCN4.jpg","type":"image\/jpeg"}],"author":"Tapas","twitter_card":"summary_large_image","twitter_creator":"@TapasMagazine","twitter_site":"@TapasMagazine","twitter_misc":{"Written by":"Tapas","Est. reading time":"2 minutes"},"schema":{"@context":"https:\/\/schema.org","@graph":[{"@type":"Article","@id":"https:\/\/www.tapasmagazine.es\/en\/juan-valdez-plans-to-open-more-than-one-hundred-coffee-shops-in-spain-in-the-next-five-years\/#article","isPartOf":{"@id":"https:\/\/www.tapasmagazine.es\/en\/juan-valdez-plans-to-open-more-than-one-hundred-coffee-shops-in-spain-in-the-next-five-years\/"},"author":{"name":"Tapas","@id":"https:\/\/www.tapasmagazine.es\/#\/schema\/person\/8bf373b672ffa6f78a076c90acdfaf26"},"headline":"Juan Valdez plans to open more than one hundred coffee shops in Spain in the next five years","datePublished":"2023-05-19T17:07:32+00:00","dateModified":"2023-05-19T17:15:32+00:00","mainEntityOfPage":{"@id":"https:\/\/www.tapasmagazine.es\/en\/juan-valdez-plans-to-open-more-than-one-hundred-coffee-shops-in-spain-in-the-next-five-years\/"},"wordCount":249,"commentCount":0,"publisher":{"@id":"https:\/\/www.tapasmagazine.es\/#organization"},"image":{"@id":"https:\/\/www.tapasmagazine.es\/en\/juan-valdez-plans-to-open-more-than-one-hundred-coffee-shops-in-spain-in-the-next-five-years\/#primaryimage"},"thumbnailUrl":"https:\/\/www.tapasmagazine.es\/wp-content\/uploads\/2023\/05\/qqq54G5RKBKUNAGJL7A5TRIKUNCN4.jpg","keywords":["caf\u00e9","cafeter\u00edas","Espa\u00f1a"],"articleSection":["News","Sin categorizar"],"inLanguage":"en-US","potentialAction":[{"@type":"CommentAction","name":"Comment","target":["https:\/\/www.tapasmagazine.es\/en\/juan-valdez-plans-to-open-more-than-one-hundred-coffee-shops-in-spain-in-the-next-five-years\/#respond"]}]},{"@type":"WebPage","@id":"https:\/\/www.tapasmagazine.es\/en\/juan-valdez-plans-to-open-more-than-one-hundred-coffee-shops-in-spain-in-the-next-five-years\/","url":"https:\/\/www.tapasmagazine.es\/en\/juan-valdez-plans-to-open-more-than-one-hundred-coffee-shops-in-spain-in-the-next-five-years\/","name":"Juan Valdez plans to open more than one hundred coffee shops in Spain in the next five years - Tapas","isPartOf":{"@id":"https:\/\/www.tapasmagazine.es\/#website"},"primaryImageOfPage":{"@id":"https:\/\/www.tapasmagazine.es\/en\/juan-valdez-plans-to-open-more-than-one-hundred-coffee-shops-in-spain-in-the-next-five-years\/#primaryimage"},"image":{"@id":"https:\/\/www.tapasmagazine.es\/en\/juan-valdez-plans-to-open-more-than-one-hundred-coffee-shops-in-spain-in-the-next-five-years\/#primaryimage"},"thumbnailUrl":"https:\/\/www.tapasmagazine.es\/wp-content\/uploads\/2023\/05\/qqq54G5RKBKUNAGJL7A5TRIKUNCN4.jpg","datePublished":"2023-05-19T17:07:32+00:00","dateModified":"2023-05-19T17:15:32+00:00","description":"Click here to read in english. The Juan Valdez coffee shop, which opened its first establishment in 2002 to market Colombian coffee, plans to expand its","breadcrumb":{"@id":"https:\/\/www.tapasmagazine.es\/en\/juan-valdez-plans-to-open-more-than-one-hundred-coffee-shops-in-spain-in-the-next-five-years\/#breadcrumb"},"inLanguage":"en-US","potentialAction":[{"@type":"ReadAction","target":["https:\/\/www.tapasmagazine.es\/en\/juan-valdez-plans-to-open-more-than-one-hundred-coffee-shops-in-spain-in-the-next-five-years\/"]}]},{"@type":"ImageObject","inLanguage":"en-US","@id":"https:\/\/www.tapasmagazine.es\/en\/juan-valdez-plans-to-open-more-than-one-hundred-coffee-shops-in-spain-in-the-next-five-years\/#primaryimage","url":"https:\/\/www.tapasmagazine.es\/wp-content\/uploads\/2023\/05\/qqq54G5RKBKUNAGJL7A5TRIKUNCN4.jpg","contentUrl":"https:\/\/www.tapasmagazine.es\/wp-content\/uploads\/2023\/05\/qqq54G5RKBKUNAGJL7A5TRIKUNCN4.jpg","width":1200,"height":675},{"@type":"BreadcrumbList","@id":"https:\/\/www.tapasmagazine.es\/en\/juan-valdez-plans-to-open-more-than-one-hundred-coffee-shops-in-spain-in-the-next-five-years\/#breadcrumb","itemListElement":[{"@type":"ListItem","position":1,"name":"Portada","item":"https:\/\/www.tapasmagazine.es\/"},{"@type":"ListItem","position":2,"name":"News","item":"https:\/\/www.tapasmagazine.es\/en\/categorias\/news\/"},{"@type":"ListItem","position":3,"name":"Juan Valdez plans to open more than one hundred coffee shops in Spain in the next five years"}]},{"@type":"WebSite","@id":"https:\/\/www.tapasmagazine.es\/#website","url":"https:\/\/www.tapasmagazine.es\/","name":"Tapas","description":"\u00d1am \u00d1am Lifestyle. La vida a bocados. Premio Nacional de Gastronom\u00eda 2016.","publisher":{"@id":"https:\/\/www.tapasmagazine.es\/#organization"},"potentialAction":[{"@type":"SearchAction","target":{"@type":"EntryPoint","urlTemplate":"https:\/\/www.tapasmagazine.es\/?s={search_term_string}"},"query-input":{"@type":"PropertyValueSpecification","valueRequired":true,"valueName":"search_term_string"}}],"inLanguage":"en-US"},{"@type":"Organization","@id":"https:\/\/www.tapasmagazine.es\/#organization","name":"Tapas Magazine","url":"https:\/\/www.tapasmagazine.es\/","logo":{"@type":"ImageObject","inLanguage":"en-US","@id":"https:\/\/www.tapasmagazine.es\/#\/schema\/logo\/image\/","url":"https:\/\/www.tapasmagazine.es\/wp-content\/uploads\/2018\/01\/logo.png","contentUrl":"https:\/\/www.tapasmagazine.es\/wp-content\/uploads\/2018\/01\/logo.png","width":180,"height":60,"caption":"Tapas Magazine"},"image":{"@id":"https:\/\/www.tapasmagazine.es\/#\/schema\/logo\/image\/"},"sameAs":["https:\/\/www.facebook.com\/tapasmagazine","https:\/\/x.com\/TapasMagazine","https:\/\/www.instagram.com\/tapasmagazine\/","https:\/\/www.linkedin.com\/company\/tapas-magazine","https:\/\/es.pinterest.com\/tapasmagazine\/","https:\/\/www.youtube.com\/channel\/UCEyxneAaACuR0lfDagrWjjg?sub_confirmation=1"]},{"@type":"Person","@id":"https:\/\/www.tapasmagazine.es\/#\/schema\/person\/8bf373b672ffa6f78a076c90acdfaf26","name":"Tapas","url":"https:\/\/www.tapasmagazine.es\/en\/author\/spainmediaweb-tapas\/"}]}},"_links":{"self":[{"href":"https:\/\/www.tapasmagazine.es\/en\/wp-json\/wp\/v2\/posts\/187543","targetHints":{"allow":["GET"]}}],"collection":[{"href":"https:\/\/www.tapasmagazine.es\/en\/wp-json\/wp\/v2\/posts"}],"about":[{"href":"https:\/\/www.tapasmagazine.es\/en\/wp-json\/wp\/v2\/types\/post"}],"author":[{"embeddable":true,"href":"https:\/\/www.tapasmagazine.es\/en\/wp-json\/wp\/v2\/users\/23"}],"replies":[{"embeddable":true,"href":"https:\/\/www.tapasmagazine.es\/en\/wp-json\/wp\/v2\/comments?post=187543"}],"version-history":[{"count":5,"href":"https:\/\/www.tapasmagazine.es\/en\/wp-json\/wp\/v2\/posts\/187543\/revisions"}],"predecessor-version":[{"id":187550,"href":"https:\/\/www.tapasmagazine.es\/en\/wp-json\/wp\/v2\/posts\/187543\/revisions\/187550"}],"wp:featuredmedia":[{"embeddable":true,"href":"https:\/\/www.tapasmagazine.es\/en\/wp-json\/wp\/v2\/media\/187542"}],"wp:attachment":[{"href":"https:\/\/www.tapasmagazine.es\/en\/wp-json\/wp\/v2\/media?parent=187543"}],"wp:term":[{"taxonomy":"category","embeddable":true,"href":"https:\/\/www.tapasmagazine.es\/en\/wp-json\/wp\/v2\/categories?post=187543"},{"taxonomy":"post_tag","embeddable":true,"href":"https:\/\/www.tapasmagazine.es\/en\/wp-json\/wp\/v2\/tags?post=187543"}],"curies":[{"name":"wp","href":"https:\/\/api.w.org\/{rel}","templated":true}]}}