{"id":185696,"date":"2023-05-09T17:26:53","date_gmt":"2023-05-09T15:26:53","guid":{"rendered":"https:\/\/www.tapasmagazine.es\/el-chef-mauro-colagreco-volvera-a-hacer-magia-en-el-silencio-ibiza\/"},"modified":"2023-05-10T09:29:39","modified_gmt":"2023-05-10T07:29:39","slug":"chef-mauro-colagreco-returns-to-do-magic-in-the-silence-ibiza","status":"publish","type":"post","link":"https:\/\/www.tapasmagazine.es\/en\/chef-mauro-colagreco-returns-to-do-magic-in-the-silence-ibiza\/","title":{"rendered":"Chef Mauro Colagreco will make magic again at El Silencio Ibiza"},"content":{"rendered":"\n<p><strong>Click here to read the Spanish version.<\/strong><br>El Silencio reopens the doors of its beach club in Ibiza for the third consecutive year with two new restaurants run by iconic chef Mauro Colagreco: one Mediterranean-inspired and the other based on Japanese tradition.<\/p>\n\n\n\n<p>The owner of the restaurant Mirazur in France, considered one of the best chefs in the world, with 3 Michelin stars and number 1 in the world according to the list The World&#8217;s 50 Best Restaurants in 2019, will return to gastronomically run this beach bar installed in Cala Mol\u00ed. A place that connects nature and art in a new version designed by the architecture studio Moredesign, with direct ocean views.<\/p>\n\n\n\n<figure class=\"wp-block-image size-large\"><a href=\"https:\/\/www.tapasmagazine.es\/wp-content\/uploads\/2023\/05\/silencio-ibiza-mauro-colagreco-3.webp\"><img decoding=\"async\" width=\"1024\" height=\"683\" src=\"https:\/\/www.tapasmagazine.es\/wp-content\/uploads\/2023\/05\/silencio-ibiza-mauro-colagreco-3-1024x683.webp\" alt=\"\" class=\"wp-image-185621\" srcset=\"https:\/\/www.tapasmagazine.es\/wp-content\/uploads\/2023\/05\/silencio-ibiza-mauro-colagreco-3-1024x683.webp 1024w, https:\/\/www.tapasmagazine.es\/wp-content\/uploads\/2023\/05\/silencio-ibiza-mauro-colagreco-3-300x200.webp 300w, https:\/\/www.tapasmagazine.es\/wp-content\/uploads\/2023\/05\/silencio-ibiza-mauro-colagreco-3-768x512.webp 768w, https:\/\/www.tapasmagazine.es\/wp-content\/uploads\/2023\/05\/silencio-ibiza-mauro-colagreco-3-1536x1024.webp 1536w, https:\/\/www.tapasmagazine.es\/wp-content\/uploads\/2023\/05\/silencio-ibiza-mauro-colagreco-3-1000x667.webp 1000w, https:\/\/www.tapasmagazine.es\/wp-content\/uploads\/2023\/05\/silencio-ibiza-mauro-colagreco-3-400x267.webp 400w, https:\/\/www.tapasmagazine.es\/wp-content\/uploads\/2023\/05\/silencio-ibiza-mauro-colagreco-3.webp 1600w\" sizes=\"(max-width: 1024px) 100vw, 1024px\" \/><\/a><\/figure>\n\n\n\n<p>Colagreco&#8217;s gastronomic identity with which he is serving the future of cuisine, as a transforming and empowering agent of the environment, will once again represent the eternal connection he maintains with nature through his gastronomic creations in the new menus of El Silencio.<\/p>\n\n\n\n<h2 class=\"wp-block-heading\">A CULINARY CONNECTION WITH NATURE<\/h2>\n\n\n\n<p>The Argentinean chef has designed a simple menu that will reflect his vision of the island through dishes such as stuffed piquillo peppers, grilled crab, Galician octopus or grilled Iberian pork feather. A proposal that will also include avant-garde interpretations of salads or vegetarian dishes such as lasagna, as well as wood-fired delicacies such as Saint Pierre a la ligure.<\/p>\n\n\n\n<figure class=\"wp-block-image size-large\"><a href=\"https:\/\/www.tapasmagazine.es\/wp-content\/uploads\/2023\/05\/silencio-ibiza-mauro-colagreco-2-scaled.jpg\"><img decoding=\"async\" width=\"1024\" height=\"699\" src=\"https:\/\/www.tapasmagazine.es\/wp-content\/uploads\/2023\/05\/silencio-ibiza-mauro-colagreco-2-1024x699.jpg\" alt=\"\" class=\"wp-image-185619\" srcset=\"https:\/\/www.tapasmagazine.es\/wp-content\/uploads\/2023\/05\/silencio-ibiza-mauro-colagreco-2-1024x699.jpg 1024w, https:\/\/www.tapasmagazine.es\/wp-content\/uploads\/2023\/05\/silencio-ibiza-mauro-colagreco-2-300x205.jpg 300w, https:\/\/www.tapasmagazine.es\/wp-content\/uploads\/2023\/05\/silencio-ibiza-mauro-colagreco-2-768x524.jpg 768w, https:\/\/www.tapasmagazine.es\/wp-content\/uploads\/2023\/05\/silencio-ibiza-mauro-colagreco-2-1536x1048.jpg 1536w, https:\/\/www.tapasmagazine.es\/wp-content\/uploads\/2023\/05\/silencio-ibiza-mauro-colagreco-2-2048x1398.jpg 2048w, https:\/\/www.tapasmagazine.es\/wp-content\/uploads\/2023\/05\/silencio-ibiza-mauro-colagreco-2-1000x682.jpg 1000w, https:\/\/www.tapasmagazine.es\/wp-content\/uploads\/2023\/05\/silencio-ibiza-mauro-colagreco-2-400x273.jpg 400w\" sizes=\"(max-width: 1024px) 100vw, 1024px\" \/><\/a><\/figure>\n\n\n\n<p>Through his two new menus, the chef will dilute all his inner world and his sustainable philosophy based on proximity, nature and local produce: &#8220;In general, in all my projects I have an approach related to nature, from Mirazur with our own gardens and the use of biodynamics, around which all our menus revolve&#8221;. For this occasion, the chef will incorporate local products such as fish from Mediterranean fisheries or vegetables from orchards and \/ or farms on the island.<\/p>\n\n\n\n<p>In this sense, the product will be the backbone of all these creations that evolve from the garden to the plate, transforming over time through a menu that will change to adapt to the changing products of May, June, July, August and September.<\/p>\n\n\n\n<figure class=\"wp-block-gallery has-nested-images columns-default is-cropped wp-block-gallery-1 is-layout-flex wp-block-gallery-is-layout-flex\">\n<figure class=\"wp-block-image size-large\"><a href=\"https:\/\/www.tapasmagazine.es\/wp-content\/uploads\/2023\/05\/silencio-ibiza-mauro-colagreco-6-scaled.jpg\"><img decoding=\"async\" data-id=\"185627\" src=\"https:\/\/www.tapasmagazine.es\/wp-content\/uploads\/2023\/05\/silencio-ibiza-mauro-colagreco-6-683x1024.jpg\" alt=\"\" class=\"wp-image-185627\"\/><\/a><\/figure>\n\n\n\n<figure class=\"wp-block-image size-large\"><a href=\"https:\/\/www.tapasmagazine.es\/wp-content\/uploads\/2023\/05\/silencio-ibiza-mauro-colagreco-7-scaled.jpg\"><img decoding=\"async\" data-id=\"185629\" src=\"https:\/\/www.tapasmagazine.es\/wp-content\/uploads\/2023\/05\/silencio-ibiza-mauro-colagreco-7-683x1024.jpg\" alt=\"\" class=\"wp-image-185629\"\/><\/a><\/figure>\n<\/figure>\n\n\n\n<h2 class=\"wp-block-heading\"><strong>MERGING MEDITERRANEAN AND JAPANESE CULTURE<\/strong><\/h2>\n\n\n\n<p>Within this meeting place for artistic communities, the music, film and fashion industries, Colagreco&#8217;s gastronomic magic will continue to enchant diners with a Mediterranean-inspired menu in which the chef will evoke &#8220;the spirit of the beach, the feelings of summer and vacations with family and friends&#8221;. A whole maelstrom of emotions channeled through the aromas of grilled sardines or grilled meats that connect with his Argentinean roots and erect the art of grilling.<\/p>\n\n\n<div class=\"wp-block-image\">\n<figure class=\"aligncenter size-large\"><a href=\"https:\/\/www.tapasmagazine.es\/wp-content\/uploads\/2023\/05\/silencio-ibiza-mauro-colagreco-4.jpeg\"><img decoding=\"async\" width=\"690\" height=\"1024\" src=\"https:\/\/www.tapasmagazine.es\/wp-content\/uploads\/2023\/05\/silencio-ibiza-mauro-colagreco-4-690x1024.jpeg\" alt=\"\" class=\"wp-image-185623\" srcset=\"https:\/\/www.tapasmagazine.es\/wp-content\/uploads\/2023\/05\/silencio-ibiza-mauro-colagreco-4-690x1024.jpeg 690w, https:\/\/www.tapasmagazine.es\/wp-content\/uploads\/2023\/05\/silencio-ibiza-mauro-colagreco-4-202x300.jpeg 202w, https:\/\/www.tapasmagazine.es\/wp-content\/uploads\/2023\/05\/silencio-ibiza-mauro-colagreco-4-768x1140.jpeg 768w, https:\/\/www.tapasmagazine.es\/wp-content\/uploads\/2023\/05\/silencio-ibiza-mauro-colagreco-4-1035x1536.jpeg 1035w, https:\/\/www.tapasmagazine.es\/wp-content\/uploads\/2023\/05\/silencio-ibiza-mauro-colagreco-4-1000x1484.jpeg 1000w, https:\/\/www.tapasmagazine.es\/wp-content\/uploads\/2023\/05\/silencio-ibiza-mauro-colagreco-4-400x594.jpeg 400w, https:\/\/www.tapasmagazine.es\/wp-content\/uploads\/2023\/05\/silencio-ibiza-mauro-colagreco-4.jpeg 1078w\" sizes=\"(max-width: 690px) 100vw, 690px\" \/><\/a><\/figure>\n<\/div>\n\n\n<p>At nightfall, the second floor of El Silencio will become a Japanese restaurant guided by the omakase tradition, with a unique seven-course service for 30 guests. A menu in which they will work the best known of Japanese cuisine, as an elevated concept that will revolve mainly around sushi, with seasonal products and local fish with which the chef will return to break El Silencio one more season, making diners vibrate with their gastronomic and social experiences.<\/p>\n","protected":false},"excerpt":{"rendered":"<p>Click here to read the Spanish version.El Silencio reopens the doors of its beach club in Ibiza for the third consecutive year with two new restaurants run by iconic chef Mauro Colagreco: one Mediterranean-inspired and the other based on Japanese tradition. The owner of the restaurant Mirazur in France, considered one of the best chefs [&hellip;]<\/p>\n","protected":false},"author":285,"featured_media":185618,"comment_status":"open","ping_status":"closed","sticky":false,"template":"single-feature.php","format":"standard","meta":{"_acf_changed":false,"footnotes":""},"categories":[15807,15802],"tags":[],"class_list":["post-185696","post","type-post","status-publish","format-standard","has-post-thumbnail","hentry","category-gastro-en","category-news","cat-15807-id","cat-15802-id"],"acf":[],"yoast_head":"<!-- This site is optimized with the Yoast SEO plugin v27.4 - https:\/\/yoast.com\/product\/yoast-seo-wordpress\/ -->\n<title>Chef Mauro Colagreco will make magic again at El Silencio Ibiza - Tapas<\/title>\n<meta name=\"description\" content=\"Click here to read the Spanish version.El Silencio reopens the doors of its beach club in Ibiza for the third consecutive year with two new restaurants\" \/>\n<meta name=\"robots\" content=\"index, follow, max-snippet:-1, max-image-preview:large, max-video-preview:-1\" \/>\n<link rel=\"canonical\" href=\"https:\/\/www.tapasmagazine.es\/en\/chef-mauro-colagreco-returns-to-do-magic-in-the-silence-ibiza\/\" \/>\n<meta property=\"og:locale\" content=\"en_US\" \/>\n<meta property=\"og:type\" content=\"article\" \/>\n<meta property=\"og:title\" content=\"Chef Mauro Colagreco will make magic again at El Silencio Ibiza - Tapas\" \/>\n<meta property=\"og:description\" content=\"Click here to read the Spanish version.El Silencio reopens the doors of its beach club in Ibiza for the third consecutive year with two new restaurants\" \/>\n<meta property=\"og:url\" content=\"https:\/\/www.tapasmagazine.es\/en\/chef-mauro-colagreco-returns-to-do-magic-in-the-silence-ibiza\/\" \/>\n<meta property=\"og:site_name\" content=\"Tapas\" \/>\n<meta property=\"article:publisher\" content=\"https:\/\/www.facebook.com\/tapasmagazine\" \/>\n<meta property=\"article:published_time\" content=\"2023-05-09T15:26:53+00:00\" \/>\n<meta property=\"article:modified_time\" content=\"2023-05-10T07:29:39+00:00\" \/>\n<meta property=\"og:image\" content=\"https:\/\/www.tapasmagazine.es\/wp-content\/uploads\/2023\/05\/silencio-ibiza-mauro-colagreco-1.jpg\" \/>\n\t<meta property=\"og:image:width\" content=\"1200\" \/>\n\t<meta property=\"og:image:height\" content=\"675\" \/>\n\t<meta property=\"og:image:type\" content=\"image\/jpeg\" \/>\n<meta name=\"author\" content=\"Laura P\u00e9rez\" \/>\n<meta name=\"twitter:card\" content=\"summary_large_image\" \/>\n<meta name=\"twitter:creator\" content=\"@TapasMagazine\" \/>\n<meta name=\"twitter:site\" content=\"@TapasMagazine\" \/>\n<meta name=\"twitter:label1\" content=\"Written by\" \/>\n\t<meta name=\"twitter:data1\" content=\"Laura P\u00e9rez\" \/>\n\t<meta name=\"twitter:label2\" content=\"Est. reading time\" \/>\n\t<meta name=\"twitter:data2\" content=\"4 minutes\" \/>\n<script type=\"application\/ld+json\" class=\"yoast-schema-graph\">{\"@context\":\"https:\\\/\\\/schema.org\",\"@graph\":[{\"@type\":\"Article\",\"@id\":\"https:\\\/\\\/www.tapasmagazine.es\\\/en\\\/chef-mauro-colagreco-returns-to-do-magic-in-the-silence-ibiza\\\/#article\",\"isPartOf\":{\"@id\":\"https:\\\/\\\/www.tapasmagazine.es\\\/en\\\/chef-mauro-colagreco-returns-to-do-magic-in-the-silence-ibiza\\\/\"},\"author\":{\"name\":\"Laura P\u00e9rez\",\"@id\":\"https:\\\/\\\/www.tapasmagazine.es\\\/#\\\/schema\\\/person\\\/eb46cbe76a9c8f062660eb609e3ecb4e\"},\"headline\":\"Chef Mauro Colagreco will make magic again at El Silencio Ibiza\",\"datePublished\":\"2023-05-09T15:26:53+00:00\",\"dateModified\":\"2023-05-10T07:29:39+00:00\",\"mainEntityOfPage\":{\"@id\":\"https:\\\/\\\/www.tapasmagazine.es\\\/en\\\/chef-mauro-colagreco-returns-to-do-magic-in-the-silence-ibiza\\\/\"},\"wordCount\":507,\"commentCount\":0,\"publisher\":{\"@id\":\"https:\\\/\\\/www.tapasmagazine.es\\\/#organization\"},\"image\":{\"@id\":\"https:\\\/\\\/www.tapasmagazine.es\\\/en\\\/chef-mauro-colagreco-returns-to-do-magic-in-the-silence-ibiza\\\/#primaryimage\"},\"thumbnailUrl\":\"https:\\\/\\\/www.tapasmagazine.es\\\/wp-content\\\/uploads\\\/2023\\\/05\\\/silencio-ibiza-mauro-colagreco-1.jpg\",\"articleSection\":[\"Gastro\",\"News\"],\"inLanguage\":\"en-US\",\"potentialAction\":[{\"@type\":\"CommentAction\",\"name\":\"Comment\",\"target\":[\"https:\\\/\\\/www.tapasmagazine.es\\\/en\\\/chef-mauro-colagreco-returns-to-do-magic-in-the-silence-ibiza\\\/#respond\"]}]},{\"@type\":\"WebPage\",\"@id\":\"https:\\\/\\\/www.tapasmagazine.es\\\/en\\\/chef-mauro-colagreco-returns-to-do-magic-in-the-silence-ibiza\\\/\",\"url\":\"https:\\\/\\\/www.tapasmagazine.es\\\/en\\\/chef-mauro-colagreco-returns-to-do-magic-in-the-silence-ibiza\\\/\",\"name\":\"Chef Mauro Colagreco will make magic again at El Silencio Ibiza - Tapas\",\"isPartOf\":{\"@id\":\"https:\\\/\\\/www.tapasmagazine.es\\\/#website\"},\"primaryImageOfPage\":{\"@id\":\"https:\\\/\\\/www.tapasmagazine.es\\\/en\\\/chef-mauro-colagreco-returns-to-do-magic-in-the-silence-ibiza\\\/#primaryimage\"},\"image\":{\"@id\":\"https:\\\/\\\/www.tapasmagazine.es\\\/en\\\/chef-mauro-colagreco-returns-to-do-magic-in-the-silence-ibiza\\\/#primaryimage\"},\"thumbnailUrl\":\"https:\\\/\\\/www.tapasmagazine.es\\\/wp-content\\\/uploads\\\/2023\\\/05\\\/silencio-ibiza-mauro-colagreco-1.jpg\",\"datePublished\":\"2023-05-09T15:26:53+00:00\",\"dateModified\":\"2023-05-10T07:29:39+00:00\",\"description\":\"Click here to read the Spanish version.El Silencio reopens the doors of its beach club in Ibiza for the third consecutive year with two new restaurants\",\"breadcrumb\":{\"@id\":\"https:\\\/\\\/www.tapasmagazine.es\\\/en\\\/chef-mauro-colagreco-returns-to-do-magic-in-the-silence-ibiza\\\/#breadcrumb\"},\"inLanguage\":\"en-US\",\"potentialAction\":[{\"@type\":\"ReadAction\",\"target\":[\"https:\\\/\\\/www.tapasmagazine.es\\\/en\\\/chef-mauro-colagreco-returns-to-do-magic-in-the-silence-ibiza\\\/\"]}]},{\"@type\":\"ImageObject\",\"inLanguage\":\"en-US\",\"@id\":\"https:\\\/\\\/www.tapasmagazine.es\\\/en\\\/chef-mauro-colagreco-returns-to-do-magic-in-the-silence-ibiza\\\/#primaryimage\",\"url\":\"https:\\\/\\\/www.tapasmagazine.es\\\/wp-content\\\/uploads\\\/2023\\\/05\\\/silencio-ibiza-mauro-colagreco-1.jpg\",\"contentUrl\":\"https:\\\/\\\/www.tapasmagazine.es\\\/wp-content\\\/uploads\\\/2023\\\/05\\\/silencio-ibiza-mauro-colagreco-1.jpg\",\"width\":1200,\"height\":675},{\"@type\":\"BreadcrumbList\",\"@id\":\"https:\\\/\\\/www.tapasmagazine.es\\\/en\\\/chef-mauro-colagreco-returns-to-do-magic-in-the-silence-ibiza\\\/#breadcrumb\",\"itemListElement\":[{\"@type\":\"ListItem\",\"position\":1,\"name\":\"Portada\",\"item\":\"https:\\\/\\\/www.tapasmagazine.es\\\/\"},{\"@type\":\"ListItem\",\"position\":2,\"name\":\"Gastro\",\"item\":\"https:\\\/\\\/www.tapasmagazine.es\\\/en\\\/categorias\\\/gastro-en\\\/\"},{\"@type\":\"ListItem\",\"position\":3,\"name\":\"Chef Mauro Colagreco will make magic again at El Silencio Ibiza\"}]},{\"@type\":\"WebSite\",\"@id\":\"https:\\\/\\\/www.tapasmagazine.es\\\/#website\",\"url\":\"https:\\\/\\\/www.tapasmagazine.es\\\/\",\"name\":\"Tapas\",\"description\":\"\u00d1am \u00d1am Lifestyle. La vida a bocados. Premio Nacional de Gastronom\u00eda 2016.\",\"publisher\":{\"@id\":\"https:\\\/\\\/www.tapasmagazine.es\\\/#organization\"},\"potentialAction\":[{\"@type\":\"SearchAction\",\"target\":{\"@type\":\"EntryPoint\",\"urlTemplate\":\"https:\\\/\\\/www.tapasmagazine.es\\\/?s={search_term_string}\"},\"query-input\":{\"@type\":\"PropertyValueSpecification\",\"valueRequired\":true,\"valueName\":\"search_term_string\"}}],\"inLanguage\":\"en-US\"},{\"@type\":\"Organization\",\"@id\":\"https:\\\/\\\/www.tapasmagazine.es\\\/#organization\",\"name\":\"Tapas Magazine\",\"url\":\"https:\\\/\\\/www.tapasmagazine.es\\\/\",\"logo\":{\"@type\":\"ImageObject\",\"inLanguage\":\"en-US\",\"@id\":\"https:\\\/\\\/www.tapasmagazine.es\\\/#\\\/schema\\\/logo\\\/image\\\/\",\"url\":\"https:\\\/\\\/www.tapasmagazine.es\\\/wp-content\\\/uploads\\\/2018\\\/01\\\/logo.png\",\"contentUrl\":\"https:\\\/\\\/www.tapasmagazine.es\\\/wp-content\\\/uploads\\\/2018\\\/01\\\/logo.png\",\"width\":180,\"height\":60,\"caption\":\"Tapas Magazine\"},\"image\":{\"@id\":\"https:\\\/\\\/www.tapasmagazine.es\\\/#\\\/schema\\\/logo\\\/image\\\/\"},\"sameAs\":[\"https:\\\/\\\/www.facebook.com\\\/tapasmagazine\",\"https:\\\/\\\/x.com\\\/TapasMagazine\",\"https:\\\/\\\/www.instagram.com\\\/tapasmagazine\\\/\",\"https:\\\/\\\/www.linkedin.com\\\/company\\\/tapas-magazine\",\"https:\\\/\\\/es.pinterest.com\\\/tapasmagazine\\\/\",\"https:\\\/\\\/www.youtube.com\\\/channel\\\/UCEyxneAaACuR0lfDagrWjjg?sub_confirmation=1\"]},{\"@type\":\"Person\",\"@id\":\"https:\\\/\\\/www.tapasmagazine.es\\\/#\\\/schema\\\/person\\\/eb46cbe76a9c8f062660eb609e3ecb4e\",\"name\":\"Laura P\u00e9rez\",\"url\":\"https:\\\/\\\/www.tapasmagazine.es\\\/en\\\/author\\\/laura-perez\\\/\"}]}<\/script>\n<!-- \/ Yoast SEO plugin. -->","yoast_head_json":{"title":"Chef Mauro Colagreco will make magic again at El Silencio Ibiza - Tapas","description":"Click here to read the Spanish version.El Silencio reopens the doors of its beach club in Ibiza for the third consecutive year with two new restaurants","robots":{"index":"index","follow":"follow","max-snippet":"max-snippet:-1","max-image-preview":"max-image-preview:large","max-video-preview":"max-video-preview:-1"},"canonical":"https:\/\/www.tapasmagazine.es\/en\/chef-mauro-colagreco-returns-to-do-magic-in-the-silence-ibiza\/","og_locale":"en_US","og_type":"article","og_title":"Chef Mauro Colagreco will make magic again at El Silencio Ibiza - Tapas","og_description":"Click here to read the Spanish version.El Silencio reopens the doors of its beach club in Ibiza for the third consecutive year with two new restaurants","og_url":"https:\/\/www.tapasmagazine.es\/en\/chef-mauro-colagreco-returns-to-do-magic-in-the-silence-ibiza\/","og_site_name":"Tapas","article_publisher":"https:\/\/www.facebook.com\/tapasmagazine","article_published_time":"2023-05-09T15:26:53+00:00","article_modified_time":"2023-05-10T07:29:39+00:00","og_image":[{"width":1200,"height":675,"url":"https:\/\/www.tapasmagazine.es\/wp-content\/uploads\/2023\/05\/silencio-ibiza-mauro-colagreco-1.jpg","type":"image\/jpeg"}],"author":"Laura P\u00e9rez","twitter_card":"summary_large_image","twitter_creator":"@TapasMagazine","twitter_site":"@TapasMagazine","twitter_misc":{"Written by":"Laura P\u00e9rez","Est. reading time":"4 minutes"},"schema":{"@context":"https:\/\/schema.org","@graph":[{"@type":"Article","@id":"https:\/\/www.tapasmagazine.es\/en\/chef-mauro-colagreco-returns-to-do-magic-in-the-silence-ibiza\/#article","isPartOf":{"@id":"https:\/\/www.tapasmagazine.es\/en\/chef-mauro-colagreco-returns-to-do-magic-in-the-silence-ibiza\/"},"author":{"name":"Laura P\u00e9rez","@id":"https:\/\/www.tapasmagazine.es\/#\/schema\/person\/eb46cbe76a9c8f062660eb609e3ecb4e"},"headline":"Chef Mauro Colagreco will make magic again at El Silencio Ibiza","datePublished":"2023-05-09T15:26:53+00:00","dateModified":"2023-05-10T07:29:39+00:00","mainEntityOfPage":{"@id":"https:\/\/www.tapasmagazine.es\/en\/chef-mauro-colagreco-returns-to-do-magic-in-the-silence-ibiza\/"},"wordCount":507,"commentCount":0,"publisher":{"@id":"https:\/\/www.tapasmagazine.es\/#organization"},"image":{"@id":"https:\/\/www.tapasmagazine.es\/en\/chef-mauro-colagreco-returns-to-do-magic-in-the-silence-ibiza\/#primaryimage"},"thumbnailUrl":"https:\/\/www.tapasmagazine.es\/wp-content\/uploads\/2023\/05\/silencio-ibiza-mauro-colagreco-1.jpg","articleSection":["Gastro","News"],"inLanguage":"en-US","potentialAction":[{"@type":"CommentAction","name":"Comment","target":["https:\/\/www.tapasmagazine.es\/en\/chef-mauro-colagreco-returns-to-do-magic-in-the-silence-ibiza\/#respond"]}]},{"@type":"WebPage","@id":"https:\/\/www.tapasmagazine.es\/en\/chef-mauro-colagreco-returns-to-do-magic-in-the-silence-ibiza\/","url":"https:\/\/www.tapasmagazine.es\/en\/chef-mauro-colagreco-returns-to-do-magic-in-the-silence-ibiza\/","name":"Chef Mauro Colagreco will make magic again at El Silencio Ibiza - Tapas","isPartOf":{"@id":"https:\/\/www.tapasmagazine.es\/#website"},"primaryImageOfPage":{"@id":"https:\/\/www.tapasmagazine.es\/en\/chef-mauro-colagreco-returns-to-do-magic-in-the-silence-ibiza\/#primaryimage"},"image":{"@id":"https:\/\/www.tapasmagazine.es\/en\/chef-mauro-colagreco-returns-to-do-magic-in-the-silence-ibiza\/#primaryimage"},"thumbnailUrl":"https:\/\/www.tapasmagazine.es\/wp-content\/uploads\/2023\/05\/silencio-ibiza-mauro-colagreco-1.jpg","datePublished":"2023-05-09T15:26:53+00:00","dateModified":"2023-05-10T07:29:39+00:00","description":"Click here to read the Spanish version.El Silencio reopens the doors of its beach club in Ibiza for the third consecutive year with two new restaurants","breadcrumb":{"@id":"https:\/\/www.tapasmagazine.es\/en\/chef-mauro-colagreco-returns-to-do-magic-in-the-silence-ibiza\/#breadcrumb"},"inLanguage":"en-US","potentialAction":[{"@type":"ReadAction","target":["https:\/\/www.tapasmagazine.es\/en\/chef-mauro-colagreco-returns-to-do-magic-in-the-silence-ibiza\/"]}]},{"@type":"ImageObject","inLanguage":"en-US","@id":"https:\/\/www.tapasmagazine.es\/en\/chef-mauro-colagreco-returns-to-do-magic-in-the-silence-ibiza\/#primaryimage","url":"https:\/\/www.tapasmagazine.es\/wp-content\/uploads\/2023\/05\/silencio-ibiza-mauro-colagreco-1.jpg","contentUrl":"https:\/\/www.tapasmagazine.es\/wp-content\/uploads\/2023\/05\/silencio-ibiza-mauro-colagreco-1.jpg","width":1200,"height":675},{"@type":"BreadcrumbList","@id":"https:\/\/www.tapasmagazine.es\/en\/chef-mauro-colagreco-returns-to-do-magic-in-the-silence-ibiza\/#breadcrumb","itemListElement":[{"@type":"ListItem","position":1,"name":"Portada","item":"https:\/\/www.tapasmagazine.es\/"},{"@type":"ListItem","position":2,"name":"Gastro","item":"https:\/\/www.tapasmagazine.es\/en\/categorias\/gastro-en\/"},{"@type":"ListItem","position":3,"name":"Chef Mauro Colagreco will make magic again at El Silencio Ibiza"}]},{"@type":"WebSite","@id":"https:\/\/www.tapasmagazine.es\/#website","url":"https:\/\/www.tapasmagazine.es\/","name":"Tapas","description":"\u00d1am \u00d1am Lifestyle. La vida a bocados. Premio Nacional de Gastronom\u00eda 2016.","publisher":{"@id":"https:\/\/www.tapasmagazine.es\/#organization"},"potentialAction":[{"@type":"SearchAction","target":{"@type":"EntryPoint","urlTemplate":"https:\/\/www.tapasmagazine.es\/?s={search_term_string}"},"query-input":{"@type":"PropertyValueSpecification","valueRequired":true,"valueName":"search_term_string"}}],"inLanguage":"en-US"},{"@type":"Organization","@id":"https:\/\/www.tapasmagazine.es\/#organization","name":"Tapas Magazine","url":"https:\/\/www.tapasmagazine.es\/","logo":{"@type":"ImageObject","inLanguage":"en-US","@id":"https:\/\/www.tapasmagazine.es\/#\/schema\/logo\/image\/","url":"https:\/\/www.tapasmagazine.es\/wp-content\/uploads\/2018\/01\/logo.png","contentUrl":"https:\/\/www.tapasmagazine.es\/wp-content\/uploads\/2018\/01\/logo.png","width":180,"height":60,"caption":"Tapas Magazine"},"image":{"@id":"https:\/\/www.tapasmagazine.es\/#\/schema\/logo\/image\/"},"sameAs":["https:\/\/www.facebook.com\/tapasmagazine","https:\/\/x.com\/TapasMagazine","https:\/\/www.instagram.com\/tapasmagazine\/","https:\/\/www.linkedin.com\/company\/tapas-magazine","https:\/\/es.pinterest.com\/tapasmagazine\/","https:\/\/www.youtube.com\/channel\/UCEyxneAaACuR0lfDagrWjjg?sub_confirmation=1"]},{"@type":"Person","@id":"https:\/\/www.tapasmagazine.es\/#\/schema\/person\/eb46cbe76a9c8f062660eb609e3ecb4e","name":"Laura P\u00e9rez","url":"https:\/\/www.tapasmagazine.es\/en\/author\/laura-perez\/"}]}},"_links":{"self":[{"href":"https:\/\/www.tapasmagazine.es\/en\/wp-json\/wp\/v2\/posts\/185696","targetHints":{"allow":["GET"]}}],"collection":[{"href":"https:\/\/www.tapasmagazine.es\/en\/wp-json\/wp\/v2\/posts"}],"about":[{"href":"https:\/\/www.tapasmagazine.es\/en\/wp-json\/wp\/v2\/types\/post"}],"author":[{"embeddable":true,"href":"https:\/\/www.tapasmagazine.es\/en\/wp-json\/wp\/v2\/users\/285"}],"replies":[{"embeddable":true,"href":"https:\/\/www.tapasmagazine.es\/en\/wp-json\/wp\/v2\/comments?post=185696"}],"version-history":[{"count":3,"href":"https:\/\/www.tapasmagazine.es\/en\/wp-json\/wp\/v2\/posts\/185696\/revisions"}],"predecessor-version":[{"id":185700,"href":"https:\/\/www.tapasmagazine.es\/en\/wp-json\/wp\/v2\/posts\/185696\/revisions\/185700"}],"wp:featuredmedia":[{"embeddable":true,"href":"https:\/\/www.tapasmagazine.es\/en\/wp-json\/wp\/v2\/media\/185618"}],"wp:attachment":[{"href":"https:\/\/www.tapasmagazine.es\/en\/wp-json\/wp\/v2\/media?parent=185696"}],"wp:term":[{"taxonomy":"category","embeddable":true,"href":"https:\/\/www.tapasmagazine.es\/en\/wp-json\/wp\/v2\/categories?post=185696"},{"taxonomy":"post_tag","embeddable":true,"href":"https:\/\/www.tapasmagazine.es\/en\/wp-json\/wp\/v2\/tags?post=185696"}],"curies":[{"name":"wp","href":"https:\/\/api.w.org\/{rel}","templated":true}]}}