{"id":185214,"date":"2023-05-08T11:10:49","date_gmt":"2023-05-08T09:10:49","guid":{"rendered":"https:\/\/www.tapasmagazine.es\/?p=185214"},"modified":"2023-05-08T11:14:14","modified_gmt":"2023-05-08T09:14:14","slug":"this-was-karl-lagerfeld-controversial-diet","status":"publish","type":"post","link":"https:\/\/www.tapasmagazine.es\/en\/this-was-karl-lagerfeld-controversial-diet\/","title":{"rendered":"This was Karl Lagerfeld&#8217;s controversial diet"},"content":{"rendered":"\n<p><strong>Click <a href=\"https:\/\/www.tapasmagazine.es\/esta-era-la-controvertida-dieta-de-karl-lagerfeld\/\" target=\"_blank\" rel=\"noreferrer noopener\">here<\/a> to read the Spanish version.<\/strong><br>Although it has been more than a week since the MET Gala was held in tribute to Karl Lagerfeld, the designer continues to be a trend for issues other than his contribution to the fashion world. This time it has come to light again a controversial diet that followed the German with which he lost more than 40 kilos in just one year. In fact, in 2004 he even published a book entitled &#8216;The Karl Lagerfeld Diet&#8217;, in which he detailed what this controversial diet consisted of.<\/p>\n\n\n\n<figure class=\"wp-block-image size-large\"><a href=\"https:\/\/www.tapasmagazine.es\/wp-content\/uploads\/2023\/05\/karl-lagerfeld-coca-cola.jpg\"><img decoding=\"async\" width=\"1024\" height=\"576\" src=\"https:\/\/www.tapasmagazine.es\/wp-content\/uploads\/2023\/05\/karl-lagerfeld-coca-cola-1024x576.jpg\" alt=\"\" class=\"wp-image-185209\" srcset=\"https:\/\/www.tapasmagazine.es\/wp-content\/uploads\/2023\/05\/karl-lagerfeld-coca-cola-1024x576.jpg 1024w, https:\/\/www.tapasmagazine.es\/wp-content\/uploads\/2023\/05\/karl-lagerfeld-coca-cola-300x169.jpg 300w, https:\/\/www.tapasmagazine.es\/wp-content\/uploads\/2023\/05\/karl-lagerfeld-coca-cola-768x432.jpg 768w, https:\/\/www.tapasmagazine.es\/wp-content\/uploads\/2023\/05\/karl-lagerfeld-coca-cola-1000x563.jpg 1000w, https:\/\/www.tapasmagazine.es\/wp-content\/uploads\/2023\/05\/karl-lagerfeld-coca-cola-400x225.jpg 400w, https:\/\/www.tapasmagazine.es\/wp-content\/uploads\/2023\/05\/karl-lagerfeld-coca-cola.jpg 1200w\" sizes=\"(max-width: 1024px) 100vw, 1024px\" \/><\/a><\/figure>\n\n\n\n<p>From drinking more than 10 Diet Cokes a day to eating quail. This diet, which he called Diet-3D, was created together with nutritionist Jean-Claude Houdret (co-author of the book) and included three phases of alternating calorie intake. During the first round he would only eat 800-900 calories a day; in the next round he would go up to 1,200, while the last one was 1,600 calories a day. Considering that Harvard University advises that men should consume a minimum of 1,500 calories a day, it can be concluded that the diet followed by Lagerfeld was somewhat controversial.<\/p>\n\n\n\n<h2 class=\"wp-block-heading\">A sugar- and carbohydrate-free diet, among other restrictions<\/h2>\n\n\n\n<p>The designer went so far as to say in the book that he drank &#8220;Diet Coke from the time I get up until I go to bed. I can even drink it in the middle of the night and I can sleep. I don&#8217;t drink coffee, I don&#8217;t drink tea, I don&#8217;t drink anything else.&#8221; In her peculiar diet, sugar, red meat and carbohydrates were completely eliminated. In addition, fruits and vegetables were only eaten if they were boiled and dairy products had to be destined. As a curiosity, in the book she explained that she used to eat quail every day and that her whim consisted of having an extra slice of toast, since &#8220;it was the most delicious thing in the world&#8221;, as she said.<\/p>\n\n\n\n<figure class=\"wp-block-image size-large\"><a href=\"https:\/\/www.tapasmagazine.es\/wp-content\/uploads\/2023\/05\/karl-lagerfel-comiendo.jpg\"><img decoding=\"async\" width=\"1024\" height=\"576\" src=\"https:\/\/www.tapasmagazine.es\/wp-content\/uploads\/2023\/05\/karl-lagerfel-comiendo-1024x576.jpg\" alt=\"\" class=\"wp-image-185211\" srcset=\"https:\/\/www.tapasmagazine.es\/wp-content\/uploads\/2023\/05\/karl-lagerfel-comiendo-1024x576.jpg 1024w, https:\/\/www.tapasmagazine.es\/wp-content\/uploads\/2023\/05\/karl-lagerfel-comiendo-300x169.jpg 300w, https:\/\/www.tapasmagazine.es\/wp-content\/uploads\/2023\/05\/karl-lagerfel-comiendo-768x432.jpg 768w, https:\/\/www.tapasmagazine.es\/wp-content\/uploads\/2023\/05\/karl-lagerfel-comiendo-1000x563.jpg 1000w, https:\/\/www.tapasmagazine.es\/wp-content\/uploads\/2023\/05\/karl-lagerfel-comiendo-400x225.jpg 400w, https:\/\/www.tapasmagazine.es\/wp-content\/uploads\/2023\/05\/karl-lagerfel-comiendo.jpg 1200w\" sizes=\"(max-width: 1024px) 100vw, 1024px\" \/><\/a><\/figure>\n\n\n\n<p>With this diet the designer managed to lose more than 40 kilos in only 13 months. The reason for this weight loss was his desire to be able to wear clothes designed for very thin people, even stating that fashion &#8220;was the healthiest motivation to lose weight&#8221;. Throughout his career, Lagerfeld made several fat-phobic statements that were widely criticized. From stating that no one wanted to see curvy models to criticizing singer Adele for being &#8220;too fat&#8221;.<\/p>\n\n\n\n<p>Although &#8216;The Karl Lagerfeld Diet&#8217; received numerous negative comments from experts who advised against following such a restrictive diet without medical supervision, the book went on to sell more than one million copies.<\/p>\n","protected":false},"excerpt":{"rendered":"<p>Click here to read the Spanish version.Although it has been more than a week since the MET Gala was held in tribute to Karl Lagerfeld, the designer continues to be a trend for issues other than his contribution to the fashion world. This time it has come to light again a controversial diet that followed [&hellip;]<\/p>\n","protected":false},"author":279,"featured_media":185208,"comment_status":"open","ping_status":"closed","sticky":false,"template":"single-feature.php","format":"standard","meta":{"_acf_changed":false,"footnotes":""},"categories":[15802],"tags":[],"class_list":["post-185214","post","type-post","status-publish","format-standard","has-post-thumbnail","hentry","category-news","cat-15802-id"],"acf":[],"yoast_head":"<!-- This site is optimized with the Yoast SEO plugin v27.5 - https:\/\/yoast.com\/product\/yoast-seo-wordpress\/ -->\n<title>This was Karl Lagerfeld&#039;s controversial diet<\/title>\n<meta name=\"description\" content=\"We tell you about Karl Lagerfeld&#039;s controversial diet, which experts advise against following.\" \/>\n<meta name=\"robots\" content=\"index, follow, max-snippet:-1, max-image-preview:large, max-video-preview:-1\" \/>\n<link rel=\"canonical\" href=\"https:\/\/www.tapasmagazine.es\/en\/this-was-karl-lagerfeld-controversial-diet\/\" \/>\n<meta property=\"og:locale\" content=\"en_US\" \/>\n<meta property=\"og:type\" content=\"article\" \/>\n<meta property=\"og:title\" content=\"This was Karl Lagerfeld&#039;s controversial diet\" \/>\n<meta property=\"og:description\" content=\"We tell you about Karl Lagerfeld&#039;s controversial diet, which experts advise against following.\" \/>\n<meta property=\"og:url\" content=\"https:\/\/www.tapasmagazine.es\/en\/this-was-karl-lagerfeld-controversial-diet\/\" \/>\n<meta property=\"og:site_name\" content=\"Tapas\" \/>\n<meta property=\"article:publisher\" content=\"https:\/\/www.facebook.com\/tapasmagazine\" \/>\n<meta property=\"article:published_time\" content=\"2023-05-08T09:10:49+00:00\" \/>\n<meta property=\"article:modified_time\" content=\"2023-05-08T09:14:14+00:00\" \/>\n<meta property=\"og:image\" content=\"https:\/\/www.tapasmagazine.es\/wp-content\/uploads\/2023\/05\/karl-lagerfeld-dieta.jpg\" \/>\n\t<meta property=\"og:image:width\" content=\"1200\" \/>\n\t<meta property=\"og:image:height\" content=\"675\" \/>\n\t<meta property=\"og:image:type\" content=\"image\/jpeg\" \/>\n<meta name=\"author\" content=\"Toni Alonso\" \/>\n<meta name=\"twitter:card\" content=\"summary_large_image\" \/>\n<meta name=\"twitter:creator\" content=\"@TapasMagazine\" \/>\n<meta name=\"twitter:site\" content=\"@TapasMagazine\" \/>\n<meta name=\"twitter:label1\" content=\"Written by\" \/>\n\t<meta name=\"twitter:data1\" content=\"Toni Alonso\" \/>\n\t<meta name=\"twitter:label2\" content=\"Est. reading time\" \/>\n\t<meta name=\"twitter:data2\" content=\"3 minutes\" \/>\n<script type=\"application\/ld+json\" class=\"yoast-schema-graph\">{\"@context\":\"https:\\\/\\\/schema.org\",\"@graph\":[{\"@type\":\"Article\",\"@id\":\"https:\\\/\\\/www.tapasmagazine.es\\\/en\\\/this-was-karl-lagerfeld-controversial-diet\\\/#article\",\"isPartOf\":{\"@id\":\"https:\\\/\\\/www.tapasmagazine.es\\\/en\\\/this-was-karl-lagerfeld-controversial-diet\\\/\"},\"author\":{\"name\":\"Toni Alonso\",\"@id\":\"https:\\\/\\\/www.tapasmagazine.es\\\/#\\\/schema\\\/person\\\/63bc618d318821aa948ba50d2e18ab3d\"},\"headline\":\"This was Karl Lagerfeld&#8217;s controversial diet\",\"datePublished\":\"2023-05-08T09:10:49+00:00\",\"dateModified\":\"2023-05-08T09:14:14+00:00\",\"mainEntityOfPage\":{\"@id\":\"https:\\\/\\\/www.tapasmagazine.es\\\/en\\\/this-was-karl-lagerfeld-controversial-diet\\\/\"},\"wordCount\":439,\"commentCount\":0,\"publisher\":{\"@id\":\"https:\\\/\\\/www.tapasmagazine.es\\\/#organization\"},\"image\":{\"@id\":\"https:\\\/\\\/www.tapasmagazine.es\\\/en\\\/this-was-karl-lagerfeld-controversial-diet\\\/#primaryimage\"},\"thumbnailUrl\":\"https:\\\/\\\/www.tapasmagazine.es\\\/wp-content\\\/uploads\\\/2023\\\/05\\\/karl-lagerfeld-dieta.jpg\",\"articleSection\":[\"News\"],\"inLanguage\":\"en-US\",\"potentialAction\":[{\"@type\":\"CommentAction\",\"name\":\"Comment\",\"target\":[\"https:\\\/\\\/www.tapasmagazine.es\\\/en\\\/this-was-karl-lagerfeld-controversial-diet\\\/#respond\"]}]},{\"@type\":\"WebPage\",\"@id\":\"https:\\\/\\\/www.tapasmagazine.es\\\/en\\\/this-was-karl-lagerfeld-controversial-diet\\\/\",\"url\":\"https:\\\/\\\/www.tapasmagazine.es\\\/en\\\/this-was-karl-lagerfeld-controversial-diet\\\/\",\"name\":\"This was Karl Lagerfeld's controversial diet\",\"isPartOf\":{\"@id\":\"https:\\\/\\\/www.tapasmagazine.es\\\/#website\"},\"primaryImageOfPage\":{\"@id\":\"https:\\\/\\\/www.tapasmagazine.es\\\/en\\\/this-was-karl-lagerfeld-controversial-diet\\\/#primaryimage\"},\"image\":{\"@id\":\"https:\\\/\\\/www.tapasmagazine.es\\\/en\\\/this-was-karl-lagerfeld-controversial-diet\\\/#primaryimage\"},\"thumbnailUrl\":\"https:\\\/\\\/www.tapasmagazine.es\\\/wp-content\\\/uploads\\\/2023\\\/05\\\/karl-lagerfeld-dieta.jpg\",\"datePublished\":\"2023-05-08T09:10:49+00:00\",\"dateModified\":\"2023-05-08T09:14:14+00:00\",\"description\":\"We tell you about Karl Lagerfeld's controversial diet, which experts advise against following.\",\"breadcrumb\":{\"@id\":\"https:\\\/\\\/www.tapasmagazine.es\\\/en\\\/this-was-karl-lagerfeld-controversial-diet\\\/#breadcrumb\"},\"inLanguage\":\"en-US\",\"potentialAction\":[{\"@type\":\"ReadAction\",\"target\":[\"https:\\\/\\\/www.tapasmagazine.es\\\/en\\\/this-was-karl-lagerfeld-controversial-diet\\\/\"]}]},{\"@type\":\"ImageObject\",\"inLanguage\":\"en-US\",\"@id\":\"https:\\\/\\\/www.tapasmagazine.es\\\/en\\\/this-was-karl-lagerfeld-controversial-diet\\\/#primaryimage\",\"url\":\"https:\\\/\\\/www.tapasmagazine.es\\\/wp-content\\\/uploads\\\/2023\\\/05\\\/karl-lagerfeld-dieta.jpg\",\"contentUrl\":\"https:\\\/\\\/www.tapasmagazine.es\\\/wp-content\\\/uploads\\\/2023\\\/05\\\/karl-lagerfeld-dieta.jpg\",\"width\":1200,\"height\":675},{\"@type\":\"BreadcrumbList\",\"@id\":\"https:\\\/\\\/www.tapasmagazine.es\\\/en\\\/this-was-karl-lagerfeld-controversial-diet\\\/#breadcrumb\",\"itemListElement\":[{\"@type\":\"ListItem\",\"position\":1,\"name\":\"Portada\",\"item\":\"https:\\\/\\\/www.tapasmagazine.es\\\/\"},{\"@type\":\"ListItem\",\"position\":2,\"name\":\"News\",\"item\":\"https:\\\/\\\/www.tapasmagazine.es\\\/en\\\/categorias\\\/news\\\/\"},{\"@type\":\"ListItem\",\"position\":3,\"name\":\"This was Karl Lagerfeld&#8217;s controversial diet\"}]},{\"@type\":\"WebSite\",\"@id\":\"https:\\\/\\\/www.tapasmagazine.es\\\/#website\",\"url\":\"https:\\\/\\\/www.tapasmagazine.es\\\/\",\"name\":\"Tapas\",\"description\":\"\u00d1am \u00d1am Lifestyle. La vida a bocados. Premio Nacional de Gastronom\u00eda 2016.\",\"publisher\":{\"@id\":\"https:\\\/\\\/www.tapasmagazine.es\\\/#organization\"},\"potentialAction\":[{\"@type\":\"SearchAction\",\"target\":{\"@type\":\"EntryPoint\",\"urlTemplate\":\"https:\\\/\\\/www.tapasmagazine.es\\\/?s={search_term_string}\"},\"query-input\":{\"@type\":\"PropertyValueSpecification\",\"valueRequired\":true,\"valueName\":\"search_term_string\"}}],\"inLanguage\":\"en-US\"},{\"@type\":\"Organization\",\"@id\":\"https:\\\/\\\/www.tapasmagazine.es\\\/#organization\",\"name\":\"Tapas Magazine\",\"url\":\"https:\\\/\\\/www.tapasmagazine.es\\\/\",\"logo\":{\"@type\":\"ImageObject\",\"inLanguage\":\"en-US\",\"@id\":\"https:\\\/\\\/www.tapasmagazine.es\\\/#\\\/schema\\\/logo\\\/image\\\/\",\"url\":\"https:\\\/\\\/www.tapasmagazine.es\\\/wp-content\\\/uploads\\\/2018\\\/01\\\/logo.png\",\"contentUrl\":\"https:\\\/\\\/www.tapasmagazine.es\\\/wp-content\\\/uploads\\\/2018\\\/01\\\/logo.png\",\"width\":180,\"height\":60,\"caption\":\"Tapas Magazine\"},\"image\":{\"@id\":\"https:\\\/\\\/www.tapasmagazine.es\\\/#\\\/schema\\\/logo\\\/image\\\/\"},\"sameAs\":[\"https:\\\/\\\/www.facebook.com\\\/tapasmagazine\",\"https:\\\/\\\/x.com\\\/TapasMagazine\",\"https:\\\/\\\/www.instagram.com\\\/tapasmagazine\\\/\",\"https:\\\/\\\/www.linkedin.com\\\/company\\\/tapas-magazine\",\"https:\\\/\\\/es.pinterest.com\\\/tapasmagazine\\\/\",\"https:\\\/\\\/www.youtube.com\\\/channel\\\/UCEyxneAaACuR0lfDagrWjjg?sub_confirmation=1\"]},{\"@type\":\"Person\",\"@id\":\"https:\\\/\\\/www.tapasmagazine.es\\\/#\\\/schema\\\/person\\\/63bc618d318821aa948ba50d2e18ab3d\",\"name\":\"Toni Alonso\",\"url\":\"https:\\\/\\\/www.tapasmagazine.es\\\/en\\\/author\\\/antonio-alonso\\\/\"}]}<\/script>\n<!-- \/ Yoast SEO plugin. -->","yoast_head_json":{"title":"This was Karl Lagerfeld's controversial diet","description":"We tell you about Karl Lagerfeld's controversial diet, which experts advise against following.","robots":{"index":"index","follow":"follow","max-snippet":"max-snippet:-1","max-image-preview":"max-image-preview:large","max-video-preview":"max-video-preview:-1"},"canonical":"https:\/\/www.tapasmagazine.es\/en\/this-was-karl-lagerfeld-controversial-diet\/","og_locale":"en_US","og_type":"article","og_title":"This was Karl Lagerfeld's controversial diet","og_description":"We tell you about Karl Lagerfeld's controversial diet, which experts advise against following.","og_url":"https:\/\/www.tapasmagazine.es\/en\/this-was-karl-lagerfeld-controversial-diet\/","og_site_name":"Tapas","article_publisher":"https:\/\/www.facebook.com\/tapasmagazine","article_published_time":"2023-05-08T09:10:49+00:00","article_modified_time":"2023-05-08T09:14:14+00:00","og_image":[{"width":1200,"height":675,"url":"https:\/\/www.tapasmagazine.es\/wp-content\/uploads\/2023\/05\/karl-lagerfeld-dieta.jpg","type":"image\/jpeg"}],"author":"Toni Alonso","twitter_card":"summary_large_image","twitter_creator":"@TapasMagazine","twitter_site":"@TapasMagazine","twitter_misc":{"Written by":"Toni Alonso","Est. reading time":"3 minutes"},"schema":{"@context":"https:\/\/schema.org","@graph":[{"@type":"Article","@id":"https:\/\/www.tapasmagazine.es\/en\/this-was-karl-lagerfeld-controversial-diet\/#article","isPartOf":{"@id":"https:\/\/www.tapasmagazine.es\/en\/this-was-karl-lagerfeld-controversial-diet\/"},"author":{"name":"Toni Alonso","@id":"https:\/\/www.tapasmagazine.es\/#\/schema\/person\/63bc618d318821aa948ba50d2e18ab3d"},"headline":"This was Karl Lagerfeld&#8217;s controversial diet","datePublished":"2023-05-08T09:10:49+00:00","dateModified":"2023-05-08T09:14:14+00:00","mainEntityOfPage":{"@id":"https:\/\/www.tapasmagazine.es\/en\/this-was-karl-lagerfeld-controversial-diet\/"},"wordCount":439,"commentCount":0,"publisher":{"@id":"https:\/\/www.tapasmagazine.es\/#organization"},"image":{"@id":"https:\/\/www.tapasmagazine.es\/en\/this-was-karl-lagerfeld-controversial-diet\/#primaryimage"},"thumbnailUrl":"https:\/\/www.tapasmagazine.es\/wp-content\/uploads\/2023\/05\/karl-lagerfeld-dieta.jpg","articleSection":["News"],"inLanguage":"en-US","potentialAction":[{"@type":"CommentAction","name":"Comment","target":["https:\/\/www.tapasmagazine.es\/en\/this-was-karl-lagerfeld-controversial-diet\/#respond"]}]},{"@type":"WebPage","@id":"https:\/\/www.tapasmagazine.es\/en\/this-was-karl-lagerfeld-controversial-diet\/","url":"https:\/\/www.tapasmagazine.es\/en\/this-was-karl-lagerfeld-controversial-diet\/","name":"This was Karl Lagerfeld's controversial diet","isPartOf":{"@id":"https:\/\/www.tapasmagazine.es\/#website"},"primaryImageOfPage":{"@id":"https:\/\/www.tapasmagazine.es\/en\/this-was-karl-lagerfeld-controversial-diet\/#primaryimage"},"image":{"@id":"https:\/\/www.tapasmagazine.es\/en\/this-was-karl-lagerfeld-controversial-diet\/#primaryimage"},"thumbnailUrl":"https:\/\/www.tapasmagazine.es\/wp-content\/uploads\/2023\/05\/karl-lagerfeld-dieta.jpg","datePublished":"2023-05-08T09:10:49+00:00","dateModified":"2023-05-08T09:14:14+00:00","description":"We tell you about Karl Lagerfeld's controversial diet, which experts advise against following.","breadcrumb":{"@id":"https:\/\/www.tapasmagazine.es\/en\/this-was-karl-lagerfeld-controversial-diet\/#breadcrumb"},"inLanguage":"en-US","potentialAction":[{"@type":"ReadAction","target":["https:\/\/www.tapasmagazine.es\/en\/this-was-karl-lagerfeld-controversial-diet\/"]}]},{"@type":"ImageObject","inLanguage":"en-US","@id":"https:\/\/www.tapasmagazine.es\/en\/this-was-karl-lagerfeld-controversial-diet\/#primaryimage","url":"https:\/\/www.tapasmagazine.es\/wp-content\/uploads\/2023\/05\/karl-lagerfeld-dieta.jpg","contentUrl":"https:\/\/www.tapasmagazine.es\/wp-content\/uploads\/2023\/05\/karl-lagerfeld-dieta.jpg","width":1200,"height":675},{"@type":"BreadcrumbList","@id":"https:\/\/www.tapasmagazine.es\/en\/this-was-karl-lagerfeld-controversial-diet\/#breadcrumb","itemListElement":[{"@type":"ListItem","position":1,"name":"Portada","item":"https:\/\/www.tapasmagazine.es\/"},{"@type":"ListItem","position":2,"name":"News","item":"https:\/\/www.tapasmagazine.es\/en\/categorias\/news\/"},{"@type":"ListItem","position":3,"name":"This was Karl Lagerfeld&#8217;s controversial diet"}]},{"@type":"WebSite","@id":"https:\/\/www.tapasmagazine.es\/#website","url":"https:\/\/www.tapasmagazine.es\/","name":"Tapas","description":"\u00d1am \u00d1am Lifestyle. La vida a bocados. Premio Nacional de Gastronom\u00eda 2016.","publisher":{"@id":"https:\/\/www.tapasmagazine.es\/#organization"},"potentialAction":[{"@type":"SearchAction","target":{"@type":"EntryPoint","urlTemplate":"https:\/\/www.tapasmagazine.es\/?s={search_term_string}"},"query-input":{"@type":"PropertyValueSpecification","valueRequired":true,"valueName":"search_term_string"}}],"inLanguage":"en-US"},{"@type":"Organization","@id":"https:\/\/www.tapasmagazine.es\/#organization","name":"Tapas Magazine","url":"https:\/\/www.tapasmagazine.es\/","logo":{"@type":"ImageObject","inLanguage":"en-US","@id":"https:\/\/www.tapasmagazine.es\/#\/schema\/logo\/image\/","url":"https:\/\/www.tapasmagazine.es\/wp-content\/uploads\/2018\/01\/logo.png","contentUrl":"https:\/\/www.tapasmagazine.es\/wp-content\/uploads\/2018\/01\/logo.png","width":180,"height":60,"caption":"Tapas Magazine"},"image":{"@id":"https:\/\/www.tapasmagazine.es\/#\/schema\/logo\/image\/"},"sameAs":["https:\/\/www.facebook.com\/tapasmagazine","https:\/\/x.com\/TapasMagazine","https:\/\/www.instagram.com\/tapasmagazine\/","https:\/\/www.linkedin.com\/company\/tapas-magazine","https:\/\/es.pinterest.com\/tapasmagazine\/","https:\/\/www.youtube.com\/channel\/UCEyxneAaACuR0lfDagrWjjg?sub_confirmation=1"]},{"@type":"Person","@id":"https:\/\/www.tapasmagazine.es\/#\/schema\/person\/63bc618d318821aa948ba50d2e18ab3d","name":"Toni Alonso","url":"https:\/\/www.tapasmagazine.es\/en\/author\/antonio-alonso\/"}]}},"_links":{"self":[{"href":"https:\/\/www.tapasmagazine.es\/en\/wp-json\/wp\/v2\/posts\/185214","targetHints":{"allow":["GET"]}}],"collection":[{"href":"https:\/\/www.tapasmagazine.es\/en\/wp-json\/wp\/v2\/posts"}],"about":[{"href":"https:\/\/www.tapasmagazine.es\/en\/wp-json\/wp\/v2\/types\/post"}],"author":[{"embeddable":true,"href":"https:\/\/www.tapasmagazine.es\/en\/wp-json\/wp\/v2\/users\/279"}],"replies":[{"embeddable":true,"href":"https:\/\/www.tapasmagazine.es\/en\/wp-json\/wp\/v2\/comments?post=185214"}],"version-history":[{"count":3,"href":"https:\/\/www.tapasmagazine.es\/en\/wp-json\/wp\/v2\/posts\/185214\/revisions"}],"predecessor-version":[{"id":185221,"href":"https:\/\/www.tapasmagazine.es\/en\/wp-json\/wp\/v2\/posts\/185214\/revisions\/185221"}],"wp:featuredmedia":[{"embeddable":true,"href":"https:\/\/www.tapasmagazine.es\/en\/wp-json\/wp\/v2\/media\/185208"}],"wp:attachment":[{"href":"https:\/\/www.tapasmagazine.es\/en\/wp-json\/wp\/v2\/media?parent=185214"}],"wp:term":[{"taxonomy":"category","embeddable":true,"href":"https:\/\/www.tapasmagazine.es\/en\/wp-json\/wp\/v2\/categories?post=185214"},{"taxonomy":"post_tag","embeddable":true,"href":"https:\/\/www.tapasmagazine.es\/en\/wp-json\/wp\/v2\/tags?post=185214"}],"curies":[{"name":"wp","href":"https:\/\/api.w.org\/{rel}","templated":true}]}}