{"id":184539,"date":"2023-05-01T09:29:20","date_gmt":"2023-05-01T07:29:20","guid":{"rendered":"https:\/\/www.tapasmagazine.es\/?p=184539"},"modified":"2023-05-01T09:32:29","modified_gmt":"2023-05-01T07:32:29","slug":"el-primer-restaurante-de-martin-berasategui-cumple-30-anos","status":"publish","type":"post","link":"https:\/\/www.tapasmagazine.es\/en\/el-primer-restaurante-de-martin-berasategui-cumple-30-anos\/","title":{"rendered":"Mart\u00edn Berasategui&#8217;s first restaurant celebrates its 30th anniversary"},"content":{"rendered":"\n<p><strong>Click <a href=\"https:\/\/www.tapasmagazine.es\/el-primer-restaurante-de-martin-berasategui-cumple-30-anos\/\">here<\/a> to read in spanish.<\/strong><\/p>\n\n\n\n<p>Mart\u00edn Berasategui (1960, San Sebasti\u00e1n) has become an essential figure in national gastronomy. This chef, who has been dedicated body and soul to cooking for 48 years, began his first steps at Bodeg\u00f3n Alejandro, a restaurant run by his parents and aunt, located in the old part of San Sebasti\u00e1n, where he earned his first Michelin Star.<\/p>\n\n\n\n<p>After spending time in France and Monaco during his youth to learn the art of gastronomy from renowned chefs such as Jean Paul Heinard, Andr\u00e9 Mandion, Fran\u00e7ois Brouchican, Bernard Lacarrau, Didier Oudill, Michel Guerard and Alain Ducasse, on May 1, 1993, Berasategui opened with his wife, Oneka Arregui, the Mart\u00edn Berasategui restaurant in Lasarte-Oria, 7 km from San Sebastian. The same opening that today celebrates its 30th anniversary.<\/p>\n\n\n\n<p>Within 6 months of the inauguration this emblematic restaurant got its first Michelin star, three years later it received the second one and in the 2002 guide it was awarded the maximum qualification of the guide, three.<\/p>\n\n\n\n<p>Berasategui, who accumulates 12 Michelin stars and 12 Repsol Suns distributed among his different restaurants, is a legend of world gastronomy. His brilliant experience has led him to achieve countless awards, among them, the Golden Drum of San Sebastian in 2005, the Gold Medal of Merit in Fine Arts by the Ministry of Culture and Sport of Spain in 2019, and the one we awarded him in this magazine: the &#8216;Chef of the Year 2019&#8217;.<\/p>\n\n\n\n<p>But beyond the awards he can get, the greatest achievement that a chef like him can win is the recognition of his loyal audience, the same that has kept alive the essence of the Mart\u00edn Berasategui Restaurant in Lasarte-Oria that, on a day like today, but 30 years ago, changed the history of gastronomy in this country.<\/p>\n\n\n\n<p>From Tapas we recommend all readers to visit this splendid place. The food is first class and the service is unmatched. You can check out the menu here, it is not to be missed.<\/p>\n\n\n\n<figure class=\"wp-block-embed is-type-rich is-provider-instagram wp-block-embed-instagram\"><div class=\"wp-block-embed__wrapper\">\nhttps:\/\/www.instagram.com\/p\/CqKndrxDEW9\/\n<\/div><\/figure>\n","protected":false},"excerpt":{"rendered":"<p>Click here to read in spanish. Mart\u00edn Berasategui (1960, San Sebasti\u00e1n) has become an essential figure in national gastronomy. This chef, who has been dedicated body and soul to cooking for 48 years, began his first steps at Bodeg\u00f3n Alejandro, a restaurant run by his parents and aunt, located in the old part of San [&hellip;]<\/p>\n","protected":false},"author":23,"featured_media":184538,"comment_status":"open","ping_status":"closed","sticky":false,"template":"single-feature.php","format":"standard","meta":{"_acf_changed":false,"footnotes":""},"categories":[15848,15807],"tags":[17778],"class_list":["post-184539","post","type-post","status-publish","format-standard","has-post-thumbnail","hentry","category-chefs-en","category-gastro-en","tag-martin-berasategui-en","cat-15848-id","cat-15807-id"],"acf":[],"yoast_head":"<!-- This site is optimized with the Yoast SEO plugin v27.4 - https:\/\/yoast.com\/product\/yoast-seo-wordpress\/ -->\n<title>Mart\u00edn Berasategui&#039;s first restaurant celebrates its 30th anniversary - Tapas<\/title>\n<meta name=\"description\" content=\"Click here to read in spanish. Mart\u00edn Berasategui (1960, San Sebasti\u00e1n) has become an essential figure in national gastronomy. This chef, who has been\" \/>\n<meta name=\"robots\" content=\"index, follow, max-snippet:-1, max-image-preview:large, max-video-preview:-1\" \/>\n<link rel=\"canonical\" href=\"https:\/\/www.tapasmagazine.es\/en\/el-primer-restaurante-de-martin-berasategui-cumple-30-anos\/\" \/>\n<meta property=\"og:locale\" content=\"en_US\" \/>\n<meta property=\"og:type\" content=\"article\" \/>\n<meta property=\"og:title\" content=\"Mart\u00edn Berasategui&#039;s first restaurant celebrates its 30th anniversary - Tapas\" \/>\n<meta property=\"og:description\" content=\"Click here to read in spanish. Mart\u00edn Berasategui (1960, San Sebasti\u00e1n) has become an essential figure in national gastronomy. This chef, who has been\" \/>\n<meta property=\"og:url\" content=\"https:\/\/www.tapasmagazine.es\/en\/el-primer-restaurante-de-martin-berasategui-cumple-30-anos\/\" \/>\n<meta property=\"og:site_name\" content=\"Tapas\" \/>\n<meta property=\"article:publisher\" content=\"https:\/\/www.facebook.com\/tapasmagazine\" \/>\n<meta property=\"article:published_time\" content=\"2023-05-01T07:29:20+00:00\" \/>\n<meta property=\"article:modified_time\" content=\"2023-05-01T07:32:29+00:00\" \/>\n<meta property=\"og:image\" content=\"https:\/\/www.tapasmagazine.es\/wp-content\/uploads\/2023\/05\/aaaa120349-vpgp-2.jpg\" \/>\n\t<meta property=\"og:image:width\" content=\"1200\" \/>\n\t<meta property=\"og:image:height\" content=\"675\" \/>\n\t<meta property=\"og:image:type\" content=\"image\/jpeg\" \/>\n<meta name=\"author\" content=\"Tapas\" \/>\n<meta name=\"twitter:card\" content=\"summary_large_image\" \/>\n<meta name=\"twitter:creator\" content=\"@TapasMagazine\" \/>\n<meta name=\"twitter:site\" content=\"@TapasMagazine\" \/>\n<meta name=\"twitter:label1\" content=\"Written by\" \/>\n\t<meta name=\"twitter:data1\" content=\"Tapas\" \/>\n\t<meta name=\"twitter:label2\" content=\"Est. reading time\" \/>\n\t<meta name=\"twitter:data2\" content=\"2 minutes\" \/>\n<script type=\"application\/ld+json\" class=\"yoast-schema-graph\">{\"@context\":\"https:\\\/\\\/schema.org\",\"@graph\":[{\"@type\":\"Article\",\"@id\":\"https:\\\/\\\/www.tapasmagazine.es\\\/en\\\/el-primer-restaurante-de-martin-berasategui-cumple-30-anos\\\/#article\",\"isPartOf\":{\"@id\":\"https:\\\/\\\/www.tapasmagazine.es\\\/en\\\/el-primer-restaurante-de-martin-berasategui-cumple-30-anos\\\/\"},\"author\":{\"name\":\"Tapas\",\"@id\":\"https:\\\/\\\/www.tapasmagazine.es\\\/#\\\/schema\\\/person\\\/8bf373b672ffa6f78a076c90acdfaf26\"},\"headline\":\"Mart\u00edn Berasategui&#8217;s first restaurant celebrates its 30th anniversary\",\"datePublished\":\"2023-05-01T07:29:20+00:00\",\"dateModified\":\"2023-05-01T07:32:29+00:00\",\"mainEntityOfPage\":{\"@id\":\"https:\\\/\\\/www.tapasmagazine.es\\\/en\\\/el-primer-restaurante-de-martin-berasategui-cumple-30-anos\\\/\"},\"wordCount\":344,\"commentCount\":0,\"publisher\":{\"@id\":\"https:\\\/\\\/www.tapasmagazine.es\\\/#organization\"},\"image\":{\"@id\":\"https:\\\/\\\/www.tapasmagazine.es\\\/en\\\/el-primer-restaurante-de-martin-berasategui-cumple-30-anos\\\/#primaryimage\"},\"thumbnailUrl\":\"https:\\\/\\\/www.tapasmagazine.es\\\/wp-content\\\/uploads\\\/2023\\\/05\\\/aaaa120349-vpgp-2.jpg\",\"keywords\":[\"Mart\u00edn Berasategui\"],\"articleSection\":[\"Chefs\",\"Gastro\"],\"inLanguage\":\"en-US\",\"potentialAction\":[{\"@type\":\"CommentAction\",\"name\":\"Comment\",\"target\":[\"https:\\\/\\\/www.tapasmagazine.es\\\/en\\\/el-primer-restaurante-de-martin-berasategui-cumple-30-anos\\\/#respond\"]}]},{\"@type\":\"WebPage\",\"@id\":\"https:\\\/\\\/www.tapasmagazine.es\\\/en\\\/el-primer-restaurante-de-martin-berasategui-cumple-30-anos\\\/\",\"url\":\"https:\\\/\\\/www.tapasmagazine.es\\\/en\\\/el-primer-restaurante-de-martin-berasategui-cumple-30-anos\\\/\",\"name\":\"Mart\u00edn Berasategui's first restaurant celebrates its 30th anniversary - Tapas\",\"isPartOf\":{\"@id\":\"https:\\\/\\\/www.tapasmagazine.es\\\/#website\"},\"primaryImageOfPage\":{\"@id\":\"https:\\\/\\\/www.tapasmagazine.es\\\/en\\\/el-primer-restaurante-de-martin-berasategui-cumple-30-anos\\\/#primaryimage\"},\"image\":{\"@id\":\"https:\\\/\\\/www.tapasmagazine.es\\\/en\\\/el-primer-restaurante-de-martin-berasategui-cumple-30-anos\\\/#primaryimage\"},\"thumbnailUrl\":\"https:\\\/\\\/www.tapasmagazine.es\\\/wp-content\\\/uploads\\\/2023\\\/05\\\/aaaa120349-vpgp-2.jpg\",\"datePublished\":\"2023-05-01T07:29:20+00:00\",\"dateModified\":\"2023-05-01T07:32:29+00:00\",\"description\":\"Click here to read in spanish. Mart\u00edn Berasategui (1960, San Sebasti\u00e1n) has become an essential figure in national gastronomy. This chef, who has been\",\"breadcrumb\":{\"@id\":\"https:\\\/\\\/www.tapasmagazine.es\\\/en\\\/el-primer-restaurante-de-martin-berasategui-cumple-30-anos\\\/#breadcrumb\"},\"inLanguage\":\"en-US\",\"potentialAction\":[{\"@type\":\"ReadAction\",\"target\":[\"https:\\\/\\\/www.tapasmagazine.es\\\/en\\\/el-primer-restaurante-de-martin-berasategui-cumple-30-anos\\\/\"]}]},{\"@type\":\"ImageObject\",\"inLanguage\":\"en-US\",\"@id\":\"https:\\\/\\\/www.tapasmagazine.es\\\/en\\\/el-primer-restaurante-de-martin-berasategui-cumple-30-anos\\\/#primaryimage\",\"url\":\"https:\\\/\\\/www.tapasmagazine.es\\\/wp-content\\\/uploads\\\/2023\\\/05\\\/aaaa120349-vpgp-2.jpg\",\"contentUrl\":\"https:\\\/\\\/www.tapasmagazine.es\\\/wp-content\\\/uploads\\\/2023\\\/05\\\/aaaa120349-vpgp-2.jpg\",\"width\":1200,\"height\":675,\"caption\":\"Mart\u00edn Berasategui.\"},{\"@type\":\"BreadcrumbList\",\"@id\":\"https:\\\/\\\/www.tapasmagazine.es\\\/en\\\/el-primer-restaurante-de-martin-berasategui-cumple-30-anos\\\/#breadcrumb\",\"itemListElement\":[{\"@type\":\"ListItem\",\"position\":1,\"name\":\"Portada\",\"item\":\"https:\\\/\\\/www.tapasmagazine.es\\\/\"},{\"@type\":\"ListItem\",\"position\":2,\"name\":\"Gastro\",\"item\":\"https:\\\/\\\/www.tapasmagazine.es\\\/en\\\/categorias\\\/gastro-en\\\/\"},{\"@type\":\"ListItem\",\"position\":3,\"name\":\"Mart\u00edn Berasategui&#8217;s first restaurant celebrates its 30th anniversary\"}]},{\"@type\":\"WebSite\",\"@id\":\"https:\\\/\\\/www.tapasmagazine.es\\\/#website\",\"url\":\"https:\\\/\\\/www.tapasmagazine.es\\\/\",\"name\":\"Tapas\",\"description\":\"\u00d1am \u00d1am Lifestyle. La vida a bocados. Premio Nacional de Gastronom\u00eda 2016.\",\"publisher\":{\"@id\":\"https:\\\/\\\/www.tapasmagazine.es\\\/#organization\"},\"potentialAction\":[{\"@type\":\"SearchAction\",\"target\":{\"@type\":\"EntryPoint\",\"urlTemplate\":\"https:\\\/\\\/www.tapasmagazine.es\\\/?s={search_term_string}\"},\"query-input\":{\"@type\":\"PropertyValueSpecification\",\"valueRequired\":true,\"valueName\":\"search_term_string\"}}],\"inLanguage\":\"en-US\"},{\"@type\":\"Organization\",\"@id\":\"https:\\\/\\\/www.tapasmagazine.es\\\/#organization\",\"name\":\"Tapas Magazine\",\"url\":\"https:\\\/\\\/www.tapasmagazine.es\\\/\",\"logo\":{\"@type\":\"ImageObject\",\"inLanguage\":\"en-US\",\"@id\":\"https:\\\/\\\/www.tapasmagazine.es\\\/#\\\/schema\\\/logo\\\/image\\\/\",\"url\":\"https:\\\/\\\/www.tapasmagazine.es\\\/wp-content\\\/uploads\\\/2018\\\/01\\\/logo.png\",\"contentUrl\":\"https:\\\/\\\/www.tapasmagazine.es\\\/wp-content\\\/uploads\\\/2018\\\/01\\\/logo.png\",\"width\":180,\"height\":60,\"caption\":\"Tapas Magazine\"},\"image\":{\"@id\":\"https:\\\/\\\/www.tapasmagazine.es\\\/#\\\/schema\\\/logo\\\/image\\\/\"},\"sameAs\":[\"https:\\\/\\\/www.facebook.com\\\/tapasmagazine\",\"https:\\\/\\\/x.com\\\/TapasMagazine\",\"https:\\\/\\\/www.instagram.com\\\/tapasmagazine\\\/\",\"https:\\\/\\\/www.linkedin.com\\\/company\\\/tapas-magazine\",\"https:\\\/\\\/es.pinterest.com\\\/tapasmagazine\\\/\",\"https:\\\/\\\/www.youtube.com\\\/channel\\\/UCEyxneAaACuR0lfDagrWjjg?sub_confirmation=1\"]},{\"@type\":\"Person\",\"@id\":\"https:\\\/\\\/www.tapasmagazine.es\\\/#\\\/schema\\\/person\\\/8bf373b672ffa6f78a076c90acdfaf26\",\"name\":\"Tapas\",\"url\":\"https:\\\/\\\/www.tapasmagazine.es\\\/en\\\/author\\\/spainmediaweb-tapas\\\/\"}]}<\/script>\n<!-- \/ Yoast SEO plugin. -->","yoast_head_json":{"title":"Mart\u00edn Berasategui's first restaurant celebrates its 30th anniversary - Tapas","description":"Click here to read in spanish. Mart\u00edn Berasategui (1960, San Sebasti\u00e1n) has become an essential figure in national gastronomy. This chef, who has been","robots":{"index":"index","follow":"follow","max-snippet":"max-snippet:-1","max-image-preview":"max-image-preview:large","max-video-preview":"max-video-preview:-1"},"canonical":"https:\/\/www.tapasmagazine.es\/en\/el-primer-restaurante-de-martin-berasategui-cumple-30-anos\/","og_locale":"en_US","og_type":"article","og_title":"Mart\u00edn Berasategui's first restaurant celebrates its 30th anniversary - Tapas","og_description":"Click here to read in spanish. Mart\u00edn Berasategui (1960, San Sebasti\u00e1n) has become an essential figure in national gastronomy. This chef, who has been","og_url":"https:\/\/www.tapasmagazine.es\/en\/el-primer-restaurante-de-martin-berasategui-cumple-30-anos\/","og_site_name":"Tapas","article_publisher":"https:\/\/www.facebook.com\/tapasmagazine","article_published_time":"2023-05-01T07:29:20+00:00","article_modified_time":"2023-05-01T07:32:29+00:00","og_image":[{"width":1200,"height":675,"url":"https:\/\/www.tapasmagazine.es\/wp-content\/uploads\/2023\/05\/aaaa120349-vpgp-2.jpg","type":"image\/jpeg"}],"author":"Tapas","twitter_card":"summary_large_image","twitter_creator":"@TapasMagazine","twitter_site":"@TapasMagazine","twitter_misc":{"Written by":"Tapas","Est. reading time":"2 minutes"},"schema":{"@context":"https:\/\/schema.org","@graph":[{"@type":"Article","@id":"https:\/\/www.tapasmagazine.es\/en\/el-primer-restaurante-de-martin-berasategui-cumple-30-anos\/#article","isPartOf":{"@id":"https:\/\/www.tapasmagazine.es\/en\/el-primer-restaurante-de-martin-berasategui-cumple-30-anos\/"},"author":{"name":"Tapas","@id":"https:\/\/www.tapasmagazine.es\/#\/schema\/person\/8bf373b672ffa6f78a076c90acdfaf26"},"headline":"Mart\u00edn Berasategui&#8217;s first restaurant celebrates its 30th anniversary","datePublished":"2023-05-01T07:29:20+00:00","dateModified":"2023-05-01T07:32:29+00:00","mainEntityOfPage":{"@id":"https:\/\/www.tapasmagazine.es\/en\/el-primer-restaurante-de-martin-berasategui-cumple-30-anos\/"},"wordCount":344,"commentCount":0,"publisher":{"@id":"https:\/\/www.tapasmagazine.es\/#organization"},"image":{"@id":"https:\/\/www.tapasmagazine.es\/en\/el-primer-restaurante-de-martin-berasategui-cumple-30-anos\/#primaryimage"},"thumbnailUrl":"https:\/\/www.tapasmagazine.es\/wp-content\/uploads\/2023\/05\/aaaa120349-vpgp-2.jpg","keywords":["Mart\u00edn Berasategui"],"articleSection":["Chefs","Gastro"],"inLanguage":"en-US","potentialAction":[{"@type":"CommentAction","name":"Comment","target":["https:\/\/www.tapasmagazine.es\/en\/el-primer-restaurante-de-martin-berasategui-cumple-30-anos\/#respond"]}]},{"@type":"WebPage","@id":"https:\/\/www.tapasmagazine.es\/en\/el-primer-restaurante-de-martin-berasategui-cumple-30-anos\/","url":"https:\/\/www.tapasmagazine.es\/en\/el-primer-restaurante-de-martin-berasategui-cumple-30-anos\/","name":"Mart\u00edn Berasategui's first restaurant celebrates its 30th anniversary - Tapas","isPartOf":{"@id":"https:\/\/www.tapasmagazine.es\/#website"},"primaryImageOfPage":{"@id":"https:\/\/www.tapasmagazine.es\/en\/el-primer-restaurante-de-martin-berasategui-cumple-30-anos\/#primaryimage"},"image":{"@id":"https:\/\/www.tapasmagazine.es\/en\/el-primer-restaurante-de-martin-berasategui-cumple-30-anos\/#primaryimage"},"thumbnailUrl":"https:\/\/www.tapasmagazine.es\/wp-content\/uploads\/2023\/05\/aaaa120349-vpgp-2.jpg","datePublished":"2023-05-01T07:29:20+00:00","dateModified":"2023-05-01T07:32:29+00:00","description":"Click here to read in spanish. Mart\u00edn Berasategui (1960, San Sebasti\u00e1n) has become an essential figure in national gastronomy. This chef, who has been","breadcrumb":{"@id":"https:\/\/www.tapasmagazine.es\/en\/el-primer-restaurante-de-martin-berasategui-cumple-30-anos\/#breadcrumb"},"inLanguage":"en-US","potentialAction":[{"@type":"ReadAction","target":["https:\/\/www.tapasmagazine.es\/en\/el-primer-restaurante-de-martin-berasategui-cumple-30-anos\/"]}]},{"@type":"ImageObject","inLanguage":"en-US","@id":"https:\/\/www.tapasmagazine.es\/en\/el-primer-restaurante-de-martin-berasategui-cumple-30-anos\/#primaryimage","url":"https:\/\/www.tapasmagazine.es\/wp-content\/uploads\/2023\/05\/aaaa120349-vpgp-2.jpg","contentUrl":"https:\/\/www.tapasmagazine.es\/wp-content\/uploads\/2023\/05\/aaaa120349-vpgp-2.jpg","width":1200,"height":675,"caption":"Mart\u00edn Berasategui."},{"@type":"BreadcrumbList","@id":"https:\/\/www.tapasmagazine.es\/en\/el-primer-restaurante-de-martin-berasategui-cumple-30-anos\/#breadcrumb","itemListElement":[{"@type":"ListItem","position":1,"name":"Portada","item":"https:\/\/www.tapasmagazine.es\/"},{"@type":"ListItem","position":2,"name":"Gastro","item":"https:\/\/www.tapasmagazine.es\/en\/categorias\/gastro-en\/"},{"@type":"ListItem","position":3,"name":"Mart\u00edn Berasategui&#8217;s first restaurant celebrates its 30th anniversary"}]},{"@type":"WebSite","@id":"https:\/\/www.tapasmagazine.es\/#website","url":"https:\/\/www.tapasmagazine.es\/","name":"Tapas","description":"\u00d1am \u00d1am Lifestyle. La vida a bocados. Premio Nacional de Gastronom\u00eda 2016.","publisher":{"@id":"https:\/\/www.tapasmagazine.es\/#organization"},"potentialAction":[{"@type":"SearchAction","target":{"@type":"EntryPoint","urlTemplate":"https:\/\/www.tapasmagazine.es\/?s={search_term_string}"},"query-input":{"@type":"PropertyValueSpecification","valueRequired":true,"valueName":"search_term_string"}}],"inLanguage":"en-US"},{"@type":"Organization","@id":"https:\/\/www.tapasmagazine.es\/#organization","name":"Tapas Magazine","url":"https:\/\/www.tapasmagazine.es\/","logo":{"@type":"ImageObject","inLanguage":"en-US","@id":"https:\/\/www.tapasmagazine.es\/#\/schema\/logo\/image\/","url":"https:\/\/www.tapasmagazine.es\/wp-content\/uploads\/2018\/01\/logo.png","contentUrl":"https:\/\/www.tapasmagazine.es\/wp-content\/uploads\/2018\/01\/logo.png","width":180,"height":60,"caption":"Tapas Magazine"},"image":{"@id":"https:\/\/www.tapasmagazine.es\/#\/schema\/logo\/image\/"},"sameAs":["https:\/\/www.facebook.com\/tapasmagazine","https:\/\/x.com\/TapasMagazine","https:\/\/www.instagram.com\/tapasmagazine\/","https:\/\/www.linkedin.com\/company\/tapas-magazine","https:\/\/es.pinterest.com\/tapasmagazine\/","https:\/\/www.youtube.com\/channel\/UCEyxneAaACuR0lfDagrWjjg?sub_confirmation=1"]},{"@type":"Person","@id":"https:\/\/www.tapasmagazine.es\/#\/schema\/person\/8bf373b672ffa6f78a076c90acdfaf26","name":"Tapas","url":"https:\/\/www.tapasmagazine.es\/en\/author\/spainmediaweb-tapas\/"}]}},"_links":{"self":[{"href":"https:\/\/www.tapasmagazine.es\/en\/wp-json\/wp\/v2\/posts\/184539","targetHints":{"allow":["GET"]}}],"collection":[{"href":"https:\/\/www.tapasmagazine.es\/en\/wp-json\/wp\/v2\/posts"}],"about":[{"href":"https:\/\/www.tapasmagazine.es\/en\/wp-json\/wp\/v2\/types\/post"}],"author":[{"embeddable":true,"href":"https:\/\/www.tapasmagazine.es\/en\/wp-json\/wp\/v2\/users\/23"}],"replies":[{"embeddable":true,"href":"https:\/\/www.tapasmagazine.es\/en\/wp-json\/wp\/v2\/comments?post=184539"}],"version-history":[{"count":9,"href":"https:\/\/www.tapasmagazine.es\/en\/wp-json\/wp\/v2\/posts\/184539\/revisions"}],"predecessor-version":[{"id":184552,"href":"https:\/\/www.tapasmagazine.es\/en\/wp-json\/wp\/v2\/posts\/184539\/revisions\/184552"}],"wp:featuredmedia":[{"embeddable":true,"href":"https:\/\/www.tapasmagazine.es\/en\/wp-json\/wp\/v2\/media\/184538"}],"wp:attachment":[{"href":"https:\/\/www.tapasmagazine.es\/en\/wp-json\/wp\/v2\/media?parent=184539"}],"wp:term":[{"taxonomy":"category","embeddable":true,"href":"https:\/\/www.tapasmagazine.es\/en\/wp-json\/wp\/v2\/categories?post=184539"},{"taxonomy":"post_tag","embeddable":true,"href":"https:\/\/www.tapasmagazine.es\/en\/wp-json\/wp\/v2\/tags?post=184539"}],"curies":[{"name":"wp","href":"https:\/\/api.w.org\/{rel}","templated":true}]}}