{"id":183174,"date":"2023-04-21T11:45:23","date_gmt":"2023-04-21T09:45:23","guid":{"rendered":"https:\/\/www.tapasmagazine.es\/emma-chamberlain-presenta-una-linea-de-cafes-ready-to-go\/"},"modified":"2023-04-21T12:14:38","modified_gmt":"2023-04-21T10:14:38","slug":"emma-chamberlain-presents-a-line-of-coffees-ready-to-go","status":"publish","type":"post","link":"https:\/\/www.tapasmagazine.es\/en\/emma-chamberlain-presents-a-line-of-coffees-ready-to-go\/","title":{"rendered":"Emma Chamberlain introduces a line of &#8220;ready to go&#8221; coffees"},"content":{"rendered":"\n<p><strong>Click <a href=\"https:\/\/www.tapasmagazine.es\/emma-chamberlain-presenta-una-linea-de-cafes-ready-to-go\/\" target=\"_blank\" rel=\"noreferrer noopener\">here<\/a> to read the Spanish version.<\/strong><br>Whether you are a follower of Emma Chamberlain or not, there is no doubt that her coffee brand has altered the codes associated with this stimulating beverage. Not only because of the aesthetics that surround it, but also because of all the innovative and quality products that have made it a leading coffee lifestyle brand. Now, the social icon has just reaffirmed this status with the launch of its new line of ready-to-drink (RTD), plant-based coffees in cans.<\/p>\n\n\n\n<figure class=\"wp-block-image size-large\"><a href=\"https:\/\/www.tapasmagazine.es\/wp-content\/uploads\/2023\/04\/emma-chamberlain-coffe-ready-to-go-2.jpg\"><img decoding=\"async\" width=\"1024\" height=\"1024\" src=\"https:\/\/www.tapasmagazine.es\/wp-content\/uploads\/2023\/04\/emma-chamberlain-coffe-ready-to-go-2-1024x1024.jpg\" alt=\"\" class=\"wp-image-183133\" srcset=\"https:\/\/www.tapasmagazine.es\/wp-content\/uploads\/2023\/04\/emma-chamberlain-coffe-ready-to-go-2-1024x1024.jpg 1024w, https:\/\/www.tapasmagazine.es\/wp-content\/uploads\/2023\/04\/emma-chamberlain-coffe-ready-to-go-2-300x300.jpg 300w, https:\/\/www.tapasmagazine.es\/wp-content\/uploads\/2023\/04\/emma-chamberlain-coffe-ready-to-go-2-150x150.jpg 150w, https:\/\/www.tapasmagazine.es\/wp-content\/uploads\/2023\/04\/emma-chamberlain-coffe-ready-to-go-2-768x768.jpg 768w, https:\/\/www.tapasmagazine.es\/wp-content\/uploads\/2023\/04\/emma-chamberlain-coffe-ready-to-go-2-1000x1000.jpg 1000w, https:\/\/www.tapasmagazine.es\/wp-content\/uploads\/2023\/04\/emma-chamberlain-coffe-ready-to-go-2-400x400.jpg 400w, https:\/\/www.tapasmagazine.es\/wp-content\/uploads\/2023\/04\/emma-chamberlain-coffe-ready-to-go-2.jpg 1080w\" sizes=\"(max-width: 1024px) 100vw, 1024px\" \/><\/a><\/figure>\n\n\n\n<p>This launch offers all its fandom the same exclusive product they have been waiting for in a new and convenient format thanks to an exclusive collaboration with Walmart, which will display these plant-based coffees on its shelves nationwide. A collection of creative beverages that will be available in four flavors: classic cold brew, mocha latte, cinnamon bun coffee, vanilla latte and traditional latte.<\/p>\n\n\n\n<figure class=\"wp-block-gallery has-nested-images columns-default is-cropped wp-block-gallery-1 is-layout-flex wp-block-gallery-is-layout-flex\">\n<figure class=\"wp-block-image size-large\"><a href=\"https:\/\/www.tapasmagazine.es\/wp-content\/uploads\/2023\/04\/emma-chamberlain-coffe-ready-to-go-4.jpg\"><img decoding=\"async\" width=\"820\" height=\"1024\" data-id=\"183137\" src=\"https:\/\/www.tapasmagazine.es\/wp-content\/uploads\/2023\/04\/emma-chamberlain-coffe-ready-to-go-4-820x1024.jpg\" alt=\"\" class=\"wp-image-183137\" srcset=\"https:\/\/www.tapasmagazine.es\/wp-content\/uploads\/2023\/04\/emma-chamberlain-coffe-ready-to-go-4-820x1024.jpg 820w, https:\/\/www.tapasmagazine.es\/wp-content\/uploads\/2023\/04\/emma-chamberlain-coffe-ready-to-go-4-240x300.jpg 240w, https:\/\/www.tapasmagazine.es\/wp-content\/uploads\/2023\/04\/emma-chamberlain-coffe-ready-to-go-4-768x959.jpg 768w, https:\/\/www.tapasmagazine.es\/wp-content\/uploads\/2023\/04\/emma-chamberlain-coffe-ready-to-go-4-1229x1536.jpg 1229w, https:\/\/www.tapasmagazine.es\/wp-content\/uploads\/2023\/04\/emma-chamberlain-coffe-ready-to-go-4-1000x1249.jpg 1000w, https:\/\/www.tapasmagazine.es\/wp-content\/uploads\/2023\/04\/emma-chamberlain-coffe-ready-to-go-4-400x500.jpg 400w, https:\/\/www.tapasmagazine.es\/wp-content\/uploads\/2023\/04\/emma-chamberlain-coffe-ready-to-go-4.jpg 1440w\" sizes=\"(max-width: 820px) 100vw, 820px\" \/><\/a><\/figure>\n\n\n\n<figure class=\"wp-block-image size-large\"><a href=\"https:\/\/www.tapasmagazine.es\/wp-content\/uploads\/2023\/04\/emma-chamberlain-coffe-ready-to-go-3.jpg\"><img decoding=\"async\" width=\"820\" height=\"1024\" data-id=\"183135\" src=\"https:\/\/www.tapasmagazine.es\/wp-content\/uploads\/2023\/04\/emma-chamberlain-coffe-ready-to-go-3-820x1024.jpg\" alt=\"\" class=\"wp-image-183135\" srcset=\"https:\/\/www.tapasmagazine.es\/wp-content\/uploads\/2023\/04\/emma-chamberlain-coffe-ready-to-go-3-820x1024.jpg 820w, https:\/\/www.tapasmagazine.es\/wp-content\/uploads\/2023\/04\/emma-chamberlain-coffe-ready-to-go-3-240x300.jpg 240w, https:\/\/www.tapasmagazine.es\/wp-content\/uploads\/2023\/04\/emma-chamberlain-coffe-ready-to-go-3-768x959.jpg 768w, https:\/\/www.tapasmagazine.es\/wp-content\/uploads\/2023\/04\/emma-chamberlain-coffe-ready-to-go-3-1230x1536.jpg 1230w, https:\/\/www.tapasmagazine.es\/wp-content\/uploads\/2023\/04\/emma-chamberlain-coffe-ready-to-go-3-1000x1249.jpg 1000w, https:\/\/www.tapasmagazine.es\/wp-content\/uploads\/2023\/04\/emma-chamberlain-coffe-ready-to-go-3-400x499.jpg 400w, https:\/\/www.tapasmagazine.es\/wp-content\/uploads\/2023\/04\/emma-chamberlain-coffe-ready-to-go-3.jpg 1440w\" sizes=\"(max-width: 820px) 100vw, 820px\" \/><\/a><\/figure>\n<\/figure>\n\n\n\n<p>Generation Z&#8217;s favorite caffeine drinker goes beyond the classic coffee bags and cold brew pods with this new concept that, according to the content creator, was scarce in the market: ready-to-drink coffees that are as dairy-free and healthy as possible. Each of these coffees, made with almond milk or coconut cream, only contain 1 gram of sugar per unit.<\/p>\n\n\n\n<figure class=\"wp-block-image size-large\"><a href=\"https:\/\/www.tapasmagazine.es\/wp-content\/uploads\/2023\/04\/emma-chamberlain-coffe-ready-to-go-5.jpg\"><img decoding=\"async\" width=\"1024\" height=\"1024\" src=\"https:\/\/www.tapasmagazine.es\/wp-content\/uploads\/2023\/04\/emma-chamberlain-coffe-ready-to-go-5-1024x1024.jpg\" alt=\"\" class=\"wp-image-183139\" srcset=\"https:\/\/www.tapasmagazine.es\/wp-content\/uploads\/2023\/04\/emma-chamberlain-coffe-ready-to-go-5-1024x1024.jpg 1024w, https:\/\/www.tapasmagazine.es\/wp-content\/uploads\/2023\/04\/emma-chamberlain-coffe-ready-to-go-5-300x300.jpg 300w, https:\/\/www.tapasmagazine.es\/wp-content\/uploads\/2023\/04\/emma-chamberlain-coffe-ready-to-go-5-150x150.jpg 150w, https:\/\/www.tapasmagazine.es\/wp-content\/uploads\/2023\/04\/emma-chamberlain-coffe-ready-to-go-5-768x768.jpg 768w, https:\/\/www.tapasmagazine.es\/wp-content\/uploads\/2023\/04\/emma-chamberlain-coffe-ready-to-go-5-1000x1000.jpg 1000w, https:\/\/www.tapasmagazine.es\/wp-content\/uploads\/2023\/04\/emma-chamberlain-coffe-ready-to-go-5-400x400.jpg 400w, https:\/\/www.tapasmagazine.es\/wp-content\/uploads\/2023\/04\/emma-chamberlain-coffe-ready-to-go-5.jpg 1080w\" sizes=\"(max-width: 1024px) 100vw, 1024px\" \/><\/a><\/figure>\n\n\n\n<p>This emerging line of coffees, as it could not be otherwise considering the elevated aesthetics that define its Instagram feed or its Youtube videos, is dressed in Emma&#8217;s distinctive design codes, with attractive packaging and vibrant colors on which its classic animals are illustrated in naive key that identify each of the coffee typologies.<\/p>\n","protected":false},"excerpt":{"rendered":"<p>Click here to read the Spanish version.Whether you are a follower of Emma Chamberlain or not, there is no doubt that her coffee brand has altered the codes associated with this stimulating beverage. Not only because of the aesthetics that surround it, but also because of all the innovative and quality products that have made [&hellip;]<\/p>\n","protected":false},"author":285,"featured_media":183132,"comment_status":"open","ping_status":"closed","sticky":false,"template":"single-feature.php","format":"standard","meta":{"_acf_changed":false,"footnotes":""},"categories":[15802],"tags":[16537],"class_list":["post-183174","post","type-post","status-publish","format-standard","has-post-thumbnail","hentry","category-news","tag-cafe-en","cat-15802-id"],"acf":[],"yoast_head":"<!-- This site is optimized with the Yoast SEO plugin v27.4 - https:\/\/yoast.com\/product\/yoast-seo-wordpress\/ -->\n<title>Emma Chamberlain introduces a line of &quot;ready to go&quot; coffees - Tapas<\/title>\n<meta name=\"description\" content=\"Click here to read the Spanish version.Whether you are a follower of Emma Chamberlain or not, there is no doubt that her coffee brand has altered the\" \/>\n<meta name=\"robots\" content=\"index, follow, max-snippet:-1, max-image-preview:large, max-video-preview:-1\" \/>\n<link rel=\"canonical\" href=\"https:\/\/www.tapasmagazine.es\/en\/emma-chamberlain-presents-a-line-of-coffees-ready-to-go\/\" \/>\n<meta property=\"og:locale\" content=\"en_US\" \/>\n<meta property=\"og:type\" content=\"article\" \/>\n<meta property=\"og:title\" content=\"Emma Chamberlain introduces a line of &quot;ready to go&quot; coffees - Tapas\" \/>\n<meta property=\"og:description\" content=\"Click here to read the Spanish version.Whether you are a follower of Emma Chamberlain or not, there is no doubt that her coffee brand has altered the\" \/>\n<meta property=\"og:url\" content=\"https:\/\/www.tapasmagazine.es\/en\/emma-chamberlain-presents-a-line-of-coffees-ready-to-go\/\" \/>\n<meta property=\"og:site_name\" content=\"Tapas\" \/>\n<meta property=\"article:publisher\" content=\"https:\/\/www.facebook.com\/tapasmagazine\" \/>\n<meta property=\"article:published_time\" content=\"2023-04-21T09:45:23+00:00\" \/>\n<meta property=\"article:modified_time\" content=\"2023-04-21T10:14:38+00:00\" \/>\n<meta property=\"og:image\" content=\"https:\/\/www.tapasmagazine.es\/wp-content\/uploads\/2023\/04\/emma-chamberlain-coffe-ready-to-go-1.jpg\" \/>\n\t<meta property=\"og:image:width\" content=\"1200\" \/>\n\t<meta property=\"og:image:height\" content=\"675\" \/>\n\t<meta property=\"og:image:type\" content=\"image\/jpeg\" \/>\n<meta name=\"author\" content=\"Laura P\u00e9rez\" \/>\n<meta name=\"twitter:card\" content=\"summary_large_image\" \/>\n<meta name=\"twitter:creator\" content=\"@TapasMagazine\" \/>\n<meta name=\"twitter:site\" content=\"@TapasMagazine\" \/>\n<meta name=\"twitter:label1\" content=\"Written by\" \/>\n\t<meta name=\"twitter:data1\" content=\"Laura P\u00e9rez\" \/>\n\t<meta name=\"twitter:label2\" content=\"Est. reading time\" \/>\n\t<meta name=\"twitter:data2\" content=\"2 minutes\" \/>\n<script type=\"application\/ld+json\" class=\"yoast-schema-graph\">{\"@context\":\"https:\\\/\\\/schema.org\",\"@graph\":[{\"@type\":\"Article\",\"@id\":\"https:\\\/\\\/www.tapasmagazine.es\\\/en\\\/emma-chamberlain-presents-a-line-of-coffees-ready-to-go\\\/#article\",\"isPartOf\":{\"@id\":\"https:\\\/\\\/www.tapasmagazine.es\\\/en\\\/emma-chamberlain-presents-a-line-of-coffees-ready-to-go\\\/\"},\"author\":{\"name\":\"Laura P\u00e9rez\",\"@id\":\"https:\\\/\\\/www.tapasmagazine.es\\\/#\\\/schema\\\/person\\\/eb46cbe76a9c8f062660eb609e3ecb4e\"},\"headline\":\"Emma Chamberlain introduces a line of &#8220;ready to go&#8221; coffees\",\"datePublished\":\"2023-04-21T09:45:23+00:00\",\"dateModified\":\"2023-04-21T10:14:38+00:00\",\"mainEntityOfPage\":{\"@id\":\"https:\\\/\\\/www.tapasmagazine.es\\\/en\\\/emma-chamberlain-presents-a-line-of-coffees-ready-to-go\\\/\"},\"wordCount\":272,\"commentCount\":0,\"publisher\":{\"@id\":\"https:\\\/\\\/www.tapasmagazine.es\\\/#organization\"},\"image\":{\"@id\":\"https:\\\/\\\/www.tapasmagazine.es\\\/en\\\/emma-chamberlain-presents-a-line-of-coffees-ready-to-go\\\/#primaryimage\"},\"thumbnailUrl\":\"https:\\\/\\\/www.tapasmagazine.es\\\/wp-content\\\/uploads\\\/2023\\\/04\\\/emma-chamberlain-coffe-ready-to-go-1.jpg\",\"keywords\":[\"caf\u00e9\"],\"articleSection\":[\"News\"],\"inLanguage\":\"en-US\",\"potentialAction\":[{\"@type\":\"CommentAction\",\"name\":\"Comment\",\"target\":[\"https:\\\/\\\/www.tapasmagazine.es\\\/en\\\/emma-chamberlain-presents-a-line-of-coffees-ready-to-go\\\/#respond\"]}]},{\"@type\":\"WebPage\",\"@id\":\"https:\\\/\\\/www.tapasmagazine.es\\\/en\\\/emma-chamberlain-presents-a-line-of-coffees-ready-to-go\\\/\",\"url\":\"https:\\\/\\\/www.tapasmagazine.es\\\/en\\\/emma-chamberlain-presents-a-line-of-coffees-ready-to-go\\\/\",\"name\":\"Emma Chamberlain introduces a line of \\\"ready to go\\\" coffees - Tapas\",\"isPartOf\":{\"@id\":\"https:\\\/\\\/www.tapasmagazine.es\\\/#website\"},\"primaryImageOfPage\":{\"@id\":\"https:\\\/\\\/www.tapasmagazine.es\\\/en\\\/emma-chamberlain-presents-a-line-of-coffees-ready-to-go\\\/#primaryimage\"},\"image\":{\"@id\":\"https:\\\/\\\/www.tapasmagazine.es\\\/en\\\/emma-chamberlain-presents-a-line-of-coffees-ready-to-go\\\/#primaryimage\"},\"thumbnailUrl\":\"https:\\\/\\\/www.tapasmagazine.es\\\/wp-content\\\/uploads\\\/2023\\\/04\\\/emma-chamberlain-coffe-ready-to-go-1.jpg\",\"datePublished\":\"2023-04-21T09:45:23+00:00\",\"dateModified\":\"2023-04-21T10:14:38+00:00\",\"description\":\"Click here to read the Spanish version.Whether you are a follower of Emma Chamberlain or not, there is no doubt that her coffee brand has altered the\",\"breadcrumb\":{\"@id\":\"https:\\\/\\\/www.tapasmagazine.es\\\/en\\\/emma-chamberlain-presents-a-line-of-coffees-ready-to-go\\\/#breadcrumb\"},\"inLanguage\":\"en-US\",\"potentialAction\":[{\"@type\":\"ReadAction\",\"target\":[\"https:\\\/\\\/www.tapasmagazine.es\\\/en\\\/emma-chamberlain-presents-a-line-of-coffees-ready-to-go\\\/\"]}]},{\"@type\":\"ImageObject\",\"inLanguage\":\"en-US\",\"@id\":\"https:\\\/\\\/www.tapasmagazine.es\\\/en\\\/emma-chamberlain-presents-a-line-of-coffees-ready-to-go\\\/#primaryimage\",\"url\":\"https:\\\/\\\/www.tapasmagazine.es\\\/wp-content\\\/uploads\\\/2023\\\/04\\\/emma-chamberlain-coffe-ready-to-go-1.jpg\",\"contentUrl\":\"https:\\\/\\\/www.tapasmagazine.es\\\/wp-content\\\/uploads\\\/2023\\\/04\\\/emma-chamberlain-coffe-ready-to-go-1.jpg\",\"width\":1200,\"height\":675},{\"@type\":\"BreadcrumbList\",\"@id\":\"https:\\\/\\\/www.tapasmagazine.es\\\/en\\\/emma-chamberlain-presents-a-line-of-coffees-ready-to-go\\\/#breadcrumb\",\"itemListElement\":[{\"@type\":\"ListItem\",\"position\":1,\"name\":\"Portada\",\"item\":\"https:\\\/\\\/www.tapasmagazine.es\\\/\"},{\"@type\":\"ListItem\",\"position\":2,\"name\":\"News\",\"item\":\"https:\\\/\\\/www.tapasmagazine.es\\\/en\\\/categorias\\\/news\\\/\"},{\"@type\":\"ListItem\",\"position\":3,\"name\":\"Emma Chamberlain introduces a line of \u00abready to go\u00bb coffees\"}]},{\"@type\":\"WebSite\",\"@id\":\"https:\\\/\\\/www.tapasmagazine.es\\\/#website\",\"url\":\"https:\\\/\\\/www.tapasmagazine.es\\\/\",\"name\":\"Tapas\",\"description\":\"\u00d1am \u00d1am Lifestyle. La vida a bocados. Premio Nacional de Gastronom\u00eda 2016.\",\"publisher\":{\"@id\":\"https:\\\/\\\/www.tapasmagazine.es\\\/#organization\"},\"potentialAction\":[{\"@type\":\"SearchAction\",\"target\":{\"@type\":\"EntryPoint\",\"urlTemplate\":\"https:\\\/\\\/www.tapasmagazine.es\\\/?s={search_term_string}\"},\"query-input\":{\"@type\":\"PropertyValueSpecification\",\"valueRequired\":true,\"valueName\":\"search_term_string\"}}],\"inLanguage\":\"en-US\"},{\"@type\":\"Organization\",\"@id\":\"https:\\\/\\\/www.tapasmagazine.es\\\/#organization\",\"name\":\"Tapas Magazine\",\"url\":\"https:\\\/\\\/www.tapasmagazine.es\\\/\",\"logo\":{\"@type\":\"ImageObject\",\"inLanguage\":\"en-US\",\"@id\":\"https:\\\/\\\/www.tapasmagazine.es\\\/#\\\/schema\\\/logo\\\/image\\\/\",\"url\":\"https:\\\/\\\/www.tapasmagazine.es\\\/wp-content\\\/uploads\\\/2018\\\/01\\\/logo.png\",\"contentUrl\":\"https:\\\/\\\/www.tapasmagazine.es\\\/wp-content\\\/uploads\\\/2018\\\/01\\\/logo.png\",\"width\":180,\"height\":60,\"caption\":\"Tapas Magazine\"},\"image\":{\"@id\":\"https:\\\/\\\/www.tapasmagazine.es\\\/#\\\/schema\\\/logo\\\/image\\\/\"},\"sameAs\":[\"https:\\\/\\\/www.facebook.com\\\/tapasmagazine\",\"https:\\\/\\\/x.com\\\/TapasMagazine\",\"https:\\\/\\\/www.instagram.com\\\/tapasmagazine\\\/\",\"https:\\\/\\\/www.linkedin.com\\\/company\\\/tapas-magazine\",\"https:\\\/\\\/es.pinterest.com\\\/tapasmagazine\\\/\",\"https:\\\/\\\/www.youtube.com\\\/channel\\\/UCEyxneAaACuR0lfDagrWjjg?sub_confirmation=1\"]},{\"@type\":\"Person\",\"@id\":\"https:\\\/\\\/www.tapasmagazine.es\\\/#\\\/schema\\\/person\\\/eb46cbe76a9c8f062660eb609e3ecb4e\",\"name\":\"Laura P\u00e9rez\",\"url\":\"https:\\\/\\\/www.tapasmagazine.es\\\/en\\\/author\\\/laura-perez\\\/\"}]}<\/script>\n<!-- \/ Yoast SEO plugin. -->","yoast_head_json":{"title":"Emma Chamberlain introduces a line of \"ready to go\" coffees - Tapas","description":"Click here to read the Spanish version.Whether you are a follower of Emma Chamberlain or not, there is no doubt that her coffee brand has altered the","robots":{"index":"index","follow":"follow","max-snippet":"max-snippet:-1","max-image-preview":"max-image-preview:large","max-video-preview":"max-video-preview:-1"},"canonical":"https:\/\/www.tapasmagazine.es\/en\/emma-chamberlain-presents-a-line-of-coffees-ready-to-go\/","og_locale":"en_US","og_type":"article","og_title":"Emma Chamberlain introduces a line of \"ready to go\" coffees - Tapas","og_description":"Click here to read the Spanish version.Whether you are a follower of Emma Chamberlain or not, there is no doubt that her coffee brand has altered the","og_url":"https:\/\/www.tapasmagazine.es\/en\/emma-chamberlain-presents-a-line-of-coffees-ready-to-go\/","og_site_name":"Tapas","article_publisher":"https:\/\/www.facebook.com\/tapasmagazine","article_published_time":"2023-04-21T09:45:23+00:00","article_modified_time":"2023-04-21T10:14:38+00:00","og_image":[{"width":1200,"height":675,"url":"https:\/\/www.tapasmagazine.es\/wp-content\/uploads\/2023\/04\/emma-chamberlain-coffe-ready-to-go-1.jpg","type":"image\/jpeg"}],"author":"Laura P\u00e9rez","twitter_card":"summary_large_image","twitter_creator":"@TapasMagazine","twitter_site":"@TapasMagazine","twitter_misc":{"Written by":"Laura P\u00e9rez","Est. reading time":"2 minutes"},"schema":{"@context":"https:\/\/schema.org","@graph":[{"@type":"Article","@id":"https:\/\/www.tapasmagazine.es\/en\/emma-chamberlain-presents-a-line-of-coffees-ready-to-go\/#article","isPartOf":{"@id":"https:\/\/www.tapasmagazine.es\/en\/emma-chamberlain-presents-a-line-of-coffees-ready-to-go\/"},"author":{"name":"Laura P\u00e9rez","@id":"https:\/\/www.tapasmagazine.es\/#\/schema\/person\/eb46cbe76a9c8f062660eb609e3ecb4e"},"headline":"Emma Chamberlain introduces a line of &#8220;ready to go&#8221; coffees","datePublished":"2023-04-21T09:45:23+00:00","dateModified":"2023-04-21T10:14:38+00:00","mainEntityOfPage":{"@id":"https:\/\/www.tapasmagazine.es\/en\/emma-chamberlain-presents-a-line-of-coffees-ready-to-go\/"},"wordCount":272,"commentCount":0,"publisher":{"@id":"https:\/\/www.tapasmagazine.es\/#organization"},"image":{"@id":"https:\/\/www.tapasmagazine.es\/en\/emma-chamberlain-presents-a-line-of-coffees-ready-to-go\/#primaryimage"},"thumbnailUrl":"https:\/\/www.tapasmagazine.es\/wp-content\/uploads\/2023\/04\/emma-chamberlain-coffe-ready-to-go-1.jpg","keywords":["caf\u00e9"],"articleSection":["News"],"inLanguage":"en-US","potentialAction":[{"@type":"CommentAction","name":"Comment","target":["https:\/\/www.tapasmagazine.es\/en\/emma-chamberlain-presents-a-line-of-coffees-ready-to-go\/#respond"]}]},{"@type":"WebPage","@id":"https:\/\/www.tapasmagazine.es\/en\/emma-chamberlain-presents-a-line-of-coffees-ready-to-go\/","url":"https:\/\/www.tapasmagazine.es\/en\/emma-chamberlain-presents-a-line-of-coffees-ready-to-go\/","name":"Emma Chamberlain introduces a line of \"ready to go\" coffees - Tapas","isPartOf":{"@id":"https:\/\/www.tapasmagazine.es\/#website"},"primaryImageOfPage":{"@id":"https:\/\/www.tapasmagazine.es\/en\/emma-chamberlain-presents-a-line-of-coffees-ready-to-go\/#primaryimage"},"image":{"@id":"https:\/\/www.tapasmagazine.es\/en\/emma-chamberlain-presents-a-line-of-coffees-ready-to-go\/#primaryimage"},"thumbnailUrl":"https:\/\/www.tapasmagazine.es\/wp-content\/uploads\/2023\/04\/emma-chamberlain-coffe-ready-to-go-1.jpg","datePublished":"2023-04-21T09:45:23+00:00","dateModified":"2023-04-21T10:14:38+00:00","description":"Click here to read the Spanish version.Whether you are a follower of Emma Chamberlain or not, there is no doubt that her coffee brand has altered the","breadcrumb":{"@id":"https:\/\/www.tapasmagazine.es\/en\/emma-chamberlain-presents-a-line-of-coffees-ready-to-go\/#breadcrumb"},"inLanguage":"en-US","potentialAction":[{"@type":"ReadAction","target":["https:\/\/www.tapasmagazine.es\/en\/emma-chamberlain-presents-a-line-of-coffees-ready-to-go\/"]}]},{"@type":"ImageObject","inLanguage":"en-US","@id":"https:\/\/www.tapasmagazine.es\/en\/emma-chamberlain-presents-a-line-of-coffees-ready-to-go\/#primaryimage","url":"https:\/\/www.tapasmagazine.es\/wp-content\/uploads\/2023\/04\/emma-chamberlain-coffe-ready-to-go-1.jpg","contentUrl":"https:\/\/www.tapasmagazine.es\/wp-content\/uploads\/2023\/04\/emma-chamberlain-coffe-ready-to-go-1.jpg","width":1200,"height":675},{"@type":"BreadcrumbList","@id":"https:\/\/www.tapasmagazine.es\/en\/emma-chamberlain-presents-a-line-of-coffees-ready-to-go\/#breadcrumb","itemListElement":[{"@type":"ListItem","position":1,"name":"Portada","item":"https:\/\/www.tapasmagazine.es\/"},{"@type":"ListItem","position":2,"name":"News","item":"https:\/\/www.tapasmagazine.es\/en\/categorias\/news\/"},{"@type":"ListItem","position":3,"name":"Emma Chamberlain introduces a line of \u00abready to go\u00bb coffees"}]},{"@type":"WebSite","@id":"https:\/\/www.tapasmagazine.es\/#website","url":"https:\/\/www.tapasmagazine.es\/","name":"Tapas","description":"\u00d1am \u00d1am Lifestyle. La vida a bocados. Premio Nacional de Gastronom\u00eda 2016.","publisher":{"@id":"https:\/\/www.tapasmagazine.es\/#organization"},"potentialAction":[{"@type":"SearchAction","target":{"@type":"EntryPoint","urlTemplate":"https:\/\/www.tapasmagazine.es\/?s={search_term_string}"},"query-input":{"@type":"PropertyValueSpecification","valueRequired":true,"valueName":"search_term_string"}}],"inLanguage":"en-US"},{"@type":"Organization","@id":"https:\/\/www.tapasmagazine.es\/#organization","name":"Tapas Magazine","url":"https:\/\/www.tapasmagazine.es\/","logo":{"@type":"ImageObject","inLanguage":"en-US","@id":"https:\/\/www.tapasmagazine.es\/#\/schema\/logo\/image\/","url":"https:\/\/www.tapasmagazine.es\/wp-content\/uploads\/2018\/01\/logo.png","contentUrl":"https:\/\/www.tapasmagazine.es\/wp-content\/uploads\/2018\/01\/logo.png","width":180,"height":60,"caption":"Tapas Magazine"},"image":{"@id":"https:\/\/www.tapasmagazine.es\/#\/schema\/logo\/image\/"},"sameAs":["https:\/\/www.facebook.com\/tapasmagazine","https:\/\/x.com\/TapasMagazine","https:\/\/www.instagram.com\/tapasmagazine\/","https:\/\/www.linkedin.com\/company\/tapas-magazine","https:\/\/es.pinterest.com\/tapasmagazine\/","https:\/\/www.youtube.com\/channel\/UCEyxneAaACuR0lfDagrWjjg?sub_confirmation=1"]},{"@type":"Person","@id":"https:\/\/www.tapasmagazine.es\/#\/schema\/person\/eb46cbe76a9c8f062660eb609e3ecb4e","name":"Laura P\u00e9rez","url":"https:\/\/www.tapasmagazine.es\/en\/author\/laura-perez\/"}]}},"_links":{"self":[{"href":"https:\/\/www.tapasmagazine.es\/en\/wp-json\/wp\/v2\/posts\/183174","targetHints":{"allow":["GET"]}}],"collection":[{"href":"https:\/\/www.tapasmagazine.es\/en\/wp-json\/wp\/v2\/posts"}],"about":[{"href":"https:\/\/www.tapasmagazine.es\/en\/wp-json\/wp\/v2\/types\/post"}],"author":[{"embeddable":true,"href":"https:\/\/www.tapasmagazine.es\/en\/wp-json\/wp\/v2\/users\/285"}],"replies":[{"embeddable":true,"href":"https:\/\/www.tapasmagazine.es\/en\/wp-json\/wp\/v2\/comments?post=183174"}],"version-history":[{"count":3,"href":"https:\/\/www.tapasmagazine.es\/en\/wp-json\/wp\/v2\/posts\/183174\/revisions"}],"predecessor-version":[{"id":183178,"href":"https:\/\/www.tapasmagazine.es\/en\/wp-json\/wp\/v2\/posts\/183174\/revisions\/183178"}],"wp:featuredmedia":[{"embeddable":true,"href":"https:\/\/www.tapasmagazine.es\/en\/wp-json\/wp\/v2\/media\/183132"}],"wp:attachment":[{"href":"https:\/\/www.tapasmagazine.es\/en\/wp-json\/wp\/v2\/media?parent=183174"}],"wp:term":[{"taxonomy":"category","embeddable":true,"href":"https:\/\/www.tapasmagazine.es\/en\/wp-json\/wp\/v2\/categories?post=183174"},{"taxonomy":"post_tag","embeddable":true,"href":"https:\/\/www.tapasmagazine.es\/en\/wp-json\/wp\/v2\/tags?post=183174"}],"curies":[{"name":"wp","href":"https:\/\/api.w.org\/{rel}","templated":true}]}}