{"id":179892,"date":"2023-03-28T18:22:22","date_gmt":"2023-03-28T16:22:22","guid":{"rendered":"https:\/\/www.tapasmagazine.es\/nutella-presenta-una-coleccion-de-tarros-vestidos-de-paisajes-iconicos\/"},"modified":"2023-03-29T11:42:22","modified_gmt":"2023-03-29T09:42:22","slug":"nutella-introduces-collection-of-jars-dressed-as-iconic-landscapes","status":"publish","type":"post","link":"https:\/\/www.tapasmagazine.es\/en\/nutella-introduces-collection-of-jars-dressed-as-iconic-landscapes\/","title":{"rendered":"Nutella introduces a collection of jars dressed as iconic landscapes"},"content":{"rendered":"\n<p><strong>Click <a href=\"https:\/\/www.tapasmagazine.es\/nutella-presenta-una-coleccion-de-tarros-vestidos-de-paisajes-iconicos\/\" target=\"_blank\" rel=\"noreferrer noopener\">here<\/a> to read the Spanish version.<\/strong><br>Nutella tours 15 unusual places through a new limited edition of its memorable 700 gram jars featuring photographs of some of the most outstanding landscapes nationwide.<\/p>\n\n\n\n<p>This exclusive re-design is presented as a kind of ode or tribute to the idyllic landscapes of our geography, which inspire these jars launched with the aim of promoting local tourism.<\/p>\n\n\n<div class=\"wp-block-image\">\n<figure class=\"aligncenter size-large\"><a href=\"https:\/\/www.tapasmagazine.es\/wp-content\/uploads\/2023\/03\/nutella-tarros-edicion-limitada-2-scaled.jpg\"><img decoding=\"async\" width=\"1024\" height=\"1007\" src=\"https:\/\/www.tapasmagazine.es\/wp-content\/uploads\/2023\/03\/nutella-tarros-edicion-limitada-2-1024x1007.jpg\" alt=\"\" class=\"wp-image-179779\" srcset=\"https:\/\/www.tapasmagazine.es\/wp-content\/uploads\/2023\/03\/nutella-tarros-edicion-limitada-2-1024x1007.jpg 1024w, https:\/\/www.tapasmagazine.es\/wp-content\/uploads\/2023\/03\/nutella-tarros-edicion-limitada-2-300x295.jpg 300w, https:\/\/www.tapasmagazine.es\/wp-content\/uploads\/2023\/03\/nutella-tarros-edicion-limitada-2-768x755.jpg 768w, https:\/\/www.tapasmagazine.es\/wp-content\/uploads\/2023\/03\/nutella-tarros-edicion-limitada-2-1536x1510.jpg 1536w, https:\/\/www.tapasmagazine.es\/wp-content\/uploads\/2023\/03\/nutella-tarros-edicion-limitada-2-2048x2013.jpg 2048w, https:\/\/www.tapasmagazine.es\/wp-content\/uploads\/2023\/03\/nutella-tarros-edicion-limitada-2-1000x983.jpg 1000w, https:\/\/www.tapasmagazine.es\/wp-content\/uploads\/2023\/03\/nutella-tarros-edicion-limitada-2-400x393.jpg 400w\" sizes=\"(max-width: 1024px) 100vw, 1024px\" \/><\/a><\/figure>\n<\/div>\n\n\n<p>The packaging of the &#8220;Lo bueno lo tenemos en casa&#8221; collection leads us to rediscover the hidden treasures and corners that we have around us and that are worth discovering. In this way, they vindicate the charm of all those geographical places where you can enjoy unique and\/or hedonistic experiences surrounded by beauty.<\/p>\n\n\n\n<p>This new series, which will be available until June 2023, includes such representative places as San Juan de Gaztelugatxe (Vizcaya), the setting of one of the most internationally acclaimed series; the beach of Cocedores, whose sand is part of the province of Murcia while the water is considered territory of Almer\u00eda; the natural park of Bardenas Reales (Navarra), which has been declared a Biosphere Reserve by UNESCO; and even the Puerta de Alcal\u00e1 (Madrid), one of the main emblems of the capital.<\/p>\n\n\n<div class=\"wp-block-image\">\n<figure class=\"aligncenter size-large\"><a href=\"https:\/\/www.tapasmagazine.es\/wp-content\/uploads\/2023\/03\/nutella-tarros-edicion-limitada-3-scaled.jpg\"><img decoding=\"async\" width=\"1024\" height=\"1007\" src=\"https:\/\/www.tapasmagazine.es\/wp-content\/uploads\/2023\/03\/nutella-tarros-edicion-limitada-3-1024x1007.jpg\" alt=\"\" class=\"wp-image-179782\" srcset=\"https:\/\/www.tapasmagazine.es\/wp-content\/uploads\/2023\/03\/nutella-tarros-edicion-limitada-3-1024x1007.jpg 1024w, https:\/\/www.tapasmagazine.es\/wp-content\/uploads\/2023\/03\/nutella-tarros-edicion-limitada-3-300x295.jpg 300w, https:\/\/www.tapasmagazine.es\/wp-content\/uploads\/2023\/03\/nutella-tarros-edicion-limitada-3-768x755.jpg 768w, https:\/\/www.tapasmagazine.es\/wp-content\/uploads\/2023\/03\/nutella-tarros-edicion-limitada-3-1536x1510.jpg 1536w, https:\/\/www.tapasmagazine.es\/wp-content\/uploads\/2023\/03\/nutella-tarros-edicion-limitada-3-2048x2013.jpg 2048w, https:\/\/www.tapasmagazine.es\/wp-content\/uploads\/2023\/03\/nutella-tarros-edicion-limitada-3-1000x983.jpg 1000w, https:\/\/www.tapasmagazine.es\/wp-content\/uploads\/2023\/03\/nutella-tarros-edicion-limitada-3-400x393.jpg 400w\" sizes=\"(max-width: 1024px) 100vw, 1024px\" \/><\/a><\/figure>\n<\/div>\n\n\n<p>In addition to these four paradisiacal enclaves, there are also other inspirational places: Segovia Aqueduct (Segovia), Begur (Girona), Brihuega (Guadalajara), El Bufadero de La Garita (Las Palmas), Cabo de Gata (Almer\u00eda), Cabo Touri\u00f1\u00e1n (A Coru\u00f1a), Cudillero (Asturias), Parque Natural de Las Lagunas de La Mata y Torrevieja (Alicante), Parque Natural de Ordesa y Monte Perdido (Huesca), M\u00e9rida (Badajoz), and S\u00f3ller (Mallorca).<\/p>\n","protected":false},"excerpt":{"rendered":"<p>Click here to read the Spanish version.Nutella tours 15 unusual places through a new limited edition of its memorable 700 gram jars featuring photographs of some of the most outstanding landscapes nationwide. This exclusive re-design is presented as a kind of ode or tribute to the idyllic landscapes of our geography, which inspire these jars [&hellip;]<\/p>\n","protected":false},"author":285,"featured_media":179767,"comment_status":"open","ping_status":"closed","sticky":false,"template":"single-feature.php","format":"standard","meta":{"_acf_changed":false,"footnotes":""},"categories":[15802],"tags":[17427],"class_list":["post-179892","post","type-post","status-publish","format-standard","has-post-thumbnail","hentry","category-news","tag-nutella-en","cat-15802-id"],"acf":[],"yoast_head":"<!-- This site is optimized with the Yoast SEO plugin v27.4 - https:\/\/yoast.com\/product\/yoast-seo-wordpress\/ -->\n<title>Nutella introduces a collection of jars dressed as iconic landscapes<\/title>\n<meta name=\"description\" content=\"The cocoa and hazelnut cream brand launches the campaign &#039;Lo bueno lo tenemos en casa&#039; (The good things we have at home) inspired by a series of extraordinary national enclaves.\" \/>\n<meta name=\"robots\" content=\"index, follow, max-snippet:-1, max-image-preview:large, max-video-preview:-1\" \/>\n<link rel=\"canonical\" href=\"https:\/\/www.tapasmagazine.es\/en\/nutella-introduces-collection-of-jars-dressed-as-iconic-landscapes\/\" \/>\n<meta property=\"og:locale\" content=\"en_US\" \/>\n<meta property=\"og:type\" content=\"article\" \/>\n<meta property=\"og:title\" content=\"Nutella introduces a collection of jars dressed as iconic landscapes\" \/>\n<meta property=\"og:description\" content=\"The cocoa and hazelnut cream brand launches the campaign &#039;Lo bueno lo tenemos en casa&#039; (The good things we have at home) inspired by a series of extraordinary national enclaves.\" \/>\n<meta property=\"og:url\" content=\"https:\/\/www.tapasmagazine.es\/en\/nutella-introduces-collection-of-jars-dressed-as-iconic-landscapes\/\" \/>\n<meta property=\"og:site_name\" content=\"Tapas\" \/>\n<meta property=\"article:publisher\" content=\"https:\/\/www.facebook.com\/tapasmagazine\" \/>\n<meta property=\"article:published_time\" content=\"2023-03-28T16:22:22+00:00\" \/>\n<meta property=\"article:modified_time\" content=\"2023-03-29T09:42:22+00:00\" \/>\n<meta property=\"og:image\" content=\"https:\/\/www.tapasmagazine.es\/wp-content\/uploads\/2023\/03\/nutella-tarros-edicion-limitada.jpg\" \/>\n\t<meta property=\"og:image:width\" content=\"1200\" \/>\n\t<meta property=\"og:image:height\" content=\"675\" \/>\n\t<meta property=\"og:image:type\" content=\"image\/jpeg\" \/>\n<meta name=\"author\" content=\"Laura P\u00e9rez\" \/>\n<meta name=\"twitter:card\" content=\"summary_large_image\" \/>\n<meta name=\"twitter:creator\" content=\"@TapasMagazine\" \/>\n<meta name=\"twitter:site\" content=\"@TapasMagazine\" \/>\n<meta name=\"twitter:label1\" content=\"Written by\" \/>\n\t<meta name=\"twitter:data1\" content=\"Laura P\u00e9rez\" \/>\n\t<meta name=\"twitter:label2\" content=\"Est. reading time\" \/>\n\t<meta name=\"twitter:data2\" content=\"2 minutes\" \/>\n<script type=\"application\/ld+json\" class=\"yoast-schema-graph\">{\"@context\":\"https:\\\/\\\/schema.org\",\"@graph\":[{\"@type\":\"Article\",\"@id\":\"https:\\\/\\\/www.tapasmagazine.es\\\/en\\\/nutella-introduces-collection-of-jars-dressed-as-iconic-landscapes\\\/#article\",\"isPartOf\":{\"@id\":\"https:\\\/\\\/www.tapasmagazine.es\\\/en\\\/nutella-introduces-collection-of-jars-dressed-as-iconic-landscapes\\\/\"},\"author\":{\"name\":\"Laura P\u00e9rez\",\"@id\":\"https:\\\/\\\/www.tapasmagazine.es\\\/#\\\/schema\\\/person\\\/eb46cbe76a9c8f062660eb609e3ecb4e\"},\"headline\":\"Nutella introduces a collection of jars dressed as iconic landscapes\",\"datePublished\":\"2023-03-28T16:22:22+00:00\",\"dateModified\":\"2023-03-29T09:42:22+00:00\",\"mainEntityOfPage\":{\"@id\":\"https:\\\/\\\/www.tapasmagazine.es\\\/en\\\/nutella-introduces-collection-of-jars-dressed-as-iconic-landscapes\\\/\"},\"wordCount\":274,\"commentCount\":0,\"publisher\":{\"@id\":\"https:\\\/\\\/www.tapasmagazine.es\\\/#organization\"},\"image\":{\"@id\":\"https:\\\/\\\/www.tapasmagazine.es\\\/en\\\/nutella-introduces-collection-of-jars-dressed-as-iconic-landscapes\\\/#primaryimage\"},\"thumbnailUrl\":\"https:\\\/\\\/www.tapasmagazine.es\\\/wp-content\\\/uploads\\\/2023\\\/03\\\/nutella-tarros-edicion-limitada.jpg\",\"keywords\":[\"nutella\"],\"articleSection\":[\"News\"],\"inLanguage\":\"en-US\",\"potentialAction\":[{\"@type\":\"CommentAction\",\"name\":\"Comment\",\"target\":[\"https:\\\/\\\/www.tapasmagazine.es\\\/en\\\/nutella-introduces-collection-of-jars-dressed-as-iconic-landscapes\\\/#respond\"]}]},{\"@type\":\"WebPage\",\"@id\":\"https:\\\/\\\/www.tapasmagazine.es\\\/en\\\/nutella-introduces-collection-of-jars-dressed-as-iconic-landscapes\\\/\",\"url\":\"https:\\\/\\\/www.tapasmagazine.es\\\/en\\\/nutella-introduces-collection-of-jars-dressed-as-iconic-landscapes\\\/\",\"name\":\"Nutella introduces a collection of jars dressed as iconic landscapes\",\"isPartOf\":{\"@id\":\"https:\\\/\\\/www.tapasmagazine.es\\\/#website\"},\"primaryImageOfPage\":{\"@id\":\"https:\\\/\\\/www.tapasmagazine.es\\\/en\\\/nutella-introduces-collection-of-jars-dressed-as-iconic-landscapes\\\/#primaryimage\"},\"image\":{\"@id\":\"https:\\\/\\\/www.tapasmagazine.es\\\/en\\\/nutella-introduces-collection-of-jars-dressed-as-iconic-landscapes\\\/#primaryimage\"},\"thumbnailUrl\":\"https:\\\/\\\/www.tapasmagazine.es\\\/wp-content\\\/uploads\\\/2023\\\/03\\\/nutella-tarros-edicion-limitada.jpg\",\"datePublished\":\"2023-03-28T16:22:22+00:00\",\"dateModified\":\"2023-03-29T09:42:22+00:00\",\"description\":\"The cocoa and hazelnut cream brand launches the campaign 'Lo bueno lo tenemos en casa' (The good things we have at home) inspired by a series of extraordinary national enclaves.\",\"breadcrumb\":{\"@id\":\"https:\\\/\\\/www.tapasmagazine.es\\\/en\\\/nutella-introduces-collection-of-jars-dressed-as-iconic-landscapes\\\/#breadcrumb\"},\"inLanguage\":\"en-US\",\"potentialAction\":[{\"@type\":\"ReadAction\",\"target\":[\"https:\\\/\\\/www.tapasmagazine.es\\\/en\\\/nutella-introduces-collection-of-jars-dressed-as-iconic-landscapes\\\/\"]}]},{\"@type\":\"ImageObject\",\"inLanguage\":\"en-US\",\"@id\":\"https:\\\/\\\/www.tapasmagazine.es\\\/en\\\/nutella-introduces-collection-of-jars-dressed-as-iconic-landscapes\\\/#primaryimage\",\"url\":\"https:\\\/\\\/www.tapasmagazine.es\\\/wp-content\\\/uploads\\\/2023\\\/03\\\/nutella-tarros-edicion-limitada.jpg\",\"contentUrl\":\"https:\\\/\\\/www.tapasmagazine.es\\\/wp-content\\\/uploads\\\/2023\\\/03\\\/nutella-tarros-edicion-limitada.jpg\",\"width\":1200,\"height\":675},{\"@type\":\"BreadcrumbList\",\"@id\":\"https:\\\/\\\/www.tapasmagazine.es\\\/en\\\/nutella-introduces-collection-of-jars-dressed-as-iconic-landscapes\\\/#breadcrumb\",\"itemListElement\":[{\"@type\":\"ListItem\",\"position\":1,\"name\":\"Portada\",\"item\":\"https:\\\/\\\/www.tapasmagazine.es\\\/\"},{\"@type\":\"ListItem\",\"position\":2,\"name\":\"News\",\"item\":\"https:\\\/\\\/www.tapasmagazine.es\\\/en\\\/categorias\\\/news\\\/\"},{\"@type\":\"ListItem\",\"position\":3,\"name\":\"Nutella introduces a collection of jars dressed as iconic landscapes\"}]},{\"@type\":\"WebSite\",\"@id\":\"https:\\\/\\\/www.tapasmagazine.es\\\/#website\",\"url\":\"https:\\\/\\\/www.tapasmagazine.es\\\/\",\"name\":\"Tapas\",\"description\":\"\u00d1am \u00d1am Lifestyle. La vida a bocados. Premio Nacional de Gastronom\u00eda 2016.\",\"publisher\":{\"@id\":\"https:\\\/\\\/www.tapasmagazine.es\\\/#organization\"},\"potentialAction\":[{\"@type\":\"SearchAction\",\"target\":{\"@type\":\"EntryPoint\",\"urlTemplate\":\"https:\\\/\\\/www.tapasmagazine.es\\\/?s={search_term_string}\"},\"query-input\":{\"@type\":\"PropertyValueSpecification\",\"valueRequired\":true,\"valueName\":\"search_term_string\"}}],\"inLanguage\":\"en-US\"},{\"@type\":\"Organization\",\"@id\":\"https:\\\/\\\/www.tapasmagazine.es\\\/#organization\",\"name\":\"Tapas Magazine\",\"url\":\"https:\\\/\\\/www.tapasmagazine.es\\\/\",\"logo\":{\"@type\":\"ImageObject\",\"inLanguage\":\"en-US\",\"@id\":\"https:\\\/\\\/www.tapasmagazine.es\\\/#\\\/schema\\\/logo\\\/image\\\/\",\"url\":\"https:\\\/\\\/www.tapasmagazine.es\\\/wp-content\\\/uploads\\\/2018\\\/01\\\/logo.png\",\"contentUrl\":\"https:\\\/\\\/www.tapasmagazine.es\\\/wp-content\\\/uploads\\\/2018\\\/01\\\/logo.png\",\"width\":180,\"height\":60,\"caption\":\"Tapas Magazine\"},\"image\":{\"@id\":\"https:\\\/\\\/www.tapasmagazine.es\\\/#\\\/schema\\\/logo\\\/image\\\/\"},\"sameAs\":[\"https:\\\/\\\/www.facebook.com\\\/tapasmagazine\",\"https:\\\/\\\/x.com\\\/TapasMagazine\",\"https:\\\/\\\/www.instagram.com\\\/tapasmagazine\\\/\",\"https:\\\/\\\/www.linkedin.com\\\/company\\\/tapas-magazine\",\"https:\\\/\\\/es.pinterest.com\\\/tapasmagazine\\\/\",\"https:\\\/\\\/www.youtube.com\\\/channel\\\/UCEyxneAaACuR0lfDagrWjjg?sub_confirmation=1\"]},{\"@type\":\"Person\",\"@id\":\"https:\\\/\\\/www.tapasmagazine.es\\\/#\\\/schema\\\/person\\\/eb46cbe76a9c8f062660eb609e3ecb4e\",\"name\":\"Laura P\u00e9rez\",\"url\":\"https:\\\/\\\/www.tapasmagazine.es\\\/en\\\/author\\\/laura-perez\\\/\"}]}<\/script>\n<!-- \/ Yoast SEO plugin. -->","yoast_head_json":{"title":"Nutella introduces a collection of jars dressed as iconic landscapes","description":"The cocoa and hazelnut cream brand launches the campaign 'Lo bueno lo tenemos en casa' (The good things we have at home) inspired by a series of extraordinary national enclaves.","robots":{"index":"index","follow":"follow","max-snippet":"max-snippet:-1","max-image-preview":"max-image-preview:large","max-video-preview":"max-video-preview:-1"},"canonical":"https:\/\/www.tapasmagazine.es\/en\/nutella-introduces-collection-of-jars-dressed-as-iconic-landscapes\/","og_locale":"en_US","og_type":"article","og_title":"Nutella introduces a collection of jars dressed as iconic landscapes","og_description":"The cocoa and hazelnut cream brand launches the campaign 'Lo bueno lo tenemos en casa' (The good things we have at home) inspired by a series of extraordinary national enclaves.","og_url":"https:\/\/www.tapasmagazine.es\/en\/nutella-introduces-collection-of-jars-dressed-as-iconic-landscapes\/","og_site_name":"Tapas","article_publisher":"https:\/\/www.facebook.com\/tapasmagazine","article_published_time":"2023-03-28T16:22:22+00:00","article_modified_time":"2023-03-29T09:42:22+00:00","og_image":[{"width":1200,"height":675,"url":"https:\/\/www.tapasmagazine.es\/wp-content\/uploads\/2023\/03\/nutella-tarros-edicion-limitada.jpg","type":"image\/jpeg"}],"author":"Laura P\u00e9rez","twitter_card":"summary_large_image","twitter_creator":"@TapasMagazine","twitter_site":"@TapasMagazine","twitter_misc":{"Written by":"Laura P\u00e9rez","Est. reading time":"2 minutes"},"schema":{"@context":"https:\/\/schema.org","@graph":[{"@type":"Article","@id":"https:\/\/www.tapasmagazine.es\/en\/nutella-introduces-collection-of-jars-dressed-as-iconic-landscapes\/#article","isPartOf":{"@id":"https:\/\/www.tapasmagazine.es\/en\/nutella-introduces-collection-of-jars-dressed-as-iconic-landscapes\/"},"author":{"name":"Laura P\u00e9rez","@id":"https:\/\/www.tapasmagazine.es\/#\/schema\/person\/eb46cbe76a9c8f062660eb609e3ecb4e"},"headline":"Nutella introduces a collection of jars dressed as iconic landscapes","datePublished":"2023-03-28T16:22:22+00:00","dateModified":"2023-03-29T09:42:22+00:00","mainEntityOfPage":{"@id":"https:\/\/www.tapasmagazine.es\/en\/nutella-introduces-collection-of-jars-dressed-as-iconic-landscapes\/"},"wordCount":274,"commentCount":0,"publisher":{"@id":"https:\/\/www.tapasmagazine.es\/#organization"},"image":{"@id":"https:\/\/www.tapasmagazine.es\/en\/nutella-introduces-collection-of-jars-dressed-as-iconic-landscapes\/#primaryimage"},"thumbnailUrl":"https:\/\/www.tapasmagazine.es\/wp-content\/uploads\/2023\/03\/nutella-tarros-edicion-limitada.jpg","keywords":["nutella"],"articleSection":["News"],"inLanguage":"en-US","potentialAction":[{"@type":"CommentAction","name":"Comment","target":["https:\/\/www.tapasmagazine.es\/en\/nutella-introduces-collection-of-jars-dressed-as-iconic-landscapes\/#respond"]}]},{"@type":"WebPage","@id":"https:\/\/www.tapasmagazine.es\/en\/nutella-introduces-collection-of-jars-dressed-as-iconic-landscapes\/","url":"https:\/\/www.tapasmagazine.es\/en\/nutella-introduces-collection-of-jars-dressed-as-iconic-landscapes\/","name":"Nutella introduces a collection of jars dressed as iconic landscapes","isPartOf":{"@id":"https:\/\/www.tapasmagazine.es\/#website"},"primaryImageOfPage":{"@id":"https:\/\/www.tapasmagazine.es\/en\/nutella-introduces-collection-of-jars-dressed-as-iconic-landscapes\/#primaryimage"},"image":{"@id":"https:\/\/www.tapasmagazine.es\/en\/nutella-introduces-collection-of-jars-dressed-as-iconic-landscapes\/#primaryimage"},"thumbnailUrl":"https:\/\/www.tapasmagazine.es\/wp-content\/uploads\/2023\/03\/nutella-tarros-edicion-limitada.jpg","datePublished":"2023-03-28T16:22:22+00:00","dateModified":"2023-03-29T09:42:22+00:00","description":"The cocoa and hazelnut cream brand launches the campaign 'Lo bueno lo tenemos en casa' (The good things we have at home) inspired by a series of extraordinary national enclaves.","breadcrumb":{"@id":"https:\/\/www.tapasmagazine.es\/en\/nutella-introduces-collection-of-jars-dressed-as-iconic-landscapes\/#breadcrumb"},"inLanguage":"en-US","potentialAction":[{"@type":"ReadAction","target":["https:\/\/www.tapasmagazine.es\/en\/nutella-introduces-collection-of-jars-dressed-as-iconic-landscapes\/"]}]},{"@type":"ImageObject","inLanguage":"en-US","@id":"https:\/\/www.tapasmagazine.es\/en\/nutella-introduces-collection-of-jars-dressed-as-iconic-landscapes\/#primaryimage","url":"https:\/\/www.tapasmagazine.es\/wp-content\/uploads\/2023\/03\/nutella-tarros-edicion-limitada.jpg","contentUrl":"https:\/\/www.tapasmagazine.es\/wp-content\/uploads\/2023\/03\/nutella-tarros-edicion-limitada.jpg","width":1200,"height":675},{"@type":"BreadcrumbList","@id":"https:\/\/www.tapasmagazine.es\/en\/nutella-introduces-collection-of-jars-dressed-as-iconic-landscapes\/#breadcrumb","itemListElement":[{"@type":"ListItem","position":1,"name":"Portada","item":"https:\/\/www.tapasmagazine.es\/"},{"@type":"ListItem","position":2,"name":"News","item":"https:\/\/www.tapasmagazine.es\/en\/categorias\/news\/"},{"@type":"ListItem","position":3,"name":"Nutella introduces a collection of jars dressed as iconic landscapes"}]},{"@type":"WebSite","@id":"https:\/\/www.tapasmagazine.es\/#website","url":"https:\/\/www.tapasmagazine.es\/","name":"Tapas","description":"\u00d1am \u00d1am Lifestyle. La vida a bocados. Premio Nacional de Gastronom\u00eda 2016.","publisher":{"@id":"https:\/\/www.tapasmagazine.es\/#organization"},"potentialAction":[{"@type":"SearchAction","target":{"@type":"EntryPoint","urlTemplate":"https:\/\/www.tapasmagazine.es\/?s={search_term_string}"},"query-input":{"@type":"PropertyValueSpecification","valueRequired":true,"valueName":"search_term_string"}}],"inLanguage":"en-US"},{"@type":"Organization","@id":"https:\/\/www.tapasmagazine.es\/#organization","name":"Tapas Magazine","url":"https:\/\/www.tapasmagazine.es\/","logo":{"@type":"ImageObject","inLanguage":"en-US","@id":"https:\/\/www.tapasmagazine.es\/#\/schema\/logo\/image\/","url":"https:\/\/www.tapasmagazine.es\/wp-content\/uploads\/2018\/01\/logo.png","contentUrl":"https:\/\/www.tapasmagazine.es\/wp-content\/uploads\/2018\/01\/logo.png","width":180,"height":60,"caption":"Tapas Magazine"},"image":{"@id":"https:\/\/www.tapasmagazine.es\/#\/schema\/logo\/image\/"},"sameAs":["https:\/\/www.facebook.com\/tapasmagazine","https:\/\/x.com\/TapasMagazine","https:\/\/www.instagram.com\/tapasmagazine\/","https:\/\/www.linkedin.com\/company\/tapas-magazine","https:\/\/es.pinterest.com\/tapasmagazine\/","https:\/\/www.youtube.com\/channel\/UCEyxneAaACuR0lfDagrWjjg?sub_confirmation=1"]},{"@type":"Person","@id":"https:\/\/www.tapasmagazine.es\/#\/schema\/person\/eb46cbe76a9c8f062660eb609e3ecb4e","name":"Laura P\u00e9rez","url":"https:\/\/www.tapasmagazine.es\/en\/author\/laura-perez\/"}]}},"_links":{"self":[{"href":"https:\/\/www.tapasmagazine.es\/en\/wp-json\/wp\/v2\/posts\/179892","targetHints":{"allow":["GET"]}}],"collection":[{"href":"https:\/\/www.tapasmagazine.es\/en\/wp-json\/wp\/v2\/posts"}],"about":[{"href":"https:\/\/www.tapasmagazine.es\/en\/wp-json\/wp\/v2\/types\/post"}],"author":[{"embeddable":true,"href":"https:\/\/www.tapasmagazine.es\/en\/wp-json\/wp\/v2\/users\/285"}],"replies":[{"embeddable":true,"href":"https:\/\/www.tapasmagazine.es\/en\/wp-json\/wp\/v2\/comments?post=179892"}],"version-history":[{"count":3,"href":"https:\/\/www.tapasmagazine.es\/en\/wp-json\/wp\/v2\/posts\/179892\/revisions"}],"predecessor-version":[{"id":179900,"href":"https:\/\/www.tapasmagazine.es\/en\/wp-json\/wp\/v2\/posts\/179892\/revisions\/179900"}],"wp:featuredmedia":[{"embeddable":true,"href":"https:\/\/www.tapasmagazine.es\/en\/wp-json\/wp\/v2\/media\/179767"}],"wp:attachment":[{"href":"https:\/\/www.tapasmagazine.es\/en\/wp-json\/wp\/v2\/media?parent=179892"}],"wp:term":[{"taxonomy":"category","embeddable":true,"href":"https:\/\/www.tapasmagazine.es\/en\/wp-json\/wp\/v2\/categories?post=179892"},{"taxonomy":"post_tag","embeddable":true,"href":"https:\/\/www.tapasmagazine.es\/en\/wp-json\/wp\/v2\/tags?post=179892"}],"curies":[{"name":"wp","href":"https:\/\/api.w.org\/{rel}","templated":true}]}}