{"id":178871,"date":"2023-03-21T14:54:06","date_gmt":"2023-03-21T13:54:06","guid":{"rendered":"https:\/\/www.tapasmagazine.es\/economia-dani-garcia-se-alia-con-el-streamer-ibai-llanos-para-crear-un-menu-en-la-gran-familia-mediterranea\/"},"modified":"2023-03-21T16:07:40","modified_gmt":"2023-03-21T15:07:40","slug":"this-is-the-new-menu-by-dani-garcia-and-ibai-llanos","status":"publish","type":"post","link":"https:\/\/www.tapasmagazine.es\/en\/this-is-the-new-menu-by-dani-garcia-and-ibai-llanos\/","title":{"rendered":"This is the new menu by Dani Garc\u00eda and Ibai Llanos"},"content":{"rendered":"\n<p><strong>Click <a href=\"https:\/\/www.tapasmagazine.es\/asi-es-el-menu-de-dani-garcia-e-ibai-llanos\/\" target=\"_blank\" rel=\"noreferrer noopener\">here<\/a> to read the Spanish version.<\/strong><br>Spanish chef Dani Garc\u00eda is pushing forward in 2023 with his &#8216;The Gaming Family&#8217; project from his La Gran Familia Mediterr\u00e1nea delivery, launched in early 2022. He is doing so by teaming up with one of Spain&#8217;s most powerful streamers, Ibai Llanos. To do so, they have created a new menu designed by Ibai Llanos, which will feature a series of dishes based on the tastes and experiences of the content creator, with references to the events he organises and his professional career. The menu will be available from 23 March in <a href=\"https:\/\/lagranfamiliamediterranea.com\/carta\/the-gaming-family\" target=\"_blank\" rel=\"noreferrer noopener\">The Gaming Family<\/a>, the space for content creators of La Gran Familia Mediterr\u00e1nea.<\/p>\n\n\n\n<p>After collaborations with <a href=\"https:\/\/www.tapasmagazine.es\/delivery-de-la-semana-la-hamburguesa-de-el-rubius-la-pizza-de-vegetta-o-el-perrito-caliente-de-willyrex\/\" target=\"_blank\" rel=\"noreferrer noopener\">el Rubius, Vegetta777 and Willyrex<\/a>, who were the first brand ambassadors, Ibai Llanos, who has 11 million followers on Twitch, now joins this great family, creating a new menu for delivery.<\/p>\n\n\n\n<h2 class=\"wp-block-heading\">From a hot dog to Ibaiyaki<\/h2>\n\n\n\n<figure class=\"wp-block-image size-large\"><a href=\"https:\/\/www.tapasmagazine.es\/wp-content\/uploads\/2023\/03\/menu-dani-garcia-ibai-llanos-comida.jpg\"><img decoding=\"async\" width=\"1024\" height=\"576\" src=\"https:\/\/www.tapasmagazine.es\/wp-content\/uploads\/2023\/03\/menu-dani-garcia-ibai-llanos-comida-1024x576.jpg\" alt=\"\" class=\"wp-image-178865\" srcset=\"https:\/\/www.tapasmagazine.es\/wp-content\/uploads\/2023\/03\/menu-dani-garcia-ibai-llanos-comida-1024x576.jpg 1024w, https:\/\/www.tapasmagazine.es\/wp-content\/uploads\/2023\/03\/menu-dani-garcia-ibai-llanos-comida-300x169.jpg 300w, https:\/\/www.tapasmagazine.es\/wp-content\/uploads\/2023\/03\/menu-dani-garcia-ibai-llanos-comida-768x432.jpg 768w, https:\/\/www.tapasmagazine.es\/wp-content\/uploads\/2023\/03\/menu-dani-garcia-ibai-llanos-comida-1000x563.jpg 1000w, https:\/\/www.tapasmagazine.es\/wp-content\/uploads\/2023\/03\/menu-dani-garcia-ibai-llanos-comida-400x225.jpg 400w, https:\/\/www.tapasmagazine.es\/wp-content\/uploads\/2023\/03\/menu-dani-garcia-ibai-llanos-comida.jpg 1200w\" sizes=\"(max-width: 1024px) 100vw, 1024px\" \/><\/a><\/figure>\n\n\n\n<p>Thus, &#8216;El Gran Men\u00fa de Ibai&#8217;, which will be available from Thursday on the platform through Glovo. Among the proposals created by Llanos and Garc\u00eda, the Perrito de Txuleta, which refers to the streamer&#8217;s native Bilbao and features Dani Garc\u00eda&#8217;s iconic Bull sauce, stands out.<\/p>\n\n\n\n<p>You can also order the Bocata Bull, with a soft and delicious cheeks, Dani Garcia&#8217;s iconic Bull sauce and havarti cheese on a freshly baked loaf of rustic bread, which also includes chips on the side. New to Ibai&#8217;s menu will be Disaster Wings, tender chicken wings glazed with an incredible miso barbecue sauce, honey and a touch of chives.<\/p>\n\n\n\n<p>Another starter available will be the Croquetas Challenge, six creamy roast chicken and spicy b\u00e9chamel croquettes. One of them is spicy, putting Ibai fans to the test. And the sweet touch will be provided by the Ibaiyaki, a fluffy pancake filled with dulce de leche and chocolate syrup.<\/p>\n\n\n\n<figure class=\"wp-block-image size-large\"><a href=\"https:\/\/www.tapasmagazine.es\/wp-content\/uploads\/2023\/03\/ibaiyaki-dani-garcia-ibai-llanos-menu.jpg\"><img decoding=\"async\" width=\"1024\" height=\"576\" src=\"https:\/\/www.tapasmagazine.es\/wp-content\/uploads\/2023\/03\/ibaiyaki-dani-garcia-ibai-llanos-menu-1024x576.jpg\" alt=\"\" class=\"wp-image-178867\" srcset=\"https:\/\/www.tapasmagazine.es\/wp-content\/uploads\/2023\/03\/ibaiyaki-dani-garcia-ibai-llanos-menu-1024x576.jpg 1024w, https:\/\/www.tapasmagazine.es\/wp-content\/uploads\/2023\/03\/ibaiyaki-dani-garcia-ibai-llanos-menu-300x169.jpg 300w, https:\/\/www.tapasmagazine.es\/wp-content\/uploads\/2023\/03\/ibaiyaki-dani-garcia-ibai-llanos-menu-768x432.jpg 768w, https:\/\/www.tapasmagazine.es\/wp-content\/uploads\/2023\/03\/ibaiyaki-dani-garcia-ibai-llanos-menu-1000x563.jpg 1000w, https:\/\/www.tapasmagazine.es\/wp-content\/uploads\/2023\/03\/ibaiyaki-dani-garcia-ibai-llanos-menu-400x225.jpg 400w, https:\/\/www.tapasmagazine.es\/wp-content\/uploads\/2023\/03\/ibaiyaki-dani-garcia-ibai-llanos-menu.jpg 1200w\" sizes=\"(max-width: 1024px) 100vw, 1024px\" \/><\/a><\/figure>\n\n\n\n<p>Regarding the packaging of Dani Garc\u00eda and Ibai Llanos&#8217; menu, it has been designed by the influencer himself together with the team of The Gaming Family, following the line of the other gamers and streamers of the family. It is inspired by the tastes, professional career and events organised by the content creator, such as &#8216;La Velada del A\u00f1o&#8217; and the &#8216;Kings League&#8217;.<\/p>\n\n\n\n<p>Ordering hours will be from 12:30h to 16:30h and from 19:15h to 23:30h through Glovo.<\/p>\n","protected":false},"excerpt":{"rendered":"<p>Click here to read the Spanish version.Spanish chef Dani Garc\u00eda is pushing forward in 2023 with his &#8216;The Gaming Family&#8217; project from his La Gran Familia Mediterr\u00e1nea delivery, launched in early 2022. He is doing so by teaming up with one of Spain&#8217;s most powerful streamers, Ibai Llanos. To do so, they have created a [&hellip;]<\/p>\n","protected":false},"author":249,"featured_media":178870,"comment_status":"closed","ping_status":"closed","sticky":false,"template":"single-feature.php","format":"standard","meta":{"_acf_changed":false,"footnotes":""},"categories":[15848,15807,15851,15910],"tags":[16152,16596,15927],"class_list":["post-178871","post","type-post","status-publish","format-standard","has-post-thumbnail","hentry","category-chefs-en","category-gastro-en","category-nombres-propios-en","category-personajes-en","tag-chefs-en","tag-colaboraciones-en","tag-dani-garcia-en","cat-15848-id","cat-15807-id","cat-15851-id","cat-15910-id"],"acf":[],"yoast_head":"<!-- This site is optimized with the Yoast SEO plugin v27.4 - https:\/\/yoast.com\/product\/yoast-seo-wordpress\/ -->\n<title>This is the new menu by Dani Garc\u00eda and Ibai Llanos<\/title>\n<meta name=\"description\" content=\"Dani Garc\u00eda and Ibai Llanos join forces to create &#039;El Gran Men\u00fa de Ibai&#039;, available from 23 March in The Gaming Family.\" \/>\n<meta name=\"robots\" content=\"index, follow, max-snippet:-1, max-image-preview:large, max-video-preview:-1\" \/>\n<link rel=\"canonical\" href=\"https:\/\/www.tapasmagazine.es\/en\/this-is-the-new-menu-by-dani-garcia-and-ibai-llanos\/\" \/>\n<meta property=\"og:locale\" content=\"en_US\" \/>\n<meta property=\"og:type\" content=\"article\" \/>\n<meta property=\"og:title\" content=\"This is the new menu by Dani Garc\u00eda and Ibai Llanos\" \/>\n<meta property=\"og:description\" content=\"Dani Garc\u00eda and Ibai Llanos join forces to create &#039;El Gran Men\u00fa de Ibai&#039;, available from 23 March in The Gaming Family.\" \/>\n<meta property=\"og:url\" content=\"https:\/\/www.tapasmagazine.es\/en\/this-is-the-new-menu-by-dani-garcia-and-ibai-llanos\/\" \/>\n<meta property=\"og:site_name\" content=\"Tapas\" \/>\n<meta property=\"article:publisher\" content=\"https:\/\/www.facebook.com\/tapasmagazine\" \/>\n<meta property=\"article:published_time\" content=\"2023-03-21T13:54:06+00:00\" \/>\n<meta property=\"article:modified_time\" content=\"2023-03-21T15:07:40+00:00\" \/>\n<meta property=\"og:image\" content=\"https:\/\/www.tapasmagazine.es\/wp-content\/uploads\/2023\/03\/menu-dani-garcia-ibai-llanos-2.jpg\" \/>\n\t<meta property=\"og:image:width\" content=\"1200\" \/>\n\t<meta property=\"og:image:height\" content=\"675\" \/>\n\t<meta property=\"og:image:type\" content=\"image\/jpeg\" \/>\n<meta name=\"author\" content=\"TAPAS\" \/>\n<meta name=\"twitter:card\" content=\"summary_large_image\" \/>\n<meta name=\"twitter:creator\" content=\"@TapasMagazine\" \/>\n<meta name=\"twitter:site\" content=\"@TapasMagazine\" \/>\n<meta name=\"twitter:label1\" content=\"Written by\" \/>\n\t<meta name=\"twitter:data1\" content=\"TAPAS\" \/>\n\t<meta name=\"twitter:label2\" content=\"Est. reading time\" \/>\n\t<meta name=\"twitter:data2\" content=\"3 minutes\" \/>\n<script type=\"application\/ld+json\" class=\"yoast-schema-graph\">{\"@context\":\"https:\\\/\\\/schema.org\",\"@graph\":[{\"@type\":\"Article\",\"@id\":\"https:\\\/\\\/www.tapasmagazine.es\\\/en\\\/this-is-the-new-menu-by-dani-garcia-and-ibai-llanos\\\/#article\",\"isPartOf\":{\"@id\":\"https:\\\/\\\/www.tapasmagazine.es\\\/en\\\/this-is-the-new-menu-by-dani-garcia-and-ibai-llanos\\\/\"},\"author\":{\"name\":\"TAPAS\",\"@id\":\"https:\\\/\\\/www.tapasmagazine.es\\\/#\\\/schema\\\/person\\\/906ea2ea4697837608d99f4cc085cea3\"},\"headline\":\"This is the new menu by Dani Garc\u00eda and Ibai Llanos\",\"datePublished\":\"2023-03-21T13:54:06+00:00\",\"dateModified\":\"2023-03-21T15:07:40+00:00\",\"mainEntityOfPage\":{\"@id\":\"https:\\\/\\\/www.tapasmagazine.es\\\/en\\\/this-is-the-new-menu-by-dani-garcia-and-ibai-llanos\\\/\"},\"wordCount\":404,\"publisher\":{\"@id\":\"https:\\\/\\\/www.tapasmagazine.es\\\/#organization\"},\"image\":{\"@id\":\"https:\\\/\\\/www.tapasmagazine.es\\\/en\\\/this-is-the-new-menu-by-dani-garcia-and-ibai-llanos\\\/#primaryimage\"},\"thumbnailUrl\":\"https:\\\/\\\/www.tapasmagazine.es\\\/wp-content\\\/uploads\\\/2023\\\/03\\\/menu-dani-garcia-ibai-llanos-2.jpg\",\"keywords\":[\"Chefs\",\"colaboraciones\",\"Dani garc\u00eda\"],\"articleSection\":[\"Chefs\",\"Gastro\",\"Nombres propios\",\"Personajes\"],\"inLanguage\":\"en-US\"},{\"@type\":\"WebPage\",\"@id\":\"https:\\\/\\\/www.tapasmagazine.es\\\/en\\\/this-is-the-new-menu-by-dani-garcia-and-ibai-llanos\\\/\",\"url\":\"https:\\\/\\\/www.tapasmagazine.es\\\/en\\\/this-is-the-new-menu-by-dani-garcia-and-ibai-llanos\\\/\",\"name\":\"This is the new menu by Dani Garc\u00eda and Ibai Llanos\",\"isPartOf\":{\"@id\":\"https:\\\/\\\/www.tapasmagazine.es\\\/#website\"},\"primaryImageOfPage\":{\"@id\":\"https:\\\/\\\/www.tapasmagazine.es\\\/en\\\/this-is-the-new-menu-by-dani-garcia-and-ibai-llanos\\\/#primaryimage\"},\"image\":{\"@id\":\"https:\\\/\\\/www.tapasmagazine.es\\\/en\\\/this-is-the-new-menu-by-dani-garcia-and-ibai-llanos\\\/#primaryimage\"},\"thumbnailUrl\":\"https:\\\/\\\/www.tapasmagazine.es\\\/wp-content\\\/uploads\\\/2023\\\/03\\\/menu-dani-garcia-ibai-llanos-2.jpg\",\"datePublished\":\"2023-03-21T13:54:06+00:00\",\"dateModified\":\"2023-03-21T15:07:40+00:00\",\"description\":\"Dani Garc\u00eda and Ibai Llanos join forces to create 'El Gran Men\u00fa de Ibai', available from 23 March in The Gaming Family.\",\"breadcrumb\":{\"@id\":\"https:\\\/\\\/www.tapasmagazine.es\\\/en\\\/this-is-the-new-menu-by-dani-garcia-and-ibai-llanos\\\/#breadcrumb\"},\"inLanguage\":\"en-US\",\"potentialAction\":[{\"@type\":\"ReadAction\",\"target\":[\"https:\\\/\\\/www.tapasmagazine.es\\\/en\\\/this-is-the-new-menu-by-dani-garcia-and-ibai-llanos\\\/\"]}]},{\"@type\":\"ImageObject\",\"inLanguage\":\"en-US\",\"@id\":\"https:\\\/\\\/www.tapasmagazine.es\\\/en\\\/this-is-the-new-menu-by-dani-garcia-and-ibai-llanos\\\/#primaryimage\",\"url\":\"https:\\\/\\\/www.tapasmagazine.es\\\/wp-content\\\/uploads\\\/2023\\\/03\\\/menu-dani-garcia-ibai-llanos-2.jpg\",\"contentUrl\":\"https:\\\/\\\/www.tapasmagazine.es\\\/wp-content\\\/uploads\\\/2023\\\/03\\\/menu-dani-garcia-ibai-llanos-2.jpg\",\"width\":1200,\"height\":675,\"caption\":\"As\u00ed es el men\u00fa de Dani Garc\u00eda e Ibai Llanos\"},{\"@type\":\"BreadcrumbList\",\"@id\":\"https:\\\/\\\/www.tapasmagazine.es\\\/en\\\/this-is-the-new-menu-by-dani-garcia-and-ibai-llanos\\\/#breadcrumb\",\"itemListElement\":[{\"@type\":\"ListItem\",\"position\":1,\"name\":\"Portada\",\"item\":\"https:\\\/\\\/www.tapasmagazine.es\\\/\"},{\"@type\":\"ListItem\",\"position\":2,\"name\":\"Breaking News\",\"item\":\"https:\\\/\\\/www.tapasmagazine.es\\\/en\\\/categorias\\\/breaking-news\\\/\"},{\"@type\":\"ListItem\",\"position\":3,\"name\":\"This is the new menu by Dani Garc\u00eda and Ibai Llanos\"}]},{\"@type\":\"WebSite\",\"@id\":\"https:\\\/\\\/www.tapasmagazine.es\\\/#website\",\"url\":\"https:\\\/\\\/www.tapasmagazine.es\\\/\",\"name\":\"Tapas\",\"description\":\"\u00d1am \u00d1am Lifestyle. La vida a bocados. Premio Nacional de Gastronom\u00eda 2016.\",\"publisher\":{\"@id\":\"https:\\\/\\\/www.tapasmagazine.es\\\/#organization\"},\"potentialAction\":[{\"@type\":\"SearchAction\",\"target\":{\"@type\":\"EntryPoint\",\"urlTemplate\":\"https:\\\/\\\/www.tapasmagazine.es\\\/?s={search_term_string}\"},\"query-input\":{\"@type\":\"PropertyValueSpecification\",\"valueRequired\":true,\"valueName\":\"search_term_string\"}}],\"inLanguage\":\"en-US\"},{\"@type\":\"Organization\",\"@id\":\"https:\\\/\\\/www.tapasmagazine.es\\\/#organization\",\"name\":\"Tapas Magazine\",\"url\":\"https:\\\/\\\/www.tapasmagazine.es\\\/\",\"logo\":{\"@type\":\"ImageObject\",\"inLanguage\":\"en-US\",\"@id\":\"https:\\\/\\\/www.tapasmagazine.es\\\/#\\\/schema\\\/logo\\\/image\\\/\",\"url\":\"https:\\\/\\\/www.tapasmagazine.es\\\/wp-content\\\/uploads\\\/2018\\\/01\\\/logo.png\",\"contentUrl\":\"https:\\\/\\\/www.tapasmagazine.es\\\/wp-content\\\/uploads\\\/2018\\\/01\\\/logo.png\",\"width\":180,\"height\":60,\"caption\":\"Tapas Magazine\"},\"image\":{\"@id\":\"https:\\\/\\\/www.tapasmagazine.es\\\/#\\\/schema\\\/logo\\\/image\\\/\"},\"sameAs\":[\"https:\\\/\\\/www.facebook.com\\\/tapasmagazine\",\"https:\\\/\\\/x.com\\\/TapasMagazine\",\"https:\\\/\\\/www.instagram.com\\\/tapasmagazine\\\/\",\"https:\\\/\\\/www.linkedin.com\\\/company\\\/tapas-magazine\",\"https:\\\/\\\/es.pinterest.com\\\/tapasmagazine\\\/\",\"https:\\\/\\\/www.youtube.com\\\/channel\\\/UCEyxneAaACuR0lfDagrWjjg?sub_confirmation=1\"]},{\"@type\":\"Person\",\"@id\":\"https:\\\/\\\/www.tapasmagazine.es\\\/#\\\/schema\\\/person\\\/906ea2ea4697837608d99f4cc085cea3\",\"name\":\"TAPAS\",\"url\":\"https:\\\/\\\/www.tapasmagazine.es\\\/en\\\/author\\\/tapas\\\/\"}]}<\/script>\n<!-- \/ Yoast SEO plugin. -->","yoast_head_json":{"title":"This is the new menu by Dani Garc\u00eda and Ibai Llanos","description":"Dani Garc\u00eda and Ibai Llanos join forces to create 'El Gran Men\u00fa de Ibai', available from 23 March in The Gaming Family.","robots":{"index":"index","follow":"follow","max-snippet":"max-snippet:-1","max-image-preview":"max-image-preview:large","max-video-preview":"max-video-preview:-1"},"canonical":"https:\/\/www.tapasmagazine.es\/en\/this-is-the-new-menu-by-dani-garcia-and-ibai-llanos\/","og_locale":"en_US","og_type":"article","og_title":"This is the new menu by Dani Garc\u00eda and Ibai Llanos","og_description":"Dani Garc\u00eda and Ibai Llanos join forces to create 'El Gran Men\u00fa de Ibai', available from 23 March in The Gaming Family.","og_url":"https:\/\/www.tapasmagazine.es\/en\/this-is-the-new-menu-by-dani-garcia-and-ibai-llanos\/","og_site_name":"Tapas","article_publisher":"https:\/\/www.facebook.com\/tapasmagazine","article_published_time":"2023-03-21T13:54:06+00:00","article_modified_time":"2023-03-21T15:07:40+00:00","og_image":[{"width":1200,"height":675,"url":"https:\/\/www.tapasmagazine.es\/wp-content\/uploads\/2023\/03\/menu-dani-garcia-ibai-llanos-2.jpg","type":"image\/jpeg"}],"author":"TAPAS","twitter_card":"summary_large_image","twitter_creator":"@TapasMagazine","twitter_site":"@TapasMagazine","twitter_misc":{"Written by":"TAPAS","Est. reading time":"3 minutes"},"schema":{"@context":"https:\/\/schema.org","@graph":[{"@type":"Article","@id":"https:\/\/www.tapasmagazine.es\/en\/this-is-the-new-menu-by-dani-garcia-and-ibai-llanos\/#article","isPartOf":{"@id":"https:\/\/www.tapasmagazine.es\/en\/this-is-the-new-menu-by-dani-garcia-and-ibai-llanos\/"},"author":{"name":"TAPAS","@id":"https:\/\/www.tapasmagazine.es\/#\/schema\/person\/906ea2ea4697837608d99f4cc085cea3"},"headline":"This is the new menu by Dani Garc\u00eda and Ibai Llanos","datePublished":"2023-03-21T13:54:06+00:00","dateModified":"2023-03-21T15:07:40+00:00","mainEntityOfPage":{"@id":"https:\/\/www.tapasmagazine.es\/en\/this-is-the-new-menu-by-dani-garcia-and-ibai-llanos\/"},"wordCount":404,"publisher":{"@id":"https:\/\/www.tapasmagazine.es\/#organization"},"image":{"@id":"https:\/\/www.tapasmagazine.es\/en\/this-is-the-new-menu-by-dani-garcia-and-ibai-llanos\/#primaryimage"},"thumbnailUrl":"https:\/\/www.tapasmagazine.es\/wp-content\/uploads\/2023\/03\/menu-dani-garcia-ibai-llanos-2.jpg","keywords":["Chefs","colaboraciones","Dani garc\u00eda"],"articleSection":["Chefs","Gastro","Nombres propios","Personajes"],"inLanguage":"en-US"},{"@type":"WebPage","@id":"https:\/\/www.tapasmagazine.es\/en\/this-is-the-new-menu-by-dani-garcia-and-ibai-llanos\/","url":"https:\/\/www.tapasmagazine.es\/en\/this-is-the-new-menu-by-dani-garcia-and-ibai-llanos\/","name":"This is the new menu by Dani Garc\u00eda and Ibai Llanos","isPartOf":{"@id":"https:\/\/www.tapasmagazine.es\/#website"},"primaryImageOfPage":{"@id":"https:\/\/www.tapasmagazine.es\/en\/this-is-the-new-menu-by-dani-garcia-and-ibai-llanos\/#primaryimage"},"image":{"@id":"https:\/\/www.tapasmagazine.es\/en\/this-is-the-new-menu-by-dani-garcia-and-ibai-llanos\/#primaryimage"},"thumbnailUrl":"https:\/\/www.tapasmagazine.es\/wp-content\/uploads\/2023\/03\/menu-dani-garcia-ibai-llanos-2.jpg","datePublished":"2023-03-21T13:54:06+00:00","dateModified":"2023-03-21T15:07:40+00:00","description":"Dani Garc\u00eda and Ibai Llanos join forces to create 'El Gran Men\u00fa de Ibai', available from 23 March in The Gaming Family.","breadcrumb":{"@id":"https:\/\/www.tapasmagazine.es\/en\/this-is-the-new-menu-by-dani-garcia-and-ibai-llanos\/#breadcrumb"},"inLanguage":"en-US","potentialAction":[{"@type":"ReadAction","target":["https:\/\/www.tapasmagazine.es\/en\/this-is-the-new-menu-by-dani-garcia-and-ibai-llanos\/"]}]},{"@type":"ImageObject","inLanguage":"en-US","@id":"https:\/\/www.tapasmagazine.es\/en\/this-is-the-new-menu-by-dani-garcia-and-ibai-llanos\/#primaryimage","url":"https:\/\/www.tapasmagazine.es\/wp-content\/uploads\/2023\/03\/menu-dani-garcia-ibai-llanos-2.jpg","contentUrl":"https:\/\/www.tapasmagazine.es\/wp-content\/uploads\/2023\/03\/menu-dani-garcia-ibai-llanos-2.jpg","width":1200,"height":675,"caption":"As\u00ed es el men\u00fa de Dani Garc\u00eda e Ibai Llanos"},{"@type":"BreadcrumbList","@id":"https:\/\/www.tapasmagazine.es\/en\/this-is-the-new-menu-by-dani-garcia-and-ibai-llanos\/#breadcrumb","itemListElement":[{"@type":"ListItem","position":1,"name":"Portada","item":"https:\/\/www.tapasmagazine.es\/"},{"@type":"ListItem","position":2,"name":"Breaking News","item":"https:\/\/www.tapasmagazine.es\/en\/categorias\/breaking-news\/"},{"@type":"ListItem","position":3,"name":"This is the new menu by Dani Garc\u00eda and Ibai Llanos"}]},{"@type":"WebSite","@id":"https:\/\/www.tapasmagazine.es\/#website","url":"https:\/\/www.tapasmagazine.es\/","name":"Tapas","description":"\u00d1am \u00d1am Lifestyle. La vida a bocados. Premio Nacional de Gastronom\u00eda 2016.","publisher":{"@id":"https:\/\/www.tapasmagazine.es\/#organization"},"potentialAction":[{"@type":"SearchAction","target":{"@type":"EntryPoint","urlTemplate":"https:\/\/www.tapasmagazine.es\/?s={search_term_string}"},"query-input":{"@type":"PropertyValueSpecification","valueRequired":true,"valueName":"search_term_string"}}],"inLanguage":"en-US"},{"@type":"Organization","@id":"https:\/\/www.tapasmagazine.es\/#organization","name":"Tapas Magazine","url":"https:\/\/www.tapasmagazine.es\/","logo":{"@type":"ImageObject","inLanguage":"en-US","@id":"https:\/\/www.tapasmagazine.es\/#\/schema\/logo\/image\/","url":"https:\/\/www.tapasmagazine.es\/wp-content\/uploads\/2018\/01\/logo.png","contentUrl":"https:\/\/www.tapasmagazine.es\/wp-content\/uploads\/2018\/01\/logo.png","width":180,"height":60,"caption":"Tapas Magazine"},"image":{"@id":"https:\/\/www.tapasmagazine.es\/#\/schema\/logo\/image\/"},"sameAs":["https:\/\/www.facebook.com\/tapasmagazine","https:\/\/x.com\/TapasMagazine","https:\/\/www.instagram.com\/tapasmagazine\/","https:\/\/www.linkedin.com\/company\/tapas-magazine","https:\/\/es.pinterest.com\/tapasmagazine\/","https:\/\/www.youtube.com\/channel\/UCEyxneAaACuR0lfDagrWjjg?sub_confirmation=1"]},{"@type":"Person","@id":"https:\/\/www.tapasmagazine.es\/#\/schema\/person\/906ea2ea4697837608d99f4cc085cea3","name":"TAPAS","url":"https:\/\/www.tapasmagazine.es\/en\/author\/tapas\/"}]}},"_links":{"self":[{"href":"https:\/\/www.tapasmagazine.es\/en\/wp-json\/wp\/v2\/posts\/178871","targetHints":{"allow":["GET"]}}],"collection":[{"href":"https:\/\/www.tapasmagazine.es\/en\/wp-json\/wp\/v2\/posts"}],"about":[{"href":"https:\/\/www.tapasmagazine.es\/en\/wp-json\/wp\/v2\/types\/post"}],"author":[{"embeddable":true,"href":"https:\/\/www.tapasmagazine.es\/en\/wp-json\/wp\/v2\/users\/249"}],"replies":[{"embeddable":true,"href":"https:\/\/www.tapasmagazine.es\/en\/wp-json\/wp\/v2\/comments?post=178871"}],"version-history":[{"count":3,"href":"https:\/\/www.tapasmagazine.es\/en\/wp-json\/wp\/v2\/posts\/178871\/revisions"}],"predecessor-version":[{"id":178875,"href":"https:\/\/www.tapasmagazine.es\/en\/wp-json\/wp\/v2\/posts\/178871\/revisions\/178875"}],"wp:featuredmedia":[{"embeddable":true,"href":"https:\/\/www.tapasmagazine.es\/en\/wp-json\/wp\/v2\/media\/178870"}],"wp:attachment":[{"href":"https:\/\/www.tapasmagazine.es\/en\/wp-json\/wp\/v2\/media?parent=178871"}],"wp:term":[{"taxonomy":"category","embeddable":true,"href":"https:\/\/www.tapasmagazine.es\/en\/wp-json\/wp\/v2\/categories?post=178871"},{"taxonomy":"post_tag","embeddable":true,"href":"https:\/\/www.tapasmagazine.es\/en\/wp-json\/wp\/v2\/tags?post=178871"}],"curies":[{"name":"wp","href":"https:\/\/api.w.org\/{rel}","templated":true}]}}