{"id":178591,"date":"2023-03-18T09:30:08","date_gmt":"2023-03-18T08:30:08","guid":{"rendered":"https:\/\/www.tapasmagazine.es\/?p=178591"},"modified":"2023-03-18T09:29:38","modified_gmt":"2023-03-18T08:29:38","slug":"book-photos-famous-wine","status":"publish","type":"post","link":"https:\/\/www.tapasmagazine.es\/en\/book-photos-famous-wine\/","title":{"rendered":"From Pen\u00e9lope Cruz to Clint Eastwood: this is the book that includes photos of celebrities who love wine"},"content":{"rendered":"\n<p><strong>Click <a href=\"https:\/\/www.tapasmagazine.es\/libro-fotos-famosos-vino\/\" target=\"_blank\" rel=\"noreferrer noopener\">here<\/a> to read the Spanish version.<\/strong><br>Although trained as an economist specialising in marketing, G\u00e9rard-Philippe Mabillard is a communications professional who has held positions of responsibility in the watch industry (Swatch Group) and the hotel industry (for the spa Les Bains de Saillon or the ski resort of Verbier, both in the Swiss canton of Valais) before becoming the director of the Interprofession de la vigne et du vin du Valais, an interprofessional association of wine producers (wine and wine of the Valais), both in the Swiss canton of Valais) before becoming the director of the Interprofession de la vigne et du vin du Valais, an interprofessional association of wine producers (winegrowers and winemakers) and wine merchants in the canton of Valais, in the south-west of Switzerland.<\/p>\n\n\n\n<figure class=\"wp-block-embed is-type-rich is-provider-instagram wp-block-embed-instagram\"><div class=\"wp-block-embed__wrapper\">\n<div class=\"sbi-embed-wrap\"><blockquote class=\"instagram-media sbi-embed\" data-instgrm-captioned data-instgrm-permalink=\"https:\/\/www.instagram.com\/p\/CjEDpJoLhDs\/?utm_source=ig_embed&amp;utm_campaign=loading\" data-instgrm-version=\"14\" style=\" background:#FFF; border:0; border-radius:3px; box-shadow:0 0 1px 0 rgba(0,0,0,0.5),0 1px 10px 0 rgba(0,0,0,0.15); margin: 1px; max-width:640px; min-width:326px; padding:0; width:99.375%; width:-webkit-calc(100% - 2px); width:calc(100% - 2px);\"><div style=\"padding:16px;\"> <a href=\"https:\/\/www.instagram.com\/p\/CjEDpJoLhDs\/?utm_source=ig_embed&amp;utm_campaign=loading\" style=\" background:#FFFFFF; line-height:0; padding:0 0; text-align:center; text-decoration:none; width:100%;\" target=\"_blank\"> <div style=\" display: flex; flex-direction: row; align-items: center;\"> <div style=\"background-color: #F4F4F4; border-radius: 50%; flex-grow: 0; height: 40px; margin-right: 14px; width: 40px;\"><\/div> <div style=\"display: flex; flex-direction: column; flex-grow: 1; justify-content: center;\"> <div style=\" background-color: #F4F4F4; border-radius: 4px; flex-grow: 0; height: 14px; margin-bottom: 6px; width: 100px;\"><\/div> <div style=\" background-color: #F4F4F4; border-radius: 4px; flex-grow: 0; height: 14px; width: 60px;\"><\/div><\/div><\/div><div style=\"padding: 19% 0;\"><\/div> <div style=\"display:block; height:50px; margin:0 auto 12px; width:50px;\"><svg width=\"50px\" height=\"50px\" viewBox=\"0 0 60 60\" version=\"1.1\" xmlns=\"https:\/\/www.w3.org\/2000\/svg\" xmlns:xlink=\"https:\/\/www.w3.org\/1999\/xlink\"><g stroke=\"none\" stroke-width=\"1\" fill=\"none\" fill-rule=\"evenodd\"><g transform=\"translate(-511.000000, -20.000000)\" fill=\"#000000\"><g><path d=\"M556.869,30.41 C554.814,30.41 553.148,32.076 553.148,34.131 C553.148,36.186 554.814,37.852 556.869,37.852 C558.924,37.852 560.59,36.186 560.59,34.131 C560.59,32.076 558.924,30.41 556.869,30.41 M541,60.657 C535.114,60.657 530.342,55.887 530.342,50 C530.342,44.114 535.114,39.342 541,39.342 C546.887,39.342 551.658,44.114 551.658,50 C551.658,55.887 546.887,60.657 541,60.657 M541,33.886 C532.1,33.886 524.886,41.1 524.886,50 C524.886,58.899 532.1,66.113 541,66.113 C549.9,66.113 557.115,58.899 557.115,50 C557.115,41.1 549.9,33.886 541,33.886 M565.378,62.101 C565.244,65.022 564.756,66.606 564.346,67.663 C563.803,69.06 563.154,70.057 562.106,71.106 C561.058,72.155 560.06,72.803 558.662,73.347 C557.607,73.757 556.021,74.244 553.102,74.378 C549.944,74.521 548.997,74.552 541,74.552 C533.003,74.552 532.056,74.521 528.898,74.378 C525.979,74.244 524.393,73.757 523.338,73.347 C521.94,72.803 520.942,72.155 519.894,71.106 C518.846,70.057 518.197,69.06 517.654,67.663 C517.244,66.606 516.755,65.022 516.623,62.101 C516.479,58.943 516.448,57.996 516.448,50 C516.448,42.003 516.479,41.056 516.623,37.899 C516.755,34.978 517.244,33.391 517.654,32.338 C518.197,30.938 518.846,29.942 519.894,28.894 C520.942,27.846 521.94,27.196 523.338,26.654 C524.393,26.244 525.979,25.756 528.898,25.623 C532.057,25.479 533.004,25.448 541,25.448 C548.997,25.448 549.943,25.479 553.102,25.623 C556.021,25.756 557.607,26.244 558.662,26.654 C560.06,27.196 561.058,27.846 562.106,28.894 C563.154,29.942 563.803,30.938 564.346,32.338 C564.756,33.391 565.244,34.978 565.378,37.899 C565.522,41.056 565.552,42.003 565.552,50 C565.552,57.996 565.522,58.943 565.378,62.101 M570.82,37.631 C570.674,34.438 570.167,32.258 569.425,30.349 C568.659,28.377 567.633,26.702 565.965,25.035 C564.297,23.368 562.623,22.342 560.652,21.575 C558.743,20.834 556.562,20.326 553.369,20.18 C550.169,20.033 549.148,20 541,20 C532.853,20 531.831,20.033 528.631,20.18 C525.438,20.326 523.257,20.834 521.349,21.575 C519.376,22.342 517.703,23.368 516.035,25.035 C514.368,26.702 513.342,28.377 512.574,30.349 C511.834,32.258 511.326,34.438 511.181,37.631 C511.035,40.831 511,41.851 511,50 C511,58.147 511.035,59.17 511.181,62.369 C511.326,65.562 511.834,67.743 512.574,69.651 C513.342,71.625 514.368,73.296 516.035,74.965 C517.703,76.634 519.376,77.658 521.349,78.425 C523.257,79.167 525.438,79.673 528.631,79.82 C531.831,79.965 532.853,80.001 541,80.001 C549.148,80.001 550.169,79.965 553.369,79.82 C556.562,79.673 558.743,79.167 560.652,78.425 C562.623,77.658 564.297,76.634 565.965,74.965 C567.633,73.296 568.659,71.625 569.425,69.651 C570.167,67.743 570.674,65.562 570.82,62.369 C570.966,59.17 571,58.147 571,50 C571,41.851 570.966,40.831 570.82,37.631\"><\/path><\/g><\/g><\/g><\/svg><\/div><div style=\"padding-top: 8px;\"> <div style=\" color:#3897f0; font-family:Arial,sans-serif; font-size:14px; font-style:normal; font-weight:550; line-height:18px;\">View this post on Instagram<\/div><\/div><div style=\"padding: 12.5% 0;\"><\/div> <div style=\"display: flex; flex-direction: row; margin-bottom: 14px; align-items: center;\"><div> <div style=\"background-color: #F4F4F4; border-radius: 50%; height: 12.5px; width: 12.5px; transform: translateX(0px) translateY(7px);\"><\/div> <div style=\"background-color: #F4F4F4; height: 12.5px; transform: rotate(-45deg) translateX(3px) translateY(1px); width: 12.5px; flex-grow: 0; margin-right: 14px; margin-left: 2px;\"><\/div> <div style=\"background-color: #F4F4F4; border-radius: 50%; height: 12.5px; width: 12.5px; transform: translateX(9px) translateY(-18px);\"><\/div><\/div><div style=\"margin-left: 8px;\"> <div style=\" background-color: #F4F4F4; border-radius: 50%; flex-grow: 0; height: 20px; width: 20px;\"><\/div> <div style=\" width: 0; height: 0; border-top: 2px solid transparent; border-left: 6px solid #f4f4f4; border-bottom: 2px solid transparent; transform: translateX(16px) translateY(-4px) rotate(30deg)\"><\/div><\/div><div style=\"margin-left: auto;\"> <div style=\" width: 0px; border-top: 8px solid #F4F4F4; border-right: 8px solid transparent; transform: translateY(16px);\"><\/div> <div style=\" background-color: #F4F4F4; flex-grow: 0; height: 12px; width: 16px; transform: translateY(-4px);\"><\/div> <div style=\" width: 0; height: 0; border-top: 8px solid #F4F4F4; border-left: 8px solid transparent; transform: translateY(-4px) translateX(8px);\"><\/div><\/div><\/div> <div style=\"display: flex; flex-direction: column; flex-grow: 1; justify-content: center; margin-bottom: 24px;\"> <div style=\" background-color: #F4F4F4; border-radius: 4px; flex-grow: 0; height: 14px; margin-bottom: 6px; width: 224px;\"><\/div> <div style=\" background-color: #F4F4F4; border-radius: 4px; flex-grow: 0; height: 14px; width: 144px;\"><\/div><\/div><\/a><p style=\" color:#c9c8cd; font-family:Arial,sans-serif; font-size:14px; line-height:17px; margin-bottom:0; margin-top:8px; overflow:hidden; padding:8px 0 7px; text-align:center; text-overflow:ellipsis; white-space:nowrap;\"><a href=\"https:\/\/www.instagram.com\/p\/CjEDpJoLhDs\/?utm_source=ig_embed&amp;utm_campaign=loading\" style=\" color:#c9c8cd; font-family:Arial,sans-serif; font-size:14px; font-style:normal; font-weight:normal; line-height:17px; text-decoration:none;\" target=\"_blank\">A post shared by Ge\u0301rard-Philippe Mabillard (@gerardphilippemabillard)<\/a><\/p><\/div><\/blockquote><script async src=\"\/\/platform.instagram.com\/en_US\/embeds.js\"><\/script><\/div>\n<\/div><\/figure>\n\n\n\n<p>In 2014 he became involved in supporting the Moi pour Toit Foundation, a Swiss non-governmental, non-profit, non-profit organisation for disadvantaged children in the Pereira region of Colombia, founded by Christian Michellod in 1987, and coordinated the creation of Inspirations (Gl\u00e9nat, 2014), a book of photographs in which he asked a large number of personalities from various fields of culture, fashion and sport to send him a photograph of themselves posing with a glass of wine in their hands. The photographs were exhibited months later, in the spring of 2015, at the Valais Museum of Vine and Wine in Sierre.<\/p>\n\n\n\n<figure class=\"wp-block-image size-large\"><a href=\"https:\/\/www.tapasmagazine.es\/wp-content\/uploads\/2023\/03\/Gerard-Philippe-by-RICHARD-DUMAS.jpg\"><img decoding=\"async\" width=\"969\" height=\"1024\" src=\"https:\/\/www.tapasmagazine.es\/wp-content\/uploads\/2023\/03\/Gerard-Philippe-by-RICHARD-DUMAS-969x1024.jpg\" alt=\"\" class=\"wp-image-178564\" srcset=\"https:\/\/www.tapasmagazine.es\/wp-content\/uploads\/2023\/03\/Gerard-Philippe-by-RICHARD-DUMAS-969x1024.jpg 969w, https:\/\/www.tapasmagazine.es\/wp-content\/uploads\/2023\/03\/Gerard-Philippe-by-RICHARD-DUMAS-284x300.jpg 284w, https:\/\/www.tapasmagazine.es\/wp-content\/uploads\/2023\/03\/Gerard-Philippe-by-RICHARD-DUMAS-768x812.jpg 768w, https:\/\/www.tapasmagazine.es\/wp-content\/uploads\/2023\/03\/Gerard-Philippe-by-RICHARD-DUMAS-1000x1057.jpg 1000w, https:\/\/www.tapasmagazine.es\/wp-content\/uploads\/2023\/03\/Gerard-Philippe-by-RICHARD-DUMAS-400x423.jpg 400w, https:\/\/www.tapasmagazine.es\/wp-content\/uploads\/2023\/03\/Gerard-Philippe-by-RICHARD-DUMAS.jpg 1135w\" sizes=\"(max-width: 969px) 100vw, 969px\" \/><\/a><\/figure>\n\n\n\n<p>That initiative was a success and eight years later, Mabillard has repeated the project, with one exception: now, the photographs are his own\u2026 The new book is called <a href=\"https:\/\/teneues.com\/en\/book\/the-stars-share\" target=\"_blank\" rel=\"noreferrer noopener\">The Stars&#8217; Share (teNeues, 2022)<\/a> and, as Mabilard explains over the phone, in addition to supporting Valais wines, it also raises funds for the Moi pour Toit foundation. &#8220;There are recurring characters, but 90% of those who appear in it are completely new&#8221;. All those photographed are world famous, to a greater or lesser extent. From Clint Eastwood to the French composer Pascal Dusapin. From the young Swiss cellist Estelle Revaz to our own Agatha Ruiz de la Prada, who is not the only Spaniard among the 163 people featured in the pages of the book published by teNeues. Also appearing here are Alba Flores, who stars on the book&#8217;s cover &#8211; not surprisingly, given her international star status after her time on La casa de papel, where she played the role of &#8220;Nairobi&#8221; -, Antonio de la Torre, Assumpta Serna, Daniel Br\u00fchl, Sergi L\u00f3pez, the chef Javier Abascal, the illustrator Sandra Torrano, the art historian Xavier Fornes, the art historian Xavier Fornes, the chef Javier Abascal, and the illustrator Sandra Torrano, the art historian Xavi Forn\u00f3s &#8211; who is also the director of the Vinseum, the Museu de les Cultures del Vi de Catalunya, in Villafranca del Pened\u00e9s &#8211; and the Hollywood couple Pen\u00e9lope Cruz and Javier Bardem, who appear on the back cover of the book, completing the international recognition of our actors.<\/p>\n\n\n\n<div class=\"wp-block-jetpack-slideshow aligncenter\" data-effect=\"slide\"><div class=\"wp-block-jetpack-slideshow_container swiper-container\"><ul class=\"wp-block-jetpack-slideshow_swiper-wrapper swiper-wrapper\"><li class=\"wp-block-jetpack-slideshow_slide swiper-slide\"><figure><img decoding=\"async\" width=\"683\" height=\"1024\" alt=\"\" class=\"wp-block-jetpack-slideshow_image wp-image-178556\" data-id=\"178556\" src=\"https:\/\/www.tapasmagazine.es\/wp-content\/uploads\/2023\/03\/PENELOPE-CRUZ-Gerard-Philippe-Mabillard-The-Stars-Share-683x1024.jpg\" srcset=\"https:\/\/www.tapasmagazine.es\/wp-content\/uploads\/2023\/03\/PENELOPE-CRUZ-Gerard-Philippe-Mabillard-The-Stars-Share-683x1024.jpg 683w, https:\/\/www.tapasmagazine.es\/wp-content\/uploads\/2023\/03\/PENELOPE-CRUZ-Gerard-Philippe-Mabillard-The-Stars-Share-200x300.jpg 200w, https:\/\/www.tapasmagazine.es\/wp-content\/uploads\/2023\/03\/PENELOPE-CRUZ-Gerard-Philippe-Mabillard-The-Stars-Share-768x1152.jpg 768w, https:\/\/www.tapasmagazine.es\/wp-content\/uploads\/2023\/03\/PENELOPE-CRUZ-Gerard-Philippe-Mabillard-The-Stars-Share-400x600.jpg 400w, https:\/\/www.tapasmagazine.es\/wp-content\/uploads\/2023\/03\/PENELOPE-CRUZ-Gerard-Philippe-Mabillard-The-Stars-Share.jpg 800w\" sizes=\"(max-width: 683px) 100vw, 683px\" \/><figcaption class=\"wp-block-jetpack-slideshow_caption gallery-caption\">Pen\u00e9lope Cruz<\/figcaption><\/figure><\/li><li class=\"wp-block-jetpack-slideshow_slide swiper-slide\"><figure><img decoding=\"async\" width=\"718\" height=\"1024\" alt=\"\" class=\"wp-block-jetpack-slideshow_image wp-image-178550\" data-id=\"178550\" src=\"https:\/\/www.tapasmagazine.es\/wp-content\/uploads\/2023\/03\/CLINT-EASTWOOD-Gerard-Philippe-Mabillard-The-Stars-Share-718x1024.jpg\" srcset=\"https:\/\/www.tapasmagazine.es\/wp-content\/uploads\/2023\/03\/CLINT-EASTWOOD-Gerard-Philippe-Mabillard-The-Stars-Share-718x1024.jpg 718w, https:\/\/www.tapasmagazine.es\/wp-content\/uploads\/2023\/03\/CLINT-EASTWOOD-Gerard-Philippe-Mabillard-The-Stars-Share-210x300.jpg 210w, https:\/\/www.tapasmagazine.es\/wp-content\/uploads\/2023\/03\/CLINT-EASTWOOD-Gerard-Philippe-Mabillard-The-Stars-Share-768x1096.jpg 768w, https:\/\/www.tapasmagazine.es\/wp-content\/uploads\/2023\/03\/CLINT-EASTWOOD-Gerard-Philippe-Mabillard-The-Stars-Share-400x571.jpg 400w, https:\/\/www.tapasmagazine.es\/wp-content\/uploads\/2023\/03\/CLINT-EASTWOOD-Gerard-Philippe-Mabillard-The-Stars-Share.jpg 841w\" sizes=\"(max-width: 718px) 100vw, 718px\" \/><figcaption class=\"wp-block-jetpack-slideshow_caption gallery-caption\">Clint Eastwood<\/figcaption><\/figure><\/li><li class=\"wp-block-jetpack-slideshow_slide swiper-slide\"><figure><img decoding=\"async\" width=\"683\" height=\"1024\" alt=\"\" class=\"wp-block-jetpack-slideshow_image wp-image-178554\" data-id=\"178554\" src=\"https:\/\/www.tapasmagazine.es\/wp-content\/uploads\/2023\/03\/JAVIER-BARDEM-Gerard-Philippe-Mabillard-The-Stars-Share-683x1024.jpg\" srcset=\"https:\/\/www.tapasmagazine.es\/wp-content\/uploads\/2023\/03\/JAVIER-BARDEM-Gerard-Philippe-Mabillard-The-Stars-Share-683x1024.jpg 683w, https:\/\/www.tapasmagazine.es\/wp-content\/uploads\/2023\/03\/JAVIER-BARDEM-Gerard-Philippe-Mabillard-The-Stars-Share-200x300.jpg 200w, https:\/\/www.tapasmagazine.es\/wp-content\/uploads\/2023\/03\/JAVIER-BARDEM-Gerard-Philippe-Mabillard-The-Stars-Share-768x1152.jpg 768w, https:\/\/www.tapasmagazine.es\/wp-content\/uploads\/2023\/03\/JAVIER-BARDEM-Gerard-Philippe-Mabillard-The-Stars-Share-400x600.jpg 400w, https:\/\/www.tapasmagazine.es\/wp-content\/uploads\/2023\/03\/JAVIER-BARDEM-Gerard-Philippe-Mabillard-The-Stars-Share.jpg 800w\" sizes=\"(max-width: 683px) 100vw, 683px\" \/><figcaption class=\"wp-block-jetpack-slideshow_caption gallery-caption\">Javier Bardem<\/figcaption><\/figure><\/li><li class=\"wp-block-jetpack-slideshow_slide swiper-slide\"><figure><img decoding=\"async\" width=\"681\" height=\"1024\" alt=\"\" class=\"wp-block-jetpack-slideshow_image wp-image-178552\" data-id=\"178552\" src=\"https:\/\/www.tapasmagazine.es\/wp-content\/uploads\/2023\/03\/GERARD-DEPARDIEU-Gerard-Philippe-Mabillard-The-Stars-Share-681x1024.jpg\" srcset=\"https:\/\/www.tapasmagazine.es\/wp-content\/uploads\/2023\/03\/GERARD-DEPARDIEU-Gerard-Philippe-Mabillard-The-Stars-Share-681x1024.jpg 681w, https:\/\/www.tapasmagazine.es\/wp-content\/uploads\/2023\/03\/GERARD-DEPARDIEU-Gerard-Philippe-Mabillard-The-Stars-Share-200x300.jpg 200w, https:\/\/www.tapasmagazine.es\/wp-content\/uploads\/2023\/03\/GERARD-DEPARDIEU-Gerard-Philippe-Mabillard-The-Stars-Share-768x1155.jpg 768w, https:\/\/www.tapasmagazine.es\/wp-content\/uploads\/2023\/03\/GERARD-DEPARDIEU-Gerard-Philippe-Mabillard-The-Stars-Share-400x602.jpg 400w, https:\/\/www.tapasmagazine.es\/wp-content\/uploads\/2023\/03\/GERARD-DEPARDIEU-Gerard-Philippe-Mabillard-The-Stars-Share.jpg 798w\" sizes=\"(max-width: 681px) 100vw, 681px\" \/><figcaption class=\"wp-block-jetpack-slideshow_caption gallery-caption\">Gerard Depardieu<\/figcaption><\/figure><\/li><li class=\"wp-block-jetpack-slideshow_slide swiper-slide\"><figure><img decoding=\"async\" width=\"692\" height=\"1024\" alt=\"\" class=\"wp-block-jetpack-slideshow_image wp-image-178548\" data-id=\"178548\" src=\"https:\/\/www.tapasmagazine.es\/wp-content\/uploads\/2023\/03\/BETH-DITTO-Gerard-Philippe-Mabillard-The-Stars-Share-692x1024.jpg\" srcset=\"https:\/\/www.tapasmagazine.es\/wp-content\/uploads\/2023\/03\/BETH-DITTO-Gerard-Philippe-Mabillard-The-Stars-Share-692x1024.jpg 692w, https:\/\/www.tapasmagazine.es\/wp-content\/uploads\/2023\/03\/BETH-DITTO-Gerard-Philippe-Mabillard-The-Stars-Share-203x300.jpg 203w, https:\/\/www.tapasmagazine.es\/wp-content\/uploads\/2023\/03\/BETH-DITTO-Gerard-Philippe-Mabillard-The-Stars-Share-768x1136.jpg 768w, https:\/\/www.tapasmagazine.es\/wp-content\/uploads\/2023\/03\/BETH-DITTO-Gerard-Philippe-Mabillard-The-Stars-Share-400x592.jpg 400w, https:\/\/www.tapasmagazine.es\/wp-content\/uploads\/2023\/03\/BETH-DITTO-Gerard-Philippe-Mabillard-The-Stars-Share.jpg 811w\" sizes=\"(max-width: 692px) 100vw, 692px\" \/><figcaption class=\"wp-block-jetpack-slideshow_caption gallery-caption\">Beth Ditto<\/figcaption><\/figure><\/li><li class=\"wp-block-jetpack-slideshow_slide swiper-slide\"><figure><img decoding=\"async\" width=\"697\" height=\"1024\" alt=\"\" class=\"wp-block-jetpack-slideshow_image wp-image-178558\" data-id=\"178558\" src=\"https:\/\/www.tapasmagazine.es\/wp-content\/uploads\/2023\/03\/SIR-PAUL-SMITH-Gerard-Philippe-Mabillard-The-Stars-Share-697x1024.jpg\" srcset=\"https:\/\/www.tapasmagazine.es\/wp-content\/uploads\/2023\/03\/SIR-PAUL-SMITH-Gerard-Philippe-Mabillard-The-Stars-Share-697x1024.jpg 697w, https:\/\/www.tapasmagazine.es\/wp-content\/uploads\/2023\/03\/SIR-PAUL-SMITH-Gerard-Philippe-Mabillard-The-Stars-Share-204x300.jpg 204w, https:\/\/www.tapasmagazine.es\/wp-content\/uploads\/2023\/03\/SIR-PAUL-SMITH-Gerard-Philippe-Mabillard-The-Stars-Share-768x1128.jpg 768w, https:\/\/www.tapasmagazine.es\/wp-content\/uploads\/2023\/03\/SIR-PAUL-SMITH-Gerard-Philippe-Mabillard-The-Stars-Share-400x588.jpg 400w, https:\/\/www.tapasmagazine.es\/wp-content\/uploads\/2023\/03\/SIR-PAUL-SMITH-Gerard-Philippe-Mabillard-The-Stars-Share.jpg 817w\" sizes=\"(max-width: 697px) 100vw, 697px\" \/><figcaption class=\"wp-block-jetpack-slideshow_caption gallery-caption\">Sir Paul Smith<\/figcaption><\/figure><\/li><li class=\"wp-block-jetpack-slideshow_slide swiper-slide\"><figure><img decoding=\"async\" width=\"683\" height=\"1024\" alt=\"\" class=\"wp-block-jetpack-slideshow_image wp-image-178560\" data-id=\"178560\" src=\"https:\/\/www.tapasmagazine.es\/wp-content\/uploads\/2023\/03\/TONI-SERVILLO-Gerard-Philippe-Mabillard-The-Stars-Share-683x1024.jpg\" srcset=\"https:\/\/www.tapasmagazine.es\/wp-content\/uploads\/2023\/03\/TONI-SERVILLO-Gerard-Philippe-Mabillard-The-Stars-Share-683x1024.jpg 683w, https:\/\/www.tapasmagazine.es\/wp-content\/uploads\/2023\/03\/TONI-SERVILLO-Gerard-Philippe-Mabillard-The-Stars-Share-200x300.jpg 200w, https:\/\/www.tapasmagazine.es\/wp-content\/uploads\/2023\/03\/TONI-SERVILLO-Gerard-Philippe-Mabillard-The-Stars-Share-768x1152.jpg 768w, https:\/\/www.tapasmagazine.es\/wp-content\/uploads\/2023\/03\/TONI-SERVILLO-Gerard-Philippe-Mabillard-The-Stars-Share-400x600.jpg 400w, https:\/\/www.tapasmagazine.es\/wp-content\/uploads\/2023\/03\/TONI-SERVILLO-Gerard-Philippe-Mabillard-The-Stars-Share.jpg 800w\" sizes=\"(max-width: 683px) 100vw, 683px\" \/><figcaption class=\"wp-block-jetpack-slideshow_caption gallery-caption\">Toni Servillo<\/figcaption><\/figure><\/li><li class=\"wp-block-jetpack-slideshow_slide swiper-slide\"><figure><img decoding=\"async\" width=\"683\" height=\"1024\" alt=\"\" class=\"wp-block-jetpack-slideshow_image wp-image-178562\" data-id=\"178562\" src=\"https:\/\/www.tapasmagazine.es\/wp-content\/uploads\/2023\/03\/VINCENT-PEREZ-Gerard-Philippe-Mabillard-The-Stars-Share-683x1024.jpg\" srcset=\"https:\/\/www.tapasmagazine.es\/wp-content\/uploads\/2023\/03\/VINCENT-PEREZ-Gerard-Philippe-Mabillard-The-Stars-Share-683x1024.jpg 683w, https:\/\/www.tapasmagazine.es\/wp-content\/uploads\/2023\/03\/VINCENT-PEREZ-Gerard-Philippe-Mabillard-The-Stars-Share-200x300.jpg 200w, https:\/\/www.tapasmagazine.es\/wp-content\/uploads\/2023\/03\/VINCENT-PEREZ-Gerard-Philippe-Mabillard-The-Stars-Share-768x1152.jpg 768w, https:\/\/www.tapasmagazine.es\/wp-content\/uploads\/2023\/03\/VINCENT-PEREZ-Gerard-Philippe-Mabillard-The-Stars-Share-400x600.jpg 400w, https:\/\/www.tapasmagazine.es\/wp-content\/uploads\/2023\/03\/VINCENT-PEREZ-Gerard-Philippe-Mabillard-The-Stars-Share.jpg 800w\" sizes=\"(max-width: 683px) 100vw, 683px\" \/><figcaption class=\"wp-block-jetpack-slideshow_caption gallery-caption\">Vincent Perez<\/figcaption><\/figure><\/li><\/ul><a class=\"wp-block-jetpack-slideshow_button-prev swiper-button-prev swiper-button-white\" role=\"button\"><\/a><a class=\"wp-block-jetpack-slideshow_button-next swiper-button-next swiper-button-white\" role=\"button\"><\/a><a aria-label=\"Pause Slideshow\" class=\"wp-block-jetpack-slideshow_button-pause\" role=\"button\"><\/a><div class=\"wp-block-jetpack-slideshow_pagination swiper-pagination swiper-pagination-white\"><\/div><\/div><\/div>\n\n\n\n<p>The book consists mainly of photographs, but in some cases Mabillard has not resisted the temptation to tell anecdotes about how some of the pictures were taken. For example, the one of Toni Servillo &#8211; one of his favourite actors &#8211; was taken on the Venetian beach of the Lido, and was taken during an intermission of one of the maratorian promotional sessions of the Venice Film Festival, on the terrace of his hotel, but the actor showed the elegance and tranquillity of someone who was attending a guest in his own home, whom he had invited to enjoy his private beach? For Mabillard, the scene that the Italian gave him was &#8220;as if he were part of a Paolo Sorrentino film&#8221;.<\/p>\n\n\n\n<div class=\"wp-block-jetpack-slideshow aligncenter\" data-effect=\"slide\"><div class=\"wp-block-jetpack-slideshow_container swiper-container\"><ul class=\"wp-block-jetpack-slideshow_swiper-wrapper swiper-wrapper\"><li class=\"wp-block-jetpack-slideshow_slide swiper-slide\"><figure><img decoding=\"async\" width=\"683\" height=\"1024\" alt=\"\" class=\"wp-block-jetpack-slideshow_image wp-image-178566\" data-id=\"178566\" src=\"https:\/\/www.tapasmagazine.es\/wp-content\/uploads\/2023\/03\/ALBA-FLORES-Gerard-Philippe-Mabillard-The-Stars-Share-683x1024.jpg\" srcset=\"https:\/\/www.tapasmagazine.es\/wp-content\/uploads\/2023\/03\/ALBA-FLORES-Gerard-Philippe-Mabillard-The-Stars-Share-683x1024.jpg 683w, https:\/\/www.tapasmagazine.es\/wp-content\/uploads\/2023\/03\/ALBA-FLORES-Gerard-Philippe-Mabillard-The-Stars-Share-200x300.jpg 200w, https:\/\/www.tapasmagazine.es\/wp-content\/uploads\/2023\/03\/ALBA-FLORES-Gerard-Philippe-Mabillard-The-Stars-Share-768x1152.jpg 768w, https:\/\/www.tapasmagazine.es\/wp-content\/uploads\/2023\/03\/ALBA-FLORES-Gerard-Philippe-Mabillard-The-Stars-Share-400x600.jpg 400w, https:\/\/www.tapasmagazine.es\/wp-content\/uploads\/2023\/03\/ALBA-FLORES-Gerard-Philippe-Mabillard-The-Stars-Share.jpg 800w\" sizes=\"(max-width: 683px) 100vw, 683px\" \/><figcaption class=\"wp-block-jetpack-slideshow_caption gallery-caption\">Alba Flores<\/figcaption><\/figure><\/li><li class=\"wp-block-jetpack-slideshow_slide swiper-slide\"><figure><img decoding=\"async\" width=\"684\" height=\"1024\" alt=\"\" class=\"wp-block-jetpack-slideshow_image wp-image-178568\" data-id=\"178568\" src=\"https:\/\/www.tapasmagazine.es\/wp-content\/uploads\/2023\/03\/BENICIO-DEL-TORO-Gerard-Philippe-Mabillard-The-Stars-Share-684x1024.jpg\" srcset=\"https:\/\/www.tapasmagazine.es\/wp-content\/uploads\/2023\/03\/BENICIO-DEL-TORO-Gerard-Philippe-Mabillard-The-Stars-Share-684x1024.jpg 684w, https:\/\/www.tapasmagazine.es\/wp-content\/uploads\/2023\/03\/BENICIO-DEL-TORO-Gerard-Philippe-Mabillard-The-Stars-Share-201x300.jpg 201w, https:\/\/www.tapasmagazine.es\/wp-content\/uploads\/2023\/03\/BENICIO-DEL-TORO-Gerard-Philippe-Mabillard-The-Stars-Share-768x1149.jpg 768w, https:\/\/www.tapasmagazine.es\/wp-content\/uploads\/2023\/03\/BENICIO-DEL-TORO-Gerard-Philippe-Mabillard-The-Stars-Share-400x599.jpg 400w, https:\/\/www.tapasmagazine.es\/wp-content\/uploads\/2023\/03\/BENICIO-DEL-TORO-Gerard-Philippe-Mabillard-The-Stars-Share.jpg 802w\" sizes=\"(max-width: 684px) 100vw, 684px\" \/><figcaption class=\"wp-block-jetpack-slideshow_caption gallery-caption\">Benicio del Toro<\/figcaption><\/figure><\/li><li class=\"wp-block-jetpack-slideshow_slide swiper-slide\"><figure><img decoding=\"async\" width=\"683\" height=\"1024\" alt=\"\" class=\"wp-block-jetpack-slideshow_image wp-image-178570\" data-id=\"178570\" src=\"https:\/\/www.tapasmagazine.es\/wp-content\/uploads\/2023\/03\/WILLEM-DAFOE-Gerard-Philippe-Mabillard-The-Stars-Share-683x1024.jpg\" srcset=\"https:\/\/www.tapasmagazine.es\/wp-content\/uploads\/2023\/03\/WILLEM-DAFOE-Gerard-Philippe-Mabillard-The-Stars-Share-683x1024.jpg 683w, https:\/\/www.tapasmagazine.es\/wp-content\/uploads\/2023\/03\/WILLEM-DAFOE-Gerard-Philippe-Mabillard-The-Stars-Share-200x300.jpg 200w, https:\/\/www.tapasmagazine.es\/wp-content\/uploads\/2023\/03\/WILLEM-DAFOE-Gerard-Philippe-Mabillard-The-Stars-Share-768x1152.jpg 768w, https:\/\/www.tapasmagazine.es\/wp-content\/uploads\/2023\/03\/WILLEM-DAFOE-Gerard-Philippe-Mabillard-The-Stars-Share-400x600.jpg 400w, https:\/\/www.tapasmagazine.es\/wp-content\/uploads\/2023\/03\/WILLEM-DAFOE-Gerard-Philippe-Mabillard-The-Stars-Share.jpg 800w\" sizes=\"(max-width: 683px) 100vw, 683px\" \/><figcaption class=\"wp-block-jetpack-slideshow_caption gallery-caption\">Willem Dafoe<\/figcaption><\/figure><\/li><li class=\"wp-block-jetpack-slideshow_slide swiper-slide\"><figure><img decoding=\"async\" width=\"684\" height=\"1024\" alt=\"\" class=\"wp-block-jetpack-slideshow_image wp-image-178572\" data-id=\"178572\" src=\"https:\/\/www.tapasmagazine.es\/wp-content\/uploads\/2023\/03\/QUENTIN-TARANTINO-Gerard-Philippe-Mabillard-The-Stars-Share-684x1024.jpg\" srcset=\"https:\/\/www.tapasmagazine.es\/wp-content\/uploads\/2023\/03\/QUENTIN-TARANTINO-Gerard-Philippe-Mabillard-The-Stars-Share-684x1024.jpg 684w, https:\/\/www.tapasmagazine.es\/wp-content\/uploads\/2023\/03\/QUENTIN-TARANTINO-Gerard-Philippe-Mabillard-The-Stars-Share-200x300.jpg 200w, https:\/\/www.tapasmagazine.es\/wp-content\/uploads\/2023\/03\/QUENTIN-TARANTINO-Gerard-Philippe-Mabillard-The-Stars-Share-768x1151.jpg 768w, https:\/\/www.tapasmagazine.es\/wp-content\/uploads\/2023\/03\/QUENTIN-TARANTINO-Gerard-Philippe-Mabillard-The-Stars-Share-400x599.jpg 400w, https:\/\/www.tapasmagazine.es\/wp-content\/uploads\/2023\/03\/QUENTIN-TARANTINO-Gerard-Philippe-Mabillard-The-Stars-Share.jpg 801w\" sizes=\"(max-width: 684px) 100vw, 684px\" \/><figcaption class=\"wp-block-jetpack-slideshow_caption gallery-caption\">Quentin Tarantino<\/figcaption><\/figure><\/li><li class=\"wp-block-jetpack-slideshow_slide swiper-slide\"><figure><img decoding=\"async\" width=\"672\" height=\"1024\" alt=\"\" class=\"wp-block-jetpack-slideshow_image wp-image-178574\" data-id=\"178574\" src=\"https:\/\/www.tapasmagazine.es\/wp-content\/uploads\/2023\/03\/SERGI-LOPEZ-Gerard-Philippe-Mabillard-The-Stars-Share-672x1024.jpg\" srcset=\"https:\/\/www.tapasmagazine.es\/wp-content\/uploads\/2023\/03\/SERGI-LOPEZ-Gerard-Philippe-Mabillard-The-Stars-Share-672x1024.jpg 672w, https:\/\/www.tapasmagazine.es\/wp-content\/uploads\/2023\/03\/SERGI-LOPEZ-Gerard-Philippe-Mabillard-The-Stars-Share-197x300.jpg 197w, https:\/\/www.tapasmagazine.es\/wp-content\/uploads\/2023\/03\/SERGI-LOPEZ-Gerard-Philippe-Mabillard-The-Stars-Share-768x1170.jpg 768w, https:\/\/www.tapasmagazine.es\/wp-content\/uploads\/2023\/03\/SERGI-LOPEZ-Gerard-Philippe-Mabillard-The-Stars-Share-400x609.jpg 400w, https:\/\/www.tapasmagazine.es\/wp-content\/uploads\/2023\/03\/SERGI-LOPEZ-Gerard-Philippe-Mabillard-The-Stars-Share.jpg 788w\" sizes=\"(max-width: 672px) 100vw, 672px\" \/><figcaption class=\"wp-block-jetpack-slideshow_caption gallery-caption\">Sergi L\u00f3pez<\/figcaption><\/figure><\/li><li class=\"wp-block-jetpack-slideshow_slide swiper-slide\"><figure><img decoding=\"async\" width=\"684\" height=\"1024\" alt=\"\" class=\"wp-block-jetpack-slideshow_image wp-image-178576\" data-id=\"178576\" src=\"https:\/\/www.tapasmagazine.es\/wp-content\/uploads\/2023\/03\/DANIEL-BRUHL-Gerard-Philippe-Mabillard-The-Stars-Share-684x1024.jpg\" srcset=\"https:\/\/www.tapasmagazine.es\/wp-content\/uploads\/2023\/03\/DANIEL-BRUHL-Gerard-Philippe-Mabillard-The-Stars-Share-684x1024.jpg 684w, https:\/\/www.tapasmagazine.es\/wp-content\/uploads\/2023\/03\/DANIEL-BRUHL-Gerard-Philippe-Mabillard-The-Stars-Share-200x300.jpg 200w, https:\/\/www.tapasmagazine.es\/wp-content\/uploads\/2023\/03\/DANIEL-BRUHL-Gerard-Philippe-Mabillard-The-Stars-Share-768x1151.jpg 768w, https:\/\/www.tapasmagazine.es\/wp-content\/uploads\/2023\/03\/DANIEL-BRUHL-Gerard-Philippe-Mabillard-The-Stars-Share-400x599.jpg 400w, https:\/\/www.tapasmagazine.es\/wp-content\/uploads\/2023\/03\/DANIEL-BRUHL-Gerard-Philippe-Mabillard-The-Stars-Share.jpg 801w\" sizes=\"(max-width: 684px) 100vw, 684px\" \/><figcaption class=\"wp-block-jetpack-slideshow_caption gallery-caption\">Daniel Br\u00fchl<\/figcaption><\/figure><\/li><\/ul><a class=\"wp-block-jetpack-slideshow_button-prev swiper-button-prev swiper-button-white\" role=\"button\"><\/a><a class=\"wp-block-jetpack-slideshow_button-next swiper-button-next swiper-button-white\" role=\"button\"><\/a><a aria-label=\"Pause Slideshow\" class=\"wp-block-jetpack-slideshow_button-pause\" role=\"button\"><\/a><div class=\"wp-block-jetpack-slideshow_pagination swiper-pagination swiper-pagination-white\"><\/div><\/div><\/div>\n\n\n\n<p>About Bardem, Mabillard remembers the closeness of his manner &#8211; he defines him as &#8220;the antithesis of a divo&#8221; &#8211; and a gaze that seems to pierce you: &#8220;when his eyes meet yours, you have a feeling as if he is also photographing you&#8221;. He photographed Alba Flores at the residence of the Swiss ambassador to Spain and was struck by her humility, in contrast to the fierce temperament of the aura she exudes. One can imagine that the encounters with Quentin Tarantino, G\u00e9rard Depardieu, Paul Smith, Willem Dafoe, Benicio del Toro or Christopher Walken could also have provided material for another book\u2026 Even if it didn&#8217;t have pictures, it would also be worth holding in your hands.<\/p>\n\n\n\n<div class=\"wp-block-jetpack-slideshow aligncenter\" data-effect=\"slide\"><div class=\"wp-block-jetpack-slideshow_container swiper-container\"><ul class=\"wp-block-jetpack-slideshow_swiper-wrapper swiper-wrapper\"><li class=\"wp-block-jetpack-slideshow_slide swiper-slide\"><figure><img decoding=\"async\" width=\"683\" height=\"1024\" alt=\"\" class=\"wp-block-jetpack-slideshow_image wp-image-178580\" data-id=\"178580\" src=\"https:\/\/www.tapasmagazine.es\/wp-content\/uploads\/2023\/03\/JORGE-PERUGORRIA-Gerard-Philippe-Mabillard-The-Stars-Share-683x1024.jpg\" srcset=\"https:\/\/www.tapasmagazine.es\/wp-content\/uploads\/2023\/03\/JORGE-PERUGORRIA-Gerard-Philippe-Mabillard-The-Stars-Share-683x1024.jpg 683w, https:\/\/www.tapasmagazine.es\/wp-content\/uploads\/2023\/03\/JORGE-PERUGORRIA-Gerard-Philippe-Mabillard-The-Stars-Share-200x300.jpg 200w, https:\/\/www.tapasmagazine.es\/wp-content\/uploads\/2023\/03\/JORGE-PERUGORRIA-Gerard-Philippe-Mabillard-The-Stars-Share-768x1152.jpg 768w, https:\/\/www.tapasmagazine.es\/wp-content\/uploads\/2023\/03\/JORGE-PERUGORRIA-Gerard-Philippe-Mabillard-The-Stars-Share-400x600.jpg 400w, https:\/\/www.tapasmagazine.es\/wp-content\/uploads\/2023\/03\/JORGE-PERUGORRIA-Gerard-Philippe-Mabillard-The-Stars-Share.jpg 800w\" sizes=\"(max-width: 683px) 100vw, 683px\" \/><figcaption class=\"wp-block-jetpack-slideshow_caption gallery-caption\">Jorge Perugorr\u00eda<\/figcaption><\/figure><\/li><li class=\"wp-block-jetpack-slideshow_slide swiper-slide\"><figure><img decoding=\"async\" width=\"683\" height=\"1024\" alt=\"\" class=\"wp-block-jetpack-slideshow_image wp-image-178582\" data-id=\"178582\" src=\"https:\/\/www.tapasmagazine.es\/wp-content\/uploads\/2023\/03\/PETER-LINDBERGH-Gerard-Philippe-Mabillard-The-Stars-Share-683x1024.jpg\" srcset=\"https:\/\/www.tapasmagazine.es\/wp-content\/uploads\/2023\/03\/PETER-LINDBERGH-Gerard-Philippe-Mabillard-The-Stars-Share-683x1024.jpg 683w, https:\/\/www.tapasmagazine.es\/wp-content\/uploads\/2023\/03\/PETER-LINDBERGH-Gerard-Philippe-Mabillard-The-Stars-Share-200x300.jpg 200w, https:\/\/www.tapasmagazine.es\/wp-content\/uploads\/2023\/03\/PETER-LINDBERGH-Gerard-Philippe-Mabillard-The-Stars-Share-768x1152.jpg 768w, https:\/\/www.tapasmagazine.es\/wp-content\/uploads\/2023\/03\/PETER-LINDBERGH-Gerard-Philippe-Mabillard-The-Stars-Share-400x600.jpg 400w, https:\/\/www.tapasmagazine.es\/wp-content\/uploads\/2023\/03\/PETER-LINDBERGH-Gerard-Philippe-Mabillard-The-Stars-Share.jpg 800w\" sizes=\"(max-width: 683px) 100vw, 683px\" \/><figcaption class=\"wp-block-jetpack-slideshow_caption gallery-caption\">Peter Lindbergh<\/figcaption><\/figure><\/li><li class=\"wp-block-jetpack-slideshow_slide swiper-slide\"><figure><img decoding=\"async\" width=\"1024\" height=\"683\" alt=\"\" class=\"wp-block-jetpack-slideshow_image wp-image-178584\" data-id=\"178584\" src=\"https:\/\/www.tapasmagazine.es\/wp-content\/uploads\/2023\/03\/FATOUMATA-DIAWARA-Gerard-Philippe-Mabillard-The-Stars-Share-1024x683.jpg\" srcset=\"https:\/\/www.tapasmagazine.es\/wp-content\/uploads\/2023\/03\/FATOUMATA-DIAWARA-Gerard-Philippe-Mabillard-The-Stars-Share-1024x683.jpg 1024w, https:\/\/www.tapasmagazine.es\/wp-content\/uploads\/2023\/03\/FATOUMATA-DIAWARA-Gerard-Philippe-Mabillard-The-Stars-Share-300x200.jpg 300w, https:\/\/www.tapasmagazine.es\/wp-content\/uploads\/2023\/03\/FATOUMATA-DIAWARA-Gerard-Philippe-Mabillard-The-Stars-Share-768x512.jpg 768w, https:\/\/www.tapasmagazine.es\/wp-content\/uploads\/2023\/03\/FATOUMATA-DIAWARA-Gerard-Philippe-Mabillard-The-Stars-Share-1000x667.jpg 1000w, https:\/\/www.tapasmagazine.es\/wp-content\/uploads\/2023\/03\/FATOUMATA-DIAWARA-Gerard-Philippe-Mabillard-The-Stars-Share-400x267.jpg 400w, https:\/\/www.tapasmagazine.es\/wp-content\/uploads\/2023\/03\/FATOUMATA-DIAWARA-Gerard-Philippe-Mabillard-The-Stars-Share.jpg 1200w\" sizes=\"(max-width: 1024px) 100vw, 1024px\" \/><figcaption class=\"wp-block-jetpack-slideshow_caption gallery-caption\">Fatoumata Diawara<\/figcaption><\/figure><\/li><li class=\"wp-block-jetpack-slideshow_slide swiper-slide\"><figure><img decoding=\"async\" width=\"675\" height=\"1024\" alt=\"\" class=\"wp-block-jetpack-slideshow_image wp-image-178586\" data-id=\"178586\" src=\"https:\/\/www.tapasmagazine.es\/wp-content\/uploads\/2023\/03\/JEAN-JACQUES-ANNAUD-Gerard-Philippe-Mabillard-The-Stars-Share-675x1024.jpg\" srcset=\"https:\/\/www.tapasmagazine.es\/wp-content\/uploads\/2023\/03\/JEAN-JACQUES-ANNAUD-Gerard-Philippe-Mabillard-The-Stars-Share-675x1024.jpg 675w, https:\/\/www.tapasmagazine.es\/wp-content\/uploads\/2023\/03\/JEAN-JACQUES-ANNAUD-Gerard-Philippe-Mabillard-The-Stars-Share-198x300.jpg 198w, https:\/\/www.tapasmagazine.es\/wp-content\/uploads\/2023\/03\/JEAN-JACQUES-ANNAUD-Gerard-Philippe-Mabillard-The-Stars-Share-768x1165.jpg 768w, https:\/\/www.tapasmagazine.es\/wp-content\/uploads\/2023\/03\/JEAN-JACQUES-ANNAUD-Gerard-Philippe-Mabillard-The-Stars-Share-400x607.jpg 400w, https:\/\/www.tapasmagazine.es\/wp-content\/uploads\/2023\/03\/JEAN-JACQUES-ANNAUD-Gerard-Philippe-Mabillard-The-Stars-Share.jpg 791w\" sizes=\"(max-width: 675px) 100vw, 675px\" \/><figcaption class=\"wp-block-jetpack-slideshow_caption gallery-caption\">Jean-Jacques Annaud<\/figcaption><\/figure><\/li><li class=\"wp-block-jetpack-slideshow_slide swiper-slide\"><figure><img decoding=\"async\" width=\"1024\" height=\"683\" alt=\"G\u00e9rard-Philippe Mabillard -  The Stars' Share\" class=\"wp-block-jetpack-slideshow_image wp-image-178588\" data-id=\"178588\" src=\"https:\/\/www.tapasmagazine.es\/wp-content\/uploads\/2023\/03\/JOEL-DICKER-1024x683.jpg\" srcset=\"https:\/\/www.tapasmagazine.es\/wp-content\/uploads\/2023\/03\/JOEL-DICKER-1024x683.jpg 1024w, https:\/\/www.tapasmagazine.es\/wp-content\/uploads\/2023\/03\/JOEL-DICKER-300x200.jpg 300w, https:\/\/www.tapasmagazine.es\/wp-content\/uploads\/2023\/03\/JOEL-DICKER-768x512.jpg 768w, https:\/\/www.tapasmagazine.es\/wp-content\/uploads\/2023\/03\/JOEL-DICKER-1000x667.jpg 1000w, https:\/\/www.tapasmagazine.es\/wp-content\/uploads\/2023\/03\/JOEL-DICKER-400x267.jpg 400w, https:\/\/www.tapasmagazine.es\/wp-content\/uploads\/2023\/03\/JOEL-DICKER.jpg 1200w\" sizes=\"(max-width: 1024px) 100vw, 1024px\" \/><figcaption class=\"wp-block-jetpack-slideshow_caption gallery-caption\">Jo\u00ebl Dicker<\/figcaption><\/figure><\/li><\/ul><a class=\"wp-block-jetpack-slideshow_button-prev swiper-button-prev swiper-button-white\" role=\"button\"><\/a><a class=\"wp-block-jetpack-slideshow_button-next swiper-button-next swiper-button-white\" role=\"button\"><\/a><a aria-label=\"Pause Slideshow\" class=\"wp-block-jetpack-slideshow_button-pause\" role=\"button\"><\/a><div class=\"wp-block-jetpack-slideshow_pagination swiper-pagination swiper-pagination-white\"><\/div><\/div><\/div>\n","protected":false},"excerpt":{"rendered":"<p>Click here to read the Spanish version.Although trained as an economist specialising in marketing, G\u00e9rard-Philippe Mabillard is a communications professional who has held positions of responsibility in the watch industry (Swatch Group) and the hotel industry (for the spa Les Bains de Saillon or the ski resort of Verbier, both in the Swiss canton of [&hellip;]<\/p>\n","protected":false},"author":79,"featured_media":178543,"comment_status":"open","ping_status":"closed","sticky":false,"template":"single-feature.php","format":"standard","meta":{"_acf_changed":false,"footnotes":""},"categories":[16002],"tags":[],"class_list":["post-178591","post","type-post","status-publish","format-standard","has-post-thumbnail","hentry","category-reportajes-en","cat-16002-id"],"acf":[],"yoast_head":"<!-- This site is optimized with the Yoast SEO plugin v27.4 - https:\/\/yoast.com\/product\/yoast-seo-wordpress\/ -->\n<title>From Pen\u00e9lope Cruz to Clint Eastwood: this is the book that includes photos of celebrities who love wine<\/title>\n<meta name=\"description\" content=\"G\u00e9rard-Philippe Mabillard publishes &quot;The Stars&#039; Share&quot;, which includes photos of celebrities around wine: from Javier Bardem to Tarantino.\" \/>\n<meta name=\"robots\" content=\"index, follow, max-snippet:-1, max-image-preview:large, max-video-preview:-1\" \/>\n<link rel=\"canonical\" href=\"https:\/\/www.tapasmagazine.es\/en\/book-photos-famous-wine\/\" \/>\n<meta property=\"og:locale\" content=\"en_US\" \/>\n<meta property=\"og:type\" content=\"article\" \/>\n<meta property=\"og:title\" content=\"From Pen\u00e9lope Cruz to Clint Eastwood: this is the book that includes photos of celebrities who love wine\" \/>\n<meta property=\"og:description\" content=\"G\u00e9rard-Philippe Mabillard publishes &quot;The Stars&#039; Share&quot;, which includes photos of celebrities around wine: from Javier Bardem to Tarantino.\" \/>\n<meta property=\"og:url\" content=\"https:\/\/www.tapasmagazine.es\/en\/book-photos-famous-wine\/\" \/>\n<meta property=\"og:site_name\" content=\"Tapas\" \/>\n<meta property=\"article:publisher\" content=\"https:\/\/www.facebook.com\/tapasmagazine\" \/>\n<meta property=\"article:published_time\" content=\"2023-03-18T08:30:08+00:00\" \/>\n<meta property=\"og:image\" content=\"https:\/\/www.tapasmagazine.es\/wp-content\/uploads\/2023\/03\/javier-bardem-libro-The-Stars-Share-Gerard-Philippe-Mabillard-vino.jpg\" \/>\n\t<meta property=\"og:image:width\" content=\"1200\" \/>\n\t<meta property=\"og:image:height\" content=\"675\" \/>\n\t<meta property=\"og:image:type\" content=\"image\/jpeg\" \/>\n<meta name=\"author\" content=\"Jes\u00fas Rodr\u00edguez Lenin\" \/>\n<meta name=\"twitter:card\" content=\"summary_large_image\" \/>\n<meta name=\"twitter:creator\" content=\"@TapasMagazine\" \/>\n<meta name=\"twitter:site\" content=\"@TapasMagazine\" \/>\n<meta name=\"twitter:label1\" content=\"Written by\" \/>\n\t<meta name=\"twitter:data1\" content=\"Jes\u00fas Rodr\u00edguez Lenin\" \/>\n\t<meta name=\"twitter:label2\" content=\"Est. reading time\" \/>\n\t<meta name=\"twitter:data2\" content=\"8 minutes\" \/>\n<script type=\"application\/ld+json\" class=\"yoast-schema-graph\">{\"@context\":\"https:\\\/\\\/schema.org\",\"@graph\":[{\"@type\":\"Article\",\"@id\":\"https:\\\/\\\/www.tapasmagazine.es\\\/en\\\/book-photos-famous-wine\\\/#article\",\"isPartOf\":{\"@id\":\"https:\\\/\\\/www.tapasmagazine.es\\\/en\\\/book-photos-famous-wine\\\/\"},\"author\":{\"name\":\"Jes\u00fas Rodr\u00edguez Lenin\",\"@id\":\"https:\\\/\\\/www.tapasmagazine.es\\\/#\\\/schema\\\/person\\\/71f099527649074e06a1470be9a25f47\"},\"headline\":\"From Pen\u00e9lope Cruz to Clint Eastwood: this is the book that includes photos of celebrities who love wine\",\"datePublished\":\"2023-03-18T08:30:08+00:00\",\"mainEntityOfPage\":{\"@id\":\"https:\\\/\\\/www.tapasmagazine.es\\\/en\\\/book-photos-famous-wine\\\/\"},\"wordCount\":793,\"commentCount\":0,\"publisher\":{\"@id\":\"https:\\\/\\\/www.tapasmagazine.es\\\/#organization\"},\"image\":{\"@id\":\"https:\\\/\\\/www.tapasmagazine.es\\\/en\\\/book-photos-famous-wine\\\/#primaryimage\"},\"thumbnailUrl\":\"https:\\\/\\\/www.tapasmagazine.es\\\/wp-content\\\/uploads\\\/2023\\\/03\\\/javier-bardem-libro-The-Stars-Share-Gerard-Philippe-Mabillard-vino.jpg\",\"articleSection\":[\"Reportajes\"],\"inLanguage\":\"en-US\",\"potentialAction\":[{\"@type\":\"CommentAction\",\"name\":\"Comment\",\"target\":[\"https:\\\/\\\/www.tapasmagazine.es\\\/en\\\/book-photos-famous-wine\\\/#respond\"]}]},{\"@type\":\"WebPage\",\"@id\":\"https:\\\/\\\/www.tapasmagazine.es\\\/en\\\/book-photos-famous-wine\\\/\",\"url\":\"https:\\\/\\\/www.tapasmagazine.es\\\/en\\\/book-photos-famous-wine\\\/\",\"name\":\"From Pen\u00e9lope Cruz to Clint Eastwood: this is the book that includes photos of celebrities who love wine\",\"isPartOf\":{\"@id\":\"https:\\\/\\\/www.tapasmagazine.es\\\/#website\"},\"primaryImageOfPage\":{\"@id\":\"https:\\\/\\\/www.tapasmagazine.es\\\/en\\\/book-photos-famous-wine\\\/#primaryimage\"},\"image\":{\"@id\":\"https:\\\/\\\/www.tapasmagazine.es\\\/en\\\/book-photos-famous-wine\\\/#primaryimage\"},\"thumbnailUrl\":\"https:\\\/\\\/www.tapasmagazine.es\\\/wp-content\\\/uploads\\\/2023\\\/03\\\/javier-bardem-libro-The-Stars-Share-Gerard-Philippe-Mabillard-vino.jpg\",\"datePublished\":\"2023-03-18T08:30:08+00:00\",\"description\":\"G\u00e9rard-Philippe Mabillard publishes \\\"The Stars' Share\\\", which includes photos of celebrities around wine: from Javier Bardem to Tarantino.\",\"breadcrumb\":{\"@id\":\"https:\\\/\\\/www.tapasmagazine.es\\\/en\\\/book-photos-famous-wine\\\/#breadcrumb\"},\"inLanguage\":\"en-US\",\"potentialAction\":[{\"@type\":\"ReadAction\",\"target\":[\"https:\\\/\\\/www.tapasmagazine.es\\\/en\\\/book-photos-famous-wine\\\/\"]}]},{\"@type\":\"ImageObject\",\"inLanguage\":\"en-US\",\"@id\":\"https:\\\/\\\/www.tapasmagazine.es\\\/en\\\/book-photos-famous-wine\\\/#primaryimage\",\"url\":\"https:\\\/\\\/www.tapasmagazine.es\\\/wp-content\\\/uploads\\\/2023\\\/03\\\/javier-bardem-libro-The-Stars-Share-Gerard-Philippe-Mabillard-vino.jpg\",\"contentUrl\":\"https:\\\/\\\/www.tapasmagazine.es\\\/wp-content\\\/uploads\\\/2023\\\/03\\\/javier-bardem-libro-The-Stars-Share-Gerard-Philippe-Mabillard-vino.jpg\",\"width\":1200,\"height\":675,\"caption\":\"javier-bardem-libro-The Stars' Share-Ge\u0301rard-Philippe Mabillard-vino\"},{\"@type\":\"BreadcrumbList\",\"@id\":\"https:\\\/\\\/www.tapasmagazine.es\\\/en\\\/book-photos-famous-wine\\\/#breadcrumb\",\"itemListElement\":[{\"@type\":\"ListItem\",\"position\":1,\"name\":\"Portada\",\"item\":\"https:\\\/\\\/www.tapasmagazine.es\\\/\"},{\"@type\":\"ListItem\",\"position\":2,\"name\":\"Reportajes\",\"item\":\"https:\\\/\\\/www.tapasmagazine.es\\\/en\\\/categorias\\\/reportajes-en\\\/\"},{\"@type\":\"ListItem\",\"position\":3,\"name\":\"From Pen\u00e9lope Cruz to Clint Eastwood: this is the book that includes photos of celebrities who love wine\"}]},{\"@type\":\"WebSite\",\"@id\":\"https:\\\/\\\/www.tapasmagazine.es\\\/#website\",\"url\":\"https:\\\/\\\/www.tapasmagazine.es\\\/\",\"name\":\"Tapas\",\"description\":\"\u00d1am \u00d1am Lifestyle. La vida a bocados. Premio Nacional de Gastronom\u00eda 2016.\",\"publisher\":{\"@id\":\"https:\\\/\\\/www.tapasmagazine.es\\\/#organization\"},\"potentialAction\":[{\"@type\":\"SearchAction\",\"target\":{\"@type\":\"EntryPoint\",\"urlTemplate\":\"https:\\\/\\\/www.tapasmagazine.es\\\/?s={search_term_string}\"},\"query-input\":{\"@type\":\"PropertyValueSpecification\",\"valueRequired\":true,\"valueName\":\"search_term_string\"}}],\"inLanguage\":\"en-US\"},{\"@type\":\"Organization\",\"@id\":\"https:\\\/\\\/www.tapasmagazine.es\\\/#organization\",\"name\":\"Tapas Magazine\",\"url\":\"https:\\\/\\\/www.tapasmagazine.es\\\/\",\"logo\":{\"@type\":\"ImageObject\",\"inLanguage\":\"en-US\",\"@id\":\"https:\\\/\\\/www.tapasmagazine.es\\\/#\\\/schema\\\/logo\\\/image\\\/\",\"url\":\"https:\\\/\\\/www.tapasmagazine.es\\\/wp-content\\\/uploads\\\/2018\\\/01\\\/logo.png\",\"contentUrl\":\"https:\\\/\\\/www.tapasmagazine.es\\\/wp-content\\\/uploads\\\/2018\\\/01\\\/logo.png\",\"width\":180,\"height\":60,\"caption\":\"Tapas Magazine\"},\"image\":{\"@id\":\"https:\\\/\\\/www.tapasmagazine.es\\\/#\\\/schema\\\/logo\\\/image\\\/\"},\"sameAs\":[\"https:\\\/\\\/www.facebook.com\\\/tapasmagazine\",\"https:\\\/\\\/x.com\\\/TapasMagazine\",\"https:\\\/\\\/www.instagram.com\\\/tapasmagazine\\\/\",\"https:\\\/\\\/www.linkedin.com\\\/company\\\/tapas-magazine\",\"https:\\\/\\\/es.pinterest.com\\\/tapasmagazine\\\/\",\"https:\\\/\\\/www.youtube.com\\\/channel\\\/UCEyxneAaACuR0lfDagrWjjg?sub_confirmation=1\"]},{\"@type\":\"Person\",\"@id\":\"https:\\\/\\\/www.tapasmagazine.es\\\/#\\\/schema\\\/person\\\/71f099527649074e06a1470be9a25f47\",\"name\":\"Jes\u00fas Rodr\u00edguez Lenin\",\"url\":\"https:\\\/\\\/www.tapasmagazine.es\\\/en\\\/author\\\/jesus-r-lenin\\\/\"}]}<\/script>\n<!-- \/ Yoast SEO plugin. -->","yoast_head_json":{"title":"From Pen\u00e9lope Cruz to Clint Eastwood: this is the book that includes photos of celebrities who love wine","description":"G\u00e9rard-Philippe Mabillard publishes \"The Stars' Share\", which includes photos of celebrities around wine: from Javier Bardem to Tarantino.","robots":{"index":"index","follow":"follow","max-snippet":"max-snippet:-1","max-image-preview":"max-image-preview:large","max-video-preview":"max-video-preview:-1"},"canonical":"https:\/\/www.tapasmagazine.es\/en\/book-photos-famous-wine\/","og_locale":"en_US","og_type":"article","og_title":"From Pen\u00e9lope Cruz to Clint Eastwood: this is the book that includes photos of celebrities who love wine","og_description":"G\u00e9rard-Philippe Mabillard publishes \"The Stars' Share\", which includes photos of celebrities around wine: from Javier Bardem to Tarantino.","og_url":"https:\/\/www.tapasmagazine.es\/en\/book-photos-famous-wine\/","og_site_name":"Tapas","article_publisher":"https:\/\/www.facebook.com\/tapasmagazine","article_published_time":"2023-03-18T08:30:08+00:00","og_image":[{"width":1200,"height":675,"url":"https:\/\/www.tapasmagazine.es\/wp-content\/uploads\/2023\/03\/javier-bardem-libro-The-Stars-Share-Gerard-Philippe-Mabillard-vino.jpg","type":"image\/jpeg"}],"author":"Jes\u00fas Rodr\u00edguez Lenin","twitter_card":"summary_large_image","twitter_creator":"@TapasMagazine","twitter_site":"@TapasMagazine","twitter_misc":{"Written by":"Jes\u00fas Rodr\u00edguez Lenin","Est. reading time":"8 minutes"},"schema":{"@context":"https:\/\/schema.org","@graph":[{"@type":"Article","@id":"https:\/\/www.tapasmagazine.es\/en\/book-photos-famous-wine\/#article","isPartOf":{"@id":"https:\/\/www.tapasmagazine.es\/en\/book-photos-famous-wine\/"},"author":{"name":"Jes\u00fas Rodr\u00edguez Lenin","@id":"https:\/\/www.tapasmagazine.es\/#\/schema\/person\/71f099527649074e06a1470be9a25f47"},"headline":"From Pen\u00e9lope Cruz to Clint Eastwood: this is the book that includes photos of celebrities who love wine","datePublished":"2023-03-18T08:30:08+00:00","mainEntityOfPage":{"@id":"https:\/\/www.tapasmagazine.es\/en\/book-photos-famous-wine\/"},"wordCount":793,"commentCount":0,"publisher":{"@id":"https:\/\/www.tapasmagazine.es\/#organization"},"image":{"@id":"https:\/\/www.tapasmagazine.es\/en\/book-photos-famous-wine\/#primaryimage"},"thumbnailUrl":"https:\/\/www.tapasmagazine.es\/wp-content\/uploads\/2023\/03\/javier-bardem-libro-The-Stars-Share-Gerard-Philippe-Mabillard-vino.jpg","articleSection":["Reportajes"],"inLanguage":"en-US","potentialAction":[{"@type":"CommentAction","name":"Comment","target":["https:\/\/www.tapasmagazine.es\/en\/book-photos-famous-wine\/#respond"]}]},{"@type":"WebPage","@id":"https:\/\/www.tapasmagazine.es\/en\/book-photos-famous-wine\/","url":"https:\/\/www.tapasmagazine.es\/en\/book-photos-famous-wine\/","name":"From Pen\u00e9lope Cruz to Clint Eastwood: this is the book that includes photos of celebrities who love wine","isPartOf":{"@id":"https:\/\/www.tapasmagazine.es\/#website"},"primaryImageOfPage":{"@id":"https:\/\/www.tapasmagazine.es\/en\/book-photos-famous-wine\/#primaryimage"},"image":{"@id":"https:\/\/www.tapasmagazine.es\/en\/book-photos-famous-wine\/#primaryimage"},"thumbnailUrl":"https:\/\/www.tapasmagazine.es\/wp-content\/uploads\/2023\/03\/javier-bardem-libro-The-Stars-Share-Gerard-Philippe-Mabillard-vino.jpg","datePublished":"2023-03-18T08:30:08+00:00","description":"G\u00e9rard-Philippe Mabillard publishes \"The Stars' Share\", which includes photos of celebrities around wine: from Javier Bardem to Tarantino.","breadcrumb":{"@id":"https:\/\/www.tapasmagazine.es\/en\/book-photos-famous-wine\/#breadcrumb"},"inLanguage":"en-US","potentialAction":[{"@type":"ReadAction","target":["https:\/\/www.tapasmagazine.es\/en\/book-photos-famous-wine\/"]}]},{"@type":"ImageObject","inLanguage":"en-US","@id":"https:\/\/www.tapasmagazine.es\/en\/book-photos-famous-wine\/#primaryimage","url":"https:\/\/www.tapasmagazine.es\/wp-content\/uploads\/2023\/03\/javier-bardem-libro-The-Stars-Share-Gerard-Philippe-Mabillard-vino.jpg","contentUrl":"https:\/\/www.tapasmagazine.es\/wp-content\/uploads\/2023\/03\/javier-bardem-libro-The-Stars-Share-Gerard-Philippe-Mabillard-vino.jpg","width":1200,"height":675,"caption":"javier-bardem-libro-The Stars' Share-Ge\u0301rard-Philippe Mabillard-vino"},{"@type":"BreadcrumbList","@id":"https:\/\/www.tapasmagazine.es\/en\/book-photos-famous-wine\/#breadcrumb","itemListElement":[{"@type":"ListItem","position":1,"name":"Portada","item":"https:\/\/www.tapasmagazine.es\/"},{"@type":"ListItem","position":2,"name":"Reportajes","item":"https:\/\/www.tapasmagazine.es\/en\/categorias\/reportajes-en\/"},{"@type":"ListItem","position":3,"name":"From Pen\u00e9lope Cruz to Clint Eastwood: this is the book that includes photos of celebrities who love wine"}]},{"@type":"WebSite","@id":"https:\/\/www.tapasmagazine.es\/#website","url":"https:\/\/www.tapasmagazine.es\/","name":"Tapas","description":"\u00d1am \u00d1am Lifestyle. La vida a bocados. Premio Nacional de Gastronom\u00eda 2016.","publisher":{"@id":"https:\/\/www.tapasmagazine.es\/#organization"},"potentialAction":[{"@type":"SearchAction","target":{"@type":"EntryPoint","urlTemplate":"https:\/\/www.tapasmagazine.es\/?s={search_term_string}"},"query-input":{"@type":"PropertyValueSpecification","valueRequired":true,"valueName":"search_term_string"}}],"inLanguage":"en-US"},{"@type":"Organization","@id":"https:\/\/www.tapasmagazine.es\/#organization","name":"Tapas Magazine","url":"https:\/\/www.tapasmagazine.es\/","logo":{"@type":"ImageObject","inLanguage":"en-US","@id":"https:\/\/www.tapasmagazine.es\/#\/schema\/logo\/image\/","url":"https:\/\/www.tapasmagazine.es\/wp-content\/uploads\/2018\/01\/logo.png","contentUrl":"https:\/\/www.tapasmagazine.es\/wp-content\/uploads\/2018\/01\/logo.png","width":180,"height":60,"caption":"Tapas Magazine"},"image":{"@id":"https:\/\/www.tapasmagazine.es\/#\/schema\/logo\/image\/"},"sameAs":["https:\/\/www.facebook.com\/tapasmagazine","https:\/\/x.com\/TapasMagazine","https:\/\/www.instagram.com\/tapasmagazine\/","https:\/\/www.linkedin.com\/company\/tapas-magazine","https:\/\/es.pinterest.com\/tapasmagazine\/","https:\/\/www.youtube.com\/channel\/UCEyxneAaACuR0lfDagrWjjg?sub_confirmation=1"]},{"@type":"Person","@id":"https:\/\/www.tapasmagazine.es\/#\/schema\/person\/71f099527649074e06a1470be9a25f47","name":"Jes\u00fas Rodr\u00edguez Lenin","url":"https:\/\/www.tapasmagazine.es\/en\/author\/jesus-r-lenin\/"}]}},"_links":{"self":[{"href":"https:\/\/www.tapasmagazine.es\/en\/wp-json\/wp\/v2\/posts\/178591","targetHints":{"allow":["GET"]}}],"collection":[{"href":"https:\/\/www.tapasmagazine.es\/en\/wp-json\/wp\/v2\/posts"}],"about":[{"href":"https:\/\/www.tapasmagazine.es\/en\/wp-json\/wp\/v2\/types\/post"}],"author":[{"embeddable":true,"href":"https:\/\/www.tapasmagazine.es\/en\/wp-json\/wp\/v2\/users\/79"}],"replies":[{"embeddable":true,"href":"https:\/\/www.tapasmagazine.es\/en\/wp-json\/wp\/v2\/comments?post=178591"}],"version-history":[{"count":3,"href":"https:\/\/www.tapasmagazine.es\/en\/wp-json\/wp\/v2\/posts\/178591\/revisions"}],"predecessor-version":[{"id":178595,"href":"https:\/\/www.tapasmagazine.es\/en\/wp-json\/wp\/v2\/posts\/178591\/revisions\/178595"}],"wp:featuredmedia":[{"embeddable":true,"href":"https:\/\/www.tapasmagazine.es\/en\/wp-json\/wp\/v2\/media\/178543"}],"wp:attachment":[{"href":"https:\/\/www.tapasmagazine.es\/en\/wp-json\/wp\/v2\/media?parent=178591"}],"wp:term":[{"taxonomy":"category","embeddable":true,"href":"https:\/\/www.tapasmagazine.es\/en\/wp-json\/wp\/v2\/categories?post=178591"},{"taxonomy":"post_tag","embeddable":true,"href":"https:\/\/www.tapasmagazine.es\/en\/wp-json\/wp\/v2\/tags?post=178591"}],"curies":[{"name":"wp","href":"https:\/\/api.w.org\/{rel}","templated":true}]}}