{"id":177108,"date":"2023-03-02T18:19:27","date_gmt":"2023-03-02T17:19:27","guid":{"rendered":"https:\/\/www.tapasmagazine.es\/?p=177108"},"modified":"2023-03-02T18:42:38","modified_gmt":"2023-03-02T17:42:38","slug":"economia-planas-analiza-con-el-director-general-de-la-fao-los-principales-retos-en-materia-de-seguridad-alimentaria","status":"publish","type":"post","link":"https:\/\/www.tapasmagazine.es\/en\/economia-planas-analiza-con-el-director-general-de-la-fao-los-principales-retos-en-materia-de-seguridad-alimentaria\/","title":{"rendered":"Econom\u00eda.- Planas analiza con el director general de la FAO los principales retos en materia de seguridad alimentaria"},"content":{"rendered":"<p>El ministro de Agricultura, Pesca y Alimentaci\u00f3n, Luis Planas, ha expresado la necesidad de avanzar hacia una producci\u00f3n &#8220;m\u00e1s sostenible&#8221; para garantizar la disponibilidad de alimentos durante su reuni\u00f3n este jueves en Roma con el director general de la Organizaci\u00f3n de las Naciones Unidas para la Alimentaci\u00f3n y la Agricultura (FAO), Qu Dongyu.<\/p>\n<p>   En concreto, Planas ha trasladado al directivo que el Gobierno mantiene una apuesta firme por la gesti\u00f3n sostenible del agua, una prioridad que Espa\u00f1a comparte con la FAO, el impulso de la digitalizaci\u00f3n y la incorporaci\u00f3n de j\u00f3venes y mujeres para asegurar el relevo generacional en la actividad agraria.<\/p>\n<p>   A este respecto, el titular de Agricultura ha agradecido a Qu Dongyu sus esfuerzos para apoyar el funcionamiento y refuerzo de la cadena agroalimentaria en esta crisis. En particular, ha expresado la necesidad seguir trabajando para garantizar la accesibilidad a los fertilizantes a precios razonables, en un mercado abierto y transparente.<\/p>\n<p>   Durante el encuentro se han analizado los principales retos en materia de seguridad alimentaria y otras cuestiones de inter\u00e9s com\u00fan.<\/p>\n<p>   Adem\u00e1s, como muestra de esta estrecha colaboraci\u00f3n, Espa\u00f1a ha puesto a disposici\u00f3n de la FAO los servicios del Centro Nacional de Tecnolog\u00eda de Regad\u00edos (Center), cuyas investigaciones son de gran utilidad para el desarrollo de regad\u00edos m\u00e1s eficientes.<\/p>\n<p>   Adem\u00e1s, Planas ha asegurado que durante la Presidencia de la Uni\u00f3n Europea, que coincidir\u00e1 con la XLIII Conferencia de la FAO, Espa\u00f1a contribuir\u00e1 a ampliar la cooperaci\u00f3n y el di\u00e1logo con las regiones m\u00e1s vulnerables y apoyar\u00e1 las iniciativas que emprenda la FAO para ayudar a las organizaciones regionales de pesca en la tarea de alcanzar una ordenaci\u00f3n pesquera resiliente al clima.<\/p>\n<p>ENCUENTROS BILATERALES Y REUNIONES CON EMPRESAS<\/p>\n<p>   Durante su estancia en Roma, el titular de Agricultura ha mantenido diferentes encuentros bilaterales con el secretario ejecutivo de la Comisi\u00f3n General de Pesca del Mediterr\u00e1neo, Miguel Bernal; el presidente del Comit\u00e9 de Seguridad Alimentaria Mundial, Gabriel Ferrero; el presidente del Foro Internacional de Desarrollo Agr\u00edcola, \u00c1lvaro Lario; y la directora ejecutiva adjunta del Programa Mundial de Alimentos de las Naciones Unidas, Ute Kalmert.<\/p>\n<p>   Asimismo, el ministro se ha reunido con representantes de empresas espa\u00f1olas y funcionarios en las agencias de Naciones Unidas radicadas en Roma, a quienes ha animado a impulsar la colaboraci\u00f3n internacional en materias como la tecnolog\u00eda de regad\u00edos, la digitalizaci\u00f3n agraria o la agricultura de precisi\u00f3n con los que lograr sistemas alimentarios m\u00e1s sostenibles y resilientes.<\/p>\n","protected":false},"excerpt":{"rendered":"<p>El ministro de Agricultura, Pesca y Alimentaci\u00f3n, Luis Planas, ha expresado la necesidad de avanzar hacia una producci\u00f3n &#8220;m\u00e1s sostenible&#8221; para garantizar la disponibilidad de alimentos durante su reuni\u00f3n este jueves en Roma con el director general de la Organizaci\u00f3n de las Naciones Unidas para la Alimentaci\u00f3n y la Agricultura (FAO), Qu Dongyu. En concreto, [&hellip;]<\/p>\n","protected":false},"author":277,"featured_media":177110,"comment_status":"close","ping_status":"","sticky":false,"template":"single-feature.php","format":"standard","meta":{"_acf_changed":false,"footnotes":""},"categories":[15645],"tags":[],"class_list":["post-177108","post","type-post","status-publish","format-standard","has-post-thumbnail","hentry","category-ultima-hora","cat-15645-id"],"acf":[],"yoast_head":"<!-- This site is optimized with the Yoast SEO plugin v27.4 - https:\/\/yoast.com\/product\/yoast-seo-wordpress\/ -->\n<title>Econom\u00eda.- Planas analiza con el director general de la FAO los principales retos en materia de seguridad alimentaria - Tapas<\/title>\n<meta name=\"description\" content=\"El ministro de Agricultura, Pesca y Alimentaci\u00f3n, Luis Planas, ha expresado la necesidad de avanzar hacia una producci\u00f3n &quot;m\u00e1s sostenible&quot; para garantizar\" \/>\n<meta name=\"robots\" content=\"index, follow, max-snippet:-1, max-image-preview:large, max-video-preview:-1\" \/>\n<link rel=\"canonical\" href=\"https:\/\/www.tapasmagazine.es\/en\/economia-planas-analiza-con-el-director-general-de-la-fao-los-principales-retos-en-materia-de-seguridad-alimentaria\/\" \/>\n<meta property=\"og:locale\" content=\"en_US\" \/>\n<meta property=\"og:type\" content=\"article\" \/>\n<meta property=\"og:title\" content=\"Econom\u00eda.- Planas analiza con el director general de la FAO los principales retos en materia de seguridad alimentaria - Tapas\" \/>\n<meta property=\"og:description\" content=\"El ministro de Agricultura, Pesca y Alimentaci\u00f3n, Luis Planas, ha expresado la necesidad de avanzar hacia una producci\u00f3n &quot;m\u00e1s sostenible&quot; para garantizar\" \/>\n<meta property=\"og:url\" content=\"https:\/\/www.tapasmagazine.es\/en\/economia-planas-analiza-con-el-director-general-de-la-fao-los-principales-retos-en-materia-de-seguridad-alimentaria\/\" \/>\n<meta property=\"og:site_name\" content=\"Tapas\" \/>\n<meta property=\"article:publisher\" content=\"https:\/\/www.facebook.com\/tapasmagazine\" \/>\n<meta property=\"article:published_time\" content=\"2023-03-02T17:19:27+00:00\" \/>\n<meta property=\"article:modified_time\" content=\"2023-03-02T17:42:38+00:00\" \/>\n<meta property=\"og:image\" content=\"https:\/\/www.tapasmagazine.es\/wp-content\/uploads\/2023\/03\/fotonoticia_20230302181927_9999-scaled.jpg\" \/>\n\t<meta property=\"og:image:width\" content=\"2560\" \/>\n\t<meta property=\"og:image:height\" content=\"1706\" \/>\n\t<meta property=\"og:image:type\" content=\"image\/jpeg\" \/>\n<meta name=\"author\" content=\"Tapas \/ EP\" \/>\n<meta name=\"twitter:card\" content=\"summary_large_image\" \/>\n<meta name=\"twitter:creator\" content=\"@TapasMagazine\" \/>\n<meta name=\"twitter:site\" content=\"@TapasMagazine\" \/>\n<meta name=\"twitter:label1\" content=\"Written by\" \/>\n\t<meta name=\"twitter:data1\" content=\"Tapas \/ EP\" \/>\n\t<meta name=\"twitter:label2\" content=\"Est. reading time\" \/>\n\t<meta name=\"twitter:data2\" content=\"2 minutes\" \/>\n<script type=\"application\/ld+json\" class=\"yoast-schema-graph\">{\"@context\":\"https:\\\/\\\/schema.org\",\"@graph\":[{\"@type\":\"Article\",\"@id\":\"https:\\\/\\\/www.tapasmagazine.es\\\/en\\\/economia-planas-analiza-con-el-director-general-de-la-fao-los-principales-retos-en-materia-de-seguridad-alimentaria\\\/#article\",\"isPartOf\":{\"@id\":\"https:\\\/\\\/www.tapasmagazine.es\\\/en\\\/economia-planas-analiza-con-el-director-general-de-la-fao-los-principales-retos-en-materia-de-seguridad-alimentaria\\\/\"},\"author\":{\"name\":\"Tapas \\\/ EP\",\"@id\":\"https:\\\/\\\/www.tapasmagazine.es\\\/#\\\/schema\\\/person\\\/dddb3bce6f98f2124c204b901d74a14b\"},\"headline\":\"Econom\u00eda.- Planas analiza con el director general de la FAO los principales retos en materia de seguridad alimentaria\",\"datePublished\":\"2023-03-02T17:19:27+00:00\",\"dateModified\":\"2023-03-02T17:42:38+00:00\",\"mainEntityOfPage\":{\"@id\":\"https:\\\/\\\/www.tapasmagazine.es\\\/en\\\/economia-planas-analiza-con-el-director-general-de-la-fao-los-principales-retos-en-materia-de-seguridad-alimentaria\\\/\"},\"wordCount\":457,\"publisher\":{\"@id\":\"https:\\\/\\\/www.tapasmagazine.es\\\/#organization\"},\"image\":{\"@id\":\"https:\\\/\\\/www.tapasmagazine.es\\\/en\\\/economia-planas-analiza-con-el-director-general-de-la-fao-los-principales-retos-en-materia-de-seguridad-alimentaria\\\/#primaryimage\"},\"thumbnailUrl\":\"https:\\\/\\\/www.tapasmagazine.es\\\/wp-content\\\/uploads\\\/2023\\\/03\\\/fotonoticia_20230302181927_9999-scaled.jpg\",\"articleSection\":[\"\u00daltima hora\"],\"inLanguage\":\"en-US\"},{\"@type\":\"WebPage\",\"@id\":\"https:\\\/\\\/www.tapasmagazine.es\\\/en\\\/economia-planas-analiza-con-el-director-general-de-la-fao-los-principales-retos-en-materia-de-seguridad-alimentaria\\\/\",\"url\":\"https:\\\/\\\/www.tapasmagazine.es\\\/en\\\/economia-planas-analiza-con-el-director-general-de-la-fao-los-principales-retos-en-materia-de-seguridad-alimentaria\\\/\",\"name\":\"Econom\u00eda.- Planas analiza con el director general de la FAO los principales retos en materia de seguridad alimentaria - Tapas\",\"isPartOf\":{\"@id\":\"https:\\\/\\\/www.tapasmagazine.es\\\/#website\"},\"primaryImageOfPage\":{\"@id\":\"https:\\\/\\\/www.tapasmagazine.es\\\/en\\\/economia-planas-analiza-con-el-director-general-de-la-fao-los-principales-retos-en-materia-de-seguridad-alimentaria\\\/#primaryimage\"},\"image\":{\"@id\":\"https:\\\/\\\/www.tapasmagazine.es\\\/en\\\/economia-planas-analiza-con-el-director-general-de-la-fao-los-principales-retos-en-materia-de-seguridad-alimentaria\\\/#primaryimage\"},\"thumbnailUrl\":\"https:\\\/\\\/www.tapasmagazine.es\\\/wp-content\\\/uploads\\\/2023\\\/03\\\/fotonoticia_20230302181927_9999-scaled.jpg\",\"datePublished\":\"2023-03-02T17:19:27+00:00\",\"dateModified\":\"2023-03-02T17:42:38+00:00\",\"description\":\"El ministro de Agricultura, Pesca y Alimentaci\u00f3n, Luis Planas, ha expresado la necesidad de avanzar hacia una producci\u00f3n \\\"m\u00e1s sostenible\\\" para garantizar\",\"breadcrumb\":{\"@id\":\"https:\\\/\\\/www.tapasmagazine.es\\\/en\\\/economia-planas-analiza-con-el-director-general-de-la-fao-los-principales-retos-en-materia-de-seguridad-alimentaria\\\/#breadcrumb\"},\"inLanguage\":\"en-US\",\"potentialAction\":[{\"@type\":\"ReadAction\",\"target\":[\"https:\\\/\\\/www.tapasmagazine.es\\\/en\\\/economia-planas-analiza-con-el-director-general-de-la-fao-los-principales-retos-en-materia-de-seguridad-alimentaria\\\/\"]}]},{\"@type\":\"ImageObject\",\"inLanguage\":\"en-US\",\"@id\":\"https:\\\/\\\/www.tapasmagazine.es\\\/en\\\/economia-planas-analiza-con-el-director-general-de-la-fao-los-principales-retos-en-materia-de-seguridad-alimentaria\\\/#primaryimage\",\"url\":\"https:\\\/\\\/www.tapasmagazine.es\\\/wp-content\\\/uploads\\\/2023\\\/03\\\/fotonoticia_20230302181927_9999-scaled.jpg\",\"contentUrl\":\"https:\\\/\\\/www.tapasmagazine.es\\\/wp-content\\\/uploads\\\/2023\\\/03\\\/fotonoticia_20230302181927_9999-scaled.jpg\",\"width\":2560,\"height\":1706},{\"@type\":\"BreadcrumbList\",\"@id\":\"https:\\\/\\\/www.tapasmagazine.es\\\/en\\\/economia-planas-analiza-con-el-director-general-de-la-fao-los-principales-retos-en-materia-de-seguridad-alimentaria\\\/#breadcrumb\",\"itemListElement\":[{\"@type\":\"ListItem\",\"position\":1,\"name\":\"Portada\",\"item\":\"https:\\\/\\\/www.tapasmagazine.es\\\/\"},{\"@type\":\"ListItem\",\"position\":2,\"name\":\"Sin categorizar\",\"item\":\"https:\\\/\\\/www.tapasmagazine.es\\\/categorias\\\/sin-categorizar-2\\\/\"},{\"@type\":\"ListItem\",\"position\":3,\"name\":\"Econom\u00eda.- Planas analiza con el director general de la FAO los principales retos en materia de seguridad alimentaria\"}]},{\"@type\":\"WebSite\",\"@id\":\"https:\\\/\\\/www.tapasmagazine.es\\\/#website\",\"url\":\"https:\\\/\\\/www.tapasmagazine.es\\\/\",\"name\":\"Tapas\",\"description\":\"\u00d1am \u00d1am Lifestyle. La vida a bocados. Premio Nacional de Gastronom\u00eda 2016.\",\"publisher\":{\"@id\":\"https:\\\/\\\/www.tapasmagazine.es\\\/#organization\"},\"potentialAction\":[{\"@type\":\"SearchAction\",\"target\":{\"@type\":\"EntryPoint\",\"urlTemplate\":\"https:\\\/\\\/www.tapasmagazine.es\\\/?s={search_term_string}\"},\"query-input\":{\"@type\":\"PropertyValueSpecification\",\"valueRequired\":true,\"valueName\":\"search_term_string\"}}],\"inLanguage\":\"en-US\"},{\"@type\":\"Organization\",\"@id\":\"https:\\\/\\\/www.tapasmagazine.es\\\/#organization\",\"name\":\"Tapas Magazine\",\"url\":\"https:\\\/\\\/www.tapasmagazine.es\\\/\",\"logo\":{\"@type\":\"ImageObject\",\"inLanguage\":\"en-US\",\"@id\":\"https:\\\/\\\/www.tapasmagazine.es\\\/#\\\/schema\\\/logo\\\/image\\\/\",\"url\":\"https:\\\/\\\/www.tapasmagazine.es\\\/wp-content\\\/uploads\\\/2018\\\/01\\\/logo.png\",\"contentUrl\":\"https:\\\/\\\/www.tapasmagazine.es\\\/wp-content\\\/uploads\\\/2018\\\/01\\\/logo.png\",\"width\":180,\"height\":60,\"caption\":\"Tapas Magazine\"},\"image\":{\"@id\":\"https:\\\/\\\/www.tapasmagazine.es\\\/#\\\/schema\\\/logo\\\/image\\\/\"},\"sameAs\":[\"https:\\\/\\\/www.facebook.com\\\/tapasmagazine\",\"https:\\\/\\\/x.com\\\/TapasMagazine\",\"https:\\\/\\\/www.instagram.com\\\/tapasmagazine\\\/\",\"https:\\\/\\\/www.linkedin.com\\\/company\\\/tapas-magazine\",\"https:\\\/\\\/es.pinterest.com\\\/tapasmagazine\\\/\",\"https:\\\/\\\/www.youtube.com\\\/channel\\\/UCEyxneAaACuR0lfDagrWjjg?sub_confirmation=1\"]},{\"@type\":\"Person\",\"@id\":\"https:\\\/\\\/www.tapasmagazine.es\\\/#\\\/schema\\\/person\\\/dddb3bce6f98f2124c204b901d74a14b\",\"name\":\"Tapas \\\/ EP\",\"url\":\"https:\\\/\\\/www.tapasmagazine.es\\\/en\\\/author\\\/tapasep\\\/\"}]}<\/script>\n<!-- \/ Yoast SEO plugin. -->","yoast_head_json":{"title":"Econom\u00eda.- Planas analiza con el director general de la FAO los principales retos en materia de seguridad alimentaria - Tapas","description":"El ministro de Agricultura, Pesca y Alimentaci\u00f3n, Luis Planas, ha expresado la necesidad de avanzar hacia una producci\u00f3n \"m\u00e1s sostenible\" para garantizar","robots":{"index":"index","follow":"follow","max-snippet":"max-snippet:-1","max-image-preview":"max-image-preview:large","max-video-preview":"max-video-preview:-1"},"canonical":"https:\/\/www.tapasmagazine.es\/en\/economia-planas-analiza-con-el-director-general-de-la-fao-los-principales-retos-en-materia-de-seguridad-alimentaria\/","og_locale":"en_US","og_type":"article","og_title":"Econom\u00eda.- Planas analiza con el director general de la FAO los principales retos en materia de seguridad alimentaria - Tapas","og_description":"El ministro de Agricultura, Pesca y Alimentaci\u00f3n, Luis Planas, ha expresado la necesidad de avanzar hacia una producci\u00f3n \"m\u00e1s sostenible\" para garantizar","og_url":"https:\/\/www.tapasmagazine.es\/en\/economia-planas-analiza-con-el-director-general-de-la-fao-los-principales-retos-en-materia-de-seguridad-alimentaria\/","og_site_name":"Tapas","article_publisher":"https:\/\/www.facebook.com\/tapasmagazine","article_published_time":"2023-03-02T17:19:27+00:00","article_modified_time":"2023-03-02T17:42:38+00:00","og_image":[{"width":2560,"height":1706,"url":"https:\/\/www.tapasmagazine.es\/wp-content\/uploads\/2023\/03\/fotonoticia_20230302181927_9999-scaled.jpg","type":"image\/jpeg"}],"author":"Tapas \/ EP","twitter_card":"summary_large_image","twitter_creator":"@TapasMagazine","twitter_site":"@TapasMagazine","twitter_misc":{"Written by":"Tapas \/ EP","Est. reading time":"2 minutes"},"schema":{"@context":"https:\/\/schema.org","@graph":[{"@type":"Article","@id":"https:\/\/www.tapasmagazine.es\/en\/economia-planas-analiza-con-el-director-general-de-la-fao-los-principales-retos-en-materia-de-seguridad-alimentaria\/#article","isPartOf":{"@id":"https:\/\/www.tapasmagazine.es\/en\/economia-planas-analiza-con-el-director-general-de-la-fao-los-principales-retos-en-materia-de-seguridad-alimentaria\/"},"author":{"name":"Tapas \/ EP","@id":"https:\/\/www.tapasmagazine.es\/#\/schema\/person\/dddb3bce6f98f2124c204b901d74a14b"},"headline":"Econom\u00eda.- Planas analiza con el director general de la FAO los principales retos en materia de seguridad alimentaria","datePublished":"2023-03-02T17:19:27+00:00","dateModified":"2023-03-02T17:42:38+00:00","mainEntityOfPage":{"@id":"https:\/\/www.tapasmagazine.es\/en\/economia-planas-analiza-con-el-director-general-de-la-fao-los-principales-retos-en-materia-de-seguridad-alimentaria\/"},"wordCount":457,"publisher":{"@id":"https:\/\/www.tapasmagazine.es\/#organization"},"image":{"@id":"https:\/\/www.tapasmagazine.es\/en\/economia-planas-analiza-con-el-director-general-de-la-fao-los-principales-retos-en-materia-de-seguridad-alimentaria\/#primaryimage"},"thumbnailUrl":"https:\/\/www.tapasmagazine.es\/wp-content\/uploads\/2023\/03\/fotonoticia_20230302181927_9999-scaled.jpg","articleSection":["\u00daltima hora"],"inLanguage":"en-US"},{"@type":"WebPage","@id":"https:\/\/www.tapasmagazine.es\/en\/economia-planas-analiza-con-el-director-general-de-la-fao-los-principales-retos-en-materia-de-seguridad-alimentaria\/","url":"https:\/\/www.tapasmagazine.es\/en\/economia-planas-analiza-con-el-director-general-de-la-fao-los-principales-retos-en-materia-de-seguridad-alimentaria\/","name":"Econom\u00eda.- Planas analiza con el director general de la FAO los principales retos en materia de seguridad alimentaria - Tapas","isPartOf":{"@id":"https:\/\/www.tapasmagazine.es\/#website"},"primaryImageOfPage":{"@id":"https:\/\/www.tapasmagazine.es\/en\/economia-planas-analiza-con-el-director-general-de-la-fao-los-principales-retos-en-materia-de-seguridad-alimentaria\/#primaryimage"},"image":{"@id":"https:\/\/www.tapasmagazine.es\/en\/economia-planas-analiza-con-el-director-general-de-la-fao-los-principales-retos-en-materia-de-seguridad-alimentaria\/#primaryimage"},"thumbnailUrl":"https:\/\/www.tapasmagazine.es\/wp-content\/uploads\/2023\/03\/fotonoticia_20230302181927_9999-scaled.jpg","datePublished":"2023-03-02T17:19:27+00:00","dateModified":"2023-03-02T17:42:38+00:00","description":"El ministro de Agricultura, Pesca y Alimentaci\u00f3n, Luis Planas, ha expresado la necesidad de avanzar hacia una producci\u00f3n \"m\u00e1s sostenible\" para garantizar","breadcrumb":{"@id":"https:\/\/www.tapasmagazine.es\/en\/economia-planas-analiza-con-el-director-general-de-la-fao-los-principales-retos-en-materia-de-seguridad-alimentaria\/#breadcrumb"},"inLanguage":"en-US","potentialAction":[{"@type":"ReadAction","target":["https:\/\/www.tapasmagazine.es\/en\/economia-planas-analiza-con-el-director-general-de-la-fao-los-principales-retos-en-materia-de-seguridad-alimentaria\/"]}]},{"@type":"ImageObject","inLanguage":"en-US","@id":"https:\/\/www.tapasmagazine.es\/en\/economia-planas-analiza-con-el-director-general-de-la-fao-los-principales-retos-en-materia-de-seguridad-alimentaria\/#primaryimage","url":"https:\/\/www.tapasmagazine.es\/wp-content\/uploads\/2023\/03\/fotonoticia_20230302181927_9999-scaled.jpg","contentUrl":"https:\/\/www.tapasmagazine.es\/wp-content\/uploads\/2023\/03\/fotonoticia_20230302181927_9999-scaled.jpg","width":2560,"height":1706},{"@type":"BreadcrumbList","@id":"https:\/\/www.tapasmagazine.es\/en\/economia-planas-analiza-con-el-director-general-de-la-fao-los-principales-retos-en-materia-de-seguridad-alimentaria\/#breadcrumb","itemListElement":[{"@type":"ListItem","position":1,"name":"Portada","item":"https:\/\/www.tapasmagazine.es\/"},{"@type":"ListItem","position":2,"name":"Sin categorizar","item":"https:\/\/www.tapasmagazine.es\/categorias\/sin-categorizar-2\/"},{"@type":"ListItem","position":3,"name":"Econom\u00eda.- Planas analiza con el director general de la FAO los principales retos en materia de seguridad alimentaria"}]},{"@type":"WebSite","@id":"https:\/\/www.tapasmagazine.es\/#website","url":"https:\/\/www.tapasmagazine.es\/","name":"Tapas","description":"\u00d1am \u00d1am Lifestyle. La vida a bocados. Premio Nacional de Gastronom\u00eda 2016.","publisher":{"@id":"https:\/\/www.tapasmagazine.es\/#organization"},"potentialAction":[{"@type":"SearchAction","target":{"@type":"EntryPoint","urlTemplate":"https:\/\/www.tapasmagazine.es\/?s={search_term_string}"},"query-input":{"@type":"PropertyValueSpecification","valueRequired":true,"valueName":"search_term_string"}}],"inLanguage":"en-US"},{"@type":"Organization","@id":"https:\/\/www.tapasmagazine.es\/#organization","name":"Tapas Magazine","url":"https:\/\/www.tapasmagazine.es\/","logo":{"@type":"ImageObject","inLanguage":"en-US","@id":"https:\/\/www.tapasmagazine.es\/#\/schema\/logo\/image\/","url":"https:\/\/www.tapasmagazine.es\/wp-content\/uploads\/2018\/01\/logo.png","contentUrl":"https:\/\/www.tapasmagazine.es\/wp-content\/uploads\/2018\/01\/logo.png","width":180,"height":60,"caption":"Tapas Magazine"},"image":{"@id":"https:\/\/www.tapasmagazine.es\/#\/schema\/logo\/image\/"},"sameAs":["https:\/\/www.facebook.com\/tapasmagazine","https:\/\/x.com\/TapasMagazine","https:\/\/www.instagram.com\/tapasmagazine\/","https:\/\/www.linkedin.com\/company\/tapas-magazine","https:\/\/es.pinterest.com\/tapasmagazine\/","https:\/\/www.youtube.com\/channel\/UCEyxneAaACuR0lfDagrWjjg?sub_confirmation=1"]},{"@type":"Person","@id":"https:\/\/www.tapasmagazine.es\/#\/schema\/person\/dddb3bce6f98f2124c204b901d74a14b","name":"Tapas \/ EP","url":"https:\/\/www.tapasmagazine.es\/en\/author\/tapasep\/"}]}},"_links":{"self":[{"href":"https:\/\/www.tapasmagazine.es\/en\/wp-json\/wp\/v2\/posts\/177108","targetHints":{"allow":["GET"]}}],"collection":[{"href":"https:\/\/www.tapasmagazine.es\/en\/wp-json\/wp\/v2\/posts"}],"about":[{"href":"https:\/\/www.tapasmagazine.es\/en\/wp-json\/wp\/v2\/types\/post"}],"author":[{"embeddable":true,"href":"https:\/\/www.tapasmagazine.es\/en\/wp-json\/wp\/v2\/users\/277"}],"replies":[{"embeddable":true,"href":"https:\/\/www.tapasmagazine.es\/en\/wp-json\/wp\/v2\/comments?post=177108"}],"version-history":[{"count":1,"href":"https:\/\/www.tapasmagazine.es\/en\/wp-json\/wp\/v2\/posts\/177108\/revisions"}],"predecessor-version":[{"id":177109,"href":"https:\/\/www.tapasmagazine.es\/en\/wp-json\/wp\/v2\/posts\/177108\/revisions\/177109"}],"wp:featuredmedia":[{"embeddable":true,"href":"https:\/\/www.tapasmagazine.es\/en\/wp-json\/wp\/v2\/media\/177110"}],"wp:attachment":[{"href":"https:\/\/www.tapasmagazine.es\/en\/wp-json\/wp\/v2\/media?parent=177108"}],"wp:term":[{"taxonomy":"category","embeddable":true,"href":"https:\/\/www.tapasmagazine.es\/en\/wp-json\/wp\/v2\/categories?post=177108"},{"taxonomy":"post_tag","embeddable":true,"href":"https:\/\/www.tapasmagazine.es\/en\/wp-json\/wp\/v2\/tags?post=177108"}],"curies":[{"name":"wp","href":"https:\/\/api.w.org\/{rel}","templated":true}]}}