{"id":177104,"date":"2023-03-02T18:23:10","date_gmt":"2023-03-02T17:23:10","guid":{"rendered":"https:\/\/www.tapasmagazine.es\/?p=177104"},"modified":"2023-03-02T18:42:35","modified_gmt":"2023-03-02T17:42:35","slug":"economia-cofradias-tachan-de-afrenta-la-ubicacion-de-los-proyectos-de-eolica-marina-que-afectan-donde-mas-se-pesca","status":"publish","type":"post","link":"https:\/\/www.tapasmagazine.es\/en\/economia-cofradias-tachan-de-afrenta-la-ubicacion-de-los-proyectos-de-eolica-marina-que-afectan-donde-mas-se-pesca\/","title":{"rendered":"Econom\u00eda.- Cofrad\u00edas tachan de afrenta la ubicaci\u00f3n de los proyectos de e\u00f3lica marina, que afectan donde &#8220;m\u00e1s se pesca&#8221;"},"content":{"rendered":"<p>El presidente de la Federaci\u00f3n Nacional de Cofrad\u00edas de Pescadores y patr\u00f3n mayor de Burela (Lugo), Basilio Otero, ha denunciado la &#8220;afrenta&#8221; que supone la aprobaci\u00f3n de los planes de ordenaci\u00f3n del espacio mar\u00edtimo (POEM) aprobados por el Gobierno central y ha asegurado que &#8220;afectan a donde m\u00e1s se pesca&#8221;.<\/p>\n<p>   Basilio Otero, junto a otros miembros del Consello Galego de Pesca, ha participado este jueves en Santiago de Compostela en una reuni\u00f3n del Observatorio de E\u00f3lica Marina, a la que tambi\u00e9n ha asistido el vicepresidente primero de la Xunta y conselleiro de Econom\u00eda, Francisco Conde; representantes de las conseller\u00edas do Mar y Medio Ambiente, as\u00ed como del sector industrial, como la Asociaci\u00f3n de Industrias del Metal y Tecnolog\u00edas Asociadas de Galicia (Asime).<\/p>\n<p>   En declaraciones a los medios, Otero ha denunciado la afectaci\u00f3n que estos planes tienen en las zonas en las que m\u00e1s faena el sector pesquero gallego. &#8220;Hubo alguna persona que nos dijo que para qu\u00e9 les hab\u00edamos mandado datos &#8211;al Ministerio para la Transici\u00f3n Ecol\u00f3gica&#8211;, porque pusieron los posibles pol\u00edgonos en donde m\u00e1s pescaban. En vez de apartarlos, los centraron a\u00fan m\u00e1s&#8221;, ha denunciado.<\/p>\n<p>   En este sentido, ha explicado que las cofrad\u00edas est\u00e1n muy &#8220;apenadas&#8221; con la aprobaci\u00f3n de los POEM y al mismo tiempo &#8220;agradecidas&#8221; por el trabajo hecho hoy con la Xunta de Galicia, a la que valoran &#8220;estar presente en momentos tan convulsos y escuchar las peticiones que tiene el sector pesquero gallego frente a esta afrenta&#8221;<\/p>\n<p>   El presidente de las cofrad\u00edas ha recordado que este observatorio lleva trabajando &#8220;m\u00e1s de un a\u00f1o y medio&#8221; en un &#8220;intento de entendimiento&#8221; entre las partes afectadas por esta actividad, un horizonte para el que se muestran dispuestos a &#8220;seguir trabajando&#8221;.<\/p>\n<p>   Con todo, ha lamentado que, despu\u00e9s de este tiempo, el Gobierno central &#8220;no apoye el trabajo&#8221; hecho. As\u00ed, ha explicado que por parte del sector pesquero trasladaron toda la informaci\u00f3n relativa a las zonas en las que faenan para evitar esta situaci\u00f3n. &#8220;Nosotros le mandamos toda la informaci\u00f3n que ellos ya ten\u00edan y aquella que no, porque hay embarcaciones que tienen menos de 15 metros que no est\u00e1n obligadas a llevar geolocalizaci\u00f3n y nosotros se la aportamos con informes&#8221;, ha apuntado.<\/p>\n<p>El SECTOR DEL METAL VE UNA &#8220;OPORTUNIDAD&#8221;<\/p>\n<p>   Por otra parte, el asesor t\u00e9cnico del Galician Offshore Energy Group de Asime, Pedro P\u00e9rez, ha considerado un &#8220;hito&#8221; la aprobaci\u00f3n de estos POEM, un punto a partir del que ha abogado por trabajar para &#8220;tratar de hacer coexistir las diferentes actividades&#8221; que concurren en el mar, una l\u00ednea en la que, seg\u00fan ha indicado, se ha acordado seguir.<\/p>\n<p>   P\u00e9rez ha detallado que si bien les falta analizar &#8220;al detalle&#8221; estos proyectos, s\u00ed los ven &#8220;un punto de partida&#8221;. &#8220;Ahora hay que trabajar en detalle para analizar c\u00f3mo son esas zonas, qu\u00e9 afectaciones pueden tener, qu\u00e9 potencial de recursos tienen y hacia d\u00f3nde se pueden dirigir&#8221;.<\/p>\n<p>   El asesor de Asime ha considerado que el desarrollo de la energ\u00eda e\u00f3lica &#8216;off shore&#8217; es una &#8220;oportunidad&#8221; para el desarrollo industrial de Galicia. &#8220;Lo vemos como una oportunidad de futuro y efectivamente, hay que trabajar ahora para que eso sea factible y pueda coexistir con otras actividades importantes que se desarrollan&#8221;.<\/p>\n<p>   Por su parte, este mismo jueves y en la rueda de prensa posterior a la reuni\u00f3n semanal del Consello, el presidente de la Xunta, Alfonso Rueda, ha urgido una reuni\u00f3n al Ministerio para la Transici\u00f3n Ecol\u00f3gica para que &#8220;aclare y justifique&#8221; las zonas escogidas para el desarrollo de la e\u00f3lica marina al norte de Galicia. &#8220;Entendemos que no est\u00e1n suficientemente justificados desde el punto de vista t\u00e9cnico&#8221;, asegur\u00f3.<\/p>\n<p>EMPRESARIOS DE LUGO APOYAN AL SECTOR PESQUERO<\/p>\n<p>   Adem\u00e1s, este jueves, en un comunicado remitido a los medios, la Confederaci\u00f3n de Empresarios de Lugo (CEL) ha manifestado su apoyo al sector pesquero en su preocupaci\u00f3n ante los planes para la e\u00f3lica marina y ha considerado &#8220;imprescindibles&#8221; estudios de impacto exhaustivos que eviten los efectos negativos en un sector que ven &#8220;fundamental&#8221; para la econom\u00eda.<\/p>\n<p>   As\u00ed, considera que, a la vista de lo propuesto, las zonas marinas seleccionadas para la producci\u00f3n e\u00f3lica entran en conflicto con la actividad pesquera que ve &#8220;prioritaria&#8221;. &#8220;Es inasumible para Lugo el impacto negativo que la puesta en marcha de estos parques tendr\u00e1 en la industria y empleos del sector pesquero, uno de los fundamentales de la econom\u00eda provincial&#8221;, subraya.<\/p>\n","protected":false},"excerpt":{"rendered":"<p>El presidente de la Federaci\u00f3n Nacional de Cofrad\u00edas de Pescadores y patr\u00f3n mayor de Burela (Lugo), Basilio Otero, ha denunciado la &#8220;afrenta&#8221; que supone la aprobaci\u00f3n de los planes de ordenaci\u00f3n del espacio mar\u00edtimo (POEM) aprobados por el Gobierno central y ha asegurado que &#8220;afectan a donde m\u00e1s se pesca&#8221;. Basilio Otero, junto a otros [&hellip;]<\/p>\n","protected":false},"author":277,"featured_media":177106,"comment_status":"close","ping_status":"","sticky":false,"template":"single-feature.php","format":"standard","meta":{"_acf_changed":false,"footnotes":""},"categories":[15645],"tags":[],"class_list":["post-177104","post","type-post","status-publish","format-standard","has-post-thumbnail","hentry","category-ultima-hora","cat-15645-id"],"acf":[],"yoast_head":"<!-- This site is optimized with the Yoast SEO plugin v27.4 - https:\/\/yoast.com\/product\/yoast-seo-wordpress\/ -->\n<title>Econom\u00eda.- Cofrad\u00edas tachan de afrenta la ubicaci\u00f3n de los proyectos de e\u00f3lica marina, que afectan donde &quot;m\u00e1s se pesca&quot; - Tapas<\/title>\n<meta name=\"description\" content=\"El presidente de la Federaci\u00f3n Nacional de Cofrad\u00edas de Pescadores y patr\u00f3n mayor de Burela (Lugo), Basilio Otero, ha denunciado la &quot;afrenta&quot; que supone\" \/>\n<meta name=\"robots\" content=\"index, follow, max-snippet:-1, max-image-preview:large, max-video-preview:-1\" \/>\n<link rel=\"canonical\" href=\"https:\/\/www.tapasmagazine.es\/en\/economia-cofradias-tachan-de-afrenta-la-ubicacion-de-los-proyectos-de-eolica-marina-que-afectan-donde-mas-se-pesca\/\" \/>\n<meta property=\"og:locale\" content=\"en_US\" \/>\n<meta property=\"og:type\" content=\"article\" \/>\n<meta property=\"og:title\" content=\"Econom\u00eda.- Cofrad\u00edas tachan de afrenta la ubicaci\u00f3n de los proyectos de e\u00f3lica marina, que afectan donde &quot;m\u00e1s se pesca&quot; - Tapas\" \/>\n<meta property=\"og:description\" content=\"El presidente de la Federaci\u00f3n Nacional de Cofrad\u00edas de Pescadores y patr\u00f3n mayor de Burela (Lugo), Basilio Otero, ha denunciado la &quot;afrenta&quot; que supone\" \/>\n<meta property=\"og:url\" content=\"https:\/\/www.tapasmagazine.es\/en\/economia-cofradias-tachan-de-afrenta-la-ubicacion-de-los-proyectos-de-eolica-marina-que-afectan-donde-mas-se-pesca\/\" \/>\n<meta property=\"og:site_name\" content=\"Tapas\" \/>\n<meta property=\"article:publisher\" content=\"https:\/\/www.facebook.com\/tapasmagazine\" \/>\n<meta property=\"article:published_time\" content=\"2023-03-02T17:23:10+00:00\" \/>\n<meta property=\"article:modified_time\" content=\"2023-03-02T17:42:35+00:00\" \/>\n<meta property=\"og:image\" content=\"https:\/\/www.tapasmagazine.es\/wp-content\/uploads\/2023\/03\/fotonoticia_20230302182310_9999-scaled.jpg\" \/>\n\t<meta property=\"og:image:width\" content=\"2560\" \/>\n\t<meta property=\"og:image:height\" content=\"1673\" \/>\n\t<meta property=\"og:image:type\" content=\"image\/jpeg\" \/>\n<meta name=\"author\" content=\"Tapas \/ EP\" \/>\n<meta name=\"twitter:card\" content=\"summary_large_image\" \/>\n<meta name=\"twitter:creator\" content=\"@TapasMagazine\" \/>\n<meta name=\"twitter:site\" content=\"@TapasMagazine\" \/>\n<meta name=\"twitter:label1\" content=\"Written by\" \/>\n\t<meta name=\"twitter:data1\" content=\"Tapas \/ EP\" \/>\n\t<meta name=\"twitter:label2\" content=\"Est. reading time\" \/>\n\t<meta name=\"twitter:data2\" content=\"4 minutes\" \/>\n<script type=\"application\/ld+json\" class=\"yoast-schema-graph\">{\"@context\":\"https:\\\/\\\/schema.org\",\"@graph\":[{\"@type\":\"Article\",\"@id\":\"https:\\\/\\\/www.tapasmagazine.es\\\/en\\\/economia-cofradias-tachan-de-afrenta-la-ubicacion-de-los-proyectos-de-eolica-marina-que-afectan-donde-mas-se-pesca\\\/#article\",\"isPartOf\":{\"@id\":\"https:\\\/\\\/www.tapasmagazine.es\\\/en\\\/economia-cofradias-tachan-de-afrenta-la-ubicacion-de-los-proyectos-de-eolica-marina-que-afectan-donde-mas-se-pesca\\\/\"},\"author\":{\"name\":\"Tapas \\\/ EP\",\"@id\":\"https:\\\/\\\/www.tapasmagazine.es\\\/#\\\/schema\\\/person\\\/dddb3bce6f98f2124c204b901d74a14b\"},\"headline\":\"Econom\u00eda.- Cofrad\u00edas tachan de afrenta la ubicaci\u00f3n de los proyectos de e\u00f3lica marina, que afectan donde &#8220;m\u00e1s se pesca&#8221;\",\"datePublished\":\"2023-03-02T17:23:10+00:00\",\"dateModified\":\"2023-03-02T17:42:35+00:00\",\"mainEntityOfPage\":{\"@id\":\"https:\\\/\\\/www.tapasmagazine.es\\\/en\\\/economia-cofradias-tachan-de-afrenta-la-ubicacion-de-los-proyectos-de-eolica-marina-que-afectan-donde-mas-se-pesca\\\/\"},\"wordCount\":805,\"publisher\":{\"@id\":\"https:\\\/\\\/www.tapasmagazine.es\\\/#organization\"},\"image\":{\"@id\":\"https:\\\/\\\/www.tapasmagazine.es\\\/en\\\/economia-cofradias-tachan-de-afrenta-la-ubicacion-de-los-proyectos-de-eolica-marina-que-afectan-donde-mas-se-pesca\\\/#primaryimage\"},\"thumbnailUrl\":\"https:\\\/\\\/www.tapasmagazine.es\\\/wp-content\\\/uploads\\\/2023\\\/03\\\/fotonoticia_20230302182310_9999-scaled.jpg\",\"articleSection\":[\"\u00daltima hora\"],\"inLanguage\":\"en-US\"},{\"@type\":\"WebPage\",\"@id\":\"https:\\\/\\\/www.tapasmagazine.es\\\/en\\\/economia-cofradias-tachan-de-afrenta-la-ubicacion-de-los-proyectos-de-eolica-marina-que-afectan-donde-mas-se-pesca\\\/\",\"url\":\"https:\\\/\\\/www.tapasmagazine.es\\\/en\\\/economia-cofradias-tachan-de-afrenta-la-ubicacion-de-los-proyectos-de-eolica-marina-que-afectan-donde-mas-se-pesca\\\/\",\"name\":\"Econom\u00eda.- Cofrad\u00edas tachan de afrenta la ubicaci\u00f3n de los proyectos de e\u00f3lica marina, que afectan donde \\\"m\u00e1s se pesca\\\" - Tapas\",\"isPartOf\":{\"@id\":\"https:\\\/\\\/www.tapasmagazine.es\\\/#website\"},\"primaryImageOfPage\":{\"@id\":\"https:\\\/\\\/www.tapasmagazine.es\\\/en\\\/economia-cofradias-tachan-de-afrenta-la-ubicacion-de-los-proyectos-de-eolica-marina-que-afectan-donde-mas-se-pesca\\\/#primaryimage\"},\"image\":{\"@id\":\"https:\\\/\\\/www.tapasmagazine.es\\\/en\\\/economia-cofradias-tachan-de-afrenta-la-ubicacion-de-los-proyectos-de-eolica-marina-que-afectan-donde-mas-se-pesca\\\/#primaryimage\"},\"thumbnailUrl\":\"https:\\\/\\\/www.tapasmagazine.es\\\/wp-content\\\/uploads\\\/2023\\\/03\\\/fotonoticia_20230302182310_9999-scaled.jpg\",\"datePublished\":\"2023-03-02T17:23:10+00:00\",\"dateModified\":\"2023-03-02T17:42:35+00:00\",\"description\":\"El presidente de la Federaci\u00f3n Nacional de Cofrad\u00edas de Pescadores y patr\u00f3n mayor de Burela (Lugo), Basilio Otero, ha denunciado la \\\"afrenta\\\" que supone\",\"breadcrumb\":{\"@id\":\"https:\\\/\\\/www.tapasmagazine.es\\\/en\\\/economia-cofradias-tachan-de-afrenta-la-ubicacion-de-los-proyectos-de-eolica-marina-que-afectan-donde-mas-se-pesca\\\/#breadcrumb\"},\"inLanguage\":\"en-US\",\"potentialAction\":[{\"@type\":\"ReadAction\",\"target\":[\"https:\\\/\\\/www.tapasmagazine.es\\\/en\\\/economia-cofradias-tachan-de-afrenta-la-ubicacion-de-los-proyectos-de-eolica-marina-que-afectan-donde-mas-se-pesca\\\/\"]}]},{\"@type\":\"ImageObject\",\"inLanguage\":\"en-US\",\"@id\":\"https:\\\/\\\/www.tapasmagazine.es\\\/en\\\/economia-cofradias-tachan-de-afrenta-la-ubicacion-de-los-proyectos-de-eolica-marina-que-afectan-donde-mas-se-pesca\\\/#primaryimage\",\"url\":\"https:\\\/\\\/www.tapasmagazine.es\\\/wp-content\\\/uploads\\\/2023\\\/03\\\/fotonoticia_20230302182310_9999-scaled.jpg\",\"contentUrl\":\"https:\\\/\\\/www.tapasmagazine.es\\\/wp-content\\\/uploads\\\/2023\\\/03\\\/fotonoticia_20230302182310_9999-scaled.jpg\",\"width\":2560,\"height\":1673},{\"@type\":\"BreadcrumbList\",\"@id\":\"https:\\\/\\\/www.tapasmagazine.es\\\/en\\\/economia-cofradias-tachan-de-afrenta-la-ubicacion-de-los-proyectos-de-eolica-marina-que-afectan-donde-mas-se-pesca\\\/#breadcrumb\",\"itemListElement\":[{\"@type\":\"ListItem\",\"position\":1,\"name\":\"Portada\",\"item\":\"https:\\\/\\\/www.tapasmagazine.es\\\/\"},{\"@type\":\"ListItem\",\"position\":2,\"name\":\"Sin categorizar\",\"item\":\"https:\\\/\\\/www.tapasmagazine.es\\\/categorias\\\/sin-categorizar-2\\\/\"},{\"@type\":\"ListItem\",\"position\":3,\"name\":\"Econom\u00eda.- Cofrad\u00edas tachan de afrenta la ubicaci\u00f3n de los proyectos de e\u00f3lica marina, que afectan donde \u00abm\u00e1s se pesca\u00bb\"}]},{\"@type\":\"WebSite\",\"@id\":\"https:\\\/\\\/www.tapasmagazine.es\\\/#website\",\"url\":\"https:\\\/\\\/www.tapasmagazine.es\\\/\",\"name\":\"Tapas\",\"description\":\"\u00d1am \u00d1am Lifestyle. La vida a bocados. Premio Nacional de Gastronom\u00eda 2016.\",\"publisher\":{\"@id\":\"https:\\\/\\\/www.tapasmagazine.es\\\/#organization\"},\"potentialAction\":[{\"@type\":\"SearchAction\",\"target\":{\"@type\":\"EntryPoint\",\"urlTemplate\":\"https:\\\/\\\/www.tapasmagazine.es\\\/?s={search_term_string}\"},\"query-input\":{\"@type\":\"PropertyValueSpecification\",\"valueRequired\":true,\"valueName\":\"search_term_string\"}}],\"inLanguage\":\"en-US\"},{\"@type\":\"Organization\",\"@id\":\"https:\\\/\\\/www.tapasmagazine.es\\\/#organization\",\"name\":\"Tapas Magazine\",\"url\":\"https:\\\/\\\/www.tapasmagazine.es\\\/\",\"logo\":{\"@type\":\"ImageObject\",\"inLanguage\":\"en-US\",\"@id\":\"https:\\\/\\\/www.tapasmagazine.es\\\/#\\\/schema\\\/logo\\\/image\\\/\",\"url\":\"https:\\\/\\\/www.tapasmagazine.es\\\/wp-content\\\/uploads\\\/2018\\\/01\\\/logo.png\",\"contentUrl\":\"https:\\\/\\\/www.tapasmagazine.es\\\/wp-content\\\/uploads\\\/2018\\\/01\\\/logo.png\",\"width\":180,\"height\":60,\"caption\":\"Tapas Magazine\"},\"image\":{\"@id\":\"https:\\\/\\\/www.tapasmagazine.es\\\/#\\\/schema\\\/logo\\\/image\\\/\"},\"sameAs\":[\"https:\\\/\\\/www.facebook.com\\\/tapasmagazine\",\"https:\\\/\\\/x.com\\\/TapasMagazine\",\"https:\\\/\\\/www.instagram.com\\\/tapasmagazine\\\/\",\"https:\\\/\\\/www.linkedin.com\\\/company\\\/tapas-magazine\",\"https:\\\/\\\/es.pinterest.com\\\/tapasmagazine\\\/\",\"https:\\\/\\\/www.youtube.com\\\/channel\\\/UCEyxneAaACuR0lfDagrWjjg?sub_confirmation=1\"]},{\"@type\":\"Person\",\"@id\":\"https:\\\/\\\/www.tapasmagazine.es\\\/#\\\/schema\\\/person\\\/dddb3bce6f98f2124c204b901d74a14b\",\"name\":\"Tapas \\\/ EP\",\"url\":\"https:\\\/\\\/www.tapasmagazine.es\\\/en\\\/author\\\/tapasep\\\/\"}]}<\/script>\n<!-- \/ Yoast SEO plugin. -->","yoast_head_json":{"title":"Econom\u00eda.- Cofrad\u00edas tachan de afrenta la ubicaci\u00f3n de los proyectos de e\u00f3lica marina, que afectan donde \"m\u00e1s se pesca\" - Tapas","description":"El presidente de la Federaci\u00f3n Nacional de Cofrad\u00edas de Pescadores y patr\u00f3n mayor de Burela (Lugo), Basilio Otero, ha denunciado la \"afrenta\" que supone","robots":{"index":"index","follow":"follow","max-snippet":"max-snippet:-1","max-image-preview":"max-image-preview:large","max-video-preview":"max-video-preview:-1"},"canonical":"https:\/\/www.tapasmagazine.es\/en\/economia-cofradias-tachan-de-afrenta-la-ubicacion-de-los-proyectos-de-eolica-marina-que-afectan-donde-mas-se-pesca\/","og_locale":"en_US","og_type":"article","og_title":"Econom\u00eda.- Cofrad\u00edas tachan de afrenta la ubicaci\u00f3n de los proyectos de e\u00f3lica marina, que afectan donde \"m\u00e1s se pesca\" - Tapas","og_description":"El presidente de la Federaci\u00f3n Nacional de Cofrad\u00edas de Pescadores y patr\u00f3n mayor de Burela (Lugo), Basilio Otero, ha denunciado la \"afrenta\" que supone","og_url":"https:\/\/www.tapasmagazine.es\/en\/economia-cofradias-tachan-de-afrenta-la-ubicacion-de-los-proyectos-de-eolica-marina-que-afectan-donde-mas-se-pesca\/","og_site_name":"Tapas","article_publisher":"https:\/\/www.facebook.com\/tapasmagazine","article_published_time":"2023-03-02T17:23:10+00:00","article_modified_time":"2023-03-02T17:42:35+00:00","og_image":[{"width":2560,"height":1673,"url":"https:\/\/www.tapasmagazine.es\/wp-content\/uploads\/2023\/03\/fotonoticia_20230302182310_9999-scaled.jpg","type":"image\/jpeg"}],"author":"Tapas \/ EP","twitter_card":"summary_large_image","twitter_creator":"@TapasMagazine","twitter_site":"@TapasMagazine","twitter_misc":{"Written by":"Tapas \/ EP","Est. reading time":"4 minutes"},"schema":{"@context":"https:\/\/schema.org","@graph":[{"@type":"Article","@id":"https:\/\/www.tapasmagazine.es\/en\/economia-cofradias-tachan-de-afrenta-la-ubicacion-de-los-proyectos-de-eolica-marina-que-afectan-donde-mas-se-pesca\/#article","isPartOf":{"@id":"https:\/\/www.tapasmagazine.es\/en\/economia-cofradias-tachan-de-afrenta-la-ubicacion-de-los-proyectos-de-eolica-marina-que-afectan-donde-mas-se-pesca\/"},"author":{"name":"Tapas \/ EP","@id":"https:\/\/www.tapasmagazine.es\/#\/schema\/person\/dddb3bce6f98f2124c204b901d74a14b"},"headline":"Econom\u00eda.- Cofrad\u00edas tachan de afrenta la ubicaci\u00f3n de los proyectos de e\u00f3lica marina, que afectan donde &#8220;m\u00e1s se pesca&#8221;","datePublished":"2023-03-02T17:23:10+00:00","dateModified":"2023-03-02T17:42:35+00:00","mainEntityOfPage":{"@id":"https:\/\/www.tapasmagazine.es\/en\/economia-cofradias-tachan-de-afrenta-la-ubicacion-de-los-proyectos-de-eolica-marina-que-afectan-donde-mas-se-pesca\/"},"wordCount":805,"publisher":{"@id":"https:\/\/www.tapasmagazine.es\/#organization"},"image":{"@id":"https:\/\/www.tapasmagazine.es\/en\/economia-cofradias-tachan-de-afrenta-la-ubicacion-de-los-proyectos-de-eolica-marina-que-afectan-donde-mas-se-pesca\/#primaryimage"},"thumbnailUrl":"https:\/\/www.tapasmagazine.es\/wp-content\/uploads\/2023\/03\/fotonoticia_20230302182310_9999-scaled.jpg","articleSection":["\u00daltima hora"],"inLanguage":"en-US"},{"@type":"WebPage","@id":"https:\/\/www.tapasmagazine.es\/en\/economia-cofradias-tachan-de-afrenta-la-ubicacion-de-los-proyectos-de-eolica-marina-que-afectan-donde-mas-se-pesca\/","url":"https:\/\/www.tapasmagazine.es\/en\/economia-cofradias-tachan-de-afrenta-la-ubicacion-de-los-proyectos-de-eolica-marina-que-afectan-donde-mas-se-pesca\/","name":"Econom\u00eda.- Cofrad\u00edas tachan de afrenta la ubicaci\u00f3n de los proyectos de e\u00f3lica marina, que afectan donde \"m\u00e1s se pesca\" - Tapas","isPartOf":{"@id":"https:\/\/www.tapasmagazine.es\/#website"},"primaryImageOfPage":{"@id":"https:\/\/www.tapasmagazine.es\/en\/economia-cofradias-tachan-de-afrenta-la-ubicacion-de-los-proyectos-de-eolica-marina-que-afectan-donde-mas-se-pesca\/#primaryimage"},"image":{"@id":"https:\/\/www.tapasmagazine.es\/en\/economia-cofradias-tachan-de-afrenta-la-ubicacion-de-los-proyectos-de-eolica-marina-que-afectan-donde-mas-se-pesca\/#primaryimage"},"thumbnailUrl":"https:\/\/www.tapasmagazine.es\/wp-content\/uploads\/2023\/03\/fotonoticia_20230302182310_9999-scaled.jpg","datePublished":"2023-03-02T17:23:10+00:00","dateModified":"2023-03-02T17:42:35+00:00","description":"El presidente de la Federaci\u00f3n Nacional de Cofrad\u00edas de Pescadores y patr\u00f3n mayor de Burela (Lugo), Basilio Otero, ha denunciado la \"afrenta\" que supone","breadcrumb":{"@id":"https:\/\/www.tapasmagazine.es\/en\/economia-cofradias-tachan-de-afrenta-la-ubicacion-de-los-proyectos-de-eolica-marina-que-afectan-donde-mas-se-pesca\/#breadcrumb"},"inLanguage":"en-US","potentialAction":[{"@type":"ReadAction","target":["https:\/\/www.tapasmagazine.es\/en\/economia-cofradias-tachan-de-afrenta-la-ubicacion-de-los-proyectos-de-eolica-marina-que-afectan-donde-mas-se-pesca\/"]}]},{"@type":"ImageObject","inLanguage":"en-US","@id":"https:\/\/www.tapasmagazine.es\/en\/economia-cofradias-tachan-de-afrenta-la-ubicacion-de-los-proyectos-de-eolica-marina-que-afectan-donde-mas-se-pesca\/#primaryimage","url":"https:\/\/www.tapasmagazine.es\/wp-content\/uploads\/2023\/03\/fotonoticia_20230302182310_9999-scaled.jpg","contentUrl":"https:\/\/www.tapasmagazine.es\/wp-content\/uploads\/2023\/03\/fotonoticia_20230302182310_9999-scaled.jpg","width":2560,"height":1673},{"@type":"BreadcrumbList","@id":"https:\/\/www.tapasmagazine.es\/en\/economia-cofradias-tachan-de-afrenta-la-ubicacion-de-los-proyectos-de-eolica-marina-que-afectan-donde-mas-se-pesca\/#breadcrumb","itemListElement":[{"@type":"ListItem","position":1,"name":"Portada","item":"https:\/\/www.tapasmagazine.es\/"},{"@type":"ListItem","position":2,"name":"Sin categorizar","item":"https:\/\/www.tapasmagazine.es\/categorias\/sin-categorizar-2\/"},{"@type":"ListItem","position":3,"name":"Econom\u00eda.- Cofrad\u00edas tachan de afrenta la ubicaci\u00f3n de los proyectos de e\u00f3lica marina, que afectan donde \u00abm\u00e1s se pesca\u00bb"}]},{"@type":"WebSite","@id":"https:\/\/www.tapasmagazine.es\/#website","url":"https:\/\/www.tapasmagazine.es\/","name":"Tapas","description":"\u00d1am \u00d1am Lifestyle. La vida a bocados. Premio Nacional de Gastronom\u00eda 2016.","publisher":{"@id":"https:\/\/www.tapasmagazine.es\/#organization"},"potentialAction":[{"@type":"SearchAction","target":{"@type":"EntryPoint","urlTemplate":"https:\/\/www.tapasmagazine.es\/?s={search_term_string}"},"query-input":{"@type":"PropertyValueSpecification","valueRequired":true,"valueName":"search_term_string"}}],"inLanguage":"en-US"},{"@type":"Organization","@id":"https:\/\/www.tapasmagazine.es\/#organization","name":"Tapas Magazine","url":"https:\/\/www.tapasmagazine.es\/","logo":{"@type":"ImageObject","inLanguage":"en-US","@id":"https:\/\/www.tapasmagazine.es\/#\/schema\/logo\/image\/","url":"https:\/\/www.tapasmagazine.es\/wp-content\/uploads\/2018\/01\/logo.png","contentUrl":"https:\/\/www.tapasmagazine.es\/wp-content\/uploads\/2018\/01\/logo.png","width":180,"height":60,"caption":"Tapas Magazine"},"image":{"@id":"https:\/\/www.tapasmagazine.es\/#\/schema\/logo\/image\/"},"sameAs":["https:\/\/www.facebook.com\/tapasmagazine","https:\/\/x.com\/TapasMagazine","https:\/\/www.instagram.com\/tapasmagazine\/","https:\/\/www.linkedin.com\/company\/tapas-magazine","https:\/\/es.pinterest.com\/tapasmagazine\/","https:\/\/www.youtube.com\/channel\/UCEyxneAaACuR0lfDagrWjjg?sub_confirmation=1"]},{"@type":"Person","@id":"https:\/\/www.tapasmagazine.es\/#\/schema\/person\/dddb3bce6f98f2124c204b901d74a14b","name":"Tapas \/ EP","url":"https:\/\/www.tapasmagazine.es\/en\/author\/tapasep\/"}]}},"_links":{"self":[{"href":"https:\/\/www.tapasmagazine.es\/en\/wp-json\/wp\/v2\/posts\/177104","targetHints":{"allow":["GET"]}}],"collection":[{"href":"https:\/\/www.tapasmagazine.es\/en\/wp-json\/wp\/v2\/posts"}],"about":[{"href":"https:\/\/www.tapasmagazine.es\/en\/wp-json\/wp\/v2\/types\/post"}],"author":[{"embeddable":true,"href":"https:\/\/www.tapasmagazine.es\/en\/wp-json\/wp\/v2\/users\/277"}],"replies":[{"embeddable":true,"href":"https:\/\/www.tapasmagazine.es\/en\/wp-json\/wp\/v2\/comments?post=177104"}],"version-history":[{"count":1,"href":"https:\/\/www.tapasmagazine.es\/en\/wp-json\/wp\/v2\/posts\/177104\/revisions"}],"predecessor-version":[{"id":177105,"href":"https:\/\/www.tapasmagazine.es\/en\/wp-json\/wp\/v2\/posts\/177104\/revisions\/177105"}],"wp:featuredmedia":[{"embeddable":true,"href":"https:\/\/www.tapasmagazine.es\/en\/wp-json\/wp\/v2\/media\/177106"}],"wp:attachment":[{"href":"https:\/\/www.tapasmagazine.es\/en\/wp-json\/wp\/v2\/media?parent=177104"}],"wp:term":[{"taxonomy":"category","embeddable":true,"href":"https:\/\/www.tapasmagazine.es\/en\/wp-json\/wp\/v2\/categories?post=177104"},{"taxonomy":"post_tag","embeddable":true,"href":"https:\/\/www.tapasmagazine.es\/en\/wp-json\/wp\/v2\/tags?post=177104"}],"curies":[{"name":"wp","href":"https:\/\/api.w.org\/{rel}","templated":true}]}}