{"id":177083,"date":"2023-03-02T16:40:08","date_gmt":"2023-03-02T15:40:08","guid":{"rendered":"https:\/\/www.tapasmagazine.es\/?p=177083"},"modified":"2023-03-02T16:41:57","modified_gmt":"2023-03-02T15:41:57","slug":"economia-empresas-dia-recibe-el-visto-bueno-de-competencia-para-el-cierre-de-la-venta-de-sus-tiendas-a-alcampo","status":"publish","type":"post","link":"https:\/\/www.tapasmagazine.es\/en\/economia-empresas-dia-recibe-el-visto-bueno-de-competencia-para-el-cierre-de-la-venta-de-sus-tiendas-a-alcampo\/","title":{"rendered":"Econom\u00eda\/Empresas.- Dia recibe el visto bueno de Competencia para el cierre de la venta de sus tiendas a Alcampo"},"content":{"rendered":"<p>Grupo Dia ha informado de que ha cumplido con todas las condiciones<br \/>\nsuspensivas a las que estaba sujeta la operaci\u00f3n de la venta de tiendas y dos naves log\u00edsticas a Alcampo, entre las que se encontraba el visto bueno por parte de la Comisi\u00f3n Nacional de los Mercados y la Competencia (CNMC).<\/p>\n<p>   En concreto, tambi\u00e9n ha obtenido la autorizaci\u00f3n por parte de las entidades financieras de la financiaci\u00f3n sindicada de la sociedad para la realizaci\u00f3n de la operaci\u00f3n, as\u00ed como la transmisibilidad de un n\u00famero determinado de tiendas variable en funci\u00f3n de diversos par\u00e1metros, seg\u00fan informa a la Comisi\u00f3n Nacional del Mercado de Valores (CNMV).<\/p>\n<p>   De esta forma, Dia ha se\u00f1alado que el cierre de la operaci\u00f3n se llevar\u00e1 a cabo mediante entregas sucesivas de lotes de establecimientos que est\u00e1 previsto que tengan lugar a lo largo de los pr\u00f3ximos meses conforme al calendario de entregas que acuerden las partes.<\/p>\n<p>   Adem\u00e1s, la cadena de supermercados ha precisado que informar\u00e1 &#8220;en su momento&#8221; del precio final de la operaci\u00f3n, as\u00ed como el destino de los fondos obtenidos una vez haya concluido la ejecuci\u00f3n de esta venta.<\/p>\n<p>   Dia, junto con sus filiales Dia Retail Espa\u00f1a y Grupo El \u00c1rbol, anunci\u00f3 el pasado mes de agosto la venta a Alcampo de un portfolio de hasta un m\u00e1ximo de 235 supermercados, ubicados principalmente en Castilla y Le\u00f3n, Madrid, Arag\u00f3n, Galicia y Asturias, dos naves log\u00edsticas situadas en Villanubla (Valladolid) y determinados contratos, licencias, activos y empleados relacionados con dichos establecimientos y naves.<\/p>\n<p>   El precio m\u00e1ximo que obtendr\u00eda Dia ser\u00eda de 267 millones de euros, en caso de cumplirse todas las condiciones suspensivas y dem\u00e1s t\u00e9rminos establecidos en el contrato en circunstancias que permitan la ejecuci\u00f3n completa del per\u00edmetro de la operaci\u00f3n.<\/p>\n<p>   La cadena de supermercados tambi\u00e9n inform\u00f3 que su intenci\u00f3n era destinar los recursos obtenidos a acelerar la implementaci\u00f3n de su plan estrat\u00e9gico mediante la finalizaci\u00f3n del proceso de remodelaci\u00f3n de las tiendas de proximidad de su red actual adem\u00e1s de la aceleraci\u00f3n de nuevas aperturas dentro de este mismo formato.<\/p>\n","protected":false},"excerpt":{"rendered":"<p>Grupo Dia ha informado de que ha cumplido con todas las condiciones suspensivas a las que estaba sujeta la operaci\u00f3n de la venta de tiendas y dos naves log\u00edsticas a Alcampo, entre las que se encontraba el visto bueno por parte de la Comisi\u00f3n Nacional de los Mercados y la Competencia (CNMC). En concreto, tambi\u00e9n [&hellip;]<\/p>\n","protected":false},"author":277,"featured_media":177085,"comment_status":"close","ping_status":"","sticky":false,"template":"single-feature.php","format":"standard","meta":{"_acf_changed":false,"footnotes":""},"categories":[15645],"tags":[],"class_list":["post-177083","post","type-post","status-publish","format-standard","has-post-thumbnail","hentry","category-ultima-hora","cat-15645-id"],"acf":[],"yoast_head":"<!-- This site is optimized with the Yoast SEO plugin v27.4 - https:\/\/yoast.com\/product\/yoast-seo-wordpress\/ -->\n<title>Econom\u00eda\/Empresas.- Dia recibe el visto bueno de Competencia para el cierre de la venta de sus tiendas a Alcampo - Tapas<\/title>\n<meta name=\"description\" content=\"Grupo Dia ha informado de que ha cumplido con todas las condiciones suspensivas a las que estaba sujeta la operaci\u00f3n de la venta de tiendas y dos naves\" \/>\n<meta name=\"robots\" content=\"index, follow, max-snippet:-1, max-image-preview:large, max-video-preview:-1\" \/>\n<link rel=\"canonical\" href=\"https:\/\/www.tapasmagazine.es\/en\/economia-empresas-dia-recibe-el-visto-bueno-de-competencia-para-el-cierre-de-la-venta-de-sus-tiendas-a-alcampo\/\" \/>\n<meta property=\"og:locale\" content=\"en_US\" \/>\n<meta property=\"og:type\" content=\"article\" \/>\n<meta property=\"og:title\" content=\"Econom\u00eda\/Empresas.- Dia recibe el visto bueno de Competencia para el cierre de la venta de sus tiendas a Alcampo - Tapas\" \/>\n<meta property=\"og:description\" content=\"Grupo Dia ha informado de que ha cumplido con todas las condiciones suspensivas a las que estaba sujeta la operaci\u00f3n de la venta de tiendas y dos naves\" \/>\n<meta property=\"og:url\" content=\"https:\/\/www.tapasmagazine.es\/en\/economia-empresas-dia-recibe-el-visto-bueno-de-competencia-para-el-cierre-de-la-venta-de-sus-tiendas-a-alcampo\/\" \/>\n<meta property=\"og:site_name\" content=\"Tapas\" \/>\n<meta property=\"article:publisher\" content=\"https:\/\/www.facebook.com\/tapasmagazine\" \/>\n<meta property=\"article:published_time\" content=\"2023-03-02T15:40:08+00:00\" \/>\n<meta property=\"article:modified_time\" content=\"2023-03-02T15:41:57+00:00\" \/>\n<meta property=\"og:image\" content=\"https:\/\/www.tapasmagazine.es\/wp-content\/uploads\/2023\/03\/fotonoticia_20230302164008_9999-scaled.jpg\" \/>\n\t<meta property=\"og:image:width\" content=\"2560\" \/>\n\t<meta property=\"og:image:height\" content=\"1856\" \/>\n\t<meta property=\"og:image:type\" content=\"image\/jpeg\" \/>\n<meta name=\"author\" content=\"Tapas \/ EP\" \/>\n<meta name=\"twitter:card\" content=\"summary_large_image\" \/>\n<meta name=\"twitter:creator\" content=\"@TapasMagazine\" \/>\n<meta name=\"twitter:site\" content=\"@TapasMagazine\" \/>\n<meta name=\"twitter:label1\" content=\"Written by\" \/>\n\t<meta name=\"twitter:data1\" content=\"Tapas \/ EP\" \/>\n\t<meta name=\"twitter:label2\" content=\"Est. reading time\" \/>\n\t<meta name=\"twitter:data2\" content=\"2 minutes\" \/>\n<script type=\"application\/ld+json\" class=\"yoast-schema-graph\">{\"@context\":\"https:\\\/\\\/schema.org\",\"@graph\":[{\"@type\":\"Article\",\"@id\":\"https:\\\/\\\/www.tapasmagazine.es\\\/en\\\/economia-empresas-dia-recibe-el-visto-bueno-de-competencia-para-el-cierre-de-la-venta-de-sus-tiendas-a-alcampo\\\/#article\",\"isPartOf\":{\"@id\":\"https:\\\/\\\/www.tapasmagazine.es\\\/en\\\/economia-empresas-dia-recibe-el-visto-bueno-de-competencia-para-el-cierre-de-la-venta-de-sus-tiendas-a-alcampo\\\/\"},\"author\":{\"name\":\"Tapas \\\/ EP\",\"@id\":\"https:\\\/\\\/www.tapasmagazine.es\\\/#\\\/schema\\\/person\\\/dddb3bce6f98f2124c204b901d74a14b\"},\"headline\":\"Econom\u00eda\\\/Empresas.- Dia recibe el visto bueno de Competencia para el cierre de la venta de sus tiendas a Alcampo\",\"datePublished\":\"2023-03-02T15:40:08+00:00\",\"dateModified\":\"2023-03-02T15:41:57+00:00\",\"mainEntityOfPage\":{\"@id\":\"https:\\\/\\\/www.tapasmagazine.es\\\/en\\\/economia-empresas-dia-recibe-el-visto-bueno-de-competencia-para-el-cierre-de-la-venta-de-sus-tiendas-a-alcampo\\\/\"},\"wordCount\":397,\"publisher\":{\"@id\":\"https:\\\/\\\/www.tapasmagazine.es\\\/#organization\"},\"image\":{\"@id\":\"https:\\\/\\\/www.tapasmagazine.es\\\/en\\\/economia-empresas-dia-recibe-el-visto-bueno-de-competencia-para-el-cierre-de-la-venta-de-sus-tiendas-a-alcampo\\\/#primaryimage\"},\"thumbnailUrl\":\"https:\\\/\\\/www.tapasmagazine.es\\\/wp-content\\\/uploads\\\/2023\\\/03\\\/fotonoticia_20230302164008_9999-scaled.jpg\",\"articleSection\":[\"\u00daltima hora\"],\"inLanguage\":\"en-US\"},{\"@type\":\"WebPage\",\"@id\":\"https:\\\/\\\/www.tapasmagazine.es\\\/en\\\/economia-empresas-dia-recibe-el-visto-bueno-de-competencia-para-el-cierre-de-la-venta-de-sus-tiendas-a-alcampo\\\/\",\"url\":\"https:\\\/\\\/www.tapasmagazine.es\\\/en\\\/economia-empresas-dia-recibe-el-visto-bueno-de-competencia-para-el-cierre-de-la-venta-de-sus-tiendas-a-alcampo\\\/\",\"name\":\"Econom\u00eda\\\/Empresas.- Dia recibe el visto bueno de Competencia para el cierre de la venta de sus tiendas a Alcampo - Tapas\",\"isPartOf\":{\"@id\":\"https:\\\/\\\/www.tapasmagazine.es\\\/#website\"},\"primaryImageOfPage\":{\"@id\":\"https:\\\/\\\/www.tapasmagazine.es\\\/en\\\/economia-empresas-dia-recibe-el-visto-bueno-de-competencia-para-el-cierre-de-la-venta-de-sus-tiendas-a-alcampo\\\/#primaryimage\"},\"image\":{\"@id\":\"https:\\\/\\\/www.tapasmagazine.es\\\/en\\\/economia-empresas-dia-recibe-el-visto-bueno-de-competencia-para-el-cierre-de-la-venta-de-sus-tiendas-a-alcampo\\\/#primaryimage\"},\"thumbnailUrl\":\"https:\\\/\\\/www.tapasmagazine.es\\\/wp-content\\\/uploads\\\/2023\\\/03\\\/fotonoticia_20230302164008_9999-scaled.jpg\",\"datePublished\":\"2023-03-02T15:40:08+00:00\",\"dateModified\":\"2023-03-02T15:41:57+00:00\",\"description\":\"Grupo Dia ha informado de que ha cumplido con todas las condiciones suspensivas a las que estaba sujeta la operaci\u00f3n de la venta de tiendas y dos naves\",\"breadcrumb\":{\"@id\":\"https:\\\/\\\/www.tapasmagazine.es\\\/en\\\/economia-empresas-dia-recibe-el-visto-bueno-de-competencia-para-el-cierre-de-la-venta-de-sus-tiendas-a-alcampo\\\/#breadcrumb\"},\"inLanguage\":\"en-US\",\"potentialAction\":[{\"@type\":\"ReadAction\",\"target\":[\"https:\\\/\\\/www.tapasmagazine.es\\\/en\\\/economia-empresas-dia-recibe-el-visto-bueno-de-competencia-para-el-cierre-de-la-venta-de-sus-tiendas-a-alcampo\\\/\"]}]},{\"@type\":\"ImageObject\",\"inLanguage\":\"en-US\",\"@id\":\"https:\\\/\\\/www.tapasmagazine.es\\\/en\\\/economia-empresas-dia-recibe-el-visto-bueno-de-competencia-para-el-cierre-de-la-venta-de-sus-tiendas-a-alcampo\\\/#primaryimage\",\"url\":\"https:\\\/\\\/www.tapasmagazine.es\\\/wp-content\\\/uploads\\\/2023\\\/03\\\/fotonoticia_20230302164008_9999-scaled.jpg\",\"contentUrl\":\"https:\\\/\\\/www.tapasmagazine.es\\\/wp-content\\\/uploads\\\/2023\\\/03\\\/fotonoticia_20230302164008_9999-scaled.jpg\",\"width\":2560,\"height\":1856},{\"@type\":\"BreadcrumbList\",\"@id\":\"https:\\\/\\\/www.tapasmagazine.es\\\/en\\\/economia-empresas-dia-recibe-el-visto-bueno-de-competencia-para-el-cierre-de-la-venta-de-sus-tiendas-a-alcampo\\\/#breadcrumb\",\"itemListElement\":[{\"@type\":\"ListItem\",\"position\":1,\"name\":\"Portada\",\"item\":\"https:\\\/\\\/www.tapasmagazine.es\\\/\"},{\"@type\":\"ListItem\",\"position\":2,\"name\":\"Sin categorizar\",\"item\":\"https:\\\/\\\/www.tapasmagazine.es\\\/categorias\\\/sin-categorizar-2\\\/\"},{\"@type\":\"ListItem\",\"position\":3,\"name\":\"Econom\u00eda\\\/Empresas.- Dia recibe el visto bueno de Competencia para el cierre de la venta de sus tiendas a Alcampo\"}]},{\"@type\":\"WebSite\",\"@id\":\"https:\\\/\\\/www.tapasmagazine.es\\\/#website\",\"url\":\"https:\\\/\\\/www.tapasmagazine.es\\\/\",\"name\":\"Tapas\",\"description\":\"\u00d1am \u00d1am Lifestyle. La vida a bocados. Premio Nacional de Gastronom\u00eda 2016.\",\"publisher\":{\"@id\":\"https:\\\/\\\/www.tapasmagazine.es\\\/#organization\"},\"potentialAction\":[{\"@type\":\"SearchAction\",\"target\":{\"@type\":\"EntryPoint\",\"urlTemplate\":\"https:\\\/\\\/www.tapasmagazine.es\\\/?s={search_term_string}\"},\"query-input\":{\"@type\":\"PropertyValueSpecification\",\"valueRequired\":true,\"valueName\":\"search_term_string\"}}],\"inLanguage\":\"en-US\"},{\"@type\":\"Organization\",\"@id\":\"https:\\\/\\\/www.tapasmagazine.es\\\/#organization\",\"name\":\"Tapas Magazine\",\"url\":\"https:\\\/\\\/www.tapasmagazine.es\\\/\",\"logo\":{\"@type\":\"ImageObject\",\"inLanguage\":\"en-US\",\"@id\":\"https:\\\/\\\/www.tapasmagazine.es\\\/#\\\/schema\\\/logo\\\/image\\\/\",\"url\":\"https:\\\/\\\/www.tapasmagazine.es\\\/wp-content\\\/uploads\\\/2018\\\/01\\\/logo.png\",\"contentUrl\":\"https:\\\/\\\/www.tapasmagazine.es\\\/wp-content\\\/uploads\\\/2018\\\/01\\\/logo.png\",\"width\":180,\"height\":60,\"caption\":\"Tapas Magazine\"},\"image\":{\"@id\":\"https:\\\/\\\/www.tapasmagazine.es\\\/#\\\/schema\\\/logo\\\/image\\\/\"},\"sameAs\":[\"https:\\\/\\\/www.facebook.com\\\/tapasmagazine\",\"https:\\\/\\\/x.com\\\/TapasMagazine\",\"https:\\\/\\\/www.instagram.com\\\/tapasmagazine\\\/\",\"https:\\\/\\\/www.linkedin.com\\\/company\\\/tapas-magazine\",\"https:\\\/\\\/es.pinterest.com\\\/tapasmagazine\\\/\",\"https:\\\/\\\/www.youtube.com\\\/channel\\\/UCEyxneAaACuR0lfDagrWjjg?sub_confirmation=1\"]},{\"@type\":\"Person\",\"@id\":\"https:\\\/\\\/www.tapasmagazine.es\\\/#\\\/schema\\\/person\\\/dddb3bce6f98f2124c204b901d74a14b\",\"name\":\"Tapas \\\/ EP\",\"url\":\"https:\\\/\\\/www.tapasmagazine.es\\\/en\\\/author\\\/tapasep\\\/\"}]}<\/script>\n<!-- \/ Yoast SEO plugin. -->","yoast_head_json":{"title":"Econom\u00eda\/Empresas.- Dia recibe el visto bueno de Competencia para el cierre de la venta de sus tiendas a Alcampo - Tapas","description":"Grupo Dia ha informado de que ha cumplido con todas las condiciones suspensivas a las que estaba sujeta la operaci\u00f3n de la venta de tiendas y dos naves","robots":{"index":"index","follow":"follow","max-snippet":"max-snippet:-1","max-image-preview":"max-image-preview:large","max-video-preview":"max-video-preview:-1"},"canonical":"https:\/\/www.tapasmagazine.es\/en\/economia-empresas-dia-recibe-el-visto-bueno-de-competencia-para-el-cierre-de-la-venta-de-sus-tiendas-a-alcampo\/","og_locale":"en_US","og_type":"article","og_title":"Econom\u00eda\/Empresas.- Dia recibe el visto bueno de Competencia para el cierre de la venta de sus tiendas a Alcampo - Tapas","og_description":"Grupo Dia ha informado de que ha cumplido con todas las condiciones suspensivas a las que estaba sujeta la operaci\u00f3n de la venta de tiendas y dos naves","og_url":"https:\/\/www.tapasmagazine.es\/en\/economia-empresas-dia-recibe-el-visto-bueno-de-competencia-para-el-cierre-de-la-venta-de-sus-tiendas-a-alcampo\/","og_site_name":"Tapas","article_publisher":"https:\/\/www.facebook.com\/tapasmagazine","article_published_time":"2023-03-02T15:40:08+00:00","article_modified_time":"2023-03-02T15:41:57+00:00","og_image":[{"width":2560,"height":1856,"url":"https:\/\/www.tapasmagazine.es\/wp-content\/uploads\/2023\/03\/fotonoticia_20230302164008_9999-scaled.jpg","type":"image\/jpeg"}],"author":"Tapas \/ EP","twitter_card":"summary_large_image","twitter_creator":"@TapasMagazine","twitter_site":"@TapasMagazine","twitter_misc":{"Written by":"Tapas \/ EP","Est. reading time":"2 minutes"},"schema":{"@context":"https:\/\/schema.org","@graph":[{"@type":"Article","@id":"https:\/\/www.tapasmagazine.es\/en\/economia-empresas-dia-recibe-el-visto-bueno-de-competencia-para-el-cierre-de-la-venta-de-sus-tiendas-a-alcampo\/#article","isPartOf":{"@id":"https:\/\/www.tapasmagazine.es\/en\/economia-empresas-dia-recibe-el-visto-bueno-de-competencia-para-el-cierre-de-la-venta-de-sus-tiendas-a-alcampo\/"},"author":{"name":"Tapas \/ EP","@id":"https:\/\/www.tapasmagazine.es\/#\/schema\/person\/dddb3bce6f98f2124c204b901d74a14b"},"headline":"Econom\u00eda\/Empresas.- Dia recibe el visto bueno de Competencia para el cierre de la venta de sus tiendas a Alcampo","datePublished":"2023-03-02T15:40:08+00:00","dateModified":"2023-03-02T15:41:57+00:00","mainEntityOfPage":{"@id":"https:\/\/www.tapasmagazine.es\/en\/economia-empresas-dia-recibe-el-visto-bueno-de-competencia-para-el-cierre-de-la-venta-de-sus-tiendas-a-alcampo\/"},"wordCount":397,"publisher":{"@id":"https:\/\/www.tapasmagazine.es\/#organization"},"image":{"@id":"https:\/\/www.tapasmagazine.es\/en\/economia-empresas-dia-recibe-el-visto-bueno-de-competencia-para-el-cierre-de-la-venta-de-sus-tiendas-a-alcampo\/#primaryimage"},"thumbnailUrl":"https:\/\/www.tapasmagazine.es\/wp-content\/uploads\/2023\/03\/fotonoticia_20230302164008_9999-scaled.jpg","articleSection":["\u00daltima hora"],"inLanguage":"en-US"},{"@type":"WebPage","@id":"https:\/\/www.tapasmagazine.es\/en\/economia-empresas-dia-recibe-el-visto-bueno-de-competencia-para-el-cierre-de-la-venta-de-sus-tiendas-a-alcampo\/","url":"https:\/\/www.tapasmagazine.es\/en\/economia-empresas-dia-recibe-el-visto-bueno-de-competencia-para-el-cierre-de-la-venta-de-sus-tiendas-a-alcampo\/","name":"Econom\u00eda\/Empresas.- Dia recibe el visto bueno de Competencia para el cierre de la venta de sus tiendas a Alcampo - Tapas","isPartOf":{"@id":"https:\/\/www.tapasmagazine.es\/#website"},"primaryImageOfPage":{"@id":"https:\/\/www.tapasmagazine.es\/en\/economia-empresas-dia-recibe-el-visto-bueno-de-competencia-para-el-cierre-de-la-venta-de-sus-tiendas-a-alcampo\/#primaryimage"},"image":{"@id":"https:\/\/www.tapasmagazine.es\/en\/economia-empresas-dia-recibe-el-visto-bueno-de-competencia-para-el-cierre-de-la-venta-de-sus-tiendas-a-alcampo\/#primaryimage"},"thumbnailUrl":"https:\/\/www.tapasmagazine.es\/wp-content\/uploads\/2023\/03\/fotonoticia_20230302164008_9999-scaled.jpg","datePublished":"2023-03-02T15:40:08+00:00","dateModified":"2023-03-02T15:41:57+00:00","description":"Grupo Dia ha informado de que ha cumplido con todas las condiciones suspensivas a las que estaba sujeta la operaci\u00f3n de la venta de tiendas y dos naves","breadcrumb":{"@id":"https:\/\/www.tapasmagazine.es\/en\/economia-empresas-dia-recibe-el-visto-bueno-de-competencia-para-el-cierre-de-la-venta-de-sus-tiendas-a-alcampo\/#breadcrumb"},"inLanguage":"en-US","potentialAction":[{"@type":"ReadAction","target":["https:\/\/www.tapasmagazine.es\/en\/economia-empresas-dia-recibe-el-visto-bueno-de-competencia-para-el-cierre-de-la-venta-de-sus-tiendas-a-alcampo\/"]}]},{"@type":"ImageObject","inLanguage":"en-US","@id":"https:\/\/www.tapasmagazine.es\/en\/economia-empresas-dia-recibe-el-visto-bueno-de-competencia-para-el-cierre-de-la-venta-de-sus-tiendas-a-alcampo\/#primaryimage","url":"https:\/\/www.tapasmagazine.es\/wp-content\/uploads\/2023\/03\/fotonoticia_20230302164008_9999-scaled.jpg","contentUrl":"https:\/\/www.tapasmagazine.es\/wp-content\/uploads\/2023\/03\/fotonoticia_20230302164008_9999-scaled.jpg","width":2560,"height":1856},{"@type":"BreadcrumbList","@id":"https:\/\/www.tapasmagazine.es\/en\/economia-empresas-dia-recibe-el-visto-bueno-de-competencia-para-el-cierre-de-la-venta-de-sus-tiendas-a-alcampo\/#breadcrumb","itemListElement":[{"@type":"ListItem","position":1,"name":"Portada","item":"https:\/\/www.tapasmagazine.es\/"},{"@type":"ListItem","position":2,"name":"Sin categorizar","item":"https:\/\/www.tapasmagazine.es\/categorias\/sin-categorizar-2\/"},{"@type":"ListItem","position":3,"name":"Econom\u00eda\/Empresas.- Dia recibe el visto bueno de Competencia para el cierre de la venta de sus tiendas a Alcampo"}]},{"@type":"WebSite","@id":"https:\/\/www.tapasmagazine.es\/#website","url":"https:\/\/www.tapasmagazine.es\/","name":"Tapas","description":"\u00d1am \u00d1am Lifestyle. La vida a bocados. Premio Nacional de Gastronom\u00eda 2016.","publisher":{"@id":"https:\/\/www.tapasmagazine.es\/#organization"},"potentialAction":[{"@type":"SearchAction","target":{"@type":"EntryPoint","urlTemplate":"https:\/\/www.tapasmagazine.es\/?s={search_term_string}"},"query-input":{"@type":"PropertyValueSpecification","valueRequired":true,"valueName":"search_term_string"}}],"inLanguage":"en-US"},{"@type":"Organization","@id":"https:\/\/www.tapasmagazine.es\/#organization","name":"Tapas Magazine","url":"https:\/\/www.tapasmagazine.es\/","logo":{"@type":"ImageObject","inLanguage":"en-US","@id":"https:\/\/www.tapasmagazine.es\/#\/schema\/logo\/image\/","url":"https:\/\/www.tapasmagazine.es\/wp-content\/uploads\/2018\/01\/logo.png","contentUrl":"https:\/\/www.tapasmagazine.es\/wp-content\/uploads\/2018\/01\/logo.png","width":180,"height":60,"caption":"Tapas Magazine"},"image":{"@id":"https:\/\/www.tapasmagazine.es\/#\/schema\/logo\/image\/"},"sameAs":["https:\/\/www.facebook.com\/tapasmagazine","https:\/\/x.com\/TapasMagazine","https:\/\/www.instagram.com\/tapasmagazine\/","https:\/\/www.linkedin.com\/company\/tapas-magazine","https:\/\/es.pinterest.com\/tapasmagazine\/","https:\/\/www.youtube.com\/channel\/UCEyxneAaACuR0lfDagrWjjg?sub_confirmation=1"]},{"@type":"Person","@id":"https:\/\/www.tapasmagazine.es\/#\/schema\/person\/dddb3bce6f98f2124c204b901d74a14b","name":"Tapas \/ EP","url":"https:\/\/www.tapasmagazine.es\/en\/author\/tapasep\/"}]}},"_links":{"self":[{"href":"https:\/\/www.tapasmagazine.es\/en\/wp-json\/wp\/v2\/posts\/177083","targetHints":{"allow":["GET"]}}],"collection":[{"href":"https:\/\/www.tapasmagazine.es\/en\/wp-json\/wp\/v2\/posts"}],"about":[{"href":"https:\/\/www.tapasmagazine.es\/en\/wp-json\/wp\/v2\/types\/post"}],"author":[{"embeddable":true,"href":"https:\/\/www.tapasmagazine.es\/en\/wp-json\/wp\/v2\/users\/277"}],"replies":[{"embeddable":true,"href":"https:\/\/www.tapasmagazine.es\/en\/wp-json\/wp\/v2\/comments?post=177083"}],"version-history":[{"count":1,"href":"https:\/\/www.tapasmagazine.es\/en\/wp-json\/wp\/v2\/posts\/177083\/revisions"}],"predecessor-version":[{"id":177084,"href":"https:\/\/www.tapasmagazine.es\/en\/wp-json\/wp\/v2\/posts\/177083\/revisions\/177084"}],"wp:featuredmedia":[{"embeddable":true,"href":"https:\/\/www.tapasmagazine.es\/en\/wp-json\/wp\/v2\/media\/177085"}],"wp:attachment":[{"href":"https:\/\/www.tapasmagazine.es\/en\/wp-json\/wp\/v2\/media?parent=177083"}],"wp:term":[{"taxonomy":"category","embeddable":true,"href":"https:\/\/www.tapasmagazine.es\/en\/wp-json\/wp\/v2\/categories?post=177083"},{"taxonomy":"post_tag","embeddable":true,"href":"https:\/\/www.tapasmagazine.es\/en\/wp-json\/wp\/v2\/tags?post=177083"}],"curies":[{"name":"wp","href":"https:\/\/api.w.org\/{rel}","templated":true}]}}