{"id":177079,"date":"2023-03-02T16:41:27","date_gmt":"2023-03-02T15:41:27","guid":{"rendered":"https:\/\/www.tapasmagazine.es\/?p=177079"},"modified":"2023-03-02T16:41:54","modified_gmt":"2023-03-02T15:41:54","slug":"economia-sector-pesquero-andaluz-rechaza-plan-de-ordenacion-del-espacio-maritimo-que-tilda-de-atentado-a-ecosistema","status":"publish","type":"post","link":"https:\/\/www.tapasmagazine.es\/en\/economia-sector-pesquero-andaluz-rechaza-plan-de-ordenacion-del-espacio-maritimo-que-tilda-de-atentado-a-ecosistema\/","title":{"rendered":"Econom\u00eda.- Sector pesquero andaluz rechaza plan de Ordenaci\u00f3n del Espacio Mar\u00edtimo, que tilda de &#8220;atentado&#8221; a ecosistema"},"content":{"rendered":"<p>La Federaci\u00f3n Andaluza de Cofrad\u00edas de Pescadores, Facope, y La Federaci\u00f3n Andaluza de Asociaciones Pesqueras, Faape, han mostrado su &#8220;absoluto rechazo&#8221; ante los Planes de Ordenaci\u00f3n del Espacio Mar\u00edtimo (POEM) aprobados este 28 de febrero por el Consejo de Ministros.<\/p>\n<p>   En concreto, ambas asociaciones pesqueras valoran la aprobaci\u00f3n de los primeros Planes de Ordenaci\u00f3n del Espacio Mar\u00edtimo como &#8220;un ataque directo a la l\u00ednea de flotaci\u00f3n de nuestro sector y de la inmensa riqueza pesquera que tenemos en nuestras costas&#8221;, asegurando que supone un &#8220;un atentado tanto a nuestros ricos ecosistemas marinos como a nuestra secular actividad y un desprecio total a nuestros pescadores&#8221;.<\/p>\n<p>   El sector pesquero andaluz ha detallado a trav\u00e9s de un comunicado que las zonas andaluzas m\u00e1s afectadas han sido dos, &#8220;una frente a las provincias de C\u00e1diz y M\u00e1laga, y otra frente a Granada, habi\u00e9ndose eliminado pol\u00edgonos, como el que figuraba frente al parque almeriense de cabo de Gata&#8221;. As\u00ed, ha manifestado que &#8220;no se ha contado con los pescadores andaluces, representados por sus entidades pesqueras y muestran su total desacuerdo&#8221;.<\/p>\n<p>   Facope y Faape han instado a las autoridades a &#8220;respetar la pesca y los ecosistemas y disponer de la mejor informaci\u00f3n en la ordenaci\u00f3n de los espacios marinos&#8221;, aseverando que &#8220;esta cuesti\u00f3n no se ha respetado con el consecuente sacrificio del sector pesquero y de los ecosistemas marinos en pro de una industrializaci\u00f3n de nuestros mares para beneficio del oligopolio el\u00e9ctrico y fondos de inversi\u00f3n \u00e1vidos de hacer negocio a costa de nuestros pescadores y nuestros ecosistemas&#8221;.<\/p>\n<p>   &#8220;Este Real Decreto conllevar\u00e1 perjuicios irreparables en los ecosistemas marinos y en el propio sector pesquero que se ver\u00eda expulsado de sus zonas de trabajo&#8221;, han concluido.<\/p>\n","protected":false},"excerpt":{"rendered":"<p>La Federaci\u00f3n Andaluza de Cofrad\u00edas de Pescadores, Facope, y La Federaci\u00f3n Andaluza de Asociaciones Pesqueras, Faape, han mostrado su &#8220;absoluto rechazo&#8221; ante los Planes de Ordenaci\u00f3n del Espacio Mar\u00edtimo (POEM) aprobados este 28 de febrero por el Consejo de Ministros. En concreto, ambas asociaciones pesqueras valoran la aprobaci\u00f3n de los primeros Planes de Ordenaci\u00f3n del [&hellip;]<\/p>\n","protected":false},"author":277,"featured_media":177081,"comment_status":"close","ping_status":"","sticky":false,"template":"single-feature.php","format":"standard","meta":{"_acf_changed":false,"footnotes":""},"categories":[15645],"tags":[],"class_list":["post-177079","post","type-post","status-publish","format-standard","has-post-thumbnail","hentry","category-ultima-hora","cat-15645-id"],"acf":[],"yoast_head":"<!-- This site is optimized with the Yoast SEO plugin v27.4 - https:\/\/yoast.com\/product\/yoast-seo-wordpress\/ -->\n<title>Econom\u00eda.- Sector pesquero andaluz rechaza plan de Ordenaci\u00f3n del Espacio Mar\u00edtimo, que tilda de &quot;atentado&quot; a ecosistema - Tapas<\/title>\n<meta name=\"description\" content=\"La Federaci\u00f3n Andaluza de Cofrad\u00edas de Pescadores, Facope, y La Federaci\u00f3n Andaluza de Asociaciones Pesqueras, Faape, han mostrado su &quot;absoluto rechazo&quot;\" \/>\n<meta name=\"robots\" content=\"index, follow, max-snippet:-1, max-image-preview:large, max-video-preview:-1\" \/>\n<link rel=\"canonical\" href=\"https:\/\/www.tapasmagazine.es\/en\/economia-sector-pesquero-andaluz-rechaza-plan-de-ordenacion-del-espacio-maritimo-que-tilda-de-atentado-a-ecosistema\/\" \/>\n<meta property=\"og:locale\" content=\"en_US\" \/>\n<meta property=\"og:type\" content=\"article\" \/>\n<meta property=\"og:title\" content=\"Econom\u00eda.- Sector pesquero andaluz rechaza plan de Ordenaci\u00f3n del Espacio Mar\u00edtimo, que tilda de &quot;atentado&quot; a ecosistema - Tapas\" \/>\n<meta property=\"og:description\" content=\"La Federaci\u00f3n Andaluza de Cofrad\u00edas de Pescadores, Facope, y La Federaci\u00f3n Andaluza de Asociaciones Pesqueras, Faape, han mostrado su &quot;absoluto rechazo&quot;\" \/>\n<meta property=\"og:url\" content=\"https:\/\/www.tapasmagazine.es\/en\/economia-sector-pesquero-andaluz-rechaza-plan-de-ordenacion-del-espacio-maritimo-que-tilda-de-atentado-a-ecosistema\/\" \/>\n<meta property=\"og:site_name\" content=\"Tapas\" \/>\n<meta property=\"article:publisher\" content=\"https:\/\/www.facebook.com\/tapasmagazine\" \/>\n<meta property=\"article:published_time\" content=\"2023-03-02T15:41:27+00:00\" \/>\n<meta property=\"article:modified_time\" content=\"2023-03-02T15:41:54+00:00\" \/>\n<meta property=\"og:image\" content=\"https:\/\/www.tapasmagazine.es\/wp-content\/uploads\/2023\/03\/fotonoticia_20230302164127_9999.jpg\" \/>\n\t<meta property=\"og:image:width\" content=\"930\" \/>\n\t<meta property=\"og:image:height\" content=\"548\" \/>\n\t<meta property=\"og:image:type\" content=\"image\/jpeg\" \/>\n<meta name=\"author\" content=\"Tapas \/ EP\" \/>\n<meta name=\"twitter:card\" content=\"summary_large_image\" \/>\n<meta name=\"twitter:creator\" content=\"@TapasMagazine\" \/>\n<meta name=\"twitter:site\" content=\"@TapasMagazine\" \/>\n<meta name=\"twitter:label1\" content=\"Written by\" \/>\n\t<meta name=\"twitter:data1\" content=\"Tapas \/ EP\" \/>\n\t<meta name=\"twitter:label2\" content=\"Est. reading time\" \/>\n\t<meta name=\"twitter:data2\" content=\"2 minutes\" \/>\n<script type=\"application\/ld+json\" class=\"yoast-schema-graph\">{\"@context\":\"https:\\\/\\\/schema.org\",\"@graph\":[{\"@type\":\"Article\",\"@id\":\"https:\\\/\\\/www.tapasmagazine.es\\\/en\\\/economia-sector-pesquero-andaluz-rechaza-plan-de-ordenacion-del-espacio-maritimo-que-tilda-de-atentado-a-ecosistema\\\/#article\",\"isPartOf\":{\"@id\":\"https:\\\/\\\/www.tapasmagazine.es\\\/en\\\/economia-sector-pesquero-andaluz-rechaza-plan-de-ordenacion-del-espacio-maritimo-que-tilda-de-atentado-a-ecosistema\\\/\"},\"author\":{\"name\":\"Tapas \\\/ EP\",\"@id\":\"https:\\\/\\\/www.tapasmagazine.es\\\/#\\\/schema\\\/person\\\/dddb3bce6f98f2124c204b901d74a14b\"},\"headline\":\"Econom\u00eda.- Sector pesquero andaluz rechaza plan de Ordenaci\u00f3n del Espacio Mar\u00edtimo, que tilda de &#8220;atentado&#8221; a ecosistema\",\"datePublished\":\"2023-03-02T15:41:27+00:00\",\"dateModified\":\"2023-03-02T15:41:54+00:00\",\"mainEntityOfPage\":{\"@id\":\"https:\\\/\\\/www.tapasmagazine.es\\\/en\\\/economia-sector-pesquero-andaluz-rechaza-plan-de-ordenacion-del-espacio-maritimo-que-tilda-de-atentado-a-ecosistema\\\/\"},\"wordCount\":322,\"publisher\":{\"@id\":\"https:\\\/\\\/www.tapasmagazine.es\\\/#organization\"},\"image\":{\"@id\":\"https:\\\/\\\/www.tapasmagazine.es\\\/en\\\/economia-sector-pesquero-andaluz-rechaza-plan-de-ordenacion-del-espacio-maritimo-que-tilda-de-atentado-a-ecosistema\\\/#primaryimage\"},\"thumbnailUrl\":\"https:\\\/\\\/www.tapasmagazine.es\\\/wp-content\\\/uploads\\\/2023\\\/03\\\/fotonoticia_20230302164127_9999.jpg\",\"articleSection\":[\"\u00daltima hora\"],\"inLanguage\":\"en-US\"},{\"@type\":\"WebPage\",\"@id\":\"https:\\\/\\\/www.tapasmagazine.es\\\/en\\\/economia-sector-pesquero-andaluz-rechaza-plan-de-ordenacion-del-espacio-maritimo-que-tilda-de-atentado-a-ecosistema\\\/\",\"url\":\"https:\\\/\\\/www.tapasmagazine.es\\\/en\\\/economia-sector-pesquero-andaluz-rechaza-plan-de-ordenacion-del-espacio-maritimo-que-tilda-de-atentado-a-ecosistema\\\/\",\"name\":\"Econom\u00eda.- Sector pesquero andaluz rechaza plan de Ordenaci\u00f3n del Espacio Mar\u00edtimo, que tilda de \\\"atentado\\\" a ecosistema - Tapas\",\"isPartOf\":{\"@id\":\"https:\\\/\\\/www.tapasmagazine.es\\\/#website\"},\"primaryImageOfPage\":{\"@id\":\"https:\\\/\\\/www.tapasmagazine.es\\\/en\\\/economia-sector-pesquero-andaluz-rechaza-plan-de-ordenacion-del-espacio-maritimo-que-tilda-de-atentado-a-ecosistema\\\/#primaryimage\"},\"image\":{\"@id\":\"https:\\\/\\\/www.tapasmagazine.es\\\/en\\\/economia-sector-pesquero-andaluz-rechaza-plan-de-ordenacion-del-espacio-maritimo-que-tilda-de-atentado-a-ecosistema\\\/#primaryimage\"},\"thumbnailUrl\":\"https:\\\/\\\/www.tapasmagazine.es\\\/wp-content\\\/uploads\\\/2023\\\/03\\\/fotonoticia_20230302164127_9999.jpg\",\"datePublished\":\"2023-03-02T15:41:27+00:00\",\"dateModified\":\"2023-03-02T15:41:54+00:00\",\"description\":\"La Federaci\u00f3n Andaluza de Cofrad\u00edas de Pescadores, Facope, y La Federaci\u00f3n Andaluza de Asociaciones Pesqueras, Faape, han mostrado su \\\"absoluto rechazo\\\"\",\"breadcrumb\":{\"@id\":\"https:\\\/\\\/www.tapasmagazine.es\\\/en\\\/economia-sector-pesquero-andaluz-rechaza-plan-de-ordenacion-del-espacio-maritimo-que-tilda-de-atentado-a-ecosistema\\\/#breadcrumb\"},\"inLanguage\":\"en-US\",\"potentialAction\":[{\"@type\":\"ReadAction\",\"target\":[\"https:\\\/\\\/www.tapasmagazine.es\\\/en\\\/economia-sector-pesquero-andaluz-rechaza-plan-de-ordenacion-del-espacio-maritimo-que-tilda-de-atentado-a-ecosistema\\\/\"]}]},{\"@type\":\"ImageObject\",\"inLanguage\":\"en-US\",\"@id\":\"https:\\\/\\\/www.tapasmagazine.es\\\/en\\\/economia-sector-pesquero-andaluz-rechaza-plan-de-ordenacion-del-espacio-maritimo-que-tilda-de-atentado-a-ecosistema\\\/#primaryimage\",\"url\":\"https:\\\/\\\/www.tapasmagazine.es\\\/wp-content\\\/uploads\\\/2023\\\/03\\\/fotonoticia_20230302164127_9999.jpg\",\"contentUrl\":\"https:\\\/\\\/www.tapasmagazine.es\\\/wp-content\\\/uploads\\\/2023\\\/03\\\/fotonoticia_20230302164127_9999.jpg\",\"width\":930,\"height\":548},{\"@type\":\"BreadcrumbList\",\"@id\":\"https:\\\/\\\/www.tapasmagazine.es\\\/en\\\/economia-sector-pesquero-andaluz-rechaza-plan-de-ordenacion-del-espacio-maritimo-que-tilda-de-atentado-a-ecosistema\\\/#breadcrumb\",\"itemListElement\":[{\"@type\":\"ListItem\",\"position\":1,\"name\":\"Portada\",\"item\":\"https:\\\/\\\/www.tapasmagazine.es\\\/\"},{\"@type\":\"ListItem\",\"position\":2,\"name\":\"Sin categorizar\",\"item\":\"https:\\\/\\\/www.tapasmagazine.es\\\/categorias\\\/sin-categorizar-2\\\/\"},{\"@type\":\"ListItem\",\"position\":3,\"name\":\"Econom\u00eda.- Sector pesquero andaluz rechaza plan de Ordenaci\u00f3n del Espacio Mar\u00edtimo, que tilda de \u00abatentado\u00bb a ecosistema\"}]},{\"@type\":\"WebSite\",\"@id\":\"https:\\\/\\\/www.tapasmagazine.es\\\/#website\",\"url\":\"https:\\\/\\\/www.tapasmagazine.es\\\/\",\"name\":\"Tapas\",\"description\":\"\u00d1am \u00d1am Lifestyle. La vida a bocados. Premio Nacional de Gastronom\u00eda 2016.\",\"publisher\":{\"@id\":\"https:\\\/\\\/www.tapasmagazine.es\\\/#organization\"},\"potentialAction\":[{\"@type\":\"SearchAction\",\"target\":{\"@type\":\"EntryPoint\",\"urlTemplate\":\"https:\\\/\\\/www.tapasmagazine.es\\\/?s={search_term_string}\"},\"query-input\":{\"@type\":\"PropertyValueSpecification\",\"valueRequired\":true,\"valueName\":\"search_term_string\"}}],\"inLanguage\":\"en-US\"},{\"@type\":\"Organization\",\"@id\":\"https:\\\/\\\/www.tapasmagazine.es\\\/#organization\",\"name\":\"Tapas Magazine\",\"url\":\"https:\\\/\\\/www.tapasmagazine.es\\\/\",\"logo\":{\"@type\":\"ImageObject\",\"inLanguage\":\"en-US\",\"@id\":\"https:\\\/\\\/www.tapasmagazine.es\\\/#\\\/schema\\\/logo\\\/image\\\/\",\"url\":\"https:\\\/\\\/www.tapasmagazine.es\\\/wp-content\\\/uploads\\\/2018\\\/01\\\/logo.png\",\"contentUrl\":\"https:\\\/\\\/www.tapasmagazine.es\\\/wp-content\\\/uploads\\\/2018\\\/01\\\/logo.png\",\"width\":180,\"height\":60,\"caption\":\"Tapas Magazine\"},\"image\":{\"@id\":\"https:\\\/\\\/www.tapasmagazine.es\\\/#\\\/schema\\\/logo\\\/image\\\/\"},\"sameAs\":[\"https:\\\/\\\/www.facebook.com\\\/tapasmagazine\",\"https:\\\/\\\/x.com\\\/TapasMagazine\",\"https:\\\/\\\/www.instagram.com\\\/tapasmagazine\\\/\",\"https:\\\/\\\/www.linkedin.com\\\/company\\\/tapas-magazine\",\"https:\\\/\\\/es.pinterest.com\\\/tapasmagazine\\\/\",\"https:\\\/\\\/www.youtube.com\\\/channel\\\/UCEyxneAaACuR0lfDagrWjjg?sub_confirmation=1\"]},{\"@type\":\"Person\",\"@id\":\"https:\\\/\\\/www.tapasmagazine.es\\\/#\\\/schema\\\/person\\\/dddb3bce6f98f2124c204b901d74a14b\",\"name\":\"Tapas \\\/ EP\",\"url\":\"https:\\\/\\\/www.tapasmagazine.es\\\/en\\\/author\\\/tapasep\\\/\"}]}<\/script>\n<!-- \/ Yoast SEO plugin. -->","yoast_head_json":{"title":"Econom\u00eda.- Sector pesquero andaluz rechaza plan de Ordenaci\u00f3n del Espacio Mar\u00edtimo, que tilda de \"atentado\" a ecosistema - Tapas","description":"La Federaci\u00f3n Andaluza de Cofrad\u00edas de Pescadores, Facope, y La Federaci\u00f3n Andaluza de Asociaciones Pesqueras, Faape, han mostrado su \"absoluto rechazo\"","robots":{"index":"index","follow":"follow","max-snippet":"max-snippet:-1","max-image-preview":"max-image-preview:large","max-video-preview":"max-video-preview:-1"},"canonical":"https:\/\/www.tapasmagazine.es\/en\/economia-sector-pesquero-andaluz-rechaza-plan-de-ordenacion-del-espacio-maritimo-que-tilda-de-atentado-a-ecosistema\/","og_locale":"en_US","og_type":"article","og_title":"Econom\u00eda.- Sector pesquero andaluz rechaza plan de Ordenaci\u00f3n del Espacio Mar\u00edtimo, que tilda de \"atentado\" a ecosistema - Tapas","og_description":"La Federaci\u00f3n Andaluza de Cofrad\u00edas de Pescadores, Facope, y La Federaci\u00f3n Andaluza de Asociaciones Pesqueras, Faape, han mostrado su \"absoluto rechazo\"","og_url":"https:\/\/www.tapasmagazine.es\/en\/economia-sector-pesquero-andaluz-rechaza-plan-de-ordenacion-del-espacio-maritimo-que-tilda-de-atentado-a-ecosistema\/","og_site_name":"Tapas","article_publisher":"https:\/\/www.facebook.com\/tapasmagazine","article_published_time":"2023-03-02T15:41:27+00:00","article_modified_time":"2023-03-02T15:41:54+00:00","og_image":[{"width":930,"height":548,"url":"https:\/\/www.tapasmagazine.es\/wp-content\/uploads\/2023\/03\/fotonoticia_20230302164127_9999.jpg","type":"image\/jpeg"}],"author":"Tapas \/ EP","twitter_card":"summary_large_image","twitter_creator":"@TapasMagazine","twitter_site":"@TapasMagazine","twitter_misc":{"Written by":"Tapas \/ EP","Est. reading time":"2 minutes"},"schema":{"@context":"https:\/\/schema.org","@graph":[{"@type":"Article","@id":"https:\/\/www.tapasmagazine.es\/en\/economia-sector-pesquero-andaluz-rechaza-plan-de-ordenacion-del-espacio-maritimo-que-tilda-de-atentado-a-ecosistema\/#article","isPartOf":{"@id":"https:\/\/www.tapasmagazine.es\/en\/economia-sector-pesquero-andaluz-rechaza-plan-de-ordenacion-del-espacio-maritimo-que-tilda-de-atentado-a-ecosistema\/"},"author":{"name":"Tapas \/ EP","@id":"https:\/\/www.tapasmagazine.es\/#\/schema\/person\/dddb3bce6f98f2124c204b901d74a14b"},"headline":"Econom\u00eda.- Sector pesquero andaluz rechaza plan de Ordenaci\u00f3n del Espacio Mar\u00edtimo, que tilda de &#8220;atentado&#8221; a ecosistema","datePublished":"2023-03-02T15:41:27+00:00","dateModified":"2023-03-02T15:41:54+00:00","mainEntityOfPage":{"@id":"https:\/\/www.tapasmagazine.es\/en\/economia-sector-pesquero-andaluz-rechaza-plan-de-ordenacion-del-espacio-maritimo-que-tilda-de-atentado-a-ecosistema\/"},"wordCount":322,"publisher":{"@id":"https:\/\/www.tapasmagazine.es\/#organization"},"image":{"@id":"https:\/\/www.tapasmagazine.es\/en\/economia-sector-pesquero-andaluz-rechaza-plan-de-ordenacion-del-espacio-maritimo-que-tilda-de-atentado-a-ecosistema\/#primaryimage"},"thumbnailUrl":"https:\/\/www.tapasmagazine.es\/wp-content\/uploads\/2023\/03\/fotonoticia_20230302164127_9999.jpg","articleSection":["\u00daltima hora"],"inLanguage":"en-US"},{"@type":"WebPage","@id":"https:\/\/www.tapasmagazine.es\/en\/economia-sector-pesquero-andaluz-rechaza-plan-de-ordenacion-del-espacio-maritimo-que-tilda-de-atentado-a-ecosistema\/","url":"https:\/\/www.tapasmagazine.es\/en\/economia-sector-pesquero-andaluz-rechaza-plan-de-ordenacion-del-espacio-maritimo-que-tilda-de-atentado-a-ecosistema\/","name":"Econom\u00eda.- Sector pesquero andaluz rechaza plan de Ordenaci\u00f3n del Espacio Mar\u00edtimo, que tilda de \"atentado\" a ecosistema - Tapas","isPartOf":{"@id":"https:\/\/www.tapasmagazine.es\/#website"},"primaryImageOfPage":{"@id":"https:\/\/www.tapasmagazine.es\/en\/economia-sector-pesquero-andaluz-rechaza-plan-de-ordenacion-del-espacio-maritimo-que-tilda-de-atentado-a-ecosistema\/#primaryimage"},"image":{"@id":"https:\/\/www.tapasmagazine.es\/en\/economia-sector-pesquero-andaluz-rechaza-plan-de-ordenacion-del-espacio-maritimo-que-tilda-de-atentado-a-ecosistema\/#primaryimage"},"thumbnailUrl":"https:\/\/www.tapasmagazine.es\/wp-content\/uploads\/2023\/03\/fotonoticia_20230302164127_9999.jpg","datePublished":"2023-03-02T15:41:27+00:00","dateModified":"2023-03-02T15:41:54+00:00","description":"La Federaci\u00f3n Andaluza de Cofrad\u00edas de Pescadores, Facope, y La Federaci\u00f3n Andaluza de Asociaciones Pesqueras, Faape, han mostrado su \"absoluto rechazo\"","breadcrumb":{"@id":"https:\/\/www.tapasmagazine.es\/en\/economia-sector-pesquero-andaluz-rechaza-plan-de-ordenacion-del-espacio-maritimo-que-tilda-de-atentado-a-ecosistema\/#breadcrumb"},"inLanguage":"en-US","potentialAction":[{"@type":"ReadAction","target":["https:\/\/www.tapasmagazine.es\/en\/economia-sector-pesquero-andaluz-rechaza-plan-de-ordenacion-del-espacio-maritimo-que-tilda-de-atentado-a-ecosistema\/"]}]},{"@type":"ImageObject","inLanguage":"en-US","@id":"https:\/\/www.tapasmagazine.es\/en\/economia-sector-pesquero-andaluz-rechaza-plan-de-ordenacion-del-espacio-maritimo-que-tilda-de-atentado-a-ecosistema\/#primaryimage","url":"https:\/\/www.tapasmagazine.es\/wp-content\/uploads\/2023\/03\/fotonoticia_20230302164127_9999.jpg","contentUrl":"https:\/\/www.tapasmagazine.es\/wp-content\/uploads\/2023\/03\/fotonoticia_20230302164127_9999.jpg","width":930,"height":548},{"@type":"BreadcrumbList","@id":"https:\/\/www.tapasmagazine.es\/en\/economia-sector-pesquero-andaluz-rechaza-plan-de-ordenacion-del-espacio-maritimo-que-tilda-de-atentado-a-ecosistema\/#breadcrumb","itemListElement":[{"@type":"ListItem","position":1,"name":"Portada","item":"https:\/\/www.tapasmagazine.es\/"},{"@type":"ListItem","position":2,"name":"Sin categorizar","item":"https:\/\/www.tapasmagazine.es\/categorias\/sin-categorizar-2\/"},{"@type":"ListItem","position":3,"name":"Econom\u00eda.- Sector pesquero andaluz rechaza plan de Ordenaci\u00f3n del Espacio Mar\u00edtimo, que tilda de \u00abatentado\u00bb a ecosistema"}]},{"@type":"WebSite","@id":"https:\/\/www.tapasmagazine.es\/#website","url":"https:\/\/www.tapasmagazine.es\/","name":"Tapas","description":"\u00d1am \u00d1am Lifestyle. La vida a bocados. Premio Nacional de Gastronom\u00eda 2016.","publisher":{"@id":"https:\/\/www.tapasmagazine.es\/#organization"},"potentialAction":[{"@type":"SearchAction","target":{"@type":"EntryPoint","urlTemplate":"https:\/\/www.tapasmagazine.es\/?s={search_term_string}"},"query-input":{"@type":"PropertyValueSpecification","valueRequired":true,"valueName":"search_term_string"}}],"inLanguage":"en-US"},{"@type":"Organization","@id":"https:\/\/www.tapasmagazine.es\/#organization","name":"Tapas Magazine","url":"https:\/\/www.tapasmagazine.es\/","logo":{"@type":"ImageObject","inLanguage":"en-US","@id":"https:\/\/www.tapasmagazine.es\/#\/schema\/logo\/image\/","url":"https:\/\/www.tapasmagazine.es\/wp-content\/uploads\/2018\/01\/logo.png","contentUrl":"https:\/\/www.tapasmagazine.es\/wp-content\/uploads\/2018\/01\/logo.png","width":180,"height":60,"caption":"Tapas Magazine"},"image":{"@id":"https:\/\/www.tapasmagazine.es\/#\/schema\/logo\/image\/"},"sameAs":["https:\/\/www.facebook.com\/tapasmagazine","https:\/\/x.com\/TapasMagazine","https:\/\/www.instagram.com\/tapasmagazine\/","https:\/\/www.linkedin.com\/company\/tapas-magazine","https:\/\/es.pinterest.com\/tapasmagazine\/","https:\/\/www.youtube.com\/channel\/UCEyxneAaACuR0lfDagrWjjg?sub_confirmation=1"]},{"@type":"Person","@id":"https:\/\/www.tapasmagazine.es\/#\/schema\/person\/dddb3bce6f98f2124c204b901d74a14b","name":"Tapas \/ EP","url":"https:\/\/www.tapasmagazine.es\/en\/author\/tapasep\/"}]}},"_links":{"self":[{"href":"https:\/\/www.tapasmagazine.es\/en\/wp-json\/wp\/v2\/posts\/177079","targetHints":{"allow":["GET"]}}],"collection":[{"href":"https:\/\/www.tapasmagazine.es\/en\/wp-json\/wp\/v2\/posts"}],"about":[{"href":"https:\/\/www.tapasmagazine.es\/en\/wp-json\/wp\/v2\/types\/post"}],"author":[{"embeddable":true,"href":"https:\/\/www.tapasmagazine.es\/en\/wp-json\/wp\/v2\/users\/277"}],"replies":[{"embeddable":true,"href":"https:\/\/www.tapasmagazine.es\/en\/wp-json\/wp\/v2\/comments?post=177079"}],"version-history":[{"count":1,"href":"https:\/\/www.tapasmagazine.es\/en\/wp-json\/wp\/v2\/posts\/177079\/revisions"}],"predecessor-version":[{"id":177080,"href":"https:\/\/www.tapasmagazine.es\/en\/wp-json\/wp\/v2\/posts\/177079\/revisions\/177080"}],"wp:featuredmedia":[{"embeddable":true,"href":"https:\/\/www.tapasmagazine.es\/en\/wp-json\/wp\/v2\/media\/177081"}],"wp:attachment":[{"href":"https:\/\/www.tapasmagazine.es\/en\/wp-json\/wp\/v2\/media?parent=177079"}],"wp:term":[{"taxonomy":"category","embeddable":true,"href":"https:\/\/www.tapasmagazine.es\/en\/wp-json\/wp\/v2\/categories?post=177079"},{"taxonomy":"post_tag","embeddable":true,"href":"https:\/\/www.tapasmagazine.es\/en\/wp-json\/wp\/v2\/tags?post=177079"}],"curies":[{"name":"wp","href":"https:\/\/api.w.org\/{rel}","templated":true}]}}