{"id":177059,"date":"2023-03-02T14:19:51","date_gmt":"2023-03-02T13:19:51","guid":{"rendered":"https:\/\/www.tapasmagazine.es\/?p=177059"},"modified":"2023-03-02T14:41:56","modified_gmt":"2023-03-02T13:41:56","slug":"economia-ministerio-insiste-en-la-importancia-de-debatir-las-nuevas-areas-vetadas-al-arrastre-y-pide-conocer-su-impacto","status":"publish","type":"post","link":"https:\/\/www.tapasmagazine.es\/en\/economia-ministerio-insiste-en-la-importancia-de-debatir-las-nuevas-areas-vetadas-al-arrastre-y-pide-conocer-su-impacto\/","title":{"rendered":"Econom\u00eda.-Ministerio insiste en la importancia de debatir las nuevas \u00e1reas vetadas al arrastre y pide conocer su impacto"},"content":{"rendered":"<p>La secretaria general de Pesca, Isabel Artime, ha insistido en la importancia de debatir sobre las nuevas \u00e1reas vetadas para la pesca de arrastre que pretende impulsar la Comisi\u00f3n Europea y ha puesto el foco en la necesidad de conocer el impacto econ\u00f3mico y social que tendr\u00edan estas medidas.<\/p>\n<p>   As\u00ed lo ha se\u00f1alado ante los medios de comunicaci\u00f3n este jueves en Vigo, donde ha acudido para llevar a cabo una serie de reuniones con distintos representantes del sector pesquero en Galicia.<\/p>\n<p>   Artime ha explicado que las \u00faltimas noticias sobre ampliar las zonas vetadas a la pesca de arrastre al 30% de las aguas comunitarias son comunicaciones de Bruselas, que no tienen virtualidad jur\u00eddica. &#8220;Se trata de una llamada a debate sobre propuestas que est\u00e1n ah\u00ed&#8221;, ha indicado, por lo que a partir de ahora comenzar\u00e1n las reuniones para llegar a un acuerdo entre los 27 pa\u00edses de la Uni\u00f3n Europea.<\/p>\n<p>   De esta manera, ha querido dejar claro que esta informaci\u00f3n no se asimila, por el momento, a las 87 \u00e1reas que ya han sido establecidas en el Atl\u00e1ntico, donde la pesca de arrastre ha sido prohibida.<\/p>\n<p>   Sin embargo, ha puesto el foco en la importancia de realizar los estudios necesarios para conocer los impactos sociales y econ\u00f3micos que implicar\u00edan estas propuestas. &#8220;No nos parece seria la propuesta que se est\u00e1 presentando y no la compartimos en absoluto&#8221;, ha indicado.<\/p>\n<p>   Isabel Artime ha subrayado la importancia que tiene la pesca para Espa\u00f1a y, en concreto, para la Comunidad gallega, por lo que ha valorado la reuni\u00f3n de este jueves con la Cooperativa de Armadores de Pesca del Puerto de Vigo (ARVI), en la cual se ha hablado de los problemas y de los retos del sector.<\/p>\n<p>   Tambi\u00e9n ha mostrado el apoyo del Ministerio a la pesca, por la necesidad del pescado dentro de la dieta de los espa\u00f1oles. Por ello, ha insistido en que el sector debe ser rentable.<\/p>\n<p>POEM<\/p>\n<p>   Preguntada sobre los Planes de Ordenaci\u00f3n del Espacio Mar\u00edtimo (POEM), presentados esta semana por el Gobierno, Artime ha asegurado que en ellos se recogen buena parte de las reclamaciones del sector pesquero, aunque algunas asociaciones ya han mostrado su rechazo a este reparto de espacios marinos.<\/p>\n<p>   Ella ha recordado que las \u00e1reas de potencial desarrollo de parques e\u00f3licos no significan que en esos sitios directamente se instalar\u00e1n molinos de viento, sino que habr\u00e1 que evaluar las solicitudes concretas y en este an\u00e1lisis se velar\u00e1 tambi\u00e9n por el bien de la pesca.<\/p>\n<p>   Por su parte, el presidente de ARVI, Javier Touza, ha agradecido a Artime que haya elegido a ARVI para llevar a cabo la primera reuni\u00f3n con el sector pesquero despu\u00e9s de su nombramiento hace pocas semanas. \u00c9l ha destacado el &#8220;compromiso y la colaboraci\u00f3n&#8221; del Ministerio con el sector.<\/p>\n<p>   Touza ha solicitado que Europa tome una &#8220;clara decisi\u00f3n&#8221; sobre c\u00f3mo quiere que sea la pesca del futuro. El sector busca que sea sostenible y ecoeficiente, pero tambi\u00e9n sostenible social y econ\u00f3micamente. Por ello, ha pedido una estrategia europea que ponga soluciones &#8220;concretas y realizables&#8221; encima de la mesa.<\/p>\n","protected":false},"excerpt":{"rendered":"<p>La secretaria general de Pesca, Isabel Artime, ha insistido en la importancia de debatir sobre las nuevas \u00e1reas vetadas para la pesca de arrastre que pretende impulsar la Comisi\u00f3n Europea y ha puesto el foco en la necesidad de conocer el impacto econ\u00f3mico y social que tendr\u00edan estas medidas. As\u00ed lo ha se\u00f1alado ante los [&hellip;]<\/p>\n","protected":false},"author":277,"featured_media":177061,"comment_status":"close","ping_status":"","sticky":false,"template":"single-feature.php","format":"standard","meta":{"_acf_changed":false,"footnotes":""},"categories":[15645],"tags":[],"class_list":["post-177059","post","type-post","status-publish","format-standard","has-post-thumbnail","hentry","category-ultima-hora","cat-15645-id"],"acf":[],"yoast_head":"<!-- This site is optimized with the Yoast SEO plugin v27.4 - https:\/\/yoast.com\/product\/yoast-seo-wordpress\/ -->\n<title>Econom\u00eda.-Ministerio insiste en la importancia de debatir las nuevas \u00e1reas vetadas al arrastre y pide conocer su impacto - Tapas<\/title>\n<meta name=\"description\" content=\"La secretaria general de Pesca, Isabel Artime, ha insistido en la importancia de debatir sobre las nuevas \u00e1reas vetadas para la pesca de arrastre que\" \/>\n<meta name=\"robots\" content=\"index, follow, max-snippet:-1, max-image-preview:large, max-video-preview:-1\" \/>\n<link rel=\"canonical\" href=\"https:\/\/www.tapasmagazine.es\/en\/economia-ministerio-insiste-en-la-importancia-de-debatir-las-nuevas-areas-vetadas-al-arrastre-y-pide-conocer-su-impacto\/\" \/>\n<meta property=\"og:locale\" content=\"en_US\" \/>\n<meta property=\"og:type\" content=\"article\" \/>\n<meta property=\"og:title\" content=\"Econom\u00eda.-Ministerio insiste en la importancia de debatir las nuevas \u00e1reas vetadas al arrastre y pide conocer su impacto - Tapas\" \/>\n<meta property=\"og:description\" content=\"La secretaria general de Pesca, Isabel Artime, ha insistido en la importancia de debatir sobre las nuevas \u00e1reas vetadas para la pesca de arrastre que\" \/>\n<meta property=\"og:url\" content=\"https:\/\/www.tapasmagazine.es\/en\/economia-ministerio-insiste-en-la-importancia-de-debatir-las-nuevas-areas-vetadas-al-arrastre-y-pide-conocer-su-impacto\/\" \/>\n<meta property=\"og:site_name\" content=\"Tapas\" \/>\n<meta property=\"article:publisher\" content=\"https:\/\/www.facebook.com\/tapasmagazine\" \/>\n<meta property=\"article:published_time\" content=\"2023-03-02T13:19:51+00:00\" \/>\n<meta property=\"article:modified_time\" content=\"2023-03-02T13:41:56+00:00\" \/>\n<meta property=\"og:image\" content=\"https:\/\/www.tapasmagazine.es\/wp-content\/uploads\/2023\/03\/fotonoticia_20230302141951_9999-scaled.jpg\" \/>\n\t<meta property=\"og:image:width\" content=\"2560\" \/>\n\t<meta property=\"og:image:height\" content=\"1920\" \/>\n\t<meta property=\"og:image:type\" content=\"image\/jpeg\" \/>\n<meta name=\"author\" content=\"Tapas \/ EP\" \/>\n<meta name=\"twitter:card\" content=\"summary_large_image\" \/>\n<meta name=\"twitter:creator\" content=\"@TapasMagazine\" \/>\n<meta name=\"twitter:site\" content=\"@TapasMagazine\" \/>\n<meta name=\"twitter:label1\" content=\"Written by\" \/>\n\t<meta name=\"twitter:data1\" content=\"Tapas \/ EP\" \/>\n\t<meta name=\"twitter:label2\" content=\"Est. reading time\" \/>\n\t<meta name=\"twitter:data2\" content=\"3 minutes\" \/>\n<script type=\"application\/ld+json\" class=\"yoast-schema-graph\">{\"@context\":\"https:\\\/\\\/schema.org\",\"@graph\":[{\"@type\":\"Article\",\"@id\":\"https:\\\/\\\/www.tapasmagazine.es\\\/en\\\/economia-ministerio-insiste-en-la-importancia-de-debatir-las-nuevas-areas-vetadas-al-arrastre-y-pide-conocer-su-impacto\\\/#article\",\"isPartOf\":{\"@id\":\"https:\\\/\\\/www.tapasmagazine.es\\\/en\\\/economia-ministerio-insiste-en-la-importancia-de-debatir-las-nuevas-areas-vetadas-al-arrastre-y-pide-conocer-su-impacto\\\/\"},\"author\":{\"name\":\"Tapas \\\/ EP\",\"@id\":\"https:\\\/\\\/www.tapasmagazine.es\\\/#\\\/schema\\\/person\\\/dddb3bce6f98f2124c204b901d74a14b\"},\"headline\":\"Econom\u00eda.-Ministerio insiste en la importancia de debatir las nuevas \u00e1reas vetadas al arrastre y pide conocer su impacto\",\"datePublished\":\"2023-03-02T13:19:51+00:00\",\"dateModified\":\"2023-03-02T13:41:56+00:00\",\"mainEntityOfPage\":{\"@id\":\"https:\\\/\\\/www.tapasmagazine.es\\\/en\\\/economia-ministerio-insiste-en-la-importancia-de-debatir-las-nuevas-areas-vetadas-al-arrastre-y-pide-conocer-su-impacto\\\/\"},\"wordCount\":556,\"publisher\":{\"@id\":\"https:\\\/\\\/www.tapasmagazine.es\\\/#organization\"},\"image\":{\"@id\":\"https:\\\/\\\/www.tapasmagazine.es\\\/en\\\/economia-ministerio-insiste-en-la-importancia-de-debatir-las-nuevas-areas-vetadas-al-arrastre-y-pide-conocer-su-impacto\\\/#primaryimage\"},\"thumbnailUrl\":\"https:\\\/\\\/www.tapasmagazine.es\\\/wp-content\\\/uploads\\\/2023\\\/03\\\/fotonoticia_20230302141951_9999-scaled.jpg\",\"articleSection\":[\"\u00daltima hora\"],\"inLanguage\":\"en-US\"},{\"@type\":\"WebPage\",\"@id\":\"https:\\\/\\\/www.tapasmagazine.es\\\/en\\\/economia-ministerio-insiste-en-la-importancia-de-debatir-las-nuevas-areas-vetadas-al-arrastre-y-pide-conocer-su-impacto\\\/\",\"url\":\"https:\\\/\\\/www.tapasmagazine.es\\\/en\\\/economia-ministerio-insiste-en-la-importancia-de-debatir-las-nuevas-areas-vetadas-al-arrastre-y-pide-conocer-su-impacto\\\/\",\"name\":\"Econom\u00eda.-Ministerio insiste en la importancia de debatir las nuevas \u00e1reas vetadas al arrastre y pide conocer su impacto - Tapas\",\"isPartOf\":{\"@id\":\"https:\\\/\\\/www.tapasmagazine.es\\\/#website\"},\"primaryImageOfPage\":{\"@id\":\"https:\\\/\\\/www.tapasmagazine.es\\\/en\\\/economia-ministerio-insiste-en-la-importancia-de-debatir-las-nuevas-areas-vetadas-al-arrastre-y-pide-conocer-su-impacto\\\/#primaryimage\"},\"image\":{\"@id\":\"https:\\\/\\\/www.tapasmagazine.es\\\/en\\\/economia-ministerio-insiste-en-la-importancia-de-debatir-las-nuevas-areas-vetadas-al-arrastre-y-pide-conocer-su-impacto\\\/#primaryimage\"},\"thumbnailUrl\":\"https:\\\/\\\/www.tapasmagazine.es\\\/wp-content\\\/uploads\\\/2023\\\/03\\\/fotonoticia_20230302141951_9999-scaled.jpg\",\"datePublished\":\"2023-03-02T13:19:51+00:00\",\"dateModified\":\"2023-03-02T13:41:56+00:00\",\"description\":\"La secretaria general de Pesca, Isabel Artime, ha insistido en la importancia de debatir sobre las nuevas \u00e1reas vetadas para la pesca de arrastre que\",\"breadcrumb\":{\"@id\":\"https:\\\/\\\/www.tapasmagazine.es\\\/en\\\/economia-ministerio-insiste-en-la-importancia-de-debatir-las-nuevas-areas-vetadas-al-arrastre-y-pide-conocer-su-impacto\\\/#breadcrumb\"},\"inLanguage\":\"en-US\",\"potentialAction\":[{\"@type\":\"ReadAction\",\"target\":[\"https:\\\/\\\/www.tapasmagazine.es\\\/en\\\/economia-ministerio-insiste-en-la-importancia-de-debatir-las-nuevas-areas-vetadas-al-arrastre-y-pide-conocer-su-impacto\\\/\"]}]},{\"@type\":\"ImageObject\",\"inLanguage\":\"en-US\",\"@id\":\"https:\\\/\\\/www.tapasmagazine.es\\\/en\\\/economia-ministerio-insiste-en-la-importancia-de-debatir-las-nuevas-areas-vetadas-al-arrastre-y-pide-conocer-su-impacto\\\/#primaryimage\",\"url\":\"https:\\\/\\\/www.tapasmagazine.es\\\/wp-content\\\/uploads\\\/2023\\\/03\\\/fotonoticia_20230302141951_9999-scaled.jpg\",\"contentUrl\":\"https:\\\/\\\/www.tapasmagazine.es\\\/wp-content\\\/uploads\\\/2023\\\/03\\\/fotonoticia_20230302141951_9999-scaled.jpg\",\"width\":2560,\"height\":1920},{\"@type\":\"BreadcrumbList\",\"@id\":\"https:\\\/\\\/www.tapasmagazine.es\\\/en\\\/economia-ministerio-insiste-en-la-importancia-de-debatir-las-nuevas-areas-vetadas-al-arrastre-y-pide-conocer-su-impacto\\\/#breadcrumb\",\"itemListElement\":[{\"@type\":\"ListItem\",\"position\":1,\"name\":\"Portada\",\"item\":\"https:\\\/\\\/www.tapasmagazine.es\\\/\"},{\"@type\":\"ListItem\",\"position\":2,\"name\":\"Sin categorizar\",\"item\":\"https:\\\/\\\/www.tapasmagazine.es\\\/categorias\\\/sin-categorizar-2\\\/\"},{\"@type\":\"ListItem\",\"position\":3,\"name\":\"Econom\u00eda.-Ministerio insiste en la importancia de debatir las nuevas \u00e1reas vetadas al arrastre y pide conocer su impacto\"}]},{\"@type\":\"WebSite\",\"@id\":\"https:\\\/\\\/www.tapasmagazine.es\\\/#website\",\"url\":\"https:\\\/\\\/www.tapasmagazine.es\\\/\",\"name\":\"Tapas\",\"description\":\"\u00d1am \u00d1am Lifestyle. La vida a bocados. Premio Nacional de Gastronom\u00eda 2016.\",\"publisher\":{\"@id\":\"https:\\\/\\\/www.tapasmagazine.es\\\/#organization\"},\"potentialAction\":[{\"@type\":\"SearchAction\",\"target\":{\"@type\":\"EntryPoint\",\"urlTemplate\":\"https:\\\/\\\/www.tapasmagazine.es\\\/?s={search_term_string}\"},\"query-input\":{\"@type\":\"PropertyValueSpecification\",\"valueRequired\":true,\"valueName\":\"search_term_string\"}}],\"inLanguage\":\"en-US\"},{\"@type\":\"Organization\",\"@id\":\"https:\\\/\\\/www.tapasmagazine.es\\\/#organization\",\"name\":\"Tapas Magazine\",\"url\":\"https:\\\/\\\/www.tapasmagazine.es\\\/\",\"logo\":{\"@type\":\"ImageObject\",\"inLanguage\":\"en-US\",\"@id\":\"https:\\\/\\\/www.tapasmagazine.es\\\/#\\\/schema\\\/logo\\\/image\\\/\",\"url\":\"https:\\\/\\\/www.tapasmagazine.es\\\/wp-content\\\/uploads\\\/2018\\\/01\\\/logo.png\",\"contentUrl\":\"https:\\\/\\\/www.tapasmagazine.es\\\/wp-content\\\/uploads\\\/2018\\\/01\\\/logo.png\",\"width\":180,\"height\":60,\"caption\":\"Tapas Magazine\"},\"image\":{\"@id\":\"https:\\\/\\\/www.tapasmagazine.es\\\/#\\\/schema\\\/logo\\\/image\\\/\"},\"sameAs\":[\"https:\\\/\\\/www.facebook.com\\\/tapasmagazine\",\"https:\\\/\\\/x.com\\\/TapasMagazine\",\"https:\\\/\\\/www.instagram.com\\\/tapasmagazine\\\/\",\"https:\\\/\\\/www.linkedin.com\\\/company\\\/tapas-magazine\",\"https:\\\/\\\/es.pinterest.com\\\/tapasmagazine\\\/\",\"https:\\\/\\\/www.youtube.com\\\/channel\\\/UCEyxneAaACuR0lfDagrWjjg?sub_confirmation=1\"]},{\"@type\":\"Person\",\"@id\":\"https:\\\/\\\/www.tapasmagazine.es\\\/#\\\/schema\\\/person\\\/dddb3bce6f98f2124c204b901d74a14b\",\"name\":\"Tapas \\\/ EP\",\"url\":\"https:\\\/\\\/www.tapasmagazine.es\\\/en\\\/author\\\/tapasep\\\/\"}]}<\/script>\n<!-- \/ Yoast SEO plugin. -->","yoast_head_json":{"title":"Econom\u00eda.-Ministerio insiste en la importancia de debatir las nuevas \u00e1reas vetadas al arrastre y pide conocer su impacto - Tapas","description":"La secretaria general de Pesca, Isabel Artime, ha insistido en la importancia de debatir sobre las nuevas \u00e1reas vetadas para la pesca de arrastre que","robots":{"index":"index","follow":"follow","max-snippet":"max-snippet:-1","max-image-preview":"max-image-preview:large","max-video-preview":"max-video-preview:-1"},"canonical":"https:\/\/www.tapasmagazine.es\/en\/economia-ministerio-insiste-en-la-importancia-de-debatir-las-nuevas-areas-vetadas-al-arrastre-y-pide-conocer-su-impacto\/","og_locale":"en_US","og_type":"article","og_title":"Econom\u00eda.-Ministerio insiste en la importancia de debatir las nuevas \u00e1reas vetadas al arrastre y pide conocer su impacto - Tapas","og_description":"La secretaria general de Pesca, Isabel Artime, ha insistido en la importancia de debatir sobre las nuevas \u00e1reas vetadas para la pesca de arrastre que","og_url":"https:\/\/www.tapasmagazine.es\/en\/economia-ministerio-insiste-en-la-importancia-de-debatir-las-nuevas-areas-vetadas-al-arrastre-y-pide-conocer-su-impacto\/","og_site_name":"Tapas","article_publisher":"https:\/\/www.facebook.com\/tapasmagazine","article_published_time":"2023-03-02T13:19:51+00:00","article_modified_time":"2023-03-02T13:41:56+00:00","og_image":[{"width":2560,"height":1920,"url":"https:\/\/www.tapasmagazine.es\/wp-content\/uploads\/2023\/03\/fotonoticia_20230302141951_9999-scaled.jpg","type":"image\/jpeg"}],"author":"Tapas \/ EP","twitter_card":"summary_large_image","twitter_creator":"@TapasMagazine","twitter_site":"@TapasMagazine","twitter_misc":{"Written by":"Tapas \/ EP","Est. reading time":"3 minutes"},"schema":{"@context":"https:\/\/schema.org","@graph":[{"@type":"Article","@id":"https:\/\/www.tapasmagazine.es\/en\/economia-ministerio-insiste-en-la-importancia-de-debatir-las-nuevas-areas-vetadas-al-arrastre-y-pide-conocer-su-impacto\/#article","isPartOf":{"@id":"https:\/\/www.tapasmagazine.es\/en\/economia-ministerio-insiste-en-la-importancia-de-debatir-las-nuevas-areas-vetadas-al-arrastre-y-pide-conocer-su-impacto\/"},"author":{"name":"Tapas \/ EP","@id":"https:\/\/www.tapasmagazine.es\/#\/schema\/person\/dddb3bce6f98f2124c204b901d74a14b"},"headline":"Econom\u00eda.-Ministerio insiste en la importancia de debatir las nuevas \u00e1reas vetadas al arrastre y pide conocer su impacto","datePublished":"2023-03-02T13:19:51+00:00","dateModified":"2023-03-02T13:41:56+00:00","mainEntityOfPage":{"@id":"https:\/\/www.tapasmagazine.es\/en\/economia-ministerio-insiste-en-la-importancia-de-debatir-las-nuevas-areas-vetadas-al-arrastre-y-pide-conocer-su-impacto\/"},"wordCount":556,"publisher":{"@id":"https:\/\/www.tapasmagazine.es\/#organization"},"image":{"@id":"https:\/\/www.tapasmagazine.es\/en\/economia-ministerio-insiste-en-la-importancia-de-debatir-las-nuevas-areas-vetadas-al-arrastre-y-pide-conocer-su-impacto\/#primaryimage"},"thumbnailUrl":"https:\/\/www.tapasmagazine.es\/wp-content\/uploads\/2023\/03\/fotonoticia_20230302141951_9999-scaled.jpg","articleSection":["\u00daltima hora"],"inLanguage":"en-US"},{"@type":"WebPage","@id":"https:\/\/www.tapasmagazine.es\/en\/economia-ministerio-insiste-en-la-importancia-de-debatir-las-nuevas-areas-vetadas-al-arrastre-y-pide-conocer-su-impacto\/","url":"https:\/\/www.tapasmagazine.es\/en\/economia-ministerio-insiste-en-la-importancia-de-debatir-las-nuevas-areas-vetadas-al-arrastre-y-pide-conocer-su-impacto\/","name":"Econom\u00eda.-Ministerio insiste en la importancia de debatir las nuevas \u00e1reas vetadas al arrastre y pide conocer su impacto - Tapas","isPartOf":{"@id":"https:\/\/www.tapasmagazine.es\/#website"},"primaryImageOfPage":{"@id":"https:\/\/www.tapasmagazine.es\/en\/economia-ministerio-insiste-en-la-importancia-de-debatir-las-nuevas-areas-vetadas-al-arrastre-y-pide-conocer-su-impacto\/#primaryimage"},"image":{"@id":"https:\/\/www.tapasmagazine.es\/en\/economia-ministerio-insiste-en-la-importancia-de-debatir-las-nuevas-areas-vetadas-al-arrastre-y-pide-conocer-su-impacto\/#primaryimage"},"thumbnailUrl":"https:\/\/www.tapasmagazine.es\/wp-content\/uploads\/2023\/03\/fotonoticia_20230302141951_9999-scaled.jpg","datePublished":"2023-03-02T13:19:51+00:00","dateModified":"2023-03-02T13:41:56+00:00","description":"La secretaria general de Pesca, Isabel Artime, ha insistido en la importancia de debatir sobre las nuevas \u00e1reas vetadas para la pesca de arrastre que","breadcrumb":{"@id":"https:\/\/www.tapasmagazine.es\/en\/economia-ministerio-insiste-en-la-importancia-de-debatir-las-nuevas-areas-vetadas-al-arrastre-y-pide-conocer-su-impacto\/#breadcrumb"},"inLanguage":"en-US","potentialAction":[{"@type":"ReadAction","target":["https:\/\/www.tapasmagazine.es\/en\/economia-ministerio-insiste-en-la-importancia-de-debatir-las-nuevas-areas-vetadas-al-arrastre-y-pide-conocer-su-impacto\/"]}]},{"@type":"ImageObject","inLanguage":"en-US","@id":"https:\/\/www.tapasmagazine.es\/en\/economia-ministerio-insiste-en-la-importancia-de-debatir-las-nuevas-areas-vetadas-al-arrastre-y-pide-conocer-su-impacto\/#primaryimage","url":"https:\/\/www.tapasmagazine.es\/wp-content\/uploads\/2023\/03\/fotonoticia_20230302141951_9999-scaled.jpg","contentUrl":"https:\/\/www.tapasmagazine.es\/wp-content\/uploads\/2023\/03\/fotonoticia_20230302141951_9999-scaled.jpg","width":2560,"height":1920},{"@type":"BreadcrumbList","@id":"https:\/\/www.tapasmagazine.es\/en\/economia-ministerio-insiste-en-la-importancia-de-debatir-las-nuevas-areas-vetadas-al-arrastre-y-pide-conocer-su-impacto\/#breadcrumb","itemListElement":[{"@type":"ListItem","position":1,"name":"Portada","item":"https:\/\/www.tapasmagazine.es\/"},{"@type":"ListItem","position":2,"name":"Sin categorizar","item":"https:\/\/www.tapasmagazine.es\/categorias\/sin-categorizar-2\/"},{"@type":"ListItem","position":3,"name":"Econom\u00eda.-Ministerio insiste en la importancia de debatir las nuevas \u00e1reas vetadas al arrastre y pide conocer su impacto"}]},{"@type":"WebSite","@id":"https:\/\/www.tapasmagazine.es\/#website","url":"https:\/\/www.tapasmagazine.es\/","name":"Tapas","description":"\u00d1am \u00d1am Lifestyle. La vida a bocados. Premio Nacional de Gastronom\u00eda 2016.","publisher":{"@id":"https:\/\/www.tapasmagazine.es\/#organization"},"potentialAction":[{"@type":"SearchAction","target":{"@type":"EntryPoint","urlTemplate":"https:\/\/www.tapasmagazine.es\/?s={search_term_string}"},"query-input":{"@type":"PropertyValueSpecification","valueRequired":true,"valueName":"search_term_string"}}],"inLanguage":"en-US"},{"@type":"Organization","@id":"https:\/\/www.tapasmagazine.es\/#organization","name":"Tapas Magazine","url":"https:\/\/www.tapasmagazine.es\/","logo":{"@type":"ImageObject","inLanguage":"en-US","@id":"https:\/\/www.tapasmagazine.es\/#\/schema\/logo\/image\/","url":"https:\/\/www.tapasmagazine.es\/wp-content\/uploads\/2018\/01\/logo.png","contentUrl":"https:\/\/www.tapasmagazine.es\/wp-content\/uploads\/2018\/01\/logo.png","width":180,"height":60,"caption":"Tapas Magazine"},"image":{"@id":"https:\/\/www.tapasmagazine.es\/#\/schema\/logo\/image\/"},"sameAs":["https:\/\/www.facebook.com\/tapasmagazine","https:\/\/x.com\/TapasMagazine","https:\/\/www.instagram.com\/tapasmagazine\/","https:\/\/www.linkedin.com\/company\/tapas-magazine","https:\/\/es.pinterest.com\/tapasmagazine\/","https:\/\/www.youtube.com\/channel\/UCEyxneAaACuR0lfDagrWjjg?sub_confirmation=1"]},{"@type":"Person","@id":"https:\/\/www.tapasmagazine.es\/#\/schema\/person\/dddb3bce6f98f2124c204b901d74a14b","name":"Tapas \/ EP","url":"https:\/\/www.tapasmagazine.es\/en\/author\/tapasep\/"}]}},"_links":{"self":[{"href":"https:\/\/www.tapasmagazine.es\/en\/wp-json\/wp\/v2\/posts\/177059","targetHints":{"allow":["GET"]}}],"collection":[{"href":"https:\/\/www.tapasmagazine.es\/en\/wp-json\/wp\/v2\/posts"}],"about":[{"href":"https:\/\/www.tapasmagazine.es\/en\/wp-json\/wp\/v2\/types\/post"}],"author":[{"embeddable":true,"href":"https:\/\/www.tapasmagazine.es\/en\/wp-json\/wp\/v2\/users\/277"}],"replies":[{"embeddable":true,"href":"https:\/\/www.tapasmagazine.es\/en\/wp-json\/wp\/v2\/comments?post=177059"}],"version-history":[{"count":1,"href":"https:\/\/www.tapasmagazine.es\/en\/wp-json\/wp\/v2\/posts\/177059\/revisions"}],"predecessor-version":[{"id":177060,"href":"https:\/\/www.tapasmagazine.es\/en\/wp-json\/wp\/v2\/posts\/177059\/revisions\/177060"}],"wp:featuredmedia":[{"embeddable":true,"href":"https:\/\/www.tapasmagazine.es\/en\/wp-json\/wp\/v2\/media\/177061"}],"wp:attachment":[{"href":"https:\/\/www.tapasmagazine.es\/en\/wp-json\/wp\/v2\/media?parent=177059"}],"wp:term":[{"taxonomy":"category","embeddable":true,"href":"https:\/\/www.tapasmagazine.es\/en\/wp-json\/wp\/v2\/categories?post=177059"},{"taxonomy":"post_tag","embeddable":true,"href":"https:\/\/www.tapasmagazine.es\/en\/wp-json\/wp\/v2\/tags?post=177059"}],"curies":[{"name":"wp","href":"https:\/\/api.w.org\/{rel}","templated":true}]}}