{"id":177055,"date":"2023-03-02T13:49:58","date_gmt":"2023-03-02T12:49:58","guid":{"rendered":"https:\/\/www.tapasmagazine.es\/?p=177055"},"modified":"2023-03-02T14:12:00","modified_gmt":"2023-03-02T13:12:00","slug":"economia-mcdonalds-presenta-el-libro-primero-el-sector-primariopara-apoyar-el-desarrollo-sostenible-del-campo","status":"publish","type":"post","link":"https:\/\/www.tapasmagazine.es\/en\/economia-mcdonalds-presenta-el-libro-primero-el-sector-primariopara-apoyar-el-desarrollo-sostenible-del-campo\/","title":{"rendered":"Econom\u00eda.- McDonald&#8217;s presenta el libro &#8216;Primero el sector primario&#8217;para apoyar el desarrollo sostenible del campo"},"content":{"rendered":"<p>McDonald&#8217;s ha presentado este mi\u00e9rcoles el libro blanco &#8216;Primero el sector primario&#8217; de &#8216;+Campo&#8217;, una iniciativa que forma parte de del proyecto &#8216;Big Good&#8217; para apoyar al campo espa\u00f1ol, y tiene como objetivo contribuir a que el sector agrario avance hacia la sostenibilidad, la competitividad y la igualdad.<\/p>\n<p>   En concreto, el contenido del libro blanco &#8220;muestra una radiograf\u00eda completa del sector y destaca los actuales retos a los que se enfrenta&#8221;, seg\u00fan ha explicado McDonald&#8217;s.<\/p>\n<p>   Adicionalmente, este cuaderno pone a disposici\u00f3n de las explotaciones agrarias, proveedores, consumidores y administraciones, m\u00e1s de un centenar de pistas de &#8220;acci\u00f3n y buenas pr\u00e1cticas&#8221; para abordar los desaf\u00edos a favor de su desarrollo sostenible.<\/p>\n<p>   El acto ha contado con la asistencia del presidente de McDonald&#8217;s Espa\u00f1a, Luis Quintiliano, quien adem\u00e1s de recalcar &#8220;la importancia de trabajar juntos por un sector agrario espa\u00f1ol m\u00e1s sostenible, competitivo e igualitario&#8221;, ha explicado que el libro blanco &#8220;nos permite seguir dando pasos con este objetivo, apoyando a nuestros proveedores, ganaderos y agricultores&#8221;.<\/p>\n<p>   En este sentido, el libro blanco de &#8216;+Campo&#8217;, seg\u00fan ha explicado McDonald&#8217;s, &#8220;es fruto de un &#8216;think tank&#8217; creado en 2022 que ha contado con organizaciones sectoriales, proveedores, empresas, ONG, asociaciones, institutos t\u00e9cnicos e instituciones acad\u00e9micas&#8221;.<\/p>\n<p>   Adem\u00e1s, tambi\u00e9n han participado en su elaboraci\u00f3n el Pacto Mundial de Naciones Unidas Espa\u00f1a, ABB, Afammer, Agrotech, Alas, Aryzta Bakeries Iberia, Grupo Bimbo, CSIC, INIA, Fademur, Florette, Fuci, Gap, Hispatec, IRTA, Lainez Biotrends, OSI Food Solutions, Red Espa\u00f1ola del Pacto Mundial, Plataforma Tierra, San Telmo Business School, Telef\u00f3nica, Uva y Vegenat.<\/p>\n<p>UN SECTOR AGRARIO SOSTENIBLE, DIGITALIZADO E IGUALITARIO   <\/p>\n<p>   Los coordinadores del libro blanco, entre los que se encuentran la directora de comunicaci\u00f3n y relaciones institucionales de McDonald&#8217;s Espa\u00f1a, Paloma Cabral; la investigadora y profesora en la Escuela T\u00e9cnica Superior de Ingenier\u00edas Agrarias de Palencia (Universidad de Valladolid), Margarita Rico Gonz\u00e1lez; el director de &#8216;Lainez Biotrends&#8217;, Manuel Lainez, y la directora ejecutiva de la Red Espa\u00f1ola del Pacto Mundial, Cristina S\u00e1nchez, han compartido una mesa redonda para hablar sobre las primeras conclusiones de &#8216;Primero el sector primario&#8217; y la importancia de la sostenibilidad, la digitalizaci\u00f3n y la igualdad en el mundo agr\u00edcola.<\/p>\n<p>   En concreto, Manuel Lainez, ha explicado, que en t\u00e9rminos de digitalizaci\u00f3n, &#8220;hay conectividad en todo el territorio espa\u00f1ol, pese a que supone &#8220;un coste importante que, a veces, no se pueden permitir las explotaciones&#8221;.<\/p>\n<p>   Adicionalmente, Lainez ha explicado que &#8220;en el \u00e1mbito digital hay una inversi\u00f3n que hacer&#8221; que el ganadero y agricultor entienden gasto, por lo que habr\u00eda &#8220;que convencerles de que es una inversi\u00f3n&#8221;.<\/p>\n<p>   En relaci\u00f3n a los consumidores, la investigadora y profesora en la Escuela T\u00e9cnica Superior de Ingenier\u00edas Agrarias de Palencia, Margarita Rico, ha recalcado que ellos son quienes tienen que acometer muchas de las acciones propuestas en el libro, sobre todo, se les requiere &#8220;que est\u00e9n informados, que consuman de forma responsable con esa informaci\u00f3n, que conozcan todo lo que les rodea al campo, que lo valoren, y que se sensibilicen sobre los problemas y necesidades del sector&#8221;.<\/p>\n<p>   Por su parte, el Pacto Mundial ha decicido colaborar con el &#8216;Libro Blanco&#8217; por &#8220;muchas razones&#8221;, en concreto, por la &#8220;aproximaci\u00f3n sectorial&#8221;, ya que desde la organizaci\u00f3n &#8220;est\u00e1n empujando esa perspectiva&#8221; colaborando, &#8220;porque no hay otra manera de hacerlo&#8221;, ha explicado Cristina S\u00e1nchez.<\/p>\n<p>   A juicio de Paloma Cabral, McDonald&#8217;s con este libro ha querido &#8220;sumar conocimiento&#8221; a todo el sector primario espa\u00f1ol, &#8220;un conocimiento que no queda aqu\u00ed&#8221;, ya que el siguiente paso es &#8220;compartir todas las iniciativas planteadas e ideas&#8221; para que lleguen a la sociedad.<\/p>\n","protected":false},"excerpt":{"rendered":"<p>McDonald&#8217;s ha presentado este mi\u00e9rcoles el libro blanco &#8216;Primero el sector primario&#8217; de &#8216;+Campo&#8217;, una iniciativa que forma parte de del proyecto &#8216;Big Good&#8217; para apoyar al campo espa\u00f1ol, y tiene como objetivo contribuir a que el sector agrario avance hacia la sostenibilidad, la competitividad y la igualdad. En concreto, el contenido del libro blanco [&hellip;]<\/p>\n","protected":false},"author":277,"featured_media":177057,"comment_status":"close","ping_status":"","sticky":false,"template":"single-feature.php","format":"standard","meta":{"_acf_changed":false,"footnotes":""},"categories":[15645],"tags":[],"class_list":["post-177055","post","type-post","status-publish","format-standard","has-post-thumbnail","hentry","category-ultima-hora","cat-15645-id"],"acf":[],"yoast_head":"<!-- This site is optimized with the Yoast SEO plugin v27.4 - https:\/\/yoast.com\/product\/yoast-seo-wordpress\/ -->\n<title>Econom\u00eda.- McDonald&#039;s presenta el libro &#039;Primero el sector primario&#039;para apoyar el desarrollo sostenible del campo - Tapas<\/title>\n<meta name=\"description\" content=\"McDonald&#039;s ha presentado este mi\u00e9rcoles el libro blanco &#039;Primero el sector primario&#039; de &#039;+Campo&#039;, una iniciativa que forma parte de del proyecto &#039;Big\" \/>\n<meta name=\"robots\" content=\"index, follow, max-snippet:-1, max-image-preview:large, max-video-preview:-1\" \/>\n<link rel=\"canonical\" href=\"https:\/\/www.tapasmagazine.es\/en\/economia-mcdonalds-presenta-el-libro-primero-el-sector-primariopara-apoyar-el-desarrollo-sostenible-del-campo\/\" \/>\n<meta property=\"og:locale\" content=\"en_US\" \/>\n<meta property=\"og:type\" content=\"article\" \/>\n<meta property=\"og:title\" content=\"Econom\u00eda.- McDonald&#039;s presenta el libro &#039;Primero el sector primario&#039;para apoyar el desarrollo sostenible del campo - Tapas\" \/>\n<meta property=\"og:description\" content=\"McDonald&#039;s ha presentado este mi\u00e9rcoles el libro blanco &#039;Primero el sector primario&#039; de &#039;+Campo&#039;, una iniciativa que forma parte de del proyecto &#039;Big\" \/>\n<meta property=\"og:url\" content=\"https:\/\/www.tapasmagazine.es\/en\/economia-mcdonalds-presenta-el-libro-primero-el-sector-primariopara-apoyar-el-desarrollo-sostenible-del-campo\/\" \/>\n<meta property=\"og:site_name\" content=\"Tapas\" \/>\n<meta property=\"article:publisher\" content=\"https:\/\/www.facebook.com\/tapasmagazine\" \/>\n<meta property=\"article:published_time\" content=\"2023-03-02T12:49:58+00:00\" \/>\n<meta property=\"article:modified_time\" content=\"2023-03-02T13:12:00+00:00\" \/>\n<meta property=\"og:image\" content=\"https:\/\/www.tapasmagazine.es\/wp-content\/uploads\/2023\/03\/fotonoticia_20230302134958_9999.jpg\" \/>\n\t<meta property=\"og:image:width\" content=\"1300\" \/>\n\t<meta property=\"og:image:height\" content=\"1041\" \/>\n\t<meta property=\"og:image:type\" content=\"image\/jpeg\" \/>\n<meta name=\"author\" content=\"Tapas \/ EP\" \/>\n<meta name=\"twitter:card\" content=\"summary_large_image\" \/>\n<meta name=\"twitter:creator\" content=\"@TapasMagazine\" \/>\n<meta name=\"twitter:site\" content=\"@TapasMagazine\" \/>\n<meta name=\"twitter:label1\" content=\"Written by\" \/>\n\t<meta name=\"twitter:data1\" content=\"Tapas \/ EP\" \/>\n\t<meta name=\"twitter:label2\" content=\"Est. reading time\" \/>\n\t<meta name=\"twitter:data2\" content=\"3 minutes\" \/>\n<script type=\"application\/ld+json\" class=\"yoast-schema-graph\">{\"@context\":\"https:\\\/\\\/schema.org\",\"@graph\":[{\"@type\":\"Article\",\"@id\":\"https:\\\/\\\/www.tapasmagazine.es\\\/en\\\/economia-mcdonalds-presenta-el-libro-primero-el-sector-primariopara-apoyar-el-desarrollo-sostenible-del-campo\\\/#article\",\"isPartOf\":{\"@id\":\"https:\\\/\\\/www.tapasmagazine.es\\\/en\\\/economia-mcdonalds-presenta-el-libro-primero-el-sector-primariopara-apoyar-el-desarrollo-sostenible-del-campo\\\/\"},\"author\":{\"name\":\"Tapas \\\/ EP\",\"@id\":\"https:\\\/\\\/www.tapasmagazine.es\\\/#\\\/schema\\\/person\\\/dddb3bce6f98f2124c204b901d74a14b\"},\"headline\":\"Econom\u00eda.- McDonald&#8217;s presenta el libro &#8216;Primero el sector primario&#8217;para apoyar el desarrollo sostenible del campo\",\"datePublished\":\"2023-03-02T12:49:58+00:00\",\"dateModified\":\"2023-03-02T13:12:00+00:00\",\"mainEntityOfPage\":{\"@id\":\"https:\\\/\\\/www.tapasmagazine.es\\\/en\\\/economia-mcdonalds-presenta-el-libro-primero-el-sector-primariopara-apoyar-el-desarrollo-sostenible-del-campo\\\/\"},\"wordCount\":652,\"publisher\":{\"@id\":\"https:\\\/\\\/www.tapasmagazine.es\\\/#organization\"},\"image\":{\"@id\":\"https:\\\/\\\/www.tapasmagazine.es\\\/en\\\/economia-mcdonalds-presenta-el-libro-primero-el-sector-primariopara-apoyar-el-desarrollo-sostenible-del-campo\\\/#primaryimage\"},\"thumbnailUrl\":\"https:\\\/\\\/www.tapasmagazine.es\\\/wp-content\\\/uploads\\\/2023\\\/03\\\/fotonoticia_20230302134958_9999.jpg\",\"articleSection\":[\"\u00daltima hora\"],\"inLanguage\":\"en-US\"},{\"@type\":\"WebPage\",\"@id\":\"https:\\\/\\\/www.tapasmagazine.es\\\/en\\\/economia-mcdonalds-presenta-el-libro-primero-el-sector-primariopara-apoyar-el-desarrollo-sostenible-del-campo\\\/\",\"url\":\"https:\\\/\\\/www.tapasmagazine.es\\\/en\\\/economia-mcdonalds-presenta-el-libro-primero-el-sector-primariopara-apoyar-el-desarrollo-sostenible-del-campo\\\/\",\"name\":\"Econom\u00eda.- McDonald's presenta el libro 'Primero el sector primario'para apoyar el desarrollo sostenible del campo - Tapas\",\"isPartOf\":{\"@id\":\"https:\\\/\\\/www.tapasmagazine.es\\\/#website\"},\"primaryImageOfPage\":{\"@id\":\"https:\\\/\\\/www.tapasmagazine.es\\\/en\\\/economia-mcdonalds-presenta-el-libro-primero-el-sector-primariopara-apoyar-el-desarrollo-sostenible-del-campo\\\/#primaryimage\"},\"image\":{\"@id\":\"https:\\\/\\\/www.tapasmagazine.es\\\/en\\\/economia-mcdonalds-presenta-el-libro-primero-el-sector-primariopara-apoyar-el-desarrollo-sostenible-del-campo\\\/#primaryimage\"},\"thumbnailUrl\":\"https:\\\/\\\/www.tapasmagazine.es\\\/wp-content\\\/uploads\\\/2023\\\/03\\\/fotonoticia_20230302134958_9999.jpg\",\"datePublished\":\"2023-03-02T12:49:58+00:00\",\"dateModified\":\"2023-03-02T13:12:00+00:00\",\"description\":\"McDonald's ha presentado este mi\u00e9rcoles el libro blanco 'Primero el sector primario' de '+Campo', una iniciativa que forma parte de del proyecto 'Big\",\"breadcrumb\":{\"@id\":\"https:\\\/\\\/www.tapasmagazine.es\\\/en\\\/economia-mcdonalds-presenta-el-libro-primero-el-sector-primariopara-apoyar-el-desarrollo-sostenible-del-campo\\\/#breadcrumb\"},\"inLanguage\":\"en-US\",\"potentialAction\":[{\"@type\":\"ReadAction\",\"target\":[\"https:\\\/\\\/www.tapasmagazine.es\\\/en\\\/economia-mcdonalds-presenta-el-libro-primero-el-sector-primariopara-apoyar-el-desarrollo-sostenible-del-campo\\\/\"]}]},{\"@type\":\"ImageObject\",\"inLanguage\":\"en-US\",\"@id\":\"https:\\\/\\\/www.tapasmagazine.es\\\/en\\\/economia-mcdonalds-presenta-el-libro-primero-el-sector-primariopara-apoyar-el-desarrollo-sostenible-del-campo\\\/#primaryimage\",\"url\":\"https:\\\/\\\/www.tapasmagazine.es\\\/wp-content\\\/uploads\\\/2023\\\/03\\\/fotonoticia_20230302134958_9999.jpg\",\"contentUrl\":\"https:\\\/\\\/www.tapasmagazine.es\\\/wp-content\\\/uploads\\\/2023\\\/03\\\/fotonoticia_20230302134958_9999.jpg\",\"width\":1300,\"height\":1041},{\"@type\":\"BreadcrumbList\",\"@id\":\"https:\\\/\\\/www.tapasmagazine.es\\\/en\\\/economia-mcdonalds-presenta-el-libro-primero-el-sector-primariopara-apoyar-el-desarrollo-sostenible-del-campo\\\/#breadcrumb\",\"itemListElement\":[{\"@type\":\"ListItem\",\"position\":1,\"name\":\"Portada\",\"item\":\"https:\\\/\\\/www.tapasmagazine.es\\\/\"},{\"@type\":\"ListItem\",\"position\":2,\"name\":\"Sin categorizar\",\"item\":\"https:\\\/\\\/www.tapasmagazine.es\\\/categorias\\\/sin-categorizar-2\\\/\"},{\"@type\":\"ListItem\",\"position\":3,\"name\":\"Econom\u00eda.- McDonald&#8217;s presenta el libro &#8216;Primero el sector primario&#8217;para apoyar el desarrollo sostenible del campo\"}]},{\"@type\":\"WebSite\",\"@id\":\"https:\\\/\\\/www.tapasmagazine.es\\\/#website\",\"url\":\"https:\\\/\\\/www.tapasmagazine.es\\\/\",\"name\":\"Tapas\",\"description\":\"\u00d1am \u00d1am Lifestyle. La vida a bocados. Premio Nacional de Gastronom\u00eda 2016.\",\"publisher\":{\"@id\":\"https:\\\/\\\/www.tapasmagazine.es\\\/#organization\"},\"potentialAction\":[{\"@type\":\"SearchAction\",\"target\":{\"@type\":\"EntryPoint\",\"urlTemplate\":\"https:\\\/\\\/www.tapasmagazine.es\\\/?s={search_term_string}\"},\"query-input\":{\"@type\":\"PropertyValueSpecification\",\"valueRequired\":true,\"valueName\":\"search_term_string\"}}],\"inLanguage\":\"en-US\"},{\"@type\":\"Organization\",\"@id\":\"https:\\\/\\\/www.tapasmagazine.es\\\/#organization\",\"name\":\"Tapas Magazine\",\"url\":\"https:\\\/\\\/www.tapasmagazine.es\\\/\",\"logo\":{\"@type\":\"ImageObject\",\"inLanguage\":\"en-US\",\"@id\":\"https:\\\/\\\/www.tapasmagazine.es\\\/#\\\/schema\\\/logo\\\/image\\\/\",\"url\":\"https:\\\/\\\/www.tapasmagazine.es\\\/wp-content\\\/uploads\\\/2018\\\/01\\\/logo.png\",\"contentUrl\":\"https:\\\/\\\/www.tapasmagazine.es\\\/wp-content\\\/uploads\\\/2018\\\/01\\\/logo.png\",\"width\":180,\"height\":60,\"caption\":\"Tapas Magazine\"},\"image\":{\"@id\":\"https:\\\/\\\/www.tapasmagazine.es\\\/#\\\/schema\\\/logo\\\/image\\\/\"},\"sameAs\":[\"https:\\\/\\\/www.facebook.com\\\/tapasmagazine\",\"https:\\\/\\\/x.com\\\/TapasMagazine\",\"https:\\\/\\\/www.instagram.com\\\/tapasmagazine\\\/\",\"https:\\\/\\\/www.linkedin.com\\\/company\\\/tapas-magazine\",\"https:\\\/\\\/es.pinterest.com\\\/tapasmagazine\\\/\",\"https:\\\/\\\/www.youtube.com\\\/channel\\\/UCEyxneAaACuR0lfDagrWjjg?sub_confirmation=1\"]},{\"@type\":\"Person\",\"@id\":\"https:\\\/\\\/www.tapasmagazine.es\\\/#\\\/schema\\\/person\\\/dddb3bce6f98f2124c204b901d74a14b\",\"name\":\"Tapas \\\/ EP\",\"url\":\"https:\\\/\\\/www.tapasmagazine.es\\\/en\\\/author\\\/tapasep\\\/\"}]}<\/script>\n<!-- \/ Yoast SEO plugin. -->","yoast_head_json":{"title":"Econom\u00eda.- McDonald's presenta el libro 'Primero el sector primario'para apoyar el desarrollo sostenible del campo - Tapas","description":"McDonald's ha presentado este mi\u00e9rcoles el libro blanco 'Primero el sector primario' de '+Campo', una iniciativa que forma parte de del proyecto 'Big","robots":{"index":"index","follow":"follow","max-snippet":"max-snippet:-1","max-image-preview":"max-image-preview:large","max-video-preview":"max-video-preview:-1"},"canonical":"https:\/\/www.tapasmagazine.es\/en\/economia-mcdonalds-presenta-el-libro-primero-el-sector-primariopara-apoyar-el-desarrollo-sostenible-del-campo\/","og_locale":"en_US","og_type":"article","og_title":"Econom\u00eda.- McDonald's presenta el libro 'Primero el sector primario'para apoyar el desarrollo sostenible del campo - Tapas","og_description":"McDonald's ha presentado este mi\u00e9rcoles el libro blanco 'Primero el sector primario' de '+Campo', una iniciativa que forma parte de del proyecto 'Big","og_url":"https:\/\/www.tapasmagazine.es\/en\/economia-mcdonalds-presenta-el-libro-primero-el-sector-primariopara-apoyar-el-desarrollo-sostenible-del-campo\/","og_site_name":"Tapas","article_publisher":"https:\/\/www.facebook.com\/tapasmagazine","article_published_time":"2023-03-02T12:49:58+00:00","article_modified_time":"2023-03-02T13:12:00+00:00","og_image":[{"width":1300,"height":1041,"url":"https:\/\/www.tapasmagazine.es\/wp-content\/uploads\/2023\/03\/fotonoticia_20230302134958_9999.jpg","type":"image\/jpeg"}],"author":"Tapas \/ EP","twitter_card":"summary_large_image","twitter_creator":"@TapasMagazine","twitter_site":"@TapasMagazine","twitter_misc":{"Written by":"Tapas \/ EP","Est. reading time":"3 minutes"},"schema":{"@context":"https:\/\/schema.org","@graph":[{"@type":"Article","@id":"https:\/\/www.tapasmagazine.es\/en\/economia-mcdonalds-presenta-el-libro-primero-el-sector-primariopara-apoyar-el-desarrollo-sostenible-del-campo\/#article","isPartOf":{"@id":"https:\/\/www.tapasmagazine.es\/en\/economia-mcdonalds-presenta-el-libro-primero-el-sector-primariopara-apoyar-el-desarrollo-sostenible-del-campo\/"},"author":{"name":"Tapas \/ EP","@id":"https:\/\/www.tapasmagazine.es\/#\/schema\/person\/dddb3bce6f98f2124c204b901d74a14b"},"headline":"Econom\u00eda.- McDonald&#8217;s presenta el libro &#8216;Primero el sector primario&#8217;para apoyar el desarrollo sostenible del campo","datePublished":"2023-03-02T12:49:58+00:00","dateModified":"2023-03-02T13:12:00+00:00","mainEntityOfPage":{"@id":"https:\/\/www.tapasmagazine.es\/en\/economia-mcdonalds-presenta-el-libro-primero-el-sector-primariopara-apoyar-el-desarrollo-sostenible-del-campo\/"},"wordCount":652,"publisher":{"@id":"https:\/\/www.tapasmagazine.es\/#organization"},"image":{"@id":"https:\/\/www.tapasmagazine.es\/en\/economia-mcdonalds-presenta-el-libro-primero-el-sector-primariopara-apoyar-el-desarrollo-sostenible-del-campo\/#primaryimage"},"thumbnailUrl":"https:\/\/www.tapasmagazine.es\/wp-content\/uploads\/2023\/03\/fotonoticia_20230302134958_9999.jpg","articleSection":["\u00daltima hora"],"inLanguage":"en-US"},{"@type":"WebPage","@id":"https:\/\/www.tapasmagazine.es\/en\/economia-mcdonalds-presenta-el-libro-primero-el-sector-primariopara-apoyar-el-desarrollo-sostenible-del-campo\/","url":"https:\/\/www.tapasmagazine.es\/en\/economia-mcdonalds-presenta-el-libro-primero-el-sector-primariopara-apoyar-el-desarrollo-sostenible-del-campo\/","name":"Econom\u00eda.- McDonald's presenta el libro 'Primero el sector primario'para apoyar el desarrollo sostenible del campo - Tapas","isPartOf":{"@id":"https:\/\/www.tapasmagazine.es\/#website"},"primaryImageOfPage":{"@id":"https:\/\/www.tapasmagazine.es\/en\/economia-mcdonalds-presenta-el-libro-primero-el-sector-primariopara-apoyar-el-desarrollo-sostenible-del-campo\/#primaryimage"},"image":{"@id":"https:\/\/www.tapasmagazine.es\/en\/economia-mcdonalds-presenta-el-libro-primero-el-sector-primariopara-apoyar-el-desarrollo-sostenible-del-campo\/#primaryimage"},"thumbnailUrl":"https:\/\/www.tapasmagazine.es\/wp-content\/uploads\/2023\/03\/fotonoticia_20230302134958_9999.jpg","datePublished":"2023-03-02T12:49:58+00:00","dateModified":"2023-03-02T13:12:00+00:00","description":"McDonald's ha presentado este mi\u00e9rcoles el libro blanco 'Primero el sector primario' de '+Campo', una iniciativa que forma parte de del proyecto 'Big","breadcrumb":{"@id":"https:\/\/www.tapasmagazine.es\/en\/economia-mcdonalds-presenta-el-libro-primero-el-sector-primariopara-apoyar-el-desarrollo-sostenible-del-campo\/#breadcrumb"},"inLanguage":"en-US","potentialAction":[{"@type":"ReadAction","target":["https:\/\/www.tapasmagazine.es\/en\/economia-mcdonalds-presenta-el-libro-primero-el-sector-primariopara-apoyar-el-desarrollo-sostenible-del-campo\/"]}]},{"@type":"ImageObject","inLanguage":"en-US","@id":"https:\/\/www.tapasmagazine.es\/en\/economia-mcdonalds-presenta-el-libro-primero-el-sector-primariopara-apoyar-el-desarrollo-sostenible-del-campo\/#primaryimage","url":"https:\/\/www.tapasmagazine.es\/wp-content\/uploads\/2023\/03\/fotonoticia_20230302134958_9999.jpg","contentUrl":"https:\/\/www.tapasmagazine.es\/wp-content\/uploads\/2023\/03\/fotonoticia_20230302134958_9999.jpg","width":1300,"height":1041},{"@type":"BreadcrumbList","@id":"https:\/\/www.tapasmagazine.es\/en\/economia-mcdonalds-presenta-el-libro-primero-el-sector-primariopara-apoyar-el-desarrollo-sostenible-del-campo\/#breadcrumb","itemListElement":[{"@type":"ListItem","position":1,"name":"Portada","item":"https:\/\/www.tapasmagazine.es\/"},{"@type":"ListItem","position":2,"name":"Sin categorizar","item":"https:\/\/www.tapasmagazine.es\/categorias\/sin-categorizar-2\/"},{"@type":"ListItem","position":3,"name":"Econom\u00eda.- McDonald&#8217;s presenta el libro &#8216;Primero el sector primario&#8217;para apoyar el desarrollo sostenible del campo"}]},{"@type":"WebSite","@id":"https:\/\/www.tapasmagazine.es\/#website","url":"https:\/\/www.tapasmagazine.es\/","name":"Tapas","description":"\u00d1am \u00d1am Lifestyle. La vida a bocados. Premio Nacional de Gastronom\u00eda 2016.","publisher":{"@id":"https:\/\/www.tapasmagazine.es\/#organization"},"potentialAction":[{"@type":"SearchAction","target":{"@type":"EntryPoint","urlTemplate":"https:\/\/www.tapasmagazine.es\/?s={search_term_string}"},"query-input":{"@type":"PropertyValueSpecification","valueRequired":true,"valueName":"search_term_string"}}],"inLanguage":"en-US"},{"@type":"Organization","@id":"https:\/\/www.tapasmagazine.es\/#organization","name":"Tapas Magazine","url":"https:\/\/www.tapasmagazine.es\/","logo":{"@type":"ImageObject","inLanguage":"en-US","@id":"https:\/\/www.tapasmagazine.es\/#\/schema\/logo\/image\/","url":"https:\/\/www.tapasmagazine.es\/wp-content\/uploads\/2018\/01\/logo.png","contentUrl":"https:\/\/www.tapasmagazine.es\/wp-content\/uploads\/2018\/01\/logo.png","width":180,"height":60,"caption":"Tapas Magazine"},"image":{"@id":"https:\/\/www.tapasmagazine.es\/#\/schema\/logo\/image\/"},"sameAs":["https:\/\/www.facebook.com\/tapasmagazine","https:\/\/x.com\/TapasMagazine","https:\/\/www.instagram.com\/tapasmagazine\/","https:\/\/www.linkedin.com\/company\/tapas-magazine","https:\/\/es.pinterest.com\/tapasmagazine\/","https:\/\/www.youtube.com\/channel\/UCEyxneAaACuR0lfDagrWjjg?sub_confirmation=1"]},{"@type":"Person","@id":"https:\/\/www.tapasmagazine.es\/#\/schema\/person\/dddb3bce6f98f2124c204b901d74a14b","name":"Tapas \/ EP","url":"https:\/\/www.tapasmagazine.es\/en\/author\/tapasep\/"}]}},"_links":{"self":[{"href":"https:\/\/www.tapasmagazine.es\/en\/wp-json\/wp\/v2\/posts\/177055","targetHints":{"allow":["GET"]}}],"collection":[{"href":"https:\/\/www.tapasmagazine.es\/en\/wp-json\/wp\/v2\/posts"}],"about":[{"href":"https:\/\/www.tapasmagazine.es\/en\/wp-json\/wp\/v2\/types\/post"}],"author":[{"embeddable":true,"href":"https:\/\/www.tapasmagazine.es\/en\/wp-json\/wp\/v2\/users\/277"}],"replies":[{"embeddable":true,"href":"https:\/\/www.tapasmagazine.es\/en\/wp-json\/wp\/v2\/comments?post=177055"}],"version-history":[{"count":1,"href":"https:\/\/www.tapasmagazine.es\/en\/wp-json\/wp\/v2\/posts\/177055\/revisions"}],"predecessor-version":[{"id":177056,"href":"https:\/\/www.tapasmagazine.es\/en\/wp-json\/wp\/v2\/posts\/177055\/revisions\/177056"}],"wp:featuredmedia":[{"embeddable":true,"href":"https:\/\/www.tapasmagazine.es\/en\/wp-json\/wp\/v2\/media\/177057"}],"wp:attachment":[{"href":"https:\/\/www.tapasmagazine.es\/en\/wp-json\/wp\/v2\/media?parent=177055"}],"wp:term":[{"taxonomy":"category","embeddable":true,"href":"https:\/\/www.tapasmagazine.es\/en\/wp-json\/wp\/v2\/categories?post=177055"},{"taxonomy":"post_tag","embeddable":true,"href":"https:\/\/www.tapasmagazine.es\/en\/wp-json\/wp\/v2\/tags?post=177055"}],"curies":[{"name":"wp","href":"https:\/\/api.w.org\/{rel}","templated":true}]}}