{"id":177038,"date":"2023-03-02T13:29:52","date_gmt":"2023-03-02T12:29:52","guid":{"rendered":"https:\/\/www.tapasmagazine.es\/?p=177038"},"modified":"2023-03-02T13:42:34","modified_gmt":"2023-03-02T12:42:34","slug":"economia-el-93-de-los-espanoles-veria-de-forma-positiva-que-se-toparan-los-precios-de-la-alimentacion","status":"publish","type":"post","link":"https:\/\/www.tapasmagazine.es\/en\/economia-el-93-de-los-espanoles-veria-de-forma-positiva-que-se-toparan-los-precios-de-la-alimentacion\/","title":{"rendered":"Econom\u00eda.- El 93% de los espa\u00f1oles ver\u00eda de forma positiva que se toparan los precios de la alimentaci\u00f3n"},"content":{"rendered":"<p>Un 93% de los espa\u00f1oles ver\u00eda de forma positiva que se establecieran l\u00edmites a los precios de los alimentos, con medidas similares a las implementadas en el \u00e1mbito de los combustibles o la energ\u00eda, en el actual contexto de alza de precios de alimentaci\u00f3n, seg\u00fan un reciente estudio elaborado por la consultora estrat\u00e9gica Oliver Wyman, que mide el sentimiento de los consumidores respecto a la compra de alimentos en seis pa\u00edses europeos.<\/p>\n<p>   En concreto, solo un 7% de los consumidores espa\u00f1oles cree que el Gobierno deber\u00eda mantenerse al margen y rechaza la intervenci\u00f3n en el estante del supermercado.<\/p>\n<p>   Respecto al formato de la intervenci\u00f3n p\u00fablica, un 45% se muestra a favor de fijar un precio m\u00e1ximo para una cesta de la compra b\u00e1sica, mientras que otro 45% propone establecer un tope porcentual al aumento de los precios medios de determinadas categor\u00edas de productos.<\/p>\n<p>   Adem\u00e1s un 23% de los encuestados se ha mostrado partidario de que se permitan descuentos muy agresivos en los precios, incluso por debajo del precio de coste, mientras que un 7% cree que el Estado deber\u00eda subsidiar los cheques de comida.<\/p>\n<p>   El informe confirma que el 93% de los consumidores espa\u00f1oles reconoce que ha modificado sus h\u00e1bitos de compra de alimentos en el \u00faltimo a\u00f1o, debido a la inflaci\u00f3n, por lo que se decantan por las marcas blancas o por adquirir productos en formato de ahorro o familiar o, incluso, por comprar m\u00e1s alimento fresco para cocinar en casa y evitar consumir fuera.<\/p>\n<p>   De esta forma, de todos los pa\u00edses analizados en el estudio, los consumidores espa\u00f1oles son los que m\u00e1s recurren a la marca blanca<br \/>\ndesde que comenzaron las actuales tensiones inflacionistas: m\u00e1s de la mitad (54%) reconoce este cambio en sus h\u00e1bitos de compra a pesar de que la mayor\u00eda (seis de cada diez encuestados) considera que los productos de marca blanca se han encarecido de forma similar a las marcas comerciales tradicionales.<\/p>\n<p>EL SUPERMERCADO GANA LA BATALLA POR EL CLIENTE<\/p>\n<p>   Seg\u00fan revela el estudio en relaci\u00f3n a hace un a\u00f1o y de forma generalizada en Europa, los supermercados no solo se mantienen como el establecimiento de referencia para realizar la compra habitual de alimentos, sino que han reforzado su preeminencia y han logrado captar m\u00e1s clientes que su competidor m\u00e1s relevante, las tiendas<br \/>\nde descuento.<\/p>\n<p>   As\u00ed, a pesar de que m\u00e1s del 40% de los consumidores europeos perciben que la brecha o la ventaja de precio entre las tiendas que venden alimentos con descuento y los supermercados se ha reducido en el \u00faltimo a\u00f1o (resultando menos atractiva la compra en los establecimientos<br \/>\nde descuento), casi la mitad de ellos reconoce comprar m\u00e1s en supermercado ahora que hace un a\u00f1o (45,8% frente al 32,5% de hace un a\u00f1o).<\/p>\n<p>  &#8220;Los supermercados se han beneficiado tradicionalmente del argumento de la &#8216;ventanilla \u00fanica&#8217;, ya que su gama de productos es tan amplia que maximiza la comodidad y conveniencia del cliente, que no tiene que repartir su tiempo de compra entre varios establecimientos. Ahora que la inflaci\u00f3n ha llevado a los consumidores a priorizar el precio frente a otros factores, los supermercados est\u00e1n jugando la carta de sus propias marcas o marcas blancas, a precios m\u00e1s ajustados, y les est\u00e1 dando resultados positivos, llegando a duplicar su cuota de mercado respecto al a\u00f1o anterior&#8221;, ha subrayado la responsable de Retail and Consumer Goods en Iberia, Beatriz Fern\u00e1ndez.<\/p>\n<p>   Los resultados del estudio constatan que la actual coyuntura inflacionista ha impulsado al factor precio como el m\u00e1s determinante para el consumidor europeo a la hora de realizar la compra.<\/p>\n<p>   En Espa\u00f1a, la importancia que se otorga al precio es superior a la media europea y tambi\u00e9n lo es la sostenibilidad, mientras que la relevancia de la calidad est\u00e1 alineada con la del resto de<br \/>\nconsumidores europeos analizados.<\/p>\n","protected":false},"excerpt":{"rendered":"<p>Un 93% de los espa\u00f1oles ver\u00eda de forma positiva que se establecieran l\u00edmites a los precios de los alimentos, con medidas similares a las implementadas en el \u00e1mbito de los combustibles o la energ\u00eda, en el actual contexto de alza de precios de alimentaci\u00f3n, seg\u00fan un reciente estudio elaborado por la consultora estrat\u00e9gica Oliver Wyman, [&hellip;]<\/p>\n","protected":false},"author":277,"featured_media":177040,"comment_status":"close","ping_status":"","sticky":false,"template":"single-feature.php","format":"standard","meta":{"_acf_changed":false,"footnotes":""},"categories":[15645],"tags":[],"class_list":["post-177038","post","type-post","status-publish","format-standard","has-post-thumbnail","hentry","category-ultima-hora","cat-15645-id"],"acf":[],"yoast_head":"<!-- This site is optimized with the Yoast SEO plugin v27.4 - https:\/\/yoast.com\/product\/yoast-seo-wordpress\/ -->\n<title>Econom\u00eda.- El 93% de los espa\u00f1oles ver\u00eda de forma positiva que se toparan los precios de la alimentaci\u00f3n - Tapas<\/title>\n<meta name=\"description\" content=\"Un 93% de los espa\u00f1oles ver\u00eda de forma positiva que se establecieran l\u00edmites a los precios de los alimentos, con medidas similares a las implementadas en\" \/>\n<meta name=\"robots\" content=\"index, follow, max-snippet:-1, max-image-preview:large, max-video-preview:-1\" \/>\n<link rel=\"canonical\" href=\"https:\/\/www.tapasmagazine.es\/en\/economia-el-93-de-los-espanoles-veria-de-forma-positiva-que-se-toparan-los-precios-de-la-alimentacion\/\" \/>\n<meta property=\"og:locale\" content=\"en_US\" \/>\n<meta property=\"og:type\" content=\"article\" \/>\n<meta property=\"og:title\" content=\"Econom\u00eda.- El 93% de los espa\u00f1oles ver\u00eda de forma positiva que se toparan los precios de la alimentaci\u00f3n - Tapas\" \/>\n<meta property=\"og:description\" content=\"Un 93% de los espa\u00f1oles ver\u00eda de forma positiva que se establecieran l\u00edmites a los precios de los alimentos, con medidas similares a las implementadas en\" \/>\n<meta property=\"og:url\" content=\"https:\/\/www.tapasmagazine.es\/en\/economia-el-93-de-los-espanoles-veria-de-forma-positiva-que-se-toparan-los-precios-de-la-alimentacion\/\" \/>\n<meta property=\"og:site_name\" content=\"Tapas\" \/>\n<meta property=\"article:publisher\" content=\"https:\/\/www.facebook.com\/tapasmagazine\" \/>\n<meta property=\"article:published_time\" content=\"2023-03-02T12:29:52+00:00\" \/>\n<meta property=\"article:modified_time\" content=\"2023-03-02T12:42:34+00:00\" \/>\n<meta property=\"og:image\" content=\"https:\/\/www.tapasmagazine.es\/wp-content\/uploads\/2023\/03\/fotonoticia_20230302132952_9999-scaled.jpg\" \/>\n\t<meta property=\"og:image:width\" content=\"2560\" \/>\n\t<meta property=\"og:image:height\" content=\"1706\" \/>\n\t<meta property=\"og:image:type\" content=\"image\/jpeg\" \/>\n<meta name=\"author\" content=\"Tapas \/ EP\" \/>\n<meta name=\"twitter:card\" content=\"summary_large_image\" \/>\n<meta name=\"twitter:creator\" content=\"@TapasMagazine\" \/>\n<meta name=\"twitter:site\" content=\"@TapasMagazine\" \/>\n<meta name=\"twitter:label1\" content=\"Written by\" \/>\n\t<meta name=\"twitter:data1\" content=\"Tapas \/ EP\" \/>\n\t<meta name=\"twitter:label2\" content=\"Est. reading time\" \/>\n\t<meta name=\"twitter:data2\" content=\"3 minutes\" \/>\n<script type=\"application\/ld+json\" class=\"yoast-schema-graph\">{\"@context\":\"https:\\\/\\\/schema.org\",\"@graph\":[{\"@type\":\"Article\",\"@id\":\"https:\\\/\\\/www.tapasmagazine.es\\\/en\\\/economia-el-93-de-los-espanoles-veria-de-forma-positiva-que-se-toparan-los-precios-de-la-alimentacion\\\/#article\",\"isPartOf\":{\"@id\":\"https:\\\/\\\/www.tapasmagazine.es\\\/en\\\/economia-el-93-de-los-espanoles-veria-de-forma-positiva-que-se-toparan-los-precios-de-la-alimentacion\\\/\"},\"author\":{\"name\":\"Tapas \\\/ EP\",\"@id\":\"https:\\\/\\\/www.tapasmagazine.es\\\/#\\\/schema\\\/person\\\/dddb3bce6f98f2124c204b901d74a14b\"},\"headline\":\"Econom\u00eda.- El 93% de los espa\u00f1oles ver\u00eda de forma positiva que se toparan los precios de la alimentaci\u00f3n\",\"datePublished\":\"2023-03-02T12:29:52+00:00\",\"dateModified\":\"2023-03-02T12:42:34+00:00\",\"mainEntityOfPage\":{\"@id\":\"https:\\\/\\\/www.tapasmagazine.es\\\/en\\\/economia-el-93-de-los-espanoles-veria-de-forma-positiva-que-se-toparan-los-precios-de-la-alimentacion\\\/\"},\"wordCount\":684,\"publisher\":{\"@id\":\"https:\\\/\\\/www.tapasmagazine.es\\\/#organization\"},\"image\":{\"@id\":\"https:\\\/\\\/www.tapasmagazine.es\\\/en\\\/economia-el-93-de-los-espanoles-veria-de-forma-positiva-que-se-toparan-los-precios-de-la-alimentacion\\\/#primaryimage\"},\"thumbnailUrl\":\"https:\\\/\\\/www.tapasmagazine.es\\\/wp-content\\\/uploads\\\/2023\\\/03\\\/fotonoticia_20230302132952_9999-scaled.jpg\",\"articleSection\":[\"\u00daltima hora\"],\"inLanguage\":\"en-US\"},{\"@type\":\"WebPage\",\"@id\":\"https:\\\/\\\/www.tapasmagazine.es\\\/en\\\/economia-el-93-de-los-espanoles-veria-de-forma-positiva-que-se-toparan-los-precios-de-la-alimentacion\\\/\",\"url\":\"https:\\\/\\\/www.tapasmagazine.es\\\/en\\\/economia-el-93-de-los-espanoles-veria-de-forma-positiva-que-se-toparan-los-precios-de-la-alimentacion\\\/\",\"name\":\"Econom\u00eda.- El 93% de los espa\u00f1oles ver\u00eda de forma positiva que se toparan los precios de la alimentaci\u00f3n - Tapas\",\"isPartOf\":{\"@id\":\"https:\\\/\\\/www.tapasmagazine.es\\\/#website\"},\"primaryImageOfPage\":{\"@id\":\"https:\\\/\\\/www.tapasmagazine.es\\\/en\\\/economia-el-93-de-los-espanoles-veria-de-forma-positiva-que-se-toparan-los-precios-de-la-alimentacion\\\/#primaryimage\"},\"image\":{\"@id\":\"https:\\\/\\\/www.tapasmagazine.es\\\/en\\\/economia-el-93-de-los-espanoles-veria-de-forma-positiva-que-se-toparan-los-precios-de-la-alimentacion\\\/#primaryimage\"},\"thumbnailUrl\":\"https:\\\/\\\/www.tapasmagazine.es\\\/wp-content\\\/uploads\\\/2023\\\/03\\\/fotonoticia_20230302132952_9999-scaled.jpg\",\"datePublished\":\"2023-03-02T12:29:52+00:00\",\"dateModified\":\"2023-03-02T12:42:34+00:00\",\"description\":\"Un 93% de los espa\u00f1oles ver\u00eda de forma positiva que se establecieran l\u00edmites a los precios de los alimentos, con medidas similares a las implementadas en\",\"breadcrumb\":{\"@id\":\"https:\\\/\\\/www.tapasmagazine.es\\\/en\\\/economia-el-93-de-los-espanoles-veria-de-forma-positiva-que-se-toparan-los-precios-de-la-alimentacion\\\/#breadcrumb\"},\"inLanguage\":\"en-US\",\"potentialAction\":[{\"@type\":\"ReadAction\",\"target\":[\"https:\\\/\\\/www.tapasmagazine.es\\\/en\\\/economia-el-93-de-los-espanoles-veria-de-forma-positiva-que-se-toparan-los-precios-de-la-alimentacion\\\/\"]}]},{\"@type\":\"ImageObject\",\"inLanguage\":\"en-US\",\"@id\":\"https:\\\/\\\/www.tapasmagazine.es\\\/en\\\/economia-el-93-de-los-espanoles-veria-de-forma-positiva-que-se-toparan-los-precios-de-la-alimentacion\\\/#primaryimage\",\"url\":\"https:\\\/\\\/www.tapasmagazine.es\\\/wp-content\\\/uploads\\\/2023\\\/03\\\/fotonoticia_20230302132952_9999-scaled.jpg\",\"contentUrl\":\"https:\\\/\\\/www.tapasmagazine.es\\\/wp-content\\\/uploads\\\/2023\\\/03\\\/fotonoticia_20230302132952_9999-scaled.jpg\",\"width\":2560,\"height\":1706},{\"@type\":\"BreadcrumbList\",\"@id\":\"https:\\\/\\\/www.tapasmagazine.es\\\/en\\\/economia-el-93-de-los-espanoles-veria-de-forma-positiva-que-se-toparan-los-precios-de-la-alimentacion\\\/#breadcrumb\",\"itemListElement\":[{\"@type\":\"ListItem\",\"position\":1,\"name\":\"Portada\",\"item\":\"https:\\\/\\\/www.tapasmagazine.es\\\/\"},{\"@type\":\"ListItem\",\"position\":2,\"name\":\"Sin categorizar\",\"item\":\"https:\\\/\\\/www.tapasmagazine.es\\\/categorias\\\/sin-categorizar-2\\\/\"},{\"@type\":\"ListItem\",\"position\":3,\"name\":\"Econom\u00eda.- El 93% de los espa\u00f1oles ver\u00eda de forma positiva que se toparan los precios de la alimentaci\u00f3n\"}]},{\"@type\":\"WebSite\",\"@id\":\"https:\\\/\\\/www.tapasmagazine.es\\\/#website\",\"url\":\"https:\\\/\\\/www.tapasmagazine.es\\\/\",\"name\":\"Tapas\",\"description\":\"\u00d1am \u00d1am Lifestyle. La vida a bocados. Premio Nacional de Gastronom\u00eda 2016.\",\"publisher\":{\"@id\":\"https:\\\/\\\/www.tapasmagazine.es\\\/#organization\"},\"potentialAction\":[{\"@type\":\"SearchAction\",\"target\":{\"@type\":\"EntryPoint\",\"urlTemplate\":\"https:\\\/\\\/www.tapasmagazine.es\\\/?s={search_term_string}\"},\"query-input\":{\"@type\":\"PropertyValueSpecification\",\"valueRequired\":true,\"valueName\":\"search_term_string\"}}],\"inLanguage\":\"en-US\"},{\"@type\":\"Organization\",\"@id\":\"https:\\\/\\\/www.tapasmagazine.es\\\/#organization\",\"name\":\"Tapas Magazine\",\"url\":\"https:\\\/\\\/www.tapasmagazine.es\\\/\",\"logo\":{\"@type\":\"ImageObject\",\"inLanguage\":\"en-US\",\"@id\":\"https:\\\/\\\/www.tapasmagazine.es\\\/#\\\/schema\\\/logo\\\/image\\\/\",\"url\":\"https:\\\/\\\/www.tapasmagazine.es\\\/wp-content\\\/uploads\\\/2018\\\/01\\\/logo.png\",\"contentUrl\":\"https:\\\/\\\/www.tapasmagazine.es\\\/wp-content\\\/uploads\\\/2018\\\/01\\\/logo.png\",\"width\":180,\"height\":60,\"caption\":\"Tapas Magazine\"},\"image\":{\"@id\":\"https:\\\/\\\/www.tapasmagazine.es\\\/#\\\/schema\\\/logo\\\/image\\\/\"},\"sameAs\":[\"https:\\\/\\\/www.facebook.com\\\/tapasmagazine\",\"https:\\\/\\\/x.com\\\/TapasMagazine\",\"https:\\\/\\\/www.instagram.com\\\/tapasmagazine\\\/\",\"https:\\\/\\\/www.linkedin.com\\\/company\\\/tapas-magazine\",\"https:\\\/\\\/es.pinterest.com\\\/tapasmagazine\\\/\",\"https:\\\/\\\/www.youtube.com\\\/channel\\\/UCEyxneAaACuR0lfDagrWjjg?sub_confirmation=1\"]},{\"@type\":\"Person\",\"@id\":\"https:\\\/\\\/www.tapasmagazine.es\\\/#\\\/schema\\\/person\\\/dddb3bce6f98f2124c204b901d74a14b\",\"name\":\"Tapas \\\/ EP\",\"url\":\"https:\\\/\\\/www.tapasmagazine.es\\\/en\\\/author\\\/tapasep\\\/\"}]}<\/script>\n<!-- \/ Yoast SEO plugin. -->","yoast_head_json":{"title":"Econom\u00eda.- El 93% de los espa\u00f1oles ver\u00eda de forma positiva que se toparan los precios de la alimentaci\u00f3n - Tapas","description":"Un 93% de los espa\u00f1oles ver\u00eda de forma positiva que se establecieran l\u00edmites a los precios de los alimentos, con medidas similares a las implementadas en","robots":{"index":"index","follow":"follow","max-snippet":"max-snippet:-1","max-image-preview":"max-image-preview:large","max-video-preview":"max-video-preview:-1"},"canonical":"https:\/\/www.tapasmagazine.es\/en\/economia-el-93-de-los-espanoles-veria-de-forma-positiva-que-se-toparan-los-precios-de-la-alimentacion\/","og_locale":"en_US","og_type":"article","og_title":"Econom\u00eda.- El 93% de los espa\u00f1oles ver\u00eda de forma positiva que se toparan los precios de la alimentaci\u00f3n - Tapas","og_description":"Un 93% de los espa\u00f1oles ver\u00eda de forma positiva que se establecieran l\u00edmites a los precios de los alimentos, con medidas similares a las implementadas en","og_url":"https:\/\/www.tapasmagazine.es\/en\/economia-el-93-de-los-espanoles-veria-de-forma-positiva-que-se-toparan-los-precios-de-la-alimentacion\/","og_site_name":"Tapas","article_publisher":"https:\/\/www.facebook.com\/tapasmagazine","article_published_time":"2023-03-02T12:29:52+00:00","article_modified_time":"2023-03-02T12:42:34+00:00","og_image":[{"width":2560,"height":1706,"url":"https:\/\/www.tapasmagazine.es\/wp-content\/uploads\/2023\/03\/fotonoticia_20230302132952_9999-scaled.jpg","type":"image\/jpeg"}],"author":"Tapas \/ EP","twitter_card":"summary_large_image","twitter_creator":"@TapasMagazine","twitter_site":"@TapasMagazine","twitter_misc":{"Written by":"Tapas \/ EP","Est. reading time":"3 minutes"},"schema":{"@context":"https:\/\/schema.org","@graph":[{"@type":"Article","@id":"https:\/\/www.tapasmagazine.es\/en\/economia-el-93-de-los-espanoles-veria-de-forma-positiva-que-se-toparan-los-precios-de-la-alimentacion\/#article","isPartOf":{"@id":"https:\/\/www.tapasmagazine.es\/en\/economia-el-93-de-los-espanoles-veria-de-forma-positiva-que-se-toparan-los-precios-de-la-alimentacion\/"},"author":{"name":"Tapas \/ EP","@id":"https:\/\/www.tapasmagazine.es\/#\/schema\/person\/dddb3bce6f98f2124c204b901d74a14b"},"headline":"Econom\u00eda.- El 93% de los espa\u00f1oles ver\u00eda de forma positiva que se toparan los precios de la alimentaci\u00f3n","datePublished":"2023-03-02T12:29:52+00:00","dateModified":"2023-03-02T12:42:34+00:00","mainEntityOfPage":{"@id":"https:\/\/www.tapasmagazine.es\/en\/economia-el-93-de-los-espanoles-veria-de-forma-positiva-que-se-toparan-los-precios-de-la-alimentacion\/"},"wordCount":684,"publisher":{"@id":"https:\/\/www.tapasmagazine.es\/#organization"},"image":{"@id":"https:\/\/www.tapasmagazine.es\/en\/economia-el-93-de-los-espanoles-veria-de-forma-positiva-que-se-toparan-los-precios-de-la-alimentacion\/#primaryimage"},"thumbnailUrl":"https:\/\/www.tapasmagazine.es\/wp-content\/uploads\/2023\/03\/fotonoticia_20230302132952_9999-scaled.jpg","articleSection":["\u00daltima hora"],"inLanguage":"en-US"},{"@type":"WebPage","@id":"https:\/\/www.tapasmagazine.es\/en\/economia-el-93-de-los-espanoles-veria-de-forma-positiva-que-se-toparan-los-precios-de-la-alimentacion\/","url":"https:\/\/www.tapasmagazine.es\/en\/economia-el-93-de-los-espanoles-veria-de-forma-positiva-que-se-toparan-los-precios-de-la-alimentacion\/","name":"Econom\u00eda.- El 93% de los espa\u00f1oles ver\u00eda de forma positiva que se toparan los precios de la alimentaci\u00f3n - Tapas","isPartOf":{"@id":"https:\/\/www.tapasmagazine.es\/#website"},"primaryImageOfPage":{"@id":"https:\/\/www.tapasmagazine.es\/en\/economia-el-93-de-los-espanoles-veria-de-forma-positiva-que-se-toparan-los-precios-de-la-alimentacion\/#primaryimage"},"image":{"@id":"https:\/\/www.tapasmagazine.es\/en\/economia-el-93-de-los-espanoles-veria-de-forma-positiva-que-se-toparan-los-precios-de-la-alimentacion\/#primaryimage"},"thumbnailUrl":"https:\/\/www.tapasmagazine.es\/wp-content\/uploads\/2023\/03\/fotonoticia_20230302132952_9999-scaled.jpg","datePublished":"2023-03-02T12:29:52+00:00","dateModified":"2023-03-02T12:42:34+00:00","description":"Un 93% de los espa\u00f1oles ver\u00eda de forma positiva que se establecieran l\u00edmites a los precios de los alimentos, con medidas similares a las implementadas en","breadcrumb":{"@id":"https:\/\/www.tapasmagazine.es\/en\/economia-el-93-de-los-espanoles-veria-de-forma-positiva-que-se-toparan-los-precios-de-la-alimentacion\/#breadcrumb"},"inLanguage":"en-US","potentialAction":[{"@type":"ReadAction","target":["https:\/\/www.tapasmagazine.es\/en\/economia-el-93-de-los-espanoles-veria-de-forma-positiva-que-se-toparan-los-precios-de-la-alimentacion\/"]}]},{"@type":"ImageObject","inLanguage":"en-US","@id":"https:\/\/www.tapasmagazine.es\/en\/economia-el-93-de-los-espanoles-veria-de-forma-positiva-que-se-toparan-los-precios-de-la-alimentacion\/#primaryimage","url":"https:\/\/www.tapasmagazine.es\/wp-content\/uploads\/2023\/03\/fotonoticia_20230302132952_9999-scaled.jpg","contentUrl":"https:\/\/www.tapasmagazine.es\/wp-content\/uploads\/2023\/03\/fotonoticia_20230302132952_9999-scaled.jpg","width":2560,"height":1706},{"@type":"BreadcrumbList","@id":"https:\/\/www.tapasmagazine.es\/en\/economia-el-93-de-los-espanoles-veria-de-forma-positiva-que-se-toparan-los-precios-de-la-alimentacion\/#breadcrumb","itemListElement":[{"@type":"ListItem","position":1,"name":"Portada","item":"https:\/\/www.tapasmagazine.es\/"},{"@type":"ListItem","position":2,"name":"Sin categorizar","item":"https:\/\/www.tapasmagazine.es\/categorias\/sin-categorizar-2\/"},{"@type":"ListItem","position":3,"name":"Econom\u00eda.- El 93% de los espa\u00f1oles ver\u00eda de forma positiva que se toparan los precios de la alimentaci\u00f3n"}]},{"@type":"WebSite","@id":"https:\/\/www.tapasmagazine.es\/#website","url":"https:\/\/www.tapasmagazine.es\/","name":"Tapas","description":"\u00d1am \u00d1am Lifestyle. La vida a bocados. Premio Nacional de Gastronom\u00eda 2016.","publisher":{"@id":"https:\/\/www.tapasmagazine.es\/#organization"},"potentialAction":[{"@type":"SearchAction","target":{"@type":"EntryPoint","urlTemplate":"https:\/\/www.tapasmagazine.es\/?s={search_term_string}"},"query-input":{"@type":"PropertyValueSpecification","valueRequired":true,"valueName":"search_term_string"}}],"inLanguage":"en-US"},{"@type":"Organization","@id":"https:\/\/www.tapasmagazine.es\/#organization","name":"Tapas Magazine","url":"https:\/\/www.tapasmagazine.es\/","logo":{"@type":"ImageObject","inLanguage":"en-US","@id":"https:\/\/www.tapasmagazine.es\/#\/schema\/logo\/image\/","url":"https:\/\/www.tapasmagazine.es\/wp-content\/uploads\/2018\/01\/logo.png","contentUrl":"https:\/\/www.tapasmagazine.es\/wp-content\/uploads\/2018\/01\/logo.png","width":180,"height":60,"caption":"Tapas Magazine"},"image":{"@id":"https:\/\/www.tapasmagazine.es\/#\/schema\/logo\/image\/"},"sameAs":["https:\/\/www.facebook.com\/tapasmagazine","https:\/\/x.com\/TapasMagazine","https:\/\/www.instagram.com\/tapasmagazine\/","https:\/\/www.linkedin.com\/company\/tapas-magazine","https:\/\/es.pinterest.com\/tapasmagazine\/","https:\/\/www.youtube.com\/channel\/UCEyxneAaACuR0lfDagrWjjg?sub_confirmation=1"]},{"@type":"Person","@id":"https:\/\/www.tapasmagazine.es\/#\/schema\/person\/dddb3bce6f98f2124c204b901d74a14b","name":"Tapas \/ EP","url":"https:\/\/www.tapasmagazine.es\/en\/author\/tapasep\/"}]}},"_links":{"self":[{"href":"https:\/\/www.tapasmagazine.es\/en\/wp-json\/wp\/v2\/posts\/177038","targetHints":{"allow":["GET"]}}],"collection":[{"href":"https:\/\/www.tapasmagazine.es\/en\/wp-json\/wp\/v2\/posts"}],"about":[{"href":"https:\/\/www.tapasmagazine.es\/en\/wp-json\/wp\/v2\/types\/post"}],"author":[{"embeddable":true,"href":"https:\/\/www.tapasmagazine.es\/en\/wp-json\/wp\/v2\/users\/277"}],"replies":[{"embeddable":true,"href":"https:\/\/www.tapasmagazine.es\/en\/wp-json\/wp\/v2\/comments?post=177038"}],"version-history":[{"count":1,"href":"https:\/\/www.tapasmagazine.es\/en\/wp-json\/wp\/v2\/posts\/177038\/revisions"}],"predecessor-version":[{"id":177039,"href":"https:\/\/www.tapasmagazine.es\/en\/wp-json\/wp\/v2\/posts\/177038\/revisions\/177039"}],"wp:featuredmedia":[{"embeddable":true,"href":"https:\/\/www.tapasmagazine.es\/en\/wp-json\/wp\/v2\/media\/177040"}],"wp:attachment":[{"href":"https:\/\/www.tapasmagazine.es\/en\/wp-json\/wp\/v2\/media?parent=177038"}],"wp:term":[{"taxonomy":"category","embeddable":true,"href":"https:\/\/www.tapasmagazine.es\/en\/wp-json\/wp\/v2\/categories?post=177038"},{"taxonomy":"post_tag","embeddable":true,"href":"https:\/\/www.tapasmagazine.es\/en\/wp-json\/wp\/v2\/tags?post=177038"}],"curies":[{"name":"wp","href":"https:\/\/api.w.org\/{rel}","templated":true}]}}