{"id":176957,"date":"2023-03-01T16:19:16","date_gmt":"2023-03-01T15:19:16","guid":{"rendered":"https:\/\/www.tapasmagazine.es\/?p=176957"},"modified":"2023-03-01T16:42:38","modified_gmt":"2023-03-01T15:42:38","slug":"economia-buque-vizconde-de-eza-inicia-la-campana-para-el-estudio-de-biomasa-de-especies-demersales-en-el-golfo-de-cadiz","status":"publish","type":"post","link":"https:\/\/www.tapasmagazine.es\/en\/economia-buque-vizconde-de-eza-inicia-la-campana-para-el-estudio-de-biomasa-de-especies-demersales-en-el-golfo-de-cadiz\/","title":{"rendered":"Econom\u00eda.-Buque Vizconde de Eza inicia la campa\u00f1a para el estudio de biomasa de especies demersales en el Golfo de C\u00e1diz"},"content":{"rendered":"<p>El buque de investigaci\u00f3n oceanogr\u00e1fica Vizconde de Eza, del Ministerio de Agricultura, Pesca y Alimentaci\u00f3n, ha comenzado este mi\u00e9rcoles la campa\u00f1a ARSA 2023 para el estudio de la estimaci\u00f3n de los \u00edndices de abundancia (n\u00famero y biomasa), de las especies demersales de mayor inter\u00e9s pesquero y de la fauna asociada a ellas.<\/p>\n<p>   En concreto, con estos trabajos se pretende actualizar y completar el cat\u00e1logo faun\u00edstico de los fondos de arrastre de la plataforma y talud continental del Golfo de C\u00e1diz.<\/p>\n<p>   Seg\u00fan ha explicado el Ministerio de Agricultura en una nota, con este objetivo, se va a estudiar la distribuci\u00f3n geogr\u00e1fica y batim\u00e9trica de las diferentes especies, as\u00ed como las distribuciones de tallas de peces, crust\u00e1ceos y moluscos de inter\u00e9s pesquero. Tambi\u00e9n se realizar\u00e1 un seguimiento del alga invasora (Rugolopterix okamurae) en la zona de influencia del Estrecho y se tomar\u00e1n muestreos de bentos.<\/p>\n<p>   Para la realizaci\u00f3n de la campa\u00f1a, el Ministerio de Agricultura Pesca y Alimentaci\u00f3n, a trav\u00e9s de la Secretar\u00eda General de Pesca, aporta el buque y la tripulaci\u00f3n, mientras que la direcci\u00f3n cient\u00edfica corre a cargo de investigadores del Instituto Espa\u00f1ol de Oceanograf\u00eda (IEO).<\/p>\n<p>   ARSA 2023 se enmarca en el &#8216;Programa Nacional de Datos B\u00e1sicos del Sector Pesquero&#8217;, cuya coordinaci\u00f3n nacional corresponde a la Secretar\u00eda General de Pesca. Los datos obtenidos se transmiten al sistema &#8216;Data Collection Framework&#8217; para la recopilaci\u00f3n, gesti\u00f3n y uso de los datos del sector pesquero y el apoyo al asesoramiento cient\u00edfico en relaci\u00f3n con la Pol\u00edtica Pesquera Com\u00fan. Estos trabajos son cofinanciados con la UE, a trav\u00e9s del Fondo Europeo Mar\u00edtimo de Pesca (FEMP).<\/p>\n<p>   Los buques de investigaci\u00f3n oceanogr\u00e1fica de la Secretar\u00eda General de Pesca son un &#8220;firme compromiso del Gobierno de Espa\u00f1a con la gesti\u00f3n sostenible de los recursos pesqueros&#8221;. Los buques Emma Bard\u00e1n, Miguel Oliver y Vizconde de Eza llevan a cabo cada a\u00f1o m\u00e1s de 500 jornadas de investigaci\u00f3n, en campa\u00f1as tanto a nivel nacional como internacional, embarcando equipos de cient\u00edficos que eval\u00faan el estado de las pesquer\u00edas con el objetivo del Rendimiento M\u00e1ximo Sostenible.<\/p>\n","protected":false},"excerpt":{"rendered":"<p>El buque de investigaci\u00f3n oceanogr\u00e1fica Vizconde de Eza, del Ministerio de Agricultura, Pesca y Alimentaci\u00f3n, ha comenzado este mi\u00e9rcoles la campa\u00f1a ARSA 2023 para el estudio de la estimaci\u00f3n de los \u00edndices de abundancia (n\u00famero y biomasa), de las especies demersales de mayor inter\u00e9s pesquero y de la fauna asociada a ellas. En concreto, con [&hellip;]<\/p>\n","protected":false},"author":277,"featured_media":176959,"comment_status":"close","ping_status":"","sticky":false,"template":"single-feature.php","format":"standard","meta":{"_acf_changed":false,"footnotes":""},"categories":[15645],"tags":[],"class_list":["post-176957","post","type-post","status-publish","format-standard","has-post-thumbnail","hentry","category-ultima-hora","cat-15645-id"],"acf":[],"yoast_head":"<!-- This site is optimized with the Yoast SEO plugin v27.4 - https:\/\/yoast.com\/product\/yoast-seo-wordpress\/ -->\n<title>Econom\u00eda.-Buque Vizconde de Eza inicia la campa\u00f1a para el estudio de biomasa de especies demersales en el Golfo de C\u00e1diz - Tapas<\/title>\n<meta name=\"description\" content=\"El buque de investigaci\u00f3n oceanogr\u00e1fica Vizconde de Eza, del Ministerio de Agricultura, Pesca y Alimentaci\u00f3n, ha comenzado este mi\u00e9rcoles la campa\u00f1a ARSA\" \/>\n<meta name=\"robots\" content=\"index, follow, max-snippet:-1, max-image-preview:large, max-video-preview:-1\" \/>\n<link rel=\"canonical\" href=\"https:\/\/www.tapasmagazine.es\/en\/economia-buque-vizconde-de-eza-inicia-la-campana-para-el-estudio-de-biomasa-de-especies-demersales-en-el-golfo-de-cadiz\/\" \/>\n<meta property=\"og:locale\" content=\"en_US\" \/>\n<meta property=\"og:type\" content=\"article\" \/>\n<meta property=\"og:title\" content=\"Econom\u00eda.-Buque Vizconde de Eza inicia la campa\u00f1a para el estudio de biomasa de especies demersales en el Golfo de C\u00e1diz - Tapas\" \/>\n<meta property=\"og:description\" content=\"El buque de investigaci\u00f3n oceanogr\u00e1fica Vizconde de Eza, del Ministerio de Agricultura, Pesca y Alimentaci\u00f3n, ha comenzado este mi\u00e9rcoles la campa\u00f1a ARSA\" \/>\n<meta property=\"og:url\" content=\"https:\/\/www.tapasmagazine.es\/en\/economia-buque-vizconde-de-eza-inicia-la-campana-para-el-estudio-de-biomasa-de-especies-demersales-en-el-golfo-de-cadiz\/\" \/>\n<meta property=\"og:site_name\" content=\"Tapas\" \/>\n<meta property=\"article:publisher\" content=\"https:\/\/www.facebook.com\/tapasmagazine\" \/>\n<meta property=\"article:published_time\" content=\"2023-03-01T15:19:16+00:00\" \/>\n<meta property=\"article:modified_time\" content=\"2023-03-01T15:42:38+00:00\" \/>\n<meta property=\"og:image\" content=\"https:\/\/www.tapasmagazine.es\/wp-content\/uploads\/2023\/03\/fotonoticia_20230301161916_9999.jpg\" \/>\n\t<meta property=\"og:image:width\" content=\"1920\" \/>\n\t<meta property=\"og:image:height\" content=\"1076\" \/>\n\t<meta property=\"og:image:type\" content=\"image\/jpeg\" \/>\n<meta name=\"author\" content=\"Tapas \/ EP\" \/>\n<meta name=\"twitter:card\" content=\"summary_large_image\" \/>\n<meta name=\"twitter:creator\" content=\"@TapasMagazine\" \/>\n<meta name=\"twitter:site\" content=\"@TapasMagazine\" \/>\n<meta name=\"twitter:label1\" content=\"Written by\" \/>\n\t<meta name=\"twitter:data1\" content=\"Tapas \/ EP\" \/>\n\t<meta name=\"twitter:label2\" content=\"Est. reading time\" \/>\n\t<meta name=\"twitter:data2\" content=\"2 minutes\" \/>\n<script type=\"application\/ld+json\" class=\"yoast-schema-graph\">{\"@context\":\"https:\\\/\\\/schema.org\",\"@graph\":[{\"@type\":\"Article\",\"@id\":\"https:\\\/\\\/www.tapasmagazine.es\\\/en\\\/economia-buque-vizconde-de-eza-inicia-la-campana-para-el-estudio-de-biomasa-de-especies-demersales-en-el-golfo-de-cadiz\\\/#article\",\"isPartOf\":{\"@id\":\"https:\\\/\\\/www.tapasmagazine.es\\\/en\\\/economia-buque-vizconde-de-eza-inicia-la-campana-para-el-estudio-de-biomasa-de-especies-demersales-en-el-golfo-de-cadiz\\\/\"},\"author\":{\"name\":\"Tapas \\\/ EP\",\"@id\":\"https:\\\/\\\/www.tapasmagazine.es\\\/#\\\/schema\\\/person\\\/dddb3bce6f98f2124c204b901d74a14b\"},\"headline\":\"Econom\u00eda.-Buque Vizconde de Eza inicia la campa\u00f1a para el estudio de biomasa de especies demersales en el Golfo de C\u00e1diz\",\"datePublished\":\"2023-03-01T15:19:16+00:00\",\"dateModified\":\"2023-03-01T15:42:38+00:00\",\"mainEntityOfPage\":{\"@id\":\"https:\\\/\\\/www.tapasmagazine.es\\\/en\\\/economia-buque-vizconde-de-eza-inicia-la-campana-para-el-estudio-de-biomasa-de-especies-demersales-en-el-golfo-de-cadiz\\\/\"},\"wordCount\":410,\"publisher\":{\"@id\":\"https:\\\/\\\/www.tapasmagazine.es\\\/#organization\"},\"image\":{\"@id\":\"https:\\\/\\\/www.tapasmagazine.es\\\/en\\\/economia-buque-vizconde-de-eza-inicia-la-campana-para-el-estudio-de-biomasa-de-especies-demersales-en-el-golfo-de-cadiz\\\/#primaryimage\"},\"thumbnailUrl\":\"https:\\\/\\\/www.tapasmagazine.es\\\/wp-content\\\/uploads\\\/2023\\\/03\\\/fotonoticia_20230301161916_9999.jpg\",\"articleSection\":[\"\u00daltima hora\"],\"inLanguage\":\"en-US\"},{\"@type\":\"WebPage\",\"@id\":\"https:\\\/\\\/www.tapasmagazine.es\\\/en\\\/economia-buque-vizconde-de-eza-inicia-la-campana-para-el-estudio-de-biomasa-de-especies-demersales-en-el-golfo-de-cadiz\\\/\",\"url\":\"https:\\\/\\\/www.tapasmagazine.es\\\/en\\\/economia-buque-vizconde-de-eza-inicia-la-campana-para-el-estudio-de-biomasa-de-especies-demersales-en-el-golfo-de-cadiz\\\/\",\"name\":\"Econom\u00eda.-Buque Vizconde de Eza inicia la campa\u00f1a para el estudio de biomasa de especies demersales en el Golfo de C\u00e1diz - Tapas\",\"isPartOf\":{\"@id\":\"https:\\\/\\\/www.tapasmagazine.es\\\/#website\"},\"primaryImageOfPage\":{\"@id\":\"https:\\\/\\\/www.tapasmagazine.es\\\/en\\\/economia-buque-vizconde-de-eza-inicia-la-campana-para-el-estudio-de-biomasa-de-especies-demersales-en-el-golfo-de-cadiz\\\/#primaryimage\"},\"image\":{\"@id\":\"https:\\\/\\\/www.tapasmagazine.es\\\/en\\\/economia-buque-vizconde-de-eza-inicia-la-campana-para-el-estudio-de-biomasa-de-especies-demersales-en-el-golfo-de-cadiz\\\/#primaryimage\"},\"thumbnailUrl\":\"https:\\\/\\\/www.tapasmagazine.es\\\/wp-content\\\/uploads\\\/2023\\\/03\\\/fotonoticia_20230301161916_9999.jpg\",\"datePublished\":\"2023-03-01T15:19:16+00:00\",\"dateModified\":\"2023-03-01T15:42:38+00:00\",\"description\":\"El buque de investigaci\u00f3n oceanogr\u00e1fica Vizconde de Eza, del Ministerio de Agricultura, Pesca y Alimentaci\u00f3n, ha comenzado este mi\u00e9rcoles la campa\u00f1a ARSA\",\"breadcrumb\":{\"@id\":\"https:\\\/\\\/www.tapasmagazine.es\\\/en\\\/economia-buque-vizconde-de-eza-inicia-la-campana-para-el-estudio-de-biomasa-de-especies-demersales-en-el-golfo-de-cadiz\\\/#breadcrumb\"},\"inLanguage\":\"en-US\",\"potentialAction\":[{\"@type\":\"ReadAction\",\"target\":[\"https:\\\/\\\/www.tapasmagazine.es\\\/en\\\/economia-buque-vizconde-de-eza-inicia-la-campana-para-el-estudio-de-biomasa-de-especies-demersales-en-el-golfo-de-cadiz\\\/\"]}]},{\"@type\":\"ImageObject\",\"inLanguage\":\"en-US\",\"@id\":\"https:\\\/\\\/www.tapasmagazine.es\\\/en\\\/economia-buque-vizconde-de-eza-inicia-la-campana-para-el-estudio-de-biomasa-de-especies-demersales-en-el-golfo-de-cadiz\\\/#primaryimage\",\"url\":\"https:\\\/\\\/www.tapasmagazine.es\\\/wp-content\\\/uploads\\\/2023\\\/03\\\/fotonoticia_20230301161916_9999.jpg\",\"contentUrl\":\"https:\\\/\\\/www.tapasmagazine.es\\\/wp-content\\\/uploads\\\/2023\\\/03\\\/fotonoticia_20230301161916_9999.jpg\",\"width\":1920,\"height\":1076},{\"@type\":\"BreadcrumbList\",\"@id\":\"https:\\\/\\\/www.tapasmagazine.es\\\/en\\\/economia-buque-vizconde-de-eza-inicia-la-campana-para-el-estudio-de-biomasa-de-especies-demersales-en-el-golfo-de-cadiz\\\/#breadcrumb\",\"itemListElement\":[{\"@type\":\"ListItem\",\"position\":1,\"name\":\"Portada\",\"item\":\"https:\\\/\\\/www.tapasmagazine.es\\\/\"},{\"@type\":\"ListItem\",\"position\":2,\"name\":\"Sin categorizar\",\"item\":\"https:\\\/\\\/www.tapasmagazine.es\\\/categorias\\\/sin-categorizar-2\\\/\"},{\"@type\":\"ListItem\",\"position\":3,\"name\":\"Econom\u00eda.-Buque Vizconde de Eza inicia la campa\u00f1a para el estudio de biomasa de especies demersales en el Golfo de C\u00e1diz\"}]},{\"@type\":\"WebSite\",\"@id\":\"https:\\\/\\\/www.tapasmagazine.es\\\/#website\",\"url\":\"https:\\\/\\\/www.tapasmagazine.es\\\/\",\"name\":\"Tapas\",\"description\":\"\u00d1am \u00d1am Lifestyle. La vida a bocados. Premio Nacional de Gastronom\u00eda 2016.\",\"publisher\":{\"@id\":\"https:\\\/\\\/www.tapasmagazine.es\\\/#organization\"},\"potentialAction\":[{\"@type\":\"SearchAction\",\"target\":{\"@type\":\"EntryPoint\",\"urlTemplate\":\"https:\\\/\\\/www.tapasmagazine.es\\\/?s={search_term_string}\"},\"query-input\":{\"@type\":\"PropertyValueSpecification\",\"valueRequired\":true,\"valueName\":\"search_term_string\"}}],\"inLanguage\":\"en-US\"},{\"@type\":\"Organization\",\"@id\":\"https:\\\/\\\/www.tapasmagazine.es\\\/#organization\",\"name\":\"Tapas Magazine\",\"url\":\"https:\\\/\\\/www.tapasmagazine.es\\\/\",\"logo\":{\"@type\":\"ImageObject\",\"inLanguage\":\"en-US\",\"@id\":\"https:\\\/\\\/www.tapasmagazine.es\\\/#\\\/schema\\\/logo\\\/image\\\/\",\"url\":\"https:\\\/\\\/www.tapasmagazine.es\\\/wp-content\\\/uploads\\\/2018\\\/01\\\/logo.png\",\"contentUrl\":\"https:\\\/\\\/www.tapasmagazine.es\\\/wp-content\\\/uploads\\\/2018\\\/01\\\/logo.png\",\"width\":180,\"height\":60,\"caption\":\"Tapas Magazine\"},\"image\":{\"@id\":\"https:\\\/\\\/www.tapasmagazine.es\\\/#\\\/schema\\\/logo\\\/image\\\/\"},\"sameAs\":[\"https:\\\/\\\/www.facebook.com\\\/tapasmagazine\",\"https:\\\/\\\/x.com\\\/TapasMagazine\",\"https:\\\/\\\/www.instagram.com\\\/tapasmagazine\\\/\",\"https:\\\/\\\/www.linkedin.com\\\/company\\\/tapas-magazine\",\"https:\\\/\\\/es.pinterest.com\\\/tapasmagazine\\\/\",\"https:\\\/\\\/www.youtube.com\\\/channel\\\/UCEyxneAaACuR0lfDagrWjjg?sub_confirmation=1\"]},{\"@type\":\"Person\",\"@id\":\"https:\\\/\\\/www.tapasmagazine.es\\\/#\\\/schema\\\/person\\\/dddb3bce6f98f2124c204b901d74a14b\",\"name\":\"Tapas \\\/ EP\",\"url\":\"https:\\\/\\\/www.tapasmagazine.es\\\/en\\\/author\\\/tapasep\\\/\"}]}<\/script>\n<!-- \/ Yoast SEO plugin. -->","yoast_head_json":{"title":"Econom\u00eda.-Buque Vizconde de Eza inicia la campa\u00f1a para el estudio de biomasa de especies demersales en el Golfo de C\u00e1diz - Tapas","description":"El buque de investigaci\u00f3n oceanogr\u00e1fica Vizconde de Eza, del Ministerio de Agricultura, Pesca y Alimentaci\u00f3n, ha comenzado este mi\u00e9rcoles la campa\u00f1a ARSA","robots":{"index":"index","follow":"follow","max-snippet":"max-snippet:-1","max-image-preview":"max-image-preview:large","max-video-preview":"max-video-preview:-1"},"canonical":"https:\/\/www.tapasmagazine.es\/en\/economia-buque-vizconde-de-eza-inicia-la-campana-para-el-estudio-de-biomasa-de-especies-demersales-en-el-golfo-de-cadiz\/","og_locale":"en_US","og_type":"article","og_title":"Econom\u00eda.-Buque Vizconde de Eza inicia la campa\u00f1a para el estudio de biomasa de especies demersales en el Golfo de C\u00e1diz - Tapas","og_description":"El buque de investigaci\u00f3n oceanogr\u00e1fica Vizconde de Eza, del Ministerio de Agricultura, Pesca y Alimentaci\u00f3n, ha comenzado este mi\u00e9rcoles la campa\u00f1a ARSA","og_url":"https:\/\/www.tapasmagazine.es\/en\/economia-buque-vizconde-de-eza-inicia-la-campana-para-el-estudio-de-biomasa-de-especies-demersales-en-el-golfo-de-cadiz\/","og_site_name":"Tapas","article_publisher":"https:\/\/www.facebook.com\/tapasmagazine","article_published_time":"2023-03-01T15:19:16+00:00","article_modified_time":"2023-03-01T15:42:38+00:00","og_image":[{"width":1920,"height":1076,"url":"https:\/\/www.tapasmagazine.es\/wp-content\/uploads\/2023\/03\/fotonoticia_20230301161916_9999.jpg","type":"image\/jpeg"}],"author":"Tapas \/ EP","twitter_card":"summary_large_image","twitter_creator":"@TapasMagazine","twitter_site":"@TapasMagazine","twitter_misc":{"Written by":"Tapas \/ EP","Est. reading time":"2 minutes"},"schema":{"@context":"https:\/\/schema.org","@graph":[{"@type":"Article","@id":"https:\/\/www.tapasmagazine.es\/en\/economia-buque-vizconde-de-eza-inicia-la-campana-para-el-estudio-de-biomasa-de-especies-demersales-en-el-golfo-de-cadiz\/#article","isPartOf":{"@id":"https:\/\/www.tapasmagazine.es\/en\/economia-buque-vizconde-de-eza-inicia-la-campana-para-el-estudio-de-biomasa-de-especies-demersales-en-el-golfo-de-cadiz\/"},"author":{"name":"Tapas \/ EP","@id":"https:\/\/www.tapasmagazine.es\/#\/schema\/person\/dddb3bce6f98f2124c204b901d74a14b"},"headline":"Econom\u00eda.-Buque Vizconde de Eza inicia la campa\u00f1a para el estudio de biomasa de especies demersales en el Golfo de C\u00e1diz","datePublished":"2023-03-01T15:19:16+00:00","dateModified":"2023-03-01T15:42:38+00:00","mainEntityOfPage":{"@id":"https:\/\/www.tapasmagazine.es\/en\/economia-buque-vizconde-de-eza-inicia-la-campana-para-el-estudio-de-biomasa-de-especies-demersales-en-el-golfo-de-cadiz\/"},"wordCount":410,"publisher":{"@id":"https:\/\/www.tapasmagazine.es\/#organization"},"image":{"@id":"https:\/\/www.tapasmagazine.es\/en\/economia-buque-vizconde-de-eza-inicia-la-campana-para-el-estudio-de-biomasa-de-especies-demersales-en-el-golfo-de-cadiz\/#primaryimage"},"thumbnailUrl":"https:\/\/www.tapasmagazine.es\/wp-content\/uploads\/2023\/03\/fotonoticia_20230301161916_9999.jpg","articleSection":["\u00daltima hora"],"inLanguage":"en-US"},{"@type":"WebPage","@id":"https:\/\/www.tapasmagazine.es\/en\/economia-buque-vizconde-de-eza-inicia-la-campana-para-el-estudio-de-biomasa-de-especies-demersales-en-el-golfo-de-cadiz\/","url":"https:\/\/www.tapasmagazine.es\/en\/economia-buque-vizconde-de-eza-inicia-la-campana-para-el-estudio-de-biomasa-de-especies-demersales-en-el-golfo-de-cadiz\/","name":"Econom\u00eda.-Buque Vizconde de Eza inicia la campa\u00f1a para el estudio de biomasa de especies demersales en el Golfo de C\u00e1diz - Tapas","isPartOf":{"@id":"https:\/\/www.tapasmagazine.es\/#website"},"primaryImageOfPage":{"@id":"https:\/\/www.tapasmagazine.es\/en\/economia-buque-vizconde-de-eza-inicia-la-campana-para-el-estudio-de-biomasa-de-especies-demersales-en-el-golfo-de-cadiz\/#primaryimage"},"image":{"@id":"https:\/\/www.tapasmagazine.es\/en\/economia-buque-vizconde-de-eza-inicia-la-campana-para-el-estudio-de-biomasa-de-especies-demersales-en-el-golfo-de-cadiz\/#primaryimage"},"thumbnailUrl":"https:\/\/www.tapasmagazine.es\/wp-content\/uploads\/2023\/03\/fotonoticia_20230301161916_9999.jpg","datePublished":"2023-03-01T15:19:16+00:00","dateModified":"2023-03-01T15:42:38+00:00","description":"El buque de investigaci\u00f3n oceanogr\u00e1fica Vizconde de Eza, del Ministerio de Agricultura, Pesca y Alimentaci\u00f3n, ha comenzado este mi\u00e9rcoles la campa\u00f1a ARSA","breadcrumb":{"@id":"https:\/\/www.tapasmagazine.es\/en\/economia-buque-vizconde-de-eza-inicia-la-campana-para-el-estudio-de-biomasa-de-especies-demersales-en-el-golfo-de-cadiz\/#breadcrumb"},"inLanguage":"en-US","potentialAction":[{"@type":"ReadAction","target":["https:\/\/www.tapasmagazine.es\/en\/economia-buque-vizconde-de-eza-inicia-la-campana-para-el-estudio-de-biomasa-de-especies-demersales-en-el-golfo-de-cadiz\/"]}]},{"@type":"ImageObject","inLanguage":"en-US","@id":"https:\/\/www.tapasmagazine.es\/en\/economia-buque-vizconde-de-eza-inicia-la-campana-para-el-estudio-de-biomasa-de-especies-demersales-en-el-golfo-de-cadiz\/#primaryimage","url":"https:\/\/www.tapasmagazine.es\/wp-content\/uploads\/2023\/03\/fotonoticia_20230301161916_9999.jpg","contentUrl":"https:\/\/www.tapasmagazine.es\/wp-content\/uploads\/2023\/03\/fotonoticia_20230301161916_9999.jpg","width":1920,"height":1076},{"@type":"BreadcrumbList","@id":"https:\/\/www.tapasmagazine.es\/en\/economia-buque-vizconde-de-eza-inicia-la-campana-para-el-estudio-de-biomasa-de-especies-demersales-en-el-golfo-de-cadiz\/#breadcrumb","itemListElement":[{"@type":"ListItem","position":1,"name":"Portada","item":"https:\/\/www.tapasmagazine.es\/"},{"@type":"ListItem","position":2,"name":"Sin categorizar","item":"https:\/\/www.tapasmagazine.es\/categorias\/sin-categorizar-2\/"},{"@type":"ListItem","position":3,"name":"Econom\u00eda.-Buque Vizconde de Eza inicia la campa\u00f1a para el estudio de biomasa de especies demersales en el Golfo de C\u00e1diz"}]},{"@type":"WebSite","@id":"https:\/\/www.tapasmagazine.es\/#website","url":"https:\/\/www.tapasmagazine.es\/","name":"Tapas","description":"\u00d1am \u00d1am Lifestyle. La vida a bocados. Premio Nacional de Gastronom\u00eda 2016.","publisher":{"@id":"https:\/\/www.tapasmagazine.es\/#organization"},"potentialAction":[{"@type":"SearchAction","target":{"@type":"EntryPoint","urlTemplate":"https:\/\/www.tapasmagazine.es\/?s={search_term_string}"},"query-input":{"@type":"PropertyValueSpecification","valueRequired":true,"valueName":"search_term_string"}}],"inLanguage":"en-US"},{"@type":"Organization","@id":"https:\/\/www.tapasmagazine.es\/#organization","name":"Tapas Magazine","url":"https:\/\/www.tapasmagazine.es\/","logo":{"@type":"ImageObject","inLanguage":"en-US","@id":"https:\/\/www.tapasmagazine.es\/#\/schema\/logo\/image\/","url":"https:\/\/www.tapasmagazine.es\/wp-content\/uploads\/2018\/01\/logo.png","contentUrl":"https:\/\/www.tapasmagazine.es\/wp-content\/uploads\/2018\/01\/logo.png","width":180,"height":60,"caption":"Tapas Magazine"},"image":{"@id":"https:\/\/www.tapasmagazine.es\/#\/schema\/logo\/image\/"},"sameAs":["https:\/\/www.facebook.com\/tapasmagazine","https:\/\/x.com\/TapasMagazine","https:\/\/www.instagram.com\/tapasmagazine\/","https:\/\/www.linkedin.com\/company\/tapas-magazine","https:\/\/es.pinterest.com\/tapasmagazine\/","https:\/\/www.youtube.com\/channel\/UCEyxneAaACuR0lfDagrWjjg?sub_confirmation=1"]},{"@type":"Person","@id":"https:\/\/www.tapasmagazine.es\/#\/schema\/person\/dddb3bce6f98f2124c204b901d74a14b","name":"Tapas \/ EP","url":"https:\/\/www.tapasmagazine.es\/en\/author\/tapasep\/"}]}},"_links":{"self":[{"href":"https:\/\/www.tapasmagazine.es\/en\/wp-json\/wp\/v2\/posts\/176957","targetHints":{"allow":["GET"]}}],"collection":[{"href":"https:\/\/www.tapasmagazine.es\/en\/wp-json\/wp\/v2\/posts"}],"about":[{"href":"https:\/\/www.tapasmagazine.es\/en\/wp-json\/wp\/v2\/types\/post"}],"author":[{"embeddable":true,"href":"https:\/\/www.tapasmagazine.es\/en\/wp-json\/wp\/v2\/users\/277"}],"replies":[{"embeddable":true,"href":"https:\/\/www.tapasmagazine.es\/en\/wp-json\/wp\/v2\/comments?post=176957"}],"version-history":[{"count":1,"href":"https:\/\/www.tapasmagazine.es\/en\/wp-json\/wp\/v2\/posts\/176957\/revisions"}],"predecessor-version":[{"id":176958,"href":"https:\/\/www.tapasmagazine.es\/en\/wp-json\/wp\/v2\/posts\/176957\/revisions\/176958"}],"wp:featuredmedia":[{"embeddable":true,"href":"https:\/\/www.tapasmagazine.es\/en\/wp-json\/wp\/v2\/media\/176959"}],"wp:attachment":[{"href":"https:\/\/www.tapasmagazine.es\/en\/wp-json\/wp\/v2\/media?parent=176957"}],"wp:term":[{"taxonomy":"category","embeddable":true,"href":"https:\/\/www.tapasmagazine.es\/en\/wp-json\/wp\/v2\/categories?post=176957"},{"taxonomy":"post_tag","embeddable":true,"href":"https:\/\/www.tapasmagazine.es\/en\/wp-json\/wp\/v2\/tags?post=176957"}],"curies":[{"name":"wp","href":"https:\/\/api.w.org\/{rel}","templated":true}]}}