{"id":176953,"date":"2023-03-01T14:29:53","date_gmt":"2023-03-01T13:29:53","guid":{"rendered":"https:\/\/www.tapasmagazine.es\/?p=176953"},"modified":"2023-03-01T14:41:59","modified_gmt":"2023-03-01T13:41:59","slug":"economia-la-evaluacion-del-plan-estrategico-de-la-nueva-pac-estara-lista-antes-del-1-de-septiembre","status":"publish","type":"post","link":"https:\/\/www.tapasmagazine.es\/en\/economia-la-evaluacion-del-plan-estrategico-de-la-nueva-pac-estara-lista-antes-del-1-de-septiembre\/","title":{"rendered":"Econom\u00eda.- La evaluaci\u00f3n del plan estrat\u00e9gico de la nueva PAC estar\u00e1 lista antes del 1 de septiembre"},"content":{"rendered":"<p>El ministro de Agricultura, Pesca y Alimentaci\u00f3n, Luis Planas, ha considerado prioritario que las actuaciones y los objetivos que marca el Plan Estrat\u00e9gico de la Pol\u00edtica Agraria Com\u00fan (PAC) sean analizados y evaluados con indicadores dise\u00f1ados con criterios cient\u00edficos, al tiempo que ha avanzado que estar\u00e1 listo antes del pr\u00f3ximo 1 de septiembre el Plan de Evaluaci\u00f3n del Plan Estrat\u00e9gico de la PAC (PEPAC).<\/p>\n<p>   En concreto, as\u00ed lo ha manifestado durante la inauguraci\u00f3n de la jornada de presentaci\u00f3n del convenio entre su departamento y el Consejo Superior de Investigaciones Cient\u00edficas (CSIC), suscrito en noviembre y que, con un presupuesto de 1,8 millones de euros -que ser\u00e1n aportados al 50% por ambos organismos-, se extender\u00e1 hasta 2025.<\/p>\n<p>   En \u00e9l se enmarca, entre otras actuaciones, la puesta en marcha de la plataforma de tem\u00e1tica interdisciplinar PTI-Agriambio, en la que participan expertos de diferentes centros de investigaci\u00f3n y de organismos adscritos al propio CSIC.<\/p>\n<p>   Al frente de esta plataforma estar\u00e1n Mario D\u00edaz (MNCN), que coordinar\u00e1 los trabajos, Tom\u00e1s Garc\u00eda Azc\u00e1rate (IEGD-CSIC) y Jos\u00e9 Luis Gabriel (INIA), investigadores de gran prestigio, ha resaltado el ministro, a los que ha agradecido su participaci\u00f3n en el proyecto.<\/p>\n<p>   Planas ha reconocido que la \u00faltima reforma de la PAC ha sido una de las &#8220;m\u00e1s significativas&#8221; en sus m\u00e1s de 60 a\u00f1os de historia, con cambios importantes tanto para los Estados miembros como para los receptores de ayudas, y con novedades importantes como los ecorreg\u00edmenes, que demuestran que la ambici\u00f3n medioambiental y clim\u00e1tica est\u00e1 al alcance de todos los agricultores y ganaderos.<\/p>\n<p>   Tras la entrada en vigor de la nueva PAC el pasado 1 de enero, ha considerado que ahora es &#8220;m\u00e1s que necesario&#8221; un asesoramiento cient\u00edfico de excelencia como el del CSIC, que permitir\u00e1 medir el impacto de la implementaci\u00f3n del Plan Estrat\u00e9gico (PEPAC).<\/p>\n<p>   En este sentido, ha detallado que la estrecha colaboraci\u00f3n entre la Secretar\u00eda General de Agricultura y Alimentaci\u00f3n del ministerio -en calidad de Autoridad de Gesti\u00f3n del Plan Estrat\u00e9gico- y el CSIC permitir\u00e1 un intercambio de informaci\u00f3n y la propuesta de medidas sobre la base del conocimiento.<\/p>\n<p>   Adem\u00e1s, ha se\u00f1alado que ser\u00e1 muy \u00fatil para evaluar y documentar adecuadamente los beneficios que se esperan de la aplicaci\u00f3n de la PAC 2023-2027 en la agricultura y ganader\u00eda espa\u00f1ola, as\u00ed como para dise\u00f1ar futuras modificaciones del Plan Estrat\u00e9gico si son necesarias.<\/p>\n<p>   De esta forma, Planas ha confirmado que su Departamento tendr\u00e1 listo antes del pr\u00f3ximo 1 de septiembre el Plan de Evaluaci\u00f3n del PEPAC, que abarca las fases de planificaci\u00f3n, ejecuci\u00f3n y posterior de ejecuci\u00f3n.<\/p>\n<p>   Por ahora, el \u00faltimo borrador del plan se plantea por bloques de objetivos espec\u00edficos: el econ\u00f3mico, el medioambiental y clim\u00e1tico, el rural, el del consumidor y el objetivo transversal. En \u00e9l tambi\u00e9n se tiene en cuenta aspectos como la simplificaci\u00f3n administrativa, el relevo generacional o la igualdad de g\u00e9nero.<\/p>\n<p>   El convenio con el CSIC tambi\u00e9n prev\u00e9 la planificaci\u00f3n de muestreos, la validaci\u00f3n de la recogida de datos, el dise\u00f1o de indicadores ambientales o actividades de comunicaci\u00f3n y formaci\u00f3n.<\/p>\n","protected":false},"excerpt":{"rendered":"<p>El ministro de Agricultura, Pesca y Alimentaci\u00f3n, Luis Planas, ha considerado prioritario que las actuaciones y los objetivos que marca el Plan Estrat\u00e9gico de la Pol\u00edtica Agraria Com\u00fan (PAC) sean analizados y evaluados con indicadores dise\u00f1ados con criterios cient\u00edficos, al tiempo que ha avanzado que estar\u00e1 listo antes del pr\u00f3ximo 1 de septiembre el Plan [&hellip;]<\/p>\n","protected":false},"author":277,"featured_media":176955,"comment_status":"close","ping_status":"","sticky":false,"template":"single-feature.php","format":"standard","meta":{"_acf_changed":false,"footnotes":""},"categories":[15645],"tags":[],"class_list":["post-176953","post","type-post","status-publish","format-standard","has-post-thumbnail","hentry","category-ultima-hora","cat-15645-id"],"acf":[],"yoast_head":"<!-- This site is optimized with the Yoast SEO plugin v27.4 - https:\/\/yoast.com\/product\/yoast-seo-wordpress\/ -->\n<title>Econom\u00eda.- La evaluaci\u00f3n del plan estrat\u00e9gico de la nueva PAC estar\u00e1 lista antes del 1 de septiembre - Tapas<\/title>\n<meta name=\"description\" content=\"El ministro de Agricultura, Pesca y Alimentaci\u00f3n, Luis Planas, ha considerado prioritario que las actuaciones y los objetivos que marca el Plan\" \/>\n<meta name=\"robots\" content=\"index, follow, max-snippet:-1, max-image-preview:large, max-video-preview:-1\" \/>\n<link rel=\"canonical\" href=\"https:\/\/www.tapasmagazine.es\/en\/economia-la-evaluacion-del-plan-estrategico-de-la-nueva-pac-estara-lista-antes-del-1-de-septiembre\/\" \/>\n<meta property=\"og:locale\" content=\"en_US\" \/>\n<meta property=\"og:type\" content=\"article\" \/>\n<meta property=\"og:title\" content=\"Econom\u00eda.- La evaluaci\u00f3n del plan estrat\u00e9gico de la nueva PAC estar\u00e1 lista antes del 1 de septiembre - Tapas\" \/>\n<meta property=\"og:description\" content=\"El ministro de Agricultura, Pesca y Alimentaci\u00f3n, Luis Planas, ha considerado prioritario que las actuaciones y los objetivos que marca el Plan\" \/>\n<meta property=\"og:url\" content=\"https:\/\/www.tapasmagazine.es\/en\/economia-la-evaluacion-del-plan-estrategico-de-la-nueva-pac-estara-lista-antes-del-1-de-septiembre\/\" \/>\n<meta property=\"og:site_name\" content=\"Tapas\" \/>\n<meta property=\"article:publisher\" content=\"https:\/\/www.facebook.com\/tapasmagazine\" \/>\n<meta property=\"article:published_time\" content=\"2023-03-01T13:29:53+00:00\" \/>\n<meta property=\"article:modified_time\" content=\"2023-03-01T13:41:59+00:00\" \/>\n<meta property=\"og:image\" content=\"https:\/\/www.tapasmagazine.es\/wp-content\/uploads\/2023\/03\/fotonoticia_20230301142953_9999-scaled.jpg\" \/>\n\t<meta property=\"og:image:width\" content=\"2560\" \/>\n\t<meta property=\"og:image:height\" content=\"1789\" \/>\n\t<meta property=\"og:image:type\" content=\"image\/jpeg\" \/>\n<meta name=\"author\" content=\"Tapas \/ EP\" \/>\n<meta name=\"twitter:card\" content=\"summary_large_image\" \/>\n<meta name=\"twitter:creator\" content=\"@TapasMagazine\" \/>\n<meta name=\"twitter:site\" content=\"@TapasMagazine\" \/>\n<meta name=\"twitter:label1\" content=\"Written by\" \/>\n\t<meta name=\"twitter:data1\" content=\"Tapas \/ EP\" \/>\n\t<meta name=\"twitter:label2\" content=\"Est. reading time\" \/>\n\t<meta name=\"twitter:data2\" content=\"3 minutes\" \/>\n<script type=\"application\/ld+json\" class=\"yoast-schema-graph\">{\"@context\":\"https:\\\/\\\/schema.org\",\"@graph\":[{\"@type\":\"Article\",\"@id\":\"https:\\\/\\\/www.tapasmagazine.es\\\/en\\\/economia-la-evaluacion-del-plan-estrategico-de-la-nueva-pac-estara-lista-antes-del-1-de-septiembre\\\/#article\",\"isPartOf\":{\"@id\":\"https:\\\/\\\/www.tapasmagazine.es\\\/en\\\/economia-la-evaluacion-del-plan-estrategico-de-la-nueva-pac-estara-lista-antes-del-1-de-septiembre\\\/\"},\"author\":{\"name\":\"Tapas \\\/ EP\",\"@id\":\"https:\\\/\\\/www.tapasmagazine.es\\\/#\\\/schema\\\/person\\\/dddb3bce6f98f2124c204b901d74a14b\"},\"headline\":\"Econom\u00eda.- La evaluaci\u00f3n del plan estrat\u00e9gico de la nueva PAC estar\u00e1 lista antes del 1 de septiembre\",\"datePublished\":\"2023-03-01T13:29:53+00:00\",\"dateModified\":\"2023-03-01T13:41:59+00:00\",\"mainEntityOfPage\":{\"@id\":\"https:\\\/\\\/www.tapasmagazine.es\\\/en\\\/economia-la-evaluacion-del-plan-estrategico-de-la-nueva-pac-estara-lista-antes-del-1-de-septiembre\\\/\"},\"wordCount\":571,\"publisher\":{\"@id\":\"https:\\\/\\\/www.tapasmagazine.es\\\/#organization\"},\"image\":{\"@id\":\"https:\\\/\\\/www.tapasmagazine.es\\\/en\\\/economia-la-evaluacion-del-plan-estrategico-de-la-nueva-pac-estara-lista-antes-del-1-de-septiembre\\\/#primaryimage\"},\"thumbnailUrl\":\"https:\\\/\\\/www.tapasmagazine.es\\\/wp-content\\\/uploads\\\/2023\\\/03\\\/fotonoticia_20230301142953_9999-scaled.jpg\",\"articleSection\":[\"\u00daltima hora\"],\"inLanguage\":\"en-US\"},{\"@type\":\"WebPage\",\"@id\":\"https:\\\/\\\/www.tapasmagazine.es\\\/en\\\/economia-la-evaluacion-del-plan-estrategico-de-la-nueva-pac-estara-lista-antes-del-1-de-septiembre\\\/\",\"url\":\"https:\\\/\\\/www.tapasmagazine.es\\\/en\\\/economia-la-evaluacion-del-plan-estrategico-de-la-nueva-pac-estara-lista-antes-del-1-de-septiembre\\\/\",\"name\":\"Econom\u00eda.- La evaluaci\u00f3n del plan estrat\u00e9gico de la nueva PAC estar\u00e1 lista antes del 1 de septiembre - Tapas\",\"isPartOf\":{\"@id\":\"https:\\\/\\\/www.tapasmagazine.es\\\/#website\"},\"primaryImageOfPage\":{\"@id\":\"https:\\\/\\\/www.tapasmagazine.es\\\/en\\\/economia-la-evaluacion-del-plan-estrategico-de-la-nueva-pac-estara-lista-antes-del-1-de-septiembre\\\/#primaryimage\"},\"image\":{\"@id\":\"https:\\\/\\\/www.tapasmagazine.es\\\/en\\\/economia-la-evaluacion-del-plan-estrategico-de-la-nueva-pac-estara-lista-antes-del-1-de-septiembre\\\/#primaryimage\"},\"thumbnailUrl\":\"https:\\\/\\\/www.tapasmagazine.es\\\/wp-content\\\/uploads\\\/2023\\\/03\\\/fotonoticia_20230301142953_9999-scaled.jpg\",\"datePublished\":\"2023-03-01T13:29:53+00:00\",\"dateModified\":\"2023-03-01T13:41:59+00:00\",\"description\":\"El ministro de Agricultura, Pesca y Alimentaci\u00f3n, Luis Planas, ha considerado prioritario que las actuaciones y los objetivos que marca el Plan\",\"breadcrumb\":{\"@id\":\"https:\\\/\\\/www.tapasmagazine.es\\\/en\\\/economia-la-evaluacion-del-plan-estrategico-de-la-nueva-pac-estara-lista-antes-del-1-de-septiembre\\\/#breadcrumb\"},\"inLanguage\":\"en-US\",\"potentialAction\":[{\"@type\":\"ReadAction\",\"target\":[\"https:\\\/\\\/www.tapasmagazine.es\\\/en\\\/economia-la-evaluacion-del-plan-estrategico-de-la-nueva-pac-estara-lista-antes-del-1-de-septiembre\\\/\"]}]},{\"@type\":\"ImageObject\",\"inLanguage\":\"en-US\",\"@id\":\"https:\\\/\\\/www.tapasmagazine.es\\\/en\\\/economia-la-evaluacion-del-plan-estrategico-de-la-nueva-pac-estara-lista-antes-del-1-de-septiembre\\\/#primaryimage\",\"url\":\"https:\\\/\\\/www.tapasmagazine.es\\\/wp-content\\\/uploads\\\/2023\\\/03\\\/fotonoticia_20230301142953_9999-scaled.jpg\",\"contentUrl\":\"https:\\\/\\\/www.tapasmagazine.es\\\/wp-content\\\/uploads\\\/2023\\\/03\\\/fotonoticia_20230301142953_9999-scaled.jpg\",\"width\":2560,\"height\":1789},{\"@type\":\"BreadcrumbList\",\"@id\":\"https:\\\/\\\/www.tapasmagazine.es\\\/en\\\/economia-la-evaluacion-del-plan-estrategico-de-la-nueva-pac-estara-lista-antes-del-1-de-septiembre\\\/#breadcrumb\",\"itemListElement\":[{\"@type\":\"ListItem\",\"position\":1,\"name\":\"Portada\",\"item\":\"https:\\\/\\\/www.tapasmagazine.es\\\/\"},{\"@type\":\"ListItem\",\"position\":2,\"name\":\"Sin categorizar\",\"item\":\"https:\\\/\\\/www.tapasmagazine.es\\\/categorias\\\/sin-categorizar-2\\\/\"},{\"@type\":\"ListItem\",\"position\":3,\"name\":\"Econom\u00eda.- La evaluaci\u00f3n del plan estrat\u00e9gico de la nueva PAC estar\u00e1 lista antes del 1 de septiembre\"}]},{\"@type\":\"WebSite\",\"@id\":\"https:\\\/\\\/www.tapasmagazine.es\\\/#website\",\"url\":\"https:\\\/\\\/www.tapasmagazine.es\\\/\",\"name\":\"Tapas\",\"description\":\"\u00d1am \u00d1am Lifestyle. La vida a bocados. Premio Nacional de Gastronom\u00eda 2016.\",\"publisher\":{\"@id\":\"https:\\\/\\\/www.tapasmagazine.es\\\/#organization\"},\"potentialAction\":[{\"@type\":\"SearchAction\",\"target\":{\"@type\":\"EntryPoint\",\"urlTemplate\":\"https:\\\/\\\/www.tapasmagazine.es\\\/?s={search_term_string}\"},\"query-input\":{\"@type\":\"PropertyValueSpecification\",\"valueRequired\":true,\"valueName\":\"search_term_string\"}}],\"inLanguage\":\"en-US\"},{\"@type\":\"Organization\",\"@id\":\"https:\\\/\\\/www.tapasmagazine.es\\\/#organization\",\"name\":\"Tapas Magazine\",\"url\":\"https:\\\/\\\/www.tapasmagazine.es\\\/\",\"logo\":{\"@type\":\"ImageObject\",\"inLanguage\":\"en-US\",\"@id\":\"https:\\\/\\\/www.tapasmagazine.es\\\/#\\\/schema\\\/logo\\\/image\\\/\",\"url\":\"https:\\\/\\\/www.tapasmagazine.es\\\/wp-content\\\/uploads\\\/2018\\\/01\\\/logo.png\",\"contentUrl\":\"https:\\\/\\\/www.tapasmagazine.es\\\/wp-content\\\/uploads\\\/2018\\\/01\\\/logo.png\",\"width\":180,\"height\":60,\"caption\":\"Tapas Magazine\"},\"image\":{\"@id\":\"https:\\\/\\\/www.tapasmagazine.es\\\/#\\\/schema\\\/logo\\\/image\\\/\"},\"sameAs\":[\"https:\\\/\\\/www.facebook.com\\\/tapasmagazine\",\"https:\\\/\\\/x.com\\\/TapasMagazine\",\"https:\\\/\\\/www.instagram.com\\\/tapasmagazine\\\/\",\"https:\\\/\\\/www.linkedin.com\\\/company\\\/tapas-magazine\",\"https:\\\/\\\/es.pinterest.com\\\/tapasmagazine\\\/\",\"https:\\\/\\\/www.youtube.com\\\/channel\\\/UCEyxneAaACuR0lfDagrWjjg?sub_confirmation=1\"]},{\"@type\":\"Person\",\"@id\":\"https:\\\/\\\/www.tapasmagazine.es\\\/#\\\/schema\\\/person\\\/dddb3bce6f98f2124c204b901d74a14b\",\"name\":\"Tapas \\\/ EP\",\"url\":\"https:\\\/\\\/www.tapasmagazine.es\\\/en\\\/author\\\/tapasep\\\/\"}]}<\/script>\n<!-- \/ Yoast SEO plugin. -->","yoast_head_json":{"title":"Econom\u00eda.- La evaluaci\u00f3n del plan estrat\u00e9gico de la nueva PAC estar\u00e1 lista antes del 1 de septiembre - Tapas","description":"El ministro de Agricultura, Pesca y Alimentaci\u00f3n, Luis Planas, ha considerado prioritario que las actuaciones y los objetivos que marca el Plan","robots":{"index":"index","follow":"follow","max-snippet":"max-snippet:-1","max-image-preview":"max-image-preview:large","max-video-preview":"max-video-preview:-1"},"canonical":"https:\/\/www.tapasmagazine.es\/en\/economia-la-evaluacion-del-plan-estrategico-de-la-nueva-pac-estara-lista-antes-del-1-de-septiembre\/","og_locale":"en_US","og_type":"article","og_title":"Econom\u00eda.- La evaluaci\u00f3n del plan estrat\u00e9gico de la nueva PAC estar\u00e1 lista antes del 1 de septiembre - Tapas","og_description":"El ministro de Agricultura, Pesca y Alimentaci\u00f3n, Luis Planas, ha considerado prioritario que las actuaciones y los objetivos que marca el Plan","og_url":"https:\/\/www.tapasmagazine.es\/en\/economia-la-evaluacion-del-plan-estrategico-de-la-nueva-pac-estara-lista-antes-del-1-de-septiembre\/","og_site_name":"Tapas","article_publisher":"https:\/\/www.facebook.com\/tapasmagazine","article_published_time":"2023-03-01T13:29:53+00:00","article_modified_time":"2023-03-01T13:41:59+00:00","og_image":[{"width":2560,"height":1789,"url":"https:\/\/www.tapasmagazine.es\/wp-content\/uploads\/2023\/03\/fotonoticia_20230301142953_9999-scaled.jpg","type":"image\/jpeg"}],"author":"Tapas \/ EP","twitter_card":"summary_large_image","twitter_creator":"@TapasMagazine","twitter_site":"@TapasMagazine","twitter_misc":{"Written by":"Tapas \/ EP","Est. reading time":"3 minutes"},"schema":{"@context":"https:\/\/schema.org","@graph":[{"@type":"Article","@id":"https:\/\/www.tapasmagazine.es\/en\/economia-la-evaluacion-del-plan-estrategico-de-la-nueva-pac-estara-lista-antes-del-1-de-septiembre\/#article","isPartOf":{"@id":"https:\/\/www.tapasmagazine.es\/en\/economia-la-evaluacion-del-plan-estrategico-de-la-nueva-pac-estara-lista-antes-del-1-de-septiembre\/"},"author":{"name":"Tapas \/ EP","@id":"https:\/\/www.tapasmagazine.es\/#\/schema\/person\/dddb3bce6f98f2124c204b901d74a14b"},"headline":"Econom\u00eda.- La evaluaci\u00f3n del plan estrat\u00e9gico de la nueva PAC estar\u00e1 lista antes del 1 de septiembre","datePublished":"2023-03-01T13:29:53+00:00","dateModified":"2023-03-01T13:41:59+00:00","mainEntityOfPage":{"@id":"https:\/\/www.tapasmagazine.es\/en\/economia-la-evaluacion-del-plan-estrategico-de-la-nueva-pac-estara-lista-antes-del-1-de-septiembre\/"},"wordCount":571,"publisher":{"@id":"https:\/\/www.tapasmagazine.es\/#organization"},"image":{"@id":"https:\/\/www.tapasmagazine.es\/en\/economia-la-evaluacion-del-plan-estrategico-de-la-nueva-pac-estara-lista-antes-del-1-de-septiembre\/#primaryimage"},"thumbnailUrl":"https:\/\/www.tapasmagazine.es\/wp-content\/uploads\/2023\/03\/fotonoticia_20230301142953_9999-scaled.jpg","articleSection":["\u00daltima hora"],"inLanguage":"en-US"},{"@type":"WebPage","@id":"https:\/\/www.tapasmagazine.es\/en\/economia-la-evaluacion-del-plan-estrategico-de-la-nueva-pac-estara-lista-antes-del-1-de-septiembre\/","url":"https:\/\/www.tapasmagazine.es\/en\/economia-la-evaluacion-del-plan-estrategico-de-la-nueva-pac-estara-lista-antes-del-1-de-septiembre\/","name":"Econom\u00eda.- La evaluaci\u00f3n del plan estrat\u00e9gico de la nueva PAC estar\u00e1 lista antes del 1 de septiembre - Tapas","isPartOf":{"@id":"https:\/\/www.tapasmagazine.es\/#website"},"primaryImageOfPage":{"@id":"https:\/\/www.tapasmagazine.es\/en\/economia-la-evaluacion-del-plan-estrategico-de-la-nueva-pac-estara-lista-antes-del-1-de-septiembre\/#primaryimage"},"image":{"@id":"https:\/\/www.tapasmagazine.es\/en\/economia-la-evaluacion-del-plan-estrategico-de-la-nueva-pac-estara-lista-antes-del-1-de-septiembre\/#primaryimage"},"thumbnailUrl":"https:\/\/www.tapasmagazine.es\/wp-content\/uploads\/2023\/03\/fotonoticia_20230301142953_9999-scaled.jpg","datePublished":"2023-03-01T13:29:53+00:00","dateModified":"2023-03-01T13:41:59+00:00","description":"El ministro de Agricultura, Pesca y Alimentaci\u00f3n, Luis Planas, ha considerado prioritario que las actuaciones y los objetivos que marca el Plan","breadcrumb":{"@id":"https:\/\/www.tapasmagazine.es\/en\/economia-la-evaluacion-del-plan-estrategico-de-la-nueva-pac-estara-lista-antes-del-1-de-septiembre\/#breadcrumb"},"inLanguage":"en-US","potentialAction":[{"@type":"ReadAction","target":["https:\/\/www.tapasmagazine.es\/en\/economia-la-evaluacion-del-plan-estrategico-de-la-nueva-pac-estara-lista-antes-del-1-de-septiembre\/"]}]},{"@type":"ImageObject","inLanguage":"en-US","@id":"https:\/\/www.tapasmagazine.es\/en\/economia-la-evaluacion-del-plan-estrategico-de-la-nueva-pac-estara-lista-antes-del-1-de-septiembre\/#primaryimage","url":"https:\/\/www.tapasmagazine.es\/wp-content\/uploads\/2023\/03\/fotonoticia_20230301142953_9999-scaled.jpg","contentUrl":"https:\/\/www.tapasmagazine.es\/wp-content\/uploads\/2023\/03\/fotonoticia_20230301142953_9999-scaled.jpg","width":2560,"height":1789},{"@type":"BreadcrumbList","@id":"https:\/\/www.tapasmagazine.es\/en\/economia-la-evaluacion-del-plan-estrategico-de-la-nueva-pac-estara-lista-antes-del-1-de-septiembre\/#breadcrumb","itemListElement":[{"@type":"ListItem","position":1,"name":"Portada","item":"https:\/\/www.tapasmagazine.es\/"},{"@type":"ListItem","position":2,"name":"Sin categorizar","item":"https:\/\/www.tapasmagazine.es\/categorias\/sin-categorizar-2\/"},{"@type":"ListItem","position":3,"name":"Econom\u00eda.- La evaluaci\u00f3n del plan estrat\u00e9gico de la nueva PAC estar\u00e1 lista antes del 1 de septiembre"}]},{"@type":"WebSite","@id":"https:\/\/www.tapasmagazine.es\/#website","url":"https:\/\/www.tapasmagazine.es\/","name":"Tapas","description":"\u00d1am \u00d1am Lifestyle. La vida a bocados. Premio Nacional de Gastronom\u00eda 2016.","publisher":{"@id":"https:\/\/www.tapasmagazine.es\/#organization"},"potentialAction":[{"@type":"SearchAction","target":{"@type":"EntryPoint","urlTemplate":"https:\/\/www.tapasmagazine.es\/?s={search_term_string}"},"query-input":{"@type":"PropertyValueSpecification","valueRequired":true,"valueName":"search_term_string"}}],"inLanguage":"en-US"},{"@type":"Organization","@id":"https:\/\/www.tapasmagazine.es\/#organization","name":"Tapas Magazine","url":"https:\/\/www.tapasmagazine.es\/","logo":{"@type":"ImageObject","inLanguage":"en-US","@id":"https:\/\/www.tapasmagazine.es\/#\/schema\/logo\/image\/","url":"https:\/\/www.tapasmagazine.es\/wp-content\/uploads\/2018\/01\/logo.png","contentUrl":"https:\/\/www.tapasmagazine.es\/wp-content\/uploads\/2018\/01\/logo.png","width":180,"height":60,"caption":"Tapas Magazine"},"image":{"@id":"https:\/\/www.tapasmagazine.es\/#\/schema\/logo\/image\/"},"sameAs":["https:\/\/www.facebook.com\/tapasmagazine","https:\/\/x.com\/TapasMagazine","https:\/\/www.instagram.com\/tapasmagazine\/","https:\/\/www.linkedin.com\/company\/tapas-magazine","https:\/\/es.pinterest.com\/tapasmagazine\/","https:\/\/www.youtube.com\/channel\/UCEyxneAaACuR0lfDagrWjjg?sub_confirmation=1"]},{"@type":"Person","@id":"https:\/\/www.tapasmagazine.es\/#\/schema\/person\/dddb3bce6f98f2124c204b901d74a14b","name":"Tapas \/ EP","url":"https:\/\/www.tapasmagazine.es\/en\/author\/tapasep\/"}]}},"_links":{"self":[{"href":"https:\/\/www.tapasmagazine.es\/en\/wp-json\/wp\/v2\/posts\/176953","targetHints":{"allow":["GET"]}}],"collection":[{"href":"https:\/\/www.tapasmagazine.es\/en\/wp-json\/wp\/v2\/posts"}],"about":[{"href":"https:\/\/www.tapasmagazine.es\/en\/wp-json\/wp\/v2\/types\/post"}],"author":[{"embeddable":true,"href":"https:\/\/www.tapasmagazine.es\/en\/wp-json\/wp\/v2\/users\/277"}],"replies":[{"embeddable":true,"href":"https:\/\/www.tapasmagazine.es\/en\/wp-json\/wp\/v2\/comments?post=176953"}],"version-history":[{"count":1,"href":"https:\/\/www.tapasmagazine.es\/en\/wp-json\/wp\/v2\/posts\/176953\/revisions"}],"predecessor-version":[{"id":176954,"href":"https:\/\/www.tapasmagazine.es\/en\/wp-json\/wp\/v2\/posts\/176953\/revisions\/176954"}],"wp:featuredmedia":[{"embeddable":true,"href":"https:\/\/www.tapasmagazine.es\/en\/wp-json\/wp\/v2\/media\/176955"}],"wp:attachment":[{"href":"https:\/\/www.tapasmagazine.es\/en\/wp-json\/wp\/v2\/media?parent=176953"}],"wp:term":[{"taxonomy":"category","embeddable":true,"href":"https:\/\/www.tapasmagazine.es\/en\/wp-json\/wp\/v2\/categories?post=176953"},{"taxonomy":"post_tag","embeddable":true,"href":"https:\/\/www.tapasmagazine.es\/en\/wp-json\/wp\/v2\/tags?post=176953"}],"curies":[{"name":"wp","href":"https:\/\/api.w.org\/{rel}","templated":true}]}}