{"id":176888,"date":"2023-03-01T13:32:34","date_gmt":"2023-03-01T12:32:34","guid":{"rendered":"https:\/\/www.tapasmagazine.es\/?p=176888"},"modified":"2023-03-01T13:42:34","modified_gmt":"2023-03-01T12:42:34","slug":"economia-flota-atunera-acude-a-la-conferencia-our-ocean-con-todas-su-capturas-certificadas-como-de-origen-responsable","status":"publish","type":"post","link":"https:\/\/www.tapasmagazine.es\/en\/economia-flota-atunera-acude-a-la-conferencia-our-ocean-con-todas-su-capturas-certificadas-como-de-origen-responsable\/","title":{"rendered":"Econom\u00eda.- Flota atunera acude a la conferencia Our Ocean con todas su capturas certificadas como de origen responsable"},"content":{"rendered":"<p>La flota atunera espa\u00f1ola acude a la Conferencia Our Ocean, que se celebra ma\u00f1ana y el viernes en Panam\u00e1, con el 100% de sus capturas certificadas con el sello At\u00fan de Pesca Responsable (APR), que garantiza su origen responsable con el medio ambiente y socialmente sostenible, cumpliendo as\u00ed el objetivo que se marc\u00f3 en este foro hace seis a\u00f1os, seg\u00fan informa en un comunicado.<\/p>\n<p>   En Panam\u00e1, la flota, agrupada en la Organizaci\u00f3n de Productores Asociados de Grandes Atuneros Congeladores (Opagac) y representada por su director gerente, Julio Mor\u00f3n, reafirmar\u00e1 su compromiso con la sostenibilidad integral de la pesquer\u00eda de at\u00fan tropical, en el que trabaja desde el 2010.<\/p>\n<p>   De esta forma, se comprometer\u00e1 a seguir avanzando en la  internacionalizaci\u00f3n del est\u00e1ndar APR, impulsado voluntariamente por la flota, as\u00ed como en la ampliaci\u00f3n de la certificaci\u00f3n medioambiental Marine Stewardship Council (MSC), con el que ya cuentan la mitad de sus capturas desde julio de 2022, al 50% restante.<\/p>\n<p>   As\u00ed, las 360.000 toneladas que captura la flota de Opagac cuentan, desde diciembre de 2018, con el certificado APR, el primero del mercado pesquero mundial en garantizar los mejores est\u00e1ndares tanto en materia medioambiental como sociolaboral, incluso por encima de los requisitos legales establecidos en el Convenio 188 de la Organizaci\u00f3n Internacional del Trabajo (OIT).<\/p>\n<p>   Adem\u00e1s, en su esfuerzo por poner en valor la sostenibilidad integral de la pesquer\u00eda atunera de cerco, la flota se convirti\u00f3 el pasado julio en la primera del mundo en obtener el sello azul MSC para la mitad de sus capturas en los tres oc\u00e9anos en los que opera (\u00cdndico, Pac\u00edfico y Atl\u00e1ntico).<\/p>\n<p>   De esta forma, unas 180.000 toneladas, que representan el 3% de la captura mundial, ya disponen de la certificaci\u00f3n medioambiental pesquera m\u00e1s prestigiosa del mundo.<\/p>\n<p>   Para minimizar el impacto de su actividad en el ecosistema y garantizar la sostenibilidad de los stocks de at\u00fan en los tres oc\u00e9anos, la flota ha invertido 17 millones de euros en una treintena de proyectos de investigaci\u00f3n, propios o en colaboraci\u00f3n, solo en los \u00faltimos cuatro a\u00f1os.<\/p>\n<p>   Mor\u00f3n ha explicado que el cumplimiento de sus compromisos en Our Ocean responde al &#8220;objetivo de mantener nuestra licencia social para seguir pescando un recurso que pertenece al conjunto de la sociedad, gracias al que proveemos un alimento saludable y generamos bienestar socioecon\u00f3mico alrededor del mundo&#8221;.<\/p>\n<p>   &#8220;No obstante, para garantizar el futuro de la actividad pesquera es imprescindible que todas las flotas que, como la nuestra, creen que es posible pescar sostenible y responsablemente, nos unamos para promover estos principios en aquellas otras flotas y mercados que no consideran el respeto a los derechos humanos y la sostenibilidad de los oc\u00e9anos esenciales para la alimentaci\u00f3n de la poblaci\u00f3n mundial&#8221;, ha subrayado.<\/p>\n","protected":false},"excerpt":{"rendered":"<p>La flota atunera espa\u00f1ola acude a la Conferencia Our Ocean, que se celebra ma\u00f1ana y el viernes en Panam\u00e1, con el 100% de sus capturas certificadas con el sello At\u00fan de Pesca Responsable (APR), que garantiza su origen responsable con el medio ambiente y socialmente sostenible, cumpliendo as\u00ed el objetivo que se marc\u00f3 en este [&hellip;]<\/p>\n","protected":false},"author":277,"featured_media":176890,"comment_status":"close","ping_status":"","sticky":false,"template":"single-feature.php","format":"standard","meta":{"_acf_changed":false,"footnotes":""},"categories":[15645],"tags":[],"class_list":["post-176888","post","type-post","status-publish","format-standard","has-post-thumbnail","hentry","category-ultima-hora","cat-15645-id"],"acf":[],"yoast_head":"<!-- This site is optimized with the Yoast SEO plugin v27.4 - https:\/\/yoast.com\/product\/yoast-seo-wordpress\/ -->\n<title>Econom\u00eda.- Flota atunera acude a la conferencia Our Ocean con todas su capturas certificadas como de origen responsable - Tapas<\/title>\n<meta name=\"description\" content=\"La flota atunera espa\u00f1ola acude a la Conferencia Our Ocean, que se celebra ma\u00f1ana y el viernes en Panam\u00e1, con el 100% de sus capturas certificadas con el\" \/>\n<meta name=\"robots\" content=\"index, follow, max-snippet:-1, max-image-preview:large, max-video-preview:-1\" \/>\n<link rel=\"canonical\" href=\"https:\/\/www.tapasmagazine.es\/en\/economia-flota-atunera-acude-a-la-conferencia-our-ocean-con-todas-su-capturas-certificadas-como-de-origen-responsable\/\" \/>\n<meta property=\"og:locale\" content=\"en_US\" \/>\n<meta property=\"og:type\" content=\"article\" \/>\n<meta property=\"og:title\" content=\"Econom\u00eda.- Flota atunera acude a la conferencia Our Ocean con todas su capturas certificadas como de origen responsable - Tapas\" \/>\n<meta property=\"og:description\" content=\"La flota atunera espa\u00f1ola acude a la Conferencia Our Ocean, que se celebra ma\u00f1ana y el viernes en Panam\u00e1, con el 100% de sus capturas certificadas con el\" \/>\n<meta property=\"og:url\" content=\"https:\/\/www.tapasmagazine.es\/en\/economia-flota-atunera-acude-a-la-conferencia-our-ocean-con-todas-su-capturas-certificadas-como-de-origen-responsable\/\" \/>\n<meta property=\"og:site_name\" content=\"Tapas\" \/>\n<meta property=\"article:publisher\" content=\"https:\/\/www.facebook.com\/tapasmagazine\" \/>\n<meta property=\"article:published_time\" content=\"2023-03-01T12:32:34+00:00\" \/>\n<meta property=\"article:modified_time\" content=\"2023-03-01T12:42:34+00:00\" \/>\n<meta property=\"og:image\" content=\"https:\/\/www.tapasmagazine.es\/wp-content\/uploads\/2023\/03\/fotonoticia_20230301133234_9999.jpg\" \/>\n\t<meta property=\"og:image:width\" content=\"1843\" \/>\n\t<meta property=\"og:image:height\" content=\"830\" \/>\n\t<meta property=\"og:image:type\" content=\"image\/jpeg\" \/>\n<meta name=\"author\" content=\"Tapas \/ EP\" \/>\n<meta name=\"twitter:card\" content=\"summary_large_image\" \/>\n<meta name=\"twitter:creator\" content=\"@TapasMagazine\" \/>\n<meta name=\"twitter:site\" content=\"@TapasMagazine\" \/>\n<meta name=\"twitter:label1\" content=\"Written by\" \/>\n\t<meta name=\"twitter:data1\" content=\"Tapas \/ EP\" \/>\n\t<meta name=\"twitter:label2\" content=\"Est. reading time\" \/>\n\t<meta name=\"twitter:data2\" content=\"2 minutes\" \/>\n<script type=\"application\/ld+json\" class=\"yoast-schema-graph\">{\"@context\":\"https:\\\/\\\/schema.org\",\"@graph\":[{\"@type\":\"Article\",\"@id\":\"https:\\\/\\\/www.tapasmagazine.es\\\/en\\\/economia-flota-atunera-acude-a-la-conferencia-our-ocean-con-todas-su-capturas-certificadas-como-de-origen-responsable\\\/#article\",\"isPartOf\":{\"@id\":\"https:\\\/\\\/www.tapasmagazine.es\\\/en\\\/economia-flota-atunera-acude-a-la-conferencia-our-ocean-con-todas-su-capturas-certificadas-como-de-origen-responsable\\\/\"},\"author\":{\"name\":\"Tapas \\\/ EP\",\"@id\":\"https:\\\/\\\/www.tapasmagazine.es\\\/#\\\/schema\\\/person\\\/dddb3bce6f98f2124c204b901d74a14b\"},\"headline\":\"Econom\u00eda.- Flota atunera acude a la conferencia Our Ocean con todas su capturas certificadas como de origen responsable\",\"datePublished\":\"2023-03-01T12:32:34+00:00\",\"dateModified\":\"2023-03-01T12:42:34+00:00\",\"mainEntityOfPage\":{\"@id\":\"https:\\\/\\\/www.tapasmagazine.es\\\/en\\\/economia-flota-atunera-acude-a-la-conferencia-our-ocean-con-todas-su-capturas-certificadas-como-de-origen-responsable\\\/\"},\"wordCount\":491,\"publisher\":{\"@id\":\"https:\\\/\\\/www.tapasmagazine.es\\\/#organization\"},\"image\":{\"@id\":\"https:\\\/\\\/www.tapasmagazine.es\\\/en\\\/economia-flota-atunera-acude-a-la-conferencia-our-ocean-con-todas-su-capturas-certificadas-como-de-origen-responsable\\\/#primaryimage\"},\"thumbnailUrl\":\"https:\\\/\\\/www.tapasmagazine.es\\\/wp-content\\\/uploads\\\/2023\\\/03\\\/fotonoticia_20230301133234_9999.jpg\",\"articleSection\":[\"\u00daltima hora\"],\"inLanguage\":\"en-US\"},{\"@type\":\"WebPage\",\"@id\":\"https:\\\/\\\/www.tapasmagazine.es\\\/en\\\/economia-flota-atunera-acude-a-la-conferencia-our-ocean-con-todas-su-capturas-certificadas-como-de-origen-responsable\\\/\",\"url\":\"https:\\\/\\\/www.tapasmagazine.es\\\/en\\\/economia-flota-atunera-acude-a-la-conferencia-our-ocean-con-todas-su-capturas-certificadas-como-de-origen-responsable\\\/\",\"name\":\"Econom\u00eda.- Flota atunera acude a la conferencia Our Ocean con todas su capturas certificadas como de origen responsable - Tapas\",\"isPartOf\":{\"@id\":\"https:\\\/\\\/www.tapasmagazine.es\\\/#website\"},\"primaryImageOfPage\":{\"@id\":\"https:\\\/\\\/www.tapasmagazine.es\\\/en\\\/economia-flota-atunera-acude-a-la-conferencia-our-ocean-con-todas-su-capturas-certificadas-como-de-origen-responsable\\\/#primaryimage\"},\"image\":{\"@id\":\"https:\\\/\\\/www.tapasmagazine.es\\\/en\\\/economia-flota-atunera-acude-a-la-conferencia-our-ocean-con-todas-su-capturas-certificadas-como-de-origen-responsable\\\/#primaryimage\"},\"thumbnailUrl\":\"https:\\\/\\\/www.tapasmagazine.es\\\/wp-content\\\/uploads\\\/2023\\\/03\\\/fotonoticia_20230301133234_9999.jpg\",\"datePublished\":\"2023-03-01T12:32:34+00:00\",\"dateModified\":\"2023-03-01T12:42:34+00:00\",\"description\":\"La flota atunera espa\u00f1ola acude a la Conferencia Our Ocean, que se celebra ma\u00f1ana y el viernes en Panam\u00e1, con el 100% de sus capturas certificadas con el\",\"breadcrumb\":{\"@id\":\"https:\\\/\\\/www.tapasmagazine.es\\\/en\\\/economia-flota-atunera-acude-a-la-conferencia-our-ocean-con-todas-su-capturas-certificadas-como-de-origen-responsable\\\/#breadcrumb\"},\"inLanguage\":\"en-US\",\"potentialAction\":[{\"@type\":\"ReadAction\",\"target\":[\"https:\\\/\\\/www.tapasmagazine.es\\\/en\\\/economia-flota-atunera-acude-a-la-conferencia-our-ocean-con-todas-su-capturas-certificadas-como-de-origen-responsable\\\/\"]}]},{\"@type\":\"ImageObject\",\"inLanguage\":\"en-US\",\"@id\":\"https:\\\/\\\/www.tapasmagazine.es\\\/en\\\/economia-flota-atunera-acude-a-la-conferencia-our-ocean-con-todas-su-capturas-certificadas-como-de-origen-responsable\\\/#primaryimage\",\"url\":\"https:\\\/\\\/www.tapasmagazine.es\\\/wp-content\\\/uploads\\\/2023\\\/03\\\/fotonoticia_20230301133234_9999.jpg\",\"contentUrl\":\"https:\\\/\\\/www.tapasmagazine.es\\\/wp-content\\\/uploads\\\/2023\\\/03\\\/fotonoticia_20230301133234_9999.jpg\",\"width\":1843,\"height\":830},{\"@type\":\"BreadcrumbList\",\"@id\":\"https:\\\/\\\/www.tapasmagazine.es\\\/en\\\/economia-flota-atunera-acude-a-la-conferencia-our-ocean-con-todas-su-capturas-certificadas-como-de-origen-responsable\\\/#breadcrumb\",\"itemListElement\":[{\"@type\":\"ListItem\",\"position\":1,\"name\":\"Portada\",\"item\":\"https:\\\/\\\/www.tapasmagazine.es\\\/\"},{\"@type\":\"ListItem\",\"position\":2,\"name\":\"Sin categorizar\",\"item\":\"https:\\\/\\\/www.tapasmagazine.es\\\/categorias\\\/sin-categorizar-2\\\/\"},{\"@type\":\"ListItem\",\"position\":3,\"name\":\"Econom\u00eda.- Flota atunera acude a la conferencia Our Ocean con todas su capturas certificadas como de origen responsable\"}]},{\"@type\":\"WebSite\",\"@id\":\"https:\\\/\\\/www.tapasmagazine.es\\\/#website\",\"url\":\"https:\\\/\\\/www.tapasmagazine.es\\\/\",\"name\":\"Tapas\",\"description\":\"\u00d1am \u00d1am Lifestyle. La vida a bocados. Premio Nacional de Gastronom\u00eda 2016.\",\"publisher\":{\"@id\":\"https:\\\/\\\/www.tapasmagazine.es\\\/#organization\"},\"potentialAction\":[{\"@type\":\"SearchAction\",\"target\":{\"@type\":\"EntryPoint\",\"urlTemplate\":\"https:\\\/\\\/www.tapasmagazine.es\\\/?s={search_term_string}\"},\"query-input\":{\"@type\":\"PropertyValueSpecification\",\"valueRequired\":true,\"valueName\":\"search_term_string\"}}],\"inLanguage\":\"en-US\"},{\"@type\":\"Organization\",\"@id\":\"https:\\\/\\\/www.tapasmagazine.es\\\/#organization\",\"name\":\"Tapas Magazine\",\"url\":\"https:\\\/\\\/www.tapasmagazine.es\\\/\",\"logo\":{\"@type\":\"ImageObject\",\"inLanguage\":\"en-US\",\"@id\":\"https:\\\/\\\/www.tapasmagazine.es\\\/#\\\/schema\\\/logo\\\/image\\\/\",\"url\":\"https:\\\/\\\/www.tapasmagazine.es\\\/wp-content\\\/uploads\\\/2018\\\/01\\\/logo.png\",\"contentUrl\":\"https:\\\/\\\/www.tapasmagazine.es\\\/wp-content\\\/uploads\\\/2018\\\/01\\\/logo.png\",\"width\":180,\"height\":60,\"caption\":\"Tapas Magazine\"},\"image\":{\"@id\":\"https:\\\/\\\/www.tapasmagazine.es\\\/#\\\/schema\\\/logo\\\/image\\\/\"},\"sameAs\":[\"https:\\\/\\\/www.facebook.com\\\/tapasmagazine\",\"https:\\\/\\\/x.com\\\/TapasMagazine\",\"https:\\\/\\\/www.instagram.com\\\/tapasmagazine\\\/\",\"https:\\\/\\\/www.linkedin.com\\\/company\\\/tapas-magazine\",\"https:\\\/\\\/es.pinterest.com\\\/tapasmagazine\\\/\",\"https:\\\/\\\/www.youtube.com\\\/channel\\\/UCEyxneAaACuR0lfDagrWjjg?sub_confirmation=1\"]},{\"@type\":\"Person\",\"@id\":\"https:\\\/\\\/www.tapasmagazine.es\\\/#\\\/schema\\\/person\\\/dddb3bce6f98f2124c204b901d74a14b\",\"name\":\"Tapas \\\/ EP\",\"url\":\"https:\\\/\\\/www.tapasmagazine.es\\\/en\\\/author\\\/tapasep\\\/\"}]}<\/script>\n<!-- \/ Yoast SEO plugin. -->","yoast_head_json":{"title":"Econom\u00eda.- Flota atunera acude a la conferencia Our Ocean con todas su capturas certificadas como de origen responsable - Tapas","description":"La flota atunera espa\u00f1ola acude a la Conferencia Our Ocean, que se celebra ma\u00f1ana y el viernes en Panam\u00e1, con el 100% de sus capturas certificadas con el","robots":{"index":"index","follow":"follow","max-snippet":"max-snippet:-1","max-image-preview":"max-image-preview:large","max-video-preview":"max-video-preview:-1"},"canonical":"https:\/\/www.tapasmagazine.es\/en\/economia-flota-atunera-acude-a-la-conferencia-our-ocean-con-todas-su-capturas-certificadas-como-de-origen-responsable\/","og_locale":"en_US","og_type":"article","og_title":"Econom\u00eda.- Flota atunera acude a la conferencia Our Ocean con todas su capturas certificadas como de origen responsable - Tapas","og_description":"La flota atunera espa\u00f1ola acude a la Conferencia Our Ocean, que se celebra ma\u00f1ana y el viernes en Panam\u00e1, con el 100% de sus capturas certificadas con el","og_url":"https:\/\/www.tapasmagazine.es\/en\/economia-flota-atunera-acude-a-la-conferencia-our-ocean-con-todas-su-capturas-certificadas-como-de-origen-responsable\/","og_site_name":"Tapas","article_publisher":"https:\/\/www.facebook.com\/tapasmagazine","article_published_time":"2023-03-01T12:32:34+00:00","article_modified_time":"2023-03-01T12:42:34+00:00","og_image":[{"width":1843,"height":830,"url":"https:\/\/www.tapasmagazine.es\/wp-content\/uploads\/2023\/03\/fotonoticia_20230301133234_9999.jpg","type":"image\/jpeg"}],"author":"Tapas \/ EP","twitter_card":"summary_large_image","twitter_creator":"@TapasMagazine","twitter_site":"@TapasMagazine","twitter_misc":{"Written by":"Tapas \/ EP","Est. reading time":"2 minutes"},"schema":{"@context":"https:\/\/schema.org","@graph":[{"@type":"Article","@id":"https:\/\/www.tapasmagazine.es\/en\/economia-flota-atunera-acude-a-la-conferencia-our-ocean-con-todas-su-capturas-certificadas-como-de-origen-responsable\/#article","isPartOf":{"@id":"https:\/\/www.tapasmagazine.es\/en\/economia-flota-atunera-acude-a-la-conferencia-our-ocean-con-todas-su-capturas-certificadas-como-de-origen-responsable\/"},"author":{"name":"Tapas \/ EP","@id":"https:\/\/www.tapasmagazine.es\/#\/schema\/person\/dddb3bce6f98f2124c204b901d74a14b"},"headline":"Econom\u00eda.- Flota atunera acude a la conferencia Our Ocean con todas su capturas certificadas como de origen responsable","datePublished":"2023-03-01T12:32:34+00:00","dateModified":"2023-03-01T12:42:34+00:00","mainEntityOfPage":{"@id":"https:\/\/www.tapasmagazine.es\/en\/economia-flota-atunera-acude-a-la-conferencia-our-ocean-con-todas-su-capturas-certificadas-como-de-origen-responsable\/"},"wordCount":491,"publisher":{"@id":"https:\/\/www.tapasmagazine.es\/#organization"},"image":{"@id":"https:\/\/www.tapasmagazine.es\/en\/economia-flota-atunera-acude-a-la-conferencia-our-ocean-con-todas-su-capturas-certificadas-como-de-origen-responsable\/#primaryimage"},"thumbnailUrl":"https:\/\/www.tapasmagazine.es\/wp-content\/uploads\/2023\/03\/fotonoticia_20230301133234_9999.jpg","articleSection":["\u00daltima hora"],"inLanguage":"en-US"},{"@type":"WebPage","@id":"https:\/\/www.tapasmagazine.es\/en\/economia-flota-atunera-acude-a-la-conferencia-our-ocean-con-todas-su-capturas-certificadas-como-de-origen-responsable\/","url":"https:\/\/www.tapasmagazine.es\/en\/economia-flota-atunera-acude-a-la-conferencia-our-ocean-con-todas-su-capturas-certificadas-como-de-origen-responsable\/","name":"Econom\u00eda.- Flota atunera acude a la conferencia Our Ocean con todas su capturas certificadas como de origen responsable - Tapas","isPartOf":{"@id":"https:\/\/www.tapasmagazine.es\/#website"},"primaryImageOfPage":{"@id":"https:\/\/www.tapasmagazine.es\/en\/economia-flota-atunera-acude-a-la-conferencia-our-ocean-con-todas-su-capturas-certificadas-como-de-origen-responsable\/#primaryimage"},"image":{"@id":"https:\/\/www.tapasmagazine.es\/en\/economia-flota-atunera-acude-a-la-conferencia-our-ocean-con-todas-su-capturas-certificadas-como-de-origen-responsable\/#primaryimage"},"thumbnailUrl":"https:\/\/www.tapasmagazine.es\/wp-content\/uploads\/2023\/03\/fotonoticia_20230301133234_9999.jpg","datePublished":"2023-03-01T12:32:34+00:00","dateModified":"2023-03-01T12:42:34+00:00","description":"La flota atunera espa\u00f1ola acude a la Conferencia Our Ocean, que se celebra ma\u00f1ana y el viernes en Panam\u00e1, con el 100% de sus capturas certificadas con el","breadcrumb":{"@id":"https:\/\/www.tapasmagazine.es\/en\/economia-flota-atunera-acude-a-la-conferencia-our-ocean-con-todas-su-capturas-certificadas-como-de-origen-responsable\/#breadcrumb"},"inLanguage":"en-US","potentialAction":[{"@type":"ReadAction","target":["https:\/\/www.tapasmagazine.es\/en\/economia-flota-atunera-acude-a-la-conferencia-our-ocean-con-todas-su-capturas-certificadas-como-de-origen-responsable\/"]}]},{"@type":"ImageObject","inLanguage":"en-US","@id":"https:\/\/www.tapasmagazine.es\/en\/economia-flota-atunera-acude-a-la-conferencia-our-ocean-con-todas-su-capturas-certificadas-como-de-origen-responsable\/#primaryimage","url":"https:\/\/www.tapasmagazine.es\/wp-content\/uploads\/2023\/03\/fotonoticia_20230301133234_9999.jpg","contentUrl":"https:\/\/www.tapasmagazine.es\/wp-content\/uploads\/2023\/03\/fotonoticia_20230301133234_9999.jpg","width":1843,"height":830},{"@type":"BreadcrumbList","@id":"https:\/\/www.tapasmagazine.es\/en\/economia-flota-atunera-acude-a-la-conferencia-our-ocean-con-todas-su-capturas-certificadas-como-de-origen-responsable\/#breadcrumb","itemListElement":[{"@type":"ListItem","position":1,"name":"Portada","item":"https:\/\/www.tapasmagazine.es\/"},{"@type":"ListItem","position":2,"name":"Sin categorizar","item":"https:\/\/www.tapasmagazine.es\/categorias\/sin-categorizar-2\/"},{"@type":"ListItem","position":3,"name":"Econom\u00eda.- Flota atunera acude a la conferencia Our Ocean con todas su capturas certificadas como de origen responsable"}]},{"@type":"WebSite","@id":"https:\/\/www.tapasmagazine.es\/#website","url":"https:\/\/www.tapasmagazine.es\/","name":"Tapas","description":"\u00d1am \u00d1am Lifestyle. La vida a bocados. Premio Nacional de Gastronom\u00eda 2016.","publisher":{"@id":"https:\/\/www.tapasmagazine.es\/#organization"},"potentialAction":[{"@type":"SearchAction","target":{"@type":"EntryPoint","urlTemplate":"https:\/\/www.tapasmagazine.es\/?s={search_term_string}"},"query-input":{"@type":"PropertyValueSpecification","valueRequired":true,"valueName":"search_term_string"}}],"inLanguage":"en-US"},{"@type":"Organization","@id":"https:\/\/www.tapasmagazine.es\/#organization","name":"Tapas Magazine","url":"https:\/\/www.tapasmagazine.es\/","logo":{"@type":"ImageObject","inLanguage":"en-US","@id":"https:\/\/www.tapasmagazine.es\/#\/schema\/logo\/image\/","url":"https:\/\/www.tapasmagazine.es\/wp-content\/uploads\/2018\/01\/logo.png","contentUrl":"https:\/\/www.tapasmagazine.es\/wp-content\/uploads\/2018\/01\/logo.png","width":180,"height":60,"caption":"Tapas Magazine"},"image":{"@id":"https:\/\/www.tapasmagazine.es\/#\/schema\/logo\/image\/"},"sameAs":["https:\/\/www.facebook.com\/tapasmagazine","https:\/\/x.com\/TapasMagazine","https:\/\/www.instagram.com\/tapasmagazine\/","https:\/\/www.linkedin.com\/company\/tapas-magazine","https:\/\/es.pinterest.com\/tapasmagazine\/","https:\/\/www.youtube.com\/channel\/UCEyxneAaACuR0lfDagrWjjg?sub_confirmation=1"]},{"@type":"Person","@id":"https:\/\/www.tapasmagazine.es\/#\/schema\/person\/dddb3bce6f98f2124c204b901d74a14b","name":"Tapas \/ EP","url":"https:\/\/www.tapasmagazine.es\/en\/author\/tapasep\/"}]}},"_links":{"self":[{"href":"https:\/\/www.tapasmagazine.es\/en\/wp-json\/wp\/v2\/posts\/176888","targetHints":{"allow":["GET"]}}],"collection":[{"href":"https:\/\/www.tapasmagazine.es\/en\/wp-json\/wp\/v2\/posts"}],"about":[{"href":"https:\/\/www.tapasmagazine.es\/en\/wp-json\/wp\/v2\/types\/post"}],"author":[{"embeddable":true,"href":"https:\/\/www.tapasmagazine.es\/en\/wp-json\/wp\/v2\/users\/277"}],"replies":[{"embeddable":true,"href":"https:\/\/www.tapasmagazine.es\/en\/wp-json\/wp\/v2\/comments?post=176888"}],"version-history":[{"count":1,"href":"https:\/\/www.tapasmagazine.es\/en\/wp-json\/wp\/v2\/posts\/176888\/revisions"}],"predecessor-version":[{"id":176889,"href":"https:\/\/www.tapasmagazine.es\/en\/wp-json\/wp\/v2\/posts\/176888\/revisions\/176889"}],"wp:featuredmedia":[{"embeddable":true,"href":"https:\/\/www.tapasmagazine.es\/en\/wp-json\/wp\/v2\/media\/176890"}],"wp:attachment":[{"href":"https:\/\/www.tapasmagazine.es\/en\/wp-json\/wp\/v2\/media?parent=176888"}],"wp:term":[{"taxonomy":"category","embeddable":true,"href":"https:\/\/www.tapasmagazine.es\/en\/wp-json\/wp\/v2\/categories?post=176888"},{"taxonomy":"post_tag","embeddable":true,"href":"https:\/\/www.tapasmagazine.es\/en\/wp-json\/wp\/v2\/tags?post=176888"}],"curies":[{"name":"wp","href":"https:\/\/api.w.org\/{rel}","templated":true}]}}