{"id":176882,"date":"2023-03-01T12:43:50","date_gmt":"2023-03-01T11:43:50","guid":{"rendered":"https:\/\/www.tapasmagazine.es\/?p=176882"},"modified":"2023-03-01T13:12:40","modified_gmt":"2023-03-01T12:12:40","slug":"economia-empresas-aldi-aumento-la-compra-de-productos-nacionales-mas-de-un-10-en-2022-2","status":"publish","type":"post","link":"https:\/\/www.tapasmagazine.es\/en\/economia-empresas-aldi-aumento-la-compra-de-productos-nacionales-mas-de-un-10-en-2022-2\/","title":{"rendered":"Econom\u00eda\/Empresas.- Aldi aument\u00f3 la compra de productos nacionales m\u00e1s de un 10% en 2022"},"content":{"rendered":"<p>Aldi ha aumentado en m\u00e1s de un 10% la compra de productos a proveedores nacionales durante el a\u00f1o 2022 y cuenta actualmente con un surtido de cerca de 2.000 productos con un 82% de origen nacional, seg\u00fan un comunicado remitido por la compa\u00f1\u00eda este mi\u00e9rcoles.<\/p>\n<p>   En concreto, Aldi ha comprado en 2022 m\u00e1s de 123.000 toneladas de productos frescos (fruta, verdura, carne y pescado) a proveedores nacionales, un 5% m\u00e1s que en 2021. As\u00ed, la marca de supermercados quiere mostrar la relaci\u00f3n de confianza con sus proveedores nacionales para sus m\u00e1s de 390 supermercados en Espa\u00f1a.<\/p>\n<p>   En este sentido, la compa\u00f1\u00eda alemana defiende que el 100% de la carne de sus supermercados proceden de animales criados en Espa\u00f1a. En vinos, la marca cuenta con un 95% de referencias elaboradas por productores locales.<\/p>\n<p>   Adem\u00e1s, ALDI ha asegurado que su compromiso por el mercado nacional tambi\u00e9n se ve reforzado por el plan de expansi\u00f3n que la compa\u00f1\u00eda lleva desarrollando en el pa\u00eds desde hace a\u00f1os. Este 2023, su crecimiento en Espa\u00f1a se ver\u00e1 impulsado por cerca de 50 nuevas aperturas, entre las que destacan su llegada a Melilla, en la segunda mitad del a\u00f1o, y la inauguraci\u00f3n de nuevas tiendas en Galicia, Baleares, Canarias y Asturias.<\/p>\n","protected":false},"excerpt":{"rendered":"<p>Aldi ha aumentado en m\u00e1s de un 10% la compra de productos a proveedores nacionales durante el a\u00f1o 2022 y cuenta actualmente con un surtido de cerca de 2.000 productos con un 82% de origen nacional, seg\u00fan un comunicado remitido por la compa\u00f1\u00eda este mi\u00e9rcoles. En concreto, Aldi ha comprado en 2022 m\u00e1s de 123.000 [&hellip;]<\/p>\n","protected":false},"author":277,"featured_media":176884,"comment_status":"close","ping_status":"","sticky":false,"template":"single-feature.php","format":"standard","meta":{"_acf_changed":false,"footnotes":""},"categories":[15645],"tags":[],"class_list":["post-176882","post","type-post","status-publish","format-standard","has-post-thumbnail","hentry","category-ultima-hora","cat-15645-id"],"acf":[],"yoast_head":"<!-- This site is optimized with the Yoast SEO plugin v27.4 - https:\/\/yoast.com\/product\/yoast-seo-wordpress\/ -->\n<title>Econom\u00eda\/Empresas.- Aldi aument\u00f3 la compra de productos nacionales m\u00e1s de un 10% en 2022 - Tapas<\/title>\n<meta name=\"description\" content=\"Aldi ha aumentado en m\u00e1s de un 10% la compra de productos a proveedores nacionales durante el a\u00f1o 2022 y cuenta actualmente con un surtido de cerca de\" \/>\n<meta name=\"robots\" content=\"index, follow, max-snippet:-1, max-image-preview:large, max-video-preview:-1\" \/>\n<link rel=\"canonical\" href=\"https:\/\/www.tapasmagazine.es\/en\/economia-empresas-aldi-aumento-la-compra-de-productos-nacionales-mas-de-un-10-en-2022-2\/\" \/>\n<meta property=\"og:locale\" content=\"en_US\" \/>\n<meta property=\"og:type\" content=\"article\" \/>\n<meta property=\"og:title\" content=\"Econom\u00eda\/Empresas.- Aldi aument\u00f3 la compra de productos nacionales m\u00e1s de un 10% en 2022 - Tapas\" \/>\n<meta property=\"og:description\" content=\"Aldi ha aumentado en m\u00e1s de un 10% la compra de productos a proveedores nacionales durante el a\u00f1o 2022 y cuenta actualmente con un surtido de cerca de\" \/>\n<meta property=\"og:url\" content=\"https:\/\/www.tapasmagazine.es\/en\/economia-empresas-aldi-aumento-la-compra-de-productos-nacionales-mas-de-un-10-en-2022-2\/\" \/>\n<meta property=\"og:site_name\" content=\"Tapas\" \/>\n<meta property=\"article:publisher\" content=\"https:\/\/www.facebook.com\/tapasmagazine\" \/>\n<meta property=\"article:published_time\" content=\"2023-03-01T11:43:50+00:00\" \/>\n<meta property=\"article:modified_time\" content=\"2023-03-01T12:12:40+00:00\" \/>\n<meta property=\"og:image\" content=\"https:\/\/www.tapasmagazine.es\/wp-content\/uploads\/2023\/03\/fotonoticia_20230301124350_9999.jpg\" \/>\n\t<meta property=\"og:image:width\" content=\"1500\" \/>\n\t<meta property=\"og:image:height\" content=\"1000\" \/>\n\t<meta property=\"og:image:type\" content=\"image\/jpeg\" \/>\n<meta name=\"author\" content=\"Tapas \/ EP\" \/>\n<meta name=\"twitter:card\" content=\"summary_large_image\" \/>\n<meta name=\"twitter:creator\" content=\"@TapasMagazine\" \/>\n<meta name=\"twitter:site\" content=\"@TapasMagazine\" \/>\n<meta name=\"twitter:label1\" content=\"Written by\" \/>\n\t<meta name=\"twitter:data1\" content=\"Tapas \/ EP\" \/>\n\t<meta name=\"twitter:label2\" content=\"Est. reading time\" \/>\n\t<meta name=\"twitter:data2\" content=\"1 minute\" \/>\n<script type=\"application\/ld+json\" class=\"yoast-schema-graph\">{\"@context\":\"https:\\\/\\\/schema.org\",\"@graph\":[{\"@type\":\"Article\",\"@id\":\"https:\\\/\\\/www.tapasmagazine.es\\\/en\\\/economia-empresas-aldi-aumento-la-compra-de-productos-nacionales-mas-de-un-10-en-2022-2\\\/#article\",\"isPartOf\":{\"@id\":\"https:\\\/\\\/www.tapasmagazine.es\\\/en\\\/economia-empresas-aldi-aumento-la-compra-de-productos-nacionales-mas-de-un-10-en-2022-2\\\/\"},\"author\":{\"name\":\"Tapas \\\/ EP\",\"@id\":\"https:\\\/\\\/www.tapasmagazine.es\\\/#\\\/schema\\\/person\\\/dddb3bce6f98f2124c204b901d74a14b\"},\"headline\":\"Econom\u00eda\\\/Empresas.- Aldi aument\u00f3 la compra de productos nacionales m\u00e1s de un 10% en 2022\",\"datePublished\":\"2023-03-01T11:43:50+00:00\",\"dateModified\":\"2023-03-01T12:12:40+00:00\",\"mainEntityOfPage\":{\"@id\":\"https:\\\/\\\/www.tapasmagazine.es\\\/en\\\/economia-empresas-aldi-aumento-la-compra-de-productos-nacionales-mas-de-un-10-en-2022-2\\\/\"},\"wordCount\":228,\"publisher\":{\"@id\":\"https:\\\/\\\/www.tapasmagazine.es\\\/#organization\"},\"image\":{\"@id\":\"https:\\\/\\\/www.tapasmagazine.es\\\/en\\\/economia-empresas-aldi-aumento-la-compra-de-productos-nacionales-mas-de-un-10-en-2022-2\\\/#primaryimage\"},\"thumbnailUrl\":\"https:\\\/\\\/www.tapasmagazine.es\\\/wp-content\\\/uploads\\\/2023\\\/03\\\/fotonoticia_20230301124350_9999.jpg\",\"articleSection\":[\"\u00daltima hora\"],\"inLanguage\":\"en-US\"},{\"@type\":\"WebPage\",\"@id\":\"https:\\\/\\\/www.tapasmagazine.es\\\/en\\\/economia-empresas-aldi-aumento-la-compra-de-productos-nacionales-mas-de-un-10-en-2022-2\\\/\",\"url\":\"https:\\\/\\\/www.tapasmagazine.es\\\/en\\\/economia-empresas-aldi-aumento-la-compra-de-productos-nacionales-mas-de-un-10-en-2022-2\\\/\",\"name\":\"Econom\u00eda\\\/Empresas.- Aldi aument\u00f3 la compra de productos nacionales m\u00e1s de un 10% en 2022 - Tapas\",\"isPartOf\":{\"@id\":\"https:\\\/\\\/www.tapasmagazine.es\\\/#website\"},\"primaryImageOfPage\":{\"@id\":\"https:\\\/\\\/www.tapasmagazine.es\\\/en\\\/economia-empresas-aldi-aumento-la-compra-de-productos-nacionales-mas-de-un-10-en-2022-2\\\/#primaryimage\"},\"image\":{\"@id\":\"https:\\\/\\\/www.tapasmagazine.es\\\/en\\\/economia-empresas-aldi-aumento-la-compra-de-productos-nacionales-mas-de-un-10-en-2022-2\\\/#primaryimage\"},\"thumbnailUrl\":\"https:\\\/\\\/www.tapasmagazine.es\\\/wp-content\\\/uploads\\\/2023\\\/03\\\/fotonoticia_20230301124350_9999.jpg\",\"datePublished\":\"2023-03-01T11:43:50+00:00\",\"dateModified\":\"2023-03-01T12:12:40+00:00\",\"description\":\"Aldi ha aumentado en m\u00e1s de un 10% la compra de productos a proveedores nacionales durante el a\u00f1o 2022 y cuenta actualmente con un surtido de cerca de\",\"breadcrumb\":{\"@id\":\"https:\\\/\\\/www.tapasmagazine.es\\\/en\\\/economia-empresas-aldi-aumento-la-compra-de-productos-nacionales-mas-de-un-10-en-2022-2\\\/#breadcrumb\"},\"inLanguage\":\"en-US\",\"potentialAction\":[{\"@type\":\"ReadAction\",\"target\":[\"https:\\\/\\\/www.tapasmagazine.es\\\/en\\\/economia-empresas-aldi-aumento-la-compra-de-productos-nacionales-mas-de-un-10-en-2022-2\\\/\"]}]},{\"@type\":\"ImageObject\",\"inLanguage\":\"en-US\",\"@id\":\"https:\\\/\\\/www.tapasmagazine.es\\\/en\\\/economia-empresas-aldi-aumento-la-compra-de-productos-nacionales-mas-de-un-10-en-2022-2\\\/#primaryimage\",\"url\":\"https:\\\/\\\/www.tapasmagazine.es\\\/wp-content\\\/uploads\\\/2023\\\/03\\\/fotonoticia_20230301124350_9999.jpg\",\"contentUrl\":\"https:\\\/\\\/www.tapasmagazine.es\\\/wp-content\\\/uploads\\\/2023\\\/03\\\/fotonoticia_20230301124350_9999.jpg\",\"width\":1500,\"height\":1000},{\"@type\":\"BreadcrumbList\",\"@id\":\"https:\\\/\\\/www.tapasmagazine.es\\\/en\\\/economia-empresas-aldi-aumento-la-compra-de-productos-nacionales-mas-de-un-10-en-2022-2\\\/#breadcrumb\",\"itemListElement\":[{\"@type\":\"ListItem\",\"position\":1,\"name\":\"Portada\",\"item\":\"https:\\\/\\\/www.tapasmagazine.es\\\/\"},{\"@type\":\"ListItem\",\"position\":2,\"name\":\"Sin categorizar\",\"item\":\"https:\\\/\\\/www.tapasmagazine.es\\\/categorias\\\/sin-categorizar-2\\\/\"},{\"@type\":\"ListItem\",\"position\":3,\"name\":\"Econom\u00eda\\\/Empresas.- Aldi aument\u00f3 la compra de productos nacionales m\u00e1s de un 10% en 2022\"}]},{\"@type\":\"WebSite\",\"@id\":\"https:\\\/\\\/www.tapasmagazine.es\\\/#website\",\"url\":\"https:\\\/\\\/www.tapasmagazine.es\\\/\",\"name\":\"Tapas\",\"description\":\"\u00d1am \u00d1am Lifestyle. La vida a bocados. Premio Nacional de Gastronom\u00eda 2016.\",\"publisher\":{\"@id\":\"https:\\\/\\\/www.tapasmagazine.es\\\/#organization\"},\"potentialAction\":[{\"@type\":\"SearchAction\",\"target\":{\"@type\":\"EntryPoint\",\"urlTemplate\":\"https:\\\/\\\/www.tapasmagazine.es\\\/?s={search_term_string}\"},\"query-input\":{\"@type\":\"PropertyValueSpecification\",\"valueRequired\":true,\"valueName\":\"search_term_string\"}}],\"inLanguage\":\"en-US\"},{\"@type\":\"Organization\",\"@id\":\"https:\\\/\\\/www.tapasmagazine.es\\\/#organization\",\"name\":\"Tapas Magazine\",\"url\":\"https:\\\/\\\/www.tapasmagazine.es\\\/\",\"logo\":{\"@type\":\"ImageObject\",\"inLanguage\":\"en-US\",\"@id\":\"https:\\\/\\\/www.tapasmagazine.es\\\/#\\\/schema\\\/logo\\\/image\\\/\",\"url\":\"https:\\\/\\\/www.tapasmagazine.es\\\/wp-content\\\/uploads\\\/2018\\\/01\\\/logo.png\",\"contentUrl\":\"https:\\\/\\\/www.tapasmagazine.es\\\/wp-content\\\/uploads\\\/2018\\\/01\\\/logo.png\",\"width\":180,\"height\":60,\"caption\":\"Tapas Magazine\"},\"image\":{\"@id\":\"https:\\\/\\\/www.tapasmagazine.es\\\/#\\\/schema\\\/logo\\\/image\\\/\"},\"sameAs\":[\"https:\\\/\\\/www.facebook.com\\\/tapasmagazine\",\"https:\\\/\\\/x.com\\\/TapasMagazine\",\"https:\\\/\\\/www.instagram.com\\\/tapasmagazine\\\/\",\"https:\\\/\\\/www.linkedin.com\\\/company\\\/tapas-magazine\",\"https:\\\/\\\/es.pinterest.com\\\/tapasmagazine\\\/\",\"https:\\\/\\\/www.youtube.com\\\/channel\\\/UCEyxneAaACuR0lfDagrWjjg?sub_confirmation=1\"]},{\"@type\":\"Person\",\"@id\":\"https:\\\/\\\/www.tapasmagazine.es\\\/#\\\/schema\\\/person\\\/dddb3bce6f98f2124c204b901d74a14b\",\"name\":\"Tapas \\\/ EP\",\"url\":\"https:\\\/\\\/www.tapasmagazine.es\\\/en\\\/author\\\/tapasep\\\/\"}]}<\/script>\n<!-- \/ Yoast SEO plugin. -->","yoast_head_json":{"title":"Econom\u00eda\/Empresas.- Aldi aument\u00f3 la compra de productos nacionales m\u00e1s de un 10% en 2022 - Tapas","description":"Aldi ha aumentado en m\u00e1s de un 10% la compra de productos a proveedores nacionales durante el a\u00f1o 2022 y cuenta actualmente con un surtido de cerca de","robots":{"index":"index","follow":"follow","max-snippet":"max-snippet:-1","max-image-preview":"max-image-preview:large","max-video-preview":"max-video-preview:-1"},"canonical":"https:\/\/www.tapasmagazine.es\/en\/economia-empresas-aldi-aumento-la-compra-de-productos-nacionales-mas-de-un-10-en-2022-2\/","og_locale":"en_US","og_type":"article","og_title":"Econom\u00eda\/Empresas.- Aldi aument\u00f3 la compra de productos nacionales m\u00e1s de un 10% en 2022 - Tapas","og_description":"Aldi ha aumentado en m\u00e1s de un 10% la compra de productos a proveedores nacionales durante el a\u00f1o 2022 y cuenta actualmente con un surtido de cerca de","og_url":"https:\/\/www.tapasmagazine.es\/en\/economia-empresas-aldi-aumento-la-compra-de-productos-nacionales-mas-de-un-10-en-2022-2\/","og_site_name":"Tapas","article_publisher":"https:\/\/www.facebook.com\/tapasmagazine","article_published_time":"2023-03-01T11:43:50+00:00","article_modified_time":"2023-03-01T12:12:40+00:00","og_image":[{"width":1500,"height":1000,"url":"https:\/\/www.tapasmagazine.es\/wp-content\/uploads\/2023\/03\/fotonoticia_20230301124350_9999.jpg","type":"image\/jpeg"}],"author":"Tapas \/ EP","twitter_card":"summary_large_image","twitter_creator":"@TapasMagazine","twitter_site":"@TapasMagazine","twitter_misc":{"Written by":"Tapas \/ EP","Est. reading time":"1 minute"},"schema":{"@context":"https:\/\/schema.org","@graph":[{"@type":"Article","@id":"https:\/\/www.tapasmagazine.es\/en\/economia-empresas-aldi-aumento-la-compra-de-productos-nacionales-mas-de-un-10-en-2022-2\/#article","isPartOf":{"@id":"https:\/\/www.tapasmagazine.es\/en\/economia-empresas-aldi-aumento-la-compra-de-productos-nacionales-mas-de-un-10-en-2022-2\/"},"author":{"name":"Tapas \/ EP","@id":"https:\/\/www.tapasmagazine.es\/#\/schema\/person\/dddb3bce6f98f2124c204b901d74a14b"},"headline":"Econom\u00eda\/Empresas.- Aldi aument\u00f3 la compra de productos nacionales m\u00e1s de un 10% en 2022","datePublished":"2023-03-01T11:43:50+00:00","dateModified":"2023-03-01T12:12:40+00:00","mainEntityOfPage":{"@id":"https:\/\/www.tapasmagazine.es\/en\/economia-empresas-aldi-aumento-la-compra-de-productos-nacionales-mas-de-un-10-en-2022-2\/"},"wordCount":228,"publisher":{"@id":"https:\/\/www.tapasmagazine.es\/#organization"},"image":{"@id":"https:\/\/www.tapasmagazine.es\/en\/economia-empresas-aldi-aumento-la-compra-de-productos-nacionales-mas-de-un-10-en-2022-2\/#primaryimage"},"thumbnailUrl":"https:\/\/www.tapasmagazine.es\/wp-content\/uploads\/2023\/03\/fotonoticia_20230301124350_9999.jpg","articleSection":["\u00daltima hora"],"inLanguage":"en-US"},{"@type":"WebPage","@id":"https:\/\/www.tapasmagazine.es\/en\/economia-empresas-aldi-aumento-la-compra-de-productos-nacionales-mas-de-un-10-en-2022-2\/","url":"https:\/\/www.tapasmagazine.es\/en\/economia-empresas-aldi-aumento-la-compra-de-productos-nacionales-mas-de-un-10-en-2022-2\/","name":"Econom\u00eda\/Empresas.- Aldi aument\u00f3 la compra de productos nacionales m\u00e1s de un 10% en 2022 - Tapas","isPartOf":{"@id":"https:\/\/www.tapasmagazine.es\/#website"},"primaryImageOfPage":{"@id":"https:\/\/www.tapasmagazine.es\/en\/economia-empresas-aldi-aumento-la-compra-de-productos-nacionales-mas-de-un-10-en-2022-2\/#primaryimage"},"image":{"@id":"https:\/\/www.tapasmagazine.es\/en\/economia-empresas-aldi-aumento-la-compra-de-productos-nacionales-mas-de-un-10-en-2022-2\/#primaryimage"},"thumbnailUrl":"https:\/\/www.tapasmagazine.es\/wp-content\/uploads\/2023\/03\/fotonoticia_20230301124350_9999.jpg","datePublished":"2023-03-01T11:43:50+00:00","dateModified":"2023-03-01T12:12:40+00:00","description":"Aldi ha aumentado en m\u00e1s de un 10% la compra de productos a proveedores nacionales durante el a\u00f1o 2022 y cuenta actualmente con un surtido de cerca de","breadcrumb":{"@id":"https:\/\/www.tapasmagazine.es\/en\/economia-empresas-aldi-aumento-la-compra-de-productos-nacionales-mas-de-un-10-en-2022-2\/#breadcrumb"},"inLanguage":"en-US","potentialAction":[{"@type":"ReadAction","target":["https:\/\/www.tapasmagazine.es\/en\/economia-empresas-aldi-aumento-la-compra-de-productos-nacionales-mas-de-un-10-en-2022-2\/"]}]},{"@type":"ImageObject","inLanguage":"en-US","@id":"https:\/\/www.tapasmagazine.es\/en\/economia-empresas-aldi-aumento-la-compra-de-productos-nacionales-mas-de-un-10-en-2022-2\/#primaryimage","url":"https:\/\/www.tapasmagazine.es\/wp-content\/uploads\/2023\/03\/fotonoticia_20230301124350_9999.jpg","contentUrl":"https:\/\/www.tapasmagazine.es\/wp-content\/uploads\/2023\/03\/fotonoticia_20230301124350_9999.jpg","width":1500,"height":1000},{"@type":"BreadcrumbList","@id":"https:\/\/www.tapasmagazine.es\/en\/economia-empresas-aldi-aumento-la-compra-de-productos-nacionales-mas-de-un-10-en-2022-2\/#breadcrumb","itemListElement":[{"@type":"ListItem","position":1,"name":"Portada","item":"https:\/\/www.tapasmagazine.es\/"},{"@type":"ListItem","position":2,"name":"Sin categorizar","item":"https:\/\/www.tapasmagazine.es\/categorias\/sin-categorizar-2\/"},{"@type":"ListItem","position":3,"name":"Econom\u00eda\/Empresas.- Aldi aument\u00f3 la compra de productos nacionales m\u00e1s de un 10% en 2022"}]},{"@type":"WebSite","@id":"https:\/\/www.tapasmagazine.es\/#website","url":"https:\/\/www.tapasmagazine.es\/","name":"Tapas","description":"\u00d1am \u00d1am Lifestyle. La vida a bocados. Premio Nacional de Gastronom\u00eda 2016.","publisher":{"@id":"https:\/\/www.tapasmagazine.es\/#organization"},"potentialAction":[{"@type":"SearchAction","target":{"@type":"EntryPoint","urlTemplate":"https:\/\/www.tapasmagazine.es\/?s={search_term_string}"},"query-input":{"@type":"PropertyValueSpecification","valueRequired":true,"valueName":"search_term_string"}}],"inLanguage":"en-US"},{"@type":"Organization","@id":"https:\/\/www.tapasmagazine.es\/#organization","name":"Tapas Magazine","url":"https:\/\/www.tapasmagazine.es\/","logo":{"@type":"ImageObject","inLanguage":"en-US","@id":"https:\/\/www.tapasmagazine.es\/#\/schema\/logo\/image\/","url":"https:\/\/www.tapasmagazine.es\/wp-content\/uploads\/2018\/01\/logo.png","contentUrl":"https:\/\/www.tapasmagazine.es\/wp-content\/uploads\/2018\/01\/logo.png","width":180,"height":60,"caption":"Tapas Magazine"},"image":{"@id":"https:\/\/www.tapasmagazine.es\/#\/schema\/logo\/image\/"},"sameAs":["https:\/\/www.facebook.com\/tapasmagazine","https:\/\/x.com\/TapasMagazine","https:\/\/www.instagram.com\/tapasmagazine\/","https:\/\/www.linkedin.com\/company\/tapas-magazine","https:\/\/es.pinterest.com\/tapasmagazine\/","https:\/\/www.youtube.com\/channel\/UCEyxneAaACuR0lfDagrWjjg?sub_confirmation=1"]},{"@type":"Person","@id":"https:\/\/www.tapasmagazine.es\/#\/schema\/person\/dddb3bce6f98f2124c204b901d74a14b","name":"Tapas \/ EP","url":"https:\/\/www.tapasmagazine.es\/en\/author\/tapasep\/"}]}},"_links":{"self":[{"href":"https:\/\/www.tapasmagazine.es\/en\/wp-json\/wp\/v2\/posts\/176882","targetHints":{"allow":["GET"]}}],"collection":[{"href":"https:\/\/www.tapasmagazine.es\/en\/wp-json\/wp\/v2\/posts"}],"about":[{"href":"https:\/\/www.tapasmagazine.es\/en\/wp-json\/wp\/v2\/types\/post"}],"author":[{"embeddable":true,"href":"https:\/\/www.tapasmagazine.es\/en\/wp-json\/wp\/v2\/users\/277"}],"replies":[{"embeddable":true,"href":"https:\/\/www.tapasmagazine.es\/en\/wp-json\/wp\/v2\/comments?post=176882"}],"version-history":[{"count":1,"href":"https:\/\/www.tapasmagazine.es\/en\/wp-json\/wp\/v2\/posts\/176882\/revisions"}],"predecessor-version":[{"id":176883,"href":"https:\/\/www.tapasmagazine.es\/en\/wp-json\/wp\/v2\/posts\/176882\/revisions\/176883"}],"wp:featuredmedia":[{"embeddable":true,"href":"https:\/\/www.tapasmagazine.es\/en\/wp-json\/wp\/v2\/media\/176884"}],"wp:attachment":[{"href":"https:\/\/www.tapasmagazine.es\/en\/wp-json\/wp\/v2\/media?parent=176882"}],"wp:term":[{"taxonomy":"category","embeddable":true,"href":"https:\/\/www.tapasmagazine.es\/en\/wp-json\/wp\/v2\/categories?post=176882"},{"taxonomy":"post_tag","embeddable":true,"href":"https:\/\/www.tapasmagazine.es\/en\/wp-json\/wp\/v2\/tags?post=176882"}],"curies":[{"name":"wp","href":"https:\/\/api.w.org\/{rel}","templated":true}]}}