{"id":176876,"date":"2023-03-01T12:46:00","date_gmt":"2023-03-01T11:46:00","guid":{"rendered":"https:\/\/www.tapasmagazine.es\/?p=176876"},"modified":"2023-03-01T13:12:37","modified_gmt":"2023-03-01T12:12:37","slug":"economia-aecoc-y-fiab-apuestan-por-compatibilizar-los-objetivos-de-sostenibilidad-con-crecimiento-economico","status":"publish","type":"post","link":"https:\/\/www.tapasmagazine.es\/en\/economia-aecoc-y-fiab-apuestan-por-compatibilizar-los-objetivos-de-sostenibilidad-con-crecimiento-economico\/","title":{"rendered":"Econom\u00eda.- AECOC y FIAB apuestan por compatibilizar los objetivos de sostenibilidad con crecimiento econ\u00f3mico"},"content":{"rendered":"<p>AECOC y FIAB han reunido a cerca de 200 asistentes en la celebraci\u00f3n del 5\u00ba Congreso de Desarrollo Sostenible, que se celebra este 1 de marzo en La Nave de Madrid, un encuentro en el que han reclamado compatibilizar los objetivos de sostenibilidad con el crecimiento econ\u00f3mico.<\/p>\n<p>   As\u00ed, en la inauguraci\u00f3n del acto, ambas asociaciones han puesto en valor el compromiso de las empresas con el cumplimento de los Objetivos de Desarrollo Sostenible, incluso en el actual contexto de inflaci\u00f3n y crecimiento de los costes de producci\u00f3n.<\/p>\n<p>   En la apertura del congreso &#8211;que cuenta un a\u00f1o m\u00e1s con el apoyo como Partner Global de AFCO, la Asociaci\u00f3n de Fabricantes de Envases de Cart\u00f3n&#8211;, el director general de FIAB, Mauricio Garc\u00eda de Quevedo, ha recordado que &#8220;el desarrollo sostenible requiere un enfoque integral que tome en consideraci\u00f3n las preocupaciones ambientales junto con el desarrollo econ\u00f3mico, que es lo que garantizar\u00e1 que haya un futuro&#8221;.<\/p>\n<p>   En este sentido, el directivo de FIAB ha hecho referencia al impacto de medidas legislativas en materia de sostenibilidad aprobadas en el \u00faltimo a\u00f1o, como el impuesto al pl\u00e1stico. &#8220;Necesitamos trabajar todos juntos desde la colaboraci\u00f3n p\u00fablico-privada, respetando la unidad de mercado y la seguridad jur\u00eddica, y acompasando las medidas a los tiempos del resto de Europa y a sus circunstancias. Forzar costes adicionales en un periodo de guerra con precios disparados en energ\u00eda y materias primas no es lo m\u00e1s apropiado si queremos seguir aportando riqueza al mercado espa\u00f1ol&#8221;, ha asegurado.<\/p>\n<p>   En la misma l\u00ednea, el director general de AECOC, Jos\u00e9 Mar\u00eda Bonmat\u00ed, ha insistido en &#8220;el compromiso de las empresas con consumidores sociedad y planeta para seguir cumpliendo con los objetivos de sostenibilidad en un contexto muy dif\u00edcil&#8221; y ha explicado que &#8220;los costes legislativos que se est\u00e1n incorporando son dif\u00edciles de asumir en un entorno en el que las empresas est\u00e1n sacrificando m\u00e1rgenes&#8221;.<\/p>\n<p>   El director general de AECOC ha remarcado &#8220;la necesaria colaboraci\u00f3n con la administraci\u00f3n, con la que tenemos objetivos comunes, pero no siempre compartimos la forma de llegar a ellos&#8221;. En este sentido, ha explicado que apostar por la fiscalidad para gestionar las normativas medioambientales genera costes de residencia en Espa\u00f1a que hacen que las empresas nacionales pierdan competitividad respecto a las de otros pa\u00edses, &#8220;y eso no es bueno a medio plazo&#8221;.<\/p>\n<p>COLABORACI\u00d3N CON LA ADMINISTRACI\u00d3N<\/p>\n<p>   El encuentro tambi\u00e9n ha contado con la visi\u00f3n de la administraciones auton\u00f3micas, como el director de la Ag\u00e8ncia de Residus de Catalunya, Isaac Peraire, que ha se\u00f1alado que su responsabilidad pasa por &#8220;intentar hacerlo f\u00e1cil y acompa\u00f1ar tanto a las empresas como a la ciudadan\u00eda, por lo que con cada norma debe haber una interpretaci\u00f3n consensuada y unas acciones que permitan aplicarla&#8221;.<\/p>\n<p>   Peraire tambi\u00e9n ha pedido a las compa\u00f1\u00edas que no vean los impuestos ambientales como un castigo al sector, &#8220;sino que parten del principio de quien lo hace mal debe pagar&#8221;.<\/p>\n<p>   Por su parte, el director general de residuos y gesti\u00f3n ambiental en el Govern de les Illes Balears, Sebasti\u00e0 Sans\u00f3, ha reconocido que &#8220;los retos ambientales van a ser los m\u00e1s dif\u00edciles de afrontar, pero no por ello hay que dejarlos de lado&#8221;, y ha pedido que &#8220;empresas y administraciones se conozcan m\u00e1s&#8221;.<\/p>\n<p>   Finalmente, el director general de calidad y educaci\u00f3n ambiental de la Comunidad Valencia, Joan Piquer, ha reclamado &#8220;ser m\u00e1s ambiciosos en los modelos de negocio y romper barreras tecnol\u00f3gicas, log\u00edsticas y culturales&#8221;.<\/p>\n<p>   Piquer ha remarcado que &#8220;existe una econom\u00eda circular an\u00f3nima y las empresas deben hacer un esfuerzo para comunicar todo lo que est\u00e1n haciendo para reducir la generaci\u00f3n de residuos y hacer envases m\u00e1s circulares&#8221;.<\/p>\n","protected":false},"excerpt":{"rendered":"<p>AECOC y FIAB han reunido a cerca de 200 asistentes en la celebraci\u00f3n del 5\u00ba Congreso de Desarrollo Sostenible, que se celebra este 1 de marzo en La Nave de Madrid, un encuentro en el que han reclamado compatibilizar los objetivos de sostenibilidad con el crecimiento econ\u00f3mico. As\u00ed, en la inauguraci\u00f3n del acto, ambas asociaciones [&hellip;]<\/p>\n","protected":false},"author":277,"featured_media":110576,"comment_status":"close","ping_status":"","sticky":false,"template":"single-feature.php","format":"standard","meta":{"_acf_changed":false,"footnotes":""},"categories":[15645],"tags":[],"class_list":["post-176876","post","type-post","status-publish","format-standard","has-post-thumbnail","hentry","category-ultima-hora","cat-15645-id"],"acf":[],"yoast_head":"<!-- This site is optimized with the Yoast SEO plugin v27.4 - https:\/\/yoast.com\/product\/yoast-seo-wordpress\/ -->\n<title>Econom\u00eda.- AECOC y FIAB apuestan por compatibilizar los objetivos de sostenibilidad con crecimiento econ\u00f3mico - Tapas<\/title>\n<meta name=\"description\" content=\"AECOC y FIAB han reunido a cerca de 200 asistentes en la celebraci\u00f3n del 5\u00ba Congreso de Desarrollo Sostenible, que se celebra este 1 de marzo en La Nave\" \/>\n<meta name=\"robots\" content=\"index, follow, max-snippet:-1, max-image-preview:large, max-video-preview:-1\" \/>\n<link rel=\"canonical\" href=\"https:\/\/www.tapasmagazine.es\/en\/economia-aecoc-y-fiab-apuestan-por-compatibilizar-los-objetivos-de-sostenibilidad-con-crecimiento-economico\/\" \/>\n<meta property=\"og:locale\" content=\"en_US\" \/>\n<meta property=\"og:type\" content=\"article\" \/>\n<meta property=\"og:title\" content=\"Econom\u00eda.- AECOC y FIAB apuestan por compatibilizar los objetivos de sostenibilidad con crecimiento econ\u00f3mico - Tapas\" \/>\n<meta property=\"og:description\" content=\"AECOC y FIAB han reunido a cerca de 200 asistentes en la celebraci\u00f3n del 5\u00ba Congreso de Desarrollo Sostenible, que se celebra este 1 de marzo en La Nave\" \/>\n<meta property=\"og:url\" content=\"https:\/\/www.tapasmagazine.es\/en\/economia-aecoc-y-fiab-apuestan-por-compatibilizar-los-objetivos-de-sostenibilidad-con-crecimiento-economico\/\" \/>\n<meta property=\"og:site_name\" content=\"Tapas\" \/>\n<meta property=\"article:publisher\" content=\"https:\/\/www.facebook.com\/tapasmagazine\" \/>\n<meta property=\"article:published_time\" content=\"2023-03-01T11:46:00+00:00\" \/>\n<meta property=\"article:modified_time\" content=\"2023-03-01T12:12:37+00:00\" \/>\n<meta property=\"og:image\" content=\"https:\/\/www.tapasmagazine.es\/wp-content\/uploads\/2022\/11\/eplogo.gif\" \/>\n\t<meta property=\"og:image:width\" content=\"395\" \/>\n\t<meta property=\"og:image:height\" content=\"45\" \/>\n\t<meta property=\"og:image:type\" content=\"image\/gif\" \/>\n<meta name=\"author\" content=\"Tapas \/ EP\" \/>\n<meta name=\"twitter:card\" content=\"summary_large_image\" \/>\n<meta name=\"twitter:creator\" content=\"@TapasMagazine\" \/>\n<meta name=\"twitter:site\" content=\"@TapasMagazine\" \/>\n<meta name=\"twitter:label1\" content=\"Written by\" \/>\n\t<meta name=\"twitter:data1\" content=\"Tapas \/ EP\" \/>\n\t<meta name=\"twitter:label2\" content=\"Est. reading time\" \/>\n\t<meta name=\"twitter:data2\" content=\"3 minutes\" \/>\n<script type=\"application\/ld+json\" class=\"yoast-schema-graph\">{\"@context\":\"https:\\\/\\\/schema.org\",\"@graph\":[{\"@type\":\"Article\",\"@id\":\"https:\\\/\\\/www.tapasmagazine.es\\\/en\\\/economia-aecoc-y-fiab-apuestan-por-compatibilizar-los-objetivos-de-sostenibilidad-con-crecimiento-economico\\\/#article\",\"isPartOf\":{\"@id\":\"https:\\\/\\\/www.tapasmagazine.es\\\/en\\\/economia-aecoc-y-fiab-apuestan-por-compatibilizar-los-objetivos-de-sostenibilidad-con-crecimiento-economico\\\/\"},\"author\":{\"name\":\"Tapas \\\/ EP\",\"@id\":\"https:\\\/\\\/www.tapasmagazine.es\\\/#\\\/schema\\\/person\\\/dddb3bce6f98f2124c204b901d74a14b\"},\"headline\":\"Econom\u00eda.- AECOC y FIAB apuestan por compatibilizar los objetivos de sostenibilidad con crecimiento econ\u00f3mico\",\"datePublished\":\"2023-03-01T11:46:00+00:00\",\"dateModified\":\"2023-03-01T12:12:37+00:00\",\"mainEntityOfPage\":{\"@id\":\"https:\\\/\\\/www.tapasmagazine.es\\\/en\\\/economia-aecoc-y-fiab-apuestan-por-compatibilizar-los-objetivos-de-sostenibilidad-con-crecimiento-economico\\\/\"},\"wordCount\":667,\"publisher\":{\"@id\":\"https:\\\/\\\/www.tapasmagazine.es\\\/#organization\"},\"image\":{\"@id\":\"https:\\\/\\\/www.tapasmagazine.es\\\/en\\\/economia-aecoc-y-fiab-apuestan-por-compatibilizar-los-objetivos-de-sostenibilidad-con-crecimiento-economico\\\/#primaryimage\"},\"thumbnailUrl\":\"https:\\\/\\\/www.tapasmagazine.es\\\/wp-content\\\/uploads\\\/2022\\\/11\\\/eplogo.gif\",\"articleSection\":[\"\u00daltima hora\"],\"inLanguage\":\"en-US\"},{\"@type\":\"WebPage\",\"@id\":\"https:\\\/\\\/www.tapasmagazine.es\\\/en\\\/economia-aecoc-y-fiab-apuestan-por-compatibilizar-los-objetivos-de-sostenibilidad-con-crecimiento-economico\\\/\",\"url\":\"https:\\\/\\\/www.tapasmagazine.es\\\/en\\\/economia-aecoc-y-fiab-apuestan-por-compatibilizar-los-objetivos-de-sostenibilidad-con-crecimiento-economico\\\/\",\"name\":\"Econom\u00eda.- AECOC y FIAB apuestan por compatibilizar los objetivos de sostenibilidad con crecimiento econ\u00f3mico - Tapas\",\"isPartOf\":{\"@id\":\"https:\\\/\\\/www.tapasmagazine.es\\\/#website\"},\"primaryImageOfPage\":{\"@id\":\"https:\\\/\\\/www.tapasmagazine.es\\\/en\\\/economia-aecoc-y-fiab-apuestan-por-compatibilizar-los-objetivos-de-sostenibilidad-con-crecimiento-economico\\\/#primaryimage\"},\"image\":{\"@id\":\"https:\\\/\\\/www.tapasmagazine.es\\\/en\\\/economia-aecoc-y-fiab-apuestan-por-compatibilizar-los-objetivos-de-sostenibilidad-con-crecimiento-economico\\\/#primaryimage\"},\"thumbnailUrl\":\"https:\\\/\\\/www.tapasmagazine.es\\\/wp-content\\\/uploads\\\/2022\\\/11\\\/eplogo.gif\",\"datePublished\":\"2023-03-01T11:46:00+00:00\",\"dateModified\":\"2023-03-01T12:12:37+00:00\",\"description\":\"AECOC y FIAB han reunido a cerca de 200 asistentes en la celebraci\u00f3n del 5\u00ba Congreso de Desarrollo Sostenible, que se celebra este 1 de marzo en La Nave\",\"breadcrumb\":{\"@id\":\"https:\\\/\\\/www.tapasmagazine.es\\\/en\\\/economia-aecoc-y-fiab-apuestan-por-compatibilizar-los-objetivos-de-sostenibilidad-con-crecimiento-economico\\\/#breadcrumb\"},\"inLanguage\":\"en-US\",\"potentialAction\":[{\"@type\":\"ReadAction\",\"target\":[\"https:\\\/\\\/www.tapasmagazine.es\\\/en\\\/economia-aecoc-y-fiab-apuestan-por-compatibilizar-los-objetivos-de-sostenibilidad-con-crecimiento-economico\\\/\"]}]},{\"@type\":\"ImageObject\",\"inLanguage\":\"en-US\",\"@id\":\"https:\\\/\\\/www.tapasmagazine.es\\\/en\\\/economia-aecoc-y-fiab-apuestan-por-compatibilizar-los-objetivos-de-sostenibilidad-con-crecimiento-economico\\\/#primaryimage\",\"url\":\"https:\\\/\\\/www.tapasmagazine.es\\\/wp-content\\\/uploads\\\/2022\\\/11\\\/eplogo.gif\",\"contentUrl\":\"https:\\\/\\\/www.tapasmagazine.es\\\/wp-content\\\/uploads\\\/2022\\\/11\\\/eplogo.gif\",\"width\":395,\"height\":45},{\"@type\":\"BreadcrumbList\",\"@id\":\"https:\\\/\\\/www.tapasmagazine.es\\\/en\\\/economia-aecoc-y-fiab-apuestan-por-compatibilizar-los-objetivos-de-sostenibilidad-con-crecimiento-economico\\\/#breadcrumb\",\"itemListElement\":[{\"@type\":\"ListItem\",\"position\":1,\"name\":\"Portada\",\"item\":\"https:\\\/\\\/www.tapasmagazine.es\\\/\"},{\"@type\":\"ListItem\",\"position\":2,\"name\":\"Sin categorizar\",\"item\":\"https:\\\/\\\/www.tapasmagazine.es\\\/categorias\\\/sin-categorizar-2\\\/\"},{\"@type\":\"ListItem\",\"position\":3,\"name\":\"Econom\u00eda.- AECOC y FIAB apuestan por compatibilizar los objetivos de sostenibilidad con crecimiento econ\u00f3mico\"}]},{\"@type\":\"WebSite\",\"@id\":\"https:\\\/\\\/www.tapasmagazine.es\\\/#website\",\"url\":\"https:\\\/\\\/www.tapasmagazine.es\\\/\",\"name\":\"Tapas\",\"description\":\"\u00d1am \u00d1am Lifestyle. La vida a bocados. Premio Nacional de Gastronom\u00eda 2016.\",\"publisher\":{\"@id\":\"https:\\\/\\\/www.tapasmagazine.es\\\/#organization\"},\"potentialAction\":[{\"@type\":\"SearchAction\",\"target\":{\"@type\":\"EntryPoint\",\"urlTemplate\":\"https:\\\/\\\/www.tapasmagazine.es\\\/?s={search_term_string}\"},\"query-input\":{\"@type\":\"PropertyValueSpecification\",\"valueRequired\":true,\"valueName\":\"search_term_string\"}}],\"inLanguage\":\"en-US\"},{\"@type\":\"Organization\",\"@id\":\"https:\\\/\\\/www.tapasmagazine.es\\\/#organization\",\"name\":\"Tapas Magazine\",\"url\":\"https:\\\/\\\/www.tapasmagazine.es\\\/\",\"logo\":{\"@type\":\"ImageObject\",\"inLanguage\":\"en-US\",\"@id\":\"https:\\\/\\\/www.tapasmagazine.es\\\/#\\\/schema\\\/logo\\\/image\\\/\",\"url\":\"https:\\\/\\\/www.tapasmagazine.es\\\/wp-content\\\/uploads\\\/2018\\\/01\\\/logo.png\",\"contentUrl\":\"https:\\\/\\\/www.tapasmagazine.es\\\/wp-content\\\/uploads\\\/2018\\\/01\\\/logo.png\",\"width\":180,\"height\":60,\"caption\":\"Tapas Magazine\"},\"image\":{\"@id\":\"https:\\\/\\\/www.tapasmagazine.es\\\/#\\\/schema\\\/logo\\\/image\\\/\"},\"sameAs\":[\"https:\\\/\\\/www.facebook.com\\\/tapasmagazine\",\"https:\\\/\\\/x.com\\\/TapasMagazine\",\"https:\\\/\\\/www.instagram.com\\\/tapasmagazine\\\/\",\"https:\\\/\\\/www.linkedin.com\\\/company\\\/tapas-magazine\",\"https:\\\/\\\/es.pinterest.com\\\/tapasmagazine\\\/\",\"https:\\\/\\\/www.youtube.com\\\/channel\\\/UCEyxneAaACuR0lfDagrWjjg?sub_confirmation=1\"]},{\"@type\":\"Person\",\"@id\":\"https:\\\/\\\/www.tapasmagazine.es\\\/#\\\/schema\\\/person\\\/dddb3bce6f98f2124c204b901d74a14b\",\"name\":\"Tapas \\\/ EP\",\"url\":\"https:\\\/\\\/www.tapasmagazine.es\\\/en\\\/author\\\/tapasep\\\/\"}]}<\/script>\n<!-- \/ Yoast SEO plugin. -->","yoast_head_json":{"title":"Econom\u00eda.- AECOC y FIAB apuestan por compatibilizar los objetivos de sostenibilidad con crecimiento econ\u00f3mico - Tapas","description":"AECOC y FIAB han reunido a cerca de 200 asistentes en la celebraci\u00f3n del 5\u00ba Congreso de Desarrollo Sostenible, que se celebra este 1 de marzo en La Nave","robots":{"index":"index","follow":"follow","max-snippet":"max-snippet:-1","max-image-preview":"max-image-preview:large","max-video-preview":"max-video-preview:-1"},"canonical":"https:\/\/www.tapasmagazine.es\/en\/economia-aecoc-y-fiab-apuestan-por-compatibilizar-los-objetivos-de-sostenibilidad-con-crecimiento-economico\/","og_locale":"en_US","og_type":"article","og_title":"Econom\u00eda.- AECOC y FIAB apuestan por compatibilizar los objetivos de sostenibilidad con crecimiento econ\u00f3mico - Tapas","og_description":"AECOC y FIAB han reunido a cerca de 200 asistentes en la celebraci\u00f3n del 5\u00ba Congreso de Desarrollo Sostenible, que se celebra este 1 de marzo en La Nave","og_url":"https:\/\/www.tapasmagazine.es\/en\/economia-aecoc-y-fiab-apuestan-por-compatibilizar-los-objetivos-de-sostenibilidad-con-crecimiento-economico\/","og_site_name":"Tapas","article_publisher":"https:\/\/www.facebook.com\/tapasmagazine","article_published_time":"2023-03-01T11:46:00+00:00","article_modified_time":"2023-03-01T12:12:37+00:00","og_image":[{"width":395,"height":45,"url":"https:\/\/www.tapasmagazine.es\/wp-content\/uploads\/2022\/11\/eplogo.gif","type":"image\/gif"}],"author":"Tapas \/ EP","twitter_card":"summary_large_image","twitter_creator":"@TapasMagazine","twitter_site":"@TapasMagazine","twitter_misc":{"Written by":"Tapas \/ EP","Est. reading time":"3 minutes"},"schema":{"@context":"https:\/\/schema.org","@graph":[{"@type":"Article","@id":"https:\/\/www.tapasmagazine.es\/en\/economia-aecoc-y-fiab-apuestan-por-compatibilizar-los-objetivos-de-sostenibilidad-con-crecimiento-economico\/#article","isPartOf":{"@id":"https:\/\/www.tapasmagazine.es\/en\/economia-aecoc-y-fiab-apuestan-por-compatibilizar-los-objetivos-de-sostenibilidad-con-crecimiento-economico\/"},"author":{"name":"Tapas \/ EP","@id":"https:\/\/www.tapasmagazine.es\/#\/schema\/person\/dddb3bce6f98f2124c204b901d74a14b"},"headline":"Econom\u00eda.- AECOC y FIAB apuestan por compatibilizar los objetivos de sostenibilidad con crecimiento econ\u00f3mico","datePublished":"2023-03-01T11:46:00+00:00","dateModified":"2023-03-01T12:12:37+00:00","mainEntityOfPage":{"@id":"https:\/\/www.tapasmagazine.es\/en\/economia-aecoc-y-fiab-apuestan-por-compatibilizar-los-objetivos-de-sostenibilidad-con-crecimiento-economico\/"},"wordCount":667,"publisher":{"@id":"https:\/\/www.tapasmagazine.es\/#organization"},"image":{"@id":"https:\/\/www.tapasmagazine.es\/en\/economia-aecoc-y-fiab-apuestan-por-compatibilizar-los-objetivos-de-sostenibilidad-con-crecimiento-economico\/#primaryimage"},"thumbnailUrl":"https:\/\/www.tapasmagazine.es\/wp-content\/uploads\/2022\/11\/eplogo.gif","articleSection":["\u00daltima hora"],"inLanguage":"en-US"},{"@type":"WebPage","@id":"https:\/\/www.tapasmagazine.es\/en\/economia-aecoc-y-fiab-apuestan-por-compatibilizar-los-objetivos-de-sostenibilidad-con-crecimiento-economico\/","url":"https:\/\/www.tapasmagazine.es\/en\/economia-aecoc-y-fiab-apuestan-por-compatibilizar-los-objetivos-de-sostenibilidad-con-crecimiento-economico\/","name":"Econom\u00eda.- AECOC y FIAB apuestan por compatibilizar los objetivos de sostenibilidad con crecimiento econ\u00f3mico - Tapas","isPartOf":{"@id":"https:\/\/www.tapasmagazine.es\/#website"},"primaryImageOfPage":{"@id":"https:\/\/www.tapasmagazine.es\/en\/economia-aecoc-y-fiab-apuestan-por-compatibilizar-los-objetivos-de-sostenibilidad-con-crecimiento-economico\/#primaryimage"},"image":{"@id":"https:\/\/www.tapasmagazine.es\/en\/economia-aecoc-y-fiab-apuestan-por-compatibilizar-los-objetivos-de-sostenibilidad-con-crecimiento-economico\/#primaryimage"},"thumbnailUrl":"https:\/\/www.tapasmagazine.es\/wp-content\/uploads\/2022\/11\/eplogo.gif","datePublished":"2023-03-01T11:46:00+00:00","dateModified":"2023-03-01T12:12:37+00:00","description":"AECOC y FIAB han reunido a cerca de 200 asistentes en la celebraci\u00f3n del 5\u00ba Congreso de Desarrollo Sostenible, que se celebra este 1 de marzo en La Nave","breadcrumb":{"@id":"https:\/\/www.tapasmagazine.es\/en\/economia-aecoc-y-fiab-apuestan-por-compatibilizar-los-objetivos-de-sostenibilidad-con-crecimiento-economico\/#breadcrumb"},"inLanguage":"en-US","potentialAction":[{"@type":"ReadAction","target":["https:\/\/www.tapasmagazine.es\/en\/economia-aecoc-y-fiab-apuestan-por-compatibilizar-los-objetivos-de-sostenibilidad-con-crecimiento-economico\/"]}]},{"@type":"ImageObject","inLanguage":"en-US","@id":"https:\/\/www.tapasmagazine.es\/en\/economia-aecoc-y-fiab-apuestan-por-compatibilizar-los-objetivos-de-sostenibilidad-con-crecimiento-economico\/#primaryimage","url":"https:\/\/www.tapasmagazine.es\/wp-content\/uploads\/2022\/11\/eplogo.gif","contentUrl":"https:\/\/www.tapasmagazine.es\/wp-content\/uploads\/2022\/11\/eplogo.gif","width":395,"height":45},{"@type":"BreadcrumbList","@id":"https:\/\/www.tapasmagazine.es\/en\/economia-aecoc-y-fiab-apuestan-por-compatibilizar-los-objetivos-de-sostenibilidad-con-crecimiento-economico\/#breadcrumb","itemListElement":[{"@type":"ListItem","position":1,"name":"Portada","item":"https:\/\/www.tapasmagazine.es\/"},{"@type":"ListItem","position":2,"name":"Sin categorizar","item":"https:\/\/www.tapasmagazine.es\/categorias\/sin-categorizar-2\/"},{"@type":"ListItem","position":3,"name":"Econom\u00eda.- AECOC y FIAB apuestan por compatibilizar los objetivos de sostenibilidad con crecimiento econ\u00f3mico"}]},{"@type":"WebSite","@id":"https:\/\/www.tapasmagazine.es\/#website","url":"https:\/\/www.tapasmagazine.es\/","name":"Tapas","description":"\u00d1am \u00d1am Lifestyle. La vida a bocados. Premio Nacional de Gastronom\u00eda 2016.","publisher":{"@id":"https:\/\/www.tapasmagazine.es\/#organization"},"potentialAction":[{"@type":"SearchAction","target":{"@type":"EntryPoint","urlTemplate":"https:\/\/www.tapasmagazine.es\/?s={search_term_string}"},"query-input":{"@type":"PropertyValueSpecification","valueRequired":true,"valueName":"search_term_string"}}],"inLanguage":"en-US"},{"@type":"Organization","@id":"https:\/\/www.tapasmagazine.es\/#organization","name":"Tapas Magazine","url":"https:\/\/www.tapasmagazine.es\/","logo":{"@type":"ImageObject","inLanguage":"en-US","@id":"https:\/\/www.tapasmagazine.es\/#\/schema\/logo\/image\/","url":"https:\/\/www.tapasmagazine.es\/wp-content\/uploads\/2018\/01\/logo.png","contentUrl":"https:\/\/www.tapasmagazine.es\/wp-content\/uploads\/2018\/01\/logo.png","width":180,"height":60,"caption":"Tapas Magazine"},"image":{"@id":"https:\/\/www.tapasmagazine.es\/#\/schema\/logo\/image\/"},"sameAs":["https:\/\/www.facebook.com\/tapasmagazine","https:\/\/x.com\/TapasMagazine","https:\/\/www.instagram.com\/tapasmagazine\/","https:\/\/www.linkedin.com\/company\/tapas-magazine","https:\/\/es.pinterest.com\/tapasmagazine\/","https:\/\/www.youtube.com\/channel\/UCEyxneAaACuR0lfDagrWjjg?sub_confirmation=1"]},{"@type":"Person","@id":"https:\/\/www.tapasmagazine.es\/#\/schema\/person\/dddb3bce6f98f2124c204b901d74a14b","name":"Tapas \/ EP","url":"https:\/\/www.tapasmagazine.es\/en\/author\/tapasep\/"}]}},"_links":{"self":[{"href":"https:\/\/www.tapasmagazine.es\/en\/wp-json\/wp\/v2\/posts\/176876","targetHints":{"allow":["GET"]}}],"collection":[{"href":"https:\/\/www.tapasmagazine.es\/en\/wp-json\/wp\/v2\/posts"}],"about":[{"href":"https:\/\/www.tapasmagazine.es\/en\/wp-json\/wp\/v2\/types\/post"}],"author":[{"embeddable":true,"href":"https:\/\/www.tapasmagazine.es\/en\/wp-json\/wp\/v2\/users\/277"}],"replies":[{"embeddable":true,"href":"https:\/\/www.tapasmagazine.es\/en\/wp-json\/wp\/v2\/comments?post=176876"}],"version-history":[{"count":1,"href":"https:\/\/www.tapasmagazine.es\/en\/wp-json\/wp\/v2\/posts\/176876\/revisions"}],"predecessor-version":[{"id":176877,"href":"https:\/\/www.tapasmagazine.es\/en\/wp-json\/wp\/v2\/posts\/176876\/revisions\/176877"}],"wp:featuredmedia":[{"embeddable":true,"href":"https:\/\/www.tapasmagazine.es\/en\/wp-json\/wp\/v2\/media\/110576"}],"wp:attachment":[{"href":"https:\/\/www.tapasmagazine.es\/en\/wp-json\/wp\/v2\/media?parent=176876"}],"wp:term":[{"taxonomy":"category","embeddable":true,"href":"https:\/\/www.tapasmagazine.es\/en\/wp-json\/wp\/v2\/categories?post=176876"},{"taxonomy":"post_tag","embeddable":true,"href":"https:\/\/www.tapasmagazine.es\/en\/wp-json\/wp\/v2\/tags?post=176876"}],"curies":[{"name":"wp","href":"https:\/\/api.w.org\/{rel}","templated":true}]}}