{"id":176860,"date":"2023-03-01T12:12:26","date_gmt":"2023-03-01T11:12:26","guid":{"rendered":"https:\/\/www.tapasmagazine.es\/?p=176860"},"modified":"2023-03-01T12:42:41","modified_gmt":"2023-03-01T11:42:41","slug":"economia-amp-planas-asegura-que-se-esta-en-visperas-de-notar-la-bajada-de-precios-en-la-cesta-de-la-compra","status":"publish","type":"post","link":"https:\/\/www.tapasmagazine.es\/en\/economia-amp-planas-asegura-que-se-esta-en-visperas-de-notar-la-bajada-de-precios-en-la-cesta-de-la-compra\/","title":{"rendered":"Econom\u00eda.- (AMP) Planas asegura que se est\u00e1 en &#8220;v\u00edsperas&#8221; de notar la bajada de precios en la cesta de la compra"},"content":{"rendered":"<p>El ministro de Agricultura, Pesca y Alimentaci\u00f3n, Luis Planas, ha asegurado que se est\u00e1 en &#8220;v\u00edsperas&#8221; de que los hogares noten la bajada de precios en la cesta de la compra, si no se produce ning\u00fan factor de volatilidad que vaya en sentido contrario, tras parar en enero &#8220;una subida de precios muy fuerte&#8221;.<\/p>\n<p>   En este sentido, seg\u00fan ha explicado en el titular de Agricultura en los &#8216;Desayunos Informativos&#8217; de Europa Press, patrocinado por KPMG, Cepsa, Veolia, Fundaci\u00f3n Ibercaja, Fujitsu, Altadis y Telef\u00f3nica, &#8220;nadie tiene una bola de cristal, ni una varita m\u00e1gica&#8221; para saber la fecha exacta.<\/p>\n<p>   Por su parte, ha afirmado que la tendencia es &#8220;decreciente en costes&#8221; y que esto se va a trasladar &#8220;antes que despu\u00e9s&#8221; a los precios que lleguen a las familias, ya que entiende &#8220;la inquietud&#8221; latente que existe en cada hogar de Espa\u00f1a por el gasto medio en alimentaci\u00f3n, que se sit\u00faa entre el 20% y 21% en las familias de menores ingresos.<\/p>\n<p>   Asimismo, ha suscrito los datos del IPC, que alcanz\u00f3 el 6,1% en el mes de febrero, publicados por el Instituto Nacional de Estad\u00edstica (INE) este martes. En este sentido, ha indicado que pese a que a\u00fan no se conoce el IPC de febrero, ha asegurado que tiene &#8220;una gran confianza en el INE&#8221;.<\/p>\n<p>   En este sentido, el titular de Agricultura ha puesto de manifiesto palabras de economistas que consideran que la inflaci\u00f3n est\u00e1 pasando por una &#8220;especie de meseta&#8221;, as\u00ed como que &#8220;el Gobierno tomar\u00e1 las medidas que considere oportunas&#8221; para seguir paliando el impacto del alza de precios.<\/p>\n<p>NO SE PRONUNCIA SOBRE LA REBAJA DEL IVA EN CARNES Y PESCADOS   <\/p>\n<p>   &#8220;No voy a pronunciarme sobre una medida u otra&#8221;, ha explicado Planas, que pone de manifiesto que los productos en los que no se ha rebajado el IVA crecieron en enero un 1,6%, mientras que los datos registrados en el primer mes del 2023 mostraron la reducci\u00f3n de productos en los que s\u00ed se hab\u00eda reducido el IVA.<\/p>\n<p>   El ministro de Agricultura ha recalcado que el Gobierno tiene claro que &#8220;cuando hay un problema, se va a la ra\u00edz y se intenta atajar&#8221; y que &#8220;sigue analizando los escenarios y viendo qu\u00e9 medidas son m\u00e1s eficaces&#8221;.<\/p>\n<p>   Preguntado por las afirmaciones de Unidas Podemos sobre que las grandes cadenas de supermercados &#8220;est\u00e1n forr\u00e1ndose&#8221; y sus propuestas de topar los precios, el ministro Planas ha comentado que &#8220;lo que decide el Gobierno son las decisiones que salen del Consejo de Ministros&#8221;. &#8220;El mundo est\u00e1 lleno de ideas bien intencionadas, porque buenas hay muy pocas. Mi preocupaci\u00f3n es la soluci\u00f3n de los problemas y el an\u00e1lisis de la situaci\u00f3n&#8221;, ha recalcado.<\/p>\n<p>   Relacionado con la viabilidad de la bonificaci\u00f3n del 14,4% de la cesta de la compra en la que insisten desde Podemos, Planas ha explicado que &#8220;tampoco hay cien ideas bien intencionadas o no&#8221;, ya que lo que mira &#8220;es lo que pasa en el resto de la Uni\u00f3n Europea y no hay muchos casos, realmente, en los que inspirarse&#8221;.<\/p>\n","protected":false},"excerpt":{"rendered":"<p>El ministro de Agricultura, Pesca y Alimentaci\u00f3n, Luis Planas, ha asegurado que se est\u00e1 en &#8220;v\u00edsperas&#8221; de que los hogares noten la bajada de precios en la cesta de la compra, si no se produce ning\u00fan factor de volatilidad que vaya en sentido contrario, tras parar en enero &#8220;una subida de precios muy fuerte&#8221;. En [&hellip;]<\/p>\n","protected":false},"author":277,"featured_media":176862,"comment_status":"close","ping_status":"","sticky":false,"template":"single-feature.php","format":"standard","meta":{"_acf_changed":false,"footnotes":""},"categories":[15645],"tags":[],"class_list":["post-176860","post","type-post","status-publish","format-standard","has-post-thumbnail","hentry","category-ultima-hora","cat-15645-id"],"acf":[],"yoast_head":"<!-- This site is optimized with the Yoast SEO plugin v27.4 - https:\/\/yoast.com\/product\/yoast-seo-wordpress\/ -->\n<title>Econom\u00eda.- (AMP) Planas asegura que se est\u00e1 en &quot;v\u00edsperas&quot; de notar la bajada de precios en la cesta de la compra - Tapas<\/title>\n<meta name=\"description\" content=\"El ministro de Agricultura, Pesca y Alimentaci\u00f3n, Luis Planas, ha asegurado que se est\u00e1 en &quot;v\u00edsperas&quot; de que los hogares noten la bajada de precios en la\" \/>\n<meta name=\"robots\" content=\"index, follow, max-snippet:-1, max-image-preview:large, max-video-preview:-1\" \/>\n<link rel=\"canonical\" href=\"https:\/\/www.tapasmagazine.es\/en\/economia-amp-planas-asegura-que-se-esta-en-visperas-de-notar-la-bajada-de-precios-en-la-cesta-de-la-compra\/\" \/>\n<meta property=\"og:locale\" content=\"en_US\" \/>\n<meta property=\"og:type\" content=\"article\" \/>\n<meta property=\"og:title\" content=\"Econom\u00eda.- (AMP) Planas asegura que se est\u00e1 en &quot;v\u00edsperas&quot; de notar la bajada de precios en la cesta de la compra - Tapas\" \/>\n<meta property=\"og:description\" content=\"El ministro de Agricultura, Pesca y Alimentaci\u00f3n, Luis Planas, ha asegurado que se est\u00e1 en &quot;v\u00edsperas&quot; de que los hogares noten la bajada de precios en la\" \/>\n<meta property=\"og:url\" content=\"https:\/\/www.tapasmagazine.es\/en\/economia-amp-planas-asegura-que-se-esta-en-visperas-de-notar-la-bajada-de-precios-en-la-cesta-de-la-compra\/\" \/>\n<meta property=\"og:site_name\" content=\"Tapas\" \/>\n<meta property=\"article:publisher\" content=\"https:\/\/www.facebook.com\/tapasmagazine\" \/>\n<meta property=\"article:published_time\" content=\"2023-03-01T11:12:26+00:00\" \/>\n<meta property=\"article:modified_time\" content=\"2023-03-01T11:42:41+00:00\" \/>\n<meta property=\"og:image\" content=\"https:\/\/www.tapasmagazine.es\/wp-content\/uploads\/2023\/03\/fotonoticia_20230301121226_9999-scaled.jpg\" \/>\n\t<meta property=\"og:image:width\" content=\"2560\" \/>\n\t<meta property=\"og:image:height\" content=\"1750\" \/>\n\t<meta property=\"og:image:type\" content=\"image\/jpeg\" \/>\n<meta name=\"author\" content=\"Tapas \/ EP\" \/>\n<meta name=\"twitter:card\" content=\"summary_large_image\" \/>\n<meta name=\"twitter:creator\" content=\"@TapasMagazine\" \/>\n<meta name=\"twitter:site\" content=\"@TapasMagazine\" \/>\n<meta name=\"twitter:label1\" content=\"Written by\" \/>\n\t<meta name=\"twitter:data1\" content=\"Tapas \/ EP\" \/>\n\t<meta name=\"twitter:label2\" content=\"Est. reading time\" \/>\n\t<meta name=\"twitter:data2\" content=\"3 minutes\" \/>\n<script type=\"application\/ld+json\" class=\"yoast-schema-graph\">{\"@context\":\"https:\\\/\\\/schema.org\",\"@graph\":[{\"@type\":\"Article\",\"@id\":\"https:\\\/\\\/www.tapasmagazine.es\\\/en\\\/economia-amp-planas-asegura-que-se-esta-en-visperas-de-notar-la-bajada-de-precios-en-la-cesta-de-la-compra\\\/#article\",\"isPartOf\":{\"@id\":\"https:\\\/\\\/www.tapasmagazine.es\\\/en\\\/economia-amp-planas-asegura-que-se-esta-en-visperas-de-notar-la-bajada-de-precios-en-la-cesta-de-la-compra\\\/\"},\"author\":{\"name\":\"Tapas \\\/ EP\",\"@id\":\"https:\\\/\\\/www.tapasmagazine.es\\\/#\\\/schema\\\/person\\\/dddb3bce6f98f2124c204b901d74a14b\"},\"headline\":\"Econom\u00eda.- (AMP) Planas asegura que se est\u00e1 en &#8220;v\u00edsperas&#8221; de notar la bajada de precios en la cesta de la compra\",\"datePublished\":\"2023-03-01T11:12:26+00:00\",\"dateModified\":\"2023-03-01T11:42:41+00:00\",\"mainEntityOfPage\":{\"@id\":\"https:\\\/\\\/www.tapasmagazine.es\\\/en\\\/economia-amp-planas-asegura-que-se-esta-en-visperas-de-notar-la-bajada-de-precios-en-la-cesta-de-la-compra\\\/\"},\"wordCount\":543,\"publisher\":{\"@id\":\"https:\\\/\\\/www.tapasmagazine.es\\\/#organization\"},\"image\":{\"@id\":\"https:\\\/\\\/www.tapasmagazine.es\\\/en\\\/economia-amp-planas-asegura-que-se-esta-en-visperas-de-notar-la-bajada-de-precios-en-la-cesta-de-la-compra\\\/#primaryimage\"},\"thumbnailUrl\":\"https:\\\/\\\/www.tapasmagazine.es\\\/wp-content\\\/uploads\\\/2023\\\/03\\\/fotonoticia_20230301121226_9999-scaled.jpg\",\"articleSection\":[\"\u00daltima hora\"],\"inLanguage\":\"en-US\"},{\"@type\":\"WebPage\",\"@id\":\"https:\\\/\\\/www.tapasmagazine.es\\\/en\\\/economia-amp-planas-asegura-que-se-esta-en-visperas-de-notar-la-bajada-de-precios-en-la-cesta-de-la-compra\\\/\",\"url\":\"https:\\\/\\\/www.tapasmagazine.es\\\/en\\\/economia-amp-planas-asegura-que-se-esta-en-visperas-de-notar-la-bajada-de-precios-en-la-cesta-de-la-compra\\\/\",\"name\":\"Econom\u00eda.- (AMP) Planas asegura que se est\u00e1 en \\\"v\u00edsperas\\\" de notar la bajada de precios en la cesta de la compra - Tapas\",\"isPartOf\":{\"@id\":\"https:\\\/\\\/www.tapasmagazine.es\\\/#website\"},\"primaryImageOfPage\":{\"@id\":\"https:\\\/\\\/www.tapasmagazine.es\\\/en\\\/economia-amp-planas-asegura-que-se-esta-en-visperas-de-notar-la-bajada-de-precios-en-la-cesta-de-la-compra\\\/#primaryimage\"},\"image\":{\"@id\":\"https:\\\/\\\/www.tapasmagazine.es\\\/en\\\/economia-amp-planas-asegura-que-se-esta-en-visperas-de-notar-la-bajada-de-precios-en-la-cesta-de-la-compra\\\/#primaryimage\"},\"thumbnailUrl\":\"https:\\\/\\\/www.tapasmagazine.es\\\/wp-content\\\/uploads\\\/2023\\\/03\\\/fotonoticia_20230301121226_9999-scaled.jpg\",\"datePublished\":\"2023-03-01T11:12:26+00:00\",\"dateModified\":\"2023-03-01T11:42:41+00:00\",\"description\":\"El ministro de Agricultura, Pesca y Alimentaci\u00f3n, Luis Planas, ha asegurado que se est\u00e1 en \\\"v\u00edsperas\\\" de que los hogares noten la bajada de precios en la\",\"breadcrumb\":{\"@id\":\"https:\\\/\\\/www.tapasmagazine.es\\\/en\\\/economia-amp-planas-asegura-que-se-esta-en-visperas-de-notar-la-bajada-de-precios-en-la-cesta-de-la-compra\\\/#breadcrumb\"},\"inLanguage\":\"en-US\",\"potentialAction\":[{\"@type\":\"ReadAction\",\"target\":[\"https:\\\/\\\/www.tapasmagazine.es\\\/en\\\/economia-amp-planas-asegura-que-se-esta-en-visperas-de-notar-la-bajada-de-precios-en-la-cesta-de-la-compra\\\/\"]}]},{\"@type\":\"ImageObject\",\"inLanguage\":\"en-US\",\"@id\":\"https:\\\/\\\/www.tapasmagazine.es\\\/en\\\/economia-amp-planas-asegura-que-se-esta-en-visperas-de-notar-la-bajada-de-precios-en-la-cesta-de-la-compra\\\/#primaryimage\",\"url\":\"https:\\\/\\\/www.tapasmagazine.es\\\/wp-content\\\/uploads\\\/2023\\\/03\\\/fotonoticia_20230301121226_9999-scaled.jpg\",\"contentUrl\":\"https:\\\/\\\/www.tapasmagazine.es\\\/wp-content\\\/uploads\\\/2023\\\/03\\\/fotonoticia_20230301121226_9999-scaled.jpg\",\"width\":2560,\"height\":1750},{\"@type\":\"BreadcrumbList\",\"@id\":\"https:\\\/\\\/www.tapasmagazine.es\\\/en\\\/economia-amp-planas-asegura-que-se-esta-en-visperas-de-notar-la-bajada-de-precios-en-la-cesta-de-la-compra\\\/#breadcrumb\",\"itemListElement\":[{\"@type\":\"ListItem\",\"position\":1,\"name\":\"Portada\",\"item\":\"https:\\\/\\\/www.tapasmagazine.es\\\/\"},{\"@type\":\"ListItem\",\"position\":2,\"name\":\"Sin categorizar\",\"item\":\"https:\\\/\\\/www.tapasmagazine.es\\\/categorias\\\/sin-categorizar-2\\\/\"},{\"@type\":\"ListItem\",\"position\":3,\"name\":\"Econom\u00eda.- (AMP) Planas asegura que se est\u00e1 en \u00abv\u00edsperas\u00bb de notar la bajada de precios en la cesta de la compra\"}]},{\"@type\":\"WebSite\",\"@id\":\"https:\\\/\\\/www.tapasmagazine.es\\\/#website\",\"url\":\"https:\\\/\\\/www.tapasmagazine.es\\\/\",\"name\":\"Tapas\",\"description\":\"\u00d1am \u00d1am Lifestyle. La vida a bocados. Premio Nacional de Gastronom\u00eda 2016.\",\"publisher\":{\"@id\":\"https:\\\/\\\/www.tapasmagazine.es\\\/#organization\"},\"potentialAction\":[{\"@type\":\"SearchAction\",\"target\":{\"@type\":\"EntryPoint\",\"urlTemplate\":\"https:\\\/\\\/www.tapasmagazine.es\\\/?s={search_term_string}\"},\"query-input\":{\"@type\":\"PropertyValueSpecification\",\"valueRequired\":true,\"valueName\":\"search_term_string\"}}],\"inLanguage\":\"en-US\"},{\"@type\":\"Organization\",\"@id\":\"https:\\\/\\\/www.tapasmagazine.es\\\/#organization\",\"name\":\"Tapas Magazine\",\"url\":\"https:\\\/\\\/www.tapasmagazine.es\\\/\",\"logo\":{\"@type\":\"ImageObject\",\"inLanguage\":\"en-US\",\"@id\":\"https:\\\/\\\/www.tapasmagazine.es\\\/#\\\/schema\\\/logo\\\/image\\\/\",\"url\":\"https:\\\/\\\/www.tapasmagazine.es\\\/wp-content\\\/uploads\\\/2018\\\/01\\\/logo.png\",\"contentUrl\":\"https:\\\/\\\/www.tapasmagazine.es\\\/wp-content\\\/uploads\\\/2018\\\/01\\\/logo.png\",\"width\":180,\"height\":60,\"caption\":\"Tapas Magazine\"},\"image\":{\"@id\":\"https:\\\/\\\/www.tapasmagazine.es\\\/#\\\/schema\\\/logo\\\/image\\\/\"},\"sameAs\":[\"https:\\\/\\\/www.facebook.com\\\/tapasmagazine\",\"https:\\\/\\\/x.com\\\/TapasMagazine\",\"https:\\\/\\\/www.instagram.com\\\/tapasmagazine\\\/\",\"https:\\\/\\\/www.linkedin.com\\\/company\\\/tapas-magazine\",\"https:\\\/\\\/es.pinterest.com\\\/tapasmagazine\\\/\",\"https:\\\/\\\/www.youtube.com\\\/channel\\\/UCEyxneAaACuR0lfDagrWjjg?sub_confirmation=1\"]},{\"@type\":\"Person\",\"@id\":\"https:\\\/\\\/www.tapasmagazine.es\\\/#\\\/schema\\\/person\\\/dddb3bce6f98f2124c204b901d74a14b\",\"name\":\"Tapas \\\/ EP\",\"url\":\"https:\\\/\\\/www.tapasmagazine.es\\\/en\\\/author\\\/tapasep\\\/\"}]}<\/script>\n<!-- \/ Yoast SEO plugin. -->","yoast_head_json":{"title":"Econom\u00eda.- (AMP) Planas asegura que se est\u00e1 en \"v\u00edsperas\" de notar la bajada de precios en la cesta de la compra - Tapas","description":"El ministro de Agricultura, Pesca y Alimentaci\u00f3n, Luis Planas, ha asegurado que se est\u00e1 en \"v\u00edsperas\" de que los hogares noten la bajada de precios en la","robots":{"index":"index","follow":"follow","max-snippet":"max-snippet:-1","max-image-preview":"max-image-preview:large","max-video-preview":"max-video-preview:-1"},"canonical":"https:\/\/www.tapasmagazine.es\/en\/economia-amp-planas-asegura-que-se-esta-en-visperas-de-notar-la-bajada-de-precios-en-la-cesta-de-la-compra\/","og_locale":"en_US","og_type":"article","og_title":"Econom\u00eda.- (AMP) Planas asegura que se est\u00e1 en \"v\u00edsperas\" de notar la bajada de precios en la cesta de la compra - Tapas","og_description":"El ministro de Agricultura, Pesca y Alimentaci\u00f3n, Luis Planas, ha asegurado que se est\u00e1 en \"v\u00edsperas\" de que los hogares noten la bajada de precios en la","og_url":"https:\/\/www.tapasmagazine.es\/en\/economia-amp-planas-asegura-que-se-esta-en-visperas-de-notar-la-bajada-de-precios-en-la-cesta-de-la-compra\/","og_site_name":"Tapas","article_publisher":"https:\/\/www.facebook.com\/tapasmagazine","article_published_time":"2023-03-01T11:12:26+00:00","article_modified_time":"2023-03-01T11:42:41+00:00","og_image":[{"width":2560,"height":1750,"url":"https:\/\/www.tapasmagazine.es\/wp-content\/uploads\/2023\/03\/fotonoticia_20230301121226_9999-scaled.jpg","type":"image\/jpeg"}],"author":"Tapas \/ EP","twitter_card":"summary_large_image","twitter_creator":"@TapasMagazine","twitter_site":"@TapasMagazine","twitter_misc":{"Written by":"Tapas \/ EP","Est. reading time":"3 minutes"},"schema":{"@context":"https:\/\/schema.org","@graph":[{"@type":"Article","@id":"https:\/\/www.tapasmagazine.es\/en\/economia-amp-planas-asegura-que-se-esta-en-visperas-de-notar-la-bajada-de-precios-en-la-cesta-de-la-compra\/#article","isPartOf":{"@id":"https:\/\/www.tapasmagazine.es\/en\/economia-amp-planas-asegura-que-se-esta-en-visperas-de-notar-la-bajada-de-precios-en-la-cesta-de-la-compra\/"},"author":{"name":"Tapas \/ EP","@id":"https:\/\/www.tapasmagazine.es\/#\/schema\/person\/dddb3bce6f98f2124c204b901d74a14b"},"headline":"Econom\u00eda.- (AMP) Planas asegura que se est\u00e1 en &#8220;v\u00edsperas&#8221; de notar la bajada de precios en la cesta de la compra","datePublished":"2023-03-01T11:12:26+00:00","dateModified":"2023-03-01T11:42:41+00:00","mainEntityOfPage":{"@id":"https:\/\/www.tapasmagazine.es\/en\/economia-amp-planas-asegura-que-se-esta-en-visperas-de-notar-la-bajada-de-precios-en-la-cesta-de-la-compra\/"},"wordCount":543,"publisher":{"@id":"https:\/\/www.tapasmagazine.es\/#organization"},"image":{"@id":"https:\/\/www.tapasmagazine.es\/en\/economia-amp-planas-asegura-que-se-esta-en-visperas-de-notar-la-bajada-de-precios-en-la-cesta-de-la-compra\/#primaryimage"},"thumbnailUrl":"https:\/\/www.tapasmagazine.es\/wp-content\/uploads\/2023\/03\/fotonoticia_20230301121226_9999-scaled.jpg","articleSection":["\u00daltima hora"],"inLanguage":"en-US"},{"@type":"WebPage","@id":"https:\/\/www.tapasmagazine.es\/en\/economia-amp-planas-asegura-que-se-esta-en-visperas-de-notar-la-bajada-de-precios-en-la-cesta-de-la-compra\/","url":"https:\/\/www.tapasmagazine.es\/en\/economia-amp-planas-asegura-que-se-esta-en-visperas-de-notar-la-bajada-de-precios-en-la-cesta-de-la-compra\/","name":"Econom\u00eda.- (AMP) Planas asegura que se est\u00e1 en \"v\u00edsperas\" de notar la bajada de precios en la cesta de la compra - Tapas","isPartOf":{"@id":"https:\/\/www.tapasmagazine.es\/#website"},"primaryImageOfPage":{"@id":"https:\/\/www.tapasmagazine.es\/en\/economia-amp-planas-asegura-que-se-esta-en-visperas-de-notar-la-bajada-de-precios-en-la-cesta-de-la-compra\/#primaryimage"},"image":{"@id":"https:\/\/www.tapasmagazine.es\/en\/economia-amp-planas-asegura-que-se-esta-en-visperas-de-notar-la-bajada-de-precios-en-la-cesta-de-la-compra\/#primaryimage"},"thumbnailUrl":"https:\/\/www.tapasmagazine.es\/wp-content\/uploads\/2023\/03\/fotonoticia_20230301121226_9999-scaled.jpg","datePublished":"2023-03-01T11:12:26+00:00","dateModified":"2023-03-01T11:42:41+00:00","description":"El ministro de Agricultura, Pesca y Alimentaci\u00f3n, Luis Planas, ha asegurado que se est\u00e1 en \"v\u00edsperas\" de que los hogares noten la bajada de precios en la","breadcrumb":{"@id":"https:\/\/www.tapasmagazine.es\/en\/economia-amp-planas-asegura-que-se-esta-en-visperas-de-notar-la-bajada-de-precios-en-la-cesta-de-la-compra\/#breadcrumb"},"inLanguage":"en-US","potentialAction":[{"@type":"ReadAction","target":["https:\/\/www.tapasmagazine.es\/en\/economia-amp-planas-asegura-que-se-esta-en-visperas-de-notar-la-bajada-de-precios-en-la-cesta-de-la-compra\/"]}]},{"@type":"ImageObject","inLanguage":"en-US","@id":"https:\/\/www.tapasmagazine.es\/en\/economia-amp-planas-asegura-que-se-esta-en-visperas-de-notar-la-bajada-de-precios-en-la-cesta-de-la-compra\/#primaryimage","url":"https:\/\/www.tapasmagazine.es\/wp-content\/uploads\/2023\/03\/fotonoticia_20230301121226_9999-scaled.jpg","contentUrl":"https:\/\/www.tapasmagazine.es\/wp-content\/uploads\/2023\/03\/fotonoticia_20230301121226_9999-scaled.jpg","width":2560,"height":1750},{"@type":"BreadcrumbList","@id":"https:\/\/www.tapasmagazine.es\/en\/economia-amp-planas-asegura-que-se-esta-en-visperas-de-notar-la-bajada-de-precios-en-la-cesta-de-la-compra\/#breadcrumb","itemListElement":[{"@type":"ListItem","position":1,"name":"Portada","item":"https:\/\/www.tapasmagazine.es\/"},{"@type":"ListItem","position":2,"name":"Sin categorizar","item":"https:\/\/www.tapasmagazine.es\/categorias\/sin-categorizar-2\/"},{"@type":"ListItem","position":3,"name":"Econom\u00eda.- (AMP) Planas asegura que se est\u00e1 en \u00abv\u00edsperas\u00bb de notar la bajada de precios en la cesta de la compra"}]},{"@type":"WebSite","@id":"https:\/\/www.tapasmagazine.es\/#website","url":"https:\/\/www.tapasmagazine.es\/","name":"Tapas","description":"\u00d1am \u00d1am Lifestyle. La vida a bocados. Premio Nacional de Gastronom\u00eda 2016.","publisher":{"@id":"https:\/\/www.tapasmagazine.es\/#organization"},"potentialAction":[{"@type":"SearchAction","target":{"@type":"EntryPoint","urlTemplate":"https:\/\/www.tapasmagazine.es\/?s={search_term_string}"},"query-input":{"@type":"PropertyValueSpecification","valueRequired":true,"valueName":"search_term_string"}}],"inLanguage":"en-US"},{"@type":"Organization","@id":"https:\/\/www.tapasmagazine.es\/#organization","name":"Tapas Magazine","url":"https:\/\/www.tapasmagazine.es\/","logo":{"@type":"ImageObject","inLanguage":"en-US","@id":"https:\/\/www.tapasmagazine.es\/#\/schema\/logo\/image\/","url":"https:\/\/www.tapasmagazine.es\/wp-content\/uploads\/2018\/01\/logo.png","contentUrl":"https:\/\/www.tapasmagazine.es\/wp-content\/uploads\/2018\/01\/logo.png","width":180,"height":60,"caption":"Tapas Magazine"},"image":{"@id":"https:\/\/www.tapasmagazine.es\/#\/schema\/logo\/image\/"},"sameAs":["https:\/\/www.facebook.com\/tapasmagazine","https:\/\/x.com\/TapasMagazine","https:\/\/www.instagram.com\/tapasmagazine\/","https:\/\/www.linkedin.com\/company\/tapas-magazine","https:\/\/es.pinterest.com\/tapasmagazine\/","https:\/\/www.youtube.com\/channel\/UCEyxneAaACuR0lfDagrWjjg?sub_confirmation=1"]},{"@type":"Person","@id":"https:\/\/www.tapasmagazine.es\/#\/schema\/person\/dddb3bce6f98f2124c204b901d74a14b","name":"Tapas \/ EP","url":"https:\/\/www.tapasmagazine.es\/en\/author\/tapasep\/"}]}},"_links":{"self":[{"href":"https:\/\/www.tapasmagazine.es\/en\/wp-json\/wp\/v2\/posts\/176860","targetHints":{"allow":["GET"]}}],"collection":[{"href":"https:\/\/www.tapasmagazine.es\/en\/wp-json\/wp\/v2\/posts"}],"about":[{"href":"https:\/\/www.tapasmagazine.es\/en\/wp-json\/wp\/v2\/types\/post"}],"author":[{"embeddable":true,"href":"https:\/\/www.tapasmagazine.es\/en\/wp-json\/wp\/v2\/users\/277"}],"replies":[{"embeddable":true,"href":"https:\/\/www.tapasmagazine.es\/en\/wp-json\/wp\/v2\/comments?post=176860"}],"version-history":[{"count":1,"href":"https:\/\/www.tapasmagazine.es\/en\/wp-json\/wp\/v2\/posts\/176860\/revisions"}],"predecessor-version":[{"id":176861,"href":"https:\/\/www.tapasmagazine.es\/en\/wp-json\/wp\/v2\/posts\/176860\/revisions\/176861"}],"wp:featuredmedia":[{"embeddable":true,"href":"https:\/\/www.tapasmagazine.es\/en\/wp-json\/wp\/v2\/media\/176862"}],"wp:attachment":[{"href":"https:\/\/www.tapasmagazine.es\/en\/wp-json\/wp\/v2\/media?parent=176860"}],"wp:term":[{"taxonomy":"category","embeddable":true,"href":"https:\/\/www.tapasmagazine.es\/en\/wp-json\/wp\/v2\/categories?post=176860"},{"taxonomy":"post_tag","embeddable":true,"href":"https:\/\/www.tapasmagazine.es\/en\/wp-json\/wp\/v2\/tags?post=176860"}],"curies":[{"name":"wp","href":"https:\/\/api.w.org\/{rel}","templated":true}]}}