{"id":176856,"date":"2023-03-01T12:13:22","date_gmt":"2023-03-01T11:13:22","guid":{"rendered":"https:\/\/www.tapasmagazine.es\/?p=176856"},"modified":"2023-03-01T12:42:39","modified_gmt":"2023-03-01T11:42:39","slug":"economia-planas-garantiza-que-se-agotara-hasta-el-ultimo-euro-del-perte-agroalimentario","status":"publish","type":"post","link":"https:\/\/www.tapasmagazine.es\/en\/economia-planas-garantiza-que-se-agotara-hasta-el-ultimo-euro-del-perte-agroalimentario\/","title":{"rendered":"Econom\u00eda.- Planas garantiza que se &#8220;agotar\u00e1 hasta el \u00faltimo euro&#8221; del Perte Agroalimentario"},"content":{"rendered":"<p>El ministro de Agricultura, Pesca y Alimentaci\u00f3n, Luis Planas, ha garantizado que el Gobierno &#8220;agotar\u00e1 hasta el \u00faltimo euro&#8221; del Perte Agroalimentario para impulsar la sostenibilidad y el futuro del sector.<\/p>\n<p>   En concreto, el titular del ramo ha reconocido que tras cerrarse ayer la convocatoria de ayudas para el fortalecimiento industrial por valor de 510 millones de euros, a\u00fan &#8220;no tienen&#8221; el balance del Ministerio de Industria, del que depende este componente, mientras que el componente 3, que s\u00ed depende de su Departamento, ha reconocido que &#8220;las cosas van muy bien&#8221;.<\/p>\n<p>   &#8220;Vamos a agotar hasta el \u00faltimo euro de estas ayudas, si hay que abrir alguna nueva ventanilla y nuevas convocatorias, se har\u00e1. Haremos una evaluaci\u00f3n porque es muy d\u00edficil negociar y conseguir un euro en Bruselas, por lo que hay que gastarlos bien&#8221;, ha subrayado Planas en los &#8216;Desayunos Informativos&#8217; de Europa Press, patrocinados por Altadis, Cepsa, KPMG, Fujitsu, Telef\u00f3nica, Fundaci\u00f3n IberCaja y Veolia.<\/p>\n<p>   Por otro lado, el ministro de Agricultura se ha congratulado de que este 1 de marzo los agricultores y ganaderos puedan ya solicitar las ayudas directas de la nueva Pol\u00edtica Agr\u00edcola Com\u00fan (PAC).<\/p>\n<p>   &#8220;Hoy se inaugura el periodo 2023-2027 y en Espa\u00f1a supone un seguro de renta para agricultores y ganaderos. Es un apoyo necesario y justificado&#8221;, ha indicado, recordando que se dispone de m\u00e1s de 4.800 millones de euros para este a\u00f1o.<\/p>\n<p>   Planas ha destacado que la ayuda b\u00e1sica a la renta y la sostenibilidad se incrementar\u00e1 este a\u00f1o en un 5,4%, ya que alcanzar\u00e1 2.931 millones de euros.<\/p>\n<p>   Respecto a los brotes de viruela ovina que se han dado en Espa\u00f1a, donde se han detectado 26 focos -13 en Castilla-La Mancha y otros 13 en Andaluc\u00eda- que han obligado a sacrificar a 37.000 cabezas de ganado, Planas ha avanzado que su Departamento trabaja para que pr\u00f3ximamente se apruebe un Real Decreto para ayudar al sector.<\/p>\n<p>   &#8220;Estamos trabajando en ello con el Ministerio Hacienda y la dotaci\u00f3n ser\u00e1 la suficiente para poder cubrir los costes que se haya incurrido por el sacrificio y la reposici\u00f3n de animales&#8221;, ha recalcado.<\/p>\n","protected":false},"excerpt":{"rendered":"<p>El ministro de Agricultura, Pesca y Alimentaci\u00f3n, Luis Planas, ha garantizado que el Gobierno &#8220;agotar\u00e1 hasta el \u00faltimo euro&#8221; del Perte Agroalimentario para impulsar la sostenibilidad y el futuro del sector. En concreto, el titular del ramo ha reconocido que tras cerrarse ayer la convocatoria de ayudas para el fortalecimiento industrial por valor de 510 [&hellip;]<\/p>\n","protected":false},"author":277,"featured_media":176858,"comment_status":"close","ping_status":"","sticky":false,"template":"single-feature.php","format":"standard","meta":{"_acf_changed":false,"footnotes":""},"categories":[15645],"tags":[],"class_list":["post-176856","post","type-post","status-publish","format-standard","has-post-thumbnail","hentry","category-ultima-hora","cat-15645-id"],"acf":[],"yoast_head":"<!-- This site is optimized with the Yoast SEO plugin v27.4 - https:\/\/yoast.com\/product\/yoast-seo-wordpress\/ -->\n<title>Econom\u00eda.- Planas garantiza que se &quot;agotar\u00e1 hasta el \u00faltimo euro&quot; del Perte Agroalimentario - Tapas<\/title>\n<meta name=\"description\" content=\"El ministro de Agricultura, Pesca y Alimentaci\u00f3n, Luis Planas, ha garantizado que el Gobierno &quot;agotar\u00e1 hasta el \u00faltimo euro&quot; del Perte Agroalimentario\" \/>\n<meta name=\"robots\" content=\"index, follow, max-snippet:-1, max-image-preview:large, max-video-preview:-1\" \/>\n<link rel=\"canonical\" href=\"https:\/\/www.tapasmagazine.es\/en\/economia-planas-garantiza-que-se-agotara-hasta-el-ultimo-euro-del-perte-agroalimentario\/\" \/>\n<meta property=\"og:locale\" content=\"en_US\" \/>\n<meta property=\"og:type\" content=\"article\" \/>\n<meta property=\"og:title\" content=\"Econom\u00eda.- Planas garantiza que se &quot;agotar\u00e1 hasta el \u00faltimo euro&quot; del Perte Agroalimentario - Tapas\" \/>\n<meta property=\"og:description\" content=\"El ministro de Agricultura, Pesca y Alimentaci\u00f3n, Luis Planas, ha garantizado que el Gobierno &quot;agotar\u00e1 hasta el \u00faltimo euro&quot; del Perte Agroalimentario\" \/>\n<meta property=\"og:url\" content=\"https:\/\/www.tapasmagazine.es\/en\/economia-planas-garantiza-que-se-agotara-hasta-el-ultimo-euro-del-perte-agroalimentario\/\" \/>\n<meta property=\"og:site_name\" content=\"Tapas\" \/>\n<meta property=\"article:publisher\" content=\"https:\/\/www.facebook.com\/tapasmagazine\" \/>\n<meta property=\"article:published_time\" content=\"2023-03-01T11:13:22+00:00\" \/>\n<meta property=\"article:modified_time\" content=\"2023-03-01T11:42:39+00:00\" \/>\n<meta property=\"og:image\" content=\"https:\/\/www.tapasmagazine.es\/wp-content\/uploads\/2023\/03\/fotonoticia_20230301121322_9999-scaled.jpg\" \/>\n\t<meta property=\"og:image:width\" content=\"2560\" \/>\n\t<meta property=\"og:image:height\" content=\"1688\" \/>\n\t<meta property=\"og:image:type\" content=\"image\/jpeg\" \/>\n<meta name=\"author\" content=\"Tapas \/ EP\" \/>\n<meta name=\"twitter:card\" content=\"summary_large_image\" \/>\n<meta name=\"twitter:creator\" content=\"@TapasMagazine\" \/>\n<meta name=\"twitter:site\" content=\"@TapasMagazine\" \/>\n<meta name=\"twitter:label1\" content=\"Written by\" \/>\n\t<meta name=\"twitter:data1\" content=\"Tapas \/ EP\" \/>\n\t<meta name=\"twitter:label2\" content=\"Est. reading time\" \/>\n\t<meta name=\"twitter:data2\" content=\"2 minutes\" \/>\n<script type=\"application\/ld+json\" class=\"yoast-schema-graph\">{\"@context\":\"https:\\\/\\\/schema.org\",\"@graph\":[{\"@type\":\"Article\",\"@id\":\"https:\\\/\\\/www.tapasmagazine.es\\\/en\\\/economia-planas-garantiza-que-se-agotara-hasta-el-ultimo-euro-del-perte-agroalimentario\\\/#article\",\"isPartOf\":{\"@id\":\"https:\\\/\\\/www.tapasmagazine.es\\\/en\\\/economia-planas-garantiza-que-se-agotara-hasta-el-ultimo-euro-del-perte-agroalimentario\\\/\"},\"author\":{\"name\":\"Tapas \\\/ EP\",\"@id\":\"https:\\\/\\\/www.tapasmagazine.es\\\/#\\\/schema\\\/person\\\/dddb3bce6f98f2124c204b901d74a14b\"},\"headline\":\"Econom\u00eda.- Planas garantiza que se &#8220;agotar\u00e1 hasta el \u00faltimo euro&#8221; del Perte Agroalimentario\",\"datePublished\":\"2023-03-01T11:13:22+00:00\",\"dateModified\":\"2023-03-01T11:42:39+00:00\",\"mainEntityOfPage\":{\"@id\":\"https:\\\/\\\/www.tapasmagazine.es\\\/en\\\/economia-planas-garantiza-que-se-agotara-hasta-el-ultimo-euro-del-perte-agroalimentario\\\/\"},\"wordCount\":370,\"publisher\":{\"@id\":\"https:\\\/\\\/www.tapasmagazine.es\\\/#organization\"},\"image\":{\"@id\":\"https:\\\/\\\/www.tapasmagazine.es\\\/en\\\/economia-planas-garantiza-que-se-agotara-hasta-el-ultimo-euro-del-perte-agroalimentario\\\/#primaryimage\"},\"thumbnailUrl\":\"https:\\\/\\\/www.tapasmagazine.es\\\/wp-content\\\/uploads\\\/2023\\\/03\\\/fotonoticia_20230301121322_9999-scaled.jpg\",\"articleSection\":[\"\u00daltima hora\"],\"inLanguage\":\"en-US\"},{\"@type\":\"WebPage\",\"@id\":\"https:\\\/\\\/www.tapasmagazine.es\\\/en\\\/economia-planas-garantiza-que-se-agotara-hasta-el-ultimo-euro-del-perte-agroalimentario\\\/\",\"url\":\"https:\\\/\\\/www.tapasmagazine.es\\\/en\\\/economia-planas-garantiza-que-se-agotara-hasta-el-ultimo-euro-del-perte-agroalimentario\\\/\",\"name\":\"Econom\u00eda.- Planas garantiza que se \\\"agotar\u00e1 hasta el \u00faltimo euro\\\" del Perte Agroalimentario - Tapas\",\"isPartOf\":{\"@id\":\"https:\\\/\\\/www.tapasmagazine.es\\\/#website\"},\"primaryImageOfPage\":{\"@id\":\"https:\\\/\\\/www.tapasmagazine.es\\\/en\\\/economia-planas-garantiza-que-se-agotara-hasta-el-ultimo-euro-del-perte-agroalimentario\\\/#primaryimage\"},\"image\":{\"@id\":\"https:\\\/\\\/www.tapasmagazine.es\\\/en\\\/economia-planas-garantiza-que-se-agotara-hasta-el-ultimo-euro-del-perte-agroalimentario\\\/#primaryimage\"},\"thumbnailUrl\":\"https:\\\/\\\/www.tapasmagazine.es\\\/wp-content\\\/uploads\\\/2023\\\/03\\\/fotonoticia_20230301121322_9999-scaled.jpg\",\"datePublished\":\"2023-03-01T11:13:22+00:00\",\"dateModified\":\"2023-03-01T11:42:39+00:00\",\"description\":\"El ministro de Agricultura, Pesca y Alimentaci\u00f3n, Luis Planas, ha garantizado que el Gobierno \\\"agotar\u00e1 hasta el \u00faltimo euro\\\" del Perte Agroalimentario\",\"breadcrumb\":{\"@id\":\"https:\\\/\\\/www.tapasmagazine.es\\\/en\\\/economia-planas-garantiza-que-se-agotara-hasta-el-ultimo-euro-del-perte-agroalimentario\\\/#breadcrumb\"},\"inLanguage\":\"en-US\",\"potentialAction\":[{\"@type\":\"ReadAction\",\"target\":[\"https:\\\/\\\/www.tapasmagazine.es\\\/en\\\/economia-planas-garantiza-que-se-agotara-hasta-el-ultimo-euro-del-perte-agroalimentario\\\/\"]}]},{\"@type\":\"ImageObject\",\"inLanguage\":\"en-US\",\"@id\":\"https:\\\/\\\/www.tapasmagazine.es\\\/en\\\/economia-planas-garantiza-que-se-agotara-hasta-el-ultimo-euro-del-perte-agroalimentario\\\/#primaryimage\",\"url\":\"https:\\\/\\\/www.tapasmagazine.es\\\/wp-content\\\/uploads\\\/2023\\\/03\\\/fotonoticia_20230301121322_9999-scaled.jpg\",\"contentUrl\":\"https:\\\/\\\/www.tapasmagazine.es\\\/wp-content\\\/uploads\\\/2023\\\/03\\\/fotonoticia_20230301121322_9999-scaled.jpg\",\"width\":2560,\"height\":1688},{\"@type\":\"BreadcrumbList\",\"@id\":\"https:\\\/\\\/www.tapasmagazine.es\\\/en\\\/economia-planas-garantiza-que-se-agotara-hasta-el-ultimo-euro-del-perte-agroalimentario\\\/#breadcrumb\",\"itemListElement\":[{\"@type\":\"ListItem\",\"position\":1,\"name\":\"Portada\",\"item\":\"https:\\\/\\\/www.tapasmagazine.es\\\/\"},{\"@type\":\"ListItem\",\"position\":2,\"name\":\"Sin categorizar\",\"item\":\"https:\\\/\\\/www.tapasmagazine.es\\\/categorias\\\/sin-categorizar-2\\\/\"},{\"@type\":\"ListItem\",\"position\":3,\"name\":\"Econom\u00eda.- Planas garantiza que se \u00abagotar\u00e1 hasta el \u00faltimo euro\u00bb del Perte Agroalimentario\"}]},{\"@type\":\"WebSite\",\"@id\":\"https:\\\/\\\/www.tapasmagazine.es\\\/#website\",\"url\":\"https:\\\/\\\/www.tapasmagazine.es\\\/\",\"name\":\"Tapas\",\"description\":\"\u00d1am \u00d1am Lifestyle. La vida a bocados. Premio Nacional de Gastronom\u00eda 2016.\",\"publisher\":{\"@id\":\"https:\\\/\\\/www.tapasmagazine.es\\\/#organization\"},\"potentialAction\":[{\"@type\":\"SearchAction\",\"target\":{\"@type\":\"EntryPoint\",\"urlTemplate\":\"https:\\\/\\\/www.tapasmagazine.es\\\/?s={search_term_string}\"},\"query-input\":{\"@type\":\"PropertyValueSpecification\",\"valueRequired\":true,\"valueName\":\"search_term_string\"}}],\"inLanguage\":\"en-US\"},{\"@type\":\"Organization\",\"@id\":\"https:\\\/\\\/www.tapasmagazine.es\\\/#organization\",\"name\":\"Tapas Magazine\",\"url\":\"https:\\\/\\\/www.tapasmagazine.es\\\/\",\"logo\":{\"@type\":\"ImageObject\",\"inLanguage\":\"en-US\",\"@id\":\"https:\\\/\\\/www.tapasmagazine.es\\\/#\\\/schema\\\/logo\\\/image\\\/\",\"url\":\"https:\\\/\\\/www.tapasmagazine.es\\\/wp-content\\\/uploads\\\/2018\\\/01\\\/logo.png\",\"contentUrl\":\"https:\\\/\\\/www.tapasmagazine.es\\\/wp-content\\\/uploads\\\/2018\\\/01\\\/logo.png\",\"width\":180,\"height\":60,\"caption\":\"Tapas Magazine\"},\"image\":{\"@id\":\"https:\\\/\\\/www.tapasmagazine.es\\\/#\\\/schema\\\/logo\\\/image\\\/\"},\"sameAs\":[\"https:\\\/\\\/www.facebook.com\\\/tapasmagazine\",\"https:\\\/\\\/x.com\\\/TapasMagazine\",\"https:\\\/\\\/www.instagram.com\\\/tapasmagazine\\\/\",\"https:\\\/\\\/www.linkedin.com\\\/company\\\/tapas-magazine\",\"https:\\\/\\\/es.pinterest.com\\\/tapasmagazine\\\/\",\"https:\\\/\\\/www.youtube.com\\\/channel\\\/UCEyxneAaACuR0lfDagrWjjg?sub_confirmation=1\"]},{\"@type\":\"Person\",\"@id\":\"https:\\\/\\\/www.tapasmagazine.es\\\/#\\\/schema\\\/person\\\/dddb3bce6f98f2124c204b901d74a14b\",\"name\":\"Tapas \\\/ EP\",\"url\":\"https:\\\/\\\/www.tapasmagazine.es\\\/en\\\/author\\\/tapasep\\\/\"}]}<\/script>\n<!-- \/ Yoast SEO plugin. -->","yoast_head_json":{"title":"Econom\u00eda.- Planas garantiza que se \"agotar\u00e1 hasta el \u00faltimo euro\" del Perte Agroalimentario - Tapas","description":"El ministro de Agricultura, Pesca y Alimentaci\u00f3n, Luis Planas, ha garantizado que el Gobierno \"agotar\u00e1 hasta el \u00faltimo euro\" del Perte Agroalimentario","robots":{"index":"index","follow":"follow","max-snippet":"max-snippet:-1","max-image-preview":"max-image-preview:large","max-video-preview":"max-video-preview:-1"},"canonical":"https:\/\/www.tapasmagazine.es\/en\/economia-planas-garantiza-que-se-agotara-hasta-el-ultimo-euro-del-perte-agroalimentario\/","og_locale":"en_US","og_type":"article","og_title":"Econom\u00eda.- Planas garantiza que se \"agotar\u00e1 hasta el \u00faltimo euro\" del Perte Agroalimentario - Tapas","og_description":"El ministro de Agricultura, Pesca y Alimentaci\u00f3n, Luis Planas, ha garantizado que el Gobierno \"agotar\u00e1 hasta el \u00faltimo euro\" del Perte Agroalimentario","og_url":"https:\/\/www.tapasmagazine.es\/en\/economia-planas-garantiza-que-se-agotara-hasta-el-ultimo-euro-del-perte-agroalimentario\/","og_site_name":"Tapas","article_publisher":"https:\/\/www.facebook.com\/tapasmagazine","article_published_time":"2023-03-01T11:13:22+00:00","article_modified_time":"2023-03-01T11:42:39+00:00","og_image":[{"width":2560,"height":1688,"url":"https:\/\/www.tapasmagazine.es\/wp-content\/uploads\/2023\/03\/fotonoticia_20230301121322_9999-scaled.jpg","type":"image\/jpeg"}],"author":"Tapas \/ EP","twitter_card":"summary_large_image","twitter_creator":"@TapasMagazine","twitter_site":"@TapasMagazine","twitter_misc":{"Written by":"Tapas \/ EP","Est. reading time":"2 minutes"},"schema":{"@context":"https:\/\/schema.org","@graph":[{"@type":"Article","@id":"https:\/\/www.tapasmagazine.es\/en\/economia-planas-garantiza-que-se-agotara-hasta-el-ultimo-euro-del-perte-agroalimentario\/#article","isPartOf":{"@id":"https:\/\/www.tapasmagazine.es\/en\/economia-planas-garantiza-que-se-agotara-hasta-el-ultimo-euro-del-perte-agroalimentario\/"},"author":{"name":"Tapas \/ EP","@id":"https:\/\/www.tapasmagazine.es\/#\/schema\/person\/dddb3bce6f98f2124c204b901d74a14b"},"headline":"Econom\u00eda.- Planas garantiza que se &#8220;agotar\u00e1 hasta el \u00faltimo euro&#8221; del Perte Agroalimentario","datePublished":"2023-03-01T11:13:22+00:00","dateModified":"2023-03-01T11:42:39+00:00","mainEntityOfPage":{"@id":"https:\/\/www.tapasmagazine.es\/en\/economia-planas-garantiza-que-se-agotara-hasta-el-ultimo-euro-del-perte-agroalimentario\/"},"wordCount":370,"publisher":{"@id":"https:\/\/www.tapasmagazine.es\/#organization"},"image":{"@id":"https:\/\/www.tapasmagazine.es\/en\/economia-planas-garantiza-que-se-agotara-hasta-el-ultimo-euro-del-perte-agroalimentario\/#primaryimage"},"thumbnailUrl":"https:\/\/www.tapasmagazine.es\/wp-content\/uploads\/2023\/03\/fotonoticia_20230301121322_9999-scaled.jpg","articleSection":["\u00daltima hora"],"inLanguage":"en-US"},{"@type":"WebPage","@id":"https:\/\/www.tapasmagazine.es\/en\/economia-planas-garantiza-que-se-agotara-hasta-el-ultimo-euro-del-perte-agroalimentario\/","url":"https:\/\/www.tapasmagazine.es\/en\/economia-planas-garantiza-que-se-agotara-hasta-el-ultimo-euro-del-perte-agroalimentario\/","name":"Econom\u00eda.- Planas garantiza que se \"agotar\u00e1 hasta el \u00faltimo euro\" del Perte Agroalimentario - Tapas","isPartOf":{"@id":"https:\/\/www.tapasmagazine.es\/#website"},"primaryImageOfPage":{"@id":"https:\/\/www.tapasmagazine.es\/en\/economia-planas-garantiza-que-se-agotara-hasta-el-ultimo-euro-del-perte-agroalimentario\/#primaryimage"},"image":{"@id":"https:\/\/www.tapasmagazine.es\/en\/economia-planas-garantiza-que-se-agotara-hasta-el-ultimo-euro-del-perte-agroalimentario\/#primaryimage"},"thumbnailUrl":"https:\/\/www.tapasmagazine.es\/wp-content\/uploads\/2023\/03\/fotonoticia_20230301121322_9999-scaled.jpg","datePublished":"2023-03-01T11:13:22+00:00","dateModified":"2023-03-01T11:42:39+00:00","description":"El ministro de Agricultura, Pesca y Alimentaci\u00f3n, Luis Planas, ha garantizado que el Gobierno \"agotar\u00e1 hasta el \u00faltimo euro\" del Perte Agroalimentario","breadcrumb":{"@id":"https:\/\/www.tapasmagazine.es\/en\/economia-planas-garantiza-que-se-agotara-hasta-el-ultimo-euro-del-perte-agroalimentario\/#breadcrumb"},"inLanguage":"en-US","potentialAction":[{"@type":"ReadAction","target":["https:\/\/www.tapasmagazine.es\/en\/economia-planas-garantiza-que-se-agotara-hasta-el-ultimo-euro-del-perte-agroalimentario\/"]}]},{"@type":"ImageObject","inLanguage":"en-US","@id":"https:\/\/www.tapasmagazine.es\/en\/economia-planas-garantiza-que-se-agotara-hasta-el-ultimo-euro-del-perte-agroalimentario\/#primaryimage","url":"https:\/\/www.tapasmagazine.es\/wp-content\/uploads\/2023\/03\/fotonoticia_20230301121322_9999-scaled.jpg","contentUrl":"https:\/\/www.tapasmagazine.es\/wp-content\/uploads\/2023\/03\/fotonoticia_20230301121322_9999-scaled.jpg","width":2560,"height":1688},{"@type":"BreadcrumbList","@id":"https:\/\/www.tapasmagazine.es\/en\/economia-planas-garantiza-que-se-agotara-hasta-el-ultimo-euro-del-perte-agroalimentario\/#breadcrumb","itemListElement":[{"@type":"ListItem","position":1,"name":"Portada","item":"https:\/\/www.tapasmagazine.es\/"},{"@type":"ListItem","position":2,"name":"Sin categorizar","item":"https:\/\/www.tapasmagazine.es\/categorias\/sin-categorizar-2\/"},{"@type":"ListItem","position":3,"name":"Econom\u00eda.- Planas garantiza que se \u00abagotar\u00e1 hasta el \u00faltimo euro\u00bb del Perte Agroalimentario"}]},{"@type":"WebSite","@id":"https:\/\/www.tapasmagazine.es\/#website","url":"https:\/\/www.tapasmagazine.es\/","name":"Tapas","description":"\u00d1am \u00d1am Lifestyle. La vida a bocados. Premio Nacional de Gastronom\u00eda 2016.","publisher":{"@id":"https:\/\/www.tapasmagazine.es\/#organization"},"potentialAction":[{"@type":"SearchAction","target":{"@type":"EntryPoint","urlTemplate":"https:\/\/www.tapasmagazine.es\/?s={search_term_string}"},"query-input":{"@type":"PropertyValueSpecification","valueRequired":true,"valueName":"search_term_string"}}],"inLanguage":"en-US"},{"@type":"Organization","@id":"https:\/\/www.tapasmagazine.es\/#organization","name":"Tapas Magazine","url":"https:\/\/www.tapasmagazine.es\/","logo":{"@type":"ImageObject","inLanguage":"en-US","@id":"https:\/\/www.tapasmagazine.es\/#\/schema\/logo\/image\/","url":"https:\/\/www.tapasmagazine.es\/wp-content\/uploads\/2018\/01\/logo.png","contentUrl":"https:\/\/www.tapasmagazine.es\/wp-content\/uploads\/2018\/01\/logo.png","width":180,"height":60,"caption":"Tapas Magazine"},"image":{"@id":"https:\/\/www.tapasmagazine.es\/#\/schema\/logo\/image\/"},"sameAs":["https:\/\/www.facebook.com\/tapasmagazine","https:\/\/x.com\/TapasMagazine","https:\/\/www.instagram.com\/tapasmagazine\/","https:\/\/www.linkedin.com\/company\/tapas-magazine","https:\/\/es.pinterest.com\/tapasmagazine\/","https:\/\/www.youtube.com\/channel\/UCEyxneAaACuR0lfDagrWjjg?sub_confirmation=1"]},{"@type":"Person","@id":"https:\/\/www.tapasmagazine.es\/#\/schema\/person\/dddb3bce6f98f2124c204b901d74a14b","name":"Tapas \/ EP","url":"https:\/\/www.tapasmagazine.es\/en\/author\/tapasep\/"}]}},"_links":{"self":[{"href":"https:\/\/www.tapasmagazine.es\/en\/wp-json\/wp\/v2\/posts\/176856","targetHints":{"allow":["GET"]}}],"collection":[{"href":"https:\/\/www.tapasmagazine.es\/en\/wp-json\/wp\/v2\/posts"}],"about":[{"href":"https:\/\/www.tapasmagazine.es\/en\/wp-json\/wp\/v2\/types\/post"}],"author":[{"embeddable":true,"href":"https:\/\/www.tapasmagazine.es\/en\/wp-json\/wp\/v2\/users\/277"}],"replies":[{"embeddable":true,"href":"https:\/\/www.tapasmagazine.es\/en\/wp-json\/wp\/v2\/comments?post=176856"}],"version-history":[{"count":1,"href":"https:\/\/www.tapasmagazine.es\/en\/wp-json\/wp\/v2\/posts\/176856\/revisions"}],"predecessor-version":[{"id":176857,"href":"https:\/\/www.tapasmagazine.es\/en\/wp-json\/wp\/v2\/posts\/176856\/revisions\/176857"}],"wp:featuredmedia":[{"embeddable":true,"href":"https:\/\/www.tapasmagazine.es\/en\/wp-json\/wp\/v2\/media\/176858"}],"wp:attachment":[{"href":"https:\/\/www.tapasmagazine.es\/en\/wp-json\/wp\/v2\/media?parent=176856"}],"wp:term":[{"taxonomy":"category","embeddable":true,"href":"https:\/\/www.tapasmagazine.es\/en\/wp-json\/wp\/v2\/categories?post=176856"},{"taxonomy":"post_tag","embeddable":true,"href":"https:\/\/www.tapasmagazine.es\/en\/wp-json\/wp\/v2\/tags?post=176856"}],"curies":[{"name":"wp","href":"https:\/\/api.w.org\/{rel}","templated":true}]}}