{"id":176835,"date":"2023-03-01T11:31:19","date_gmt":"2023-03-01T10:31:19","guid":{"rendered":"https:\/\/www.tapasmagazine.es\/?p=176835"},"modified":"2023-03-01T11:42:45","modified_gmt":"2023-03-01T10:42:45","slug":"economia-planas-celebra-el-acuerdo-entre-la-ue-y-reino-unido-sobre-irlanda-del-norte","status":"publish","type":"post","link":"https:\/\/www.tapasmagazine.es\/en\/economia-planas-celebra-el-acuerdo-entre-la-ue-y-reino-unido-sobre-irlanda-del-norte\/","title":{"rendered":"Econom\u00eda.- Planas celebra el acuerdo entre la UE y Reino Unido sobre Irlanda del Norte"},"content":{"rendered":"<p>El ministro de Agricultura, Pesca y Alimentaci\u00f3n, Luis Planas, ha celebrado este mi\u00e9rcoles el reciente acuerdo alcanzado entre la UE y el Reino Unido sobre Irlanda del Norte.<\/p>\n<p>   &#8220;Es un acuerdo del que nos podemos felicitar, est\u00e1 muy bien&#8221;, ha asegurado Planas en los &#8216;Desayunos Informativos&#8217; de Europa Press, que est\u00e1n patrocinados por Altadis, Cepsa, KPMG, Fujitsu, Telef\u00f3nica, Fundaci\u00f3n IberCaja y Veolia.<\/p>\n<p>   El titular de Agricultura ha reconocido que es &#8220;muy curioso&#8221;, por lo que se ha le\u00eddo las 100 p\u00e1ginas del acuerdo. &#8220;El acuerdo supone crear una &#8216;green line&#8217; y una &#8216;red line&#8217; para los diferentes productos que tengan destino final Irlanda o el mercado \u00fanico&#8221;, ha explicado.<\/p>\n<p>   Planas ha recordado que Reino Unido es un pa\u00eds estrat\u00e9gico y un  &#8220;mercado muy importante&#8221; para las exportaciones espa\u00f1olas, ya que se exporta un total de 4.620 millones de euros anuales, de los cuales  2.200 millones corresponden a frescos como frutas y hortalizas.<\/p>\n<p>   Respecto a las quejas de Reino Unido de que no llegan frutas y hortalizas espa\u00f1olas, Planas ha reconocido que es un tema que le tiene &#8220;intrigado&#8221;. &#8220;Hay un problema de programaci\u00f3n de compras por parte de la distribuci\u00f3n brit\u00e1nica y una reducci\u00f3n de la producci\u00f3n por las bajas temperaturas, y en esos casos, ha habido una priorizaci\u00f3n de mercados como el alem\u00e1n o el franc\u00e9s&#8221;, ha subrayado.<\/p>\n<p>   De esta forma, el titular del ramo ha reconocido que se trata de &#8220;algo transitorio que se va a solucionar&#8221; y que muestra tambi\u00e9n la &#8220;vulnerabilidad de los sistemas alimentarios&#8221;.<\/p>\n<p>   Planas ha reiterado la capacidad exportadora del sector agroalimentario, que se ha convertido en el primer sector exportador, superando a la automoci\u00f3n, tras cerrar 2022 con una cifra r\u00e9cord de m\u00e1s de 68.000 millones de euros.<\/p>\n<p>   &#8220;En Espa\u00f1a tenemos un sector agroalimentario s\u00f3lido, moderno y potente, gracias a agricultores, ganaderos, pescadores, a los industriales, cooperativas y a la distribuci\u00f3n, que es un sector moderno, eficiente y competitivo. Nos podemos sentir muy orgullosos&#8221;, ha subrayado.<\/p>\n","protected":false},"excerpt":{"rendered":"<p>El ministro de Agricultura, Pesca y Alimentaci\u00f3n, Luis Planas, ha celebrado este mi\u00e9rcoles el reciente acuerdo alcanzado entre la UE y el Reino Unido sobre Irlanda del Norte. &#8220;Es un acuerdo del que nos podemos felicitar, est\u00e1 muy bien&#8221;, ha asegurado Planas en los &#8216;Desayunos Informativos&#8217; de Europa Press, que est\u00e1n patrocinados por Altadis, Cepsa, [&hellip;]<\/p>\n","protected":false},"author":277,"featured_media":176837,"comment_status":"close","ping_status":"","sticky":false,"template":"single-feature.php","format":"standard","meta":{"_acf_changed":false,"footnotes":""},"categories":[15645],"tags":[],"class_list":["post-176835","post","type-post","status-publish","format-standard","has-post-thumbnail","hentry","category-ultima-hora","cat-15645-id"],"acf":[],"yoast_head":"<!-- This site is optimized with the Yoast SEO plugin v27.4 - https:\/\/yoast.com\/product\/yoast-seo-wordpress\/ -->\n<title>Econom\u00eda.- Planas celebra el acuerdo entre la UE y Reino Unido sobre Irlanda del Norte - Tapas<\/title>\n<meta name=\"description\" content=\"El ministro de Agricultura, Pesca y Alimentaci\u00f3n, Luis Planas, ha celebrado este mi\u00e9rcoles el reciente acuerdo alcanzado entre la UE y el Reino Unido\" \/>\n<meta name=\"robots\" content=\"index, follow, max-snippet:-1, max-image-preview:large, max-video-preview:-1\" \/>\n<link rel=\"canonical\" href=\"https:\/\/www.tapasmagazine.es\/en\/economia-planas-celebra-el-acuerdo-entre-la-ue-y-reino-unido-sobre-irlanda-del-norte\/\" \/>\n<meta property=\"og:locale\" content=\"en_US\" \/>\n<meta property=\"og:type\" content=\"article\" \/>\n<meta property=\"og:title\" content=\"Econom\u00eda.- Planas celebra el acuerdo entre la UE y Reino Unido sobre Irlanda del Norte - Tapas\" \/>\n<meta property=\"og:description\" content=\"El ministro de Agricultura, Pesca y Alimentaci\u00f3n, Luis Planas, ha celebrado este mi\u00e9rcoles el reciente acuerdo alcanzado entre la UE y el Reino Unido\" \/>\n<meta property=\"og:url\" content=\"https:\/\/www.tapasmagazine.es\/en\/economia-planas-celebra-el-acuerdo-entre-la-ue-y-reino-unido-sobre-irlanda-del-norte\/\" \/>\n<meta property=\"og:site_name\" content=\"Tapas\" \/>\n<meta property=\"article:publisher\" content=\"https:\/\/www.facebook.com\/tapasmagazine\" \/>\n<meta property=\"article:published_time\" content=\"2023-03-01T10:31:19+00:00\" \/>\n<meta property=\"article:modified_time\" content=\"2023-03-01T10:42:45+00:00\" \/>\n<meta property=\"og:image\" content=\"https:\/\/www.tapasmagazine.es\/wp-content\/uploads\/2023\/03\/fotonoticia_20230301113119_9999-scaled.jpg\" \/>\n\t<meta property=\"og:image:width\" content=\"2560\" \/>\n\t<meta property=\"og:image:height\" content=\"1789\" \/>\n\t<meta property=\"og:image:type\" content=\"image\/jpeg\" \/>\n<meta name=\"author\" content=\"Tapas \/ EP\" \/>\n<meta name=\"twitter:card\" content=\"summary_large_image\" \/>\n<meta name=\"twitter:creator\" content=\"@TapasMagazine\" \/>\n<meta name=\"twitter:site\" content=\"@TapasMagazine\" \/>\n<meta name=\"twitter:label1\" content=\"Written by\" \/>\n\t<meta name=\"twitter:data1\" content=\"Tapas \/ EP\" \/>\n\t<meta name=\"twitter:label2\" content=\"Est. reading time\" \/>\n\t<meta name=\"twitter:data2\" content=\"2 minutes\" \/>\n<script type=\"application\/ld+json\" class=\"yoast-schema-graph\">{\"@context\":\"https:\\\/\\\/schema.org\",\"@graph\":[{\"@type\":\"Article\",\"@id\":\"https:\\\/\\\/www.tapasmagazine.es\\\/en\\\/economia-planas-celebra-el-acuerdo-entre-la-ue-y-reino-unido-sobre-irlanda-del-norte\\\/#article\",\"isPartOf\":{\"@id\":\"https:\\\/\\\/www.tapasmagazine.es\\\/en\\\/economia-planas-celebra-el-acuerdo-entre-la-ue-y-reino-unido-sobre-irlanda-del-norte\\\/\"},\"author\":{\"name\":\"Tapas \\\/ EP\",\"@id\":\"https:\\\/\\\/www.tapasmagazine.es\\\/#\\\/schema\\\/person\\\/dddb3bce6f98f2124c204b901d74a14b\"},\"headline\":\"Econom\u00eda.- Planas celebra el acuerdo entre la UE y Reino Unido sobre Irlanda del Norte\",\"datePublished\":\"2023-03-01T10:31:19+00:00\",\"dateModified\":\"2023-03-01T10:42:45+00:00\",\"mainEntityOfPage\":{\"@id\":\"https:\\\/\\\/www.tapasmagazine.es\\\/en\\\/economia-planas-celebra-el-acuerdo-entre-la-ue-y-reino-unido-sobre-irlanda-del-norte\\\/\"},\"wordCount\":361,\"publisher\":{\"@id\":\"https:\\\/\\\/www.tapasmagazine.es\\\/#organization\"},\"image\":{\"@id\":\"https:\\\/\\\/www.tapasmagazine.es\\\/en\\\/economia-planas-celebra-el-acuerdo-entre-la-ue-y-reino-unido-sobre-irlanda-del-norte\\\/#primaryimage\"},\"thumbnailUrl\":\"https:\\\/\\\/www.tapasmagazine.es\\\/wp-content\\\/uploads\\\/2023\\\/03\\\/fotonoticia_20230301113119_9999-scaled.jpg\",\"articleSection\":[\"\u00daltima hora\"],\"inLanguage\":\"en-US\"},{\"@type\":\"WebPage\",\"@id\":\"https:\\\/\\\/www.tapasmagazine.es\\\/en\\\/economia-planas-celebra-el-acuerdo-entre-la-ue-y-reino-unido-sobre-irlanda-del-norte\\\/\",\"url\":\"https:\\\/\\\/www.tapasmagazine.es\\\/en\\\/economia-planas-celebra-el-acuerdo-entre-la-ue-y-reino-unido-sobre-irlanda-del-norte\\\/\",\"name\":\"Econom\u00eda.- Planas celebra el acuerdo entre la UE y Reino Unido sobre Irlanda del Norte - Tapas\",\"isPartOf\":{\"@id\":\"https:\\\/\\\/www.tapasmagazine.es\\\/#website\"},\"primaryImageOfPage\":{\"@id\":\"https:\\\/\\\/www.tapasmagazine.es\\\/en\\\/economia-planas-celebra-el-acuerdo-entre-la-ue-y-reino-unido-sobre-irlanda-del-norte\\\/#primaryimage\"},\"image\":{\"@id\":\"https:\\\/\\\/www.tapasmagazine.es\\\/en\\\/economia-planas-celebra-el-acuerdo-entre-la-ue-y-reino-unido-sobre-irlanda-del-norte\\\/#primaryimage\"},\"thumbnailUrl\":\"https:\\\/\\\/www.tapasmagazine.es\\\/wp-content\\\/uploads\\\/2023\\\/03\\\/fotonoticia_20230301113119_9999-scaled.jpg\",\"datePublished\":\"2023-03-01T10:31:19+00:00\",\"dateModified\":\"2023-03-01T10:42:45+00:00\",\"description\":\"El ministro de Agricultura, Pesca y Alimentaci\u00f3n, Luis Planas, ha celebrado este mi\u00e9rcoles el reciente acuerdo alcanzado entre la UE y el Reino Unido\",\"breadcrumb\":{\"@id\":\"https:\\\/\\\/www.tapasmagazine.es\\\/en\\\/economia-planas-celebra-el-acuerdo-entre-la-ue-y-reino-unido-sobre-irlanda-del-norte\\\/#breadcrumb\"},\"inLanguage\":\"en-US\",\"potentialAction\":[{\"@type\":\"ReadAction\",\"target\":[\"https:\\\/\\\/www.tapasmagazine.es\\\/en\\\/economia-planas-celebra-el-acuerdo-entre-la-ue-y-reino-unido-sobre-irlanda-del-norte\\\/\"]}]},{\"@type\":\"ImageObject\",\"inLanguage\":\"en-US\",\"@id\":\"https:\\\/\\\/www.tapasmagazine.es\\\/en\\\/economia-planas-celebra-el-acuerdo-entre-la-ue-y-reino-unido-sobre-irlanda-del-norte\\\/#primaryimage\",\"url\":\"https:\\\/\\\/www.tapasmagazine.es\\\/wp-content\\\/uploads\\\/2023\\\/03\\\/fotonoticia_20230301113119_9999-scaled.jpg\",\"contentUrl\":\"https:\\\/\\\/www.tapasmagazine.es\\\/wp-content\\\/uploads\\\/2023\\\/03\\\/fotonoticia_20230301113119_9999-scaled.jpg\",\"width\":2560,\"height\":1789},{\"@type\":\"BreadcrumbList\",\"@id\":\"https:\\\/\\\/www.tapasmagazine.es\\\/en\\\/economia-planas-celebra-el-acuerdo-entre-la-ue-y-reino-unido-sobre-irlanda-del-norte\\\/#breadcrumb\",\"itemListElement\":[{\"@type\":\"ListItem\",\"position\":1,\"name\":\"Portada\",\"item\":\"https:\\\/\\\/www.tapasmagazine.es\\\/\"},{\"@type\":\"ListItem\",\"position\":2,\"name\":\"Sin categorizar\",\"item\":\"https:\\\/\\\/www.tapasmagazine.es\\\/categorias\\\/sin-categorizar-2\\\/\"},{\"@type\":\"ListItem\",\"position\":3,\"name\":\"Econom\u00eda.- Planas celebra el acuerdo entre la UE y Reino Unido sobre Irlanda del Norte\"}]},{\"@type\":\"WebSite\",\"@id\":\"https:\\\/\\\/www.tapasmagazine.es\\\/#website\",\"url\":\"https:\\\/\\\/www.tapasmagazine.es\\\/\",\"name\":\"Tapas\",\"description\":\"\u00d1am \u00d1am Lifestyle. La vida a bocados. Premio Nacional de Gastronom\u00eda 2016.\",\"publisher\":{\"@id\":\"https:\\\/\\\/www.tapasmagazine.es\\\/#organization\"},\"potentialAction\":[{\"@type\":\"SearchAction\",\"target\":{\"@type\":\"EntryPoint\",\"urlTemplate\":\"https:\\\/\\\/www.tapasmagazine.es\\\/?s={search_term_string}\"},\"query-input\":{\"@type\":\"PropertyValueSpecification\",\"valueRequired\":true,\"valueName\":\"search_term_string\"}}],\"inLanguage\":\"en-US\"},{\"@type\":\"Organization\",\"@id\":\"https:\\\/\\\/www.tapasmagazine.es\\\/#organization\",\"name\":\"Tapas Magazine\",\"url\":\"https:\\\/\\\/www.tapasmagazine.es\\\/\",\"logo\":{\"@type\":\"ImageObject\",\"inLanguage\":\"en-US\",\"@id\":\"https:\\\/\\\/www.tapasmagazine.es\\\/#\\\/schema\\\/logo\\\/image\\\/\",\"url\":\"https:\\\/\\\/www.tapasmagazine.es\\\/wp-content\\\/uploads\\\/2018\\\/01\\\/logo.png\",\"contentUrl\":\"https:\\\/\\\/www.tapasmagazine.es\\\/wp-content\\\/uploads\\\/2018\\\/01\\\/logo.png\",\"width\":180,\"height\":60,\"caption\":\"Tapas Magazine\"},\"image\":{\"@id\":\"https:\\\/\\\/www.tapasmagazine.es\\\/#\\\/schema\\\/logo\\\/image\\\/\"},\"sameAs\":[\"https:\\\/\\\/www.facebook.com\\\/tapasmagazine\",\"https:\\\/\\\/x.com\\\/TapasMagazine\",\"https:\\\/\\\/www.instagram.com\\\/tapasmagazine\\\/\",\"https:\\\/\\\/www.linkedin.com\\\/company\\\/tapas-magazine\",\"https:\\\/\\\/es.pinterest.com\\\/tapasmagazine\\\/\",\"https:\\\/\\\/www.youtube.com\\\/channel\\\/UCEyxneAaACuR0lfDagrWjjg?sub_confirmation=1\"]},{\"@type\":\"Person\",\"@id\":\"https:\\\/\\\/www.tapasmagazine.es\\\/#\\\/schema\\\/person\\\/dddb3bce6f98f2124c204b901d74a14b\",\"name\":\"Tapas \\\/ EP\",\"url\":\"https:\\\/\\\/www.tapasmagazine.es\\\/en\\\/author\\\/tapasep\\\/\"}]}<\/script>\n<!-- \/ Yoast SEO plugin. -->","yoast_head_json":{"title":"Econom\u00eda.- Planas celebra el acuerdo entre la UE y Reino Unido sobre Irlanda del Norte - Tapas","description":"El ministro de Agricultura, Pesca y Alimentaci\u00f3n, Luis Planas, ha celebrado este mi\u00e9rcoles el reciente acuerdo alcanzado entre la UE y el Reino Unido","robots":{"index":"index","follow":"follow","max-snippet":"max-snippet:-1","max-image-preview":"max-image-preview:large","max-video-preview":"max-video-preview:-1"},"canonical":"https:\/\/www.tapasmagazine.es\/en\/economia-planas-celebra-el-acuerdo-entre-la-ue-y-reino-unido-sobre-irlanda-del-norte\/","og_locale":"en_US","og_type":"article","og_title":"Econom\u00eda.- Planas celebra el acuerdo entre la UE y Reino Unido sobre Irlanda del Norte - Tapas","og_description":"El ministro de Agricultura, Pesca y Alimentaci\u00f3n, Luis Planas, ha celebrado este mi\u00e9rcoles el reciente acuerdo alcanzado entre la UE y el Reino Unido","og_url":"https:\/\/www.tapasmagazine.es\/en\/economia-planas-celebra-el-acuerdo-entre-la-ue-y-reino-unido-sobre-irlanda-del-norte\/","og_site_name":"Tapas","article_publisher":"https:\/\/www.facebook.com\/tapasmagazine","article_published_time":"2023-03-01T10:31:19+00:00","article_modified_time":"2023-03-01T10:42:45+00:00","og_image":[{"width":2560,"height":1789,"url":"https:\/\/www.tapasmagazine.es\/wp-content\/uploads\/2023\/03\/fotonoticia_20230301113119_9999-scaled.jpg","type":"image\/jpeg"}],"author":"Tapas \/ EP","twitter_card":"summary_large_image","twitter_creator":"@TapasMagazine","twitter_site":"@TapasMagazine","twitter_misc":{"Written by":"Tapas \/ EP","Est. reading time":"2 minutes"},"schema":{"@context":"https:\/\/schema.org","@graph":[{"@type":"Article","@id":"https:\/\/www.tapasmagazine.es\/en\/economia-planas-celebra-el-acuerdo-entre-la-ue-y-reino-unido-sobre-irlanda-del-norte\/#article","isPartOf":{"@id":"https:\/\/www.tapasmagazine.es\/en\/economia-planas-celebra-el-acuerdo-entre-la-ue-y-reino-unido-sobre-irlanda-del-norte\/"},"author":{"name":"Tapas \/ EP","@id":"https:\/\/www.tapasmagazine.es\/#\/schema\/person\/dddb3bce6f98f2124c204b901d74a14b"},"headline":"Econom\u00eda.- Planas celebra el acuerdo entre la UE y Reino Unido sobre Irlanda del Norte","datePublished":"2023-03-01T10:31:19+00:00","dateModified":"2023-03-01T10:42:45+00:00","mainEntityOfPage":{"@id":"https:\/\/www.tapasmagazine.es\/en\/economia-planas-celebra-el-acuerdo-entre-la-ue-y-reino-unido-sobre-irlanda-del-norte\/"},"wordCount":361,"publisher":{"@id":"https:\/\/www.tapasmagazine.es\/#organization"},"image":{"@id":"https:\/\/www.tapasmagazine.es\/en\/economia-planas-celebra-el-acuerdo-entre-la-ue-y-reino-unido-sobre-irlanda-del-norte\/#primaryimage"},"thumbnailUrl":"https:\/\/www.tapasmagazine.es\/wp-content\/uploads\/2023\/03\/fotonoticia_20230301113119_9999-scaled.jpg","articleSection":["\u00daltima hora"],"inLanguage":"en-US"},{"@type":"WebPage","@id":"https:\/\/www.tapasmagazine.es\/en\/economia-planas-celebra-el-acuerdo-entre-la-ue-y-reino-unido-sobre-irlanda-del-norte\/","url":"https:\/\/www.tapasmagazine.es\/en\/economia-planas-celebra-el-acuerdo-entre-la-ue-y-reino-unido-sobre-irlanda-del-norte\/","name":"Econom\u00eda.- Planas celebra el acuerdo entre la UE y Reino Unido sobre Irlanda del Norte - Tapas","isPartOf":{"@id":"https:\/\/www.tapasmagazine.es\/#website"},"primaryImageOfPage":{"@id":"https:\/\/www.tapasmagazine.es\/en\/economia-planas-celebra-el-acuerdo-entre-la-ue-y-reino-unido-sobre-irlanda-del-norte\/#primaryimage"},"image":{"@id":"https:\/\/www.tapasmagazine.es\/en\/economia-planas-celebra-el-acuerdo-entre-la-ue-y-reino-unido-sobre-irlanda-del-norte\/#primaryimage"},"thumbnailUrl":"https:\/\/www.tapasmagazine.es\/wp-content\/uploads\/2023\/03\/fotonoticia_20230301113119_9999-scaled.jpg","datePublished":"2023-03-01T10:31:19+00:00","dateModified":"2023-03-01T10:42:45+00:00","description":"El ministro de Agricultura, Pesca y Alimentaci\u00f3n, Luis Planas, ha celebrado este mi\u00e9rcoles el reciente acuerdo alcanzado entre la UE y el Reino Unido","breadcrumb":{"@id":"https:\/\/www.tapasmagazine.es\/en\/economia-planas-celebra-el-acuerdo-entre-la-ue-y-reino-unido-sobre-irlanda-del-norte\/#breadcrumb"},"inLanguage":"en-US","potentialAction":[{"@type":"ReadAction","target":["https:\/\/www.tapasmagazine.es\/en\/economia-planas-celebra-el-acuerdo-entre-la-ue-y-reino-unido-sobre-irlanda-del-norte\/"]}]},{"@type":"ImageObject","inLanguage":"en-US","@id":"https:\/\/www.tapasmagazine.es\/en\/economia-planas-celebra-el-acuerdo-entre-la-ue-y-reino-unido-sobre-irlanda-del-norte\/#primaryimage","url":"https:\/\/www.tapasmagazine.es\/wp-content\/uploads\/2023\/03\/fotonoticia_20230301113119_9999-scaled.jpg","contentUrl":"https:\/\/www.tapasmagazine.es\/wp-content\/uploads\/2023\/03\/fotonoticia_20230301113119_9999-scaled.jpg","width":2560,"height":1789},{"@type":"BreadcrumbList","@id":"https:\/\/www.tapasmagazine.es\/en\/economia-planas-celebra-el-acuerdo-entre-la-ue-y-reino-unido-sobre-irlanda-del-norte\/#breadcrumb","itemListElement":[{"@type":"ListItem","position":1,"name":"Portada","item":"https:\/\/www.tapasmagazine.es\/"},{"@type":"ListItem","position":2,"name":"Sin categorizar","item":"https:\/\/www.tapasmagazine.es\/categorias\/sin-categorizar-2\/"},{"@type":"ListItem","position":3,"name":"Econom\u00eda.- Planas celebra el acuerdo entre la UE y Reino Unido sobre Irlanda del Norte"}]},{"@type":"WebSite","@id":"https:\/\/www.tapasmagazine.es\/#website","url":"https:\/\/www.tapasmagazine.es\/","name":"Tapas","description":"\u00d1am \u00d1am Lifestyle. La vida a bocados. Premio Nacional de Gastronom\u00eda 2016.","publisher":{"@id":"https:\/\/www.tapasmagazine.es\/#organization"},"potentialAction":[{"@type":"SearchAction","target":{"@type":"EntryPoint","urlTemplate":"https:\/\/www.tapasmagazine.es\/?s={search_term_string}"},"query-input":{"@type":"PropertyValueSpecification","valueRequired":true,"valueName":"search_term_string"}}],"inLanguage":"en-US"},{"@type":"Organization","@id":"https:\/\/www.tapasmagazine.es\/#organization","name":"Tapas Magazine","url":"https:\/\/www.tapasmagazine.es\/","logo":{"@type":"ImageObject","inLanguage":"en-US","@id":"https:\/\/www.tapasmagazine.es\/#\/schema\/logo\/image\/","url":"https:\/\/www.tapasmagazine.es\/wp-content\/uploads\/2018\/01\/logo.png","contentUrl":"https:\/\/www.tapasmagazine.es\/wp-content\/uploads\/2018\/01\/logo.png","width":180,"height":60,"caption":"Tapas Magazine"},"image":{"@id":"https:\/\/www.tapasmagazine.es\/#\/schema\/logo\/image\/"},"sameAs":["https:\/\/www.facebook.com\/tapasmagazine","https:\/\/x.com\/TapasMagazine","https:\/\/www.instagram.com\/tapasmagazine\/","https:\/\/www.linkedin.com\/company\/tapas-magazine","https:\/\/es.pinterest.com\/tapasmagazine\/","https:\/\/www.youtube.com\/channel\/UCEyxneAaACuR0lfDagrWjjg?sub_confirmation=1"]},{"@type":"Person","@id":"https:\/\/www.tapasmagazine.es\/#\/schema\/person\/dddb3bce6f98f2124c204b901d74a14b","name":"Tapas \/ EP","url":"https:\/\/www.tapasmagazine.es\/en\/author\/tapasep\/"}]}},"_links":{"self":[{"href":"https:\/\/www.tapasmagazine.es\/en\/wp-json\/wp\/v2\/posts\/176835","targetHints":{"allow":["GET"]}}],"collection":[{"href":"https:\/\/www.tapasmagazine.es\/en\/wp-json\/wp\/v2\/posts"}],"about":[{"href":"https:\/\/www.tapasmagazine.es\/en\/wp-json\/wp\/v2\/types\/post"}],"author":[{"embeddable":true,"href":"https:\/\/www.tapasmagazine.es\/en\/wp-json\/wp\/v2\/users\/277"}],"replies":[{"embeddable":true,"href":"https:\/\/www.tapasmagazine.es\/en\/wp-json\/wp\/v2\/comments?post=176835"}],"version-history":[{"count":1,"href":"https:\/\/www.tapasmagazine.es\/en\/wp-json\/wp\/v2\/posts\/176835\/revisions"}],"predecessor-version":[{"id":176836,"href":"https:\/\/www.tapasmagazine.es\/en\/wp-json\/wp\/v2\/posts\/176835\/revisions\/176836"}],"wp:featuredmedia":[{"embeddable":true,"href":"https:\/\/www.tapasmagazine.es\/en\/wp-json\/wp\/v2\/media\/176837"}],"wp:attachment":[{"href":"https:\/\/www.tapasmagazine.es\/en\/wp-json\/wp\/v2\/media?parent=176835"}],"wp:term":[{"taxonomy":"category","embeddable":true,"href":"https:\/\/www.tapasmagazine.es\/en\/wp-json\/wp\/v2\/categories?post=176835"},{"taxonomy":"post_tag","embeddable":true,"href":"https:\/\/www.tapasmagazine.es\/en\/wp-json\/wp\/v2\/tags?post=176835"}],"curies":[{"name":"wp","href":"https:\/\/api.w.org\/{rel}","templated":true}]}}