{"id":176831,"date":"2023-03-01T11:32:42","date_gmt":"2023-03-01T10:32:42","guid":{"rendered":"https:\/\/www.tapasmagazine.es\/?p=176831"},"modified":"2023-03-01T11:42:43","modified_gmt":"2023-03-01T10:42:43","slug":"economia-la-cesta-de-la-compra-basica-sube-39-centimos-en-febrero-pese-a-la-bajada-del-iva-segun-asufin","status":"publish","type":"post","link":"https:\/\/www.tapasmagazine.es\/en\/economia-la-cesta-de-la-compra-basica-sube-39-centimos-en-febrero-pese-a-la-bajada-del-iva-segun-asufin\/","title":{"rendered":"Econom\u00eda.- La cesta de la compra b\u00e1sica sube 39 c\u00e9ntimos en febrero pese a la bajada del IVA, seg\u00fan Asufin"},"content":{"rendered":"<p>La cesta de la compra b\u00e1sica se ha encarecido un 1,31% entre enero y febrero, lo que supone la primera subida de precios en lo que va de a\u00f1o a pesar de la rebaja del IVA aprobada en diciembre para alimentos b\u00e1sicos, pastas y aceites.<\/p>\n<p>   En concreto, la cesta de alimentos registr\u00f3 un precio de 30 euros el 27 de febrero, frente a los 29,61 euros de finales de enero. Seg\u00fan un an\u00e1lisis de la Asociaci\u00f3n de Usuarios Financieros (Asufin), el aumento de 39 c\u00e9ntimos en la cesta de la compra rompe la tendencia a la baja continuada e implica la disoluci\u00f3n del efecto de la bajada del IVA.<\/p>\n<p>   En lo que se refiere a las cadenas de supermercados, Mercadona (-0,13 euros) y Dia (-1,23 euros) han sido las que han rebajado sus precios a finales de febrero. Carrefour, por su parte, ha sido la cadena que m\u00e1s ha subido los precios en la comparaci\u00f3n mensual, con 2,13 euros m\u00e1s. De su lado, El Corte Ingl\u00e9s (0,78 euros) y Alcampo (0,39 euros) han sido los otros dos supermercados que han encarecido la cesta de la compra b\u00e1sica.<\/p>\n<p>   Pese al repunte observado a finales de febrero, el an\u00e1lisis de Asufin apunta que desde el pasado 2 de enero, la media de la cesta b\u00e1sica de alimentos se ha rebajado un 10,9% en comparaci\u00f3n con el 29 de diciembre, cuando el precio de la cesta se situaba en 33,67 euros. Es decir, en lo que va de a\u00f1o la cesta se ha abaratado en 3,67 euros de media.<\/p>\n<p>ASUFIN ADVIERTE DE LA INEFICACIA DE LAS MEDIDAS<\/p>\n<p>   Con todo ello, la presidenta de Asufin, Patricia Su\u00e1rez, ha subrayado que a tenor de los datos las medidas &#8220;est\u00e1n demostrando, mes a mes, su ineficacia&#8221;. &#8220;Se trata de medidas sin graduaci\u00f3n, que benefician tanto al que m\u00e1s compra como el que menos&#8221;, se\u00f1ala Su\u00e1rez. Asimismo, ha indicado que vigilar los m\u00e1rgenes empresariales de las grandes superficies &#8220;es muy dif\u00edcil&#8221;, al igual que determinar que la bajada del IVA est\u00e1 abaratando la cesta de productos b\u00e1sicos.<\/p>\n<p>   Dejando claro Asufin que no est\u00e1 de acuerdo en topar precios, s\u00ed considera la asociaci\u00f3n que los Gobiernos tienen medios para determinar qui\u00e9n necesita una ayuda directa para combatir los efectos &#8220;perniciosos&#8221; de la inflaci\u00f3n.<\/p>\n","protected":false},"excerpt":{"rendered":"<p>La cesta de la compra b\u00e1sica se ha encarecido un 1,31% entre enero y febrero, lo que supone la primera subida de precios en lo que va de a\u00f1o a pesar de la rebaja del IVA aprobada en diciembre para alimentos b\u00e1sicos, pastas y aceites. En concreto, la cesta de alimentos registr\u00f3 un precio de [&hellip;]<\/p>\n","protected":false},"author":277,"featured_media":176833,"comment_status":"close","ping_status":"","sticky":false,"template":"single-feature.php","format":"standard","meta":{"_acf_changed":false,"footnotes":""},"categories":[15645],"tags":[],"class_list":["post-176831","post","type-post","status-publish","format-standard","has-post-thumbnail","hentry","category-ultima-hora","cat-15645-id"],"acf":[],"yoast_head":"<!-- This site is optimized with the Yoast SEO plugin v27.4 - https:\/\/yoast.com\/product\/yoast-seo-wordpress\/ -->\n<title>Econom\u00eda.- La cesta de la compra b\u00e1sica sube 39 c\u00e9ntimos en febrero pese a la bajada del IVA, seg\u00fan Asufin - Tapas<\/title>\n<meta name=\"description\" content=\"La cesta de la compra b\u00e1sica se ha encarecido un 1,31% entre enero y febrero, lo que supone la primera subida de precios en lo que va de a\u00f1o a pesar de la\" \/>\n<meta name=\"robots\" content=\"index, follow, max-snippet:-1, max-image-preview:large, max-video-preview:-1\" \/>\n<link rel=\"canonical\" href=\"https:\/\/www.tapasmagazine.es\/en\/economia-la-cesta-de-la-compra-basica-sube-39-centimos-en-febrero-pese-a-la-bajada-del-iva-segun-asufin\/\" \/>\n<meta property=\"og:locale\" content=\"en_US\" \/>\n<meta property=\"og:type\" content=\"article\" \/>\n<meta property=\"og:title\" content=\"Econom\u00eda.- La cesta de la compra b\u00e1sica sube 39 c\u00e9ntimos en febrero pese a la bajada del IVA, seg\u00fan Asufin - Tapas\" \/>\n<meta property=\"og:description\" content=\"La cesta de la compra b\u00e1sica se ha encarecido un 1,31% entre enero y febrero, lo que supone la primera subida de precios en lo que va de a\u00f1o a pesar de la\" \/>\n<meta property=\"og:url\" content=\"https:\/\/www.tapasmagazine.es\/en\/economia-la-cesta-de-la-compra-basica-sube-39-centimos-en-febrero-pese-a-la-bajada-del-iva-segun-asufin\/\" \/>\n<meta property=\"og:site_name\" content=\"Tapas\" \/>\n<meta property=\"article:publisher\" content=\"https:\/\/www.facebook.com\/tapasmagazine\" \/>\n<meta property=\"article:published_time\" content=\"2023-03-01T10:32:42+00:00\" \/>\n<meta property=\"article:modified_time\" content=\"2023-03-01T10:42:43+00:00\" \/>\n<meta property=\"og:image\" content=\"https:\/\/www.tapasmagazine.es\/wp-content\/uploads\/2023\/03\/fotonoticia_20230301113242_9999-scaled.jpg\" \/>\n\t<meta property=\"og:image:width\" content=\"2560\" \/>\n\t<meta property=\"og:image:height\" content=\"1691\" \/>\n\t<meta property=\"og:image:type\" content=\"image\/jpeg\" \/>\n<meta name=\"author\" content=\"Tapas \/ EP\" \/>\n<meta name=\"twitter:card\" content=\"summary_large_image\" \/>\n<meta name=\"twitter:creator\" content=\"@TapasMagazine\" \/>\n<meta name=\"twitter:site\" content=\"@TapasMagazine\" \/>\n<meta name=\"twitter:label1\" content=\"Written by\" \/>\n\t<meta name=\"twitter:data1\" content=\"Tapas \/ EP\" \/>\n\t<meta name=\"twitter:label2\" content=\"Est. reading time\" \/>\n\t<meta name=\"twitter:data2\" content=\"2 minutes\" \/>\n<script type=\"application\/ld+json\" class=\"yoast-schema-graph\">{\"@context\":\"https:\\\/\\\/schema.org\",\"@graph\":[{\"@type\":\"Article\",\"@id\":\"https:\\\/\\\/www.tapasmagazine.es\\\/en\\\/economia-la-cesta-de-la-compra-basica-sube-39-centimos-en-febrero-pese-a-la-bajada-del-iva-segun-asufin\\\/#article\",\"isPartOf\":{\"@id\":\"https:\\\/\\\/www.tapasmagazine.es\\\/en\\\/economia-la-cesta-de-la-compra-basica-sube-39-centimos-en-febrero-pese-a-la-bajada-del-iva-segun-asufin\\\/\"},\"author\":{\"name\":\"Tapas \\\/ EP\",\"@id\":\"https:\\\/\\\/www.tapasmagazine.es\\\/#\\\/schema\\\/person\\\/dddb3bce6f98f2124c204b901d74a14b\"},\"headline\":\"Econom\u00eda.- La cesta de la compra b\u00e1sica sube 39 c\u00e9ntimos en febrero pese a la bajada del IVA, seg\u00fan Asufin\",\"datePublished\":\"2023-03-01T10:32:42+00:00\",\"dateModified\":\"2023-03-01T10:42:43+00:00\",\"mainEntityOfPage\":{\"@id\":\"https:\\\/\\\/www.tapasmagazine.es\\\/en\\\/economia-la-cesta-de-la-compra-basica-sube-39-centimos-en-febrero-pese-a-la-bajada-del-iva-segun-asufin\\\/\"},\"wordCount\":415,\"publisher\":{\"@id\":\"https:\\\/\\\/www.tapasmagazine.es\\\/#organization\"},\"image\":{\"@id\":\"https:\\\/\\\/www.tapasmagazine.es\\\/en\\\/economia-la-cesta-de-la-compra-basica-sube-39-centimos-en-febrero-pese-a-la-bajada-del-iva-segun-asufin\\\/#primaryimage\"},\"thumbnailUrl\":\"https:\\\/\\\/www.tapasmagazine.es\\\/wp-content\\\/uploads\\\/2023\\\/03\\\/fotonoticia_20230301113242_9999-scaled.jpg\",\"articleSection\":[\"\u00daltima hora\"],\"inLanguage\":\"en-US\"},{\"@type\":\"WebPage\",\"@id\":\"https:\\\/\\\/www.tapasmagazine.es\\\/en\\\/economia-la-cesta-de-la-compra-basica-sube-39-centimos-en-febrero-pese-a-la-bajada-del-iva-segun-asufin\\\/\",\"url\":\"https:\\\/\\\/www.tapasmagazine.es\\\/en\\\/economia-la-cesta-de-la-compra-basica-sube-39-centimos-en-febrero-pese-a-la-bajada-del-iva-segun-asufin\\\/\",\"name\":\"Econom\u00eda.- La cesta de la compra b\u00e1sica sube 39 c\u00e9ntimos en febrero pese a la bajada del IVA, seg\u00fan Asufin - Tapas\",\"isPartOf\":{\"@id\":\"https:\\\/\\\/www.tapasmagazine.es\\\/#website\"},\"primaryImageOfPage\":{\"@id\":\"https:\\\/\\\/www.tapasmagazine.es\\\/en\\\/economia-la-cesta-de-la-compra-basica-sube-39-centimos-en-febrero-pese-a-la-bajada-del-iva-segun-asufin\\\/#primaryimage\"},\"image\":{\"@id\":\"https:\\\/\\\/www.tapasmagazine.es\\\/en\\\/economia-la-cesta-de-la-compra-basica-sube-39-centimos-en-febrero-pese-a-la-bajada-del-iva-segun-asufin\\\/#primaryimage\"},\"thumbnailUrl\":\"https:\\\/\\\/www.tapasmagazine.es\\\/wp-content\\\/uploads\\\/2023\\\/03\\\/fotonoticia_20230301113242_9999-scaled.jpg\",\"datePublished\":\"2023-03-01T10:32:42+00:00\",\"dateModified\":\"2023-03-01T10:42:43+00:00\",\"description\":\"La cesta de la compra b\u00e1sica se ha encarecido un 1,31% entre enero y febrero, lo que supone la primera subida de precios en lo que va de a\u00f1o a pesar de la\",\"breadcrumb\":{\"@id\":\"https:\\\/\\\/www.tapasmagazine.es\\\/en\\\/economia-la-cesta-de-la-compra-basica-sube-39-centimos-en-febrero-pese-a-la-bajada-del-iva-segun-asufin\\\/#breadcrumb\"},\"inLanguage\":\"en-US\",\"potentialAction\":[{\"@type\":\"ReadAction\",\"target\":[\"https:\\\/\\\/www.tapasmagazine.es\\\/en\\\/economia-la-cesta-de-la-compra-basica-sube-39-centimos-en-febrero-pese-a-la-bajada-del-iva-segun-asufin\\\/\"]}]},{\"@type\":\"ImageObject\",\"inLanguage\":\"en-US\",\"@id\":\"https:\\\/\\\/www.tapasmagazine.es\\\/en\\\/economia-la-cesta-de-la-compra-basica-sube-39-centimos-en-febrero-pese-a-la-bajada-del-iva-segun-asufin\\\/#primaryimage\",\"url\":\"https:\\\/\\\/www.tapasmagazine.es\\\/wp-content\\\/uploads\\\/2023\\\/03\\\/fotonoticia_20230301113242_9999-scaled.jpg\",\"contentUrl\":\"https:\\\/\\\/www.tapasmagazine.es\\\/wp-content\\\/uploads\\\/2023\\\/03\\\/fotonoticia_20230301113242_9999-scaled.jpg\",\"width\":2560,\"height\":1691},{\"@type\":\"BreadcrumbList\",\"@id\":\"https:\\\/\\\/www.tapasmagazine.es\\\/en\\\/economia-la-cesta-de-la-compra-basica-sube-39-centimos-en-febrero-pese-a-la-bajada-del-iva-segun-asufin\\\/#breadcrumb\",\"itemListElement\":[{\"@type\":\"ListItem\",\"position\":1,\"name\":\"Portada\",\"item\":\"https:\\\/\\\/www.tapasmagazine.es\\\/\"},{\"@type\":\"ListItem\",\"position\":2,\"name\":\"Sin categorizar\",\"item\":\"https:\\\/\\\/www.tapasmagazine.es\\\/categorias\\\/sin-categorizar-2\\\/\"},{\"@type\":\"ListItem\",\"position\":3,\"name\":\"Econom\u00eda.- La cesta de la compra b\u00e1sica sube 39 c\u00e9ntimos en febrero pese a la bajada del IVA, seg\u00fan Asufin\"}]},{\"@type\":\"WebSite\",\"@id\":\"https:\\\/\\\/www.tapasmagazine.es\\\/#website\",\"url\":\"https:\\\/\\\/www.tapasmagazine.es\\\/\",\"name\":\"Tapas\",\"description\":\"\u00d1am \u00d1am Lifestyle. La vida a bocados. Premio Nacional de Gastronom\u00eda 2016.\",\"publisher\":{\"@id\":\"https:\\\/\\\/www.tapasmagazine.es\\\/#organization\"},\"potentialAction\":[{\"@type\":\"SearchAction\",\"target\":{\"@type\":\"EntryPoint\",\"urlTemplate\":\"https:\\\/\\\/www.tapasmagazine.es\\\/?s={search_term_string}\"},\"query-input\":{\"@type\":\"PropertyValueSpecification\",\"valueRequired\":true,\"valueName\":\"search_term_string\"}}],\"inLanguage\":\"en-US\"},{\"@type\":\"Organization\",\"@id\":\"https:\\\/\\\/www.tapasmagazine.es\\\/#organization\",\"name\":\"Tapas Magazine\",\"url\":\"https:\\\/\\\/www.tapasmagazine.es\\\/\",\"logo\":{\"@type\":\"ImageObject\",\"inLanguage\":\"en-US\",\"@id\":\"https:\\\/\\\/www.tapasmagazine.es\\\/#\\\/schema\\\/logo\\\/image\\\/\",\"url\":\"https:\\\/\\\/www.tapasmagazine.es\\\/wp-content\\\/uploads\\\/2018\\\/01\\\/logo.png\",\"contentUrl\":\"https:\\\/\\\/www.tapasmagazine.es\\\/wp-content\\\/uploads\\\/2018\\\/01\\\/logo.png\",\"width\":180,\"height\":60,\"caption\":\"Tapas Magazine\"},\"image\":{\"@id\":\"https:\\\/\\\/www.tapasmagazine.es\\\/#\\\/schema\\\/logo\\\/image\\\/\"},\"sameAs\":[\"https:\\\/\\\/www.facebook.com\\\/tapasmagazine\",\"https:\\\/\\\/x.com\\\/TapasMagazine\",\"https:\\\/\\\/www.instagram.com\\\/tapasmagazine\\\/\",\"https:\\\/\\\/www.linkedin.com\\\/company\\\/tapas-magazine\",\"https:\\\/\\\/es.pinterest.com\\\/tapasmagazine\\\/\",\"https:\\\/\\\/www.youtube.com\\\/channel\\\/UCEyxneAaACuR0lfDagrWjjg?sub_confirmation=1\"]},{\"@type\":\"Person\",\"@id\":\"https:\\\/\\\/www.tapasmagazine.es\\\/#\\\/schema\\\/person\\\/dddb3bce6f98f2124c204b901d74a14b\",\"name\":\"Tapas \\\/ EP\",\"url\":\"https:\\\/\\\/www.tapasmagazine.es\\\/en\\\/author\\\/tapasep\\\/\"}]}<\/script>\n<!-- \/ Yoast SEO plugin. -->","yoast_head_json":{"title":"Econom\u00eda.- La cesta de la compra b\u00e1sica sube 39 c\u00e9ntimos en febrero pese a la bajada del IVA, seg\u00fan Asufin - Tapas","description":"La cesta de la compra b\u00e1sica se ha encarecido un 1,31% entre enero y febrero, lo que supone la primera subida de precios en lo que va de a\u00f1o a pesar de la","robots":{"index":"index","follow":"follow","max-snippet":"max-snippet:-1","max-image-preview":"max-image-preview:large","max-video-preview":"max-video-preview:-1"},"canonical":"https:\/\/www.tapasmagazine.es\/en\/economia-la-cesta-de-la-compra-basica-sube-39-centimos-en-febrero-pese-a-la-bajada-del-iva-segun-asufin\/","og_locale":"en_US","og_type":"article","og_title":"Econom\u00eda.- La cesta de la compra b\u00e1sica sube 39 c\u00e9ntimos en febrero pese a la bajada del IVA, seg\u00fan Asufin - Tapas","og_description":"La cesta de la compra b\u00e1sica se ha encarecido un 1,31% entre enero y febrero, lo que supone la primera subida de precios en lo que va de a\u00f1o a pesar de la","og_url":"https:\/\/www.tapasmagazine.es\/en\/economia-la-cesta-de-la-compra-basica-sube-39-centimos-en-febrero-pese-a-la-bajada-del-iva-segun-asufin\/","og_site_name":"Tapas","article_publisher":"https:\/\/www.facebook.com\/tapasmagazine","article_published_time":"2023-03-01T10:32:42+00:00","article_modified_time":"2023-03-01T10:42:43+00:00","og_image":[{"width":2560,"height":1691,"url":"https:\/\/www.tapasmagazine.es\/wp-content\/uploads\/2023\/03\/fotonoticia_20230301113242_9999-scaled.jpg","type":"image\/jpeg"}],"author":"Tapas \/ EP","twitter_card":"summary_large_image","twitter_creator":"@TapasMagazine","twitter_site":"@TapasMagazine","twitter_misc":{"Written by":"Tapas \/ EP","Est. reading time":"2 minutes"},"schema":{"@context":"https:\/\/schema.org","@graph":[{"@type":"Article","@id":"https:\/\/www.tapasmagazine.es\/en\/economia-la-cesta-de-la-compra-basica-sube-39-centimos-en-febrero-pese-a-la-bajada-del-iva-segun-asufin\/#article","isPartOf":{"@id":"https:\/\/www.tapasmagazine.es\/en\/economia-la-cesta-de-la-compra-basica-sube-39-centimos-en-febrero-pese-a-la-bajada-del-iva-segun-asufin\/"},"author":{"name":"Tapas \/ EP","@id":"https:\/\/www.tapasmagazine.es\/#\/schema\/person\/dddb3bce6f98f2124c204b901d74a14b"},"headline":"Econom\u00eda.- La cesta de la compra b\u00e1sica sube 39 c\u00e9ntimos en febrero pese a la bajada del IVA, seg\u00fan Asufin","datePublished":"2023-03-01T10:32:42+00:00","dateModified":"2023-03-01T10:42:43+00:00","mainEntityOfPage":{"@id":"https:\/\/www.tapasmagazine.es\/en\/economia-la-cesta-de-la-compra-basica-sube-39-centimos-en-febrero-pese-a-la-bajada-del-iva-segun-asufin\/"},"wordCount":415,"publisher":{"@id":"https:\/\/www.tapasmagazine.es\/#organization"},"image":{"@id":"https:\/\/www.tapasmagazine.es\/en\/economia-la-cesta-de-la-compra-basica-sube-39-centimos-en-febrero-pese-a-la-bajada-del-iva-segun-asufin\/#primaryimage"},"thumbnailUrl":"https:\/\/www.tapasmagazine.es\/wp-content\/uploads\/2023\/03\/fotonoticia_20230301113242_9999-scaled.jpg","articleSection":["\u00daltima hora"],"inLanguage":"en-US"},{"@type":"WebPage","@id":"https:\/\/www.tapasmagazine.es\/en\/economia-la-cesta-de-la-compra-basica-sube-39-centimos-en-febrero-pese-a-la-bajada-del-iva-segun-asufin\/","url":"https:\/\/www.tapasmagazine.es\/en\/economia-la-cesta-de-la-compra-basica-sube-39-centimos-en-febrero-pese-a-la-bajada-del-iva-segun-asufin\/","name":"Econom\u00eda.- La cesta de la compra b\u00e1sica sube 39 c\u00e9ntimos en febrero pese a la bajada del IVA, seg\u00fan Asufin - Tapas","isPartOf":{"@id":"https:\/\/www.tapasmagazine.es\/#website"},"primaryImageOfPage":{"@id":"https:\/\/www.tapasmagazine.es\/en\/economia-la-cesta-de-la-compra-basica-sube-39-centimos-en-febrero-pese-a-la-bajada-del-iva-segun-asufin\/#primaryimage"},"image":{"@id":"https:\/\/www.tapasmagazine.es\/en\/economia-la-cesta-de-la-compra-basica-sube-39-centimos-en-febrero-pese-a-la-bajada-del-iva-segun-asufin\/#primaryimage"},"thumbnailUrl":"https:\/\/www.tapasmagazine.es\/wp-content\/uploads\/2023\/03\/fotonoticia_20230301113242_9999-scaled.jpg","datePublished":"2023-03-01T10:32:42+00:00","dateModified":"2023-03-01T10:42:43+00:00","description":"La cesta de la compra b\u00e1sica se ha encarecido un 1,31% entre enero y febrero, lo que supone la primera subida de precios en lo que va de a\u00f1o a pesar de la","breadcrumb":{"@id":"https:\/\/www.tapasmagazine.es\/en\/economia-la-cesta-de-la-compra-basica-sube-39-centimos-en-febrero-pese-a-la-bajada-del-iva-segun-asufin\/#breadcrumb"},"inLanguage":"en-US","potentialAction":[{"@type":"ReadAction","target":["https:\/\/www.tapasmagazine.es\/en\/economia-la-cesta-de-la-compra-basica-sube-39-centimos-en-febrero-pese-a-la-bajada-del-iva-segun-asufin\/"]}]},{"@type":"ImageObject","inLanguage":"en-US","@id":"https:\/\/www.tapasmagazine.es\/en\/economia-la-cesta-de-la-compra-basica-sube-39-centimos-en-febrero-pese-a-la-bajada-del-iva-segun-asufin\/#primaryimage","url":"https:\/\/www.tapasmagazine.es\/wp-content\/uploads\/2023\/03\/fotonoticia_20230301113242_9999-scaled.jpg","contentUrl":"https:\/\/www.tapasmagazine.es\/wp-content\/uploads\/2023\/03\/fotonoticia_20230301113242_9999-scaled.jpg","width":2560,"height":1691},{"@type":"BreadcrumbList","@id":"https:\/\/www.tapasmagazine.es\/en\/economia-la-cesta-de-la-compra-basica-sube-39-centimos-en-febrero-pese-a-la-bajada-del-iva-segun-asufin\/#breadcrumb","itemListElement":[{"@type":"ListItem","position":1,"name":"Portada","item":"https:\/\/www.tapasmagazine.es\/"},{"@type":"ListItem","position":2,"name":"Sin categorizar","item":"https:\/\/www.tapasmagazine.es\/categorias\/sin-categorizar-2\/"},{"@type":"ListItem","position":3,"name":"Econom\u00eda.- La cesta de la compra b\u00e1sica sube 39 c\u00e9ntimos en febrero pese a la bajada del IVA, seg\u00fan Asufin"}]},{"@type":"WebSite","@id":"https:\/\/www.tapasmagazine.es\/#website","url":"https:\/\/www.tapasmagazine.es\/","name":"Tapas","description":"\u00d1am \u00d1am Lifestyle. La vida a bocados. Premio Nacional de Gastronom\u00eda 2016.","publisher":{"@id":"https:\/\/www.tapasmagazine.es\/#organization"},"potentialAction":[{"@type":"SearchAction","target":{"@type":"EntryPoint","urlTemplate":"https:\/\/www.tapasmagazine.es\/?s={search_term_string}"},"query-input":{"@type":"PropertyValueSpecification","valueRequired":true,"valueName":"search_term_string"}}],"inLanguage":"en-US"},{"@type":"Organization","@id":"https:\/\/www.tapasmagazine.es\/#organization","name":"Tapas Magazine","url":"https:\/\/www.tapasmagazine.es\/","logo":{"@type":"ImageObject","inLanguage":"en-US","@id":"https:\/\/www.tapasmagazine.es\/#\/schema\/logo\/image\/","url":"https:\/\/www.tapasmagazine.es\/wp-content\/uploads\/2018\/01\/logo.png","contentUrl":"https:\/\/www.tapasmagazine.es\/wp-content\/uploads\/2018\/01\/logo.png","width":180,"height":60,"caption":"Tapas Magazine"},"image":{"@id":"https:\/\/www.tapasmagazine.es\/#\/schema\/logo\/image\/"},"sameAs":["https:\/\/www.facebook.com\/tapasmagazine","https:\/\/x.com\/TapasMagazine","https:\/\/www.instagram.com\/tapasmagazine\/","https:\/\/www.linkedin.com\/company\/tapas-magazine","https:\/\/es.pinterest.com\/tapasmagazine\/","https:\/\/www.youtube.com\/channel\/UCEyxneAaACuR0lfDagrWjjg?sub_confirmation=1"]},{"@type":"Person","@id":"https:\/\/www.tapasmagazine.es\/#\/schema\/person\/dddb3bce6f98f2124c204b901d74a14b","name":"Tapas \/ EP","url":"https:\/\/www.tapasmagazine.es\/en\/author\/tapasep\/"}]}},"_links":{"self":[{"href":"https:\/\/www.tapasmagazine.es\/en\/wp-json\/wp\/v2\/posts\/176831","targetHints":{"allow":["GET"]}}],"collection":[{"href":"https:\/\/www.tapasmagazine.es\/en\/wp-json\/wp\/v2\/posts"}],"about":[{"href":"https:\/\/www.tapasmagazine.es\/en\/wp-json\/wp\/v2\/types\/post"}],"author":[{"embeddable":true,"href":"https:\/\/www.tapasmagazine.es\/en\/wp-json\/wp\/v2\/users\/277"}],"replies":[{"embeddable":true,"href":"https:\/\/www.tapasmagazine.es\/en\/wp-json\/wp\/v2\/comments?post=176831"}],"version-history":[{"count":1,"href":"https:\/\/www.tapasmagazine.es\/en\/wp-json\/wp\/v2\/posts\/176831\/revisions"}],"predecessor-version":[{"id":176832,"href":"https:\/\/www.tapasmagazine.es\/en\/wp-json\/wp\/v2\/posts\/176831\/revisions\/176832"}],"wp:featuredmedia":[{"embeddable":true,"href":"https:\/\/www.tapasmagazine.es\/en\/wp-json\/wp\/v2\/media\/176833"}],"wp:attachment":[{"href":"https:\/\/www.tapasmagazine.es\/en\/wp-json\/wp\/v2\/media?parent=176831"}],"wp:term":[{"taxonomy":"category","embeddable":true,"href":"https:\/\/www.tapasmagazine.es\/en\/wp-json\/wp\/v2\/categories?post=176831"},{"taxonomy":"post_tag","embeddable":true,"href":"https:\/\/www.tapasmagazine.es\/en\/wp-json\/wp\/v2\/tags?post=176831"}],"curies":[{"name":"wp","href":"https:\/\/api.w.org\/{rel}","templated":true}]}}