{"id":176819,"date":"2023-03-01T10:59:29","date_gmt":"2023-03-01T09:59:29","guid":{"rendered":"https:\/\/www.tapasmagazine.es\/?p=176819"},"modified":"2023-03-01T11:11:59","modified_gmt":"2023-03-01T10:11:59","slug":"economia-justicia-europea-anula-el-registro-de-gourmet-de-aldi-como-marca-protegida-a-peticion-de-empresa-gerundense","status":"publish","type":"post","link":"https:\/\/www.tapasmagazine.es\/en\/economia-justicia-europea-anula-el-registro-de-gourmet-de-aldi-como-marca-protegida-a-peticion-de-empresa-gerundense\/","title":{"rendered":"Econom\u00eda.- Justicia europea anula el registro de &#8216;Gourmet&#8217; de Aldi como marca protegida a petici\u00f3n de empresa gerundense"},"content":{"rendered":"<p>El Tribunal General de la Uni\u00f3n Europea ha anulado este mi\u00e9rcoles el registro como marca protegida en el mercado comunitario de &#8216;Gourmet&#8217; obtenido por la cadena de supermercados Aldi para l\u00edneas de sus productos alimentarios al estimar el recurso presentado por la empresa gerundense Transgourmet Ib\u00e9rica que aleg\u00f3 que ya exist\u00eda una denominaci\u00f3n de marca espa\u00f1ola anterior e id\u00e9ntica.<\/p>\n<p>    La Justicia europea anula as\u00ed la decisi\u00f3n de la Oficina de Propiedad Intelectual de la Uni\u00f3n Europea (EUIPO) de rechazar los recursos de la marca espa\u00f1ola contra la petici\u00f3n presentada en 2009 por Aldi para proteger bajo esa marca varios de sus productos en Europa, por lo que la oficina europea deber\u00e1 analizar de nuevo el caso y tomar una nueva decisi\u00f3n atendiendo a lo dictado este martes por el Alto Tribunal europeo.<\/p>\n<p>   La Ofician europea defendi\u00f3 la desestimaci\u00f3n del recurso de Transgourmet Ib\u00e9rica porque consider\u00f3 que la empresa espa\u00f1ola no hab\u00eda demostrado un uso efectivo del signo tal y como hab\u00eda sido registrado durante los cinco a\u00f1os anteriores a la petici\u00f3n de Aldi.<\/p>\n<p>   As\u00ed, estim\u00f3 que las pruebas no demostraban un uso como marca y, al mismo tiempo, que algunas pruebas demostraban un uso de la marca de un modo que alteraba su car\u00e1cter distintivo.<\/p>\n<p>   En su sentencia, el Tribunal General europeo concluye que la EUIPO cometi\u00f3 un error de Derecho porque parece reconocer el car\u00e1cter distintivo de la marca nacional anterior, a pesar de lo cual consider\u00f3 que el t\u00e9rmino \u00fanico que la compon\u00eda era descriptivo.<\/p>\n<p>   Al respecto, el fallo indica que el hecho de que una marca nacional haya sido registrada implica que tenga un car\u00e1cter distintivo m\u00ednimo intr\u00ednseco, porque no pueden registrarse las marcas que carecen de car\u00e1cter distintivo, por lo que debe reconocerse un cierto grado de car\u00e1cter distintivo a una marca nacional invocada en apoyo de una oposici\u00f3n al registro de una marca de la UE. Adem\u00e1s, recuerda que caracterizar un signo como descriptivo o gen\u00e9rico equivale a negar el car\u00e1cter distintivo de este.<\/p>\n<p>   Tambi\u00e9n considera que la EUIPO se equivoc\u00f3 al examinar si la marca denominativa &#8216;Gourmet&#8217; era descriptiva o si ser\u00eda percibida por el p\u00fablico de referencia como un t\u00e9rmino descriptivo en las pruebas que demuestran un uso de la marca anterior bajo la forma en que fue registrada.<\/p>\n","protected":false},"excerpt":{"rendered":"<p>El Tribunal General de la Uni\u00f3n Europea ha anulado este mi\u00e9rcoles el registro como marca protegida en el mercado comunitario de &#8216;Gourmet&#8217; obtenido por la cadena de supermercados Aldi para l\u00edneas de sus productos alimentarios al estimar el recurso presentado por la empresa gerundense Transgourmet Ib\u00e9rica que aleg\u00f3 que ya exist\u00eda una denominaci\u00f3n de marca [&hellip;]<\/p>\n","protected":false},"author":277,"featured_media":176821,"comment_status":"close","ping_status":"","sticky":false,"template":"single-feature.php","format":"standard","meta":{"_acf_changed":false,"footnotes":""},"categories":[15645],"tags":[],"class_list":["post-176819","post","type-post","status-publish","format-standard","has-post-thumbnail","hentry","category-ultima-hora","cat-15645-id"],"acf":[],"yoast_head":"<!-- This site is optimized with the Yoast SEO plugin v27.4 - https:\/\/yoast.com\/product\/yoast-seo-wordpress\/ -->\n<title>Econom\u00eda.- Justicia europea anula el registro de &#039;Gourmet&#039; de Aldi como marca protegida a petici\u00f3n de empresa gerundense - Tapas<\/title>\n<meta name=\"description\" content=\"El Tribunal General de la Uni\u00f3n Europea ha anulado este mi\u00e9rcoles el registro como marca protegida en el mercado comunitario de &#039;Gourmet&#039; obtenido por la\" \/>\n<meta name=\"robots\" content=\"index, follow, max-snippet:-1, max-image-preview:large, max-video-preview:-1\" \/>\n<link rel=\"canonical\" href=\"https:\/\/www.tapasmagazine.es\/en\/economia-justicia-europea-anula-el-registro-de-gourmet-de-aldi-como-marca-protegida-a-peticion-de-empresa-gerundense\/\" \/>\n<meta property=\"og:locale\" content=\"en_US\" \/>\n<meta property=\"og:type\" content=\"article\" \/>\n<meta property=\"og:title\" content=\"Econom\u00eda.- Justicia europea anula el registro de &#039;Gourmet&#039; de Aldi como marca protegida a petici\u00f3n de empresa gerundense - Tapas\" \/>\n<meta property=\"og:description\" content=\"El Tribunal General de la Uni\u00f3n Europea ha anulado este mi\u00e9rcoles el registro como marca protegida en el mercado comunitario de &#039;Gourmet&#039; obtenido por la\" \/>\n<meta property=\"og:url\" content=\"https:\/\/www.tapasmagazine.es\/en\/economia-justicia-europea-anula-el-registro-de-gourmet-de-aldi-como-marca-protegida-a-peticion-de-empresa-gerundense\/\" \/>\n<meta property=\"og:site_name\" content=\"Tapas\" \/>\n<meta property=\"article:publisher\" content=\"https:\/\/www.facebook.com\/tapasmagazine\" \/>\n<meta property=\"article:published_time\" content=\"2023-03-01T09:59:29+00:00\" \/>\n<meta property=\"article:modified_time\" content=\"2023-03-01T10:11:59+00:00\" \/>\n<meta property=\"og:image\" content=\"https:\/\/www.tapasmagazine.es\/wp-content\/uploads\/2023\/03\/fotonoticia_20230301105929_9999-scaled.jpg\" \/>\n\t<meta property=\"og:image:width\" content=\"2560\" \/>\n\t<meta property=\"og:image:height\" content=\"1427\" \/>\n\t<meta property=\"og:image:type\" content=\"image\/jpeg\" \/>\n<meta name=\"author\" content=\"Tapas \/ EP\" \/>\n<meta name=\"twitter:card\" content=\"summary_large_image\" \/>\n<meta name=\"twitter:creator\" content=\"@TapasMagazine\" \/>\n<meta name=\"twitter:site\" content=\"@TapasMagazine\" \/>\n<meta name=\"twitter:label1\" content=\"Written by\" \/>\n\t<meta name=\"twitter:data1\" content=\"Tapas \/ EP\" \/>\n\t<meta name=\"twitter:label2\" content=\"Est. reading time\" \/>\n\t<meta name=\"twitter:data2\" content=\"2 minutes\" \/>\n<script type=\"application\/ld+json\" class=\"yoast-schema-graph\">{\"@context\":\"https:\\\/\\\/schema.org\",\"@graph\":[{\"@type\":\"Article\",\"@id\":\"https:\\\/\\\/www.tapasmagazine.es\\\/en\\\/economia-justicia-europea-anula-el-registro-de-gourmet-de-aldi-como-marca-protegida-a-peticion-de-empresa-gerundense\\\/#article\",\"isPartOf\":{\"@id\":\"https:\\\/\\\/www.tapasmagazine.es\\\/en\\\/economia-justicia-europea-anula-el-registro-de-gourmet-de-aldi-como-marca-protegida-a-peticion-de-empresa-gerundense\\\/\"},\"author\":{\"name\":\"Tapas \\\/ EP\",\"@id\":\"https:\\\/\\\/www.tapasmagazine.es\\\/#\\\/schema\\\/person\\\/dddb3bce6f98f2124c204b901d74a14b\"},\"headline\":\"Econom\u00eda.- Justicia europea anula el registro de &#8216;Gourmet&#8217; de Aldi como marca protegida a petici\u00f3n de empresa gerundense\",\"datePublished\":\"2023-03-01T09:59:29+00:00\",\"dateModified\":\"2023-03-01T10:11:59+00:00\",\"mainEntityOfPage\":{\"@id\":\"https:\\\/\\\/www.tapasmagazine.es\\\/en\\\/economia-justicia-europea-anula-el-registro-de-gourmet-de-aldi-como-marca-protegida-a-peticion-de-empresa-gerundense\\\/\"},\"wordCount\":433,\"publisher\":{\"@id\":\"https:\\\/\\\/www.tapasmagazine.es\\\/#organization\"},\"image\":{\"@id\":\"https:\\\/\\\/www.tapasmagazine.es\\\/en\\\/economia-justicia-europea-anula-el-registro-de-gourmet-de-aldi-como-marca-protegida-a-peticion-de-empresa-gerundense\\\/#primaryimage\"},\"thumbnailUrl\":\"https:\\\/\\\/www.tapasmagazine.es\\\/wp-content\\\/uploads\\\/2023\\\/03\\\/fotonoticia_20230301105929_9999-scaled.jpg\",\"articleSection\":[\"\u00daltima hora\"],\"inLanguage\":\"en-US\"},{\"@type\":\"WebPage\",\"@id\":\"https:\\\/\\\/www.tapasmagazine.es\\\/en\\\/economia-justicia-europea-anula-el-registro-de-gourmet-de-aldi-como-marca-protegida-a-peticion-de-empresa-gerundense\\\/\",\"url\":\"https:\\\/\\\/www.tapasmagazine.es\\\/en\\\/economia-justicia-europea-anula-el-registro-de-gourmet-de-aldi-como-marca-protegida-a-peticion-de-empresa-gerundense\\\/\",\"name\":\"Econom\u00eda.- Justicia europea anula el registro de 'Gourmet' de Aldi como marca protegida a petici\u00f3n de empresa gerundense - Tapas\",\"isPartOf\":{\"@id\":\"https:\\\/\\\/www.tapasmagazine.es\\\/#website\"},\"primaryImageOfPage\":{\"@id\":\"https:\\\/\\\/www.tapasmagazine.es\\\/en\\\/economia-justicia-europea-anula-el-registro-de-gourmet-de-aldi-como-marca-protegida-a-peticion-de-empresa-gerundense\\\/#primaryimage\"},\"image\":{\"@id\":\"https:\\\/\\\/www.tapasmagazine.es\\\/en\\\/economia-justicia-europea-anula-el-registro-de-gourmet-de-aldi-como-marca-protegida-a-peticion-de-empresa-gerundense\\\/#primaryimage\"},\"thumbnailUrl\":\"https:\\\/\\\/www.tapasmagazine.es\\\/wp-content\\\/uploads\\\/2023\\\/03\\\/fotonoticia_20230301105929_9999-scaled.jpg\",\"datePublished\":\"2023-03-01T09:59:29+00:00\",\"dateModified\":\"2023-03-01T10:11:59+00:00\",\"description\":\"El Tribunal General de la Uni\u00f3n Europea ha anulado este mi\u00e9rcoles el registro como marca protegida en el mercado comunitario de 'Gourmet' obtenido por la\",\"breadcrumb\":{\"@id\":\"https:\\\/\\\/www.tapasmagazine.es\\\/en\\\/economia-justicia-europea-anula-el-registro-de-gourmet-de-aldi-como-marca-protegida-a-peticion-de-empresa-gerundense\\\/#breadcrumb\"},\"inLanguage\":\"en-US\",\"potentialAction\":[{\"@type\":\"ReadAction\",\"target\":[\"https:\\\/\\\/www.tapasmagazine.es\\\/en\\\/economia-justicia-europea-anula-el-registro-de-gourmet-de-aldi-como-marca-protegida-a-peticion-de-empresa-gerundense\\\/\"]}]},{\"@type\":\"ImageObject\",\"inLanguage\":\"en-US\",\"@id\":\"https:\\\/\\\/www.tapasmagazine.es\\\/en\\\/economia-justicia-europea-anula-el-registro-de-gourmet-de-aldi-como-marca-protegida-a-peticion-de-empresa-gerundense\\\/#primaryimage\",\"url\":\"https:\\\/\\\/www.tapasmagazine.es\\\/wp-content\\\/uploads\\\/2023\\\/03\\\/fotonoticia_20230301105929_9999-scaled.jpg\",\"contentUrl\":\"https:\\\/\\\/www.tapasmagazine.es\\\/wp-content\\\/uploads\\\/2023\\\/03\\\/fotonoticia_20230301105929_9999-scaled.jpg\",\"width\":2560,\"height\":1427},{\"@type\":\"BreadcrumbList\",\"@id\":\"https:\\\/\\\/www.tapasmagazine.es\\\/en\\\/economia-justicia-europea-anula-el-registro-de-gourmet-de-aldi-como-marca-protegida-a-peticion-de-empresa-gerundense\\\/#breadcrumb\",\"itemListElement\":[{\"@type\":\"ListItem\",\"position\":1,\"name\":\"Portada\",\"item\":\"https:\\\/\\\/www.tapasmagazine.es\\\/\"},{\"@type\":\"ListItem\",\"position\":2,\"name\":\"Sin categorizar\",\"item\":\"https:\\\/\\\/www.tapasmagazine.es\\\/categorias\\\/sin-categorizar-2\\\/\"},{\"@type\":\"ListItem\",\"position\":3,\"name\":\"Econom\u00eda.- Justicia europea anula el registro de &#8216;Gourmet&#8217; de Aldi como marca protegida a petici\u00f3n de empresa gerundense\"}]},{\"@type\":\"WebSite\",\"@id\":\"https:\\\/\\\/www.tapasmagazine.es\\\/#website\",\"url\":\"https:\\\/\\\/www.tapasmagazine.es\\\/\",\"name\":\"Tapas\",\"description\":\"\u00d1am \u00d1am Lifestyle. La vida a bocados. Premio Nacional de Gastronom\u00eda 2016.\",\"publisher\":{\"@id\":\"https:\\\/\\\/www.tapasmagazine.es\\\/#organization\"},\"potentialAction\":[{\"@type\":\"SearchAction\",\"target\":{\"@type\":\"EntryPoint\",\"urlTemplate\":\"https:\\\/\\\/www.tapasmagazine.es\\\/?s={search_term_string}\"},\"query-input\":{\"@type\":\"PropertyValueSpecification\",\"valueRequired\":true,\"valueName\":\"search_term_string\"}}],\"inLanguage\":\"en-US\"},{\"@type\":\"Organization\",\"@id\":\"https:\\\/\\\/www.tapasmagazine.es\\\/#organization\",\"name\":\"Tapas Magazine\",\"url\":\"https:\\\/\\\/www.tapasmagazine.es\\\/\",\"logo\":{\"@type\":\"ImageObject\",\"inLanguage\":\"en-US\",\"@id\":\"https:\\\/\\\/www.tapasmagazine.es\\\/#\\\/schema\\\/logo\\\/image\\\/\",\"url\":\"https:\\\/\\\/www.tapasmagazine.es\\\/wp-content\\\/uploads\\\/2018\\\/01\\\/logo.png\",\"contentUrl\":\"https:\\\/\\\/www.tapasmagazine.es\\\/wp-content\\\/uploads\\\/2018\\\/01\\\/logo.png\",\"width\":180,\"height\":60,\"caption\":\"Tapas Magazine\"},\"image\":{\"@id\":\"https:\\\/\\\/www.tapasmagazine.es\\\/#\\\/schema\\\/logo\\\/image\\\/\"},\"sameAs\":[\"https:\\\/\\\/www.facebook.com\\\/tapasmagazine\",\"https:\\\/\\\/x.com\\\/TapasMagazine\",\"https:\\\/\\\/www.instagram.com\\\/tapasmagazine\\\/\",\"https:\\\/\\\/www.linkedin.com\\\/company\\\/tapas-magazine\",\"https:\\\/\\\/es.pinterest.com\\\/tapasmagazine\\\/\",\"https:\\\/\\\/www.youtube.com\\\/channel\\\/UCEyxneAaACuR0lfDagrWjjg?sub_confirmation=1\"]},{\"@type\":\"Person\",\"@id\":\"https:\\\/\\\/www.tapasmagazine.es\\\/#\\\/schema\\\/person\\\/dddb3bce6f98f2124c204b901d74a14b\",\"name\":\"Tapas \\\/ EP\",\"url\":\"https:\\\/\\\/www.tapasmagazine.es\\\/en\\\/author\\\/tapasep\\\/\"}]}<\/script>\n<!-- \/ Yoast SEO plugin. -->","yoast_head_json":{"title":"Econom\u00eda.- Justicia europea anula el registro de 'Gourmet' de Aldi como marca protegida a petici\u00f3n de empresa gerundense - Tapas","description":"El Tribunal General de la Uni\u00f3n Europea ha anulado este mi\u00e9rcoles el registro como marca protegida en el mercado comunitario de 'Gourmet' obtenido por la","robots":{"index":"index","follow":"follow","max-snippet":"max-snippet:-1","max-image-preview":"max-image-preview:large","max-video-preview":"max-video-preview:-1"},"canonical":"https:\/\/www.tapasmagazine.es\/en\/economia-justicia-europea-anula-el-registro-de-gourmet-de-aldi-como-marca-protegida-a-peticion-de-empresa-gerundense\/","og_locale":"en_US","og_type":"article","og_title":"Econom\u00eda.- Justicia europea anula el registro de 'Gourmet' de Aldi como marca protegida a petici\u00f3n de empresa gerundense - Tapas","og_description":"El Tribunal General de la Uni\u00f3n Europea ha anulado este mi\u00e9rcoles el registro como marca protegida en el mercado comunitario de 'Gourmet' obtenido por la","og_url":"https:\/\/www.tapasmagazine.es\/en\/economia-justicia-europea-anula-el-registro-de-gourmet-de-aldi-como-marca-protegida-a-peticion-de-empresa-gerundense\/","og_site_name":"Tapas","article_publisher":"https:\/\/www.facebook.com\/tapasmagazine","article_published_time":"2023-03-01T09:59:29+00:00","article_modified_time":"2023-03-01T10:11:59+00:00","og_image":[{"width":2560,"height":1427,"url":"https:\/\/www.tapasmagazine.es\/wp-content\/uploads\/2023\/03\/fotonoticia_20230301105929_9999-scaled.jpg","type":"image\/jpeg"}],"author":"Tapas \/ EP","twitter_card":"summary_large_image","twitter_creator":"@TapasMagazine","twitter_site":"@TapasMagazine","twitter_misc":{"Written by":"Tapas \/ EP","Est. reading time":"2 minutes"},"schema":{"@context":"https:\/\/schema.org","@graph":[{"@type":"Article","@id":"https:\/\/www.tapasmagazine.es\/en\/economia-justicia-europea-anula-el-registro-de-gourmet-de-aldi-como-marca-protegida-a-peticion-de-empresa-gerundense\/#article","isPartOf":{"@id":"https:\/\/www.tapasmagazine.es\/en\/economia-justicia-europea-anula-el-registro-de-gourmet-de-aldi-como-marca-protegida-a-peticion-de-empresa-gerundense\/"},"author":{"name":"Tapas \/ EP","@id":"https:\/\/www.tapasmagazine.es\/#\/schema\/person\/dddb3bce6f98f2124c204b901d74a14b"},"headline":"Econom\u00eda.- Justicia europea anula el registro de &#8216;Gourmet&#8217; de Aldi como marca protegida a petici\u00f3n de empresa gerundense","datePublished":"2023-03-01T09:59:29+00:00","dateModified":"2023-03-01T10:11:59+00:00","mainEntityOfPage":{"@id":"https:\/\/www.tapasmagazine.es\/en\/economia-justicia-europea-anula-el-registro-de-gourmet-de-aldi-como-marca-protegida-a-peticion-de-empresa-gerundense\/"},"wordCount":433,"publisher":{"@id":"https:\/\/www.tapasmagazine.es\/#organization"},"image":{"@id":"https:\/\/www.tapasmagazine.es\/en\/economia-justicia-europea-anula-el-registro-de-gourmet-de-aldi-como-marca-protegida-a-peticion-de-empresa-gerundense\/#primaryimage"},"thumbnailUrl":"https:\/\/www.tapasmagazine.es\/wp-content\/uploads\/2023\/03\/fotonoticia_20230301105929_9999-scaled.jpg","articleSection":["\u00daltima hora"],"inLanguage":"en-US"},{"@type":"WebPage","@id":"https:\/\/www.tapasmagazine.es\/en\/economia-justicia-europea-anula-el-registro-de-gourmet-de-aldi-como-marca-protegida-a-peticion-de-empresa-gerundense\/","url":"https:\/\/www.tapasmagazine.es\/en\/economia-justicia-europea-anula-el-registro-de-gourmet-de-aldi-como-marca-protegida-a-peticion-de-empresa-gerundense\/","name":"Econom\u00eda.- Justicia europea anula el registro de 'Gourmet' de Aldi como marca protegida a petici\u00f3n de empresa gerundense - Tapas","isPartOf":{"@id":"https:\/\/www.tapasmagazine.es\/#website"},"primaryImageOfPage":{"@id":"https:\/\/www.tapasmagazine.es\/en\/economia-justicia-europea-anula-el-registro-de-gourmet-de-aldi-como-marca-protegida-a-peticion-de-empresa-gerundense\/#primaryimage"},"image":{"@id":"https:\/\/www.tapasmagazine.es\/en\/economia-justicia-europea-anula-el-registro-de-gourmet-de-aldi-como-marca-protegida-a-peticion-de-empresa-gerundense\/#primaryimage"},"thumbnailUrl":"https:\/\/www.tapasmagazine.es\/wp-content\/uploads\/2023\/03\/fotonoticia_20230301105929_9999-scaled.jpg","datePublished":"2023-03-01T09:59:29+00:00","dateModified":"2023-03-01T10:11:59+00:00","description":"El Tribunal General de la Uni\u00f3n Europea ha anulado este mi\u00e9rcoles el registro como marca protegida en el mercado comunitario de 'Gourmet' obtenido por la","breadcrumb":{"@id":"https:\/\/www.tapasmagazine.es\/en\/economia-justicia-europea-anula-el-registro-de-gourmet-de-aldi-como-marca-protegida-a-peticion-de-empresa-gerundense\/#breadcrumb"},"inLanguage":"en-US","potentialAction":[{"@type":"ReadAction","target":["https:\/\/www.tapasmagazine.es\/en\/economia-justicia-europea-anula-el-registro-de-gourmet-de-aldi-como-marca-protegida-a-peticion-de-empresa-gerundense\/"]}]},{"@type":"ImageObject","inLanguage":"en-US","@id":"https:\/\/www.tapasmagazine.es\/en\/economia-justicia-europea-anula-el-registro-de-gourmet-de-aldi-como-marca-protegida-a-peticion-de-empresa-gerundense\/#primaryimage","url":"https:\/\/www.tapasmagazine.es\/wp-content\/uploads\/2023\/03\/fotonoticia_20230301105929_9999-scaled.jpg","contentUrl":"https:\/\/www.tapasmagazine.es\/wp-content\/uploads\/2023\/03\/fotonoticia_20230301105929_9999-scaled.jpg","width":2560,"height":1427},{"@type":"BreadcrumbList","@id":"https:\/\/www.tapasmagazine.es\/en\/economia-justicia-europea-anula-el-registro-de-gourmet-de-aldi-como-marca-protegida-a-peticion-de-empresa-gerundense\/#breadcrumb","itemListElement":[{"@type":"ListItem","position":1,"name":"Portada","item":"https:\/\/www.tapasmagazine.es\/"},{"@type":"ListItem","position":2,"name":"Sin categorizar","item":"https:\/\/www.tapasmagazine.es\/categorias\/sin-categorizar-2\/"},{"@type":"ListItem","position":3,"name":"Econom\u00eda.- Justicia europea anula el registro de &#8216;Gourmet&#8217; de Aldi como marca protegida a petici\u00f3n de empresa gerundense"}]},{"@type":"WebSite","@id":"https:\/\/www.tapasmagazine.es\/#website","url":"https:\/\/www.tapasmagazine.es\/","name":"Tapas","description":"\u00d1am \u00d1am Lifestyle. La vida a bocados. Premio Nacional de Gastronom\u00eda 2016.","publisher":{"@id":"https:\/\/www.tapasmagazine.es\/#organization"},"potentialAction":[{"@type":"SearchAction","target":{"@type":"EntryPoint","urlTemplate":"https:\/\/www.tapasmagazine.es\/?s={search_term_string}"},"query-input":{"@type":"PropertyValueSpecification","valueRequired":true,"valueName":"search_term_string"}}],"inLanguage":"en-US"},{"@type":"Organization","@id":"https:\/\/www.tapasmagazine.es\/#organization","name":"Tapas Magazine","url":"https:\/\/www.tapasmagazine.es\/","logo":{"@type":"ImageObject","inLanguage":"en-US","@id":"https:\/\/www.tapasmagazine.es\/#\/schema\/logo\/image\/","url":"https:\/\/www.tapasmagazine.es\/wp-content\/uploads\/2018\/01\/logo.png","contentUrl":"https:\/\/www.tapasmagazine.es\/wp-content\/uploads\/2018\/01\/logo.png","width":180,"height":60,"caption":"Tapas Magazine"},"image":{"@id":"https:\/\/www.tapasmagazine.es\/#\/schema\/logo\/image\/"},"sameAs":["https:\/\/www.facebook.com\/tapasmagazine","https:\/\/x.com\/TapasMagazine","https:\/\/www.instagram.com\/tapasmagazine\/","https:\/\/www.linkedin.com\/company\/tapas-magazine","https:\/\/es.pinterest.com\/tapasmagazine\/","https:\/\/www.youtube.com\/channel\/UCEyxneAaACuR0lfDagrWjjg?sub_confirmation=1"]},{"@type":"Person","@id":"https:\/\/www.tapasmagazine.es\/#\/schema\/person\/dddb3bce6f98f2124c204b901d74a14b","name":"Tapas \/ EP","url":"https:\/\/www.tapasmagazine.es\/en\/author\/tapasep\/"}]}},"_links":{"self":[{"href":"https:\/\/www.tapasmagazine.es\/en\/wp-json\/wp\/v2\/posts\/176819","targetHints":{"allow":["GET"]}}],"collection":[{"href":"https:\/\/www.tapasmagazine.es\/en\/wp-json\/wp\/v2\/posts"}],"about":[{"href":"https:\/\/www.tapasmagazine.es\/en\/wp-json\/wp\/v2\/types\/post"}],"author":[{"embeddable":true,"href":"https:\/\/www.tapasmagazine.es\/en\/wp-json\/wp\/v2\/users\/277"}],"replies":[{"embeddable":true,"href":"https:\/\/www.tapasmagazine.es\/en\/wp-json\/wp\/v2\/comments?post=176819"}],"version-history":[{"count":1,"href":"https:\/\/www.tapasmagazine.es\/en\/wp-json\/wp\/v2\/posts\/176819\/revisions"}],"predecessor-version":[{"id":176820,"href":"https:\/\/www.tapasmagazine.es\/en\/wp-json\/wp\/v2\/posts\/176819\/revisions\/176820"}],"wp:featuredmedia":[{"embeddable":true,"href":"https:\/\/www.tapasmagazine.es\/en\/wp-json\/wp\/v2\/media\/176821"}],"wp:attachment":[{"href":"https:\/\/www.tapasmagazine.es\/en\/wp-json\/wp\/v2\/media?parent=176819"}],"wp:term":[{"taxonomy":"category","embeddable":true,"href":"https:\/\/www.tapasmagazine.es\/en\/wp-json\/wp\/v2\/categories?post=176819"},{"taxonomy":"post_tag","embeddable":true,"href":"https:\/\/www.tapasmagazine.es\/en\/wp-json\/wp\/v2\/tags?post=176819"}],"curies":[{"name":"wp","href":"https:\/\/api.w.org\/{rel}","templated":true}]}}