{"id":176807,"date":"2023-03-01T10:27:21","date_gmt":"2023-03-01T09:27:21","guid":{"rendered":"https:\/\/www.tapasmagazine.es\/?p=176807"},"modified":"2023-03-01T10:41:56","modified_gmt":"2023-03-01T09:41:56","slug":"economia-el-juez-ve-delito-en-el-uso-indebido-del-nombre-los-pedroches-en-jamones-no-amparados-por-la-dop","status":"publish","type":"post","link":"https:\/\/www.tapasmagazine.es\/en\/economia-el-juez-ve-delito-en-el-uso-indebido-del-nombre-los-pedroches-en-jamones-no-amparados-por-la-dop\/","title":{"rendered":"Econom\u00eda.- El juez ve delito en el uso indebido del nombre &#8216;Los Pedroches&#8217; en jamones no amparados por la DOP"},"content":{"rendered":"<p>El Juzgado de lo Penal n\u00famero 1 de C\u00f3rdoba considera que es delito el uso indebido del nombre geogr\u00e1fico protegido &#8216;Los Pedroches&#8217; en el etiquetado de jamones no amparados por esta Denominaci\u00f3n de Origen Protegida (DOP) del norte de la provincia cordobesa.<\/p>\n<p>   Seg\u00fan informa el Consejo Regulador de la DOP Los Pedroches, la sentencia explicita que &#8220;los productos amparados por estas figuras de calidad diferenciada reconocidas por la Uni\u00f3n Europea (UE) tienen unas determinadas cualidades que no tienen el resto y que el derecho exclusivo del uso del nombre protegido para distinguir a los jamones y paletas amparados es de los operadores inscritos en los registros del Consejo Regulador&#8221;.<\/p>\n<p>   El Juzgado de lo Penal concluye en su resoluci\u00f3n que &#8220;la menci\u00f3n del nombre &#8216;Los Pedroches&#8217; en producto no amparado por esta Denominaci\u00f3n de Origen Protegida supone un hecho suficiente para considerar que estamos ante un intento de llevar a enga\u00f1o al consumidor y hacerle creer que est\u00e1 adquiriendo un producto amparado por la misma&#8221;.<\/p>\n<p>   As\u00ed, la sentencia condena a los autores a un a\u00f1o y diez meses de prisi\u00f3n, multa de 5.400 euros y estima adem\u00e1s una indemnizaci\u00f3n por los da\u00f1os morales a favor del Consejo Regulador, cuya cuant\u00eda se determinar\u00e1 en fase de ejecuci\u00f3n adem\u00e1s de imponerles el pago de las costas.<\/p>\n<p>   Las actuaciones se iniciaron por una denuncia realizada por el Consejo Regulador de la Denominaci\u00f3n de Origen Protegida Los Pedroches, en cumplimiento de su funci\u00f3n p\u00fablica de defensa del nombre geogr\u00e1fico protegido, en el a\u00f1o 2019 ante la comandancia de la Guardia Civil de C\u00f3rdoba, al tener conocimiento de la comercializaci\u00f3n de jamones no amparados bajo signos que inclu\u00edan el t\u00e9rmino protegido &#8216;Los Pedroches&#8217;.<\/p>\n<p>   Tras ello, se iniciaron las diligencias de la Benem\u00e9rita, interviniendo el producto denunciado e iniciando toda la investigaci\u00f3n concerniente al etiquetado fraudulento y posterior comercializaci\u00f3n de los jamones por parte de los condenados. La denuncia se present\u00f3 al amparo del convenio de colaboraci\u00f3n que la Asociaci\u00f3n Espa\u00f1ola de Denominaciones de Origen (Origen Espa\u00f1a) y la Direcci\u00f3n General de la Guardia Civil tienen firmado para la defensa de estas figuras de calidad diferenciada.<\/p>\n<p>&#8220;UN PRECEDENTE MUY TRASCENDENTE&#8221;<\/p>\n<p>   La sentencia puede ser a\u00fan recurrida, pero, en cualquier caso, &#8220;crea un precedente muy trascendente e importante para la defensa y el prestigio de todas las Denominaciones de Origen e Indicaciones Geogr\u00e1ficas Protegidas de Espa\u00f1a y de su producto amparado&#8221;, concluyendo que &#8220;la aparici\u00f3n del nombre protegido en el producto no amparado supone una infracci\u00f3n perseguible por la v\u00eda penal&#8221;, a la vez que &#8220;defiende los intereses de los consumidores a tener en el etiquetado de los alimentos informaci\u00f3n veraz y no confusa&#8221;.<\/p>\n<p>   Al respecto, destacan que las Denominaciones de Origen Protegidas (DOP) e Indicaciones Geogr\u00e1ficas Protegidas (IGP) amparan y protegen productos agroalimentarios de calidad diferenciada, consecuencia de caracter\u00edsticas propias y diferenciales debidas al medio geogr\u00e1fico en el que se producen y se elaboran y a la influencia del factor humano que participa en su obtenci\u00f3n. Son productos agroalimentarios de calidad, origen, tradici\u00f3n y garant\u00eda certificada y avalados a nivel europeo.<\/p>\n<p>   Denominaci\u00f3n de Origen Protegida es el sello que identifica al jam\u00f3n ib\u00e9rico &#8216;Los Pedroches&#8217;, un producto originario del norte de la provincia de C\u00f3rdoba y cuya relaci\u00f3n con el \u00e1rea geogr\u00e1fica es &#8220;esencial para la calidad o las caracter\u00edsticas del producto&#8221;.<\/p>\n<p>   Los productos con esquema de calidad diferenciada DOP e IGP aportan &#8220;valor a la sociedad, a la econom\u00eda, al medio ambiente y a los consumidores, contribuyendo al desarrollo sostenible de los sistemas de producci\u00f3n de alimentos y al desarrollo econ\u00f3mico local&#8221;.<\/p>\n","protected":false},"excerpt":{"rendered":"<p>El Juzgado de lo Penal n\u00famero 1 de C\u00f3rdoba considera que es delito el uso indebido del nombre geogr\u00e1fico protegido &#8216;Los Pedroches&#8217; en el etiquetado de jamones no amparados por esta Denominaci\u00f3n de Origen Protegida (DOP) del norte de la provincia cordobesa. Seg\u00fan informa el Consejo Regulador de la DOP Los Pedroches, la sentencia explicita [&hellip;]<\/p>\n","protected":false},"author":277,"featured_media":176809,"comment_status":"close","ping_status":"","sticky":false,"template":"single-feature.php","format":"standard","meta":{"_acf_changed":false,"footnotes":""},"categories":[15645],"tags":[],"class_list":["post-176807","post","type-post","status-publish","format-standard","has-post-thumbnail","hentry","category-ultima-hora","cat-15645-id"],"acf":[],"yoast_head":"<!-- This site is optimized with the Yoast SEO plugin v27.4 - https:\/\/yoast.com\/product\/yoast-seo-wordpress\/ -->\n<title>Econom\u00eda.- El juez ve delito en el uso indebido del nombre &#039;Los Pedroches&#039; en jamones no amparados por la DOP - Tapas<\/title>\n<meta name=\"description\" content=\"El Juzgado de lo Penal n\u00famero 1 de C\u00f3rdoba considera que es delito el uso indebido del nombre geogr\u00e1fico protegido &#039;Los Pedroches&#039; en el etiquetado de\" \/>\n<meta name=\"robots\" content=\"index, follow, max-snippet:-1, max-image-preview:large, max-video-preview:-1\" \/>\n<link rel=\"canonical\" href=\"https:\/\/www.tapasmagazine.es\/en\/economia-el-juez-ve-delito-en-el-uso-indebido-del-nombre-los-pedroches-en-jamones-no-amparados-por-la-dop\/\" \/>\n<meta property=\"og:locale\" content=\"en_US\" \/>\n<meta property=\"og:type\" content=\"article\" \/>\n<meta property=\"og:title\" content=\"Econom\u00eda.- El juez ve delito en el uso indebido del nombre &#039;Los Pedroches&#039; en jamones no amparados por la DOP - Tapas\" \/>\n<meta property=\"og:description\" content=\"El Juzgado de lo Penal n\u00famero 1 de C\u00f3rdoba considera que es delito el uso indebido del nombre geogr\u00e1fico protegido &#039;Los Pedroches&#039; en el etiquetado de\" \/>\n<meta property=\"og:url\" content=\"https:\/\/www.tapasmagazine.es\/en\/economia-el-juez-ve-delito-en-el-uso-indebido-del-nombre-los-pedroches-en-jamones-no-amparados-por-la-dop\/\" \/>\n<meta property=\"og:site_name\" content=\"Tapas\" \/>\n<meta property=\"article:publisher\" content=\"https:\/\/www.facebook.com\/tapasmagazine\" \/>\n<meta property=\"article:published_time\" content=\"2023-03-01T09:27:21+00:00\" \/>\n<meta property=\"article:modified_time\" content=\"2023-03-01T09:41:56+00:00\" \/>\n<meta property=\"og:image\" content=\"https:\/\/www.tapasmagazine.es\/wp-content\/uploads\/2023\/03\/fotonoticia_20230301102721_9999-scaled.jpg\" \/>\n\t<meta property=\"og:image:width\" content=\"2560\" \/>\n\t<meta property=\"og:image:height\" content=\"1707\" \/>\n\t<meta property=\"og:image:type\" content=\"image\/jpeg\" \/>\n<meta name=\"author\" content=\"Tapas \/ EP\" \/>\n<meta name=\"twitter:card\" content=\"summary_large_image\" \/>\n<meta name=\"twitter:creator\" content=\"@TapasMagazine\" \/>\n<meta name=\"twitter:site\" content=\"@TapasMagazine\" \/>\n<meta name=\"twitter:label1\" content=\"Written by\" \/>\n\t<meta name=\"twitter:data1\" content=\"Tapas \/ EP\" \/>\n\t<meta name=\"twitter:label2\" content=\"Est. reading time\" \/>\n\t<meta name=\"twitter:data2\" content=\"3 minutes\" \/>\n<script type=\"application\/ld+json\" class=\"yoast-schema-graph\">{\"@context\":\"https:\\\/\\\/schema.org\",\"@graph\":[{\"@type\":\"Article\",\"@id\":\"https:\\\/\\\/www.tapasmagazine.es\\\/en\\\/economia-el-juez-ve-delito-en-el-uso-indebido-del-nombre-los-pedroches-en-jamones-no-amparados-por-la-dop\\\/#article\",\"isPartOf\":{\"@id\":\"https:\\\/\\\/www.tapasmagazine.es\\\/en\\\/economia-el-juez-ve-delito-en-el-uso-indebido-del-nombre-los-pedroches-en-jamones-no-amparados-por-la-dop\\\/\"},\"author\":{\"name\":\"Tapas \\\/ EP\",\"@id\":\"https:\\\/\\\/www.tapasmagazine.es\\\/#\\\/schema\\\/person\\\/dddb3bce6f98f2124c204b901d74a14b\"},\"headline\":\"Econom\u00eda.- El juez ve delito en el uso indebido del nombre &#8216;Los Pedroches&#8217; en jamones no amparados por la DOP\",\"datePublished\":\"2023-03-01T09:27:21+00:00\",\"dateModified\":\"2023-03-01T09:41:56+00:00\",\"mainEntityOfPage\":{\"@id\":\"https:\\\/\\\/www.tapasmagazine.es\\\/en\\\/economia-el-juez-ve-delito-en-el-uso-indebido-del-nombre-los-pedroches-en-jamones-no-amparados-por-la-dop\\\/\"},\"wordCount\":663,\"publisher\":{\"@id\":\"https:\\\/\\\/www.tapasmagazine.es\\\/#organization\"},\"image\":{\"@id\":\"https:\\\/\\\/www.tapasmagazine.es\\\/en\\\/economia-el-juez-ve-delito-en-el-uso-indebido-del-nombre-los-pedroches-en-jamones-no-amparados-por-la-dop\\\/#primaryimage\"},\"thumbnailUrl\":\"https:\\\/\\\/www.tapasmagazine.es\\\/wp-content\\\/uploads\\\/2023\\\/03\\\/fotonoticia_20230301102721_9999-scaled.jpg\",\"articleSection\":[\"\u00daltima hora\"],\"inLanguage\":\"en-US\"},{\"@type\":\"WebPage\",\"@id\":\"https:\\\/\\\/www.tapasmagazine.es\\\/en\\\/economia-el-juez-ve-delito-en-el-uso-indebido-del-nombre-los-pedroches-en-jamones-no-amparados-por-la-dop\\\/\",\"url\":\"https:\\\/\\\/www.tapasmagazine.es\\\/en\\\/economia-el-juez-ve-delito-en-el-uso-indebido-del-nombre-los-pedroches-en-jamones-no-amparados-por-la-dop\\\/\",\"name\":\"Econom\u00eda.- El juez ve delito en el uso indebido del nombre 'Los Pedroches' en jamones no amparados por la DOP - Tapas\",\"isPartOf\":{\"@id\":\"https:\\\/\\\/www.tapasmagazine.es\\\/#website\"},\"primaryImageOfPage\":{\"@id\":\"https:\\\/\\\/www.tapasmagazine.es\\\/en\\\/economia-el-juez-ve-delito-en-el-uso-indebido-del-nombre-los-pedroches-en-jamones-no-amparados-por-la-dop\\\/#primaryimage\"},\"image\":{\"@id\":\"https:\\\/\\\/www.tapasmagazine.es\\\/en\\\/economia-el-juez-ve-delito-en-el-uso-indebido-del-nombre-los-pedroches-en-jamones-no-amparados-por-la-dop\\\/#primaryimage\"},\"thumbnailUrl\":\"https:\\\/\\\/www.tapasmagazine.es\\\/wp-content\\\/uploads\\\/2023\\\/03\\\/fotonoticia_20230301102721_9999-scaled.jpg\",\"datePublished\":\"2023-03-01T09:27:21+00:00\",\"dateModified\":\"2023-03-01T09:41:56+00:00\",\"description\":\"El Juzgado de lo Penal n\u00famero 1 de C\u00f3rdoba considera que es delito el uso indebido del nombre geogr\u00e1fico protegido 'Los Pedroches' en el etiquetado de\",\"breadcrumb\":{\"@id\":\"https:\\\/\\\/www.tapasmagazine.es\\\/en\\\/economia-el-juez-ve-delito-en-el-uso-indebido-del-nombre-los-pedroches-en-jamones-no-amparados-por-la-dop\\\/#breadcrumb\"},\"inLanguage\":\"en-US\",\"potentialAction\":[{\"@type\":\"ReadAction\",\"target\":[\"https:\\\/\\\/www.tapasmagazine.es\\\/en\\\/economia-el-juez-ve-delito-en-el-uso-indebido-del-nombre-los-pedroches-en-jamones-no-amparados-por-la-dop\\\/\"]}]},{\"@type\":\"ImageObject\",\"inLanguage\":\"en-US\",\"@id\":\"https:\\\/\\\/www.tapasmagazine.es\\\/en\\\/economia-el-juez-ve-delito-en-el-uso-indebido-del-nombre-los-pedroches-en-jamones-no-amparados-por-la-dop\\\/#primaryimage\",\"url\":\"https:\\\/\\\/www.tapasmagazine.es\\\/wp-content\\\/uploads\\\/2023\\\/03\\\/fotonoticia_20230301102721_9999-scaled.jpg\",\"contentUrl\":\"https:\\\/\\\/www.tapasmagazine.es\\\/wp-content\\\/uploads\\\/2023\\\/03\\\/fotonoticia_20230301102721_9999-scaled.jpg\",\"width\":2560,\"height\":1707},{\"@type\":\"BreadcrumbList\",\"@id\":\"https:\\\/\\\/www.tapasmagazine.es\\\/en\\\/economia-el-juez-ve-delito-en-el-uso-indebido-del-nombre-los-pedroches-en-jamones-no-amparados-por-la-dop\\\/#breadcrumb\",\"itemListElement\":[{\"@type\":\"ListItem\",\"position\":1,\"name\":\"Portada\",\"item\":\"https:\\\/\\\/www.tapasmagazine.es\\\/\"},{\"@type\":\"ListItem\",\"position\":2,\"name\":\"Sin categorizar\",\"item\":\"https:\\\/\\\/www.tapasmagazine.es\\\/categorias\\\/sin-categorizar-2\\\/\"},{\"@type\":\"ListItem\",\"position\":3,\"name\":\"Econom\u00eda.- El juez ve delito en el uso indebido del nombre &#8216;Los Pedroches&#8217; en jamones no amparados por la DOP\"}]},{\"@type\":\"WebSite\",\"@id\":\"https:\\\/\\\/www.tapasmagazine.es\\\/#website\",\"url\":\"https:\\\/\\\/www.tapasmagazine.es\\\/\",\"name\":\"Tapas\",\"description\":\"\u00d1am \u00d1am Lifestyle. La vida a bocados. Premio Nacional de Gastronom\u00eda 2016.\",\"publisher\":{\"@id\":\"https:\\\/\\\/www.tapasmagazine.es\\\/#organization\"},\"potentialAction\":[{\"@type\":\"SearchAction\",\"target\":{\"@type\":\"EntryPoint\",\"urlTemplate\":\"https:\\\/\\\/www.tapasmagazine.es\\\/?s={search_term_string}\"},\"query-input\":{\"@type\":\"PropertyValueSpecification\",\"valueRequired\":true,\"valueName\":\"search_term_string\"}}],\"inLanguage\":\"en-US\"},{\"@type\":\"Organization\",\"@id\":\"https:\\\/\\\/www.tapasmagazine.es\\\/#organization\",\"name\":\"Tapas Magazine\",\"url\":\"https:\\\/\\\/www.tapasmagazine.es\\\/\",\"logo\":{\"@type\":\"ImageObject\",\"inLanguage\":\"en-US\",\"@id\":\"https:\\\/\\\/www.tapasmagazine.es\\\/#\\\/schema\\\/logo\\\/image\\\/\",\"url\":\"https:\\\/\\\/www.tapasmagazine.es\\\/wp-content\\\/uploads\\\/2018\\\/01\\\/logo.png\",\"contentUrl\":\"https:\\\/\\\/www.tapasmagazine.es\\\/wp-content\\\/uploads\\\/2018\\\/01\\\/logo.png\",\"width\":180,\"height\":60,\"caption\":\"Tapas Magazine\"},\"image\":{\"@id\":\"https:\\\/\\\/www.tapasmagazine.es\\\/#\\\/schema\\\/logo\\\/image\\\/\"},\"sameAs\":[\"https:\\\/\\\/www.facebook.com\\\/tapasmagazine\",\"https:\\\/\\\/x.com\\\/TapasMagazine\",\"https:\\\/\\\/www.instagram.com\\\/tapasmagazine\\\/\",\"https:\\\/\\\/www.linkedin.com\\\/company\\\/tapas-magazine\",\"https:\\\/\\\/es.pinterest.com\\\/tapasmagazine\\\/\",\"https:\\\/\\\/www.youtube.com\\\/channel\\\/UCEyxneAaACuR0lfDagrWjjg?sub_confirmation=1\"]},{\"@type\":\"Person\",\"@id\":\"https:\\\/\\\/www.tapasmagazine.es\\\/#\\\/schema\\\/person\\\/dddb3bce6f98f2124c204b901d74a14b\",\"name\":\"Tapas \\\/ EP\",\"url\":\"https:\\\/\\\/www.tapasmagazine.es\\\/en\\\/author\\\/tapasep\\\/\"}]}<\/script>\n<!-- \/ Yoast SEO plugin. -->","yoast_head_json":{"title":"Econom\u00eda.- El juez ve delito en el uso indebido del nombre 'Los Pedroches' en jamones no amparados por la DOP - Tapas","description":"El Juzgado de lo Penal n\u00famero 1 de C\u00f3rdoba considera que es delito el uso indebido del nombre geogr\u00e1fico protegido 'Los Pedroches' en el etiquetado de","robots":{"index":"index","follow":"follow","max-snippet":"max-snippet:-1","max-image-preview":"max-image-preview:large","max-video-preview":"max-video-preview:-1"},"canonical":"https:\/\/www.tapasmagazine.es\/en\/economia-el-juez-ve-delito-en-el-uso-indebido-del-nombre-los-pedroches-en-jamones-no-amparados-por-la-dop\/","og_locale":"en_US","og_type":"article","og_title":"Econom\u00eda.- El juez ve delito en el uso indebido del nombre 'Los Pedroches' en jamones no amparados por la DOP - Tapas","og_description":"El Juzgado de lo Penal n\u00famero 1 de C\u00f3rdoba considera que es delito el uso indebido del nombre geogr\u00e1fico protegido 'Los Pedroches' en el etiquetado de","og_url":"https:\/\/www.tapasmagazine.es\/en\/economia-el-juez-ve-delito-en-el-uso-indebido-del-nombre-los-pedroches-en-jamones-no-amparados-por-la-dop\/","og_site_name":"Tapas","article_publisher":"https:\/\/www.facebook.com\/tapasmagazine","article_published_time":"2023-03-01T09:27:21+00:00","article_modified_time":"2023-03-01T09:41:56+00:00","og_image":[{"width":2560,"height":1707,"url":"https:\/\/www.tapasmagazine.es\/wp-content\/uploads\/2023\/03\/fotonoticia_20230301102721_9999-scaled.jpg","type":"image\/jpeg"}],"author":"Tapas \/ EP","twitter_card":"summary_large_image","twitter_creator":"@TapasMagazine","twitter_site":"@TapasMagazine","twitter_misc":{"Written by":"Tapas \/ EP","Est. reading time":"3 minutes"},"schema":{"@context":"https:\/\/schema.org","@graph":[{"@type":"Article","@id":"https:\/\/www.tapasmagazine.es\/en\/economia-el-juez-ve-delito-en-el-uso-indebido-del-nombre-los-pedroches-en-jamones-no-amparados-por-la-dop\/#article","isPartOf":{"@id":"https:\/\/www.tapasmagazine.es\/en\/economia-el-juez-ve-delito-en-el-uso-indebido-del-nombre-los-pedroches-en-jamones-no-amparados-por-la-dop\/"},"author":{"name":"Tapas \/ EP","@id":"https:\/\/www.tapasmagazine.es\/#\/schema\/person\/dddb3bce6f98f2124c204b901d74a14b"},"headline":"Econom\u00eda.- El juez ve delito en el uso indebido del nombre &#8216;Los Pedroches&#8217; en jamones no amparados por la DOP","datePublished":"2023-03-01T09:27:21+00:00","dateModified":"2023-03-01T09:41:56+00:00","mainEntityOfPage":{"@id":"https:\/\/www.tapasmagazine.es\/en\/economia-el-juez-ve-delito-en-el-uso-indebido-del-nombre-los-pedroches-en-jamones-no-amparados-por-la-dop\/"},"wordCount":663,"publisher":{"@id":"https:\/\/www.tapasmagazine.es\/#organization"},"image":{"@id":"https:\/\/www.tapasmagazine.es\/en\/economia-el-juez-ve-delito-en-el-uso-indebido-del-nombre-los-pedroches-en-jamones-no-amparados-por-la-dop\/#primaryimage"},"thumbnailUrl":"https:\/\/www.tapasmagazine.es\/wp-content\/uploads\/2023\/03\/fotonoticia_20230301102721_9999-scaled.jpg","articleSection":["\u00daltima hora"],"inLanguage":"en-US"},{"@type":"WebPage","@id":"https:\/\/www.tapasmagazine.es\/en\/economia-el-juez-ve-delito-en-el-uso-indebido-del-nombre-los-pedroches-en-jamones-no-amparados-por-la-dop\/","url":"https:\/\/www.tapasmagazine.es\/en\/economia-el-juez-ve-delito-en-el-uso-indebido-del-nombre-los-pedroches-en-jamones-no-amparados-por-la-dop\/","name":"Econom\u00eda.- El juez ve delito en el uso indebido del nombre 'Los Pedroches' en jamones no amparados por la DOP - Tapas","isPartOf":{"@id":"https:\/\/www.tapasmagazine.es\/#website"},"primaryImageOfPage":{"@id":"https:\/\/www.tapasmagazine.es\/en\/economia-el-juez-ve-delito-en-el-uso-indebido-del-nombre-los-pedroches-en-jamones-no-amparados-por-la-dop\/#primaryimage"},"image":{"@id":"https:\/\/www.tapasmagazine.es\/en\/economia-el-juez-ve-delito-en-el-uso-indebido-del-nombre-los-pedroches-en-jamones-no-amparados-por-la-dop\/#primaryimage"},"thumbnailUrl":"https:\/\/www.tapasmagazine.es\/wp-content\/uploads\/2023\/03\/fotonoticia_20230301102721_9999-scaled.jpg","datePublished":"2023-03-01T09:27:21+00:00","dateModified":"2023-03-01T09:41:56+00:00","description":"El Juzgado de lo Penal n\u00famero 1 de C\u00f3rdoba considera que es delito el uso indebido del nombre geogr\u00e1fico protegido 'Los Pedroches' en el etiquetado de","breadcrumb":{"@id":"https:\/\/www.tapasmagazine.es\/en\/economia-el-juez-ve-delito-en-el-uso-indebido-del-nombre-los-pedroches-en-jamones-no-amparados-por-la-dop\/#breadcrumb"},"inLanguage":"en-US","potentialAction":[{"@type":"ReadAction","target":["https:\/\/www.tapasmagazine.es\/en\/economia-el-juez-ve-delito-en-el-uso-indebido-del-nombre-los-pedroches-en-jamones-no-amparados-por-la-dop\/"]}]},{"@type":"ImageObject","inLanguage":"en-US","@id":"https:\/\/www.tapasmagazine.es\/en\/economia-el-juez-ve-delito-en-el-uso-indebido-del-nombre-los-pedroches-en-jamones-no-amparados-por-la-dop\/#primaryimage","url":"https:\/\/www.tapasmagazine.es\/wp-content\/uploads\/2023\/03\/fotonoticia_20230301102721_9999-scaled.jpg","contentUrl":"https:\/\/www.tapasmagazine.es\/wp-content\/uploads\/2023\/03\/fotonoticia_20230301102721_9999-scaled.jpg","width":2560,"height":1707},{"@type":"BreadcrumbList","@id":"https:\/\/www.tapasmagazine.es\/en\/economia-el-juez-ve-delito-en-el-uso-indebido-del-nombre-los-pedroches-en-jamones-no-amparados-por-la-dop\/#breadcrumb","itemListElement":[{"@type":"ListItem","position":1,"name":"Portada","item":"https:\/\/www.tapasmagazine.es\/"},{"@type":"ListItem","position":2,"name":"Sin categorizar","item":"https:\/\/www.tapasmagazine.es\/categorias\/sin-categorizar-2\/"},{"@type":"ListItem","position":3,"name":"Econom\u00eda.- El juez ve delito en el uso indebido del nombre &#8216;Los Pedroches&#8217; en jamones no amparados por la DOP"}]},{"@type":"WebSite","@id":"https:\/\/www.tapasmagazine.es\/#website","url":"https:\/\/www.tapasmagazine.es\/","name":"Tapas","description":"\u00d1am \u00d1am Lifestyle. La vida a bocados. Premio Nacional de Gastronom\u00eda 2016.","publisher":{"@id":"https:\/\/www.tapasmagazine.es\/#organization"},"potentialAction":[{"@type":"SearchAction","target":{"@type":"EntryPoint","urlTemplate":"https:\/\/www.tapasmagazine.es\/?s={search_term_string}"},"query-input":{"@type":"PropertyValueSpecification","valueRequired":true,"valueName":"search_term_string"}}],"inLanguage":"en-US"},{"@type":"Organization","@id":"https:\/\/www.tapasmagazine.es\/#organization","name":"Tapas Magazine","url":"https:\/\/www.tapasmagazine.es\/","logo":{"@type":"ImageObject","inLanguage":"en-US","@id":"https:\/\/www.tapasmagazine.es\/#\/schema\/logo\/image\/","url":"https:\/\/www.tapasmagazine.es\/wp-content\/uploads\/2018\/01\/logo.png","contentUrl":"https:\/\/www.tapasmagazine.es\/wp-content\/uploads\/2018\/01\/logo.png","width":180,"height":60,"caption":"Tapas Magazine"},"image":{"@id":"https:\/\/www.tapasmagazine.es\/#\/schema\/logo\/image\/"},"sameAs":["https:\/\/www.facebook.com\/tapasmagazine","https:\/\/x.com\/TapasMagazine","https:\/\/www.instagram.com\/tapasmagazine\/","https:\/\/www.linkedin.com\/company\/tapas-magazine","https:\/\/es.pinterest.com\/tapasmagazine\/","https:\/\/www.youtube.com\/channel\/UCEyxneAaACuR0lfDagrWjjg?sub_confirmation=1"]},{"@type":"Person","@id":"https:\/\/www.tapasmagazine.es\/#\/schema\/person\/dddb3bce6f98f2124c204b901d74a14b","name":"Tapas \/ EP","url":"https:\/\/www.tapasmagazine.es\/en\/author\/tapasep\/"}]}},"_links":{"self":[{"href":"https:\/\/www.tapasmagazine.es\/en\/wp-json\/wp\/v2\/posts\/176807","targetHints":{"allow":["GET"]}}],"collection":[{"href":"https:\/\/www.tapasmagazine.es\/en\/wp-json\/wp\/v2\/posts"}],"about":[{"href":"https:\/\/www.tapasmagazine.es\/en\/wp-json\/wp\/v2\/types\/post"}],"author":[{"embeddable":true,"href":"https:\/\/www.tapasmagazine.es\/en\/wp-json\/wp\/v2\/users\/277"}],"replies":[{"embeddable":true,"href":"https:\/\/www.tapasmagazine.es\/en\/wp-json\/wp\/v2\/comments?post=176807"}],"version-history":[{"count":1,"href":"https:\/\/www.tapasmagazine.es\/en\/wp-json\/wp\/v2\/posts\/176807\/revisions"}],"predecessor-version":[{"id":176808,"href":"https:\/\/www.tapasmagazine.es\/en\/wp-json\/wp\/v2\/posts\/176807\/revisions\/176808"}],"wp:featuredmedia":[{"embeddable":true,"href":"https:\/\/www.tapasmagazine.es\/en\/wp-json\/wp\/v2\/media\/176809"}],"wp:attachment":[{"href":"https:\/\/www.tapasmagazine.es\/en\/wp-json\/wp\/v2\/media?parent=176807"}],"wp:term":[{"taxonomy":"category","embeddable":true,"href":"https:\/\/www.tapasmagazine.es\/en\/wp-json\/wp\/v2\/categories?post=176807"},{"taxonomy":"post_tag","embeddable":true,"href":"https:\/\/www.tapasmagazine.es\/en\/wp-json\/wp\/v2\/tags?post=176807"}],"curies":[{"name":"wp","href":"https:\/\/api.w.org\/{rel}","templated":true}]}}