{"id":176768,"date":"2023-02-28T16:49:46","date_gmt":"2023-02-28T15:49:46","guid":{"rendered":"https:\/\/www.tapasmagazine.es\/?p=176768"},"modified":"2023-02-28T17:12:33","modified_gmt":"2023-02-28T16:12:33","slug":"economia-pesca-la-xunta-no-autorizara-ningun-parque-eolico-marino-que-ponga-en-riesgo-los-recursos-pesqueros","status":"publish","type":"post","link":"https:\/\/www.tapasmagazine.es\/en\/economia-pesca-la-xunta-no-autorizara-ningun-parque-eolico-marino-que-ponga-en-riesgo-los-recursos-pesqueros\/","title":{"rendered":"Econom\u00eda\/Pesca.- La Xunta no autorizar\u00e1 &#8220;ning\u00fan parque e\u00f3lico marino que ponga en riesgo los recursos pesqueros&#8221;"},"content":{"rendered":"<p>El presidente de la Xunta, Alfonso Rueda, ha advertido este martes de que el gobierno gallego no autorizar\u00e1 &#8220;ning\u00fan parque e\u00f3lico marino que ponga en riesgo los recursos pesqueros&#8221; y ha vuelto a lamentar que el Gobierno central ha elaborado una ordenaci\u00f3n del espacio mar\u00edtimo sin contar con la opini\u00f3n de Galicia.<\/p>\n<p>   En declaraciones a los medios tras participar en un acto en Mos (Pontevedra), el titular del Ejecutivo gallego ha constatado que la aprobaci\u00f3n de esa ordenaci\u00f3n, en el Consejo de Ministros de este martes, ha llegado &#8220;con retraso&#8221; y ha anunciado que la Xunta la estudiar\u00e1 porque &#8220;parece que no va mucho m\u00e1s all\u00e1&#8221; de la delimitaci\u00f3n de zonas, sin avanzar &#8220;cu\u00e1ndo se convocar\u00e1n los concursos ni en qu\u00e9 condiciones&#8221;.<\/p>\n<p>   En todo caso, el presidente gallego ha advertido de que la Xunta no autorizar\u00e1 &#8220;ning\u00fan parque e\u00f3lico marino que ponga en riesgo los recursos pesqueros&#8221; y ha lamentado que Galicia no fuera consultada en la elaboraci\u00f3n de una norma para regular una actividad que &#8220;interesa much\u00edsimo&#8221; por la &#8220;enorme oportunidad&#8221; que puede suponer para la Comunidad.<\/p>\n<p>   Al respecto, ha subrayado que la administraci\u00f3n gallega siempre ha puesto &#8220;much\u00edsimo cuidado&#8221; en asegurar que las actuaciones en el mar fueran compatibles con la actividad pesquera, e incluso se cre\u00f3 una Observatorio de la E\u00f3lica Marina con representantes de los sectores afectados, para que &#8220;pudieran tener voz y estar informados&#8221;.<\/p>\n<p>   &#8220;Esa informaci\u00f3n nunca lleg\u00f3, y ahora el Gobierno se descuelga con esta delimitaci\u00f3n. Ser\u00eda m\u00e1s \u00fatil y eficaz haber ido teniendo la informaci\u00f3n, acordar esto entre todos&#8221;, ha se\u00f1alado Alfonso Rueda.<\/p>\n<p>   Seg\u00fan ha a\u00f1adido, para el gobierno gallego &#8220;es fundamental&#8221; que la actividad e\u00f3lica marina preserve los recursos y el medio ambiente (y ha recordado que, de hecho, &#8220;muchos&#8221; parques e\u00f3licos en tierra fueron denegados por motivos ambientales por parte de la administraci\u00f3n auton\u00f3mica), y ha se\u00f1alado que &#8220;se pueden compatibilizar las dos cosas&#8221;. &#8220;Si nos hubieran preguntado, habr\u00edamos dado nuestra opini\u00f3n, pero no se nos pregunt\u00f3 y ahora vamos a ver el resultado. Daremos nuestra opini\u00f3n y, si hay que rectificar algo, espero que se rectifique&#8221;, ha proclamado.<\/p>\n<p>   El presidente de la Xunta ha trasladado su esperanza de que, &#8220;a partir de ahora s\u00ed haya cogobernanza&#8221;, algo de lo que &#8220;le gusta mucho hablar al Gobierno, pero que no existe&#8221;, y ha pedido que s\u00ed haya esa cooperaci\u00f3n porque Galicia tiene una &#8220;enorme oportunidad&#8221; en materia de e\u00f3lica marina.<\/p>\n<p>SECTOR DEL MAR &#8220;MUY PREOCUPADO&#8221;<\/p>\n<p>   La conselleira de Medio Ambiente, Territorio e Vivenda, \u00c1ngeles V\u00e1zquez, tambi\u00e9n se ha referido este martes a la ordenaci\u00f3n aprobada en Consejo de Ministros, y ha recalcado que &#8220;por el momento&#8221; la Xunta &#8220;desconoce c\u00f3mo va a quedar ese mapa&#8221; de e\u00f3licos pero que, en todo caso, tiene al sector del mar &#8220;muy preocupado&#8221;.<\/p>\n<p>   V\u00e1zquez ha insistido en acusar al Ministerio para la Transici\u00f3n Ecol\u00f3gico de &#8220;falta de di\u00e1logo y de consenso&#8221; tanto con el sector como con las comunidades aut\u00f3nomas, puesto que el departamento de Teresa Ribera no contest\u00f3 &#8220;ninguna&#8221; de las alegaciones remitidas desde Galicia.<\/p>\n<p>   &#8220;Es bueno, es sano, es democr\u00e1tico y debe ser as\u00ed, participativo, hacer lo mismo que se est\u00e1 haciendo en Galicia con la ley de ordenaci\u00f3n del litoral. Nosotros vemos todas las alegaciones, lo hacemos p\u00fablico y somos transparentes, y esa transparencia es la que reivindicamos una y mil veces por parte del Ministerio&#8221;, ha afirmado la conselleira.<\/p>\n<p>   En este contexto, \u00c1ngeles V\u00e1zquez ha apelado a hacer las cosas &#8220;bien&#8221;. &#8220;Por un lado tenemos energ\u00eda, pero por otro tenemos que conservar y preservar la biodiversidad marina y la econom\u00eda en relaci\u00f3n al mar&#8221;, ha sentenciado.<\/p>\n","protected":false},"excerpt":{"rendered":"<p>El presidente de la Xunta, Alfonso Rueda, ha advertido este martes de que el gobierno gallego no autorizar\u00e1 &#8220;ning\u00fan parque e\u00f3lico marino que ponga en riesgo los recursos pesqueros&#8221; y ha vuelto a lamentar que el Gobierno central ha elaborado una ordenaci\u00f3n del espacio mar\u00edtimo sin contar con la opini\u00f3n de Galicia. En declaraciones a [&hellip;]<\/p>\n","protected":false},"author":277,"featured_media":176770,"comment_status":"close","ping_status":"","sticky":false,"template":"single-feature.php","format":"standard","meta":{"_acf_changed":false,"footnotes":""},"categories":[15645],"tags":[],"class_list":["post-176768","post","type-post","status-publish","format-standard","has-post-thumbnail","hentry","category-ultima-hora","cat-15645-id"],"acf":[],"yoast_head":"<!-- This site is optimized with the Yoast SEO plugin v27.4 - https:\/\/yoast.com\/product\/yoast-seo-wordpress\/ -->\n<title>Econom\u00eda\/Pesca.- La Xunta no autorizar\u00e1 &quot;ning\u00fan parque e\u00f3lico marino que ponga en riesgo los recursos pesqueros&quot; - Tapas<\/title>\n<meta name=\"description\" content=\"El presidente de la Xunta, Alfonso Rueda, ha advertido este martes de que el gobierno gallego no autorizar\u00e1 &quot;ning\u00fan parque e\u00f3lico marino que ponga en\" \/>\n<meta name=\"robots\" content=\"index, follow, max-snippet:-1, max-image-preview:large, max-video-preview:-1\" \/>\n<link rel=\"canonical\" href=\"https:\/\/www.tapasmagazine.es\/en\/economia-pesca-la-xunta-no-autorizara-ningun-parque-eolico-marino-que-ponga-en-riesgo-los-recursos-pesqueros\/\" \/>\n<meta property=\"og:locale\" content=\"en_US\" \/>\n<meta property=\"og:type\" content=\"article\" \/>\n<meta property=\"og:title\" content=\"Econom\u00eda\/Pesca.- La Xunta no autorizar\u00e1 &quot;ning\u00fan parque e\u00f3lico marino que ponga en riesgo los recursos pesqueros&quot; - Tapas\" \/>\n<meta property=\"og:description\" content=\"El presidente de la Xunta, Alfonso Rueda, ha advertido este martes de que el gobierno gallego no autorizar\u00e1 &quot;ning\u00fan parque e\u00f3lico marino que ponga en\" \/>\n<meta property=\"og:url\" content=\"https:\/\/www.tapasmagazine.es\/en\/economia-pesca-la-xunta-no-autorizara-ningun-parque-eolico-marino-que-ponga-en-riesgo-los-recursos-pesqueros\/\" \/>\n<meta property=\"og:site_name\" content=\"Tapas\" \/>\n<meta property=\"article:publisher\" content=\"https:\/\/www.facebook.com\/tapasmagazine\" \/>\n<meta property=\"article:published_time\" content=\"2023-02-28T15:49:46+00:00\" \/>\n<meta property=\"article:modified_time\" content=\"2023-02-28T16:12:33+00:00\" \/>\n<meta property=\"og:image\" content=\"https:\/\/www.tapasmagazine.es\/wp-content\/uploads\/2023\/02\/fotonoticia_20230228164946_9999.jpg\" \/>\n\t<meta property=\"og:image:width\" content=\"947\" \/>\n\t<meta property=\"og:image:height\" content=\"2429\" \/>\n\t<meta property=\"og:image:type\" content=\"image\/jpeg\" \/>\n<meta name=\"author\" content=\"Tapas \/ EP\" \/>\n<meta name=\"twitter:card\" content=\"summary_large_image\" \/>\n<meta name=\"twitter:creator\" content=\"@TapasMagazine\" \/>\n<meta name=\"twitter:site\" content=\"@TapasMagazine\" \/>\n<meta name=\"twitter:label1\" content=\"Written by\" \/>\n\t<meta name=\"twitter:data1\" content=\"Tapas \/ EP\" \/>\n\t<meta name=\"twitter:label2\" content=\"Est. reading time\" \/>\n\t<meta name=\"twitter:data2\" content=\"3 minutes\" \/>\n<script type=\"application\/ld+json\" class=\"yoast-schema-graph\">{\"@context\":\"https:\\\/\\\/schema.org\",\"@graph\":[{\"@type\":\"Article\",\"@id\":\"https:\\\/\\\/www.tapasmagazine.es\\\/en\\\/economia-pesca-la-xunta-no-autorizara-ningun-parque-eolico-marino-que-ponga-en-riesgo-los-recursos-pesqueros\\\/#article\",\"isPartOf\":{\"@id\":\"https:\\\/\\\/www.tapasmagazine.es\\\/en\\\/economia-pesca-la-xunta-no-autorizara-ningun-parque-eolico-marino-que-ponga-en-riesgo-los-recursos-pesqueros\\\/\"},\"author\":{\"name\":\"Tapas \\\/ EP\",\"@id\":\"https:\\\/\\\/www.tapasmagazine.es\\\/#\\\/schema\\\/person\\\/dddb3bce6f98f2124c204b901d74a14b\"},\"headline\":\"Econom\u00eda\\\/Pesca.- La Xunta no autorizar\u00e1 &#8220;ning\u00fan parque e\u00f3lico marino que ponga en riesgo los recursos pesqueros&#8221;\",\"datePublished\":\"2023-02-28T15:49:46+00:00\",\"dateModified\":\"2023-02-28T16:12:33+00:00\",\"mainEntityOfPage\":{\"@id\":\"https:\\\/\\\/www.tapasmagazine.es\\\/en\\\/economia-pesca-la-xunta-no-autorizara-ningun-parque-eolico-marino-que-ponga-en-riesgo-los-recursos-pesqueros\\\/\"},\"wordCount\":669,\"publisher\":{\"@id\":\"https:\\\/\\\/www.tapasmagazine.es\\\/#organization\"},\"image\":{\"@id\":\"https:\\\/\\\/www.tapasmagazine.es\\\/en\\\/economia-pesca-la-xunta-no-autorizara-ningun-parque-eolico-marino-que-ponga-en-riesgo-los-recursos-pesqueros\\\/#primaryimage\"},\"thumbnailUrl\":\"https:\\\/\\\/www.tapasmagazine.es\\\/wp-content\\\/uploads\\\/2023\\\/02\\\/fotonoticia_20230228164946_9999.jpg\",\"articleSection\":[\"\u00daltima hora\"],\"inLanguage\":\"en-US\"},{\"@type\":\"WebPage\",\"@id\":\"https:\\\/\\\/www.tapasmagazine.es\\\/en\\\/economia-pesca-la-xunta-no-autorizara-ningun-parque-eolico-marino-que-ponga-en-riesgo-los-recursos-pesqueros\\\/\",\"url\":\"https:\\\/\\\/www.tapasmagazine.es\\\/en\\\/economia-pesca-la-xunta-no-autorizara-ningun-parque-eolico-marino-que-ponga-en-riesgo-los-recursos-pesqueros\\\/\",\"name\":\"Econom\u00eda\\\/Pesca.- La Xunta no autorizar\u00e1 \\\"ning\u00fan parque e\u00f3lico marino que ponga en riesgo los recursos pesqueros\\\" - Tapas\",\"isPartOf\":{\"@id\":\"https:\\\/\\\/www.tapasmagazine.es\\\/#website\"},\"primaryImageOfPage\":{\"@id\":\"https:\\\/\\\/www.tapasmagazine.es\\\/en\\\/economia-pesca-la-xunta-no-autorizara-ningun-parque-eolico-marino-que-ponga-en-riesgo-los-recursos-pesqueros\\\/#primaryimage\"},\"image\":{\"@id\":\"https:\\\/\\\/www.tapasmagazine.es\\\/en\\\/economia-pesca-la-xunta-no-autorizara-ningun-parque-eolico-marino-que-ponga-en-riesgo-los-recursos-pesqueros\\\/#primaryimage\"},\"thumbnailUrl\":\"https:\\\/\\\/www.tapasmagazine.es\\\/wp-content\\\/uploads\\\/2023\\\/02\\\/fotonoticia_20230228164946_9999.jpg\",\"datePublished\":\"2023-02-28T15:49:46+00:00\",\"dateModified\":\"2023-02-28T16:12:33+00:00\",\"description\":\"El presidente de la Xunta, Alfonso Rueda, ha advertido este martes de que el gobierno gallego no autorizar\u00e1 \\\"ning\u00fan parque e\u00f3lico marino que ponga en\",\"breadcrumb\":{\"@id\":\"https:\\\/\\\/www.tapasmagazine.es\\\/en\\\/economia-pesca-la-xunta-no-autorizara-ningun-parque-eolico-marino-que-ponga-en-riesgo-los-recursos-pesqueros\\\/#breadcrumb\"},\"inLanguage\":\"en-US\",\"potentialAction\":[{\"@type\":\"ReadAction\",\"target\":[\"https:\\\/\\\/www.tapasmagazine.es\\\/en\\\/economia-pesca-la-xunta-no-autorizara-ningun-parque-eolico-marino-que-ponga-en-riesgo-los-recursos-pesqueros\\\/\"]}]},{\"@type\":\"ImageObject\",\"inLanguage\":\"en-US\",\"@id\":\"https:\\\/\\\/www.tapasmagazine.es\\\/en\\\/economia-pesca-la-xunta-no-autorizara-ningun-parque-eolico-marino-que-ponga-en-riesgo-los-recursos-pesqueros\\\/#primaryimage\",\"url\":\"https:\\\/\\\/www.tapasmagazine.es\\\/wp-content\\\/uploads\\\/2023\\\/02\\\/fotonoticia_20230228164946_9999.jpg\",\"contentUrl\":\"https:\\\/\\\/www.tapasmagazine.es\\\/wp-content\\\/uploads\\\/2023\\\/02\\\/fotonoticia_20230228164946_9999.jpg\",\"width\":947,\"height\":2429},{\"@type\":\"BreadcrumbList\",\"@id\":\"https:\\\/\\\/www.tapasmagazine.es\\\/en\\\/economia-pesca-la-xunta-no-autorizara-ningun-parque-eolico-marino-que-ponga-en-riesgo-los-recursos-pesqueros\\\/#breadcrumb\",\"itemListElement\":[{\"@type\":\"ListItem\",\"position\":1,\"name\":\"Portada\",\"item\":\"https:\\\/\\\/www.tapasmagazine.es\\\/\"},{\"@type\":\"ListItem\",\"position\":2,\"name\":\"Sin categorizar\",\"item\":\"https:\\\/\\\/www.tapasmagazine.es\\\/categorias\\\/sin-categorizar-2\\\/\"},{\"@type\":\"ListItem\",\"position\":3,\"name\":\"Econom\u00eda\\\/Pesca.- La Xunta no autorizar\u00e1 \u00abning\u00fan parque e\u00f3lico marino que ponga en riesgo los recursos pesqueros\u00bb\"}]},{\"@type\":\"WebSite\",\"@id\":\"https:\\\/\\\/www.tapasmagazine.es\\\/#website\",\"url\":\"https:\\\/\\\/www.tapasmagazine.es\\\/\",\"name\":\"Tapas\",\"description\":\"\u00d1am \u00d1am Lifestyle. La vida a bocados. Premio Nacional de Gastronom\u00eda 2016.\",\"publisher\":{\"@id\":\"https:\\\/\\\/www.tapasmagazine.es\\\/#organization\"},\"potentialAction\":[{\"@type\":\"SearchAction\",\"target\":{\"@type\":\"EntryPoint\",\"urlTemplate\":\"https:\\\/\\\/www.tapasmagazine.es\\\/?s={search_term_string}\"},\"query-input\":{\"@type\":\"PropertyValueSpecification\",\"valueRequired\":true,\"valueName\":\"search_term_string\"}}],\"inLanguage\":\"en-US\"},{\"@type\":\"Organization\",\"@id\":\"https:\\\/\\\/www.tapasmagazine.es\\\/#organization\",\"name\":\"Tapas Magazine\",\"url\":\"https:\\\/\\\/www.tapasmagazine.es\\\/\",\"logo\":{\"@type\":\"ImageObject\",\"inLanguage\":\"en-US\",\"@id\":\"https:\\\/\\\/www.tapasmagazine.es\\\/#\\\/schema\\\/logo\\\/image\\\/\",\"url\":\"https:\\\/\\\/www.tapasmagazine.es\\\/wp-content\\\/uploads\\\/2018\\\/01\\\/logo.png\",\"contentUrl\":\"https:\\\/\\\/www.tapasmagazine.es\\\/wp-content\\\/uploads\\\/2018\\\/01\\\/logo.png\",\"width\":180,\"height\":60,\"caption\":\"Tapas Magazine\"},\"image\":{\"@id\":\"https:\\\/\\\/www.tapasmagazine.es\\\/#\\\/schema\\\/logo\\\/image\\\/\"},\"sameAs\":[\"https:\\\/\\\/www.facebook.com\\\/tapasmagazine\",\"https:\\\/\\\/x.com\\\/TapasMagazine\",\"https:\\\/\\\/www.instagram.com\\\/tapasmagazine\\\/\",\"https:\\\/\\\/www.linkedin.com\\\/company\\\/tapas-magazine\",\"https:\\\/\\\/es.pinterest.com\\\/tapasmagazine\\\/\",\"https:\\\/\\\/www.youtube.com\\\/channel\\\/UCEyxneAaACuR0lfDagrWjjg?sub_confirmation=1\"]},{\"@type\":\"Person\",\"@id\":\"https:\\\/\\\/www.tapasmagazine.es\\\/#\\\/schema\\\/person\\\/dddb3bce6f98f2124c204b901d74a14b\",\"name\":\"Tapas \\\/ EP\",\"url\":\"https:\\\/\\\/www.tapasmagazine.es\\\/en\\\/author\\\/tapasep\\\/\"}]}<\/script>\n<!-- \/ Yoast SEO plugin. -->","yoast_head_json":{"title":"Econom\u00eda\/Pesca.- La Xunta no autorizar\u00e1 \"ning\u00fan parque e\u00f3lico marino que ponga en riesgo los recursos pesqueros\" - Tapas","description":"El presidente de la Xunta, Alfonso Rueda, ha advertido este martes de que el gobierno gallego no autorizar\u00e1 \"ning\u00fan parque e\u00f3lico marino que ponga en","robots":{"index":"index","follow":"follow","max-snippet":"max-snippet:-1","max-image-preview":"max-image-preview:large","max-video-preview":"max-video-preview:-1"},"canonical":"https:\/\/www.tapasmagazine.es\/en\/economia-pesca-la-xunta-no-autorizara-ningun-parque-eolico-marino-que-ponga-en-riesgo-los-recursos-pesqueros\/","og_locale":"en_US","og_type":"article","og_title":"Econom\u00eda\/Pesca.- La Xunta no autorizar\u00e1 \"ning\u00fan parque e\u00f3lico marino que ponga en riesgo los recursos pesqueros\" - Tapas","og_description":"El presidente de la Xunta, Alfonso Rueda, ha advertido este martes de que el gobierno gallego no autorizar\u00e1 \"ning\u00fan parque e\u00f3lico marino que ponga en","og_url":"https:\/\/www.tapasmagazine.es\/en\/economia-pesca-la-xunta-no-autorizara-ningun-parque-eolico-marino-que-ponga-en-riesgo-los-recursos-pesqueros\/","og_site_name":"Tapas","article_publisher":"https:\/\/www.facebook.com\/tapasmagazine","article_published_time":"2023-02-28T15:49:46+00:00","article_modified_time":"2023-02-28T16:12:33+00:00","og_image":[{"width":947,"height":2429,"url":"https:\/\/www.tapasmagazine.es\/wp-content\/uploads\/2023\/02\/fotonoticia_20230228164946_9999.jpg","type":"image\/jpeg"}],"author":"Tapas \/ EP","twitter_card":"summary_large_image","twitter_creator":"@TapasMagazine","twitter_site":"@TapasMagazine","twitter_misc":{"Written by":"Tapas \/ EP","Est. reading time":"3 minutes"},"schema":{"@context":"https:\/\/schema.org","@graph":[{"@type":"Article","@id":"https:\/\/www.tapasmagazine.es\/en\/economia-pesca-la-xunta-no-autorizara-ningun-parque-eolico-marino-que-ponga-en-riesgo-los-recursos-pesqueros\/#article","isPartOf":{"@id":"https:\/\/www.tapasmagazine.es\/en\/economia-pesca-la-xunta-no-autorizara-ningun-parque-eolico-marino-que-ponga-en-riesgo-los-recursos-pesqueros\/"},"author":{"name":"Tapas \/ EP","@id":"https:\/\/www.tapasmagazine.es\/#\/schema\/person\/dddb3bce6f98f2124c204b901d74a14b"},"headline":"Econom\u00eda\/Pesca.- La Xunta no autorizar\u00e1 &#8220;ning\u00fan parque e\u00f3lico marino que ponga en riesgo los recursos pesqueros&#8221;","datePublished":"2023-02-28T15:49:46+00:00","dateModified":"2023-02-28T16:12:33+00:00","mainEntityOfPage":{"@id":"https:\/\/www.tapasmagazine.es\/en\/economia-pesca-la-xunta-no-autorizara-ningun-parque-eolico-marino-que-ponga-en-riesgo-los-recursos-pesqueros\/"},"wordCount":669,"publisher":{"@id":"https:\/\/www.tapasmagazine.es\/#organization"},"image":{"@id":"https:\/\/www.tapasmagazine.es\/en\/economia-pesca-la-xunta-no-autorizara-ningun-parque-eolico-marino-que-ponga-en-riesgo-los-recursos-pesqueros\/#primaryimage"},"thumbnailUrl":"https:\/\/www.tapasmagazine.es\/wp-content\/uploads\/2023\/02\/fotonoticia_20230228164946_9999.jpg","articleSection":["\u00daltima hora"],"inLanguage":"en-US"},{"@type":"WebPage","@id":"https:\/\/www.tapasmagazine.es\/en\/economia-pesca-la-xunta-no-autorizara-ningun-parque-eolico-marino-que-ponga-en-riesgo-los-recursos-pesqueros\/","url":"https:\/\/www.tapasmagazine.es\/en\/economia-pesca-la-xunta-no-autorizara-ningun-parque-eolico-marino-que-ponga-en-riesgo-los-recursos-pesqueros\/","name":"Econom\u00eda\/Pesca.- La Xunta no autorizar\u00e1 \"ning\u00fan parque e\u00f3lico marino que ponga en riesgo los recursos pesqueros\" - Tapas","isPartOf":{"@id":"https:\/\/www.tapasmagazine.es\/#website"},"primaryImageOfPage":{"@id":"https:\/\/www.tapasmagazine.es\/en\/economia-pesca-la-xunta-no-autorizara-ningun-parque-eolico-marino-que-ponga-en-riesgo-los-recursos-pesqueros\/#primaryimage"},"image":{"@id":"https:\/\/www.tapasmagazine.es\/en\/economia-pesca-la-xunta-no-autorizara-ningun-parque-eolico-marino-que-ponga-en-riesgo-los-recursos-pesqueros\/#primaryimage"},"thumbnailUrl":"https:\/\/www.tapasmagazine.es\/wp-content\/uploads\/2023\/02\/fotonoticia_20230228164946_9999.jpg","datePublished":"2023-02-28T15:49:46+00:00","dateModified":"2023-02-28T16:12:33+00:00","description":"El presidente de la Xunta, Alfonso Rueda, ha advertido este martes de que el gobierno gallego no autorizar\u00e1 \"ning\u00fan parque e\u00f3lico marino que ponga en","breadcrumb":{"@id":"https:\/\/www.tapasmagazine.es\/en\/economia-pesca-la-xunta-no-autorizara-ningun-parque-eolico-marino-que-ponga-en-riesgo-los-recursos-pesqueros\/#breadcrumb"},"inLanguage":"en-US","potentialAction":[{"@type":"ReadAction","target":["https:\/\/www.tapasmagazine.es\/en\/economia-pesca-la-xunta-no-autorizara-ningun-parque-eolico-marino-que-ponga-en-riesgo-los-recursos-pesqueros\/"]}]},{"@type":"ImageObject","inLanguage":"en-US","@id":"https:\/\/www.tapasmagazine.es\/en\/economia-pesca-la-xunta-no-autorizara-ningun-parque-eolico-marino-que-ponga-en-riesgo-los-recursos-pesqueros\/#primaryimage","url":"https:\/\/www.tapasmagazine.es\/wp-content\/uploads\/2023\/02\/fotonoticia_20230228164946_9999.jpg","contentUrl":"https:\/\/www.tapasmagazine.es\/wp-content\/uploads\/2023\/02\/fotonoticia_20230228164946_9999.jpg","width":947,"height":2429},{"@type":"BreadcrumbList","@id":"https:\/\/www.tapasmagazine.es\/en\/economia-pesca-la-xunta-no-autorizara-ningun-parque-eolico-marino-que-ponga-en-riesgo-los-recursos-pesqueros\/#breadcrumb","itemListElement":[{"@type":"ListItem","position":1,"name":"Portada","item":"https:\/\/www.tapasmagazine.es\/"},{"@type":"ListItem","position":2,"name":"Sin categorizar","item":"https:\/\/www.tapasmagazine.es\/categorias\/sin-categorizar-2\/"},{"@type":"ListItem","position":3,"name":"Econom\u00eda\/Pesca.- La Xunta no autorizar\u00e1 \u00abning\u00fan parque e\u00f3lico marino que ponga en riesgo los recursos pesqueros\u00bb"}]},{"@type":"WebSite","@id":"https:\/\/www.tapasmagazine.es\/#website","url":"https:\/\/www.tapasmagazine.es\/","name":"Tapas","description":"\u00d1am \u00d1am Lifestyle. La vida a bocados. Premio Nacional de Gastronom\u00eda 2016.","publisher":{"@id":"https:\/\/www.tapasmagazine.es\/#organization"},"potentialAction":[{"@type":"SearchAction","target":{"@type":"EntryPoint","urlTemplate":"https:\/\/www.tapasmagazine.es\/?s={search_term_string}"},"query-input":{"@type":"PropertyValueSpecification","valueRequired":true,"valueName":"search_term_string"}}],"inLanguage":"en-US"},{"@type":"Organization","@id":"https:\/\/www.tapasmagazine.es\/#organization","name":"Tapas Magazine","url":"https:\/\/www.tapasmagazine.es\/","logo":{"@type":"ImageObject","inLanguage":"en-US","@id":"https:\/\/www.tapasmagazine.es\/#\/schema\/logo\/image\/","url":"https:\/\/www.tapasmagazine.es\/wp-content\/uploads\/2018\/01\/logo.png","contentUrl":"https:\/\/www.tapasmagazine.es\/wp-content\/uploads\/2018\/01\/logo.png","width":180,"height":60,"caption":"Tapas Magazine"},"image":{"@id":"https:\/\/www.tapasmagazine.es\/#\/schema\/logo\/image\/"},"sameAs":["https:\/\/www.facebook.com\/tapasmagazine","https:\/\/x.com\/TapasMagazine","https:\/\/www.instagram.com\/tapasmagazine\/","https:\/\/www.linkedin.com\/company\/tapas-magazine","https:\/\/es.pinterest.com\/tapasmagazine\/","https:\/\/www.youtube.com\/channel\/UCEyxneAaACuR0lfDagrWjjg?sub_confirmation=1"]},{"@type":"Person","@id":"https:\/\/www.tapasmagazine.es\/#\/schema\/person\/dddb3bce6f98f2124c204b901d74a14b","name":"Tapas \/ EP","url":"https:\/\/www.tapasmagazine.es\/en\/author\/tapasep\/"}]}},"_links":{"self":[{"href":"https:\/\/www.tapasmagazine.es\/en\/wp-json\/wp\/v2\/posts\/176768","targetHints":{"allow":["GET"]}}],"collection":[{"href":"https:\/\/www.tapasmagazine.es\/en\/wp-json\/wp\/v2\/posts"}],"about":[{"href":"https:\/\/www.tapasmagazine.es\/en\/wp-json\/wp\/v2\/types\/post"}],"author":[{"embeddable":true,"href":"https:\/\/www.tapasmagazine.es\/en\/wp-json\/wp\/v2\/users\/277"}],"replies":[{"embeddable":true,"href":"https:\/\/www.tapasmagazine.es\/en\/wp-json\/wp\/v2\/comments?post=176768"}],"version-history":[{"count":1,"href":"https:\/\/www.tapasmagazine.es\/en\/wp-json\/wp\/v2\/posts\/176768\/revisions"}],"predecessor-version":[{"id":176769,"href":"https:\/\/www.tapasmagazine.es\/en\/wp-json\/wp\/v2\/posts\/176768\/revisions\/176769"}],"wp:featuredmedia":[{"embeddable":true,"href":"https:\/\/www.tapasmagazine.es\/en\/wp-json\/wp\/v2\/media\/176770"}],"wp:attachment":[{"href":"https:\/\/www.tapasmagazine.es\/en\/wp-json\/wp\/v2\/media?parent=176768"}],"wp:term":[{"taxonomy":"category","embeddable":true,"href":"https:\/\/www.tapasmagazine.es\/en\/wp-json\/wp\/v2\/categories?post=176768"},{"taxonomy":"post_tag","embeddable":true,"href":"https:\/\/www.tapasmagazine.es\/en\/wp-json\/wp\/v2\/tags?post=176768"}],"curies":[{"name":"wp","href":"https:\/\/api.w.org\/{rel}","templated":true}]}}