{"id":176762,"date":"2023-02-28T16:19:54","date_gmt":"2023-02-28T15:19:54","guid":{"rendered":"https:\/\/www.tapasmagazine.es\/?p=176762"},"modified":"2023-02-28T16:41:58","modified_gmt":"2023-02-28T15:41:58","slug":"economia-dia-se-alia-con-pesca-espana-para-impulsar-el-consumo-de-pescado-y-marisco","status":"publish","type":"post","link":"https:\/\/www.tapasmagazine.es\/en\/economia-dia-se-alia-con-pesca-espana-para-impulsar-el-consumo-de-pescado-y-marisco\/","title":{"rendered":"Econom\u00eda.- Dia se al\u00eda con Pesca Espa\u00f1a para impulsar el consumo de pescado y marisco"},"content":{"rendered":"<p>La cadena de supermercados Dia se ha sumado a la campa\u00f1a &#8216;Ll\u00e9vate pescado&#8217; impulsada por Pesca Espa\u00f1a, la Asociaci\u00f3n de Organizaciones de Productores Pesqueros, para potenciar e incentivar el consumo de pescado entre los espa\u00f1oles, as\u00ed como difundir, defender y promocionar su calidad y valores nutricionales saludables, seg\u00fan informa en un comunicado.<\/p>\n<p>   En concreto, esta colaboraci\u00f3n nace de la apuesta de Dia por los frescos y su objetivo por fomentar el consumo de pescado y ofrecer una alimentaci\u00f3n de calidad, saludable y accesible en todas las comunidades en las que opera.<\/p>\n<p>   De esta forma, tanto los mostradores de pescader\u00eda de Dia, disponibles en muchas de sus tiendas, como sus secciones de pescados frescos envasados, ofrecen una amplia variedad de productos. As\u00ed, el surtido incluye tambi\u00e9n especies de acuicultura, que representa un 25% y que cada vez cobra m\u00e1s peso en la pescader\u00eda.<\/p>\n<p>   La cadena de supermercados ha recordado que los productos de acuicultura de su pescader\u00eda provienen de proveedores nacionales referentes en el sector y avalados por certificaciones como Global Gap e IFS entre otras.<\/p>\n<p>   Pesca Espa\u00f1a, asociaci\u00f3n de reciente creaci\u00f3n y reconocida por el Ministerio de Agricultura, Pesca y Alimentaci\u00f3n como Asociaci\u00f3n de Organizaciones de Productores (AOP) de \u00e1mbito nacional, la conforman algunas de las organizaciones pesqueras m\u00e1s importantes del pa\u00eds que defienden la pesca por su valor nacional como tradici\u00f3n, motor econ\u00f3mico y elemento fundamental de una dieta saludable.<\/p>\n<p>   La campa\u00f1a &#8216;Ll\u00e9vate pescado&#8217; nace con el objetivo de resolver las dudas que tienen los consumidores y sobre todo para fomentar la b\u00fasqueda de asesoramiento y consejo de los que nos rodean para aprender a sacarle el m\u00e1ximo partido a estos alimentos.<\/p>\n","protected":false},"excerpt":{"rendered":"<p>La cadena de supermercados Dia se ha sumado a la campa\u00f1a &#8216;Ll\u00e9vate pescado&#8217; impulsada por Pesca Espa\u00f1a, la Asociaci\u00f3n de Organizaciones de Productores Pesqueros, para potenciar e incentivar el consumo de pescado entre los espa\u00f1oles, as\u00ed como difundir, defender y promocionar su calidad y valores nutricionales saludables, seg\u00fan informa en un comunicado. En concreto, esta [&hellip;]<\/p>\n","protected":false},"author":277,"featured_media":176764,"comment_status":"close","ping_status":"","sticky":false,"template":"single-feature.php","format":"standard","meta":{"_acf_changed":false,"footnotes":""},"categories":[15645],"tags":[],"class_list":["post-176762","post","type-post","status-publish","format-standard","has-post-thumbnail","hentry","category-ultima-hora","cat-15645-id"],"acf":[],"yoast_head":"<!-- This site is optimized with the Yoast SEO plugin v27.4 - https:\/\/yoast.com\/product\/yoast-seo-wordpress\/ -->\n<title>Econom\u00eda.- Dia se al\u00eda con Pesca Espa\u00f1a para impulsar el consumo de pescado y marisco - Tapas<\/title>\n<meta name=\"description\" content=\"La cadena de supermercados Dia se ha sumado a la campa\u00f1a &#039;Ll\u00e9vate pescado&#039; impulsada por Pesca Espa\u00f1a, la Asociaci\u00f3n de Organizaciones de Productores\" \/>\n<meta name=\"robots\" content=\"index, follow, max-snippet:-1, max-image-preview:large, max-video-preview:-1\" \/>\n<link rel=\"canonical\" href=\"https:\/\/www.tapasmagazine.es\/en\/economia-dia-se-alia-con-pesca-espana-para-impulsar-el-consumo-de-pescado-y-marisco\/\" \/>\n<meta property=\"og:locale\" content=\"en_US\" \/>\n<meta property=\"og:type\" content=\"article\" \/>\n<meta property=\"og:title\" content=\"Econom\u00eda.- Dia se al\u00eda con Pesca Espa\u00f1a para impulsar el consumo de pescado y marisco - Tapas\" \/>\n<meta property=\"og:description\" content=\"La cadena de supermercados Dia se ha sumado a la campa\u00f1a &#039;Ll\u00e9vate pescado&#039; impulsada por Pesca Espa\u00f1a, la Asociaci\u00f3n de Organizaciones de Productores\" \/>\n<meta property=\"og:url\" content=\"https:\/\/www.tapasmagazine.es\/en\/economia-dia-se-alia-con-pesca-espana-para-impulsar-el-consumo-de-pescado-y-marisco\/\" \/>\n<meta property=\"og:site_name\" content=\"Tapas\" \/>\n<meta property=\"article:publisher\" content=\"https:\/\/www.facebook.com\/tapasmagazine\" \/>\n<meta property=\"article:published_time\" content=\"2023-02-28T15:19:54+00:00\" \/>\n<meta property=\"article:modified_time\" content=\"2023-02-28T15:41:58+00:00\" \/>\n<meta property=\"og:image\" content=\"https:\/\/www.tapasmagazine.es\/wp-content\/uploads\/2023\/02\/fotonoticia_20230228161954_9999-scaled.jpg\" \/>\n\t<meta property=\"og:image:width\" content=\"2560\" \/>\n\t<meta property=\"og:image:height\" content=\"1707\" \/>\n\t<meta property=\"og:image:type\" content=\"image\/jpeg\" \/>\n<meta name=\"author\" content=\"Tapas \/ EP\" \/>\n<meta name=\"twitter:card\" content=\"summary_large_image\" \/>\n<meta name=\"twitter:creator\" content=\"@TapasMagazine\" \/>\n<meta name=\"twitter:site\" content=\"@TapasMagazine\" \/>\n<meta name=\"twitter:label1\" content=\"Written by\" \/>\n\t<meta name=\"twitter:data1\" content=\"Tapas \/ EP\" \/>\n\t<meta name=\"twitter:label2\" content=\"Est. reading time\" \/>\n\t<meta name=\"twitter:data2\" content=\"1 minute\" \/>\n<script type=\"application\/ld+json\" class=\"yoast-schema-graph\">{\"@context\":\"https:\\\/\\\/schema.org\",\"@graph\":[{\"@type\":\"Article\",\"@id\":\"https:\\\/\\\/www.tapasmagazine.es\\\/en\\\/economia-dia-se-alia-con-pesca-espana-para-impulsar-el-consumo-de-pescado-y-marisco\\\/#article\",\"isPartOf\":{\"@id\":\"https:\\\/\\\/www.tapasmagazine.es\\\/en\\\/economia-dia-se-alia-con-pesca-espana-para-impulsar-el-consumo-de-pescado-y-marisco\\\/\"},\"author\":{\"name\":\"Tapas \\\/ EP\",\"@id\":\"https:\\\/\\\/www.tapasmagazine.es\\\/#\\\/schema\\\/person\\\/dddb3bce6f98f2124c204b901d74a14b\"},\"headline\":\"Econom\u00eda.- Dia se al\u00eda con Pesca Espa\u00f1a para impulsar el consumo de pescado y marisco\",\"datePublished\":\"2023-02-28T15:19:54+00:00\",\"dateModified\":\"2023-02-28T15:41:58+00:00\",\"mainEntityOfPage\":{\"@id\":\"https:\\\/\\\/www.tapasmagazine.es\\\/en\\\/economia-dia-se-alia-con-pesca-espana-para-impulsar-el-consumo-de-pescado-y-marisco\\\/\"},\"wordCount\":317,\"publisher\":{\"@id\":\"https:\\\/\\\/www.tapasmagazine.es\\\/#organization\"},\"image\":{\"@id\":\"https:\\\/\\\/www.tapasmagazine.es\\\/en\\\/economia-dia-se-alia-con-pesca-espana-para-impulsar-el-consumo-de-pescado-y-marisco\\\/#primaryimage\"},\"thumbnailUrl\":\"https:\\\/\\\/www.tapasmagazine.es\\\/wp-content\\\/uploads\\\/2023\\\/02\\\/fotonoticia_20230228161954_9999-scaled.jpg\",\"articleSection\":[\"\u00daltima hora\"],\"inLanguage\":\"en-US\"},{\"@type\":\"WebPage\",\"@id\":\"https:\\\/\\\/www.tapasmagazine.es\\\/en\\\/economia-dia-se-alia-con-pesca-espana-para-impulsar-el-consumo-de-pescado-y-marisco\\\/\",\"url\":\"https:\\\/\\\/www.tapasmagazine.es\\\/en\\\/economia-dia-se-alia-con-pesca-espana-para-impulsar-el-consumo-de-pescado-y-marisco\\\/\",\"name\":\"Econom\u00eda.- Dia se al\u00eda con Pesca Espa\u00f1a para impulsar el consumo de pescado y marisco - Tapas\",\"isPartOf\":{\"@id\":\"https:\\\/\\\/www.tapasmagazine.es\\\/#website\"},\"primaryImageOfPage\":{\"@id\":\"https:\\\/\\\/www.tapasmagazine.es\\\/en\\\/economia-dia-se-alia-con-pesca-espana-para-impulsar-el-consumo-de-pescado-y-marisco\\\/#primaryimage\"},\"image\":{\"@id\":\"https:\\\/\\\/www.tapasmagazine.es\\\/en\\\/economia-dia-se-alia-con-pesca-espana-para-impulsar-el-consumo-de-pescado-y-marisco\\\/#primaryimage\"},\"thumbnailUrl\":\"https:\\\/\\\/www.tapasmagazine.es\\\/wp-content\\\/uploads\\\/2023\\\/02\\\/fotonoticia_20230228161954_9999-scaled.jpg\",\"datePublished\":\"2023-02-28T15:19:54+00:00\",\"dateModified\":\"2023-02-28T15:41:58+00:00\",\"description\":\"La cadena de supermercados Dia se ha sumado a la campa\u00f1a 'Ll\u00e9vate pescado' impulsada por Pesca Espa\u00f1a, la Asociaci\u00f3n de Organizaciones de Productores\",\"breadcrumb\":{\"@id\":\"https:\\\/\\\/www.tapasmagazine.es\\\/en\\\/economia-dia-se-alia-con-pesca-espana-para-impulsar-el-consumo-de-pescado-y-marisco\\\/#breadcrumb\"},\"inLanguage\":\"en-US\",\"potentialAction\":[{\"@type\":\"ReadAction\",\"target\":[\"https:\\\/\\\/www.tapasmagazine.es\\\/en\\\/economia-dia-se-alia-con-pesca-espana-para-impulsar-el-consumo-de-pescado-y-marisco\\\/\"]}]},{\"@type\":\"ImageObject\",\"inLanguage\":\"en-US\",\"@id\":\"https:\\\/\\\/www.tapasmagazine.es\\\/en\\\/economia-dia-se-alia-con-pesca-espana-para-impulsar-el-consumo-de-pescado-y-marisco\\\/#primaryimage\",\"url\":\"https:\\\/\\\/www.tapasmagazine.es\\\/wp-content\\\/uploads\\\/2023\\\/02\\\/fotonoticia_20230228161954_9999-scaled.jpg\",\"contentUrl\":\"https:\\\/\\\/www.tapasmagazine.es\\\/wp-content\\\/uploads\\\/2023\\\/02\\\/fotonoticia_20230228161954_9999-scaled.jpg\",\"width\":2560,\"height\":1707},{\"@type\":\"BreadcrumbList\",\"@id\":\"https:\\\/\\\/www.tapasmagazine.es\\\/en\\\/economia-dia-se-alia-con-pesca-espana-para-impulsar-el-consumo-de-pescado-y-marisco\\\/#breadcrumb\",\"itemListElement\":[{\"@type\":\"ListItem\",\"position\":1,\"name\":\"Portada\",\"item\":\"https:\\\/\\\/www.tapasmagazine.es\\\/\"},{\"@type\":\"ListItem\",\"position\":2,\"name\":\"Sin categorizar\",\"item\":\"https:\\\/\\\/www.tapasmagazine.es\\\/categorias\\\/sin-categorizar-2\\\/\"},{\"@type\":\"ListItem\",\"position\":3,\"name\":\"Econom\u00eda.- Dia se al\u00eda con Pesca Espa\u00f1a para impulsar el consumo de pescado y marisco\"}]},{\"@type\":\"WebSite\",\"@id\":\"https:\\\/\\\/www.tapasmagazine.es\\\/#website\",\"url\":\"https:\\\/\\\/www.tapasmagazine.es\\\/\",\"name\":\"Tapas\",\"description\":\"\u00d1am \u00d1am Lifestyle. La vida a bocados. Premio Nacional de Gastronom\u00eda 2016.\",\"publisher\":{\"@id\":\"https:\\\/\\\/www.tapasmagazine.es\\\/#organization\"},\"potentialAction\":[{\"@type\":\"SearchAction\",\"target\":{\"@type\":\"EntryPoint\",\"urlTemplate\":\"https:\\\/\\\/www.tapasmagazine.es\\\/?s={search_term_string}\"},\"query-input\":{\"@type\":\"PropertyValueSpecification\",\"valueRequired\":true,\"valueName\":\"search_term_string\"}}],\"inLanguage\":\"en-US\"},{\"@type\":\"Organization\",\"@id\":\"https:\\\/\\\/www.tapasmagazine.es\\\/#organization\",\"name\":\"Tapas Magazine\",\"url\":\"https:\\\/\\\/www.tapasmagazine.es\\\/\",\"logo\":{\"@type\":\"ImageObject\",\"inLanguage\":\"en-US\",\"@id\":\"https:\\\/\\\/www.tapasmagazine.es\\\/#\\\/schema\\\/logo\\\/image\\\/\",\"url\":\"https:\\\/\\\/www.tapasmagazine.es\\\/wp-content\\\/uploads\\\/2018\\\/01\\\/logo.png\",\"contentUrl\":\"https:\\\/\\\/www.tapasmagazine.es\\\/wp-content\\\/uploads\\\/2018\\\/01\\\/logo.png\",\"width\":180,\"height\":60,\"caption\":\"Tapas Magazine\"},\"image\":{\"@id\":\"https:\\\/\\\/www.tapasmagazine.es\\\/#\\\/schema\\\/logo\\\/image\\\/\"},\"sameAs\":[\"https:\\\/\\\/www.facebook.com\\\/tapasmagazine\",\"https:\\\/\\\/x.com\\\/TapasMagazine\",\"https:\\\/\\\/www.instagram.com\\\/tapasmagazine\\\/\",\"https:\\\/\\\/www.linkedin.com\\\/company\\\/tapas-magazine\",\"https:\\\/\\\/es.pinterest.com\\\/tapasmagazine\\\/\",\"https:\\\/\\\/www.youtube.com\\\/channel\\\/UCEyxneAaACuR0lfDagrWjjg?sub_confirmation=1\"]},{\"@type\":\"Person\",\"@id\":\"https:\\\/\\\/www.tapasmagazine.es\\\/#\\\/schema\\\/person\\\/dddb3bce6f98f2124c204b901d74a14b\",\"name\":\"Tapas \\\/ EP\",\"url\":\"https:\\\/\\\/www.tapasmagazine.es\\\/en\\\/author\\\/tapasep\\\/\"}]}<\/script>\n<!-- \/ Yoast SEO plugin. -->","yoast_head_json":{"title":"Econom\u00eda.- Dia se al\u00eda con Pesca Espa\u00f1a para impulsar el consumo de pescado y marisco - Tapas","description":"La cadena de supermercados Dia se ha sumado a la campa\u00f1a 'Ll\u00e9vate pescado' impulsada por Pesca Espa\u00f1a, la Asociaci\u00f3n de Organizaciones de Productores","robots":{"index":"index","follow":"follow","max-snippet":"max-snippet:-1","max-image-preview":"max-image-preview:large","max-video-preview":"max-video-preview:-1"},"canonical":"https:\/\/www.tapasmagazine.es\/en\/economia-dia-se-alia-con-pesca-espana-para-impulsar-el-consumo-de-pescado-y-marisco\/","og_locale":"en_US","og_type":"article","og_title":"Econom\u00eda.- Dia se al\u00eda con Pesca Espa\u00f1a para impulsar el consumo de pescado y marisco - Tapas","og_description":"La cadena de supermercados Dia se ha sumado a la campa\u00f1a 'Ll\u00e9vate pescado' impulsada por Pesca Espa\u00f1a, la Asociaci\u00f3n de Organizaciones de Productores","og_url":"https:\/\/www.tapasmagazine.es\/en\/economia-dia-se-alia-con-pesca-espana-para-impulsar-el-consumo-de-pescado-y-marisco\/","og_site_name":"Tapas","article_publisher":"https:\/\/www.facebook.com\/tapasmagazine","article_published_time":"2023-02-28T15:19:54+00:00","article_modified_time":"2023-02-28T15:41:58+00:00","og_image":[{"width":2560,"height":1707,"url":"https:\/\/www.tapasmagazine.es\/wp-content\/uploads\/2023\/02\/fotonoticia_20230228161954_9999-scaled.jpg","type":"image\/jpeg"}],"author":"Tapas \/ EP","twitter_card":"summary_large_image","twitter_creator":"@TapasMagazine","twitter_site":"@TapasMagazine","twitter_misc":{"Written by":"Tapas \/ EP","Est. reading time":"1 minute"},"schema":{"@context":"https:\/\/schema.org","@graph":[{"@type":"Article","@id":"https:\/\/www.tapasmagazine.es\/en\/economia-dia-se-alia-con-pesca-espana-para-impulsar-el-consumo-de-pescado-y-marisco\/#article","isPartOf":{"@id":"https:\/\/www.tapasmagazine.es\/en\/economia-dia-se-alia-con-pesca-espana-para-impulsar-el-consumo-de-pescado-y-marisco\/"},"author":{"name":"Tapas \/ EP","@id":"https:\/\/www.tapasmagazine.es\/#\/schema\/person\/dddb3bce6f98f2124c204b901d74a14b"},"headline":"Econom\u00eda.- Dia se al\u00eda con Pesca Espa\u00f1a para impulsar el consumo de pescado y marisco","datePublished":"2023-02-28T15:19:54+00:00","dateModified":"2023-02-28T15:41:58+00:00","mainEntityOfPage":{"@id":"https:\/\/www.tapasmagazine.es\/en\/economia-dia-se-alia-con-pesca-espana-para-impulsar-el-consumo-de-pescado-y-marisco\/"},"wordCount":317,"publisher":{"@id":"https:\/\/www.tapasmagazine.es\/#organization"},"image":{"@id":"https:\/\/www.tapasmagazine.es\/en\/economia-dia-se-alia-con-pesca-espana-para-impulsar-el-consumo-de-pescado-y-marisco\/#primaryimage"},"thumbnailUrl":"https:\/\/www.tapasmagazine.es\/wp-content\/uploads\/2023\/02\/fotonoticia_20230228161954_9999-scaled.jpg","articleSection":["\u00daltima hora"],"inLanguage":"en-US"},{"@type":"WebPage","@id":"https:\/\/www.tapasmagazine.es\/en\/economia-dia-se-alia-con-pesca-espana-para-impulsar-el-consumo-de-pescado-y-marisco\/","url":"https:\/\/www.tapasmagazine.es\/en\/economia-dia-se-alia-con-pesca-espana-para-impulsar-el-consumo-de-pescado-y-marisco\/","name":"Econom\u00eda.- Dia se al\u00eda con Pesca Espa\u00f1a para impulsar el consumo de pescado y marisco - Tapas","isPartOf":{"@id":"https:\/\/www.tapasmagazine.es\/#website"},"primaryImageOfPage":{"@id":"https:\/\/www.tapasmagazine.es\/en\/economia-dia-se-alia-con-pesca-espana-para-impulsar-el-consumo-de-pescado-y-marisco\/#primaryimage"},"image":{"@id":"https:\/\/www.tapasmagazine.es\/en\/economia-dia-se-alia-con-pesca-espana-para-impulsar-el-consumo-de-pescado-y-marisco\/#primaryimage"},"thumbnailUrl":"https:\/\/www.tapasmagazine.es\/wp-content\/uploads\/2023\/02\/fotonoticia_20230228161954_9999-scaled.jpg","datePublished":"2023-02-28T15:19:54+00:00","dateModified":"2023-02-28T15:41:58+00:00","description":"La cadena de supermercados Dia se ha sumado a la campa\u00f1a 'Ll\u00e9vate pescado' impulsada por Pesca Espa\u00f1a, la Asociaci\u00f3n de Organizaciones de Productores","breadcrumb":{"@id":"https:\/\/www.tapasmagazine.es\/en\/economia-dia-se-alia-con-pesca-espana-para-impulsar-el-consumo-de-pescado-y-marisco\/#breadcrumb"},"inLanguage":"en-US","potentialAction":[{"@type":"ReadAction","target":["https:\/\/www.tapasmagazine.es\/en\/economia-dia-se-alia-con-pesca-espana-para-impulsar-el-consumo-de-pescado-y-marisco\/"]}]},{"@type":"ImageObject","inLanguage":"en-US","@id":"https:\/\/www.tapasmagazine.es\/en\/economia-dia-se-alia-con-pesca-espana-para-impulsar-el-consumo-de-pescado-y-marisco\/#primaryimage","url":"https:\/\/www.tapasmagazine.es\/wp-content\/uploads\/2023\/02\/fotonoticia_20230228161954_9999-scaled.jpg","contentUrl":"https:\/\/www.tapasmagazine.es\/wp-content\/uploads\/2023\/02\/fotonoticia_20230228161954_9999-scaled.jpg","width":2560,"height":1707},{"@type":"BreadcrumbList","@id":"https:\/\/www.tapasmagazine.es\/en\/economia-dia-se-alia-con-pesca-espana-para-impulsar-el-consumo-de-pescado-y-marisco\/#breadcrumb","itemListElement":[{"@type":"ListItem","position":1,"name":"Portada","item":"https:\/\/www.tapasmagazine.es\/"},{"@type":"ListItem","position":2,"name":"Sin categorizar","item":"https:\/\/www.tapasmagazine.es\/categorias\/sin-categorizar-2\/"},{"@type":"ListItem","position":3,"name":"Econom\u00eda.- Dia se al\u00eda con Pesca Espa\u00f1a para impulsar el consumo de pescado y marisco"}]},{"@type":"WebSite","@id":"https:\/\/www.tapasmagazine.es\/#website","url":"https:\/\/www.tapasmagazine.es\/","name":"Tapas","description":"\u00d1am \u00d1am Lifestyle. La vida a bocados. Premio Nacional de Gastronom\u00eda 2016.","publisher":{"@id":"https:\/\/www.tapasmagazine.es\/#organization"},"potentialAction":[{"@type":"SearchAction","target":{"@type":"EntryPoint","urlTemplate":"https:\/\/www.tapasmagazine.es\/?s={search_term_string}"},"query-input":{"@type":"PropertyValueSpecification","valueRequired":true,"valueName":"search_term_string"}}],"inLanguage":"en-US"},{"@type":"Organization","@id":"https:\/\/www.tapasmagazine.es\/#organization","name":"Tapas Magazine","url":"https:\/\/www.tapasmagazine.es\/","logo":{"@type":"ImageObject","inLanguage":"en-US","@id":"https:\/\/www.tapasmagazine.es\/#\/schema\/logo\/image\/","url":"https:\/\/www.tapasmagazine.es\/wp-content\/uploads\/2018\/01\/logo.png","contentUrl":"https:\/\/www.tapasmagazine.es\/wp-content\/uploads\/2018\/01\/logo.png","width":180,"height":60,"caption":"Tapas Magazine"},"image":{"@id":"https:\/\/www.tapasmagazine.es\/#\/schema\/logo\/image\/"},"sameAs":["https:\/\/www.facebook.com\/tapasmagazine","https:\/\/x.com\/TapasMagazine","https:\/\/www.instagram.com\/tapasmagazine\/","https:\/\/www.linkedin.com\/company\/tapas-magazine","https:\/\/es.pinterest.com\/tapasmagazine\/","https:\/\/www.youtube.com\/channel\/UCEyxneAaACuR0lfDagrWjjg?sub_confirmation=1"]},{"@type":"Person","@id":"https:\/\/www.tapasmagazine.es\/#\/schema\/person\/dddb3bce6f98f2124c204b901d74a14b","name":"Tapas \/ EP","url":"https:\/\/www.tapasmagazine.es\/en\/author\/tapasep\/"}]}},"_links":{"self":[{"href":"https:\/\/www.tapasmagazine.es\/en\/wp-json\/wp\/v2\/posts\/176762","targetHints":{"allow":["GET"]}}],"collection":[{"href":"https:\/\/www.tapasmagazine.es\/en\/wp-json\/wp\/v2\/posts"}],"about":[{"href":"https:\/\/www.tapasmagazine.es\/en\/wp-json\/wp\/v2\/types\/post"}],"author":[{"embeddable":true,"href":"https:\/\/www.tapasmagazine.es\/en\/wp-json\/wp\/v2\/users\/277"}],"replies":[{"embeddable":true,"href":"https:\/\/www.tapasmagazine.es\/en\/wp-json\/wp\/v2\/comments?post=176762"}],"version-history":[{"count":1,"href":"https:\/\/www.tapasmagazine.es\/en\/wp-json\/wp\/v2\/posts\/176762\/revisions"}],"predecessor-version":[{"id":176763,"href":"https:\/\/www.tapasmagazine.es\/en\/wp-json\/wp\/v2\/posts\/176762\/revisions\/176763"}],"wp:featuredmedia":[{"embeddable":true,"href":"https:\/\/www.tapasmagazine.es\/en\/wp-json\/wp\/v2\/media\/176764"}],"wp:attachment":[{"href":"https:\/\/www.tapasmagazine.es\/en\/wp-json\/wp\/v2\/media?parent=176762"}],"wp:term":[{"taxonomy":"category","embeddable":true,"href":"https:\/\/www.tapasmagazine.es\/en\/wp-json\/wp\/v2\/categories?post=176762"},{"taxonomy":"post_tag","embeddable":true,"href":"https:\/\/www.tapasmagazine.es\/en\/wp-json\/wp\/v2\/tags?post=176762"}],"curies":[{"name":"wp","href":"https:\/\/api.w.org\/{rel}","templated":true}]}}