{"id":176731,"date":"2023-02-28T13:53:10","date_gmt":"2023-02-28T12:53:10","guid":{"rendered":"https:\/\/www.tapasmagazine.es\/?p=176731"},"modified":"2023-02-28T14:41:59","modified_gmt":"2023-02-28T13:41:59","slug":"economia-el-gobierno-concluye-la-aprobacion-del-paquete-normativo-para-el-desarrollo-de-la-nueva-pac-en-espana","status":"publish","type":"post","link":"https:\/\/www.tapasmagazine.es\/en\/economia-el-gobierno-concluye-la-aprobacion-del-paquete-normativo-para-el-desarrollo-de-la-nueva-pac-en-espana\/","title":{"rendered":"Econom\u00eda.- El Gobierno concluye la aprobaci\u00f3n del paquete normativo para el desarrollo de la nueva PAC en Espa\u00f1a"},"content":{"rendered":"<p>El Consejo de Ministros ha aprobado este martes los dos \u00faltimos<br \/>\nreales decretos que completan el paquete normativo de acompa\u00f1amiento para el desarrollo de la nueva Pol\u00edtica Agraria Com\u00fan (PAC) en Espa\u00f1a, y que se refieren a la mejora de las condiciones de bienestar animal en las granjas y a las normas para la aplicaci\u00f3n de penalizaciones en las intervenciones contempladas en el plan estrat\u00e9gico.<\/p>\n<p>   En concreto, se trata de dos cuestiones que no eran condicionantes para la entrada en vigor de la nueva PAC el pasado 1 de enero. El paquete normativo se compone de la ley que regula que regula el sistema de gesti\u00f3n de la PAC y otras materias conexas, aprobada por el Congreso de los Diputados el pasado 15 de diciembre, y de 18 reales decretos sobre el r\u00e9gimen de ayudas, intervenciones sectoriales y cuestiones regulatorias de la actividad agraria, cuyo grueso se aprob\u00f3 entre octubre y diciembre del pasado a\u00f1o.<\/p>\n<p>BIENESTAR ANIMAL<\/p>\n<p>   De esta forma, el real decreto sobre bienestar animal compila varias modificaciones de normas ya en vigor y crea algunas nuevas herramientas para mejorar el bienestar animal en las granjas y facilitar los controles oficiales que llevan a cabo las autoridades competentes.<\/p>\n<p>   As\u00ed, se crea formalmente la mesa nacional de coordinaci\u00f3n<br \/>\nsobre bienestar y protecci\u00f3n de los animales y se designa centro de referencia el Instituto de Investigaci\u00f3n y Tecnolog\u00eda Agroalimentaria de Catalunya (IRTA), que se nombra mediante esta norma por un plazo de dos a\u00f1os.<\/p>\n<p>   El decreto aprobado modifica tambi\u00e9n varias normas en vigor en materia de transporte de animales y de sacrificio, as\u00ed como las normas m\u00ednimas para la protecci\u00f3n de cerdos, con el fin de mejorar las condiciones de las granjas y el manejo de los animales, para lo<br \/>\nque se establecen requisitos m\u00e1s espec\u00edficos que los actuales, y adaptados al actual conocimiento cient\u00edfico.<\/p>\n<p>   En concreto, figuran nuevos valores en lo relativo a la densidad m\u00e1xima de animales en las granjas, y nuevas condiciones respecto de su alimentaci\u00f3n, agua, comederos, condiciones ambientales de las mismas y a la disponibilidad para los animales de material manipulable. El fin \u00faltimo es disminuir la necesidad de practicar el corte de colas de los cerdos. Las granjas ya existentes dispondr\u00e1n de dos a\u00f1os para realizar las adaptaciones necesarias.<\/p>\n<p>   Adem\u00e1s, para asegurar que se mejoran los procesos internos de las granjas, se extiende la obligaci\u00f3n de disponer de un plan de bienestar animal a todas las explotaciones a partir de cierto tama\u00f1o. Los titulares de las granjas dispondr\u00e1n de cuatro a\u00f1os para disponer de dicho plan.<\/p>\n<p>   Igualmente se modifican todos los reales decretos sobre protecci\u00f3n de animales en las granjas (el relativo a condiciones generales, y los de cr\u00eda de terneros, gallinas ponedoras, cerdos y pollos de carne) para adecuarlos a la normativa comunitaria en aspectos formales, como los relativos a los informes de los resultados de los controles y otros aspectos t\u00e9cnicos administrativos.<\/p>\n<p>PERIODO TRANSITORIO EN LA APLICACI\u00d3N DE PENALIZACIONES DE ECORREG\u00cdMENES <\/p>\n<p>   Por otro lado tambi\u00e9n se ha aprobado el marco normativo necesario para aplicar las correspondientes penalizaciones a todo el conjunto de intervenciones integradas en el Plan Estrat\u00e9gico Nacional de la Pol\u00edtica Agr\u00edcola Com\u00fan (PAC).<\/p>\n<p>   Las penalizaciones se definen como las reducciones a aplicar a las ayudas en caso de que se detecte un incumplimiento de los requisitos de<br \/>\nsubvencionabilidad, compromisos u otras obligaciones, con el objetivo de<br \/>\ngarantizar una protecci\u00f3n eficaz de los intereses financieros de la Uni\u00f3n Europea (UE).<\/p>\n<p>   La norma aprobada mantiene el &#8216;statu quo&#8217; de forma general y se han flexibilizado algunas cuestiones. En particular, se contempla un periodo transitorio en la aplicaci\u00f3n de las penalizaciones de los nuevos ecorreg\u00edmenes en favor del clima y del medio ambiente, de forma que, en el 2023, al ser el primero de desarrollo de esta medida, no se aplicar\u00e1n penalizaciones, y para 2024 se reducir\u00e1n a la mitad.<\/p>\n<p>   Se reducen tambi\u00e9n a la mitad las penalizaciones a aplicar en caso de<br \/>\nintervenciones en la que se hayan controlado a la totalidad de las personas beneficiarias mediante el sistema de monitorizaci\u00f3n de superficies.<\/p>\n<p>   De esta forma, esta nueva norma completa el marco legislativo de la PAC, y desarrolla lo establecido por la Ley 30\/2022, de 23 de diciembre, por la que se regulan el sistema de gesti\u00f3n de \u00e9sta y otras materias conexas en lo que se refiere a las penalizaciones.<\/p>\n<p>   El real decreto aprobado tambi\u00e9n introduce determinados ajustes t\u00e9cnicos en algunos de los aprobados anteriormente para el desarrollo de la PAC, con el fin de mejorar la aplicabilidad de los mismos.<\/p>\n","protected":false},"excerpt":{"rendered":"<p>El Consejo de Ministros ha aprobado este martes los dos \u00faltimos reales decretos que completan el paquete normativo de acompa\u00f1amiento para el desarrollo de la nueva Pol\u00edtica Agraria Com\u00fan (PAC) en Espa\u00f1a, y que se refieren a la mejora de las condiciones de bienestar animal en las granjas y a las normas para la aplicaci\u00f3n [&hellip;]<\/p>\n","protected":false},"author":277,"featured_media":176733,"comment_status":"close","ping_status":"","sticky":false,"template":"single-feature.php","format":"standard","meta":{"_acf_changed":false,"footnotes":""},"categories":[15645],"tags":[],"class_list":["post-176731","post","type-post","status-publish","format-standard","has-post-thumbnail","hentry","category-ultima-hora","cat-15645-id"],"acf":[],"yoast_head":"<!-- This site is optimized with the Yoast SEO plugin v27.4 - https:\/\/yoast.com\/product\/yoast-seo-wordpress\/ -->\n<title>Econom\u00eda.- El Gobierno concluye la aprobaci\u00f3n del paquete normativo para el desarrollo de la nueva PAC en Espa\u00f1a - Tapas<\/title>\n<meta name=\"description\" content=\"El Consejo de Ministros ha aprobado este martes los dos \u00faltimos reales decretos que completan el paquete normativo de acompa\u00f1amiento para el desarrollo de\" \/>\n<meta name=\"robots\" content=\"index, follow, max-snippet:-1, max-image-preview:large, max-video-preview:-1\" \/>\n<link rel=\"canonical\" href=\"https:\/\/www.tapasmagazine.es\/en\/economia-el-gobierno-concluye-la-aprobacion-del-paquete-normativo-para-el-desarrollo-de-la-nueva-pac-en-espana\/\" \/>\n<meta property=\"og:locale\" content=\"en_US\" \/>\n<meta property=\"og:type\" content=\"article\" \/>\n<meta property=\"og:title\" content=\"Econom\u00eda.- El Gobierno concluye la aprobaci\u00f3n del paquete normativo para el desarrollo de la nueva PAC en Espa\u00f1a - Tapas\" \/>\n<meta property=\"og:description\" content=\"El Consejo de Ministros ha aprobado este martes los dos \u00faltimos reales decretos que completan el paquete normativo de acompa\u00f1amiento para el desarrollo de\" \/>\n<meta property=\"og:url\" content=\"https:\/\/www.tapasmagazine.es\/en\/economia-el-gobierno-concluye-la-aprobacion-del-paquete-normativo-para-el-desarrollo-de-la-nueva-pac-en-espana\/\" \/>\n<meta property=\"og:site_name\" content=\"Tapas\" \/>\n<meta property=\"article:publisher\" content=\"https:\/\/www.facebook.com\/tapasmagazine\" \/>\n<meta property=\"article:published_time\" content=\"2023-02-28T12:53:10+00:00\" \/>\n<meta property=\"article:modified_time\" content=\"2023-02-28T13:41:59+00:00\" \/>\n<meta property=\"og:image\" content=\"https:\/\/www.tapasmagazine.es\/wp-content\/uploads\/2023\/02\/fotonoticia_20230228135310_9999-scaled.jpg\" \/>\n\t<meta property=\"og:image:width\" content=\"2560\" \/>\n\t<meta property=\"og:image:height\" content=\"1672\" \/>\n\t<meta property=\"og:image:type\" content=\"image\/jpeg\" \/>\n<meta name=\"author\" content=\"Tapas \/ EP\" \/>\n<meta name=\"twitter:card\" content=\"summary_large_image\" \/>\n<meta name=\"twitter:creator\" content=\"@TapasMagazine\" \/>\n<meta name=\"twitter:site\" content=\"@TapasMagazine\" \/>\n<meta name=\"twitter:label1\" content=\"Written by\" \/>\n\t<meta name=\"twitter:data1\" content=\"Tapas \/ EP\" \/>\n\t<meta name=\"twitter:label2\" content=\"Est. reading time\" \/>\n\t<meta name=\"twitter:data2\" content=\"4 minutes\" \/>\n<script type=\"application\/ld+json\" class=\"yoast-schema-graph\">{\"@context\":\"https:\\\/\\\/schema.org\",\"@graph\":[{\"@type\":\"Article\",\"@id\":\"https:\\\/\\\/www.tapasmagazine.es\\\/en\\\/economia-el-gobierno-concluye-la-aprobacion-del-paquete-normativo-para-el-desarrollo-de-la-nueva-pac-en-espana\\\/#article\",\"isPartOf\":{\"@id\":\"https:\\\/\\\/www.tapasmagazine.es\\\/en\\\/economia-el-gobierno-concluye-la-aprobacion-del-paquete-normativo-para-el-desarrollo-de-la-nueva-pac-en-espana\\\/\"},\"author\":{\"name\":\"Tapas \\\/ EP\",\"@id\":\"https:\\\/\\\/www.tapasmagazine.es\\\/#\\\/schema\\\/person\\\/dddb3bce6f98f2124c204b901d74a14b\"},\"headline\":\"Econom\u00eda.- El Gobierno concluye la aprobaci\u00f3n del paquete normativo para el desarrollo de la nueva PAC en Espa\u00f1a\",\"datePublished\":\"2023-02-28T12:53:10+00:00\",\"dateModified\":\"2023-02-28T13:41:59+00:00\",\"mainEntityOfPage\":{\"@id\":\"https:\\\/\\\/www.tapasmagazine.es\\\/en\\\/economia-el-gobierno-concluye-la-aprobacion-del-paquete-normativo-para-el-desarrollo-de-la-nueva-pac-en-espana\\\/\"},\"wordCount\":814,\"publisher\":{\"@id\":\"https:\\\/\\\/www.tapasmagazine.es\\\/#organization\"},\"image\":{\"@id\":\"https:\\\/\\\/www.tapasmagazine.es\\\/en\\\/economia-el-gobierno-concluye-la-aprobacion-del-paquete-normativo-para-el-desarrollo-de-la-nueva-pac-en-espana\\\/#primaryimage\"},\"thumbnailUrl\":\"https:\\\/\\\/www.tapasmagazine.es\\\/wp-content\\\/uploads\\\/2023\\\/02\\\/fotonoticia_20230228135310_9999-scaled.jpg\",\"articleSection\":[\"\u00daltima hora\"],\"inLanguage\":\"en-US\"},{\"@type\":\"WebPage\",\"@id\":\"https:\\\/\\\/www.tapasmagazine.es\\\/en\\\/economia-el-gobierno-concluye-la-aprobacion-del-paquete-normativo-para-el-desarrollo-de-la-nueva-pac-en-espana\\\/\",\"url\":\"https:\\\/\\\/www.tapasmagazine.es\\\/en\\\/economia-el-gobierno-concluye-la-aprobacion-del-paquete-normativo-para-el-desarrollo-de-la-nueva-pac-en-espana\\\/\",\"name\":\"Econom\u00eda.- El Gobierno concluye la aprobaci\u00f3n del paquete normativo para el desarrollo de la nueva PAC en Espa\u00f1a - Tapas\",\"isPartOf\":{\"@id\":\"https:\\\/\\\/www.tapasmagazine.es\\\/#website\"},\"primaryImageOfPage\":{\"@id\":\"https:\\\/\\\/www.tapasmagazine.es\\\/en\\\/economia-el-gobierno-concluye-la-aprobacion-del-paquete-normativo-para-el-desarrollo-de-la-nueva-pac-en-espana\\\/#primaryimage\"},\"image\":{\"@id\":\"https:\\\/\\\/www.tapasmagazine.es\\\/en\\\/economia-el-gobierno-concluye-la-aprobacion-del-paquete-normativo-para-el-desarrollo-de-la-nueva-pac-en-espana\\\/#primaryimage\"},\"thumbnailUrl\":\"https:\\\/\\\/www.tapasmagazine.es\\\/wp-content\\\/uploads\\\/2023\\\/02\\\/fotonoticia_20230228135310_9999-scaled.jpg\",\"datePublished\":\"2023-02-28T12:53:10+00:00\",\"dateModified\":\"2023-02-28T13:41:59+00:00\",\"description\":\"El Consejo de Ministros ha aprobado este martes los dos \u00faltimos reales decretos que completan el paquete normativo de acompa\u00f1amiento para el desarrollo de\",\"breadcrumb\":{\"@id\":\"https:\\\/\\\/www.tapasmagazine.es\\\/en\\\/economia-el-gobierno-concluye-la-aprobacion-del-paquete-normativo-para-el-desarrollo-de-la-nueva-pac-en-espana\\\/#breadcrumb\"},\"inLanguage\":\"en-US\",\"potentialAction\":[{\"@type\":\"ReadAction\",\"target\":[\"https:\\\/\\\/www.tapasmagazine.es\\\/en\\\/economia-el-gobierno-concluye-la-aprobacion-del-paquete-normativo-para-el-desarrollo-de-la-nueva-pac-en-espana\\\/\"]}]},{\"@type\":\"ImageObject\",\"inLanguage\":\"en-US\",\"@id\":\"https:\\\/\\\/www.tapasmagazine.es\\\/en\\\/economia-el-gobierno-concluye-la-aprobacion-del-paquete-normativo-para-el-desarrollo-de-la-nueva-pac-en-espana\\\/#primaryimage\",\"url\":\"https:\\\/\\\/www.tapasmagazine.es\\\/wp-content\\\/uploads\\\/2023\\\/02\\\/fotonoticia_20230228135310_9999-scaled.jpg\",\"contentUrl\":\"https:\\\/\\\/www.tapasmagazine.es\\\/wp-content\\\/uploads\\\/2023\\\/02\\\/fotonoticia_20230228135310_9999-scaled.jpg\",\"width\":2560,\"height\":1672},{\"@type\":\"BreadcrumbList\",\"@id\":\"https:\\\/\\\/www.tapasmagazine.es\\\/en\\\/economia-el-gobierno-concluye-la-aprobacion-del-paquete-normativo-para-el-desarrollo-de-la-nueva-pac-en-espana\\\/#breadcrumb\",\"itemListElement\":[{\"@type\":\"ListItem\",\"position\":1,\"name\":\"Portada\",\"item\":\"https:\\\/\\\/www.tapasmagazine.es\\\/\"},{\"@type\":\"ListItem\",\"position\":2,\"name\":\"Sin categorizar\",\"item\":\"https:\\\/\\\/www.tapasmagazine.es\\\/categorias\\\/sin-categorizar-2\\\/\"},{\"@type\":\"ListItem\",\"position\":3,\"name\":\"Econom\u00eda.- El Gobierno concluye la aprobaci\u00f3n del paquete normativo para el desarrollo de la nueva PAC en Espa\u00f1a\"}]},{\"@type\":\"WebSite\",\"@id\":\"https:\\\/\\\/www.tapasmagazine.es\\\/#website\",\"url\":\"https:\\\/\\\/www.tapasmagazine.es\\\/\",\"name\":\"Tapas\",\"description\":\"\u00d1am \u00d1am Lifestyle. La vida a bocados. Premio Nacional de Gastronom\u00eda 2016.\",\"publisher\":{\"@id\":\"https:\\\/\\\/www.tapasmagazine.es\\\/#organization\"},\"potentialAction\":[{\"@type\":\"SearchAction\",\"target\":{\"@type\":\"EntryPoint\",\"urlTemplate\":\"https:\\\/\\\/www.tapasmagazine.es\\\/?s={search_term_string}\"},\"query-input\":{\"@type\":\"PropertyValueSpecification\",\"valueRequired\":true,\"valueName\":\"search_term_string\"}}],\"inLanguage\":\"en-US\"},{\"@type\":\"Organization\",\"@id\":\"https:\\\/\\\/www.tapasmagazine.es\\\/#organization\",\"name\":\"Tapas Magazine\",\"url\":\"https:\\\/\\\/www.tapasmagazine.es\\\/\",\"logo\":{\"@type\":\"ImageObject\",\"inLanguage\":\"en-US\",\"@id\":\"https:\\\/\\\/www.tapasmagazine.es\\\/#\\\/schema\\\/logo\\\/image\\\/\",\"url\":\"https:\\\/\\\/www.tapasmagazine.es\\\/wp-content\\\/uploads\\\/2018\\\/01\\\/logo.png\",\"contentUrl\":\"https:\\\/\\\/www.tapasmagazine.es\\\/wp-content\\\/uploads\\\/2018\\\/01\\\/logo.png\",\"width\":180,\"height\":60,\"caption\":\"Tapas Magazine\"},\"image\":{\"@id\":\"https:\\\/\\\/www.tapasmagazine.es\\\/#\\\/schema\\\/logo\\\/image\\\/\"},\"sameAs\":[\"https:\\\/\\\/www.facebook.com\\\/tapasmagazine\",\"https:\\\/\\\/x.com\\\/TapasMagazine\",\"https:\\\/\\\/www.instagram.com\\\/tapasmagazine\\\/\",\"https:\\\/\\\/www.linkedin.com\\\/company\\\/tapas-magazine\",\"https:\\\/\\\/es.pinterest.com\\\/tapasmagazine\\\/\",\"https:\\\/\\\/www.youtube.com\\\/channel\\\/UCEyxneAaACuR0lfDagrWjjg?sub_confirmation=1\"]},{\"@type\":\"Person\",\"@id\":\"https:\\\/\\\/www.tapasmagazine.es\\\/#\\\/schema\\\/person\\\/dddb3bce6f98f2124c204b901d74a14b\",\"name\":\"Tapas \\\/ EP\",\"url\":\"https:\\\/\\\/www.tapasmagazine.es\\\/en\\\/author\\\/tapasep\\\/\"}]}<\/script>\n<!-- \/ Yoast SEO plugin. -->","yoast_head_json":{"title":"Econom\u00eda.- El Gobierno concluye la aprobaci\u00f3n del paquete normativo para el desarrollo de la nueva PAC en Espa\u00f1a - Tapas","description":"El Consejo de Ministros ha aprobado este martes los dos \u00faltimos reales decretos que completan el paquete normativo de acompa\u00f1amiento para el desarrollo de","robots":{"index":"index","follow":"follow","max-snippet":"max-snippet:-1","max-image-preview":"max-image-preview:large","max-video-preview":"max-video-preview:-1"},"canonical":"https:\/\/www.tapasmagazine.es\/en\/economia-el-gobierno-concluye-la-aprobacion-del-paquete-normativo-para-el-desarrollo-de-la-nueva-pac-en-espana\/","og_locale":"en_US","og_type":"article","og_title":"Econom\u00eda.- El Gobierno concluye la aprobaci\u00f3n del paquete normativo para el desarrollo de la nueva PAC en Espa\u00f1a - Tapas","og_description":"El Consejo de Ministros ha aprobado este martes los dos \u00faltimos reales decretos que completan el paquete normativo de acompa\u00f1amiento para el desarrollo de","og_url":"https:\/\/www.tapasmagazine.es\/en\/economia-el-gobierno-concluye-la-aprobacion-del-paquete-normativo-para-el-desarrollo-de-la-nueva-pac-en-espana\/","og_site_name":"Tapas","article_publisher":"https:\/\/www.facebook.com\/tapasmagazine","article_published_time":"2023-02-28T12:53:10+00:00","article_modified_time":"2023-02-28T13:41:59+00:00","og_image":[{"width":2560,"height":1672,"url":"https:\/\/www.tapasmagazine.es\/wp-content\/uploads\/2023\/02\/fotonoticia_20230228135310_9999-scaled.jpg","type":"image\/jpeg"}],"author":"Tapas \/ EP","twitter_card":"summary_large_image","twitter_creator":"@TapasMagazine","twitter_site":"@TapasMagazine","twitter_misc":{"Written by":"Tapas \/ EP","Est. reading time":"4 minutes"},"schema":{"@context":"https:\/\/schema.org","@graph":[{"@type":"Article","@id":"https:\/\/www.tapasmagazine.es\/en\/economia-el-gobierno-concluye-la-aprobacion-del-paquete-normativo-para-el-desarrollo-de-la-nueva-pac-en-espana\/#article","isPartOf":{"@id":"https:\/\/www.tapasmagazine.es\/en\/economia-el-gobierno-concluye-la-aprobacion-del-paquete-normativo-para-el-desarrollo-de-la-nueva-pac-en-espana\/"},"author":{"name":"Tapas \/ EP","@id":"https:\/\/www.tapasmagazine.es\/#\/schema\/person\/dddb3bce6f98f2124c204b901d74a14b"},"headline":"Econom\u00eda.- El Gobierno concluye la aprobaci\u00f3n del paquete normativo para el desarrollo de la nueva PAC en Espa\u00f1a","datePublished":"2023-02-28T12:53:10+00:00","dateModified":"2023-02-28T13:41:59+00:00","mainEntityOfPage":{"@id":"https:\/\/www.tapasmagazine.es\/en\/economia-el-gobierno-concluye-la-aprobacion-del-paquete-normativo-para-el-desarrollo-de-la-nueva-pac-en-espana\/"},"wordCount":814,"publisher":{"@id":"https:\/\/www.tapasmagazine.es\/#organization"},"image":{"@id":"https:\/\/www.tapasmagazine.es\/en\/economia-el-gobierno-concluye-la-aprobacion-del-paquete-normativo-para-el-desarrollo-de-la-nueva-pac-en-espana\/#primaryimage"},"thumbnailUrl":"https:\/\/www.tapasmagazine.es\/wp-content\/uploads\/2023\/02\/fotonoticia_20230228135310_9999-scaled.jpg","articleSection":["\u00daltima hora"],"inLanguage":"en-US"},{"@type":"WebPage","@id":"https:\/\/www.tapasmagazine.es\/en\/economia-el-gobierno-concluye-la-aprobacion-del-paquete-normativo-para-el-desarrollo-de-la-nueva-pac-en-espana\/","url":"https:\/\/www.tapasmagazine.es\/en\/economia-el-gobierno-concluye-la-aprobacion-del-paquete-normativo-para-el-desarrollo-de-la-nueva-pac-en-espana\/","name":"Econom\u00eda.- El Gobierno concluye la aprobaci\u00f3n del paquete normativo para el desarrollo de la nueva PAC en Espa\u00f1a - Tapas","isPartOf":{"@id":"https:\/\/www.tapasmagazine.es\/#website"},"primaryImageOfPage":{"@id":"https:\/\/www.tapasmagazine.es\/en\/economia-el-gobierno-concluye-la-aprobacion-del-paquete-normativo-para-el-desarrollo-de-la-nueva-pac-en-espana\/#primaryimage"},"image":{"@id":"https:\/\/www.tapasmagazine.es\/en\/economia-el-gobierno-concluye-la-aprobacion-del-paquete-normativo-para-el-desarrollo-de-la-nueva-pac-en-espana\/#primaryimage"},"thumbnailUrl":"https:\/\/www.tapasmagazine.es\/wp-content\/uploads\/2023\/02\/fotonoticia_20230228135310_9999-scaled.jpg","datePublished":"2023-02-28T12:53:10+00:00","dateModified":"2023-02-28T13:41:59+00:00","description":"El Consejo de Ministros ha aprobado este martes los dos \u00faltimos reales decretos que completan el paquete normativo de acompa\u00f1amiento para el desarrollo de","breadcrumb":{"@id":"https:\/\/www.tapasmagazine.es\/en\/economia-el-gobierno-concluye-la-aprobacion-del-paquete-normativo-para-el-desarrollo-de-la-nueva-pac-en-espana\/#breadcrumb"},"inLanguage":"en-US","potentialAction":[{"@type":"ReadAction","target":["https:\/\/www.tapasmagazine.es\/en\/economia-el-gobierno-concluye-la-aprobacion-del-paquete-normativo-para-el-desarrollo-de-la-nueva-pac-en-espana\/"]}]},{"@type":"ImageObject","inLanguage":"en-US","@id":"https:\/\/www.tapasmagazine.es\/en\/economia-el-gobierno-concluye-la-aprobacion-del-paquete-normativo-para-el-desarrollo-de-la-nueva-pac-en-espana\/#primaryimage","url":"https:\/\/www.tapasmagazine.es\/wp-content\/uploads\/2023\/02\/fotonoticia_20230228135310_9999-scaled.jpg","contentUrl":"https:\/\/www.tapasmagazine.es\/wp-content\/uploads\/2023\/02\/fotonoticia_20230228135310_9999-scaled.jpg","width":2560,"height":1672},{"@type":"BreadcrumbList","@id":"https:\/\/www.tapasmagazine.es\/en\/economia-el-gobierno-concluye-la-aprobacion-del-paquete-normativo-para-el-desarrollo-de-la-nueva-pac-en-espana\/#breadcrumb","itemListElement":[{"@type":"ListItem","position":1,"name":"Portada","item":"https:\/\/www.tapasmagazine.es\/"},{"@type":"ListItem","position":2,"name":"Sin categorizar","item":"https:\/\/www.tapasmagazine.es\/categorias\/sin-categorizar-2\/"},{"@type":"ListItem","position":3,"name":"Econom\u00eda.- El Gobierno concluye la aprobaci\u00f3n del paquete normativo para el desarrollo de la nueva PAC en Espa\u00f1a"}]},{"@type":"WebSite","@id":"https:\/\/www.tapasmagazine.es\/#website","url":"https:\/\/www.tapasmagazine.es\/","name":"Tapas","description":"\u00d1am \u00d1am Lifestyle. La vida a bocados. Premio Nacional de Gastronom\u00eda 2016.","publisher":{"@id":"https:\/\/www.tapasmagazine.es\/#organization"},"potentialAction":[{"@type":"SearchAction","target":{"@type":"EntryPoint","urlTemplate":"https:\/\/www.tapasmagazine.es\/?s={search_term_string}"},"query-input":{"@type":"PropertyValueSpecification","valueRequired":true,"valueName":"search_term_string"}}],"inLanguage":"en-US"},{"@type":"Organization","@id":"https:\/\/www.tapasmagazine.es\/#organization","name":"Tapas Magazine","url":"https:\/\/www.tapasmagazine.es\/","logo":{"@type":"ImageObject","inLanguage":"en-US","@id":"https:\/\/www.tapasmagazine.es\/#\/schema\/logo\/image\/","url":"https:\/\/www.tapasmagazine.es\/wp-content\/uploads\/2018\/01\/logo.png","contentUrl":"https:\/\/www.tapasmagazine.es\/wp-content\/uploads\/2018\/01\/logo.png","width":180,"height":60,"caption":"Tapas Magazine"},"image":{"@id":"https:\/\/www.tapasmagazine.es\/#\/schema\/logo\/image\/"},"sameAs":["https:\/\/www.facebook.com\/tapasmagazine","https:\/\/x.com\/TapasMagazine","https:\/\/www.instagram.com\/tapasmagazine\/","https:\/\/www.linkedin.com\/company\/tapas-magazine","https:\/\/es.pinterest.com\/tapasmagazine\/","https:\/\/www.youtube.com\/channel\/UCEyxneAaACuR0lfDagrWjjg?sub_confirmation=1"]},{"@type":"Person","@id":"https:\/\/www.tapasmagazine.es\/#\/schema\/person\/dddb3bce6f98f2124c204b901d74a14b","name":"Tapas \/ EP","url":"https:\/\/www.tapasmagazine.es\/en\/author\/tapasep\/"}]}},"_links":{"self":[{"href":"https:\/\/www.tapasmagazine.es\/en\/wp-json\/wp\/v2\/posts\/176731","targetHints":{"allow":["GET"]}}],"collection":[{"href":"https:\/\/www.tapasmagazine.es\/en\/wp-json\/wp\/v2\/posts"}],"about":[{"href":"https:\/\/www.tapasmagazine.es\/en\/wp-json\/wp\/v2\/types\/post"}],"author":[{"embeddable":true,"href":"https:\/\/www.tapasmagazine.es\/en\/wp-json\/wp\/v2\/users\/277"}],"replies":[{"embeddable":true,"href":"https:\/\/www.tapasmagazine.es\/en\/wp-json\/wp\/v2\/comments?post=176731"}],"version-history":[{"count":1,"href":"https:\/\/www.tapasmagazine.es\/en\/wp-json\/wp\/v2\/posts\/176731\/revisions"}],"predecessor-version":[{"id":176732,"href":"https:\/\/www.tapasmagazine.es\/en\/wp-json\/wp\/v2\/posts\/176731\/revisions\/176732"}],"wp:featuredmedia":[{"embeddable":true,"href":"https:\/\/www.tapasmagazine.es\/en\/wp-json\/wp\/v2\/media\/176733"}],"wp:attachment":[{"href":"https:\/\/www.tapasmagazine.es\/en\/wp-json\/wp\/v2\/media?parent=176731"}],"wp:term":[{"taxonomy":"category","embeddable":true,"href":"https:\/\/www.tapasmagazine.es\/en\/wp-json\/wp\/v2\/categories?post=176731"},{"taxonomy":"post_tag","embeddable":true,"href":"https:\/\/www.tapasmagazine.es\/en\/wp-json\/wp\/v2\/tags?post=176731"}],"curies":[{"name":"wp","href":"https:\/\/api.w.org\/{rel}","templated":true}]}}