{"id":176727,"date":"2023-02-28T13:55:55","date_gmt":"2023-02-28T12:55:55","guid":{"rendered":"https:\/\/www.tapasmagazine.es\/?p=176727"},"modified":"2023-02-28T14:41:56","modified_gmt":"2023-02-28T13:41:56","slug":"economia-el-gobierno-designa-el-laboratorio-de-algete-centro-de-referencia-nacional-de-enfermedades-de-los-animales","status":"publish","type":"post","link":"https:\/\/www.tapasmagazine.es\/en\/economia-el-gobierno-designa-el-laboratorio-de-algete-centro-de-referencia-nacional-de-enfermedades-de-los-animales\/","title":{"rendered":"Econom\u00eda.- El Gobierno designa el laboratorio de Algete centro de referencia nacional de enfermedades de los animales"},"content":{"rendered":"<p>El Consejo de Ministros ha aprobado este martes un real decreto<br \/>\npor el que se designa laboratorio nacional de referencia de distintas<br \/>\nenfermedades de los animales el laboratorio central de veterinaria del Ministerio de Agricultura, Pesca y Alimentaci\u00f3n ubicado en Algete (Madrid).<\/p>\n<p>   En concreto, Agricultura ha recordado que el centro de Algete ya ven\u00eda actuando como laboratorio de referencia por designaci\u00f3n del Gobierno recogida en diversa normativa sobre sanidad animal.<\/p>\n<p>   Esta normativa ha quedado obsoleta por la entrada en vigor del Reglamento 2016\/429 del Parlamento Europeo y del Consejo, de 9 de marzo de 2016, relativo a las enfermedades transmisibles de los animales, por el que se modifican o derogan algunos actos en materia de sanidad animal y la normativa derivada del mismo, as\u00ed como distintas directivas comunitarias.<\/p>\n<p>   El real decreto aprobado hoy deroga las normas nacionales que hab\u00edan quedado obsoletas y realiza una nueva designaci\u00f3n de laboratorio de referencia para diferentes enfermedades y pat\u00f3genos animales.<\/p>\n<p>   La designaci\u00f3n de laboratorios nacionales de referencia, competencia de los gobiernos nacionales de los Estados miembros de la Uni\u00f3n Europea, se regula actualmente en el Reglamento 2017\/625 del Parlamento Europeo y del Consejo, de 15 de marzo de 2017, relativo a los controles y otras actividades oficiales realizados para garantizar la aplicaci\u00f3n de la legislaci\u00f3n sobre alimentos y piensos, y de las normas sobre salud y bienestar de los animales y sanidad vegetal.<\/p>\n","protected":false},"excerpt":{"rendered":"<p>El Consejo de Ministros ha aprobado este martes un real decreto por el que se designa laboratorio nacional de referencia de distintas enfermedades de los animales el laboratorio central de veterinaria del Ministerio de Agricultura, Pesca y Alimentaci\u00f3n ubicado en Algete (Madrid). En concreto, Agricultura ha recordado que el centro de Algete ya ven\u00eda actuando [&hellip;]<\/p>\n","protected":false},"author":277,"featured_media":176729,"comment_status":"close","ping_status":"","sticky":false,"template":"single-feature.php","format":"standard","meta":{"_acf_changed":false,"footnotes":""},"categories":[15645],"tags":[],"class_list":["post-176727","post","type-post","status-publish","format-standard","has-post-thumbnail","hentry","category-ultima-hora","cat-15645-id"],"acf":[],"yoast_head":"<!-- This site is optimized with the Yoast SEO plugin v27.4 - https:\/\/yoast.com\/product\/yoast-seo-wordpress\/ -->\n<title>Econom\u00eda.- El Gobierno designa el laboratorio de Algete centro de referencia nacional de enfermedades de los animales - Tapas<\/title>\n<meta name=\"description\" content=\"El Consejo de Ministros ha aprobado este martes un real decreto por el que se designa laboratorio nacional de referencia de distintas enfermedades de los\" \/>\n<meta name=\"robots\" content=\"index, follow, max-snippet:-1, max-image-preview:large, max-video-preview:-1\" \/>\n<link rel=\"canonical\" href=\"https:\/\/www.tapasmagazine.es\/en\/economia-el-gobierno-designa-el-laboratorio-de-algete-centro-de-referencia-nacional-de-enfermedades-de-los-animales\/\" \/>\n<meta property=\"og:locale\" content=\"en_US\" \/>\n<meta property=\"og:type\" content=\"article\" \/>\n<meta property=\"og:title\" content=\"Econom\u00eda.- El Gobierno designa el laboratorio de Algete centro de referencia nacional de enfermedades de los animales - Tapas\" \/>\n<meta property=\"og:description\" content=\"El Consejo de Ministros ha aprobado este martes un real decreto por el que se designa laboratorio nacional de referencia de distintas enfermedades de los\" \/>\n<meta property=\"og:url\" content=\"https:\/\/www.tapasmagazine.es\/en\/economia-el-gobierno-designa-el-laboratorio-de-algete-centro-de-referencia-nacional-de-enfermedades-de-los-animales\/\" \/>\n<meta property=\"og:site_name\" content=\"Tapas\" \/>\n<meta property=\"article:publisher\" content=\"https:\/\/www.facebook.com\/tapasmagazine\" \/>\n<meta property=\"article:published_time\" content=\"2023-02-28T12:55:55+00:00\" \/>\n<meta property=\"article:modified_time\" content=\"2023-02-28T13:41:56+00:00\" \/>\n<meta property=\"og:image\" content=\"https:\/\/www.tapasmagazine.es\/wp-content\/uploads\/2023\/02\/fotonoticia_20230228135555_9999-scaled.jpg\" \/>\n\t<meta property=\"og:image:width\" content=\"2560\" \/>\n\t<meta property=\"og:image:height\" content=\"1775\" \/>\n\t<meta property=\"og:image:type\" content=\"image\/jpeg\" \/>\n<meta name=\"author\" content=\"Tapas \/ EP\" \/>\n<meta name=\"twitter:card\" content=\"summary_large_image\" \/>\n<meta name=\"twitter:creator\" content=\"@TapasMagazine\" \/>\n<meta name=\"twitter:site\" content=\"@TapasMagazine\" \/>\n<meta name=\"twitter:label1\" content=\"Written by\" \/>\n\t<meta name=\"twitter:data1\" content=\"Tapas \/ EP\" \/>\n\t<meta name=\"twitter:label2\" content=\"Est. reading time\" \/>\n\t<meta name=\"twitter:data2\" content=\"1 minute\" \/>\n<script type=\"application\/ld+json\" class=\"yoast-schema-graph\">{\"@context\":\"https:\\\/\\\/schema.org\",\"@graph\":[{\"@type\":\"Article\",\"@id\":\"https:\\\/\\\/www.tapasmagazine.es\\\/en\\\/economia-el-gobierno-designa-el-laboratorio-de-algete-centro-de-referencia-nacional-de-enfermedades-de-los-animales\\\/#article\",\"isPartOf\":{\"@id\":\"https:\\\/\\\/www.tapasmagazine.es\\\/en\\\/economia-el-gobierno-designa-el-laboratorio-de-algete-centro-de-referencia-nacional-de-enfermedades-de-los-animales\\\/\"},\"author\":{\"name\":\"Tapas \\\/ EP\",\"@id\":\"https:\\\/\\\/www.tapasmagazine.es\\\/#\\\/schema\\\/person\\\/dddb3bce6f98f2124c204b901d74a14b\"},\"headline\":\"Econom\u00eda.- El Gobierno designa el laboratorio de Algete centro de referencia nacional de enfermedades de los animales\",\"datePublished\":\"2023-02-28T12:55:55+00:00\",\"dateModified\":\"2023-02-28T13:41:56+00:00\",\"mainEntityOfPage\":{\"@id\":\"https:\\\/\\\/www.tapasmagazine.es\\\/en\\\/economia-el-gobierno-designa-el-laboratorio-de-algete-centro-de-referencia-nacional-de-enfermedades-de-los-animales\\\/\"},\"wordCount\":252,\"publisher\":{\"@id\":\"https:\\\/\\\/www.tapasmagazine.es\\\/#organization\"},\"image\":{\"@id\":\"https:\\\/\\\/www.tapasmagazine.es\\\/en\\\/economia-el-gobierno-designa-el-laboratorio-de-algete-centro-de-referencia-nacional-de-enfermedades-de-los-animales\\\/#primaryimage\"},\"thumbnailUrl\":\"https:\\\/\\\/www.tapasmagazine.es\\\/wp-content\\\/uploads\\\/2023\\\/02\\\/fotonoticia_20230228135555_9999-scaled.jpg\",\"articleSection\":[\"\u00daltima hora\"],\"inLanguage\":\"en-US\"},{\"@type\":\"WebPage\",\"@id\":\"https:\\\/\\\/www.tapasmagazine.es\\\/en\\\/economia-el-gobierno-designa-el-laboratorio-de-algete-centro-de-referencia-nacional-de-enfermedades-de-los-animales\\\/\",\"url\":\"https:\\\/\\\/www.tapasmagazine.es\\\/en\\\/economia-el-gobierno-designa-el-laboratorio-de-algete-centro-de-referencia-nacional-de-enfermedades-de-los-animales\\\/\",\"name\":\"Econom\u00eda.- El Gobierno designa el laboratorio de Algete centro de referencia nacional de enfermedades de los animales - Tapas\",\"isPartOf\":{\"@id\":\"https:\\\/\\\/www.tapasmagazine.es\\\/#website\"},\"primaryImageOfPage\":{\"@id\":\"https:\\\/\\\/www.tapasmagazine.es\\\/en\\\/economia-el-gobierno-designa-el-laboratorio-de-algete-centro-de-referencia-nacional-de-enfermedades-de-los-animales\\\/#primaryimage\"},\"image\":{\"@id\":\"https:\\\/\\\/www.tapasmagazine.es\\\/en\\\/economia-el-gobierno-designa-el-laboratorio-de-algete-centro-de-referencia-nacional-de-enfermedades-de-los-animales\\\/#primaryimage\"},\"thumbnailUrl\":\"https:\\\/\\\/www.tapasmagazine.es\\\/wp-content\\\/uploads\\\/2023\\\/02\\\/fotonoticia_20230228135555_9999-scaled.jpg\",\"datePublished\":\"2023-02-28T12:55:55+00:00\",\"dateModified\":\"2023-02-28T13:41:56+00:00\",\"description\":\"El Consejo de Ministros ha aprobado este martes un real decreto por el que se designa laboratorio nacional de referencia de distintas enfermedades de los\",\"breadcrumb\":{\"@id\":\"https:\\\/\\\/www.tapasmagazine.es\\\/en\\\/economia-el-gobierno-designa-el-laboratorio-de-algete-centro-de-referencia-nacional-de-enfermedades-de-los-animales\\\/#breadcrumb\"},\"inLanguage\":\"en-US\",\"potentialAction\":[{\"@type\":\"ReadAction\",\"target\":[\"https:\\\/\\\/www.tapasmagazine.es\\\/en\\\/economia-el-gobierno-designa-el-laboratorio-de-algete-centro-de-referencia-nacional-de-enfermedades-de-los-animales\\\/\"]}]},{\"@type\":\"ImageObject\",\"inLanguage\":\"en-US\",\"@id\":\"https:\\\/\\\/www.tapasmagazine.es\\\/en\\\/economia-el-gobierno-designa-el-laboratorio-de-algete-centro-de-referencia-nacional-de-enfermedades-de-los-animales\\\/#primaryimage\",\"url\":\"https:\\\/\\\/www.tapasmagazine.es\\\/wp-content\\\/uploads\\\/2023\\\/02\\\/fotonoticia_20230228135555_9999-scaled.jpg\",\"contentUrl\":\"https:\\\/\\\/www.tapasmagazine.es\\\/wp-content\\\/uploads\\\/2023\\\/02\\\/fotonoticia_20230228135555_9999-scaled.jpg\",\"width\":2560,\"height\":1775},{\"@type\":\"BreadcrumbList\",\"@id\":\"https:\\\/\\\/www.tapasmagazine.es\\\/en\\\/economia-el-gobierno-designa-el-laboratorio-de-algete-centro-de-referencia-nacional-de-enfermedades-de-los-animales\\\/#breadcrumb\",\"itemListElement\":[{\"@type\":\"ListItem\",\"position\":1,\"name\":\"Portada\",\"item\":\"https:\\\/\\\/www.tapasmagazine.es\\\/\"},{\"@type\":\"ListItem\",\"position\":2,\"name\":\"Sin categorizar\",\"item\":\"https:\\\/\\\/www.tapasmagazine.es\\\/categorias\\\/sin-categorizar-2\\\/\"},{\"@type\":\"ListItem\",\"position\":3,\"name\":\"Econom\u00eda.- El Gobierno designa el laboratorio de Algete centro de referencia nacional de enfermedades de los animales\"}]},{\"@type\":\"WebSite\",\"@id\":\"https:\\\/\\\/www.tapasmagazine.es\\\/#website\",\"url\":\"https:\\\/\\\/www.tapasmagazine.es\\\/\",\"name\":\"Tapas\",\"description\":\"\u00d1am \u00d1am Lifestyle. La vida a bocados. Premio Nacional de Gastronom\u00eda 2016.\",\"publisher\":{\"@id\":\"https:\\\/\\\/www.tapasmagazine.es\\\/#organization\"},\"potentialAction\":[{\"@type\":\"SearchAction\",\"target\":{\"@type\":\"EntryPoint\",\"urlTemplate\":\"https:\\\/\\\/www.tapasmagazine.es\\\/?s={search_term_string}\"},\"query-input\":{\"@type\":\"PropertyValueSpecification\",\"valueRequired\":true,\"valueName\":\"search_term_string\"}}],\"inLanguage\":\"en-US\"},{\"@type\":\"Organization\",\"@id\":\"https:\\\/\\\/www.tapasmagazine.es\\\/#organization\",\"name\":\"Tapas Magazine\",\"url\":\"https:\\\/\\\/www.tapasmagazine.es\\\/\",\"logo\":{\"@type\":\"ImageObject\",\"inLanguage\":\"en-US\",\"@id\":\"https:\\\/\\\/www.tapasmagazine.es\\\/#\\\/schema\\\/logo\\\/image\\\/\",\"url\":\"https:\\\/\\\/www.tapasmagazine.es\\\/wp-content\\\/uploads\\\/2018\\\/01\\\/logo.png\",\"contentUrl\":\"https:\\\/\\\/www.tapasmagazine.es\\\/wp-content\\\/uploads\\\/2018\\\/01\\\/logo.png\",\"width\":180,\"height\":60,\"caption\":\"Tapas Magazine\"},\"image\":{\"@id\":\"https:\\\/\\\/www.tapasmagazine.es\\\/#\\\/schema\\\/logo\\\/image\\\/\"},\"sameAs\":[\"https:\\\/\\\/www.facebook.com\\\/tapasmagazine\",\"https:\\\/\\\/x.com\\\/TapasMagazine\",\"https:\\\/\\\/www.instagram.com\\\/tapasmagazine\\\/\",\"https:\\\/\\\/www.linkedin.com\\\/company\\\/tapas-magazine\",\"https:\\\/\\\/es.pinterest.com\\\/tapasmagazine\\\/\",\"https:\\\/\\\/www.youtube.com\\\/channel\\\/UCEyxneAaACuR0lfDagrWjjg?sub_confirmation=1\"]},{\"@type\":\"Person\",\"@id\":\"https:\\\/\\\/www.tapasmagazine.es\\\/#\\\/schema\\\/person\\\/dddb3bce6f98f2124c204b901d74a14b\",\"name\":\"Tapas \\\/ EP\",\"url\":\"https:\\\/\\\/www.tapasmagazine.es\\\/en\\\/author\\\/tapasep\\\/\"}]}<\/script>\n<!-- \/ Yoast SEO plugin. -->","yoast_head_json":{"title":"Econom\u00eda.- El Gobierno designa el laboratorio de Algete centro de referencia nacional de enfermedades de los animales - Tapas","description":"El Consejo de Ministros ha aprobado este martes un real decreto por el que se designa laboratorio nacional de referencia de distintas enfermedades de los","robots":{"index":"index","follow":"follow","max-snippet":"max-snippet:-1","max-image-preview":"max-image-preview:large","max-video-preview":"max-video-preview:-1"},"canonical":"https:\/\/www.tapasmagazine.es\/en\/economia-el-gobierno-designa-el-laboratorio-de-algete-centro-de-referencia-nacional-de-enfermedades-de-los-animales\/","og_locale":"en_US","og_type":"article","og_title":"Econom\u00eda.- El Gobierno designa el laboratorio de Algete centro de referencia nacional de enfermedades de los animales - Tapas","og_description":"El Consejo de Ministros ha aprobado este martes un real decreto por el que se designa laboratorio nacional de referencia de distintas enfermedades de los","og_url":"https:\/\/www.tapasmagazine.es\/en\/economia-el-gobierno-designa-el-laboratorio-de-algete-centro-de-referencia-nacional-de-enfermedades-de-los-animales\/","og_site_name":"Tapas","article_publisher":"https:\/\/www.facebook.com\/tapasmagazine","article_published_time":"2023-02-28T12:55:55+00:00","article_modified_time":"2023-02-28T13:41:56+00:00","og_image":[{"width":2560,"height":1775,"url":"https:\/\/www.tapasmagazine.es\/wp-content\/uploads\/2023\/02\/fotonoticia_20230228135555_9999-scaled.jpg","type":"image\/jpeg"}],"author":"Tapas \/ EP","twitter_card":"summary_large_image","twitter_creator":"@TapasMagazine","twitter_site":"@TapasMagazine","twitter_misc":{"Written by":"Tapas \/ EP","Est. reading time":"1 minute"},"schema":{"@context":"https:\/\/schema.org","@graph":[{"@type":"Article","@id":"https:\/\/www.tapasmagazine.es\/en\/economia-el-gobierno-designa-el-laboratorio-de-algete-centro-de-referencia-nacional-de-enfermedades-de-los-animales\/#article","isPartOf":{"@id":"https:\/\/www.tapasmagazine.es\/en\/economia-el-gobierno-designa-el-laboratorio-de-algete-centro-de-referencia-nacional-de-enfermedades-de-los-animales\/"},"author":{"name":"Tapas \/ EP","@id":"https:\/\/www.tapasmagazine.es\/#\/schema\/person\/dddb3bce6f98f2124c204b901d74a14b"},"headline":"Econom\u00eda.- El Gobierno designa el laboratorio de Algete centro de referencia nacional de enfermedades de los animales","datePublished":"2023-02-28T12:55:55+00:00","dateModified":"2023-02-28T13:41:56+00:00","mainEntityOfPage":{"@id":"https:\/\/www.tapasmagazine.es\/en\/economia-el-gobierno-designa-el-laboratorio-de-algete-centro-de-referencia-nacional-de-enfermedades-de-los-animales\/"},"wordCount":252,"publisher":{"@id":"https:\/\/www.tapasmagazine.es\/#organization"},"image":{"@id":"https:\/\/www.tapasmagazine.es\/en\/economia-el-gobierno-designa-el-laboratorio-de-algete-centro-de-referencia-nacional-de-enfermedades-de-los-animales\/#primaryimage"},"thumbnailUrl":"https:\/\/www.tapasmagazine.es\/wp-content\/uploads\/2023\/02\/fotonoticia_20230228135555_9999-scaled.jpg","articleSection":["\u00daltima hora"],"inLanguage":"en-US"},{"@type":"WebPage","@id":"https:\/\/www.tapasmagazine.es\/en\/economia-el-gobierno-designa-el-laboratorio-de-algete-centro-de-referencia-nacional-de-enfermedades-de-los-animales\/","url":"https:\/\/www.tapasmagazine.es\/en\/economia-el-gobierno-designa-el-laboratorio-de-algete-centro-de-referencia-nacional-de-enfermedades-de-los-animales\/","name":"Econom\u00eda.- El Gobierno designa el laboratorio de Algete centro de referencia nacional de enfermedades de los animales - Tapas","isPartOf":{"@id":"https:\/\/www.tapasmagazine.es\/#website"},"primaryImageOfPage":{"@id":"https:\/\/www.tapasmagazine.es\/en\/economia-el-gobierno-designa-el-laboratorio-de-algete-centro-de-referencia-nacional-de-enfermedades-de-los-animales\/#primaryimage"},"image":{"@id":"https:\/\/www.tapasmagazine.es\/en\/economia-el-gobierno-designa-el-laboratorio-de-algete-centro-de-referencia-nacional-de-enfermedades-de-los-animales\/#primaryimage"},"thumbnailUrl":"https:\/\/www.tapasmagazine.es\/wp-content\/uploads\/2023\/02\/fotonoticia_20230228135555_9999-scaled.jpg","datePublished":"2023-02-28T12:55:55+00:00","dateModified":"2023-02-28T13:41:56+00:00","description":"El Consejo de Ministros ha aprobado este martes un real decreto por el que se designa laboratorio nacional de referencia de distintas enfermedades de los","breadcrumb":{"@id":"https:\/\/www.tapasmagazine.es\/en\/economia-el-gobierno-designa-el-laboratorio-de-algete-centro-de-referencia-nacional-de-enfermedades-de-los-animales\/#breadcrumb"},"inLanguage":"en-US","potentialAction":[{"@type":"ReadAction","target":["https:\/\/www.tapasmagazine.es\/en\/economia-el-gobierno-designa-el-laboratorio-de-algete-centro-de-referencia-nacional-de-enfermedades-de-los-animales\/"]}]},{"@type":"ImageObject","inLanguage":"en-US","@id":"https:\/\/www.tapasmagazine.es\/en\/economia-el-gobierno-designa-el-laboratorio-de-algete-centro-de-referencia-nacional-de-enfermedades-de-los-animales\/#primaryimage","url":"https:\/\/www.tapasmagazine.es\/wp-content\/uploads\/2023\/02\/fotonoticia_20230228135555_9999-scaled.jpg","contentUrl":"https:\/\/www.tapasmagazine.es\/wp-content\/uploads\/2023\/02\/fotonoticia_20230228135555_9999-scaled.jpg","width":2560,"height":1775},{"@type":"BreadcrumbList","@id":"https:\/\/www.tapasmagazine.es\/en\/economia-el-gobierno-designa-el-laboratorio-de-algete-centro-de-referencia-nacional-de-enfermedades-de-los-animales\/#breadcrumb","itemListElement":[{"@type":"ListItem","position":1,"name":"Portada","item":"https:\/\/www.tapasmagazine.es\/"},{"@type":"ListItem","position":2,"name":"Sin categorizar","item":"https:\/\/www.tapasmagazine.es\/categorias\/sin-categorizar-2\/"},{"@type":"ListItem","position":3,"name":"Econom\u00eda.- El Gobierno designa el laboratorio de Algete centro de referencia nacional de enfermedades de los animales"}]},{"@type":"WebSite","@id":"https:\/\/www.tapasmagazine.es\/#website","url":"https:\/\/www.tapasmagazine.es\/","name":"Tapas","description":"\u00d1am \u00d1am Lifestyle. La vida a bocados. Premio Nacional de Gastronom\u00eda 2016.","publisher":{"@id":"https:\/\/www.tapasmagazine.es\/#organization"},"potentialAction":[{"@type":"SearchAction","target":{"@type":"EntryPoint","urlTemplate":"https:\/\/www.tapasmagazine.es\/?s={search_term_string}"},"query-input":{"@type":"PropertyValueSpecification","valueRequired":true,"valueName":"search_term_string"}}],"inLanguage":"en-US"},{"@type":"Organization","@id":"https:\/\/www.tapasmagazine.es\/#organization","name":"Tapas Magazine","url":"https:\/\/www.tapasmagazine.es\/","logo":{"@type":"ImageObject","inLanguage":"en-US","@id":"https:\/\/www.tapasmagazine.es\/#\/schema\/logo\/image\/","url":"https:\/\/www.tapasmagazine.es\/wp-content\/uploads\/2018\/01\/logo.png","contentUrl":"https:\/\/www.tapasmagazine.es\/wp-content\/uploads\/2018\/01\/logo.png","width":180,"height":60,"caption":"Tapas Magazine"},"image":{"@id":"https:\/\/www.tapasmagazine.es\/#\/schema\/logo\/image\/"},"sameAs":["https:\/\/www.facebook.com\/tapasmagazine","https:\/\/x.com\/TapasMagazine","https:\/\/www.instagram.com\/tapasmagazine\/","https:\/\/www.linkedin.com\/company\/tapas-magazine","https:\/\/es.pinterest.com\/tapasmagazine\/","https:\/\/www.youtube.com\/channel\/UCEyxneAaACuR0lfDagrWjjg?sub_confirmation=1"]},{"@type":"Person","@id":"https:\/\/www.tapasmagazine.es\/#\/schema\/person\/dddb3bce6f98f2124c204b901d74a14b","name":"Tapas \/ EP","url":"https:\/\/www.tapasmagazine.es\/en\/author\/tapasep\/"}]}},"_links":{"self":[{"href":"https:\/\/www.tapasmagazine.es\/en\/wp-json\/wp\/v2\/posts\/176727","targetHints":{"allow":["GET"]}}],"collection":[{"href":"https:\/\/www.tapasmagazine.es\/en\/wp-json\/wp\/v2\/posts"}],"about":[{"href":"https:\/\/www.tapasmagazine.es\/en\/wp-json\/wp\/v2\/types\/post"}],"author":[{"embeddable":true,"href":"https:\/\/www.tapasmagazine.es\/en\/wp-json\/wp\/v2\/users\/277"}],"replies":[{"embeddable":true,"href":"https:\/\/www.tapasmagazine.es\/en\/wp-json\/wp\/v2\/comments?post=176727"}],"version-history":[{"count":1,"href":"https:\/\/www.tapasmagazine.es\/en\/wp-json\/wp\/v2\/posts\/176727\/revisions"}],"predecessor-version":[{"id":176728,"href":"https:\/\/www.tapasmagazine.es\/en\/wp-json\/wp\/v2\/posts\/176727\/revisions\/176728"}],"wp:featuredmedia":[{"embeddable":true,"href":"https:\/\/www.tapasmagazine.es\/en\/wp-json\/wp\/v2\/media\/176729"}],"wp:attachment":[{"href":"https:\/\/www.tapasmagazine.es\/en\/wp-json\/wp\/v2\/media?parent=176727"}],"wp:term":[{"taxonomy":"category","embeddable":true,"href":"https:\/\/www.tapasmagazine.es\/en\/wp-json\/wp\/v2\/categories?post=176727"},{"taxonomy":"post_tag","embeddable":true,"href":"https:\/\/www.tapasmagazine.es\/en\/wp-json\/wp\/v2\/tags?post=176727"}],"curies":[{"name":"wp","href":"https:\/\/api.w.org\/{rel}","templated":true}]}}