{"id":176710,"date":"2023-02-28T12:47:31","date_gmt":"2023-02-28T11:47:31","guid":{"rendered":"https:\/\/www.tapasmagazine.es\/?p=176710"},"modified":"2023-02-28T13:11:56","modified_gmt":"2023-02-28T12:11:56","slug":"economia-los-pescadores-afrontan-con-incertidumbre-pero-esperanzados-la-costera-de-la-anchoa-la-mayor-en-13-anos","status":"publish","type":"post","link":"https:\/\/www.tapasmagazine.es\/en\/economia-los-pescadores-afrontan-con-incertidumbre-pero-esperanzados-la-costera-de-la-anchoa-la-mayor-en-13-anos\/","title":{"rendered":"Econom\u00eda.- Los pescadores afrontan con &#8220;incertidumbre&#8221;, pero &#8220;esperanzados&#8221; la costera de la anchoa, la mayor en 13 a\u00f1os"},"content":{"rendered":"<p>Los pescadores c\u00e1ntabros afrontan con la &#8220;incertidumbre&#8221;, pero &#8220;esperanzados&#8221; la costera de la anchoa, que se abre este mi\u00e9rcoles, 1 de marzo, para buques de cerco del Cant\u00e1brico Noroeste con una cuota de casi 30.200 toneladas, la m\u00e1s alta disponible para Espa\u00f1a desde la reapertura de la pesquer\u00eda en 2010, hace 13 a\u00f1os.<\/p>\n<p>   El presidente de las Cofrad\u00edas de Pescadores de Cantabria, C\u00e9sar Nantes, ha explicado en declaraciones a Europa Press que la pesquer\u00eda de la anchoa se presenta este a\u00f1o con la &#8220;incertidumbre&#8221; de los precios del combustible. &#8220;Vamos a tener que salir todos los d\u00edas mirando cu\u00e1nto nos cuesta el gas\u00f3leo&#8221;, ha se\u00f1alado, apuntando que el incremento de gastos por este motivo el a\u00f1o pasado fue superior 70%.<\/p>\n<p>   El Gobierno modific\u00f3 la ayuda directa de 20 c\u00e9ntimos al litro de combustible consumido por otra por modalidad de barco &#8211;cerco, arrastre, etc\u00e9tera&#8211; y eslora, que los pescadores han comenzado a solicitar a partir del 13 de febrero, si bien Nantes consideraba &#8220;m\u00e1s justa&#8221; la primera.<\/p>\n<p>   Al respecto, ha subrayado que el pescador no puede transmitir al consumidor ese aumento de costes porque el pescado de subasta a la baja y depende del precio que el comprador quiera pagar. De este modo, si los pescadores tienen m\u00e1s gastos, &#8220;no influye, sino si hay m\u00e1s o menos pescados para que el precio sea m\u00e1s o menos&#8221; elevado.<\/p>\n<p>   En este sentido, los pescadores tambi\u00e9n salen &#8220;esperanzados&#8221; por  buena situaci\u00f3n biol\u00f3gica de la anchoa, en niveles de biomasa de los m\u00e1s elevados en la serie hist\u00f3rica seg\u00fan los informes cient\u00edficos, y &#8220;confiados&#8221; en poder pescar la que es especie principal para la flota de cerco.<\/p>\n<p>   Adem\u00e1s, este a\u00f1o por primera vez, en una de las tres pesquer\u00edas fundamentales para la flota de cerco como es el chicharro, solo se puede hacer pesca accidental y no dirigida. Con lo que los pescadores esperan que el aumento de la cuota de la anchoa sirva &#8220;para compensar lo que no podemos pescar de chicharro, sobre todo a partir del 1 de julio&#8221; y por ello la intenci\u00f3n es prolongar la pesquer\u00eda de la anchoa hasta el 30 noviembre, &#8220;porque el hecho de no tener chicharro nos obliga a depender casi exclusivamente de la anchoa&#8221;.<\/p>\n<p>   Nantes ha recordado que el precio medio de la anchoa subi\u00f3 el a\u00f1o pasado cinco c\u00e9ntimos el kilo, &#8220;bastante rid\u00edculo&#8221;, a pesar del aumento de costes y de que la pesca era de calidad, m\u00e1s grande, &#8220;y a\u00fan as\u00ed no le hemos sacado rendimiento&#8221;.<\/p>\n<p>   Al hilo, ha apuntado que los pescadores buscan &#8220;la anchoa de mayor calidad&#8221;, si bien dentro de m\u00e1s de 30.000 toneladas &#8220;tiene que haber de todo&#8221;. &#8220;Esperamos que este a\u00f1o el porcentaje de pesca grande sea mayor porque m\u00e1s se nos paga, y el pescador no quiere pescar kilos sino euros&#8221;.<\/p>\n<p>PESQUER\u00cdA<\/p>\n<p>   La pesquer\u00eda de la anchoa para buques de cerco del Cant\u00e1brico Noroeste se abre este mi\u00e9rcoles, 1 de marzo, con una cuota de casi 30.200 toneladas, la m\u00e1s alta disponible para Espa\u00f1a desde la reapertura de la pesquer\u00eda en 2010.<\/p>\n<p>   Seg\u00fan la resoluci\u00f3n del Ministerio de Agricultura, Pesca y Alimentaci\u00f3n publicada este martes en el Bolet\u00edn Oficial del Estado (BOE), la pesquer\u00eda dar\u00e1 comienzo a partir de las 0.00 horas del 1 de marzo y finalizar\u00e1 a las 0.00 horas del 30 de noviembre.<\/p>\n<p>   La cuota adaptada 2023, tras la deducci\u00f3n de la multa por la sobrepesca de caballa de 2009 y las cesiones realizadas entre Francia y Espa\u00f1a para la gesti\u00f3n de la pesquer\u00eda de la anchoa del Golfo de Vizcaya en 2023 es de 30.182.200 kilogramos.<\/p>\n<p>   En cuanto a los topes m\u00e1ximos de capturas y desembarques, para el mes de marzo ser\u00e1 de 8.000 kilogramos por buque y d\u00eda para las embarcaciones de m\u00e1s de 120 GT o que tengan 12 o m\u00e1s tripulantes enrolados, y de 6.400 kilogramos por buque y d\u00eda para el resto de embarcaciones. La talla ser\u00e1 de 60 piezas por kilogramo, con una tolerancia del 10%, y todo ello con el fin de pescar anchoa m\u00e1s grande.<\/p>\n<p>   En abril, mayo y junio, el tope ser\u00e1 de 10.000 kilogramos por buque y d\u00eda para las embarcaciones de m\u00e1s de 120 GT o que tengan 12 o m\u00e1s tripulantes enrolados, y de 8.000 kilogramos por buque y d\u00eda para el resto de embarcaciones. La talla ser\u00e1 de 60 piezas por kilogramo, con una tolerancia del 10%.<\/p>\n<p>   Durante el segundo semestre, del 1 de julio al 30 de noviembre, los topes m\u00e1ximos de capturas y desembarques ser\u00e1n de 5.000 y 4.000 kilogramos por embarcaci\u00f3n y d\u00eda, para cada uno de los grupos de buques definidos con anterioridad.<\/p>\n<p>   El consumo de la cuota se realizar\u00e1 distribuyendo el 85% del total de la disponible para Espa\u00f1a en 2023 para el primer semestre, y el 15% restante para el segundo, al no poderse pescar chicharro. Dentro de \u00e9ste \u00faltimo, un 10% ser\u00e1 para los meses de julio y agosto, y el 5% restante desde el 1 de septiembre hasta el cierre de la pesquer\u00eda.<\/p>\n<p>   En el supuesto de que no se consuma totalmente la cuota del primer semestre, el sobrante pasar\u00e1 a incrementar lo disponible en el segundo semestre.<\/p>\n<p>   El stock de anchoa en la zona 8 del CIEM, la conocida como anchoa del Cant\u00e1brico o del Golfo de Vizcaya, es muy relevante para la flota espa\u00f1ola, que cuenta con una gesti\u00f3n mediante TAC establecido por la Uni\u00f3n Europea, repartido entre Espa\u00f1a y Francia.<\/p>\n<p>BUENA SITUACI\u00d3N BIOL\u00d3GICA<\/p>\n<p>   En la actualidad se encuentra en una buena situaci\u00f3n biol\u00f3gica, en niveles de biomasa de los m\u00e1s elevados en la serie hist\u00f3rica como se\u00f1ala el \u00faltimo informe cient\u00edfico, tras el cierre que hubo que establecer de la pesquer\u00eda entre el a\u00f1o 2005 y 2009.<\/p>\n<p>   Para 2023 se ha alcanzado el Acuerdo entre Espa\u00f1a y Francia para la gesti\u00f3n de la pesquer\u00eda de la anchoa del Golfo de Vizcaya en 2023-Acuerdo de Guetaria, que supone algunos intercambios y ajustes de cuotas entre ambos pa\u00edses.<\/p>\n<p>   Adem\u00e1s, 2023 es el \u00faltimo a\u00f1o en el que existe una deducci\u00f3n para Espa\u00f1a de 180 toneladas de esta cuota de anchoa 8 por la sobrepesca de caballa del a\u00f1o 2009 &#8211;ya no existe deducci\u00f3n de cuota de caballa en este 2023 por este motivo&#8211;, cifra notablemente inferior a la que se ha venido aplicando de 3.696 toneladas de deducci\u00f3n de cuota de anchoa 8 para Espa\u00f1a en los \u00faltimos a\u00f1os.<\/p>\n<p>   Con todo ello, para 2023 la cuota total disponible de anchoa 8 para Espa\u00f1a se sit\u00faa en 30.182,2 toneladas, la cifra m\u00e1s alta de cuota disponible para este pa\u00eds desde la reapertura de la pesquer\u00eda en el a\u00f1o 2010.<\/p>\n<p>   Esta disponibilidad, unida a la disminuci\u00f3n de la cuota de jurel en 2023 &#8211;ambas especies principales para la rentabilidad de la flota de cerco del Cant\u00e1brico y Noroeste&#8211; hace que se considere necesario plantear algunas variaciones respecto a la gesti\u00f3n de esta cuota realizada en a\u00f1os en anteriores.<\/p>\n<p>   Respecto a la gesti\u00f3n de la pesquer\u00eda, el Ministerio ha recibido una propuesta conjunta por parte de la pr\u00e1ctica totalidad del sector pesquero de cerco del Cant\u00e1brico y Noroeste mediante Opescant\u00e1brico (Asociaci\u00f3n de Organizaciones de Productores de Pesca del Cant\u00e1brico) que es adem\u00e1s el que ha celebrado el acuerdo con el sector franc\u00e9s.<\/p>\n<p>   Esta asociaci\u00f3n considera necesaria una regulaci\u00f3n de la pesquer\u00eda en t\u00e9rminos parecidos a los que lo ha sido en a\u00f1os anteriores para la flota de cerco del Cant\u00e1brico y Noroeste, si bien ha planteado algunos cambios. As\u00ed, dada la mayor disponibilidad de cuota, se ha propuesto que se var\u00eden un poco los topes establecidos en a\u00f1os anteriores para regular el consumo de la cuota, a la vez que se ha considerado pertinente distribuir el 85% de la cuota para el primer semestre y el 15% para el segundo semestre.<\/p>\n<p>   Ello permite seguir manteniendo el equilibrio establecido entre ambos semestres, suponiendo un incremento de casi 3.000 toneladas de cuota respecto al 2022 para el primer semestre (incluso superando el 100% de la cuota total disponible que tuvo Espa\u00f1a para todo el a\u00f1o 2022) y de casi 2.000 toneladas de incremento para el segundo semestre.<\/p>\n","protected":false},"excerpt":{"rendered":"<p>Los pescadores c\u00e1ntabros afrontan con la &#8220;incertidumbre&#8221;, pero &#8220;esperanzados&#8221; la costera de la anchoa, que se abre este mi\u00e9rcoles, 1 de marzo, para buques de cerco del Cant\u00e1brico Noroeste con una cuota de casi 30.200 toneladas, la m\u00e1s alta disponible para Espa\u00f1a desde la reapertura de la pesquer\u00eda en 2010, hace 13 a\u00f1os. El presidente [&hellip;]<\/p>\n","protected":false},"author":277,"featured_media":176712,"comment_status":"close","ping_status":"","sticky":false,"template":"single-feature.php","format":"standard","meta":{"_acf_changed":false,"footnotes":""},"categories":[15645],"tags":[],"class_list":["post-176710","post","type-post","status-publish","format-standard","has-post-thumbnail","hentry","category-ultima-hora","cat-15645-id"],"acf":[],"yoast_head":"<!-- This site is optimized with the Yoast SEO plugin v27.4 - https:\/\/yoast.com\/product\/yoast-seo-wordpress\/ -->\n<title>Econom\u00eda.- Los pescadores afrontan con &quot;incertidumbre&quot;, pero &quot;esperanzados&quot; la costera de la anchoa, la mayor en 13 a\u00f1os - Tapas<\/title>\n<meta name=\"description\" content=\"Los pescadores c\u00e1ntabros afrontan con la &quot;incertidumbre&quot;, pero &quot;esperanzados&quot; la costera de la anchoa, que se abre este mi\u00e9rcoles, 1 de marzo, para buques\" \/>\n<meta name=\"robots\" content=\"index, follow, max-snippet:-1, max-image-preview:large, max-video-preview:-1\" \/>\n<link rel=\"canonical\" href=\"https:\/\/www.tapasmagazine.es\/en\/economia-los-pescadores-afrontan-con-incertidumbre-pero-esperanzados-la-costera-de-la-anchoa-la-mayor-en-13-anos\/\" \/>\n<meta property=\"og:locale\" content=\"en_US\" \/>\n<meta property=\"og:type\" content=\"article\" \/>\n<meta property=\"og:title\" content=\"Econom\u00eda.- Los pescadores afrontan con &quot;incertidumbre&quot;, pero &quot;esperanzados&quot; la costera de la anchoa, la mayor en 13 a\u00f1os - Tapas\" \/>\n<meta property=\"og:description\" content=\"Los pescadores c\u00e1ntabros afrontan con la &quot;incertidumbre&quot;, pero &quot;esperanzados&quot; la costera de la anchoa, que se abre este mi\u00e9rcoles, 1 de marzo, para buques\" \/>\n<meta property=\"og:url\" content=\"https:\/\/www.tapasmagazine.es\/en\/economia-los-pescadores-afrontan-con-incertidumbre-pero-esperanzados-la-costera-de-la-anchoa-la-mayor-en-13-anos\/\" \/>\n<meta property=\"og:site_name\" content=\"Tapas\" \/>\n<meta property=\"article:publisher\" content=\"https:\/\/www.facebook.com\/tapasmagazine\" \/>\n<meta property=\"article:published_time\" content=\"2023-02-28T11:47:31+00:00\" \/>\n<meta property=\"article:modified_time\" content=\"2023-02-28T12:11:56+00:00\" \/>\n<meta property=\"og:image\" content=\"https:\/\/www.tapasmagazine.es\/wp-content\/uploads\/2023\/02\/fotonoticia_20230228124731_9999-scaled.jpg\" \/>\n\t<meta property=\"og:image:width\" content=\"2560\" \/>\n\t<meta property=\"og:image:height\" content=\"1745\" \/>\n\t<meta property=\"og:image:type\" content=\"image\/jpeg\" \/>\n<meta name=\"author\" content=\"Tapas \/ EP\" \/>\n<meta name=\"twitter:card\" content=\"summary_large_image\" \/>\n<meta name=\"twitter:creator\" content=\"@TapasMagazine\" \/>\n<meta name=\"twitter:site\" content=\"@TapasMagazine\" \/>\n<meta name=\"twitter:label1\" content=\"Written by\" \/>\n\t<meta name=\"twitter:data1\" content=\"Tapas \/ EP\" \/>\n\t<meta name=\"twitter:label2\" content=\"Est. reading time\" \/>\n\t<meta name=\"twitter:data2\" content=\"7 minutes\" \/>\n<script type=\"application\/ld+json\" class=\"yoast-schema-graph\">{\"@context\":\"https:\\\/\\\/schema.org\",\"@graph\":[{\"@type\":\"Article\",\"@id\":\"https:\\\/\\\/www.tapasmagazine.es\\\/en\\\/economia-los-pescadores-afrontan-con-incertidumbre-pero-esperanzados-la-costera-de-la-anchoa-la-mayor-en-13-anos\\\/#article\",\"isPartOf\":{\"@id\":\"https:\\\/\\\/www.tapasmagazine.es\\\/en\\\/economia-los-pescadores-afrontan-con-incertidumbre-pero-esperanzados-la-costera-de-la-anchoa-la-mayor-en-13-anos\\\/\"},\"author\":{\"name\":\"Tapas \\\/ EP\",\"@id\":\"https:\\\/\\\/www.tapasmagazine.es\\\/#\\\/schema\\\/person\\\/dddb3bce6f98f2124c204b901d74a14b\"},\"headline\":\"Econom\u00eda.- Los pescadores afrontan con &#8220;incertidumbre&#8221;, pero &#8220;esperanzados&#8221; la costera de la anchoa, la mayor en 13 a\u00f1os\",\"datePublished\":\"2023-02-28T11:47:31+00:00\",\"dateModified\":\"2023-02-28T12:11:56+00:00\",\"mainEntityOfPage\":{\"@id\":\"https:\\\/\\\/www.tapasmagazine.es\\\/en\\\/economia-los-pescadores-afrontan-con-incertidumbre-pero-esperanzados-la-costera-de-la-anchoa-la-mayor-en-13-anos\\\/\"},\"wordCount\":1424,\"publisher\":{\"@id\":\"https:\\\/\\\/www.tapasmagazine.es\\\/#organization\"},\"image\":{\"@id\":\"https:\\\/\\\/www.tapasmagazine.es\\\/en\\\/economia-los-pescadores-afrontan-con-incertidumbre-pero-esperanzados-la-costera-de-la-anchoa-la-mayor-en-13-anos\\\/#primaryimage\"},\"thumbnailUrl\":\"https:\\\/\\\/www.tapasmagazine.es\\\/wp-content\\\/uploads\\\/2023\\\/02\\\/fotonoticia_20230228124731_9999-scaled.jpg\",\"articleSection\":[\"\u00daltima hora\"],\"inLanguage\":\"en-US\"},{\"@type\":\"WebPage\",\"@id\":\"https:\\\/\\\/www.tapasmagazine.es\\\/en\\\/economia-los-pescadores-afrontan-con-incertidumbre-pero-esperanzados-la-costera-de-la-anchoa-la-mayor-en-13-anos\\\/\",\"url\":\"https:\\\/\\\/www.tapasmagazine.es\\\/en\\\/economia-los-pescadores-afrontan-con-incertidumbre-pero-esperanzados-la-costera-de-la-anchoa-la-mayor-en-13-anos\\\/\",\"name\":\"Econom\u00eda.- Los pescadores afrontan con \\\"incertidumbre\\\", pero \\\"esperanzados\\\" la costera de la anchoa, la mayor en 13 a\u00f1os - Tapas\",\"isPartOf\":{\"@id\":\"https:\\\/\\\/www.tapasmagazine.es\\\/#website\"},\"primaryImageOfPage\":{\"@id\":\"https:\\\/\\\/www.tapasmagazine.es\\\/en\\\/economia-los-pescadores-afrontan-con-incertidumbre-pero-esperanzados-la-costera-de-la-anchoa-la-mayor-en-13-anos\\\/#primaryimage\"},\"image\":{\"@id\":\"https:\\\/\\\/www.tapasmagazine.es\\\/en\\\/economia-los-pescadores-afrontan-con-incertidumbre-pero-esperanzados-la-costera-de-la-anchoa-la-mayor-en-13-anos\\\/#primaryimage\"},\"thumbnailUrl\":\"https:\\\/\\\/www.tapasmagazine.es\\\/wp-content\\\/uploads\\\/2023\\\/02\\\/fotonoticia_20230228124731_9999-scaled.jpg\",\"datePublished\":\"2023-02-28T11:47:31+00:00\",\"dateModified\":\"2023-02-28T12:11:56+00:00\",\"description\":\"Los pescadores c\u00e1ntabros afrontan con la \\\"incertidumbre\\\", pero \\\"esperanzados\\\" la costera de la anchoa, que se abre este mi\u00e9rcoles, 1 de marzo, para buques\",\"breadcrumb\":{\"@id\":\"https:\\\/\\\/www.tapasmagazine.es\\\/en\\\/economia-los-pescadores-afrontan-con-incertidumbre-pero-esperanzados-la-costera-de-la-anchoa-la-mayor-en-13-anos\\\/#breadcrumb\"},\"inLanguage\":\"en-US\",\"potentialAction\":[{\"@type\":\"ReadAction\",\"target\":[\"https:\\\/\\\/www.tapasmagazine.es\\\/en\\\/economia-los-pescadores-afrontan-con-incertidumbre-pero-esperanzados-la-costera-de-la-anchoa-la-mayor-en-13-anos\\\/\"]}]},{\"@type\":\"ImageObject\",\"inLanguage\":\"en-US\",\"@id\":\"https:\\\/\\\/www.tapasmagazine.es\\\/en\\\/economia-los-pescadores-afrontan-con-incertidumbre-pero-esperanzados-la-costera-de-la-anchoa-la-mayor-en-13-anos\\\/#primaryimage\",\"url\":\"https:\\\/\\\/www.tapasmagazine.es\\\/wp-content\\\/uploads\\\/2023\\\/02\\\/fotonoticia_20230228124731_9999-scaled.jpg\",\"contentUrl\":\"https:\\\/\\\/www.tapasmagazine.es\\\/wp-content\\\/uploads\\\/2023\\\/02\\\/fotonoticia_20230228124731_9999-scaled.jpg\",\"width\":2560,\"height\":1745},{\"@type\":\"BreadcrumbList\",\"@id\":\"https:\\\/\\\/www.tapasmagazine.es\\\/en\\\/economia-los-pescadores-afrontan-con-incertidumbre-pero-esperanzados-la-costera-de-la-anchoa-la-mayor-en-13-anos\\\/#breadcrumb\",\"itemListElement\":[{\"@type\":\"ListItem\",\"position\":1,\"name\":\"Portada\",\"item\":\"https:\\\/\\\/www.tapasmagazine.es\\\/\"},{\"@type\":\"ListItem\",\"position\":2,\"name\":\"Sin categorizar\",\"item\":\"https:\\\/\\\/www.tapasmagazine.es\\\/categorias\\\/sin-categorizar-2\\\/\"},{\"@type\":\"ListItem\",\"position\":3,\"name\":\"Econom\u00eda.- Los pescadores afrontan con \u00abincertidumbre\u00bb, pero \u00abesperanzados\u00bb la costera de la anchoa, la mayor en 13 a\u00f1os\"}]},{\"@type\":\"WebSite\",\"@id\":\"https:\\\/\\\/www.tapasmagazine.es\\\/#website\",\"url\":\"https:\\\/\\\/www.tapasmagazine.es\\\/\",\"name\":\"Tapas\",\"description\":\"\u00d1am \u00d1am Lifestyle. La vida a bocados. Premio Nacional de Gastronom\u00eda 2016.\",\"publisher\":{\"@id\":\"https:\\\/\\\/www.tapasmagazine.es\\\/#organization\"},\"potentialAction\":[{\"@type\":\"SearchAction\",\"target\":{\"@type\":\"EntryPoint\",\"urlTemplate\":\"https:\\\/\\\/www.tapasmagazine.es\\\/?s={search_term_string}\"},\"query-input\":{\"@type\":\"PropertyValueSpecification\",\"valueRequired\":true,\"valueName\":\"search_term_string\"}}],\"inLanguage\":\"en-US\"},{\"@type\":\"Organization\",\"@id\":\"https:\\\/\\\/www.tapasmagazine.es\\\/#organization\",\"name\":\"Tapas Magazine\",\"url\":\"https:\\\/\\\/www.tapasmagazine.es\\\/\",\"logo\":{\"@type\":\"ImageObject\",\"inLanguage\":\"en-US\",\"@id\":\"https:\\\/\\\/www.tapasmagazine.es\\\/#\\\/schema\\\/logo\\\/image\\\/\",\"url\":\"https:\\\/\\\/www.tapasmagazine.es\\\/wp-content\\\/uploads\\\/2018\\\/01\\\/logo.png\",\"contentUrl\":\"https:\\\/\\\/www.tapasmagazine.es\\\/wp-content\\\/uploads\\\/2018\\\/01\\\/logo.png\",\"width\":180,\"height\":60,\"caption\":\"Tapas Magazine\"},\"image\":{\"@id\":\"https:\\\/\\\/www.tapasmagazine.es\\\/#\\\/schema\\\/logo\\\/image\\\/\"},\"sameAs\":[\"https:\\\/\\\/www.facebook.com\\\/tapasmagazine\",\"https:\\\/\\\/x.com\\\/TapasMagazine\",\"https:\\\/\\\/www.instagram.com\\\/tapasmagazine\\\/\",\"https:\\\/\\\/www.linkedin.com\\\/company\\\/tapas-magazine\",\"https:\\\/\\\/es.pinterest.com\\\/tapasmagazine\\\/\",\"https:\\\/\\\/www.youtube.com\\\/channel\\\/UCEyxneAaACuR0lfDagrWjjg?sub_confirmation=1\"]},{\"@type\":\"Person\",\"@id\":\"https:\\\/\\\/www.tapasmagazine.es\\\/#\\\/schema\\\/person\\\/dddb3bce6f98f2124c204b901d74a14b\",\"name\":\"Tapas \\\/ EP\",\"url\":\"https:\\\/\\\/www.tapasmagazine.es\\\/en\\\/author\\\/tapasep\\\/\"}]}<\/script>\n<!-- \/ Yoast SEO plugin. -->","yoast_head_json":{"title":"Econom\u00eda.- Los pescadores afrontan con \"incertidumbre\", pero \"esperanzados\" la costera de la anchoa, la mayor en 13 a\u00f1os - Tapas","description":"Los pescadores c\u00e1ntabros afrontan con la \"incertidumbre\", pero \"esperanzados\" la costera de la anchoa, que se abre este mi\u00e9rcoles, 1 de marzo, para buques","robots":{"index":"index","follow":"follow","max-snippet":"max-snippet:-1","max-image-preview":"max-image-preview:large","max-video-preview":"max-video-preview:-1"},"canonical":"https:\/\/www.tapasmagazine.es\/en\/economia-los-pescadores-afrontan-con-incertidumbre-pero-esperanzados-la-costera-de-la-anchoa-la-mayor-en-13-anos\/","og_locale":"en_US","og_type":"article","og_title":"Econom\u00eda.- Los pescadores afrontan con \"incertidumbre\", pero \"esperanzados\" la costera de la anchoa, la mayor en 13 a\u00f1os - Tapas","og_description":"Los pescadores c\u00e1ntabros afrontan con la \"incertidumbre\", pero \"esperanzados\" la costera de la anchoa, que se abre este mi\u00e9rcoles, 1 de marzo, para buques","og_url":"https:\/\/www.tapasmagazine.es\/en\/economia-los-pescadores-afrontan-con-incertidumbre-pero-esperanzados-la-costera-de-la-anchoa-la-mayor-en-13-anos\/","og_site_name":"Tapas","article_publisher":"https:\/\/www.facebook.com\/tapasmagazine","article_published_time":"2023-02-28T11:47:31+00:00","article_modified_time":"2023-02-28T12:11:56+00:00","og_image":[{"width":2560,"height":1745,"url":"https:\/\/www.tapasmagazine.es\/wp-content\/uploads\/2023\/02\/fotonoticia_20230228124731_9999-scaled.jpg","type":"image\/jpeg"}],"author":"Tapas \/ EP","twitter_card":"summary_large_image","twitter_creator":"@TapasMagazine","twitter_site":"@TapasMagazine","twitter_misc":{"Written by":"Tapas \/ EP","Est. reading time":"7 minutes"},"schema":{"@context":"https:\/\/schema.org","@graph":[{"@type":"Article","@id":"https:\/\/www.tapasmagazine.es\/en\/economia-los-pescadores-afrontan-con-incertidumbre-pero-esperanzados-la-costera-de-la-anchoa-la-mayor-en-13-anos\/#article","isPartOf":{"@id":"https:\/\/www.tapasmagazine.es\/en\/economia-los-pescadores-afrontan-con-incertidumbre-pero-esperanzados-la-costera-de-la-anchoa-la-mayor-en-13-anos\/"},"author":{"name":"Tapas \/ EP","@id":"https:\/\/www.tapasmagazine.es\/#\/schema\/person\/dddb3bce6f98f2124c204b901d74a14b"},"headline":"Econom\u00eda.- Los pescadores afrontan con &#8220;incertidumbre&#8221;, pero &#8220;esperanzados&#8221; la costera de la anchoa, la mayor en 13 a\u00f1os","datePublished":"2023-02-28T11:47:31+00:00","dateModified":"2023-02-28T12:11:56+00:00","mainEntityOfPage":{"@id":"https:\/\/www.tapasmagazine.es\/en\/economia-los-pescadores-afrontan-con-incertidumbre-pero-esperanzados-la-costera-de-la-anchoa-la-mayor-en-13-anos\/"},"wordCount":1424,"publisher":{"@id":"https:\/\/www.tapasmagazine.es\/#organization"},"image":{"@id":"https:\/\/www.tapasmagazine.es\/en\/economia-los-pescadores-afrontan-con-incertidumbre-pero-esperanzados-la-costera-de-la-anchoa-la-mayor-en-13-anos\/#primaryimage"},"thumbnailUrl":"https:\/\/www.tapasmagazine.es\/wp-content\/uploads\/2023\/02\/fotonoticia_20230228124731_9999-scaled.jpg","articleSection":["\u00daltima hora"],"inLanguage":"en-US"},{"@type":"WebPage","@id":"https:\/\/www.tapasmagazine.es\/en\/economia-los-pescadores-afrontan-con-incertidumbre-pero-esperanzados-la-costera-de-la-anchoa-la-mayor-en-13-anos\/","url":"https:\/\/www.tapasmagazine.es\/en\/economia-los-pescadores-afrontan-con-incertidumbre-pero-esperanzados-la-costera-de-la-anchoa-la-mayor-en-13-anos\/","name":"Econom\u00eda.- Los pescadores afrontan con \"incertidumbre\", pero \"esperanzados\" la costera de la anchoa, la mayor en 13 a\u00f1os - Tapas","isPartOf":{"@id":"https:\/\/www.tapasmagazine.es\/#website"},"primaryImageOfPage":{"@id":"https:\/\/www.tapasmagazine.es\/en\/economia-los-pescadores-afrontan-con-incertidumbre-pero-esperanzados-la-costera-de-la-anchoa-la-mayor-en-13-anos\/#primaryimage"},"image":{"@id":"https:\/\/www.tapasmagazine.es\/en\/economia-los-pescadores-afrontan-con-incertidumbre-pero-esperanzados-la-costera-de-la-anchoa-la-mayor-en-13-anos\/#primaryimage"},"thumbnailUrl":"https:\/\/www.tapasmagazine.es\/wp-content\/uploads\/2023\/02\/fotonoticia_20230228124731_9999-scaled.jpg","datePublished":"2023-02-28T11:47:31+00:00","dateModified":"2023-02-28T12:11:56+00:00","description":"Los pescadores c\u00e1ntabros afrontan con la \"incertidumbre\", pero \"esperanzados\" la costera de la anchoa, que se abre este mi\u00e9rcoles, 1 de marzo, para buques","breadcrumb":{"@id":"https:\/\/www.tapasmagazine.es\/en\/economia-los-pescadores-afrontan-con-incertidumbre-pero-esperanzados-la-costera-de-la-anchoa-la-mayor-en-13-anos\/#breadcrumb"},"inLanguage":"en-US","potentialAction":[{"@type":"ReadAction","target":["https:\/\/www.tapasmagazine.es\/en\/economia-los-pescadores-afrontan-con-incertidumbre-pero-esperanzados-la-costera-de-la-anchoa-la-mayor-en-13-anos\/"]}]},{"@type":"ImageObject","inLanguage":"en-US","@id":"https:\/\/www.tapasmagazine.es\/en\/economia-los-pescadores-afrontan-con-incertidumbre-pero-esperanzados-la-costera-de-la-anchoa-la-mayor-en-13-anos\/#primaryimage","url":"https:\/\/www.tapasmagazine.es\/wp-content\/uploads\/2023\/02\/fotonoticia_20230228124731_9999-scaled.jpg","contentUrl":"https:\/\/www.tapasmagazine.es\/wp-content\/uploads\/2023\/02\/fotonoticia_20230228124731_9999-scaled.jpg","width":2560,"height":1745},{"@type":"BreadcrumbList","@id":"https:\/\/www.tapasmagazine.es\/en\/economia-los-pescadores-afrontan-con-incertidumbre-pero-esperanzados-la-costera-de-la-anchoa-la-mayor-en-13-anos\/#breadcrumb","itemListElement":[{"@type":"ListItem","position":1,"name":"Portada","item":"https:\/\/www.tapasmagazine.es\/"},{"@type":"ListItem","position":2,"name":"Sin categorizar","item":"https:\/\/www.tapasmagazine.es\/categorias\/sin-categorizar-2\/"},{"@type":"ListItem","position":3,"name":"Econom\u00eda.- Los pescadores afrontan con \u00abincertidumbre\u00bb, pero \u00abesperanzados\u00bb la costera de la anchoa, la mayor en 13 a\u00f1os"}]},{"@type":"WebSite","@id":"https:\/\/www.tapasmagazine.es\/#website","url":"https:\/\/www.tapasmagazine.es\/","name":"Tapas","description":"\u00d1am \u00d1am Lifestyle. La vida a bocados. Premio Nacional de Gastronom\u00eda 2016.","publisher":{"@id":"https:\/\/www.tapasmagazine.es\/#organization"},"potentialAction":[{"@type":"SearchAction","target":{"@type":"EntryPoint","urlTemplate":"https:\/\/www.tapasmagazine.es\/?s={search_term_string}"},"query-input":{"@type":"PropertyValueSpecification","valueRequired":true,"valueName":"search_term_string"}}],"inLanguage":"en-US"},{"@type":"Organization","@id":"https:\/\/www.tapasmagazine.es\/#organization","name":"Tapas Magazine","url":"https:\/\/www.tapasmagazine.es\/","logo":{"@type":"ImageObject","inLanguage":"en-US","@id":"https:\/\/www.tapasmagazine.es\/#\/schema\/logo\/image\/","url":"https:\/\/www.tapasmagazine.es\/wp-content\/uploads\/2018\/01\/logo.png","contentUrl":"https:\/\/www.tapasmagazine.es\/wp-content\/uploads\/2018\/01\/logo.png","width":180,"height":60,"caption":"Tapas Magazine"},"image":{"@id":"https:\/\/www.tapasmagazine.es\/#\/schema\/logo\/image\/"},"sameAs":["https:\/\/www.facebook.com\/tapasmagazine","https:\/\/x.com\/TapasMagazine","https:\/\/www.instagram.com\/tapasmagazine\/","https:\/\/www.linkedin.com\/company\/tapas-magazine","https:\/\/es.pinterest.com\/tapasmagazine\/","https:\/\/www.youtube.com\/channel\/UCEyxneAaACuR0lfDagrWjjg?sub_confirmation=1"]},{"@type":"Person","@id":"https:\/\/www.tapasmagazine.es\/#\/schema\/person\/dddb3bce6f98f2124c204b901d74a14b","name":"Tapas \/ EP","url":"https:\/\/www.tapasmagazine.es\/en\/author\/tapasep\/"}]}},"_links":{"self":[{"href":"https:\/\/www.tapasmagazine.es\/en\/wp-json\/wp\/v2\/posts\/176710","targetHints":{"allow":["GET"]}}],"collection":[{"href":"https:\/\/www.tapasmagazine.es\/en\/wp-json\/wp\/v2\/posts"}],"about":[{"href":"https:\/\/www.tapasmagazine.es\/en\/wp-json\/wp\/v2\/types\/post"}],"author":[{"embeddable":true,"href":"https:\/\/www.tapasmagazine.es\/en\/wp-json\/wp\/v2\/users\/277"}],"replies":[{"embeddable":true,"href":"https:\/\/www.tapasmagazine.es\/en\/wp-json\/wp\/v2\/comments?post=176710"}],"version-history":[{"count":1,"href":"https:\/\/www.tapasmagazine.es\/en\/wp-json\/wp\/v2\/posts\/176710\/revisions"}],"predecessor-version":[{"id":176711,"href":"https:\/\/www.tapasmagazine.es\/en\/wp-json\/wp\/v2\/posts\/176710\/revisions\/176711"}],"wp:featuredmedia":[{"embeddable":true,"href":"https:\/\/www.tapasmagazine.es\/en\/wp-json\/wp\/v2\/media\/176712"}],"wp:attachment":[{"href":"https:\/\/www.tapasmagazine.es\/en\/wp-json\/wp\/v2\/media?parent=176710"}],"wp:term":[{"taxonomy":"category","embeddable":true,"href":"https:\/\/www.tapasmagazine.es\/en\/wp-json\/wp\/v2\/categories?post=176710"},{"taxonomy":"post_tag","embeddable":true,"href":"https:\/\/www.tapasmagazine.es\/en\/wp-json\/wp\/v2\/tags?post=176710"}],"curies":[{"name":"wp","href":"https:\/\/api.w.org\/{rel}","templated":true}]}}