{"id":176701,"date":"2023-02-28T11:56:28","date_gmt":"2023-02-28T10:56:28","guid":{"rendered":"https:\/\/www.tapasmagazine.es\/?p=176701"},"modified":"2023-02-28T12:12:36","modified_gmt":"2023-02-28T11:12:36","slug":"economia-el-juicio-por-el-robo-de-las-botellas-de-atrio-concluye-este-miercoles-con-la-declaracion-de-los-peritos","status":"publish","type":"post","link":"https:\/\/www.tapasmagazine.es\/en\/economia-el-juicio-por-el-robo-de-las-botellas-de-atrio-concluye-este-miercoles-con-la-declaracion-de-los-peritos\/","title":{"rendered":"Econom\u00eda.- El juicio por el robo de las botellas de Atrio concluye este mi\u00e9rcoles con la declaraci\u00f3n de los peritos"},"content":{"rendered":"<p>El juicio por el robo de las botellas de vino en el restaurante Atrio de C\u00e1ceres, que cuenta con tres estrellas Michelin y tres Soles Repsol, concluir\u00e1 este mi\u00e9rcoles, d\u00eda 1 de marzo, con las declaraciones de los cuatro peritos que est\u00e1n llamados a declarar, adem\u00e1s de las conclusiones de la fiscal, la acusaci\u00f3n particular y la abogada defensora de los dos acusados, Constantin Dumitru y Priscila Lara Guevara.<\/p>\n<p>   Los dos acusados se negaron a declarar el pasado lunes y se declararon inocentes pero ahora podr\u00edan acogerse al derecho a tener la \u00faltima palabra antes de que el caso quede visto para sentencia.<\/p>\n<p>   As\u00ed, el pasado lunes se celebr\u00f3 la segunda de las tres jornadas que estableci\u00f3 el tribunal de la Audiencia Provincial de C\u00e1ceres para este juicio por el que han pasado 16 testigos, entre trabajadores del hotel cacere\u00f1o y polic\u00edas que intervinieron en la investigaci\u00f3n de los hechos.<\/p>\n<p>   Solo uno de los trabajadores pudo determinar con exactitud que la acusada era la persona que se aloj\u00f3 en la habitaci\u00f3n 107 la noche del 27 de octubre de 2021 cuando se produjeron los hechos, ya que el resto de testigos no han podido cerciorarlo al cien por cien porque los acusados llevaban mascarilla, peluca y gafas y no tuvieron mucho trato con ellos.<\/p>\n<p>   En cuanto a las declaraciones de los investigadores, las pruebas aportadas por el seguimiento del coche que utilizaron los presuntos ladrones, recogido en c\u00e1maras de tr\u00e1fico abandonando C\u00e1ceres una hora despu\u00e9s del robo, y sus tel\u00e9fonos, ha sido determinante para identificar y localizar a los dos acusados, que en noviembre de 2021 ya se encontraban en La Haya (Pa\u00edses Bajos).<\/p>\n<p>   Del volcado y transcripci\u00f3n de llamadas y mensajes de whastapp de los acusados, seg\u00fan ha declarado el polic\u00eda encargado de esta misi\u00f3n, se deduce que los acusados mantuvieron varias conversaciones en las que hablaron de lo que les estaba costando vender el vino y que lo estaban intentando vender en Estados Unidos.<\/p>\n<p>   As\u00ed, la \u00faltima jornada del juicio prevista para este mi\u00e9rcoles comenzar\u00e1 a las 9.30 horas con la declaraci\u00f3n de los cuatro peritos que est\u00e1n citados en este caso que ha levantado gran expectaci\u00f3n medi\u00e1tica con numerosos medios de comunicaci\u00f3n que est\u00e1n siguiendo el robo de las 45 botellas de vino de lujo, 38 de Roman\u00e9e Conti y siete de Chateau D&#8217;Yquem, una de ellas de 1806, valoradas seg\u00fan la carta del restaurante en m\u00e1s de 1,6 millones de euros.<\/p>\n<p>   Cabe recordar que la fiscal Carmen Barquilla solicita por estos hechos una pena de cuatro a\u00f1os y seis meses de prisi\u00f3n para ambos a los que considera coautores de un delito de robo con fuerza en establecimiento p\u00fablico que reviste una especial gravedad por la elevada cuant\u00eda de los objetos sustra\u00eddos.<\/p>\n<p>   Por su parte, la acusaci\u00f3n particular representada por el abogado Rafael Montes, la aseguradora Reale que lleg\u00f3 a un acuerdo con Atrio y aport\u00f3 una indemnizaci\u00f3n de 753.454 euros, pide el dinero abonado y que aparezcan las botellas.<\/p>\n<p>   Mientras, la abogada defensora Sylvia C\u00f3rdoba mantiene la inocencia de sus clientes, un hombre de nacionalidad rumana y neerlandesa y una mujer de nacionalidad mexicana.<\/p>\n<p>   Ambos fueron detenidos en julio de 2022 en la frontera de Croacia cuando intentaban entrar en el pa\u00eds en coche. A los pocos d\u00edas fueron trasladados a Espa\u00f1a para declarar ante la jueza que decret\u00f3 el ingreso en prisi\u00f3n provisional sin fianza en el centro penitenciario de C\u00e1ceres, donde contin\u00faan desde entonces.<\/p>\n","protected":false},"excerpt":{"rendered":"<p>El juicio por el robo de las botellas de vino en el restaurante Atrio de C\u00e1ceres, que cuenta con tres estrellas Michelin y tres Soles Repsol, concluir\u00e1 este mi\u00e9rcoles, d\u00eda 1 de marzo, con las declaraciones de los cuatro peritos que est\u00e1n llamados a declarar, adem\u00e1s de las conclusiones de la fiscal, la acusaci\u00f3n particular [&hellip;]<\/p>\n","protected":false},"author":277,"featured_media":176703,"comment_status":"close","ping_status":"","sticky":false,"template":"single-feature.php","format":"standard","meta":{"_acf_changed":false,"footnotes":""},"categories":[15645],"tags":[],"class_list":["post-176701","post","type-post","status-publish","format-standard","has-post-thumbnail","hentry","category-ultima-hora","cat-15645-id"],"acf":[],"yoast_head":"<!-- This site is optimized with the Yoast SEO plugin v27.4 - https:\/\/yoast.com\/product\/yoast-seo-wordpress\/ -->\n<title>Econom\u00eda.- El juicio por el robo de las botellas de Atrio concluye este mi\u00e9rcoles con la declaraci\u00f3n de los peritos - Tapas<\/title>\n<meta name=\"description\" content=\"El juicio por el robo de las botellas de vino en el restaurante Atrio de C\u00e1ceres, que cuenta con tres estrellas Michelin y tres Soles Repsol, concluir\u00e1\" \/>\n<meta name=\"robots\" content=\"index, follow, max-snippet:-1, max-image-preview:large, max-video-preview:-1\" \/>\n<link rel=\"canonical\" href=\"https:\/\/www.tapasmagazine.es\/en\/economia-el-juicio-por-el-robo-de-las-botellas-de-atrio-concluye-este-miercoles-con-la-declaracion-de-los-peritos\/\" \/>\n<meta property=\"og:locale\" content=\"en_US\" \/>\n<meta property=\"og:type\" content=\"article\" \/>\n<meta property=\"og:title\" content=\"Econom\u00eda.- El juicio por el robo de las botellas de Atrio concluye este mi\u00e9rcoles con la declaraci\u00f3n de los peritos - Tapas\" \/>\n<meta property=\"og:description\" content=\"El juicio por el robo de las botellas de vino en el restaurante Atrio de C\u00e1ceres, que cuenta con tres estrellas Michelin y tres Soles Repsol, concluir\u00e1\" \/>\n<meta property=\"og:url\" content=\"https:\/\/www.tapasmagazine.es\/en\/economia-el-juicio-por-el-robo-de-las-botellas-de-atrio-concluye-este-miercoles-con-la-declaracion-de-los-peritos\/\" \/>\n<meta property=\"og:site_name\" content=\"Tapas\" \/>\n<meta property=\"article:publisher\" content=\"https:\/\/www.facebook.com\/tapasmagazine\" \/>\n<meta property=\"article:published_time\" content=\"2023-02-28T10:56:28+00:00\" \/>\n<meta property=\"article:modified_time\" content=\"2023-02-28T11:12:36+00:00\" \/>\n<meta property=\"og:image\" content=\"https:\/\/www.tapasmagazine.es\/wp-content\/uploads\/2023\/02\/fotonoticia_20230228115628_9999-scaled.jpg\" \/>\n\t<meta property=\"og:image:width\" content=\"2560\" \/>\n\t<meta property=\"og:image:height\" content=\"1707\" \/>\n\t<meta property=\"og:image:type\" content=\"image\/jpeg\" \/>\n<meta name=\"author\" content=\"Tapas \/ EP\" \/>\n<meta name=\"twitter:card\" content=\"summary_large_image\" \/>\n<meta name=\"twitter:creator\" content=\"@TapasMagazine\" \/>\n<meta name=\"twitter:site\" content=\"@TapasMagazine\" \/>\n<meta name=\"twitter:label1\" content=\"Written by\" \/>\n\t<meta name=\"twitter:data1\" content=\"Tapas \/ EP\" \/>\n\t<meta name=\"twitter:label2\" content=\"Est. reading time\" \/>\n\t<meta name=\"twitter:data2\" content=\"3 minutes\" \/>\n<script type=\"application\/ld+json\" class=\"yoast-schema-graph\">{\"@context\":\"https:\\\/\\\/schema.org\",\"@graph\":[{\"@type\":\"Article\",\"@id\":\"https:\\\/\\\/www.tapasmagazine.es\\\/en\\\/economia-el-juicio-por-el-robo-de-las-botellas-de-atrio-concluye-este-miercoles-con-la-declaracion-de-los-peritos\\\/#article\",\"isPartOf\":{\"@id\":\"https:\\\/\\\/www.tapasmagazine.es\\\/en\\\/economia-el-juicio-por-el-robo-de-las-botellas-de-atrio-concluye-este-miercoles-con-la-declaracion-de-los-peritos\\\/\"},\"author\":{\"name\":\"Tapas \\\/ EP\",\"@id\":\"https:\\\/\\\/www.tapasmagazine.es\\\/#\\\/schema\\\/person\\\/dddb3bce6f98f2124c204b901d74a14b\"},\"headline\":\"Econom\u00eda.- El juicio por el robo de las botellas de Atrio concluye este mi\u00e9rcoles con la declaraci\u00f3n de los peritos\",\"datePublished\":\"2023-02-28T10:56:28+00:00\",\"dateModified\":\"2023-02-28T11:12:36+00:00\",\"mainEntityOfPage\":{\"@id\":\"https:\\\/\\\/www.tapasmagazine.es\\\/en\\\/economia-el-juicio-por-el-robo-de-las-botellas-de-atrio-concluye-este-miercoles-con-la-declaracion-de-los-peritos\\\/\"},\"wordCount\":629,\"publisher\":{\"@id\":\"https:\\\/\\\/www.tapasmagazine.es\\\/#organization\"},\"image\":{\"@id\":\"https:\\\/\\\/www.tapasmagazine.es\\\/en\\\/economia-el-juicio-por-el-robo-de-las-botellas-de-atrio-concluye-este-miercoles-con-la-declaracion-de-los-peritos\\\/#primaryimage\"},\"thumbnailUrl\":\"https:\\\/\\\/www.tapasmagazine.es\\\/wp-content\\\/uploads\\\/2023\\\/02\\\/fotonoticia_20230228115628_9999-scaled.jpg\",\"articleSection\":[\"\u00daltima hora\"],\"inLanguage\":\"en-US\"},{\"@type\":\"WebPage\",\"@id\":\"https:\\\/\\\/www.tapasmagazine.es\\\/en\\\/economia-el-juicio-por-el-robo-de-las-botellas-de-atrio-concluye-este-miercoles-con-la-declaracion-de-los-peritos\\\/\",\"url\":\"https:\\\/\\\/www.tapasmagazine.es\\\/en\\\/economia-el-juicio-por-el-robo-de-las-botellas-de-atrio-concluye-este-miercoles-con-la-declaracion-de-los-peritos\\\/\",\"name\":\"Econom\u00eda.- El juicio por el robo de las botellas de Atrio concluye este mi\u00e9rcoles con la declaraci\u00f3n de los peritos - Tapas\",\"isPartOf\":{\"@id\":\"https:\\\/\\\/www.tapasmagazine.es\\\/#website\"},\"primaryImageOfPage\":{\"@id\":\"https:\\\/\\\/www.tapasmagazine.es\\\/en\\\/economia-el-juicio-por-el-robo-de-las-botellas-de-atrio-concluye-este-miercoles-con-la-declaracion-de-los-peritos\\\/#primaryimage\"},\"image\":{\"@id\":\"https:\\\/\\\/www.tapasmagazine.es\\\/en\\\/economia-el-juicio-por-el-robo-de-las-botellas-de-atrio-concluye-este-miercoles-con-la-declaracion-de-los-peritos\\\/#primaryimage\"},\"thumbnailUrl\":\"https:\\\/\\\/www.tapasmagazine.es\\\/wp-content\\\/uploads\\\/2023\\\/02\\\/fotonoticia_20230228115628_9999-scaled.jpg\",\"datePublished\":\"2023-02-28T10:56:28+00:00\",\"dateModified\":\"2023-02-28T11:12:36+00:00\",\"description\":\"El juicio por el robo de las botellas de vino en el restaurante Atrio de C\u00e1ceres, que cuenta con tres estrellas Michelin y tres Soles Repsol, concluir\u00e1\",\"breadcrumb\":{\"@id\":\"https:\\\/\\\/www.tapasmagazine.es\\\/en\\\/economia-el-juicio-por-el-robo-de-las-botellas-de-atrio-concluye-este-miercoles-con-la-declaracion-de-los-peritos\\\/#breadcrumb\"},\"inLanguage\":\"en-US\",\"potentialAction\":[{\"@type\":\"ReadAction\",\"target\":[\"https:\\\/\\\/www.tapasmagazine.es\\\/en\\\/economia-el-juicio-por-el-robo-de-las-botellas-de-atrio-concluye-este-miercoles-con-la-declaracion-de-los-peritos\\\/\"]}]},{\"@type\":\"ImageObject\",\"inLanguage\":\"en-US\",\"@id\":\"https:\\\/\\\/www.tapasmagazine.es\\\/en\\\/economia-el-juicio-por-el-robo-de-las-botellas-de-atrio-concluye-este-miercoles-con-la-declaracion-de-los-peritos\\\/#primaryimage\",\"url\":\"https:\\\/\\\/www.tapasmagazine.es\\\/wp-content\\\/uploads\\\/2023\\\/02\\\/fotonoticia_20230228115628_9999-scaled.jpg\",\"contentUrl\":\"https:\\\/\\\/www.tapasmagazine.es\\\/wp-content\\\/uploads\\\/2023\\\/02\\\/fotonoticia_20230228115628_9999-scaled.jpg\",\"width\":2560,\"height\":1707},{\"@type\":\"BreadcrumbList\",\"@id\":\"https:\\\/\\\/www.tapasmagazine.es\\\/en\\\/economia-el-juicio-por-el-robo-de-las-botellas-de-atrio-concluye-este-miercoles-con-la-declaracion-de-los-peritos\\\/#breadcrumb\",\"itemListElement\":[{\"@type\":\"ListItem\",\"position\":1,\"name\":\"Portada\",\"item\":\"https:\\\/\\\/www.tapasmagazine.es\\\/\"},{\"@type\":\"ListItem\",\"position\":2,\"name\":\"Sin categorizar\",\"item\":\"https:\\\/\\\/www.tapasmagazine.es\\\/categorias\\\/sin-categorizar-2\\\/\"},{\"@type\":\"ListItem\",\"position\":3,\"name\":\"Econom\u00eda.- El juicio por el robo de las botellas de Atrio concluye este mi\u00e9rcoles con la declaraci\u00f3n de los peritos\"}]},{\"@type\":\"WebSite\",\"@id\":\"https:\\\/\\\/www.tapasmagazine.es\\\/#website\",\"url\":\"https:\\\/\\\/www.tapasmagazine.es\\\/\",\"name\":\"Tapas\",\"description\":\"\u00d1am \u00d1am Lifestyle. La vida a bocados. Premio Nacional de Gastronom\u00eda 2016.\",\"publisher\":{\"@id\":\"https:\\\/\\\/www.tapasmagazine.es\\\/#organization\"},\"potentialAction\":[{\"@type\":\"SearchAction\",\"target\":{\"@type\":\"EntryPoint\",\"urlTemplate\":\"https:\\\/\\\/www.tapasmagazine.es\\\/?s={search_term_string}\"},\"query-input\":{\"@type\":\"PropertyValueSpecification\",\"valueRequired\":true,\"valueName\":\"search_term_string\"}}],\"inLanguage\":\"en-US\"},{\"@type\":\"Organization\",\"@id\":\"https:\\\/\\\/www.tapasmagazine.es\\\/#organization\",\"name\":\"Tapas Magazine\",\"url\":\"https:\\\/\\\/www.tapasmagazine.es\\\/\",\"logo\":{\"@type\":\"ImageObject\",\"inLanguage\":\"en-US\",\"@id\":\"https:\\\/\\\/www.tapasmagazine.es\\\/#\\\/schema\\\/logo\\\/image\\\/\",\"url\":\"https:\\\/\\\/www.tapasmagazine.es\\\/wp-content\\\/uploads\\\/2018\\\/01\\\/logo.png\",\"contentUrl\":\"https:\\\/\\\/www.tapasmagazine.es\\\/wp-content\\\/uploads\\\/2018\\\/01\\\/logo.png\",\"width\":180,\"height\":60,\"caption\":\"Tapas Magazine\"},\"image\":{\"@id\":\"https:\\\/\\\/www.tapasmagazine.es\\\/#\\\/schema\\\/logo\\\/image\\\/\"},\"sameAs\":[\"https:\\\/\\\/www.facebook.com\\\/tapasmagazine\",\"https:\\\/\\\/x.com\\\/TapasMagazine\",\"https:\\\/\\\/www.instagram.com\\\/tapasmagazine\\\/\",\"https:\\\/\\\/www.linkedin.com\\\/company\\\/tapas-magazine\",\"https:\\\/\\\/es.pinterest.com\\\/tapasmagazine\\\/\",\"https:\\\/\\\/www.youtube.com\\\/channel\\\/UCEyxneAaACuR0lfDagrWjjg?sub_confirmation=1\"]},{\"@type\":\"Person\",\"@id\":\"https:\\\/\\\/www.tapasmagazine.es\\\/#\\\/schema\\\/person\\\/dddb3bce6f98f2124c204b901d74a14b\",\"name\":\"Tapas \\\/ EP\",\"url\":\"https:\\\/\\\/www.tapasmagazine.es\\\/en\\\/author\\\/tapasep\\\/\"}]}<\/script>\n<!-- \/ Yoast SEO plugin. -->","yoast_head_json":{"title":"Econom\u00eda.- El juicio por el robo de las botellas de Atrio concluye este mi\u00e9rcoles con la declaraci\u00f3n de los peritos - Tapas","description":"El juicio por el robo de las botellas de vino en el restaurante Atrio de C\u00e1ceres, que cuenta con tres estrellas Michelin y tres Soles Repsol, concluir\u00e1","robots":{"index":"index","follow":"follow","max-snippet":"max-snippet:-1","max-image-preview":"max-image-preview:large","max-video-preview":"max-video-preview:-1"},"canonical":"https:\/\/www.tapasmagazine.es\/en\/economia-el-juicio-por-el-robo-de-las-botellas-de-atrio-concluye-este-miercoles-con-la-declaracion-de-los-peritos\/","og_locale":"en_US","og_type":"article","og_title":"Econom\u00eda.- El juicio por el robo de las botellas de Atrio concluye este mi\u00e9rcoles con la declaraci\u00f3n de los peritos - Tapas","og_description":"El juicio por el robo de las botellas de vino en el restaurante Atrio de C\u00e1ceres, que cuenta con tres estrellas Michelin y tres Soles Repsol, concluir\u00e1","og_url":"https:\/\/www.tapasmagazine.es\/en\/economia-el-juicio-por-el-robo-de-las-botellas-de-atrio-concluye-este-miercoles-con-la-declaracion-de-los-peritos\/","og_site_name":"Tapas","article_publisher":"https:\/\/www.facebook.com\/tapasmagazine","article_published_time":"2023-02-28T10:56:28+00:00","article_modified_time":"2023-02-28T11:12:36+00:00","og_image":[{"width":2560,"height":1707,"url":"https:\/\/www.tapasmagazine.es\/wp-content\/uploads\/2023\/02\/fotonoticia_20230228115628_9999-scaled.jpg","type":"image\/jpeg"}],"author":"Tapas \/ EP","twitter_card":"summary_large_image","twitter_creator":"@TapasMagazine","twitter_site":"@TapasMagazine","twitter_misc":{"Written by":"Tapas \/ EP","Est. reading time":"3 minutes"},"schema":{"@context":"https:\/\/schema.org","@graph":[{"@type":"Article","@id":"https:\/\/www.tapasmagazine.es\/en\/economia-el-juicio-por-el-robo-de-las-botellas-de-atrio-concluye-este-miercoles-con-la-declaracion-de-los-peritos\/#article","isPartOf":{"@id":"https:\/\/www.tapasmagazine.es\/en\/economia-el-juicio-por-el-robo-de-las-botellas-de-atrio-concluye-este-miercoles-con-la-declaracion-de-los-peritos\/"},"author":{"name":"Tapas \/ EP","@id":"https:\/\/www.tapasmagazine.es\/#\/schema\/person\/dddb3bce6f98f2124c204b901d74a14b"},"headline":"Econom\u00eda.- El juicio por el robo de las botellas de Atrio concluye este mi\u00e9rcoles con la declaraci\u00f3n de los peritos","datePublished":"2023-02-28T10:56:28+00:00","dateModified":"2023-02-28T11:12:36+00:00","mainEntityOfPage":{"@id":"https:\/\/www.tapasmagazine.es\/en\/economia-el-juicio-por-el-robo-de-las-botellas-de-atrio-concluye-este-miercoles-con-la-declaracion-de-los-peritos\/"},"wordCount":629,"publisher":{"@id":"https:\/\/www.tapasmagazine.es\/#organization"},"image":{"@id":"https:\/\/www.tapasmagazine.es\/en\/economia-el-juicio-por-el-robo-de-las-botellas-de-atrio-concluye-este-miercoles-con-la-declaracion-de-los-peritos\/#primaryimage"},"thumbnailUrl":"https:\/\/www.tapasmagazine.es\/wp-content\/uploads\/2023\/02\/fotonoticia_20230228115628_9999-scaled.jpg","articleSection":["\u00daltima hora"],"inLanguage":"en-US"},{"@type":"WebPage","@id":"https:\/\/www.tapasmagazine.es\/en\/economia-el-juicio-por-el-robo-de-las-botellas-de-atrio-concluye-este-miercoles-con-la-declaracion-de-los-peritos\/","url":"https:\/\/www.tapasmagazine.es\/en\/economia-el-juicio-por-el-robo-de-las-botellas-de-atrio-concluye-este-miercoles-con-la-declaracion-de-los-peritos\/","name":"Econom\u00eda.- El juicio por el robo de las botellas de Atrio concluye este mi\u00e9rcoles con la declaraci\u00f3n de los peritos - Tapas","isPartOf":{"@id":"https:\/\/www.tapasmagazine.es\/#website"},"primaryImageOfPage":{"@id":"https:\/\/www.tapasmagazine.es\/en\/economia-el-juicio-por-el-robo-de-las-botellas-de-atrio-concluye-este-miercoles-con-la-declaracion-de-los-peritos\/#primaryimage"},"image":{"@id":"https:\/\/www.tapasmagazine.es\/en\/economia-el-juicio-por-el-robo-de-las-botellas-de-atrio-concluye-este-miercoles-con-la-declaracion-de-los-peritos\/#primaryimage"},"thumbnailUrl":"https:\/\/www.tapasmagazine.es\/wp-content\/uploads\/2023\/02\/fotonoticia_20230228115628_9999-scaled.jpg","datePublished":"2023-02-28T10:56:28+00:00","dateModified":"2023-02-28T11:12:36+00:00","description":"El juicio por el robo de las botellas de vino en el restaurante Atrio de C\u00e1ceres, que cuenta con tres estrellas Michelin y tres Soles Repsol, concluir\u00e1","breadcrumb":{"@id":"https:\/\/www.tapasmagazine.es\/en\/economia-el-juicio-por-el-robo-de-las-botellas-de-atrio-concluye-este-miercoles-con-la-declaracion-de-los-peritos\/#breadcrumb"},"inLanguage":"en-US","potentialAction":[{"@type":"ReadAction","target":["https:\/\/www.tapasmagazine.es\/en\/economia-el-juicio-por-el-robo-de-las-botellas-de-atrio-concluye-este-miercoles-con-la-declaracion-de-los-peritos\/"]}]},{"@type":"ImageObject","inLanguage":"en-US","@id":"https:\/\/www.tapasmagazine.es\/en\/economia-el-juicio-por-el-robo-de-las-botellas-de-atrio-concluye-este-miercoles-con-la-declaracion-de-los-peritos\/#primaryimage","url":"https:\/\/www.tapasmagazine.es\/wp-content\/uploads\/2023\/02\/fotonoticia_20230228115628_9999-scaled.jpg","contentUrl":"https:\/\/www.tapasmagazine.es\/wp-content\/uploads\/2023\/02\/fotonoticia_20230228115628_9999-scaled.jpg","width":2560,"height":1707},{"@type":"BreadcrumbList","@id":"https:\/\/www.tapasmagazine.es\/en\/economia-el-juicio-por-el-robo-de-las-botellas-de-atrio-concluye-este-miercoles-con-la-declaracion-de-los-peritos\/#breadcrumb","itemListElement":[{"@type":"ListItem","position":1,"name":"Portada","item":"https:\/\/www.tapasmagazine.es\/"},{"@type":"ListItem","position":2,"name":"Sin categorizar","item":"https:\/\/www.tapasmagazine.es\/categorias\/sin-categorizar-2\/"},{"@type":"ListItem","position":3,"name":"Econom\u00eda.- El juicio por el robo de las botellas de Atrio concluye este mi\u00e9rcoles con la declaraci\u00f3n de los peritos"}]},{"@type":"WebSite","@id":"https:\/\/www.tapasmagazine.es\/#website","url":"https:\/\/www.tapasmagazine.es\/","name":"Tapas","description":"\u00d1am \u00d1am Lifestyle. La vida a bocados. Premio Nacional de Gastronom\u00eda 2016.","publisher":{"@id":"https:\/\/www.tapasmagazine.es\/#organization"},"potentialAction":[{"@type":"SearchAction","target":{"@type":"EntryPoint","urlTemplate":"https:\/\/www.tapasmagazine.es\/?s={search_term_string}"},"query-input":{"@type":"PropertyValueSpecification","valueRequired":true,"valueName":"search_term_string"}}],"inLanguage":"en-US"},{"@type":"Organization","@id":"https:\/\/www.tapasmagazine.es\/#organization","name":"Tapas Magazine","url":"https:\/\/www.tapasmagazine.es\/","logo":{"@type":"ImageObject","inLanguage":"en-US","@id":"https:\/\/www.tapasmagazine.es\/#\/schema\/logo\/image\/","url":"https:\/\/www.tapasmagazine.es\/wp-content\/uploads\/2018\/01\/logo.png","contentUrl":"https:\/\/www.tapasmagazine.es\/wp-content\/uploads\/2018\/01\/logo.png","width":180,"height":60,"caption":"Tapas Magazine"},"image":{"@id":"https:\/\/www.tapasmagazine.es\/#\/schema\/logo\/image\/"},"sameAs":["https:\/\/www.facebook.com\/tapasmagazine","https:\/\/x.com\/TapasMagazine","https:\/\/www.instagram.com\/tapasmagazine\/","https:\/\/www.linkedin.com\/company\/tapas-magazine","https:\/\/es.pinterest.com\/tapasmagazine\/","https:\/\/www.youtube.com\/channel\/UCEyxneAaACuR0lfDagrWjjg?sub_confirmation=1"]},{"@type":"Person","@id":"https:\/\/www.tapasmagazine.es\/#\/schema\/person\/dddb3bce6f98f2124c204b901d74a14b","name":"Tapas \/ EP","url":"https:\/\/www.tapasmagazine.es\/en\/author\/tapasep\/"}]}},"_links":{"self":[{"href":"https:\/\/www.tapasmagazine.es\/en\/wp-json\/wp\/v2\/posts\/176701","targetHints":{"allow":["GET"]}}],"collection":[{"href":"https:\/\/www.tapasmagazine.es\/en\/wp-json\/wp\/v2\/posts"}],"about":[{"href":"https:\/\/www.tapasmagazine.es\/en\/wp-json\/wp\/v2\/types\/post"}],"author":[{"embeddable":true,"href":"https:\/\/www.tapasmagazine.es\/en\/wp-json\/wp\/v2\/users\/277"}],"replies":[{"embeddable":true,"href":"https:\/\/www.tapasmagazine.es\/en\/wp-json\/wp\/v2\/comments?post=176701"}],"version-history":[{"count":1,"href":"https:\/\/www.tapasmagazine.es\/en\/wp-json\/wp\/v2\/posts\/176701\/revisions"}],"predecessor-version":[{"id":176702,"href":"https:\/\/www.tapasmagazine.es\/en\/wp-json\/wp\/v2\/posts\/176701\/revisions\/176702"}],"wp:featuredmedia":[{"embeddable":true,"href":"https:\/\/www.tapasmagazine.es\/en\/wp-json\/wp\/v2\/media\/176703"}],"wp:attachment":[{"href":"https:\/\/www.tapasmagazine.es\/en\/wp-json\/wp\/v2\/media?parent=176701"}],"wp:term":[{"taxonomy":"category","embeddable":true,"href":"https:\/\/www.tapasmagazine.es\/en\/wp-json\/wp\/v2\/categories?post=176701"},{"taxonomy":"post_tag","embeddable":true,"href":"https:\/\/www.tapasmagazine.es\/en\/wp-json\/wp\/v2\/tags?post=176701"}],"curies":[{"name":"wp","href":"https:\/\/api.w.org\/{rel}","templated":true}]}}