{"id":176664,"date":"2023-02-28T10:52:16","date_gmt":"2023-02-28T09:52:16","guid":{"rendered":"https:\/\/www.tapasmagazine.es\/?p=176664"},"modified":"2023-02-28T11:11:58","modified_gmt":"2023-02-28T10:11:58","slug":"economia-la-hosteleria-europea-elige-espana-para-la-celebracion-en-abril-de-su-asamblea-anual","status":"publish","type":"post","link":"https:\/\/www.tapasmagazine.es\/en\/economia-la-hosteleria-europea-elige-espana-para-la-celebracion-en-abril-de-su-asamblea-anual\/","title":{"rendered":"Econom\u00eda.- La hosteler\u00eda europea elige Espa\u00f1a para la celebraci\u00f3n en abril de su asamblea anual"},"content":{"rendered":"<p>Los representantes europeos de hoteles, restaurantes, bares y caf\u00e9s y establecimientos similares en Europa han elegido Espa\u00f1a para celebrar en abril la 86 asamblea anual de la patronal Hotrec, seg\u00fan informa Hosteler\u00eda de Espa\u00f1a en un comunicado.<\/p>\n<p>   En concreto, Tenerife fue el destino elegido el pasado octubre en Estocolmo como sede del pr\u00f3ximo c\u00f3nclave empresarial de la hosteler\u00eda europea, que estar\u00e1 coorganizado por Hosteler\u00eda de Espa\u00f1a y la Confederaci\u00f3n Espa\u00f1ola de Hoteles y Alojamientos Tur\u00edsticos<br \/>\n(CEHAT), y tendr\u00e1 como anfitri\u00f3n a la Asociaci\u00f3n Hotelera y Extrahotelera de Tenerife, La Palma, La Gomera y El Hierro (Ashotel).<\/p>\n<p>   Hosteler\u00eda de Espa\u00f1a, CEHAT y Ashotel han destacado que una entidad europea como Hotrec haya elegido Espa\u00f1a como sede de su pr\u00f3xima asamblea es una oportunidad para que representantes del sector de la hosteler\u00eda y el turismo de toda Europa se acerquen a Espa\u00f1a.<\/p>\n<p>   Fundada hace cuatro d\u00e9cadas, Hotrec, que tiene su sede en Bruselas, promueve el papel clave del sector de la hospitalidad y el turismo en Europa. Act\u00faa como un foro de intercambio y ayuda a promover un marco regulatorio y un entorno empresarial en el que ofrecer el m\u00e1ximo valor a la sociedad y la econom\u00eda europeas.<\/p>\n<p>   En la actualidad, la patronal europea engloba a 46 asociaciones<br \/>\nnacionales en 35 pa\u00edses y es la voz de la industria de la hosteler\u00eda en Europa.<\/p>\n<p>   De esta forma, Hotrec representa a 1,7 millones de empresas, fundamentalmente pymes, y genera 9,5 millones de empleos (el 4,4% del total del empleo en Europa).<\/p>\n","protected":false},"excerpt":{"rendered":"<p>Los representantes europeos de hoteles, restaurantes, bares y caf\u00e9s y establecimientos similares en Europa han elegido Espa\u00f1a para celebrar en abril la 86 asamblea anual de la patronal Hotrec, seg\u00fan informa Hosteler\u00eda de Espa\u00f1a en un comunicado. En concreto, Tenerife fue el destino elegido el pasado octubre en Estocolmo como sede del pr\u00f3ximo c\u00f3nclave empresarial [&hellip;]<\/p>\n","protected":false},"author":277,"featured_media":176666,"comment_status":"close","ping_status":"","sticky":false,"template":"single-feature.php","format":"standard","meta":{"_acf_changed":false,"footnotes":""},"categories":[15645],"tags":[],"class_list":["post-176664","post","type-post","status-publish","format-standard","has-post-thumbnail","hentry","category-ultima-hora","cat-15645-id"],"acf":[],"yoast_head":"<!-- This site is optimized with the Yoast SEO plugin v27.4 - https:\/\/yoast.com\/product\/yoast-seo-wordpress\/ -->\n<title>Econom\u00eda.- La hosteler\u00eda europea elige Espa\u00f1a para la celebraci\u00f3n en abril de su asamblea anual - Tapas<\/title>\n<meta name=\"description\" content=\"Los representantes europeos de hoteles, restaurantes, bares y caf\u00e9s y establecimientos similares en Europa han elegido Espa\u00f1a para celebrar en abril la 86\" \/>\n<meta name=\"robots\" content=\"index, follow, max-snippet:-1, max-image-preview:large, max-video-preview:-1\" \/>\n<link rel=\"canonical\" href=\"https:\/\/www.tapasmagazine.es\/en\/economia-la-hosteleria-europea-elige-espana-para-la-celebracion-en-abril-de-su-asamblea-anual\/\" \/>\n<meta property=\"og:locale\" content=\"en_US\" \/>\n<meta property=\"og:type\" content=\"article\" \/>\n<meta property=\"og:title\" content=\"Econom\u00eda.- La hosteler\u00eda europea elige Espa\u00f1a para la celebraci\u00f3n en abril de su asamblea anual - Tapas\" \/>\n<meta property=\"og:description\" content=\"Los representantes europeos de hoteles, restaurantes, bares y caf\u00e9s y establecimientos similares en Europa han elegido Espa\u00f1a para celebrar en abril la 86\" \/>\n<meta property=\"og:url\" content=\"https:\/\/www.tapasmagazine.es\/en\/economia-la-hosteleria-europea-elige-espana-para-la-celebracion-en-abril-de-su-asamblea-anual\/\" \/>\n<meta property=\"og:site_name\" content=\"Tapas\" \/>\n<meta property=\"article:publisher\" content=\"https:\/\/www.facebook.com\/tapasmagazine\" \/>\n<meta property=\"article:published_time\" content=\"2023-02-28T09:52:16+00:00\" \/>\n<meta property=\"article:modified_time\" content=\"2023-02-28T10:11:58+00:00\" \/>\n<meta property=\"og:image\" content=\"https:\/\/www.tapasmagazine.es\/wp-content\/uploads\/2023\/02\/fotonoticia_20230228105216_9999.jpg\" \/>\n\t<meta property=\"og:image:width\" content=\"1024\" \/>\n\t<meta property=\"og:image:height\" content=\"768\" \/>\n\t<meta property=\"og:image:type\" content=\"image\/jpeg\" \/>\n<meta name=\"author\" content=\"Tapas \/ EP\" \/>\n<meta name=\"twitter:card\" content=\"summary_large_image\" \/>\n<meta name=\"twitter:creator\" content=\"@TapasMagazine\" \/>\n<meta name=\"twitter:site\" content=\"@TapasMagazine\" \/>\n<meta name=\"twitter:label1\" content=\"Written by\" \/>\n\t<meta name=\"twitter:data1\" content=\"Tapas \/ EP\" \/>\n\t<meta name=\"twitter:label2\" content=\"Est. reading time\" \/>\n\t<meta name=\"twitter:data2\" content=\"1 minute\" \/>\n<script type=\"application\/ld+json\" class=\"yoast-schema-graph\">{\"@context\":\"https:\\\/\\\/schema.org\",\"@graph\":[{\"@type\":\"Article\",\"@id\":\"https:\\\/\\\/www.tapasmagazine.es\\\/en\\\/economia-la-hosteleria-europea-elige-espana-para-la-celebracion-en-abril-de-su-asamblea-anual\\\/#article\",\"isPartOf\":{\"@id\":\"https:\\\/\\\/www.tapasmagazine.es\\\/en\\\/economia-la-hosteleria-europea-elige-espana-para-la-celebracion-en-abril-de-su-asamblea-anual\\\/\"},\"author\":{\"name\":\"Tapas \\\/ EP\",\"@id\":\"https:\\\/\\\/www.tapasmagazine.es\\\/#\\\/schema\\\/person\\\/dddb3bce6f98f2124c204b901d74a14b\"},\"headline\":\"Econom\u00eda.- La hosteler\u00eda europea elige Espa\u00f1a para la celebraci\u00f3n en abril de su asamblea anual\",\"datePublished\":\"2023-02-28T09:52:16+00:00\",\"dateModified\":\"2023-02-28T10:11:58+00:00\",\"mainEntityOfPage\":{\"@id\":\"https:\\\/\\\/www.tapasmagazine.es\\\/en\\\/economia-la-hosteleria-europea-elige-espana-para-la-celebracion-en-abril-de-su-asamblea-anual\\\/\"},\"wordCount\":289,\"publisher\":{\"@id\":\"https:\\\/\\\/www.tapasmagazine.es\\\/#organization\"},\"image\":{\"@id\":\"https:\\\/\\\/www.tapasmagazine.es\\\/en\\\/economia-la-hosteleria-europea-elige-espana-para-la-celebracion-en-abril-de-su-asamblea-anual\\\/#primaryimage\"},\"thumbnailUrl\":\"https:\\\/\\\/www.tapasmagazine.es\\\/wp-content\\\/uploads\\\/2023\\\/02\\\/fotonoticia_20230228105216_9999.jpg\",\"articleSection\":[\"\u00daltima hora\"],\"inLanguage\":\"en-US\"},{\"@type\":\"WebPage\",\"@id\":\"https:\\\/\\\/www.tapasmagazine.es\\\/en\\\/economia-la-hosteleria-europea-elige-espana-para-la-celebracion-en-abril-de-su-asamblea-anual\\\/\",\"url\":\"https:\\\/\\\/www.tapasmagazine.es\\\/en\\\/economia-la-hosteleria-europea-elige-espana-para-la-celebracion-en-abril-de-su-asamblea-anual\\\/\",\"name\":\"Econom\u00eda.- La hosteler\u00eda europea elige Espa\u00f1a para la celebraci\u00f3n en abril de su asamblea anual - Tapas\",\"isPartOf\":{\"@id\":\"https:\\\/\\\/www.tapasmagazine.es\\\/#website\"},\"primaryImageOfPage\":{\"@id\":\"https:\\\/\\\/www.tapasmagazine.es\\\/en\\\/economia-la-hosteleria-europea-elige-espana-para-la-celebracion-en-abril-de-su-asamblea-anual\\\/#primaryimage\"},\"image\":{\"@id\":\"https:\\\/\\\/www.tapasmagazine.es\\\/en\\\/economia-la-hosteleria-europea-elige-espana-para-la-celebracion-en-abril-de-su-asamblea-anual\\\/#primaryimage\"},\"thumbnailUrl\":\"https:\\\/\\\/www.tapasmagazine.es\\\/wp-content\\\/uploads\\\/2023\\\/02\\\/fotonoticia_20230228105216_9999.jpg\",\"datePublished\":\"2023-02-28T09:52:16+00:00\",\"dateModified\":\"2023-02-28T10:11:58+00:00\",\"description\":\"Los representantes europeos de hoteles, restaurantes, bares y caf\u00e9s y establecimientos similares en Europa han elegido Espa\u00f1a para celebrar en abril la 86\",\"breadcrumb\":{\"@id\":\"https:\\\/\\\/www.tapasmagazine.es\\\/en\\\/economia-la-hosteleria-europea-elige-espana-para-la-celebracion-en-abril-de-su-asamblea-anual\\\/#breadcrumb\"},\"inLanguage\":\"en-US\",\"potentialAction\":[{\"@type\":\"ReadAction\",\"target\":[\"https:\\\/\\\/www.tapasmagazine.es\\\/en\\\/economia-la-hosteleria-europea-elige-espana-para-la-celebracion-en-abril-de-su-asamblea-anual\\\/\"]}]},{\"@type\":\"ImageObject\",\"inLanguage\":\"en-US\",\"@id\":\"https:\\\/\\\/www.tapasmagazine.es\\\/en\\\/economia-la-hosteleria-europea-elige-espana-para-la-celebracion-en-abril-de-su-asamblea-anual\\\/#primaryimage\",\"url\":\"https:\\\/\\\/www.tapasmagazine.es\\\/wp-content\\\/uploads\\\/2023\\\/02\\\/fotonoticia_20230228105216_9999.jpg\",\"contentUrl\":\"https:\\\/\\\/www.tapasmagazine.es\\\/wp-content\\\/uploads\\\/2023\\\/02\\\/fotonoticia_20230228105216_9999.jpg\",\"width\":1024,\"height\":768},{\"@type\":\"BreadcrumbList\",\"@id\":\"https:\\\/\\\/www.tapasmagazine.es\\\/en\\\/economia-la-hosteleria-europea-elige-espana-para-la-celebracion-en-abril-de-su-asamblea-anual\\\/#breadcrumb\",\"itemListElement\":[{\"@type\":\"ListItem\",\"position\":1,\"name\":\"Portada\",\"item\":\"https:\\\/\\\/www.tapasmagazine.es\\\/\"},{\"@type\":\"ListItem\",\"position\":2,\"name\":\"Sin categorizar\",\"item\":\"https:\\\/\\\/www.tapasmagazine.es\\\/categorias\\\/sin-categorizar-2\\\/\"},{\"@type\":\"ListItem\",\"position\":3,\"name\":\"Econom\u00eda.- La hosteler\u00eda europea elige Espa\u00f1a para la celebraci\u00f3n en abril de su asamblea anual\"}]},{\"@type\":\"WebSite\",\"@id\":\"https:\\\/\\\/www.tapasmagazine.es\\\/#website\",\"url\":\"https:\\\/\\\/www.tapasmagazine.es\\\/\",\"name\":\"Tapas\",\"description\":\"\u00d1am \u00d1am Lifestyle. La vida a bocados. Premio Nacional de Gastronom\u00eda 2016.\",\"publisher\":{\"@id\":\"https:\\\/\\\/www.tapasmagazine.es\\\/#organization\"},\"potentialAction\":[{\"@type\":\"SearchAction\",\"target\":{\"@type\":\"EntryPoint\",\"urlTemplate\":\"https:\\\/\\\/www.tapasmagazine.es\\\/?s={search_term_string}\"},\"query-input\":{\"@type\":\"PropertyValueSpecification\",\"valueRequired\":true,\"valueName\":\"search_term_string\"}}],\"inLanguage\":\"en-US\"},{\"@type\":\"Organization\",\"@id\":\"https:\\\/\\\/www.tapasmagazine.es\\\/#organization\",\"name\":\"Tapas Magazine\",\"url\":\"https:\\\/\\\/www.tapasmagazine.es\\\/\",\"logo\":{\"@type\":\"ImageObject\",\"inLanguage\":\"en-US\",\"@id\":\"https:\\\/\\\/www.tapasmagazine.es\\\/#\\\/schema\\\/logo\\\/image\\\/\",\"url\":\"https:\\\/\\\/www.tapasmagazine.es\\\/wp-content\\\/uploads\\\/2018\\\/01\\\/logo.png\",\"contentUrl\":\"https:\\\/\\\/www.tapasmagazine.es\\\/wp-content\\\/uploads\\\/2018\\\/01\\\/logo.png\",\"width\":180,\"height\":60,\"caption\":\"Tapas Magazine\"},\"image\":{\"@id\":\"https:\\\/\\\/www.tapasmagazine.es\\\/#\\\/schema\\\/logo\\\/image\\\/\"},\"sameAs\":[\"https:\\\/\\\/www.facebook.com\\\/tapasmagazine\",\"https:\\\/\\\/x.com\\\/TapasMagazine\",\"https:\\\/\\\/www.instagram.com\\\/tapasmagazine\\\/\",\"https:\\\/\\\/www.linkedin.com\\\/company\\\/tapas-magazine\",\"https:\\\/\\\/es.pinterest.com\\\/tapasmagazine\\\/\",\"https:\\\/\\\/www.youtube.com\\\/channel\\\/UCEyxneAaACuR0lfDagrWjjg?sub_confirmation=1\"]},{\"@type\":\"Person\",\"@id\":\"https:\\\/\\\/www.tapasmagazine.es\\\/#\\\/schema\\\/person\\\/dddb3bce6f98f2124c204b901d74a14b\",\"name\":\"Tapas \\\/ EP\",\"url\":\"https:\\\/\\\/www.tapasmagazine.es\\\/en\\\/author\\\/tapasep\\\/\"}]}<\/script>\n<!-- \/ Yoast SEO plugin. -->","yoast_head_json":{"title":"Econom\u00eda.- La hosteler\u00eda europea elige Espa\u00f1a para la celebraci\u00f3n en abril de su asamblea anual - Tapas","description":"Los representantes europeos de hoteles, restaurantes, bares y caf\u00e9s y establecimientos similares en Europa han elegido Espa\u00f1a para celebrar en abril la 86","robots":{"index":"index","follow":"follow","max-snippet":"max-snippet:-1","max-image-preview":"max-image-preview:large","max-video-preview":"max-video-preview:-1"},"canonical":"https:\/\/www.tapasmagazine.es\/en\/economia-la-hosteleria-europea-elige-espana-para-la-celebracion-en-abril-de-su-asamblea-anual\/","og_locale":"en_US","og_type":"article","og_title":"Econom\u00eda.- La hosteler\u00eda europea elige Espa\u00f1a para la celebraci\u00f3n en abril de su asamblea anual - Tapas","og_description":"Los representantes europeos de hoteles, restaurantes, bares y caf\u00e9s y establecimientos similares en Europa han elegido Espa\u00f1a para celebrar en abril la 86","og_url":"https:\/\/www.tapasmagazine.es\/en\/economia-la-hosteleria-europea-elige-espana-para-la-celebracion-en-abril-de-su-asamblea-anual\/","og_site_name":"Tapas","article_publisher":"https:\/\/www.facebook.com\/tapasmagazine","article_published_time":"2023-02-28T09:52:16+00:00","article_modified_time":"2023-02-28T10:11:58+00:00","og_image":[{"width":1024,"height":768,"url":"https:\/\/www.tapasmagazine.es\/wp-content\/uploads\/2023\/02\/fotonoticia_20230228105216_9999.jpg","type":"image\/jpeg"}],"author":"Tapas \/ EP","twitter_card":"summary_large_image","twitter_creator":"@TapasMagazine","twitter_site":"@TapasMagazine","twitter_misc":{"Written by":"Tapas \/ EP","Est. reading time":"1 minute"},"schema":{"@context":"https:\/\/schema.org","@graph":[{"@type":"Article","@id":"https:\/\/www.tapasmagazine.es\/en\/economia-la-hosteleria-europea-elige-espana-para-la-celebracion-en-abril-de-su-asamblea-anual\/#article","isPartOf":{"@id":"https:\/\/www.tapasmagazine.es\/en\/economia-la-hosteleria-europea-elige-espana-para-la-celebracion-en-abril-de-su-asamblea-anual\/"},"author":{"name":"Tapas \/ EP","@id":"https:\/\/www.tapasmagazine.es\/#\/schema\/person\/dddb3bce6f98f2124c204b901d74a14b"},"headline":"Econom\u00eda.- La hosteler\u00eda europea elige Espa\u00f1a para la celebraci\u00f3n en abril de su asamblea anual","datePublished":"2023-02-28T09:52:16+00:00","dateModified":"2023-02-28T10:11:58+00:00","mainEntityOfPage":{"@id":"https:\/\/www.tapasmagazine.es\/en\/economia-la-hosteleria-europea-elige-espana-para-la-celebracion-en-abril-de-su-asamblea-anual\/"},"wordCount":289,"publisher":{"@id":"https:\/\/www.tapasmagazine.es\/#organization"},"image":{"@id":"https:\/\/www.tapasmagazine.es\/en\/economia-la-hosteleria-europea-elige-espana-para-la-celebracion-en-abril-de-su-asamblea-anual\/#primaryimage"},"thumbnailUrl":"https:\/\/www.tapasmagazine.es\/wp-content\/uploads\/2023\/02\/fotonoticia_20230228105216_9999.jpg","articleSection":["\u00daltima hora"],"inLanguage":"en-US"},{"@type":"WebPage","@id":"https:\/\/www.tapasmagazine.es\/en\/economia-la-hosteleria-europea-elige-espana-para-la-celebracion-en-abril-de-su-asamblea-anual\/","url":"https:\/\/www.tapasmagazine.es\/en\/economia-la-hosteleria-europea-elige-espana-para-la-celebracion-en-abril-de-su-asamblea-anual\/","name":"Econom\u00eda.- La hosteler\u00eda europea elige Espa\u00f1a para la celebraci\u00f3n en abril de su asamblea anual - Tapas","isPartOf":{"@id":"https:\/\/www.tapasmagazine.es\/#website"},"primaryImageOfPage":{"@id":"https:\/\/www.tapasmagazine.es\/en\/economia-la-hosteleria-europea-elige-espana-para-la-celebracion-en-abril-de-su-asamblea-anual\/#primaryimage"},"image":{"@id":"https:\/\/www.tapasmagazine.es\/en\/economia-la-hosteleria-europea-elige-espana-para-la-celebracion-en-abril-de-su-asamblea-anual\/#primaryimage"},"thumbnailUrl":"https:\/\/www.tapasmagazine.es\/wp-content\/uploads\/2023\/02\/fotonoticia_20230228105216_9999.jpg","datePublished":"2023-02-28T09:52:16+00:00","dateModified":"2023-02-28T10:11:58+00:00","description":"Los representantes europeos de hoteles, restaurantes, bares y caf\u00e9s y establecimientos similares en Europa han elegido Espa\u00f1a para celebrar en abril la 86","breadcrumb":{"@id":"https:\/\/www.tapasmagazine.es\/en\/economia-la-hosteleria-europea-elige-espana-para-la-celebracion-en-abril-de-su-asamblea-anual\/#breadcrumb"},"inLanguage":"en-US","potentialAction":[{"@type":"ReadAction","target":["https:\/\/www.tapasmagazine.es\/en\/economia-la-hosteleria-europea-elige-espana-para-la-celebracion-en-abril-de-su-asamblea-anual\/"]}]},{"@type":"ImageObject","inLanguage":"en-US","@id":"https:\/\/www.tapasmagazine.es\/en\/economia-la-hosteleria-europea-elige-espana-para-la-celebracion-en-abril-de-su-asamblea-anual\/#primaryimage","url":"https:\/\/www.tapasmagazine.es\/wp-content\/uploads\/2023\/02\/fotonoticia_20230228105216_9999.jpg","contentUrl":"https:\/\/www.tapasmagazine.es\/wp-content\/uploads\/2023\/02\/fotonoticia_20230228105216_9999.jpg","width":1024,"height":768},{"@type":"BreadcrumbList","@id":"https:\/\/www.tapasmagazine.es\/en\/economia-la-hosteleria-europea-elige-espana-para-la-celebracion-en-abril-de-su-asamblea-anual\/#breadcrumb","itemListElement":[{"@type":"ListItem","position":1,"name":"Portada","item":"https:\/\/www.tapasmagazine.es\/"},{"@type":"ListItem","position":2,"name":"Sin categorizar","item":"https:\/\/www.tapasmagazine.es\/categorias\/sin-categorizar-2\/"},{"@type":"ListItem","position":3,"name":"Econom\u00eda.- La hosteler\u00eda europea elige Espa\u00f1a para la celebraci\u00f3n en abril de su asamblea anual"}]},{"@type":"WebSite","@id":"https:\/\/www.tapasmagazine.es\/#website","url":"https:\/\/www.tapasmagazine.es\/","name":"Tapas","description":"\u00d1am \u00d1am Lifestyle. La vida a bocados. Premio Nacional de Gastronom\u00eda 2016.","publisher":{"@id":"https:\/\/www.tapasmagazine.es\/#organization"},"potentialAction":[{"@type":"SearchAction","target":{"@type":"EntryPoint","urlTemplate":"https:\/\/www.tapasmagazine.es\/?s={search_term_string}"},"query-input":{"@type":"PropertyValueSpecification","valueRequired":true,"valueName":"search_term_string"}}],"inLanguage":"en-US"},{"@type":"Organization","@id":"https:\/\/www.tapasmagazine.es\/#organization","name":"Tapas Magazine","url":"https:\/\/www.tapasmagazine.es\/","logo":{"@type":"ImageObject","inLanguage":"en-US","@id":"https:\/\/www.tapasmagazine.es\/#\/schema\/logo\/image\/","url":"https:\/\/www.tapasmagazine.es\/wp-content\/uploads\/2018\/01\/logo.png","contentUrl":"https:\/\/www.tapasmagazine.es\/wp-content\/uploads\/2018\/01\/logo.png","width":180,"height":60,"caption":"Tapas Magazine"},"image":{"@id":"https:\/\/www.tapasmagazine.es\/#\/schema\/logo\/image\/"},"sameAs":["https:\/\/www.facebook.com\/tapasmagazine","https:\/\/x.com\/TapasMagazine","https:\/\/www.instagram.com\/tapasmagazine\/","https:\/\/www.linkedin.com\/company\/tapas-magazine","https:\/\/es.pinterest.com\/tapasmagazine\/","https:\/\/www.youtube.com\/channel\/UCEyxneAaACuR0lfDagrWjjg?sub_confirmation=1"]},{"@type":"Person","@id":"https:\/\/www.tapasmagazine.es\/#\/schema\/person\/dddb3bce6f98f2124c204b901d74a14b","name":"Tapas \/ EP","url":"https:\/\/www.tapasmagazine.es\/en\/author\/tapasep\/"}]}},"_links":{"self":[{"href":"https:\/\/www.tapasmagazine.es\/en\/wp-json\/wp\/v2\/posts\/176664","targetHints":{"allow":["GET"]}}],"collection":[{"href":"https:\/\/www.tapasmagazine.es\/en\/wp-json\/wp\/v2\/posts"}],"about":[{"href":"https:\/\/www.tapasmagazine.es\/en\/wp-json\/wp\/v2\/types\/post"}],"author":[{"embeddable":true,"href":"https:\/\/www.tapasmagazine.es\/en\/wp-json\/wp\/v2\/users\/277"}],"replies":[{"embeddable":true,"href":"https:\/\/www.tapasmagazine.es\/en\/wp-json\/wp\/v2\/comments?post=176664"}],"version-history":[{"count":1,"href":"https:\/\/www.tapasmagazine.es\/en\/wp-json\/wp\/v2\/posts\/176664\/revisions"}],"predecessor-version":[{"id":176665,"href":"https:\/\/www.tapasmagazine.es\/en\/wp-json\/wp\/v2\/posts\/176664\/revisions\/176665"}],"wp:featuredmedia":[{"embeddable":true,"href":"https:\/\/www.tapasmagazine.es\/en\/wp-json\/wp\/v2\/media\/176666"}],"wp:attachment":[{"href":"https:\/\/www.tapasmagazine.es\/en\/wp-json\/wp\/v2\/media?parent=176664"}],"wp:term":[{"taxonomy":"category","embeddable":true,"href":"https:\/\/www.tapasmagazine.es\/en\/wp-json\/wp\/v2\/categories?post=176664"},{"taxonomy":"post_tag","embeddable":true,"href":"https:\/\/www.tapasmagazine.es\/en\/wp-json\/wp\/v2\/tags?post=176664"}],"curies":[{"name":"wp","href":"https:\/\/api.w.org\/{rel}","templated":true}]}}