{"id":176657,"date":"2023-02-28T10:17:03","date_gmt":"2023-02-28T09:17:03","guid":{"rendered":"https:\/\/www.tapasmagazine.es\/?p=176657"},"modified":"2023-02-28T10:42:38","modified_gmt":"2023-02-28T09:42:38","slug":"economia-upa-celebra-la-aprobacion-del-decreto-de-granjas-vacunas-pero-pide-apostar-por-la-ganaderia-familiar","status":"publish","type":"post","link":"https:\/\/www.tapasmagazine.es\/en\/economia-upa-celebra-la-aprobacion-del-decreto-de-granjas-vacunas-pero-pide-apostar-por-la-ganaderia-familiar\/","title":{"rendered":"Econom\u00eda.- UPA celebra la aprobaci\u00f3n del decreto de granjas vacunas, pero pide apostar por la ganader\u00eda familiar"},"content":{"rendered":"<p>La Uni\u00f3n de Peque\u00f1os Agricultores y Ganaderos (UPA) ha celebrado la reciente aprobaci\u00f3n del RD 1053\/2022 por el que se establecen normas b\u00e1sicas de ordenaci\u00f3n de las granjas bovinas, pero ha reclamado al Ministerio de Agricultura, Pesca y Alimentaci\u00f3n una &#8220;apuesta firme&#8221; por la ganader\u00eda familiar, seg\u00fan informa en un comunicado.<\/p>\n<p>   En concreto, la organizaci\u00f3n agraria ha participado activamente en el proceso de definici\u00f3n de este decreto, cuyos trabajos se han prolongado varios a\u00f1os y ha valorado &#8220;positivamente&#8221; esta norma, aunque advierte de que hay cuestiones mejorables que esperan poder incorporar en el futuro.<\/p>\n<p>   De esta forma, entre lo m\u00e1s positivo destaca el establecimiento de un tope en la capacidad productiva m\u00e1xima de las granjas de 850 Unidades de Ganado Mayor (UGM), siendo 1 UGM una vaca lechera, por ejemplo.<\/p>\n<p>   Tambi\u00e9n se tendr\u00e1n en cuenta las &#8216;explotaciones semiextensivas&#8217; y se eliminan ciertos condicionantes a las distancias m\u00ednimas entre las explotaciones que aparec\u00edan en los primeros borradores y que no supon\u00edan ninguna ventaja y s\u00ed &#8220;muchos inconvenientes&#8221;.<\/p>\n<p>   El nuevo texto establece requisitos acerca de las infraestructuras, la ubicaci\u00f3n o el manejo en funci\u00f3n del tama\u00f1o de las granjas, y establece cuatro categor\u00edas.<\/p>\n<p>   UPA ha expresado alegaciones en relaci\u00f3n al tama\u00f1o de estas categor\u00edas, ya que la primera de ellas pone su techo en 20 UGM, un tama\u00f1o demasiado peque\u00f1o, que deber\u00eda haberse ampliado hasta las 100.<\/p>\n<p>   Otro de los aspectos mejorables para la organizaci\u00f3n agraria es la de no establecer un techo a las explotaciones extensivas, algo que esperan que se incorpore en el futuro. Tambi\u00e9n los requisitos sobre las granjas ya existentes, las que puedan instalarse en zonas de especial protecci\u00f3n, o las normas para la instalaci\u00f3n de bebederos en explotaciones extensivas, que deber\u00e1n adecuarse a la realidad para que no sean &#8220;incumplibles&#8221;.<\/p>\n<p>   De esta forma, UPA seguir\u00e1 trabajando con el Ministerio de Agricultura y las comunidades aut\u00f3nomas para que el decreto contribuya, y no frene el relevo generacional, y siente las bases de un sector &#8220;moderno, sostenible y rentable&#8221;.<\/p>\n","protected":false},"excerpt":{"rendered":"<p>La Uni\u00f3n de Peque\u00f1os Agricultores y Ganaderos (UPA) ha celebrado la reciente aprobaci\u00f3n del RD 1053\/2022 por el que se establecen normas b\u00e1sicas de ordenaci\u00f3n de las granjas bovinas, pero ha reclamado al Ministerio de Agricultura, Pesca y Alimentaci\u00f3n una &#8220;apuesta firme&#8221; por la ganader\u00eda familiar, seg\u00fan informa en un comunicado. En concreto, la organizaci\u00f3n [&hellip;]<\/p>\n","protected":false},"author":277,"featured_media":176659,"comment_status":"close","ping_status":"","sticky":false,"template":"single-feature.php","format":"standard","meta":{"_acf_changed":false,"footnotes":""},"categories":[15645],"tags":[],"class_list":["post-176657","post","type-post","status-publish","format-standard","has-post-thumbnail","hentry","category-ultima-hora","cat-15645-id"],"acf":[],"yoast_head":"<!-- This site is optimized with the Yoast SEO plugin v27.4 - https:\/\/yoast.com\/product\/yoast-seo-wordpress\/ -->\n<title>Econom\u00eda.- UPA celebra la aprobaci\u00f3n del decreto de granjas vacunas, pero pide apostar por la ganader\u00eda familiar - Tapas<\/title>\n<meta name=\"description\" content=\"La Uni\u00f3n de Peque\u00f1os Agricultores y Ganaderos (UPA) ha celebrado la reciente aprobaci\u00f3n del RD 1053\/2022 por el que se establecen normas b\u00e1sicas de\" \/>\n<meta name=\"robots\" content=\"index, follow, max-snippet:-1, max-image-preview:large, max-video-preview:-1\" \/>\n<link rel=\"canonical\" href=\"https:\/\/www.tapasmagazine.es\/en\/economia-upa-celebra-la-aprobacion-del-decreto-de-granjas-vacunas-pero-pide-apostar-por-la-ganaderia-familiar\/\" \/>\n<meta property=\"og:locale\" content=\"en_US\" \/>\n<meta property=\"og:type\" content=\"article\" \/>\n<meta property=\"og:title\" content=\"Econom\u00eda.- UPA celebra la aprobaci\u00f3n del decreto de granjas vacunas, pero pide apostar por la ganader\u00eda familiar - Tapas\" \/>\n<meta property=\"og:description\" content=\"La Uni\u00f3n de Peque\u00f1os Agricultores y Ganaderos (UPA) ha celebrado la reciente aprobaci\u00f3n del RD 1053\/2022 por el que se establecen normas b\u00e1sicas de\" \/>\n<meta property=\"og:url\" content=\"https:\/\/www.tapasmagazine.es\/en\/economia-upa-celebra-la-aprobacion-del-decreto-de-granjas-vacunas-pero-pide-apostar-por-la-ganaderia-familiar\/\" \/>\n<meta property=\"og:site_name\" content=\"Tapas\" \/>\n<meta property=\"article:publisher\" content=\"https:\/\/www.facebook.com\/tapasmagazine\" \/>\n<meta property=\"article:published_time\" content=\"2023-02-28T09:17:03+00:00\" \/>\n<meta property=\"article:modified_time\" content=\"2023-02-28T09:42:38+00:00\" \/>\n<meta property=\"og:image\" content=\"https:\/\/www.tapasmagazine.es\/wp-content\/uploads\/2023\/02\/fotonoticia_20230228101703_9999-scaled.jpg\" \/>\n\t<meta property=\"og:image:width\" content=\"2560\" \/>\n\t<meta property=\"og:image:height\" content=\"1707\" \/>\n\t<meta property=\"og:image:type\" content=\"image\/jpeg\" \/>\n<meta name=\"author\" content=\"Tapas \/ EP\" \/>\n<meta name=\"twitter:card\" content=\"summary_large_image\" \/>\n<meta name=\"twitter:creator\" content=\"@TapasMagazine\" \/>\n<meta name=\"twitter:site\" content=\"@TapasMagazine\" \/>\n<meta name=\"twitter:label1\" content=\"Written by\" \/>\n\t<meta name=\"twitter:data1\" content=\"Tapas \/ EP\" \/>\n\t<meta name=\"twitter:label2\" content=\"Est. reading time\" \/>\n\t<meta name=\"twitter:data2\" content=\"2 minutes\" \/>\n<script type=\"application\/ld+json\" class=\"yoast-schema-graph\">{\"@context\":\"https:\\\/\\\/schema.org\",\"@graph\":[{\"@type\":\"Article\",\"@id\":\"https:\\\/\\\/www.tapasmagazine.es\\\/en\\\/economia-upa-celebra-la-aprobacion-del-decreto-de-granjas-vacunas-pero-pide-apostar-por-la-ganaderia-familiar\\\/#article\",\"isPartOf\":{\"@id\":\"https:\\\/\\\/www.tapasmagazine.es\\\/en\\\/economia-upa-celebra-la-aprobacion-del-decreto-de-granjas-vacunas-pero-pide-apostar-por-la-ganaderia-familiar\\\/\"},\"author\":{\"name\":\"Tapas \\\/ EP\",\"@id\":\"https:\\\/\\\/www.tapasmagazine.es\\\/#\\\/schema\\\/person\\\/dddb3bce6f98f2124c204b901d74a14b\"},\"headline\":\"Econom\u00eda.- UPA celebra la aprobaci\u00f3n del decreto de granjas vacunas, pero pide apostar por la ganader\u00eda familiar\",\"datePublished\":\"2023-02-28T09:17:03+00:00\",\"dateModified\":\"2023-02-28T09:42:38+00:00\",\"mainEntityOfPage\":{\"@id\":\"https:\\\/\\\/www.tapasmagazine.es\\\/en\\\/economia-upa-celebra-la-aprobacion-del-decreto-de-granjas-vacunas-pero-pide-apostar-por-la-ganaderia-familiar\\\/\"},\"wordCount\":380,\"publisher\":{\"@id\":\"https:\\\/\\\/www.tapasmagazine.es\\\/#organization\"},\"image\":{\"@id\":\"https:\\\/\\\/www.tapasmagazine.es\\\/en\\\/economia-upa-celebra-la-aprobacion-del-decreto-de-granjas-vacunas-pero-pide-apostar-por-la-ganaderia-familiar\\\/#primaryimage\"},\"thumbnailUrl\":\"https:\\\/\\\/www.tapasmagazine.es\\\/wp-content\\\/uploads\\\/2023\\\/02\\\/fotonoticia_20230228101703_9999-scaled.jpg\",\"articleSection\":[\"\u00daltima hora\"],\"inLanguage\":\"en-US\"},{\"@type\":\"WebPage\",\"@id\":\"https:\\\/\\\/www.tapasmagazine.es\\\/en\\\/economia-upa-celebra-la-aprobacion-del-decreto-de-granjas-vacunas-pero-pide-apostar-por-la-ganaderia-familiar\\\/\",\"url\":\"https:\\\/\\\/www.tapasmagazine.es\\\/en\\\/economia-upa-celebra-la-aprobacion-del-decreto-de-granjas-vacunas-pero-pide-apostar-por-la-ganaderia-familiar\\\/\",\"name\":\"Econom\u00eda.- UPA celebra la aprobaci\u00f3n del decreto de granjas vacunas, pero pide apostar por la ganader\u00eda familiar - Tapas\",\"isPartOf\":{\"@id\":\"https:\\\/\\\/www.tapasmagazine.es\\\/#website\"},\"primaryImageOfPage\":{\"@id\":\"https:\\\/\\\/www.tapasmagazine.es\\\/en\\\/economia-upa-celebra-la-aprobacion-del-decreto-de-granjas-vacunas-pero-pide-apostar-por-la-ganaderia-familiar\\\/#primaryimage\"},\"image\":{\"@id\":\"https:\\\/\\\/www.tapasmagazine.es\\\/en\\\/economia-upa-celebra-la-aprobacion-del-decreto-de-granjas-vacunas-pero-pide-apostar-por-la-ganaderia-familiar\\\/#primaryimage\"},\"thumbnailUrl\":\"https:\\\/\\\/www.tapasmagazine.es\\\/wp-content\\\/uploads\\\/2023\\\/02\\\/fotonoticia_20230228101703_9999-scaled.jpg\",\"datePublished\":\"2023-02-28T09:17:03+00:00\",\"dateModified\":\"2023-02-28T09:42:38+00:00\",\"description\":\"La Uni\u00f3n de Peque\u00f1os Agricultores y Ganaderos (UPA) ha celebrado la reciente aprobaci\u00f3n del RD 1053\\\/2022 por el que se establecen normas b\u00e1sicas de\",\"breadcrumb\":{\"@id\":\"https:\\\/\\\/www.tapasmagazine.es\\\/en\\\/economia-upa-celebra-la-aprobacion-del-decreto-de-granjas-vacunas-pero-pide-apostar-por-la-ganaderia-familiar\\\/#breadcrumb\"},\"inLanguage\":\"en-US\",\"potentialAction\":[{\"@type\":\"ReadAction\",\"target\":[\"https:\\\/\\\/www.tapasmagazine.es\\\/en\\\/economia-upa-celebra-la-aprobacion-del-decreto-de-granjas-vacunas-pero-pide-apostar-por-la-ganaderia-familiar\\\/\"]}]},{\"@type\":\"ImageObject\",\"inLanguage\":\"en-US\",\"@id\":\"https:\\\/\\\/www.tapasmagazine.es\\\/en\\\/economia-upa-celebra-la-aprobacion-del-decreto-de-granjas-vacunas-pero-pide-apostar-por-la-ganaderia-familiar\\\/#primaryimage\",\"url\":\"https:\\\/\\\/www.tapasmagazine.es\\\/wp-content\\\/uploads\\\/2023\\\/02\\\/fotonoticia_20230228101703_9999-scaled.jpg\",\"contentUrl\":\"https:\\\/\\\/www.tapasmagazine.es\\\/wp-content\\\/uploads\\\/2023\\\/02\\\/fotonoticia_20230228101703_9999-scaled.jpg\",\"width\":2560,\"height\":1707},{\"@type\":\"BreadcrumbList\",\"@id\":\"https:\\\/\\\/www.tapasmagazine.es\\\/en\\\/economia-upa-celebra-la-aprobacion-del-decreto-de-granjas-vacunas-pero-pide-apostar-por-la-ganaderia-familiar\\\/#breadcrumb\",\"itemListElement\":[{\"@type\":\"ListItem\",\"position\":1,\"name\":\"Portada\",\"item\":\"https:\\\/\\\/www.tapasmagazine.es\\\/\"},{\"@type\":\"ListItem\",\"position\":2,\"name\":\"Sin categorizar\",\"item\":\"https:\\\/\\\/www.tapasmagazine.es\\\/categorias\\\/sin-categorizar-2\\\/\"},{\"@type\":\"ListItem\",\"position\":3,\"name\":\"Econom\u00eda.- UPA celebra la aprobaci\u00f3n del decreto de granjas vacunas, pero pide apostar por la ganader\u00eda familiar\"}]},{\"@type\":\"WebSite\",\"@id\":\"https:\\\/\\\/www.tapasmagazine.es\\\/#website\",\"url\":\"https:\\\/\\\/www.tapasmagazine.es\\\/\",\"name\":\"Tapas\",\"description\":\"\u00d1am \u00d1am Lifestyle. La vida a bocados. Premio Nacional de Gastronom\u00eda 2016.\",\"publisher\":{\"@id\":\"https:\\\/\\\/www.tapasmagazine.es\\\/#organization\"},\"potentialAction\":[{\"@type\":\"SearchAction\",\"target\":{\"@type\":\"EntryPoint\",\"urlTemplate\":\"https:\\\/\\\/www.tapasmagazine.es\\\/?s={search_term_string}\"},\"query-input\":{\"@type\":\"PropertyValueSpecification\",\"valueRequired\":true,\"valueName\":\"search_term_string\"}}],\"inLanguage\":\"en-US\"},{\"@type\":\"Organization\",\"@id\":\"https:\\\/\\\/www.tapasmagazine.es\\\/#organization\",\"name\":\"Tapas Magazine\",\"url\":\"https:\\\/\\\/www.tapasmagazine.es\\\/\",\"logo\":{\"@type\":\"ImageObject\",\"inLanguage\":\"en-US\",\"@id\":\"https:\\\/\\\/www.tapasmagazine.es\\\/#\\\/schema\\\/logo\\\/image\\\/\",\"url\":\"https:\\\/\\\/www.tapasmagazine.es\\\/wp-content\\\/uploads\\\/2018\\\/01\\\/logo.png\",\"contentUrl\":\"https:\\\/\\\/www.tapasmagazine.es\\\/wp-content\\\/uploads\\\/2018\\\/01\\\/logo.png\",\"width\":180,\"height\":60,\"caption\":\"Tapas Magazine\"},\"image\":{\"@id\":\"https:\\\/\\\/www.tapasmagazine.es\\\/#\\\/schema\\\/logo\\\/image\\\/\"},\"sameAs\":[\"https:\\\/\\\/www.facebook.com\\\/tapasmagazine\",\"https:\\\/\\\/x.com\\\/TapasMagazine\",\"https:\\\/\\\/www.instagram.com\\\/tapasmagazine\\\/\",\"https:\\\/\\\/www.linkedin.com\\\/company\\\/tapas-magazine\",\"https:\\\/\\\/es.pinterest.com\\\/tapasmagazine\\\/\",\"https:\\\/\\\/www.youtube.com\\\/channel\\\/UCEyxneAaACuR0lfDagrWjjg?sub_confirmation=1\"]},{\"@type\":\"Person\",\"@id\":\"https:\\\/\\\/www.tapasmagazine.es\\\/#\\\/schema\\\/person\\\/dddb3bce6f98f2124c204b901d74a14b\",\"name\":\"Tapas \\\/ EP\",\"url\":\"https:\\\/\\\/www.tapasmagazine.es\\\/en\\\/author\\\/tapasep\\\/\"}]}<\/script>\n<!-- \/ Yoast SEO plugin. -->","yoast_head_json":{"title":"Econom\u00eda.- UPA celebra la aprobaci\u00f3n del decreto de granjas vacunas, pero pide apostar por la ganader\u00eda familiar - Tapas","description":"La Uni\u00f3n de Peque\u00f1os Agricultores y Ganaderos (UPA) ha celebrado la reciente aprobaci\u00f3n del RD 1053\/2022 por el que se establecen normas b\u00e1sicas de","robots":{"index":"index","follow":"follow","max-snippet":"max-snippet:-1","max-image-preview":"max-image-preview:large","max-video-preview":"max-video-preview:-1"},"canonical":"https:\/\/www.tapasmagazine.es\/en\/economia-upa-celebra-la-aprobacion-del-decreto-de-granjas-vacunas-pero-pide-apostar-por-la-ganaderia-familiar\/","og_locale":"en_US","og_type":"article","og_title":"Econom\u00eda.- UPA celebra la aprobaci\u00f3n del decreto de granjas vacunas, pero pide apostar por la ganader\u00eda familiar - Tapas","og_description":"La Uni\u00f3n de Peque\u00f1os Agricultores y Ganaderos (UPA) ha celebrado la reciente aprobaci\u00f3n del RD 1053\/2022 por el que se establecen normas b\u00e1sicas de","og_url":"https:\/\/www.tapasmagazine.es\/en\/economia-upa-celebra-la-aprobacion-del-decreto-de-granjas-vacunas-pero-pide-apostar-por-la-ganaderia-familiar\/","og_site_name":"Tapas","article_publisher":"https:\/\/www.facebook.com\/tapasmagazine","article_published_time":"2023-02-28T09:17:03+00:00","article_modified_time":"2023-02-28T09:42:38+00:00","og_image":[{"width":2560,"height":1707,"url":"https:\/\/www.tapasmagazine.es\/wp-content\/uploads\/2023\/02\/fotonoticia_20230228101703_9999-scaled.jpg","type":"image\/jpeg"}],"author":"Tapas \/ EP","twitter_card":"summary_large_image","twitter_creator":"@TapasMagazine","twitter_site":"@TapasMagazine","twitter_misc":{"Written by":"Tapas \/ EP","Est. reading time":"2 minutes"},"schema":{"@context":"https:\/\/schema.org","@graph":[{"@type":"Article","@id":"https:\/\/www.tapasmagazine.es\/en\/economia-upa-celebra-la-aprobacion-del-decreto-de-granjas-vacunas-pero-pide-apostar-por-la-ganaderia-familiar\/#article","isPartOf":{"@id":"https:\/\/www.tapasmagazine.es\/en\/economia-upa-celebra-la-aprobacion-del-decreto-de-granjas-vacunas-pero-pide-apostar-por-la-ganaderia-familiar\/"},"author":{"name":"Tapas \/ EP","@id":"https:\/\/www.tapasmagazine.es\/#\/schema\/person\/dddb3bce6f98f2124c204b901d74a14b"},"headline":"Econom\u00eda.- UPA celebra la aprobaci\u00f3n del decreto de granjas vacunas, pero pide apostar por la ganader\u00eda familiar","datePublished":"2023-02-28T09:17:03+00:00","dateModified":"2023-02-28T09:42:38+00:00","mainEntityOfPage":{"@id":"https:\/\/www.tapasmagazine.es\/en\/economia-upa-celebra-la-aprobacion-del-decreto-de-granjas-vacunas-pero-pide-apostar-por-la-ganaderia-familiar\/"},"wordCount":380,"publisher":{"@id":"https:\/\/www.tapasmagazine.es\/#organization"},"image":{"@id":"https:\/\/www.tapasmagazine.es\/en\/economia-upa-celebra-la-aprobacion-del-decreto-de-granjas-vacunas-pero-pide-apostar-por-la-ganaderia-familiar\/#primaryimage"},"thumbnailUrl":"https:\/\/www.tapasmagazine.es\/wp-content\/uploads\/2023\/02\/fotonoticia_20230228101703_9999-scaled.jpg","articleSection":["\u00daltima hora"],"inLanguage":"en-US"},{"@type":"WebPage","@id":"https:\/\/www.tapasmagazine.es\/en\/economia-upa-celebra-la-aprobacion-del-decreto-de-granjas-vacunas-pero-pide-apostar-por-la-ganaderia-familiar\/","url":"https:\/\/www.tapasmagazine.es\/en\/economia-upa-celebra-la-aprobacion-del-decreto-de-granjas-vacunas-pero-pide-apostar-por-la-ganaderia-familiar\/","name":"Econom\u00eda.- UPA celebra la aprobaci\u00f3n del decreto de granjas vacunas, pero pide apostar por la ganader\u00eda familiar - Tapas","isPartOf":{"@id":"https:\/\/www.tapasmagazine.es\/#website"},"primaryImageOfPage":{"@id":"https:\/\/www.tapasmagazine.es\/en\/economia-upa-celebra-la-aprobacion-del-decreto-de-granjas-vacunas-pero-pide-apostar-por-la-ganaderia-familiar\/#primaryimage"},"image":{"@id":"https:\/\/www.tapasmagazine.es\/en\/economia-upa-celebra-la-aprobacion-del-decreto-de-granjas-vacunas-pero-pide-apostar-por-la-ganaderia-familiar\/#primaryimage"},"thumbnailUrl":"https:\/\/www.tapasmagazine.es\/wp-content\/uploads\/2023\/02\/fotonoticia_20230228101703_9999-scaled.jpg","datePublished":"2023-02-28T09:17:03+00:00","dateModified":"2023-02-28T09:42:38+00:00","description":"La Uni\u00f3n de Peque\u00f1os Agricultores y Ganaderos (UPA) ha celebrado la reciente aprobaci\u00f3n del RD 1053\/2022 por el que se establecen normas b\u00e1sicas de","breadcrumb":{"@id":"https:\/\/www.tapasmagazine.es\/en\/economia-upa-celebra-la-aprobacion-del-decreto-de-granjas-vacunas-pero-pide-apostar-por-la-ganaderia-familiar\/#breadcrumb"},"inLanguage":"en-US","potentialAction":[{"@type":"ReadAction","target":["https:\/\/www.tapasmagazine.es\/en\/economia-upa-celebra-la-aprobacion-del-decreto-de-granjas-vacunas-pero-pide-apostar-por-la-ganaderia-familiar\/"]}]},{"@type":"ImageObject","inLanguage":"en-US","@id":"https:\/\/www.tapasmagazine.es\/en\/economia-upa-celebra-la-aprobacion-del-decreto-de-granjas-vacunas-pero-pide-apostar-por-la-ganaderia-familiar\/#primaryimage","url":"https:\/\/www.tapasmagazine.es\/wp-content\/uploads\/2023\/02\/fotonoticia_20230228101703_9999-scaled.jpg","contentUrl":"https:\/\/www.tapasmagazine.es\/wp-content\/uploads\/2023\/02\/fotonoticia_20230228101703_9999-scaled.jpg","width":2560,"height":1707},{"@type":"BreadcrumbList","@id":"https:\/\/www.tapasmagazine.es\/en\/economia-upa-celebra-la-aprobacion-del-decreto-de-granjas-vacunas-pero-pide-apostar-por-la-ganaderia-familiar\/#breadcrumb","itemListElement":[{"@type":"ListItem","position":1,"name":"Portada","item":"https:\/\/www.tapasmagazine.es\/"},{"@type":"ListItem","position":2,"name":"Sin categorizar","item":"https:\/\/www.tapasmagazine.es\/categorias\/sin-categorizar-2\/"},{"@type":"ListItem","position":3,"name":"Econom\u00eda.- UPA celebra la aprobaci\u00f3n del decreto de granjas vacunas, pero pide apostar por la ganader\u00eda familiar"}]},{"@type":"WebSite","@id":"https:\/\/www.tapasmagazine.es\/#website","url":"https:\/\/www.tapasmagazine.es\/","name":"Tapas","description":"\u00d1am \u00d1am Lifestyle. La vida a bocados. Premio Nacional de Gastronom\u00eda 2016.","publisher":{"@id":"https:\/\/www.tapasmagazine.es\/#organization"},"potentialAction":[{"@type":"SearchAction","target":{"@type":"EntryPoint","urlTemplate":"https:\/\/www.tapasmagazine.es\/?s={search_term_string}"},"query-input":{"@type":"PropertyValueSpecification","valueRequired":true,"valueName":"search_term_string"}}],"inLanguage":"en-US"},{"@type":"Organization","@id":"https:\/\/www.tapasmagazine.es\/#organization","name":"Tapas Magazine","url":"https:\/\/www.tapasmagazine.es\/","logo":{"@type":"ImageObject","inLanguage":"en-US","@id":"https:\/\/www.tapasmagazine.es\/#\/schema\/logo\/image\/","url":"https:\/\/www.tapasmagazine.es\/wp-content\/uploads\/2018\/01\/logo.png","contentUrl":"https:\/\/www.tapasmagazine.es\/wp-content\/uploads\/2018\/01\/logo.png","width":180,"height":60,"caption":"Tapas Magazine"},"image":{"@id":"https:\/\/www.tapasmagazine.es\/#\/schema\/logo\/image\/"},"sameAs":["https:\/\/www.facebook.com\/tapasmagazine","https:\/\/x.com\/TapasMagazine","https:\/\/www.instagram.com\/tapasmagazine\/","https:\/\/www.linkedin.com\/company\/tapas-magazine","https:\/\/es.pinterest.com\/tapasmagazine\/","https:\/\/www.youtube.com\/channel\/UCEyxneAaACuR0lfDagrWjjg?sub_confirmation=1"]},{"@type":"Person","@id":"https:\/\/www.tapasmagazine.es\/#\/schema\/person\/dddb3bce6f98f2124c204b901d74a14b","name":"Tapas \/ EP","url":"https:\/\/www.tapasmagazine.es\/en\/author\/tapasep\/"}]}},"_links":{"self":[{"href":"https:\/\/www.tapasmagazine.es\/en\/wp-json\/wp\/v2\/posts\/176657","targetHints":{"allow":["GET"]}}],"collection":[{"href":"https:\/\/www.tapasmagazine.es\/en\/wp-json\/wp\/v2\/posts"}],"about":[{"href":"https:\/\/www.tapasmagazine.es\/en\/wp-json\/wp\/v2\/types\/post"}],"author":[{"embeddable":true,"href":"https:\/\/www.tapasmagazine.es\/en\/wp-json\/wp\/v2\/users\/277"}],"replies":[{"embeddable":true,"href":"https:\/\/www.tapasmagazine.es\/en\/wp-json\/wp\/v2\/comments?post=176657"}],"version-history":[{"count":1,"href":"https:\/\/www.tapasmagazine.es\/en\/wp-json\/wp\/v2\/posts\/176657\/revisions"}],"predecessor-version":[{"id":176658,"href":"https:\/\/www.tapasmagazine.es\/en\/wp-json\/wp\/v2\/posts\/176657\/revisions\/176658"}],"wp:featuredmedia":[{"embeddable":true,"href":"https:\/\/www.tapasmagazine.es\/en\/wp-json\/wp\/v2\/media\/176659"}],"wp:attachment":[{"href":"https:\/\/www.tapasmagazine.es\/en\/wp-json\/wp\/v2\/media?parent=176657"}],"wp:term":[{"taxonomy":"category","embeddable":true,"href":"https:\/\/www.tapasmagazine.es\/en\/wp-json\/wp\/v2\/categories?post=176657"},{"taxonomy":"post_tag","embeddable":true,"href":"https:\/\/www.tapasmagazine.es\/en\/wp-json\/wp\/v2\/tags?post=176657"}],"curies":[{"name":"wp","href":"https:\/\/api.w.org\/{rel}","templated":true}]}}