{"id":176601,"date":"2023-02-27T16:10:52","date_gmt":"2023-02-27T15:10:52","guid":{"rendered":"https:\/\/www.tapasmagazine.es\/?p=176601"},"modified":"2023-02-27T16:12:34","modified_gmt":"2023-02-27T15:12:34","slug":"economia-asaja-ve-positivas-las-medidas-tomadas-con-la-viruela-ovina-al-no-haber-ningun-caso-positivo-los-ultimos-dias","status":"publish","type":"post","link":"https:\/\/www.tapasmagazine.es\/en\/economia-asaja-ve-positivas-las-medidas-tomadas-con-la-viruela-ovina-al-no-haber-ningun-caso-positivo-los-ultimos-dias\/","title":{"rendered":"Econom\u00eda.- Asaja ve positivas las medidas tomadas con la viruela ovina al no haber ning\u00fan caso positivo los \u00faltimos d\u00edas"},"content":{"rendered":"<p>La Asociaci\u00f3n Agraria de J\u00f3venes Agricultores (Asaja) ha considerado como positivas las medidas que se han tomado para combatir el brote de viruela ovina en diferentes explotaciones ganaderas en Castilla-La Mancha tras no detectarse ning\u00fan caso positivo desde los \u00faltimos d\u00edas.<\/p>\n<p>   As\u00ed lo ha manifestado el presidente nacional de la organizaci\u00f3n agracia, Pedro Barato, quien ha asegurado en Cuenca que, aunque las medidas tomadas por la Administraci\u00f3n al principio se ve\u00edan duras, &#8220;que no haya salido ning\u00fan caso positivo estos \u00faltimos d\u00edas y que las muestras de la semana pasada fueran negativas es un tema muy importante y positivo&#8221;.<\/p>\n<p>   Con m\u00e1s de 40.000 cabezas de ganado sacrificado, ha hecho que la producci\u00f3n de queso manchego sea menor que la curva de demanda, pero gracias a dejarse guiar por los profesionales y las medidas que se han tomado la situaci\u00f3n est\u00e1 empezando a normalizarse.<\/p>\n<p>   De este modo, ha asegurado que no ha sido &#8220;plato de buen gusto&#8221; el tener que sacrificar a tantas cabezas de ganado, porque considera que los da\u00f1os colaterales van a ser &#8220;mucho peor&#8221; que los da\u00f1os principales.<\/p>\n<p>   Por eso, ha se\u00f1alado que es ahora &#8220;cuando las administraciones tienen que tener la capacidad de obrar y poner las medidas materiales para ayudar a los ganaderos de forma urgente&#8221;.<\/p>\n<p>PIDE IMPLANTAR YA MEDIDAS CONTRA LOS CONEJOS <\/p>\n<p>   En otro orden de asuntos, Barato se ha pronunciado sobre la plaga de conejos que afecta a varias zonas de Castilla-La Mancha. &#8220;Lleva muchos a\u00f1os ocurriendo&#8221;, ha asegurado el l\u00edder nacional de Asaja, quien ha afeado a las administraciones que en una carta remitida al presidente de Asaja en Albacete &#8220;pr\u00e1cticamente se culpara a los agricultores de esta plaga por sembrar cebada&#8221;.<\/p>\n<p>   &#8220;Tiene que haber un equilibrio entre flora y fauna&#8221;, ha reclamado Barato, por lo que ha pedido aplicar medidas para quitar a estos animales salvajes, que principalmente se localizan en zonas pr\u00f3ximas a autov\u00edas o l\u00edneas ferroviarias de la Alta Velocidad.<\/p>\n<p>   Por eso ve &#8220;urgente&#8221; que se pongan medidas, m\u00e1s a\u00fan cuando est\u00e1 siendo un a\u00f1o con escasas precipitaciones, lo que hace que la situaci\u00f3n sea &#8220;m\u00e1s complicada a\u00fan&#8221;.<\/p>\n<p>   Ah\u00ed ha mostrado su deseo de que las medidas que ha dado a conocer la Consejer\u00eda en los \u00faltimos d\u00edas &#8220;sean de verdad y se pongan en marcha cuanto antes&#8221; porque los da\u00f1os que se est\u00e1n teniendo con los conejos &#8220;pueden ser m\u00e1s graves que los que hay en determinadas situaciones como el vino o el vacuno&#8221;.<\/p>\n<p>   &#8220;H\u00e1ganse ya las medidas para recoger a estos animales porque hay que quitarlos ya de donde est\u00e1n&#8221;, ha apremiado el l\u00edder nacional de la organizaci\u00f3n agraria.<\/p>\n","protected":false},"excerpt":{"rendered":"<p>La Asociaci\u00f3n Agraria de J\u00f3venes Agricultores (Asaja) ha considerado como positivas las medidas que se han tomado para combatir el brote de viruela ovina en diferentes explotaciones ganaderas en Castilla-La Mancha tras no detectarse ning\u00fan caso positivo desde los \u00faltimos d\u00edas. As\u00ed lo ha manifestado el presidente nacional de la organizaci\u00f3n agracia, Pedro Barato, quien [&hellip;]<\/p>\n","protected":false},"author":277,"featured_media":176603,"comment_status":"close","ping_status":"","sticky":false,"template":"single-feature.php","format":"standard","meta":{"_acf_changed":false,"footnotes":""},"categories":[15645],"tags":[],"class_list":["post-176601","post","type-post","status-publish","format-standard","has-post-thumbnail","hentry","category-ultima-hora","cat-15645-id"],"acf":[],"yoast_head":"<!-- This site is optimized with the Yoast SEO plugin v27.4 - https:\/\/yoast.com\/product\/yoast-seo-wordpress\/ -->\n<title>Econom\u00eda.- Asaja ve positivas las medidas tomadas con la viruela ovina al no haber ning\u00fan caso positivo los \u00faltimos d\u00edas - Tapas<\/title>\n<meta name=\"description\" content=\"La Asociaci\u00f3n Agraria de J\u00f3venes Agricultores (Asaja) ha considerado como positivas las medidas que se han tomado para combatir el brote de viruela ovina\" \/>\n<meta name=\"robots\" content=\"index, follow, max-snippet:-1, max-image-preview:large, max-video-preview:-1\" \/>\n<link rel=\"canonical\" href=\"https:\/\/www.tapasmagazine.es\/en\/economia-asaja-ve-positivas-las-medidas-tomadas-con-la-viruela-ovina-al-no-haber-ningun-caso-positivo-los-ultimos-dias\/\" \/>\n<meta property=\"og:locale\" content=\"en_US\" \/>\n<meta property=\"og:type\" content=\"article\" \/>\n<meta property=\"og:title\" content=\"Econom\u00eda.- Asaja ve positivas las medidas tomadas con la viruela ovina al no haber ning\u00fan caso positivo los \u00faltimos d\u00edas - Tapas\" \/>\n<meta property=\"og:description\" content=\"La Asociaci\u00f3n Agraria de J\u00f3venes Agricultores (Asaja) ha considerado como positivas las medidas que se han tomado para combatir el brote de viruela ovina\" \/>\n<meta property=\"og:url\" content=\"https:\/\/www.tapasmagazine.es\/en\/economia-asaja-ve-positivas-las-medidas-tomadas-con-la-viruela-ovina-al-no-haber-ningun-caso-positivo-los-ultimos-dias\/\" \/>\n<meta property=\"og:site_name\" content=\"Tapas\" \/>\n<meta property=\"article:publisher\" content=\"https:\/\/www.facebook.com\/tapasmagazine\" \/>\n<meta property=\"article:published_time\" content=\"2023-02-27T15:10:52+00:00\" \/>\n<meta property=\"article:modified_time\" content=\"2023-02-27T15:12:34+00:00\" \/>\n<meta property=\"og:image\" content=\"https:\/\/www.tapasmagazine.es\/wp-content\/uploads\/2023\/02\/fotonoticia_20230227161052_9999-scaled.jpg\" \/>\n\t<meta property=\"og:image:width\" content=\"2560\" \/>\n\t<meta property=\"og:image:height\" content=\"1442\" \/>\n\t<meta property=\"og:image:type\" content=\"image\/jpeg\" \/>\n<meta name=\"author\" content=\"Tapas \/ EP\" \/>\n<meta name=\"twitter:card\" content=\"summary_large_image\" \/>\n<meta name=\"twitter:creator\" content=\"@TapasMagazine\" \/>\n<meta name=\"twitter:site\" content=\"@TapasMagazine\" \/>\n<meta name=\"twitter:label1\" content=\"Written by\" \/>\n\t<meta name=\"twitter:data1\" content=\"Tapas \/ EP\" \/>\n\t<meta name=\"twitter:label2\" content=\"Est. reading time\" \/>\n\t<meta name=\"twitter:data2\" content=\"2 minutes\" \/>\n<script type=\"application\/ld+json\" class=\"yoast-schema-graph\">{\"@context\":\"https:\\\/\\\/schema.org\",\"@graph\":[{\"@type\":\"Article\",\"@id\":\"https:\\\/\\\/www.tapasmagazine.es\\\/en\\\/economia-asaja-ve-positivas-las-medidas-tomadas-con-la-viruela-ovina-al-no-haber-ningun-caso-positivo-los-ultimos-dias\\\/#article\",\"isPartOf\":{\"@id\":\"https:\\\/\\\/www.tapasmagazine.es\\\/en\\\/economia-asaja-ve-positivas-las-medidas-tomadas-con-la-viruela-ovina-al-no-haber-ningun-caso-positivo-los-ultimos-dias\\\/\"},\"author\":{\"name\":\"Tapas \\\/ EP\",\"@id\":\"https:\\\/\\\/www.tapasmagazine.es\\\/#\\\/schema\\\/person\\\/dddb3bce6f98f2124c204b901d74a14b\"},\"headline\":\"Econom\u00eda.- Asaja ve positivas las medidas tomadas con la viruela ovina al no haber ning\u00fan caso positivo los \u00faltimos d\u00edas\",\"datePublished\":\"2023-02-27T15:10:52+00:00\",\"dateModified\":\"2023-02-27T15:12:34+00:00\",\"mainEntityOfPage\":{\"@id\":\"https:\\\/\\\/www.tapasmagazine.es\\\/en\\\/economia-asaja-ve-positivas-las-medidas-tomadas-con-la-viruela-ovina-al-no-haber-ningun-caso-positivo-los-ultimos-dias\\\/\"},\"wordCount\":490,\"publisher\":{\"@id\":\"https:\\\/\\\/www.tapasmagazine.es\\\/#organization\"},\"image\":{\"@id\":\"https:\\\/\\\/www.tapasmagazine.es\\\/en\\\/economia-asaja-ve-positivas-las-medidas-tomadas-con-la-viruela-ovina-al-no-haber-ningun-caso-positivo-los-ultimos-dias\\\/#primaryimage\"},\"thumbnailUrl\":\"https:\\\/\\\/www.tapasmagazine.es\\\/wp-content\\\/uploads\\\/2023\\\/02\\\/fotonoticia_20230227161052_9999-scaled.jpg\",\"articleSection\":[\"\u00daltima hora\"],\"inLanguage\":\"en-US\"},{\"@type\":\"WebPage\",\"@id\":\"https:\\\/\\\/www.tapasmagazine.es\\\/en\\\/economia-asaja-ve-positivas-las-medidas-tomadas-con-la-viruela-ovina-al-no-haber-ningun-caso-positivo-los-ultimos-dias\\\/\",\"url\":\"https:\\\/\\\/www.tapasmagazine.es\\\/en\\\/economia-asaja-ve-positivas-las-medidas-tomadas-con-la-viruela-ovina-al-no-haber-ningun-caso-positivo-los-ultimos-dias\\\/\",\"name\":\"Econom\u00eda.- Asaja ve positivas las medidas tomadas con la viruela ovina al no haber ning\u00fan caso positivo los \u00faltimos d\u00edas - Tapas\",\"isPartOf\":{\"@id\":\"https:\\\/\\\/www.tapasmagazine.es\\\/#website\"},\"primaryImageOfPage\":{\"@id\":\"https:\\\/\\\/www.tapasmagazine.es\\\/en\\\/economia-asaja-ve-positivas-las-medidas-tomadas-con-la-viruela-ovina-al-no-haber-ningun-caso-positivo-los-ultimos-dias\\\/#primaryimage\"},\"image\":{\"@id\":\"https:\\\/\\\/www.tapasmagazine.es\\\/en\\\/economia-asaja-ve-positivas-las-medidas-tomadas-con-la-viruela-ovina-al-no-haber-ningun-caso-positivo-los-ultimos-dias\\\/#primaryimage\"},\"thumbnailUrl\":\"https:\\\/\\\/www.tapasmagazine.es\\\/wp-content\\\/uploads\\\/2023\\\/02\\\/fotonoticia_20230227161052_9999-scaled.jpg\",\"datePublished\":\"2023-02-27T15:10:52+00:00\",\"dateModified\":\"2023-02-27T15:12:34+00:00\",\"description\":\"La Asociaci\u00f3n Agraria de J\u00f3venes Agricultores (Asaja) ha considerado como positivas las medidas que se han tomado para combatir el brote de viruela ovina\",\"breadcrumb\":{\"@id\":\"https:\\\/\\\/www.tapasmagazine.es\\\/en\\\/economia-asaja-ve-positivas-las-medidas-tomadas-con-la-viruela-ovina-al-no-haber-ningun-caso-positivo-los-ultimos-dias\\\/#breadcrumb\"},\"inLanguage\":\"en-US\",\"potentialAction\":[{\"@type\":\"ReadAction\",\"target\":[\"https:\\\/\\\/www.tapasmagazine.es\\\/en\\\/economia-asaja-ve-positivas-las-medidas-tomadas-con-la-viruela-ovina-al-no-haber-ningun-caso-positivo-los-ultimos-dias\\\/\"]}]},{\"@type\":\"ImageObject\",\"inLanguage\":\"en-US\",\"@id\":\"https:\\\/\\\/www.tapasmagazine.es\\\/en\\\/economia-asaja-ve-positivas-las-medidas-tomadas-con-la-viruela-ovina-al-no-haber-ningun-caso-positivo-los-ultimos-dias\\\/#primaryimage\",\"url\":\"https:\\\/\\\/www.tapasmagazine.es\\\/wp-content\\\/uploads\\\/2023\\\/02\\\/fotonoticia_20230227161052_9999-scaled.jpg\",\"contentUrl\":\"https:\\\/\\\/www.tapasmagazine.es\\\/wp-content\\\/uploads\\\/2023\\\/02\\\/fotonoticia_20230227161052_9999-scaled.jpg\",\"width\":2560,\"height\":1442},{\"@type\":\"BreadcrumbList\",\"@id\":\"https:\\\/\\\/www.tapasmagazine.es\\\/en\\\/economia-asaja-ve-positivas-las-medidas-tomadas-con-la-viruela-ovina-al-no-haber-ningun-caso-positivo-los-ultimos-dias\\\/#breadcrumb\",\"itemListElement\":[{\"@type\":\"ListItem\",\"position\":1,\"name\":\"Portada\",\"item\":\"https:\\\/\\\/www.tapasmagazine.es\\\/\"},{\"@type\":\"ListItem\",\"position\":2,\"name\":\"Sin categorizar\",\"item\":\"https:\\\/\\\/www.tapasmagazine.es\\\/categorias\\\/sin-categorizar\\\/\"},{\"@type\":\"ListItem\",\"position\":3,\"name\":\"Econom\u00eda.- Asaja ve positivas las medidas tomadas con la viruela ovina al no haber ning\u00fan caso positivo los \u00faltimos d\u00edas\"}]},{\"@type\":\"WebSite\",\"@id\":\"https:\\\/\\\/www.tapasmagazine.es\\\/#website\",\"url\":\"https:\\\/\\\/www.tapasmagazine.es\\\/\",\"name\":\"Tapas\",\"description\":\"\u00d1am \u00d1am Lifestyle. La vida a bocados. Premio Nacional de Gastronom\u00eda 2016.\",\"publisher\":{\"@id\":\"https:\\\/\\\/www.tapasmagazine.es\\\/#organization\"},\"potentialAction\":[{\"@type\":\"SearchAction\",\"target\":{\"@type\":\"EntryPoint\",\"urlTemplate\":\"https:\\\/\\\/www.tapasmagazine.es\\\/?s={search_term_string}\"},\"query-input\":{\"@type\":\"PropertyValueSpecification\",\"valueRequired\":true,\"valueName\":\"search_term_string\"}}],\"inLanguage\":\"en-US\"},{\"@type\":\"Organization\",\"@id\":\"https:\\\/\\\/www.tapasmagazine.es\\\/#organization\",\"name\":\"Tapas Magazine\",\"url\":\"https:\\\/\\\/www.tapasmagazine.es\\\/\",\"logo\":{\"@type\":\"ImageObject\",\"inLanguage\":\"en-US\",\"@id\":\"https:\\\/\\\/www.tapasmagazine.es\\\/#\\\/schema\\\/logo\\\/image\\\/\",\"url\":\"https:\\\/\\\/www.tapasmagazine.es\\\/wp-content\\\/uploads\\\/2018\\\/01\\\/logo.png\",\"contentUrl\":\"https:\\\/\\\/www.tapasmagazine.es\\\/wp-content\\\/uploads\\\/2018\\\/01\\\/logo.png\",\"width\":180,\"height\":60,\"caption\":\"Tapas Magazine\"},\"image\":{\"@id\":\"https:\\\/\\\/www.tapasmagazine.es\\\/#\\\/schema\\\/logo\\\/image\\\/\"},\"sameAs\":[\"https:\\\/\\\/www.facebook.com\\\/tapasmagazine\",\"https:\\\/\\\/x.com\\\/TapasMagazine\",\"https:\\\/\\\/www.instagram.com\\\/tapasmagazine\\\/\",\"https:\\\/\\\/www.linkedin.com\\\/company\\\/tapas-magazine\",\"https:\\\/\\\/es.pinterest.com\\\/tapasmagazine\\\/\",\"https:\\\/\\\/www.youtube.com\\\/channel\\\/UCEyxneAaACuR0lfDagrWjjg?sub_confirmation=1\"]},{\"@type\":\"Person\",\"@id\":\"https:\\\/\\\/www.tapasmagazine.es\\\/#\\\/schema\\\/person\\\/dddb3bce6f98f2124c204b901d74a14b\",\"name\":\"Tapas \\\/ EP\",\"url\":\"https:\\\/\\\/www.tapasmagazine.es\\\/en\\\/author\\\/tapasep\\\/\"}]}<\/script>\n<!-- \/ Yoast SEO plugin. -->","yoast_head_json":{"title":"Econom\u00eda.- Asaja ve positivas las medidas tomadas con la viruela ovina al no haber ning\u00fan caso positivo los \u00faltimos d\u00edas - Tapas","description":"La Asociaci\u00f3n Agraria de J\u00f3venes Agricultores (Asaja) ha considerado como positivas las medidas que se han tomado para combatir el brote de viruela ovina","robots":{"index":"index","follow":"follow","max-snippet":"max-snippet:-1","max-image-preview":"max-image-preview:large","max-video-preview":"max-video-preview:-1"},"canonical":"https:\/\/www.tapasmagazine.es\/en\/economia-asaja-ve-positivas-las-medidas-tomadas-con-la-viruela-ovina-al-no-haber-ningun-caso-positivo-los-ultimos-dias\/","og_locale":"en_US","og_type":"article","og_title":"Econom\u00eda.- Asaja ve positivas las medidas tomadas con la viruela ovina al no haber ning\u00fan caso positivo los \u00faltimos d\u00edas - Tapas","og_description":"La Asociaci\u00f3n Agraria de J\u00f3venes Agricultores (Asaja) ha considerado como positivas las medidas que se han tomado para combatir el brote de viruela ovina","og_url":"https:\/\/www.tapasmagazine.es\/en\/economia-asaja-ve-positivas-las-medidas-tomadas-con-la-viruela-ovina-al-no-haber-ningun-caso-positivo-los-ultimos-dias\/","og_site_name":"Tapas","article_publisher":"https:\/\/www.facebook.com\/tapasmagazine","article_published_time":"2023-02-27T15:10:52+00:00","article_modified_time":"2023-02-27T15:12:34+00:00","og_image":[{"width":2560,"height":1442,"url":"https:\/\/www.tapasmagazine.es\/wp-content\/uploads\/2023\/02\/fotonoticia_20230227161052_9999-scaled.jpg","type":"image\/jpeg"}],"author":"Tapas \/ EP","twitter_card":"summary_large_image","twitter_creator":"@TapasMagazine","twitter_site":"@TapasMagazine","twitter_misc":{"Written by":"Tapas \/ EP","Est. reading time":"2 minutes"},"schema":{"@context":"https:\/\/schema.org","@graph":[{"@type":"Article","@id":"https:\/\/www.tapasmagazine.es\/en\/economia-asaja-ve-positivas-las-medidas-tomadas-con-la-viruela-ovina-al-no-haber-ningun-caso-positivo-los-ultimos-dias\/#article","isPartOf":{"@id":"https:\/\/www.tapasmagazine.es\/en\/economia-asaja-ve-positivas-las-medidas-tomadas-con-la-viruela-ovina-al-no-haber-ningun-caso-positivo-los-ultimos-dias\/"},"author":{"name":"Tapas \/ EP","@id":"https:\/\/www.tapasmagazine.es\/#\/schema\/person\/dddb3bce6f98f2124c204b901d74a14b"},"headline":"Econom\u00eda.- Asaja ve positivas las medidas tomadas con la viruela ovina al no haber ning\u00fan caso positivo los \u00faltimos d\u00edas","datePublished":"2023-02-27T15:10:52+00:00","dateModified":"2023-02-27T15:12:34+00:00","mainEntityOfPage":{"@id":"https:\/\/www.tapasmagazine.es\/en\/economia-asaja-ve-positivas-las-medidas-tomadas-con-la-viruela-ovina-al-no-haber-ningun-caso-positivo-los-ultimos-dias\/"},"wordCount":490,"publisher":{"@id":"https:\/\/www.tapasmagazine.es\/#organization"},"image":{"@id":"https:\/\/www.tapasmagazine.es\/en\/economia-asaja-ve-positivas-las-medidas-tomadas-con-la-viruela-ovina-al-no-haber-ningun-caso-positivo-los-ultimos-dias\/#primaryimage"},"thumbnailUrl":"https:\/\/www.tapasmagazine.es\/wp-content\/uploads\/2023\/02\/fotonoticia_20230227161052_9999-scaled.jpg","articleSection":["\u00daltima hora"],"inLanguage":"en-US"},{"@type":"WebPage","@id":"https:\/\/www.tapasmagazine.es\/en\/economia-asaja-ve-positivas-las-medidas-tomadas-con-la-viruela-ovina-al-no-haber-ningun-caso-positivo-los-ultimos-dias\/","url":"https:\/\/www.tapasmagazine.es\/en\/economia-asaja-ve-positivas-las-medidas-tomadas-con-la-viruela-ovina-al-no-haber-ningun-caso-positivo-los-ultimos-dias\/","name":"Econom\u00eda.- Asaja ve positivas las medidas tomadas con la viruela ovina al no haber ning\u00fan caso positivo los \u00faltimos d\u00edas - Tapas","isPartOf":{"@id":"https:\/\/www.tapasmagazine.es\/#website"},"primaryImageOfPage":{"@id":"https:\/\/www.tapasmagazine.es\/en\/economia-asaja-ve-positivas-las-medidas-tomadas-con-la-viruela-ovina-al-no-haber-ningun-caso-positivo-los-ultimos-dias\/#primaryimage"},"image":{"@id":"https:\/\/www.tapasmagazine.es\/en\/economia-asaja-ve-positivas-las-medidas-tomadas-con-la-viruela-ovina-al-no-haber-ningun-caso-positivo-los-ultimos-dias\/#primaryimage"},"thumbnailUrl":"https:\/\/www.tapasmagazine.es\/wp-content\/uploads\/2023\/02\/fotonoticia_20230227161052_9999-scaled.jpg","datePublished":"2023-02-27T15:10:52+00:00","dateModified":"2023-02-27T15:12:34+00:00","description":"La Asociaci\u00f3n Agraria de J\u00f3venes Agricultores (Asaja) ha considerado como positivas las medidas que se han tomado para combatir el brote de viruela ovina","breadcrumb":{"@id":"https:\/\/www.tapasmagazine.es\/en\/economia-asaja-ve-positivas-las-medidas-tomadas-con-la-viruela-ovina-al-no-haber-ningun-caso-positivo-los-ultimos-dias\/#breadcrumb"},"inLanguage":"en-US","potentialAction":[{"@type":"ReadAction","target":["https:\/\/www.tapasmagazine.es\/en\/economia-asaja-ve-positivas-las-medidas-tomadas-con-la-viruela-ovina-al-no-haber-ningun-caso-positivo-los-ultimos-dias\/"]}]},{"@type":"ImageObject","inLanguage":"en-US","@id":"https:\/\/www.tapasmagazine.es\/en\/economia-asaja-ve-positivas-las-medidas-tomadas-con-la-viruela-ovina-al-no-haber-ningun-caso-positivo-los-ultimos-dias\/#primaryimage","url":"https:\/\/www.tapasmagazine.es\/wp-content\/uploads\/2023\/02\/fotonoticia_20230227161052_9999-scaled.jpg","contentUrl":"https:\/\/www.tapasmagazine.es\/wp-content\/uploads\/2023\/02\/fotonoticia_20230227161052_9999-scaled.jpg","width":2560,"height":1442},{"@type":"BreadcrumbList","@id":"https:\/\/www.tapasmagazine.es\/en\/economia-asaja-ve-positivas-las-medidas-tomadas-con-la-viruela-ovina-al-no-haber-ningun-caso-positivo-los-ultimos-dias\/#breadcrumb","itemListElement":[{"@type":"ListItem","position":1,"name":"Portada","item":"https:\/\/www.tapasmagazine.es\/"},{"@type":"ListItem","position":2,"name":"Sin categorizar","item":"https:\/\/www.tapasmagazine.es\/categorias\/sin-categorizar\/"},{"@type":"ListItem","position":3,"name":"Econom\u00eda.- Asaja ve positivas las medidas tomadas con la viruela ovina al no haber ning\u00fan caso positivo los \u00faltimos d\u00edas"}]},{"@type":"WebSite","@id":"https:\/\/www.tapasmagazine.es\/#website","url":"https:\/\/www.tapasmagazine.es\/","name":"Tapas","description":"\u00d1am \u00d1am Lifestyle. La vida a bocados. Premio Nacional de Gastronom\u00eda 2016.","publisher":{"@id":"https:\/\/www.tapasmagazine.es\/#organization"},"potentialAction":[{"@type":"SearchAction","target":{"@type":"EntryPoint","urlTemplate":"https:\/\/www.tapasmagazine.es\/?s={search_term_string}"},"query-input":{"@type":"PropertyValueSpecification","valueRequired":true,"valueName":"search_term_string"}}],"inLanguage":"en-US"},{"@type":"Organization","@id":"https:\/\/www.tapasmagazine.es\/#organization","name":"Tapas Magazine","url":"https:\/\/www.tapasmagazine.es\/","logo":{"@type":"ImageObject","inLanguage":"en-US","@id":"https:\/\/www.tapasmagazine.es\/#\/schema\/logo\/image\/","url":"https:\/\/www.tapasmagazine.es\/wp-content\/uploads\/2018\/01\/logo.png","contentUrl":"https:\/\/www.tapasmagazine.es\/wp-content\/uploads\/2018\/01\/logo.png","width":180,"height":60,"caption":"Tapas Magazine"},"image":{"@id":"https:\/\/www.tapasmagazine.es\/#\/schema\/logo\/image\/"},"sameAs":["https:\/\/www.facebook.com\/tapasmagazine","https:\/\/x.com\/TapasMagazine","https:\/\/www.instagram.com\/tapasmagazine\/","https:\/\/www.linkedin.com\/company\/tapas-magazine","https:\/\/es.pinterest.com\/tapasmagazine\/","https:\/\/www.youtube.com\/channel\/UCEyxneAaACuR0lfDagrWjjg?sub_confirmation=1"]},{"@type":"Person","@id":"https:\/\/www.tapasmagazine.es\/#\/schema\/person\/dddb3bce6f98f2124c204b901d74a14b","name":"Tapas \/ EP","url":"https:\/\/www.tapasmagazine.es\/en\/author\/tapasep\/"}]}},"_links":{"self":[{"href":"https:\/\/www.tapasmagazine.es\/en\/wp-json\/wp\/v2\/posts\/176601","targetHints":{"allow":["GET"]}}],"collection":[{"href":"https:\/\/www.tapasmagazine.es\/en\/wp-json\/wp\/v2\/posts"}],"about":[{"href":"https:\/\/www.tapasmagazine.es\/en\/wp-json\/wp\/v2\/types\/post"}],"author":[{"embeddable":true,"href":"https:\/\/www.tapasmagazine.es\/en\/wp-json\/wp\/v2\/users\/277"}],"replies":[{"embeddable":true,"href":"https:\/\/www.tapasmagazine.es\/en\/wp-json\/wp\/v2\/comments?post=176601"}],"version-history":[{"count":1,"href":"https:\/\/www.tapasmagazine.es\/en\/wp-json\/wp\/v2\/posts\/176601\/revisions"}],"predecessor-version":[{"id":176602,"href":"https:\/\/www.tapasmagazine.es\/en\/wp-json\/wp\/v2\/posts\/176601\/revisions\/176602"}],"wp:featuredmedia":[{"embeddable":true,"href":"https:\/\/www.tapasmagazine.es\/en\/wp-json\/wp\/v2\/media\/176603"}],"wp:attachment":[{"href":"https:\/\/www.tapasmagazine.es\/en\/wp-json\/wp\/v2\/media?parent=176601"}],"wp:term":[{"taxonomy":"category","embeddable":true,"href":"https:\/\/www.tapasmagazine.es\/en\/wp-json\/wp\/v2\/categories?post=176601"},{"taxonomy":"post_tag","embeddable":true,"href":"https:\/\/www.tapasmagazine.es\/en\/wp-json\/wp\/v2\/tags?post=176601"}],"curies":[{"name":"wp","href":"https:\/\/api.w.org\/{rel}","templated":true}]}}