{"id":176591,"date":"2023-02-27T15:24:56","date_gmt":"2023-02-27T14:24:56","guid":{"rendered":"https:\/\/www.tapasmagazine.es\/?p=176591"},"modified":"2023-02-27T15:42:34","modified_gmt":"2023-02-27T14:42:34","slug":"economia-el-gobierno-britanico-se-reune-con-los-supermercados-para-abordar-la-crisis-de-abastecimiento-de-verduras","status":"publish","type":"post","link":"https:\/\/www.tapasmagazine.es\/en\/economia-el-gobierno-britanico-se-reune-con-los-supermercados-para-abordar-la-crisis-de-abastecimiento-de-verduras\/","title":{"rendered":"Econom\u00eda.- El Gobierno brit\u00e1nico se re\u00fane con los supermercados para abordar la crisis de abastecimiento de verduras"},"content":{"rendered":"<p>El ministro de Alimentaci\u00f3n, Agricultura y Pesca del Reino Unido, Mark Spencer, ha convocado este lunes a los jefes de las cadenas de supermercados del pa\u00eds para conocer qu\u00e9 medidas est\u00e1n adoptando para paliar el efecto de los problemas de abastecimiento de frutas y verduras desde mercados con Espa\u00f1a y el Norte de \u00c1frica, que ha llevado a varias cadenas de distribuci\u00f3n minorista a racionar el n\u00famero de productos frescos que pueden adquirirse.<\/p>\n<p>   La reuni\u00f3n con los representantes de las principales cadenas de distribuci\u00f3n minorista en Reino Unido se produce cuando los consumidores contin\u00faan enfrentando restricciones al comprar ciertos productos frescos en muchos supermercados.<\/p>\n<p>   De hecho, este mismo lunes la cadena de supermercados Lidl en Reino Unido era la \u00faltima en sumarse a las restricciones que ya aplicaban supermercados como Tesco, Aldi, Asda y Morrisons, seg\u00fan se\u00f1ala el diario &#8216;The Guardian&#8217;.<\/p>\n<p>   En declaraciones recogidas por &#8216;PA Media&#8217;, el ministro Spencer ha destacado que la situaci\u00f3n actual, causada por el mal tiempo, muestra cu\u00e1n dependiente puede ser el Reino Unido de ciertas rutas comerciales para algunos tipos de alimentos.<\/p>\n<p>     &#8220;S\u00e9 que las familias esperan que los productos frescos que necesitan est\u00e9n en los estantes cuando van a su tienda semanal. Es por eso que llamo a los jefes de los supermercados para averiguar qu\u00e9 est\u00e1n haciendo para volver a llenar los estantes y para describir c\u00f3mo podemos evitar que esto se repita&#8221;, ha a\u00f1adido.<\/p>\n<p>     De su lado, Tom Bradshaw, vicepresidente del sindicato de granjeros NFU, ha advertido de que el riesgo de no producir en el Reino Unido es volverse &#8220;m\u00e1s dependientes de las importaciones de Espa\u00f1a y Marruecos&#8221;, por lo que cuando tienen problemas de producci\u00f3n all\u00ed, se encuentran los estantes vac\u00edos que se est\u00e1n viendo en este momento.<\/p>\n<p>     En esta l\u00ednea, Andrew Opie, director de Alimentaci\u00f3n y Sostenibilidad del British Retail Consortium, explicaba la semana pasada que las dif\u00edciles condiciones clim\u00e1ticas en el sur de Europa y el norte de \u00c1frica han interrumpido la cosecha de algunas frutas y verduras, incluidos tomates y pimientos.<\/p>\n<p>   &#8220;Si bien se espera que la interrupci\u00f3n dure algunas semanas, los supermercados son expertos en la gesti\u00f3n de los problemas de la cadena de suministro y est\u00e1n trabajando con los agricultores para garantizar que los clientes puedan acceder a una amplia gama de productos frescos&#8221;, defendi\u00f3 el experto.<\/p>\n<p>   Por su parte, el director de los supermercados Waitrose, James Bailey, atribu\u00eda esta situaci\u00f3n a &#8220;un fen\u00f3meno meteorol\u00f3gico extraordinario en Espa\u00f1a&#8221; y a que los productores del Reino Unido &#8220;no han encendido sus invernaderos debido a los altos precios de la energ\u00eda&#8221;. &#8220;Se trata de un problema de mal tiempo en Espa\u00f1a y Norte de \u00c1frica&#8221;, se\u00f1alaba.<\/p>\n<p>   Seg\u00fan las estimaciones del British Retail Consortium, el Reino Unido Breta\u00f1a normalmente importa el 95% de sus tomates y el 90% de las lechugas entre diciembre y marzo.<\/p>\n","protected":false},"excerpt":{"rendered":"<p>El ministro de Alimentaci\u00f3n, Agricultura y Pesca del Reino Unido, Mark Spencer, ha convocado este lunes a los jefes de las cadenas de supermercados del pa\u00eds para conocer qu\u00e9 medidas est\u00e1n adoptando para paliar el efecto de los problemas de abastecimiento de frutas y verduras desde mercados con Espa\u00f1a y el Norte de \u00c1frica, que [&hellip;]<\/p>\n","protected":false},"author":277,"featured_media":176593,"comment_status":"close","ping_status":"","sticky":false,"template":"single-feature.php","format":"standard","meta":{"_acf_changed":false,"footnotes":""},"categories":[15645],"tags":[],"class_list":["post-176591","post","type-post","status-publish","format-standard","has-post-thumbnail","hentry","category-ultima-hora","cat-15645-id"],"acf":[],"yoast_head":"<!-- This site is optimized with the Yoast SEO plugin v27.4 - https:\/\/yoast.com\/product\/yoast-seo-wordpress\/ -->\n<title>Econom\u00eda.- El Gobierno brit\u00e1nico se re\u00fane con los supermercados para abordar la crisis de abastecimiento de verduras - Tapas<\/title>\n<meta name=\"description\" content=\"El ministro de Alimentaci\u00f3n, Agricultura y Pesca del Reino Unido, Mark Spencer, ha convocado este lunes a los jefes de las cadenas de supermercados del\" \/>\n<meta name=\"robots\" content=\"index, follow, max-snippet:-1, max-image-preview:large, max-video-preview:-1\" \/>\n<link rel=\"canonical\" href=\"https:\/\/www.tapasmagazine.es\/en\/economia-el-gobierno-britanico-se-reune-con-los-supermercados-para-abordar-la-crisis-de-abastecimiento-de-verduras\/\" \/>\n<meta property=\"og:locale\" content=\"en_US\" \/>\n<meta property=\"og:type\" content=\"article\" \/>\n<meta property=\"og:title\" content=\"Econom\u00eda.- El Gobierno brit\u00e1nico se re\u00fane con los supermercados para abordar la crisis de abastecimiento de verduras - Tapas\" \/>\n<meta property=\"og:description\" content=\"El ministro de Alimentaci\u00f3n, Agricultura y Pesca del Reino Unido, Mark Spencer, ha convocado este lunes a los jefes de las cadenas de supermercados del\" \/>\n<meta property=\"og:url\" content=\"https:\/\/www.tapasmagazine.es\/en\/economia-el-gobierno-britanico-se-reune-con-los-supermercados-para-abordar-la-crisis-de-abastecimiento-de-verduras\/\" \/>\n<meta property=\"og:site_name\" content=\"Tapas\" \/>\n<meta property=\"article:publisher\" content=\"https:\/\/www.facebook.com\/tapasmagazine\" \/>\n<meta property=\"article:published_time\" content=\"2023-02-27T14:24:56+00:00\" \/>\n<meta property=\"article:modified_time\" content=\"2023-02-27T14:42:34+00:00\" \/>\n<meta property=\"og:image\" content=\"https:\/\/www.tapasmagazine.es\/wp-content\/uploads\/2023\/02\/fotonoticia_20230227152456_9999.jpg\" \/>\n\t<meta property=\"og:image:width\" content=\"1024\" \/>\n\t<meta property=\"og:image:height\" content=\"768\" \/>\n\t<meta property=\"og:image:type\" content=\"image\/jpeg\" \/>\n<meta name=\"author\" content=\"Tapas \/ EP\" \/>\n<meta name=\"twitter:card\" content=\"summary_large_image\" \/>\n<meta name=\"twitter:creator\" content=\"@TapasMagazine\" \/>\n<meta name=\"twitter:site\" content=\"@TapasMagazine\" \/>\n<meta name=\"twitter:label1\" content=\"Written by\" \/>\n\t<meta name=\"twitter:data1\" content=\"Tapas \/ EP\" \/>\n\t<meta name=\"twitter:label2\" content=\"Est. reading time\" \/>\n\t<meta name=\"twitter:data2\" content=\"3 minutes\" \/>\n<script type=\"application\/ld+json\" class=\"yoast-schema-graph\">{\"@context\":\"https:\\\/\\\/schema.org\",\"@graph\":[{\"@type\":\"Article\",\"@id\":\"https:\\\/\\\/www.tapasmagazine.es\\\/en\\\/economia-el-gobierno-britanico-se-reune-con-los-supermercados-para-abordar-la-crisis-de-abastecimiento-de-verduras\\\/#article\",\"isPartOf\":{\"@id\":\"https:\\\/\\\/www.tapasmagazine.es\\\/en\\\/economia-el-gobierno-britanico-se-reune-con-los-supermercados-para-abordar-la-crisis-de-abastecimiento-de-verduras\\\/\"},\"author\":{\"name\":\"Tapas \\\/ EP\",\"@id\":\"https:\\\/\\\/www.tapasmagazine.es\\\/#\\\/schema\\\/person\\\/dddb3bce6f98f2124c204b901d74a14b\"},\"headline\":\"Econom\u00eda.- El Gobierno brit\u00e1nico se re\u00fane con los supermercados para abordar la crisis de abastecimiento de verduras\",\"datePublished\":\"2023-02-27T14:24:56+00:00\",\"dateModified\":\"2023-02-27T14:42:34+00:00\",\"mainEntityOfPage\":{\"@id\":\"https:\\\/\\\/www.tapasmagazine.es\\\/en\\\/economia-el-gobierno-britanico-se-reune-con-los-supermercados-para-abordar-la-crisis-de-abastecimiento-de-verduras\\\/\"},\"wordCount\":526,\"publisher\":{\"@id\":\"https:\\\/\\\/www.tapasmagazine.es\\\/#organization\"},\"image\":{\"@id\":\"https:\\\/\\\/www.tapasmagazine.es\\\/en\\\/economia-el-gobierno-britanico-se-reune-con-los-supermercados-para-abordar-la-crisis-de-abastecimiento-de-verduras\\\/#primaryimage\"},\"thumbnailUrl\":\"https:\\\/\\\/www.tapasmagazine.es\\\/wp-content\\\/uploads\\\/2023\\\/02\\\/fotonoticia_20230227152456_9999.jpg\",\"articleSection\":[\"\u00daltima hora\"],\"inLanguage\":\"en-US\"},{\"@type\":\"WebPage\",\"@id\":\"https:\\\/\\\/www.tapasmagazine.es\\\/en\\\/economia-el-gobierno-britanico-se-reune-con-los-supermercados-para-abordar-la-crisis-de-abastecimiento-de-verduras\\\/\",\"url\":\"https:\\\/\\\/www.tapasmagazine.es\\\/en\\\/economia-el-gobierno-britanico-se-reune-con-los-supermercados-para-abordar-la-crisis-de-abastecimiento-de-verduras\\\/\",\"name\":\"Econom\u00eda.- El Gobierno brit\u00e1nico se re\u00fane con los supermercados para abordar la crisis de abastecimiento de verduras - Tapas\",\"isPartOf\":{\"@id\":\"https:\\\/\\\/www.tapasmagazine.es\\\/#website\"},\"primaryImageOfPage\":{\"@id\":\"https:\\\/\\\/www.tapasmagazine.es\\\/en\\\/economia-el-gobierno-britanico-se-reune-con-los-supermercados-para-abordar-la-crisis-de-abastecimiento-de-verduras\\\/#primaryimage\"},\"image\":{\"@id\":\"https:\\\/\\\/www.tapasmagazine.es\\\/en\\\/economia-el-gobierno-britanico-se-reune-con-los-supermercados-para-abordar-la-crisis-de-abastecimiento-de-verduras\\\/#primaryimage\"},\"thumbnailUrl\":\"https:\\\/\\\/www.tapasmagazine.es\\\/wp-content\\\/uploads\\\/2023\\\/02\\\/fotonoticia_20230227152456_9999.jpg\",\"datePublished\":\"2023-02-27T14:24:56+00:00\",\"dateModified\":\"2023-02-27T14:42:34+00:00\",\"description\":\"El ministro de Alimentaci\u00f3n, Agricultura y Pesca del Reino Unido, Mark Spencer, ha convocado este lunes a los jefes de las cadenas de supermercados del\",\"breadcrumb\":{\"@id\":\"https:\\\/\\\/www.tapasmagazine.es\\\/en\\\/economia-el-gobierno-britanico-se-reune-con-los-supermercados-para-abordar-la-crisis-de-abastecimiento-de-verduras\\\/#breadcrumb\"},\"inLanguage\":\"en-US\",\"potentialAction\":[{\"@type\":\"ReadAction\",\"target\":[\"https:\\\/\\\/www.tapasmagazine.es\\\/en\\\/economia-el-gobierno-britanico-se-reune-con-los-supermercados-para-abordar-la-crisis-de-abastecimiento-de-verduras\\\/\"]}]},{\"@type\":\"ImageObject\",\"inLanguage\":\"en-US\",\"@id\":\"https:\\\/\\\/www.tapasmagazine.es\\\/en\\\/economia-el-gobierno-britanico-se-reune-con-los-supermercados-para-abordar-la-crisis-de-abastecimiento-de-verduras\\\/#primaryimage\",\"url\":\"https:\\\/\\\/www.tapasmagazine.es\\\/wp-content\\\/uploads\\\/2023\\\/02\\\/fotonoticia_20230227152456_9999.jpg\",\"contentUrl\":\"https:\\\/\\\/www.tapasmagazine.es\\\/wp-content\\\/uploads\\\/2023\\\/02\\\/fotonoticia_20230227152456_9999.jpg\",\"width\":1024,\"height\":768},{\"@type\":\"BreadcrumbList\",\"@id\":\"https:\\\/\\\/www.tapasmagazine.es\\\/en\\\/economia-el-gobierno-britanico-se-reune-con-los-supermercados-para-abordar-la-crisis-de-abastecimiento-de-verduras\\\/#breadcrumb\",\"itemListElement\":[{\"@type\":\"ListItem\",\"position\":1,\"name\":\"Portada\",\"item\":\"https:\\\/\\\/www.tapasmagazine.es\\\/\"},{\"@type\":\"ListItem\",\"position\":2,\"name\":\"Sin categorizar\",\"item\":\"https:\\\/\\\/www.tapasmagazine.es\\\/categorias\\\/sin-categorizar\\\/\"},{\"@type\":\"ListItem\",\"position\":3,\"name\":\"Econom\u00eda.- El Gobierno brit\u00e1nico se re\u00fane con los supermercados para abordar la crisis de abastecimiento de verduras\"}]},{\"@type\":\"WebSite\",\"@id\":\"https:\\\/\\\/www.tapasmagazine.es\\\/#website\",\"url\":\"https:\\\/\\\/www.tapasmagazine.es\\\/\",\"name\":\"Tapas\",\"description\":\"\u00d1am \u00d1am Lifestyle. La vida a bocados. Premio Nacional de Gastronom\u00eda 2016.\",\"publisher\":{\"@id\":\"https:\\\/\\\/www.tapasmagazine.es\\\/#organization\"},\"potentialAction\":[{\"@type\":\"SearchAction\",\"target\":{\"@type\":\"EntryPoint\",\"urlTemplate\":\"https:\\\/\\\/www.tapasmagazine.es\\\/?s={search_term_string}\"},\"query-input\":{\"@type\":\"PropertyValueSpecification\",\"valueRequired\":true,\"valueName\":\"search_term_string\"}}],\"inLanguage\":\"en-US\"},{\"@type\":\"Organization\",\"@id\":\"https:\\\/\\\/www.tapasmagazine.es\\\/#organization\",\"name\":\"Tapas Magazine\",\"url\":\"https:\\\/\\\/www.tapasmagazine.es\\\/\",\"logo\":{\"@type\":\"ImageObject\",\"inLanguage\":\"en-US\",\"@id\":\"https:\\\/\\\/www.tapasmagazine.es\\\/#\\\/schema\\\/logo\\\/image\\\/\",\"url\":\"https:\\\/\\\/www.tapasmagazine.es\\\/wp-content\\\/uploads\\\/2018\\\/01\\\/logo.png\",\"contentUrl\":\"https:\\\/\\\/www.tapasmagazine.es\\\/wp-content\\\/uploads\\\/2018\\\/01\\\/logo.png\",\"width\":180,\"height\":60,\"caption\":\"Tapas Magazine\"},\"image\":{\"@id\":\"https:\\\/\\\/www.tapasmagazine.es\\\/#\\\/schema\\\/logo\\\/image\\\/\"},\"sameAs\":[\"https:\\\/\\\/www.facebook.com\\\/tapasmagazine\",\"https:\\\/\\\/x.com\\\/TapasMagazine\",\"https:\\\/\\\/www.instagram.com\\\/tapasmagazine\\\/\",\"https:\\\/\\\/www.linkedin.com\\\/company\\\/tapas-magazine\",\"https:\\\/\\\/es.pinterest.com\\\/tapasmagazine\\\/\",\"https:\\\/\\\/www.youtube.com\\\/channel\\\/UCEyxneAaACuR0lfDagrWjjg?sub_confirmation=1\"]},{\"@type\":\"Person\",\"@id\":\"https:\\\/\\\/www.tapasmagazine.es\\\/#\\\/schema\\\/person\\\/dddb3bce6f98f2124c204b901d74a14b\",\"name\":\"Tapas \\\/ EP\",\"url\":\"https:\\\/\\\/www.tapasmagazine.es\\\/en\\\/author\\\/tapasep\\\/\"}]}<\/script>\n<!-- \/ Yoast SEO plugin. -->","yoast_head_json":{"title":"Econom\u00eda.- El Gobierno brit\u00e1nico se re\u00fane con los supermercados para abordar la crisis de abastecimiento de verduras - Tapas","description":"El ministro de Alimentaci\u00f3n, Agricultura y Pesca del Reino Unido, Mark Spencer, ha convocado este lunes a los jefes de las cadenas de supermercados del","robots":{"index":"index","follow":"follow","max-snippet":"max-snippet:-1","max-image-preview":"max-image-preview:large","max-video-preview":"max-video-preview:-1"},"canonical":"https:\/\/www.tapasmagazine.es\/en\/economia-el-gobierno-britanico-se-reune-con-los-supermercados-para-abordar-la-crisis-de-abastecimiento-de-verduras\/","og_locale":"en_US","og_type":"article","og_title":"Econom\u00eda.- El Gobierno brit\u00e1nico se re\u00fane con los supermercados para abordar la crisis de abastecimiento de verduras - Tapas","og_description":"El ministro de Alimentaci\u00f3n, Agricultura y Pesca del Reino Unido, Mark Spencer, ha convocado este lunes a los jefes de las cadenas de supermercados del","og_url":"https:\/\/www.tapasmagazine.es\/en\/economia-el-gobierno-britanico-se-reune-con-los-supermercados-para-abordar-la-crisis-de-abastecimiento-de-verduras\/","og_site_name":"Tapas","article_publisher":"https:\/\/www.facebook.com\/tapasmagazine","article_published_time":"2023-02-27T14:24:56+00:00","article_modified_time":"2023-02-27T14:42:34+00:00","og_image":[{"width":1024,"height":768,"url":"https:\/\/www.tapasmagazine.es\/wp-content\/uploads\/2023\/02\/fotonoticia_20230227152456_9999.jpg","type":"image\/jpeg"}],"author":"Tapas \/ EP","twitter_card":"summary_large_image","twitter_creator":"@TapasMagazine","twitter_site":"@TapasMagazine","twitter_misc":{"Written by":"Tapas \/ EP","Est. reading time":"3 minutes"},"schema":{"@context":"https:\/\/schema.org","@graph":[{"@type":"Article","@id":"https:\/\/www.tapasmagazine.es\/en\/economia-el-gobierno-britanico-se-reune-con-los-supermercados-para-abordar-la-crisis-de-abastecimiento-de-verduras\/#article","isPartOf":{"@id":"https:\/\/www.tapasmagazine.es\/en\/economia-el-gobierno-britanico-se-reune-con-los-supermercados-para-abordar-la-crisis-de-abastecimiento-de-verduras\/"},"author":{"name":"Tapas \/ EP","@id":"https:\/\/www.tapasmagazine.es\/#\/schema\/person\/dddb3bce6f98f2124c204b901d74a14b"},"headline":"Econom\u00eda.- El Gobierno brit\u00e1nico se re\u00fane con los supermercados para abordar la crisis de abastecimiento de verduras","datePublished":"2023-02-27T14:24:56+00:00","dateModified":"2023-02-27T14:42:34+00:00","mainEntityOfPage":{"@id":"https:\/\/www.tapasmagazine.es\/en\/economia-el-gobierno-britanico-se-reune-con-los-supermercados-para-abordar-la-crisis-de-abastecimiento-de-verduras\/"},"wordCount":526,"publisher":{"@id":"https:\/\/www.tapasmagazine.es\/#organization"},"image":{"@id":"https:\/\/www.tapasmagazine.es\/en\/economia-el-gobierno-britanico-se-reune-con-los-supermercados-para-abordar-la-crisis-de-abastecimiento-de-verduras\/#primaryimage"},"thumbnailUrl":"https:\/\/www.tapasmagazine.es\/wp-content\/uploads\/2023\/02\/fotonoticia_20230227152456_9999.jpg","articleSection":["\u00daltima hora"],"inLanguage":"en-US"},{"@type":"WebPage","@id":"https:\/\/www.tapasmagazine.es\/en\/economia-el-gobierno-britanico-se-reune-con-los-supermercados-para-abordar-la-crisis-de-abastecimiento-de-verduras\/","url":"https:\/\/www.tapasmagazine.es\/en\/economia-el-gobierno-britanico-se-reune-con-los-supermercados-para-abordar-la-crisis-de-abastecimiento-de-verduras\/","name":"Econom\u00eda.- El Gobierno brit\u00e1nico se re\u00fane con los supermercados para abordar la crisis de abastecimiento de verduras - Tapas","isPartOf":{"@id":"https:\/\/www.tapasmagazine.es\/#website"},"primaryImageOfPage":{"@id":"https:\/\/www.tapasmagazine.es\/en\/economia-el-gobierno-britanico-se-reune-con-los-supermercados-para-abordar-la-crisis-de-abastecimiento-de-verduras\/#primaryimage"},"image":{"@id":"https:\/\/www.tapasmagazine.es\/en\/economia-el-gobierno-britanico-se-reune-con-los-supermercados-para-abordar-la-crisis-de-abastecimiento-de-verduras\/#primaryimage"},"thumbnailUrl":"https:\/\/www.tapasmagazine.es\/wp-content\/uploads\/2023\/02\/fotonoticia_20230227152456_9999.jpg","datePublished":"2023-02-27T14:24:56+00:00","dateModified":"2023-02-27T14:42:34+00:00","description":"El ministro de Alimentaci\u00f3n, Agricultura y Pesca del Reino Unido, Mark Spencer, ha convocado este lunes a los jefes de las cadenas de supermercados del","breadcrumb":{"@id":"https:\/\/www.tapasmagazine.es\/en\/economia-el-gobierno-britanico-se-reune-con-los-supermercados-para-abordar-la-crisis-de-abastecimiento-de-verduras\/#breadcrumb"},"inLanguage":"en-US","potentialAction":[{"@type":"ReadAction","target":["https:\/\/www.tapasmagazine.es\/en\/economia-el-gobierno-britanico-se-reune-con-los-supermercados-para-abordar-la-crisis-de-abastecimiento-de-verduras\/"]}]},{"@type":"ImageObject","inLanguage":"en-US","@id":"https:\/\/www.tapasmagazine.es\/en\/economia-el-gobierno-britanico-se-reune-con-los-supermercados-para-abordar-la-crisis-de-abastecimiento-de-verduras\/#primaryimage","url":"https:\/\/www.tapasmagazine.es\/wp-content\/uploads\/2023\/02\/fotonoticia_20230227152456_9999.jpg","contentUrl":"https:\/\/www.tapasmagazine.es\/wp-content\/uploads\/2023\/02\/fotonoticia_20230227152456_9999.jpg","width":1024,"height":768},{"@type":"BreadcrumbList","@id":"https:\/\/www.tapasmagazine.es\/en\/economia-el-gobierno-britanico-se-reune-con-los-supermercados-para-abordar-la-crisis-de-abastecimiento-de-verduras\/#breadcrumb","itemListElement":[{"@type":"ListItem","position":1,"name":"Portada","item":"https:\/\/www.tapasmagazine.es\/"},{"@type":"ListItem","position":2,"name":"Sin categorizar","item":"https:\/\/www.tapasmagazine.es\/categorias\/sin-categorizar\/"},{"@type":"ListItem","position":3,"name":"Econom\u00eda.- El Gobierno brit\u00e1nico se re\u00fane con los supermercados para abordar la crisis de abastecimiento de verduras"}]},{"@type":"WebSite","@id":"https:\/\/www.tapasmagazine.es\/#website","url":"https:\/\/www.tapasmagazine.es\/","name":"Tapas","description":"\u00d1am \u00d1am Lifestyle. La vida a bocados. Premio Nacional de Gastronom\u00eda 2016.","publisher":{"@id":"https:\/\/www.tapasmagazine.es\/#organization"},"potentialAction":[{"@type":"SearchAction","target":{"@type":"EntryPoint","urlTemplate":"https:\/\/www.tapasmagazine.es\/?s={search_term_string}"},"query-input":{"@type":"PropertyValueSpecification","valueRequired":true,"valueName":"search_term_string"}}],"inLanguage":"en-US"},{"@type":"Organization","@id":"https:\/\/www.tapasmagazine.es\/#organization","name":"Tapas Magazine","url":"https:\/\/www.tapasmagazine.es\/","logo":{"@type":"ImageObject","inLanguage":"en-US","@id":"https:\/\/www.tapasmagazine.es\/#\/schema\/logo\/image\/","url":"https:\/\/www.tapasmagazine.es\/wp-content\/uploads\/2018\/01\/logo.png","contentUrl":"https:\/\/www.tapasmagazine.es\/wp-content\/uploads\/2018\/01\/logo.png","width":180,"height":60,"caption":"Tapas Magazine"},"image":{"@id":"https:\/\/www.tapasmagazine.es\/#\/schema\/logo\/image\/"},"sameAs":["https:\/\/www.facebook.com\/tapasmagazine","https:\/\/x.com\/TapasMagazine","https:\/\/www.instagram.com\/tapasmagazine\/","https:\/\/www.linkedin.com\/company\/tapas-magazine","https:\/\/es.pinterest.com\/tapasmagazine\/","https:\/\/www.youtube.com\/channel\/UCEyxneAaACuR0lfDagrWjjg?sub_confirmation=1"]},{"@type":"Person","@id":"https:\/\/www.tapasmagazine.es\/#\/schema\/person\/dddb3bce6f98f2124c204b901d74a14b","name":"Tapas \/ EP","url":"https:\/\/www.tapasmagazine.es\/en\/author\/tapasep\/"}]}},"_links":{"self":[{"href":"https:\/\/www.tapasmagazine.es\/en\/wp-json\/wp\/v2\/posts\/176591","targetHints":{"allow":["GET"]}}],"collection":[{"href":"https:\/\/www.tapasmagazine.es\/en\/wp-json\/wp\/v2\/posts"}],"about":[{"href":"https:\/\/www.tapasmagazine.es\/en\/wp-json\/wp\/v2\/types\/post"}],"author":[{"embeddable":true,"href":"https:\/\/www.tapasmagazine.es\/en\/wp-json\/wp\/v2\/users\/277"}],"replies":[{"embeddable":true,"href":"https:\/\/www.tapasmagazine.es\/en\/wp-json\/wp\/v2\/comments?post=176591"}],"version-history":[{"count":1,"href":"https:\/\/www.tapasmagazine.es\/en\/wp-json\/wp\/v2\/posts\/176591\/revisions"}],"predecessor-version":[{"id":176592,"href":"https:\/\/www.tapasmagazine.es\/en\/wp-json\/wp\/v2\/posts\/176591\/revisions\/176592"}],"wp:featuredmedia":[{"embeddable":true,"href":"https:\/\/www.tapasmagazine.es\/en\/wp-json\/wp\/v2\/media\/176593"}],"wp:attachment":[{"href":"https:\/\/www.tapasmagazine.es\/en\/wp-json\/wp\/v2\/media?parent=176591"}],"wp:term":[{"taxonomy":"category","embeddable":true,"href":"https:\/\/www.tapasmagazine.es\/en\/wp-json\/wp\/v2\/categories?post=176591"},{"taxonomy":"post_tag","embeddable":true,"href":"https:\/\/www.tapasmagazine.es\/en\/wp-json\/wp\/v2\/tags?post=176591"}],"curies":[{"name":"wp","href":"https:\/\/api.w.org\/{rel}","templated":true}]}}