{"id":176584,"date":"2023-02-27T14:47:14","date_gmt":"2023-02-27T13:47:14","guid":{"rendered":"https:\/\/www.tapasmagazine.es\/?p=176584"},"modified":"2023-02-27T15:11:56","modified_gmt":"2023-02-27T14:11:56","slug":"economia-asaja-ve-necesario-aumentar-los-radares-y-cuantia-de-sanciones-en-ley-de-cadena-para-tener-precios-objetivos","status":"publish","type":"post","link":"https:\/\/www.tapasmagazine.es\/en\/economia-asaja-ve-necesario-aumentar-los-radares-y-cuantia-de-sanciones-en-ley-de-cadena-para-tener-precios-objetivos\/","title":{"rendered":"Econom\u00eda.-Asaja ve necesario aumentar los &#8220;radares&#8221; y cuant\u00eda de sanciones en Ley de Cadena para tener precios objetivos"},"content":{"rendered":"<p>El presidente nacional de Asaja, Pedro Barato, ve necesario incrementar &#8220;los radares&#8221; que vigilan el cumplimiento de la Ley de la Cadena Alimentaria, al mismo tiempo que cree que habr\u00eda que incrementar las sanciones recogidas en el texto para que as\u00ed los ganaderos y agricultores &#8220;puedan tener unos precios objetivos&#8221;.<\/p>\n<p>   As\u00ed se ha pronunciado desde Cuenca el l\u00edder de la organizaci\u00f3n agraria preguntado sobre la reuni\u00f3n que se est\u00e1 celebrando este lunes de la Agencia de Informaci\u00f3n y Cadena de Control Alimentaria (Aica) y si ve necesario reforzar los mecanismos para evitar abusos en las relaciones comerciales, a lo que ha respondido que, aunque la agencia es un mecanismo positivo, es necesario ese incremento de controles.<\/p>\n<p>   Lo ha ejemplificado en materia de tr\u00e1fico asegurando que &#8220;si vas por la carretera a m\u00e1s de lo que marca la velocidad, hay radares y guardias civiles que te multan, pero en la cadena alimentaria no hay ni uno ni otro&#8221;.<\/p>\n<p>   Por ese motivo, aunque &#8220;espor\u00e1dicamente&#8221; se pueda ver alguno de esos radares como la multa a 82 empresas, &#8220;hay que incrementar las sanciones&#8221;.<\/p>\n<p>   Y es que, a su juicio, sancionar con 3.000 euros a estas empresas &#8220;es muy poco dado el volumen y la facturaci\u00f3n que tienen&#8221;, por lo que desde Asaja reclaman m\u00e1s controles para que no se produzcan estas situaciones. &#8220;Hay que jugar limpiamente y que haya una trazabilidad de todo&#8221;.<\/p>\n<p>   Por eso, cree que aunque la ley est\u00e1 ah\u00ed, &#8220;hay que mejorarla para conseguir un precio objetivo con lo que cuesta la producci\u00f3n&#8221;.<\/p>\n<p>CELEBRA QUE HAYA PAC, &#8220;PERO NADA M\u00c1S&#8221;<\/p>\n<p>   Por otro lado, ha recordado que este martes &#8220;saldr\u00e1 la caja de sorpresas&#8221; de la nueva Pol\u00edtica Agraria Com\u00fan (PAC) con las asignaciones de los derechos individuales a ganaderos y agricultores espa\u00f1oles.<\/p>\n<p>   Barato opina que esta nueva PAC, en l\u00edneas generales, &#8220;no beneficia al pa\u00eds&#8221;. &#8220;Cuando una PAC se hace castigando al profesional de la agricultura y a la agricultura profesional a m\u00ed no me gusta&#8221;, ha asegurado.<\/p>\n<p>   Tambi\u00e9n ha dejado claro que \u00e9l no va en contra de la agricultura a tiempo parcial y considera que hay que mantenerla, &#8220;pero hay que hacer discriminaci\u00f3n positiva para el profesional de la agricultura y para la agricultura profesional, y en esta PAC se priman m\u00e1s otras cosas y vamos a ver qu\u00e9 es lo que ocurre&#8221;.<\/p>\n<p>   &#8220;De esta PAC, lo mejor es que hay PAC, pero nada m\u00e1s&#8221;, ha subrayado Barato, quien ha pedido trabajar ya por la futura PAC y ha incidido en que el comisario responsable de la misma parece &#8220;que va entendiendo a los agricultores profesionales y que no se pueden pedir m\u00e1s cosas con menos dinero&#8221;.<\/p>\n<p>   Esta nueva PAC, a juicio de Barato, va a suponer que se produzca menos con m\u00e1s costes.<\/p>\n","protected":false},"excerpt":{"rendered":"<p>El presidente nacional de Asaja, Pedro Barato, ve necesario incrementar &#8220;los radares&#8221; que vigilan el cumplimiento de la Ley de la Cadena Alimentaria, al mismo tiempo que cree que habr\u00eda que incrementar las sanciones recogidas en el texto para que as\u00ed los ganaderos y agricultores &#8220;puedan tener unos precios objetivos&#8221;. As\u00ed se ha pronunciado desde [&hellip;]<\/p>\n","protected":false},"author":277,"featured_media":176586,"comment_status":"close","ping_status":"","sticky":false,"template":"single-feature.php","format":"standard","meta":{"_acf_changed":false,"footnotes":""},"categories":[15645],"tags":[],"class_list":["post-176584","post","type-post","status-publish","format-standard","has-post-thumbnail","hentry","category-ultima-hora","cat-15645-id"],"acf":[],"yoast_head":"<!-- This site is optimized with the Yoast SEO plugin v27.4 - https:\/\/yoast.com\/product\/yoast-seo-wordpress\/ -->\n<title>Econom\u00eda.-Asaja ve necesario aumentar los &quot;radares&quot; y cuant\u00eda de sanciones en Ley de Cadena para tener precios objetivos - Tapas<\/title>\n<meta name=\"description\" content=\"El presidente nacional de Asaja, Pedro Barato, ve necesario incrementar &quot;los radares&quot; que vigilan el cumplimiento de la Ley de la Cadena Alimentaria, al\" \/>\n<meta name=\"robots\" content=\"index, follow, max-snippet:-1, max-image-preview:large, max-video-preview:-1\" \/>\n<link rel=\"canonical\" href=\"https:\/\/www.tapasmagazine.es\/en\/economia-asaja-ve-necesario-aumentar-los-radares-y-cuantia-de-sanciones-en-ley-de-cadena-para-tener-precios-objetivos\/\" \/>\n<meta property=\"og:locale\" content=\"en_US\" \/>\n<meta property=\"og:type\" content=\"article\" \/>\n<meta property=\"og:title\" content=\"Econom\u00eda.-Asaja ve necesario aumentar los &quot;radares&quot; y cuant\u00eda de sanciones en Ley de Cadena para tener precios objetivos - Tapas\" \/>\n<meta property=\"og:description\" content=\"El presidente nacional de Asaja, Pedro Barato, ve necesario incrementar &quot;los radares&quot; que vigilan el cumplimiento de la Ley de la Cadena Alimentaria, al\" \/>\n<meta property=\"og:url\" content=\"https:\/\/www.tapasmagazine.es\/en\/economia-asaja-ve-necesario-aumentar-los-radares-y-cuantia-de-sanciones-en-ley-de-cadena-para-tener-precios-objetivos\/\" \/>\n<meta property=\"og:site_name\" content=\"Tapas\" \/>\n<meta property=\"article:publisher\" content=\"https:\/\/www.facebook.com\/tapasmagazine\" \/>\n<meta property=\"article:published_time\" content=\"2023-02-27T13:47:14+00:00\" \/>\n<meta property=\"article:modified_time\" content=\"2023-02-27T14:11:56+00:00\" \/>\n<meta property=\"og:image\" content=\"https:\/\/www.tapasmagazine.es\/wp-content\/uploads\/2023\/02\/fotonoticia_20230227144714_9999-scaled.jpg\" \/>\n\t<meta property=\"og:image:width\" content=\"2560\" \/>\n\t<meta property=\"og:image:height\" content=\"1442\" \/>\n\t<meta property=\"og:image:type\" content=\"image\/jpeg\" \/>\n<meta name=\"author\" content=\"Tapas \/ EP\" \/>\n<meta name=\"twitter:card\" content=\"summary_large_image\" \/>\n<meta name=\"twitter:creator\" content=\"@TapasMagazine\" \/>\n<meta name=\"twitter:site\" content=\"@TapasMagazine\" \/>\n<meta name=\"twitter:label1\" content=\"Written by\" \/>\n\t<meta name=\"twitter:data1\" content=\"Tapas \/ EP\" \/>\n\t<meta name=\"twitter:label2\" content=\"Est. reading time\" \/>\n\t<meta name=\"twitter:data2\" content=\"2 minutes\" \/>\n<script type=\"application\/ld+json\" class=\"yoast-schema-graph\">{\"@context\":\"https:\\\/\\\/schema.org\",\"@graph\":[{\"@type\":\"Article\",\"@id\":\"https:\\\/\\\/www.tapasmagazine.es\\\/en\\\/economia-asaja-ve-necesario-aumentar-los-radares-y-cuantia-de-sanciones-en-ley-de-cadena-para-tener-precios-objetivos\\\/#article\",\"isPartOf\":{\"@id\":\"https:\\\/\\\/www.tapasmagazine.es\\\/en\\\/economia-asaja-ve-necesario-aumentar-los-radares-y-cuantia-de-sanciones-en-ley-de-cadena-para-tener-precios-objetivos\\\/\"},\"author\":{\"name\":\"Tapas \\\/ EP\",\"@id\":\"https:\\\/\\\/www.tapasmagazine.es\\\/#\\\/schema\\\/person\\\/dddb3bce6f98f2124c204b901d74a14b\"},\"headline\":\"Econom\u00eda.-Asaja ve necesario aumentar los &#8220;radares&#8221; y cuant\u00eda de sanciones en Ley de Cadena para tener precios objetivos\",\"datePublished\":\"2023-02-27T13:47:14+00:00\",\"dateModified\":\"2023-02-27T14:11:56+00:00\",\"mainEntityOfPage\":{\"@id\":\"https:\\\/\\\/www.tapasmagazine.es\\\/en\\\/economia-asaja-ve-necesario-aumentar-los-radares-y-cuantia-de-sanciones-en-ley-de-cadena-para-tener-precios-objetivos\\\/\"},\"wordCount\":498,\"publisher\":{\"@id\":\"https:\\\/\\\/www.tapasmagazine.es\\\/#organization\"},\"image\":{\"@id\":\"https:\\\/\\\/www.tapasmagazine.es\\\/en\\\/economia-asaja-ve-necesario-aumentar-los-radares-y-cuantia-de-sanciones-en-ley-de-cadena-para-tener-precios-objetivos\\\/#primaryimage\"},\"thumbnailUrl\":\"https:\\\/\\\/www.tapasmagazine.es\\\/wp-content\\\/uploads\\\/2023\\\/02\\\/fotonoticia_20230227144714_9999-scaled.jpg\",\"articleSection\":[\"\u00daltima hora\"],\"inLanguage\":\"en-US\"},{\"@type\":\"WebPage\",\"@id\":\"https:\\\/\\\/www.tapasmagazine.es\\\/en\\\/economia-asaja-ve-necesario-aumentar-los-radares-y-cuantia-de-sanciones-en-ley-de-cadena-para-tener-precios-objetivos\\\/\",\"url\":\"https:\\\/\\\/www.tapasmagazine.es\\\/en\\\/economia-asaja-ve-necesario-aumentar-los-radares-y-cuantia-de-sanciones-en-ley-de-cadena-para-tener-precios-objetivos\\\/\",\"name\":\"Econom\u00eda.-Asaja ve necesario aumentar los \\\"radares\\\" y cuant\u00eda de sanciones en Ley de Cadena para tener precios objetivos - Tapas\",\"isPartOf\":{\"@id\":\"https:\\\/\\\/www.tapasmagazine.es\\\/#website\"},\"primaryImageOfPage\":{\"@id\":\"https:\\\/\\\/www.tapasmagazine.es\\\/en\\\/economia-asaja-ve-necesario-aumentar-los-radares-y-cuantia-de-sanciones-en-ley-de-cadena-para-tener-precios-objetivos\\\/#primaryimage\"},\"image\":{\"@id\":\"https:\\\/\\\/www.tapasmagazine.es\\\/en\\\/economia-asaja-ve-necesario-aumentar-los-radares-y-cuantia-de-sanciones-en-ley-de-cadena-para-tener-precios-objetivos\\\/#primaryimage\"},\"thumbnailUrl\":\"https:\\\/\\\/www.tapasmagazine.es\\\/wp-content\\\/uploads\\\/2023\\\/02\\\/fotonoticia_20230227144714_9999-scaled.jpg\",\"datePublished\":\"2023-02-27T13:47:14+00:00\",\"dateModified\":\"2023-02-27T14:11:56+00:00\",\"description\":\"El presidente nacional de Asaja, Pedro Barato, ve necesario incrementar \\\"los radares\\\" que vigilan el cumplimiento de la Ley de la Cadena Alimentaria, al\",\"breadcrumb\":{\"@id\":\"https:\\\/\\\/www.tapasmagazine.es\\\/en\\\/economia-asaja-ve-necesario-aumentar-los-radares-y-cuantia-de-sanciones-en-ley-de-cadena-para-tener-precios-objetivos\\\/#breadcrumb\"},\"inLanguage\":\"en-US\",\"potentialAction\":[{\"@type\":\"ReadAction\",\"target\":[\"https:\\\/\\\/www.tapasmagazine.es\\\/en\\\/economia-asaja-ve-necesario-aumentar-los-radares-y-cuantia-de-sanciones-en-ley-de-cadena-para-tener-precios-objetivos\\\/\"]}]},{\"@type\":\"ImageObject\",\"inLanguage\":\"en-US\",\"@id\":\"https:\\\/\\\/www.tapasmagazine.es\\\/en\\\/economia-asaja-ve-necesario-aumentar-los-radares-y-cuantia-de-sanciones-en-ley-de-cadena-para-tener-precios-objetivos\\\/#primaryimage\",\"url\":\"https:\\\/\\\/www.tapasmagazine.es\\\/wp-content\\\/uploads\\\/2023\\\/02\\\/fotonoticia_20230227144714_9999-scaled.jpg\",\"contentUrl\":\"https:\\\/\\\/www.tapasmagazine.es\\\/wp-content\\\/uploads\\\/2023\\\/02\\\/fotonoticia_20230227144714_9999-scaled.jpg\",\"width\":2560,\"height\":1442},{\"@type\":\"BreadcrumbList\",\"@id\":\"https:\\\/\\\/www.tapasmagazine.es\\\/en\\\/economia-asaja-ve-necesario-aumentar-los-radares-y-cuantia-de-sanciones-en-ley-de-cadena-para-tener-precios-objetivos\\\/#breadcrumb\",\"itemListElement\":[{\"@type\":\"ListItem\",\"position\":1,\"name\":\"Portada\",\"item\":\"https:\\\/\\\/www.tapasmagazine.es\\\/\"},{\"@type\":\"ListItem\",\"position\":2,\"name\":\"Sin categorizar\",\"item\":\"https:\\\/\\\/www.tapasmagazine.es\\\/categorias\\\/sin-categorizar\\\/\"},{\"@type\":\"ListItem\",\"position\":3,\"name\":\"Econom\u00eda.-Asaja ve necesario aumentar los \u00abradares\u00bb y cuant\u00eda de sanciones en Ley de Cadena para tener precios objetivos\"}]},{\"@type\":\"WebSite\",\"@id\":\"https:\\\/\\\/www.tapasmagazine.es\\\/#website\",\"url\":\"https:\\\/\\\/www.tapasmagazine.es\\\/\",\"name\":\"Tapas\",\"description\":\"\u00d1am \u00d1am Lifestyle. La vida a bocados. Premio Nacional de Gastronom\u00eda 2016.\",\"publisher\":{\"@id\":\"https:\\\/\\\/www.tapasmagazine.es\\\/#organization\"},\"potentialAction\":[{\"@type\":\"SearchAction\",\"target\":{\"@type\":\"EntryPoint\",\"urlTemplate\":\"https:\\\/\\\/www.tapasmagazine.es\\\/?s={search_term_string}\"},\"query-input\":{\"@type\":\"PropertyValueSpecification\",\"valueRequired\":true,\"valueName\":\"search_term_string\"}}],\"inLanguage\":\"en-US\"},{\"@type\":\"Organization\",\"@id\":\"https:\\\/\\\/www.tapasmagazine.es\\\/#organization\",\"name\":\"Tapas Magazine\",\"url\":\"https:\\\/\\\/www.tapasmagazine.es\\\/\",\"logo\":{\"@type\":\"ImageObject\",\"inLanguage\":\"en-US\",\"@id\":\"https:\\\/\\\/www.tapasmagazine.es\\\/#\\\/schema\\\/logo\\\/image\\\/\",\"url\":\"https:\\\/\\\/www.tapasmagazine.es\\\/wp-content\\\/uploads\\\/2018\\\/01\\\/logo.png\",\"contentUrl\":\"https:\\\/\\\/www.tapasmagazine.es\\\/wp-content\\\/uploads\\\/2018\\\/01\\\/logo.png\",\"width\":180,\"height\":60,\"caption\":\"Tapas Magazine\"},\"image\":{\"@id\":\"https:\\\/\\\/www.tapasmagazine.es\\\/#\\\/schema\\\/logo\\\/image\\\/\"},\"sameAs\":[\"https:\\\/\\\/www.facebook.com\\\/tapasmagazine\",\"https:\\\/\\\/x.com\\\/TapasMagazine\",\"https:\\\/\\\/www.instagram.com\\\/tapasmagazine\\\/\",\"https:\\\/\\\/www.linkedin.com\\\/company\\\/tapas-magazine\",\"https:\\\/\\\/es.pinterest.com\\\/tapasmagazine\\\/\",\"https:\\\/\\\/www.youtube.com\\\/channel\\\/UCEyxneAaACuR0lfDagrWjjg?sub_confirmation=1\"]},{\"@type\":\"Person\",\"@id\":\"https:\\\/\\\/www.tapasmagazine.es\\\/#\\\/schema\\\/person\\\/dddb3bce6f98f2124c204b901d74a14b\",\"name\":\"Tapas \\\/ EP\",\"url\":\"https:\\\/\\\/www.tapasmagazine.es\\\/en\\\/author\\\/tapasep\\\/\"}]}<\/script>\n<!-- \/ Yoast SEO plugin. -->","yoast_head_json":{"title":"Econom\u00eda.-Asaja ve necesario aumentar los \"radares\" y cuant\u00eda de sanciones en Ley de Cadena para tener precios objetivos - Tapas","description":"El presidente nacional de Asaja, Pedro Barato, ve necesario incrementar \"los radares\" que vigilan el cumplimiento de la Ley de la Cadena Alimentaria, al","robots":{"index":"index","follow":"follow","max-snippet":"max-snippet:-1","max-image-preview":"max-image-preview:large","max-video-preview":"max-video-preview:-1"},"canonical":"https:\/\/www.tapasmagazine.es\/en\/economia-asaja-ve-necesario-aumentar-los-radares-y-cuantia-de-sanciones-en-ley-de-cadena-para-tener-precios-objetivos\/","og_locale":"en_US","og_type":"article","og_title":"Econom\u00eda.-Asaja ve necesario aumentar los \"radares\" y cuant\u00eda de sanciones en Ley de Cadena para tener precios objetivos - Tapas","og_description":"El presidente nacional de Asaja, Pedro Barato, ve necesario incrementar \"los radares\" que vigilan el cumplimiento de la Ley de la Cadena Alimentaria, al","og_url":"https:\/\/www.tapasmagazine.es\/en\/economia-asaja-ve-necesario-aumentar-los-radares-y-cuantia-de-sanciones-en-ley-de-cadena-para-tener-precios-objetivos\/","og_site_name":"Tapas","article_publisher":"https:\/\/www.facebook.com\/tapasmagazine","article_published_time":"2023-02-27T13:47:14+00:00","article_modified_time":"2023-02-27T14:11:56+00:00","og_image":[{"width":2560,"height":1442,"url":"https:\/\/www.tapasmagazine.es\/wp-content\/uploads\/2023\/02\/fotonoticia_20230227144714_9999-scaled.jpg","type":"image\/jpeg"}],"author":"Tapas \/ EP","twitter_card":"summary_large_image","twitter_creator":"@TapasMagazine","twitter_site":"@TapasMagazine","twitter_misc":{"Written by":"Tapas \/ EP","Est. reading time":"2 minutes"},"schema":{"@context":"https:\/\/schema.org","@graph":[{"@type":"Article","@id":"https:\/\/www.tapasmagazine.es\/en\/economia-asaja-ve-necesario-aumentar-los-radares-y-cuantia-de-sanciones-en-ley-de-cadena-para-tener-precios-objetivos\/#article","isPartOf":{"@id":"https:\/\/www.tapasmagazine.es\/en\/economia-asaja-ve-necesario-aumentar-los-radares-y-cuantia-de-sanciones-en-ley-de-cadena-para-tener-precios-objetivos\/"},"author":{"name":"Tapas \/ EP","@id":"https:\/\/www.tapasmagazine.es\/#\/schema\/person\/dddb3bce6f98f2124c204b901d74a14b"},"headline":"Econom\u00eda.-Asaja ve necesario aumentar los &#8220;radares&#8221; y cuant\u00eda de sanciones en Ley de Cadena para tener precios objetivos","datePublished":"2023-02-27T13:47:14+00:00","dateModified":"2023-02-27T14:11:56+00:00","mainEntityOfPage":{"@id":"https:\/\/www.tapasmagazine.es\/en\/economia-asaja-ve-necesario-aumentar-los-radares-y-cuantia-de-sanciones-en-ley-de-cadena-para-tener-precios-objetivos\/"},"wordCount":498,"publisher":{"@id":"https:\/\/www.tapasmagazine.es\/#organization"},"image":{"@id":"https:\/\/www.tapasmagazine.es\/en\/economia-asaja-ve-necesario-aumentar-los-radares-y-cuantia-de-sanciones-en-ley-de-cadena-para-tener-precios-objetivos\/#primaryimage"},"thumbnailUrl":"https:\/\/www.tapasmagazine.es\/wp-content\/uploads\/2023\/02\/fotonoticia_20230227144714_9999-scaled.jpg","articleSection":["\u00daltima hora"],"inLanguage":"en-US"},{"@type":"WebPage","@id":"https:\/\/www.tapasmagazine.es\/en\/economia-asaja-ve-necesario-aumentar-los-radares-y-cuantia-de-sanciones-en-ley-de-cadena-para-tener-precios-objetivos\/","url":"https:\/\/www.tapasmagazine.es\/en\/economia-asaja-ve-necesario-aumentar-los-radares-y-cuantia-de-sanciones-en-ley-de-cadena-para-tener-precios-objetivos\/","name":"Econom\u00eda.-Asaja ve necesario aumentar los \"radares\" y cuant\u00eda de sanciones en Ley de Cadena para tener precios objetivos - Tapas","isPartOf":{"@id":"https:\/\/www.tapasmagazine.es\/#website"},"primaryImageOfPage":{"@id":"https:\/\/www.tapasmagazine.es\/en\/economia-asaja-ve-necesario-aumentar-los-radares-y-cuantia-de-sanciones-en-ley-de-cadena-para-tener-precios-objetivos\/#primaryimage"},"image":{"@id":"https:\/\/www.tapasmagazine.es\/en\/economia-asaja-ve-necesario-aumentar-los-radares-y-cuantia-de-sanciones-en-ley-de-cadena-para-tener-precios-objetivos\/#primaryimage"},"thumbnailUrl":"https:\/\/www.tapasmagazine.es\/wp-content\/uploads\/2023\/02\/fotonoticia_20230227144714_9999-scaled.jpg","datePublished":"2023-02-27T13:47:14+00:00","dateModified":"2023-02-27T14:11:56+00:00","description":"El presidente nacional de Asaja, Pedro Barato, ve necesario incrementar \"los radares\" que vigilan el cumplimiento de la Ley de la Cadena Alimentaria, al","breadcrumb":{"@id":"https:\/\/www.tapasmagazine.es\/en\/economia-asaja-ve-necesario-aumentar-los-radares-y-cuantia-de-sanciones-en-ley-de-cadena-para-tener-precios-objetivos\/#breadcrumb"},"inLanguage":"en-US","potentialAction":[{"@type":"ReadAction","target":["https:\/\/www.tapasmagazine.es\/en\/economia-asaja-ve-necesario-aumentar-los-radares-y-cuantia-de-sanciones-en-ley-de-cadena-para-tener-precios-objetivos\/"]}]},{"@type":"ImageObject","inLanguage":"en-US","@id":"https:\/\/www.tapasmagazine.es\/en\/economia-asaja-ve-necesario-aumentar-los-radares-y-cuantia-de-sanciones-en-ley-de-cadena-para-tener-precios-objetivos\/#primaryimage","url":"https:\/\/www.tapasmagazine.es\/wp-content\/uploads\/2023\/02\/fotonoticia_20230227144714_9999-scaled.jpg","contentUrl":"https:\/\/www.tapasmagazine.es\/wp-content\/uploads\/2023\/02\/fotonoticia_20230227144714_9999-scaled.jpg","width":2560,"height":1442},{"@type":"BreadcrumbList","@id":"https:\/\/www.tapasmagazine.es\/en\/economia-asaja-ve-necesario-aumentar-los-radares-y-cuantia-de-sanciones-en-ley-de-cadena-para-tener-precios-objetivos\/#breadcrumb","itemListElement":[{"@type":"ListItem","position":1,"name":"Portada","item":"https:\/\/www.tapasmagazine.es\/"},{"@type":"ListItem","position":2,"name":"Sin categorizar","item":"https:\/\/www.tapasmagazine.es\/categorias\/sin-categorizar\/"},{"@type":"ListItem","position":3,"name":"Econom\u00eda.-Asaja ve necesario aumentar los \u00abradares\u00bb y cuant\u00eda de sanciones en Ley de Cadena para tener precios objetivos"}]},{"@type":"WebSite","@id":"https:\/\/www.tapasmagazine.es\/#website","url":"https:\/\/www.tapasmagazine.es\/","name":"Tapas","description":"\u00d1am \u00d1am Lifestyle. La vida a bocados. Premio Nacional de Gastronom\u00eda 2016.","publisher":{"@id":"https:\/\/www.tapasmagazine.es\/#organization"},"potentialAction":[{"@type":"SearchAction","target":{"@type":"EntryPoint","urlTemplate":"https:\/\/www.tapasmagazine.es\/?s={search_term_string}"},"query-input":{"@type":"PropertyValueSpecification","valueRequired":true,"valueName":"search_term_string"}}],"inLanguage":"en-US"},{"@type":"Organization","@id":"https:\/\/www.tapasmagazine.es\/#organization","name":"Tapas Magazine","url":"https:\/\/www.tapasmagazine.es\/","logo":{"@type":"ImageObject","inLanguage":"en-US","@id":"https:\/\/www.tapasmagazine.es\/#\/schema\/logo\/image\/","url":"https:\/\/www.tapasmagazine.es\/wp-content\/uploads\/2018\/01\/logo.png","contentUrl":"https:\/\/www.tapasmagazine.es\/wp-content\/uploads\/2018\/01\/logo.png","width":180,"height":60,"caption":"Tapas Magazine"},"image":{"@id":"https:\/\/www.tapasmagazine.es\/#\/schema\/logo\/image\/"},"sameAs":["https:\/\/www.facebook.com\/tapasmagazine","https:\/\/x.com\/TapasMagazine","https:\/\/www.instagram.com\/tapasmagazine\/","https:\/\/www.linkedin.com\/company\/tapas-magazine","https:\/\/es.pinterest.com\/tapasmagazine\/","https:\/\/www.youtube.com\/channel\/UCEyxneAaACuR0lfDagrWjjg?sub_confirmation=1"]},{"@type":"Person","@id":"https:\/\/www.tapasmagazine.es\/#\/schema\/person\/dddb3bce6f98f2124c204b901d74a14b","name":"Tapas \/ EP","url":"https:\/\/www.tapasmagazine.es\/en\/author\/tapasep\/"}]}},"_links":{"self":[{"href":"https:\/\/www.tapasmagazine.es\/en\/wp-json\/wp\/v2\/posts\/176584","targetHints":{"allow":["GET"]}}],"collection":[{"href":"https:\/\/www.tapasmagazine.es\/en\/wp-json\/wp\/v2\/posts"}],"about":[{"href":"https:\/\/www.tapasmagazine.es\/en\/wp-json\/wp\/v2\/types\/post"}],"author":[{"embeddable":true,"href":"https:\/\/www.tapasmagazine.es\/en\/wp-json\/wp\/v2\/users\/277"}],"replies":[{"embeddable":true,"href":"https:\/\/www.tapasmagazine.es\/en\/wp-json\/wp\/v2\/comments?post=176584"}],"version-history":[{"count":1,"href":"https:\/\/www.tapasmagazine.es\/en\/wp-json\/wp\/v2\/posts\/176584\/revisions"}],"predecessor-version":[{"id":176585,"href":"https:\/\/www.tapasmagazine.es\/en\/wp-json\/wp\/v2\/posts\/176584\/revisions\/176585"}],"wp:featuredmedia":[{"embeddable":true,"href":"https:\/\/www.tapasmagazine.es\/en\/wp-json\/wp\/v2\/media\/176586"}],"wp:attachment":[{"href":"https:\/\/www.tapasmagazine.es\/en\/wp-json\/wp\/v2\/media?parent=176584"}],"wp:term":[{"taxonomy":"category","embeddable":true,"href":"https:\/\/www.tapasmagazine.es\/en\/wp-json\/wp\/v2\/categories?post=176584"},{"taxonomy":"post_tag","embeddable":true,"href":"https:\/\/www.tapasmagazine.es\/en\/wp-json\/wp\/v2\/tags?post=176584"}],"curies":[{"name":"wp","href":"https:\/\/api.w.org\/{rel}","templated":true}]}}