{"id":176569,"date":"2023-02-27T14:14:39","date_gmt":"2023-02-27T13:14:39","guid":{"rendered":"https:\/\/www.tapasmagazine.es\/?p=176569"},"modified":"2023-02-27T14:41:57","modified_gmt":"2023-02-27T13:41:57","slug":"economia-un-estudio-advierte-de-que-la-productividad-y-tamano-de-las-especies-de-atun-disminuiran-por-cambio-climatico","status":"publish","type":"post","link":"https:\/\/www.tapasmagazine.es\/en\/economia-un-estudio-advierte-de-que-la-productividad-y-tamano-de-las-especies-de-atun-disminuiran-por-cambio-climatico\/","title":{"rendered":"Econom\u00eda.- Un estudio advierte de que la productividad y tama\u00f1o de las especies de at\u00fan disminuir\u00e1n por cambio clim\u00e1tico"},"content":{"rendered":"<p>El centro tecnol\u00f3gico AZTI ha liderado un estudio internacional que ha concluido que, en todos los escenarios, para 2050, los stocks de at\u00fan analizados notar\u00e1n un descenso medio en su productividad del 36% y una disminuci\u00f3n de la talla de 15%, debido al efecto del cambio clim\u00e1tica, por lo que la demanda, el precio y los beneficios de esta pesquer\u00eda tambi\u00e9n se ver\u00e1n afectados.<\/p>\n<p>   Este estudio trata de determinar c\u00f3mo el efecto combinado del cambio clim\u00e1tico y la presi\u00f3n pesquera puede impactar en la productividad y el tama\u00f1o de las principales especies comerciales de at\u00fan y pez espada en el futuro.<\/p>\n<p>   Un equipo de profesionales en el campo de la investigaci\u00f3n y la modelizaci\u00f3n de Europa y Canad\u00e1 ha participado en el estudio que ha sido publicado en la prestigiosa revista Global Planetary Change.<\/p>\n<p>   &#8220;Quer\u00edamos saber c\u00f3mo va a afectar el cambio clim\u00e1tico y la presi\u00f3n pesquera a algunas de las especies de mayor importancia comercial para tomar decisiones que aseguren el futuro de los recursos&#8221;, seg\u00fan ha explicado Maite Erauskin-Extramiana, investigadora de AZTI y coordinadora del estudio.<\/p>\n<p>   El estudio concluye que el cambio clim\u00e1tico y la presi\u00f3n pesquera afectar\u00e1n en el futuro a la productividad de las principales especies comerciales de at\u00fan y pez espada. Se prev\u00e9 que las poblaciones analizadas reduzcan de media su productividad potencial global en un 36% de aqu\u00ed a 2050.<\/p>\n<p>   Los resultados sugieren que las especies de alto nivel tr\u00f3fico se ver\u00e1n m\u00e1s afectadas por el cambio clim\u00e1tico que por la presi\u00f3n pesquera en el supuesto de que se mantengan cerca de sus niveles de Rendimiento M\u00e1ximo Sostenible o de la presi\u00f3n pesquera actual.<\/p>\n<p>   &#8220;S\u00f3lo el at\u00fan rojo del Pac\u00edfico muestra un ligero aumento en el futuro. Se estima que cinco especies, los atunes rojos del Atl\u00e1ntico y del Sur, el pez espada, el patudo y el at\u00fan blanco, disminuir\u00e1n en biomasa y tama\u00f1o a ritmos diferentes&#8221;&#8221;, ha afirmado Erauskin-Extramiana.<\/p>\n<p>   En cuanto a la talla, el modelo prev\u00e9 una disminuci\u00f3n global del 15% para 2050 debido al cambio clim\u00e1tico. Sin embargo, tambi\u00e9n hay poblaciones, como la del rabil y el listado del Pac\u00edfico, en las que, por el contrario, se prev\u00e9 un ligero aumento en el tama\u00f1o.<\/p>\n<p>   Azti ha a\u00f1adido que el precio y la demanda de pescado dependen, en parte, del tama\u00f1o de los peces y, por lo tanto, el cambio clim\u00e1tico y la pesca pueden reducir potencialmente los ingresos de la industria pesquera, incluso para la captura de aquellas poblaciones cuya productividad se estima que aumentar\u00e1.<\/p>\n<p>   &#8220;La industria pesquera deber\u00eda adoptar medidas de adaptaci\u00f3n al cambio clim\u00e1tico aumentando el valor del pescado mediante certificaciones de sostenibilidad y reduciendo el consumo de combustible y el tiempo en el mar con un mayor uso de la digitalizaci\u00f3n. La reducci\u00f3n del consumo de combustible tambi\u00e9n puede considerarse una medida de mitigaci\u00f3n del cambio clim\u00e1tico, ya que la pesquer\u00eda de at\u00fan supone el 5% del total del combustible utilizado en la pesca mundial y reducir\u00eda las emisiones de CO2&#8221;, ha concluido Erauskin-Extramiana.<\/p>\n","protected":false},"excerpt":{"rendered":"<p>El centro tecnol\u00f3gico AZTI ha liderado un estudio internacional que ha concluido que, en todos los escenarios, para 2050, los stocks de at\u00fan analizados notar\u00e1n un descenso medio en su productividad del 36% y una disminuci\u00f3n de la talla de 15%, debido al efecto del cambio clim\u00e1tica, por lo que la demanda, el precio y [&hellip;]<\/p>\n","protected":false},"author":277,"featured_media":176571,"comment_status":"close","ping_status":"","sticky":false,"template":"single-feature.php","format":"standard","meta":{"_acf_changed":false,"footnotes":""},"categories":[15645],"tags":[],"class_list":["post-176569","post","type-post","status-publish","format-standard","has-post-thumbnail","hentry","category-ultima-hora","cat-15645-id"],"acf":[],"yoast_head":"<!-- This site is optimized with the Yoast SEO plugin v27.4 - https:\/\/yoast.com\/product\/yoast-seo-wordpress\/ -->\n<title>Econom\u00eda.- Un estudio advierte de que la productividad y tama\u00f1o de las especies de at\u00fan disminuir\u00e1n por cambio clim\u00e1tico - Tapas<\/title>\n<meta name=\"description\" content=\"El centro tecnol\u00f3gico AZTI ha liderado un estudio internacional que ha concluido que, en todos los escenarios, para 2050, los stocks de at\u00fan analizados\" \/>\n<meta name=\"robots\" content=\"index, follow, max-snippet:-1, max-image-preview:large, max-video-preview:-1\" \/>\n<link rel=\"canonical\" href=\"https:\/\/www.tapasmagazine.es\/en\/economia-un-estudio-advierte-de-que-la-productividad-y-tamano-de-las-especies-de-atun-disminuiran-por-cambio-climatico\/\" \/>\n<meta property=\"og:locale\" content=\"en_US\" \/>\n<meta property=\"og:type\" content=\"article\" \/>\n<meta property=\"og:title\" content=\"Econom\u00eda.- Un estudio advierte de que la productividad y tama\u00f1o de las especies de at\u00fan disminuir\u00e1n por cambio clim\u00e1tico - Tapas\" \/>\n<meta property=\"og:description\" content=\"El centro tecnol\u00f3gico AZTI ha liderado un estudio internacional que ha concluido que, en todos los escenarios, para 2050, los stocks de at\u00fan analizados\" \/>\n<meta property=\"og:url\" content=\"https:\/\/www.tapasmagazine.es\/en\/economia-un-estudio-advierte-de-que-la-productividad-y-tamano-de-las-especies-de-atun-disminuiran-por-cambio-climatico\/\" \/>\n<meta property=\"og:site_name\" content=\"Tapas\" \/>\n<meta property=\"article:publisher\" content=\"https:\/\/www.facebook.com\/tapasmagazine\" \/>\n<meta property=\"article:published_time\" content=\"2023-02-27T13:14:39+00:00\" \/>\n<meta property=\"article:modified_time\" content=\"2023-02-27T13:41:57+00:00\" \/>\n<meta property=\"og:image\" content=\"https:\/\/www.tapasmagazine.es\/wp-content\/uploads\/2023\/02\/fotonoticia_20230227141439_9999.jpg\" \/>\n\t<meta property=\"og:image:width\" content=\"1170\" \/>\n\t<meta property=\"og:image:height\" content=\"777\" \/>\n\t<meta property=\"og:image:type\" content=\"image\/jpeg\" \/>\n<meta name=\"author\" content=\"Tapas \/ EP\" \/>\n<meta name=\"twitter:card\" content=\"summary_large_image\" \/>\n<meta name=\"twitter:creator\" content=\"@TapasMagazine\" \/>\n<meta name=\"twitter:site\" content=\"@TapasMagazine\" \/>\n<meta name=\"twitter:label1\" content=\"Written by\" \/>\n\t<meta name=\"twitter:data1\" content=\"Tapas \/ EP\" \/>\n\t<meta name=\"twitter:label2\" content=\"Est. reading time\" \/>\n\t<meta name=\"twitter:data2\" content=\"3 minutes\" \/>\n<script type=\"application\/ld+json\" class=\"yoast-schema-graph\">{\"@context\":\"https:\\\/\\\/schema.org\",\"@graph\":[{\"@type\":\"Article\",\"@id\":\"https:\\\/\\\/www.tapasmagazine.es\\\/en\\\/economia-un-estudio-advierte-de-que-la-productividad-y-tamano-de-las-especies-de-atun-disminuiran-por-cambio-climatico\\\/#article\",\"isPartOf\":{\"@id\":\"https:\\\/\\\/www.tapasmagazine.es\\\/en\\\/economia-un-estudio-advierte-de-que-la-productividad-y-tamano-de-las-especies-de-atun-disminuiran-por-cambio-climatico\\\/\"},\"author\":{\"name\":\"Tapas \\\/ EP\",\"@id\":\"https:\\\/\\\/www.tapasmagazine.es\\\/#\\\/schema\\\/person\\\/dddb3bce6f98f2124c204b901d74a14b\"},\"headline\":\"Econom\u00eda.- Un estudio advierte de que la productividad y tama\u00f1o de las especies de at\u00fan disminuir\u00e1n por cambio clim\u00e1tico\",\"datePublished\":\"2023-02-27T13:14:39+00:00\",\"dateModified\":\"2023-02-27T13:41:57+00:00\",\"mainEntityOfPage\":{\"@id\":\"https:\\\/\\\/www.tapasmagazine.es\\\/en\\\/economia-un-estudio-advierte-de-que-la-productividad-y-tamano-de-las-especies-de-atun-disminuiran-por-cambio-climatico\\\/\"},\"wordCount\":570,\"publisher\":{\"@id\":\"https:\\\/\\\/www.tapasmagazine.es\\\/#organization\"},\"image\":{\"@id\":\"https:\\\/\\\/www.tapasmagazine.es\\\/en\\\/economia-un-estudio-advierte-de-que-la-productividad-y-tamano-de-las-especies-de-atun-disminuiran-por-cambio-climatico\\\/#primaryimage\"},\"thumbnailUrl\":\"https:\\\/\\\/www.tapasmagazine.es\\\/wp-content\\\/uploads\\\/2023\\\/02\\\/fotonoticia_20230227141439_9999.jpg\",\"articleSection\":[\"\u00daltima hora\"],\"inLanguage\":\"en-US\"},{\"@type\":\"WebPage\",\"@id\":\"https:\\\/\\\/www.tapasmagazine.es\\\/en\\\/economia-un-estudio-advierte-de-que-la-productividad-y-tamano-de-las-especies-de-atun-disminuiran-por-cambio-climatico\\\/\",\"url\":\"https:\\\/\\\/www.tapasmagazine.es\\\/en\\\/economia-un-estudio-advierte-de-que-la-productividad-y-tamano-de-las-especies-de-atun-disminuiran-por-cambio-climatico\\\/\",\"name\":\"Econom\u00eda.- Un estudio advierte de que la productividad y tama\u00f1o de las especies de at\u00fan disminuir\u00e1n por cambio clim\u00e1tico - Tapas\",\"isPartOf\":{\"@id\":\"https:\\\/\\\/www.tapasmagazine.es\\\/#website\"},\"primaryImageOfPage\":{\"@id\":\"https:\\\/\\\/www.tapasmagazine.es\\\/en\\\/economia-un-estudio-advierte-de-que-la-productividad-y-tamano-de-las-especies-de-atun-disminuiran-por-cambio-climatico\\\/#primaryimage\"},\"image\":{\"@id\":\"https:\\\/\\\/www.tapasmagazine.es\\\/en\\\/economia-un-estudio-advierte-de-que-la-productividad-y-tamano-de-las-especies-de-atun-disminuiran-por-cambio-climatico\\\/#primaryimage\"},\"thumbnailUrl\":\"https:\\\/\\\/www.tapasmagazine.es\\\/wp-content\\\/uploads\\\/2023\\\/02\\\/fotonoticia_20230227141439_9999.jpg\",\"datePublished\":\"2023-02-27T13:14:39+00:00\",\"dateModified\":\"2023-02-27T13:41:57+00:00\",\"description\":\"El centro tecnol\u00f3gico AZTI ha liderado un estudio internacional que ha concluido que, en todos los escenarios, para 2050, los stocks de at\u00fan analizados\",\"breadcrumb\":{\"@id\":\"https:\\\/\\\/www.tapasmagazine.es\\\/en\\\/economia-un-estudio-advierte-de-que-la-productividad-y-tamano-de-las-especies-de-atun-disminuiran-por-cambio-climatico\\\/#breadcrumb\"},\"inLanguage\":\"en-US\",\"potentialAction\":[{\"@type\":\"ReadAction\",\"target\":[\"https:\\\/\\\/www.tapasmagazine.es\\\/en\\\/economia-un-estudio-advierte-de-que-la-productividad-y-tamano-de-las-especies-de-atun-disminuiran-por-cambio-climatico\\\/\"]}]},{\"@type\":\"ImageObject\",\"inLanguage\":\"en-US\",\"@id\":\"https:\\\/\\\/www.tapasmagazine.es\\\/en\\\/economia-un-estudio-advierte-de-que-la-productividad-y-tamano-de-las-especies-de-atun-disminuiran-por-cambio-climatico\\\/#primaryimage\",\"url\":\"https:\\\/\\\/www.tapasmagazine.es\\\/wp-content\\\/uploads\\\/2023\\\/02\\\/fotonoticia_20230227141439_9999.jpg\",\"contentUrl\":\"https:\\\/\\\/www.tapasmagazine.es\\\/wp-content\\\/uploads\\\/2023\\\/02\\\/fotonoticia_20230227141439_9999.jpg\",\"width\":1170,\"height\":777},{\"@type\":\"BreadcrumbList\",\"@id\":\"https:\\\/\\\/www.tapasmagazine.es\\\/en\\\/economia-un-estudio-advierte-de-que-la-productividad-y-tamano-de-las-especies-de-atun-disminuiran-por-cambio-climatico\\\/#breadcrumb\",\"itemListElement\":[{\"@type\":\"ListItem\",\"position\":1,\"name\":\"Portada\",\"item\":\"https:\\\/\\\/www.tapasmagazine.es\\\/\"},{\"@type\":\"ListItem\",\"position\":2,\"name\":\"Sin categorizar\",\"item\":\"https:\\\/\\\/www.tapasmagazine.es\\\/categorias\\\/sin-categorizar\\\/\"},{\"@type\":\"ListItem\",\"position\":3,\"name\":\"Econom\u00eda.- Un estudio advierte de que la productividad y tama\u00f1o de las especies de at\u00fan disminuir\u00e1n por cambio clim\u00e1tico\"}]},{\"@type\":\"WebSite\",\"@id\":\"https:\\\/\\\/www.tapasmagazine.es\\\/#website\",\"url\":\"https:\\\/\\\/www.tapasmagazine.es\\\/\",\"name\":\"Tapas\",\"description\":\"\u00d1am \u00d1am Lifestyle. La vida a bocados. Premio Nacional de Gastronom\u00eda 2016.\",\"publisher\":{\"@id\":\"https:\\\/\\\/www.tapasmagazine.es\\\/#organization\"},\"potentialAction\":[{\"@type\":\"SearchAction\",\"target\":{\"@type\":\"EntryPoint\",\"urlTemplate\":\"https:\\\/\\\/www.tapasmagazine.es\\\/?s={search_term_string}\"},\"query-input\":{\"@type\":\"PropertyValueSpecification\",\"valueRequired\":true,\"valueName\":\"search_term_string\"}}],\"inLanguage\":\"en-US\"},{\"@type\":\"Organization\",\"@id\":\"https:\\\/\\\/www.tapasmagazine.es\\\/#organization\",\"name\":\"Tapas Magazine\",\"url\":\"https:\\\/\\\/www.tapasmagazine.es\\\/\",\"logo\":{\"@type\":\"ImageObject\",\"inLanguage\":\"en-US\",\"@id\":\"https:\\\/\\\/www.tapasmagazine.es\\\/#\\\/schema\\\/logo\\\/image\\\/\",\"url\":\"https:\\\/\\\/www.tapasmagazine.es\\\/wp-content\\\/uploads\\\/2018\\\/01\\\/logo.png\",\"contentUrl\":\"https:\\\/\\\/www.tapasmagazine.es\\\/wp-content\\\/uploads\\\/2018\\\/01\\\/logo.png\",\"width\":180,\"height\":60,\"caption\":\"Tapas Magazine\"},\"image\":{\"@id\":\"https:\\\/\\\/www.tapasmagazine.es\\\/#\\\/schema\\\/logo\\\/image\\\/\"},\"sameAs\":[\"https:\\\/\\\/www.facebook.com\\\/tapasmagazine\",\"https:\\\/\\\/x.com\\\/TapasMagazine\",\"https:\\\/\\\/www.instagram.com\\\/tapasmagazine\\\/\",\"https:\\\/\\\/www.linkedin.com\\\/company\\\/tapas-magazine\",\"https:\\\/\\\/es.pinterest.com\\\/tapasmagazine\\\/\",\"https:\\\/\\\/www.youtube.com\\\/channel\\\/UCEyxneAaACuR0lfDagrWjjg?sub_confirmation=1\"]},{\"@type\":\"Person\",\"@id\":\"https:\\\/\\\/www.tapasmagazine.es\\\/#\\\/schema\\\/person\\\/dddb3bce6f98f2124c204b901d74a14b\",\"name\":\"Tapas \\\/ EP\",\"url\":\"https:\\\/\\\/www.tapasmagazine.es\\\/en\\\/author\\\/tapasep\\\/\"}]}<\/script>\n<!-- \/ Yoast SEO plugin. -->","yoast_head_json":{"title":"Econom\u00eda.- Un estudio advierte de que la productividad y tama\u00f1o de las especies de at\u00fan disminuir\u00e1n por cambio clim\u00e1tico - Tapas","description":"El centro tecnol\u00f3gico AZTI ha liderado un estudio internacional que ha concluido que, en todos los escenarios, para 2050, los stocks de at\u00fan analizados","robots":{"index":"index","follow":"follow","max-snippet":"max-snippet:-1","max-image-preview":"max-image-preview:large","max-video-preview":"max-video-preview:-1"},"canonical":"https:\/\/www.tapasmagazine.es\/en\/economia-un-estudio-advierte-de-que-la-productividad-y-tamano-de-las-especies-de-atun-disminuiran-por-cambio-climatico\/","og_locale":"en_US","og_type":"article","og_title":"Econom\u00eda.- Un estudio advierte de que la productividad y tama\u00f1o de las especies de at\u00fan disminuir\u00e1n por cambio clim\u00e1tico - Tapas","og_description":"El centro tecnol\u00f3gico AZTI ha liderado un estudio internacional que ha concluido que, en todos los escenarios, para 2050, los stocks de at\u00fan analizados","og_url":"https:\/\/www.tapasmagazine.es\/en\/economia-un-estudio-advierte-de-que-la-productividad-y-tamano-de-las-especies-de-atun-disminuiran-por-cambio-climatico\/","og_site_name":"Tapas","article_publisher":"https:\/\/www.facebook.com\/tapasmagazine","article_published_time":"2023-02-27T13:14:39+00:00","article_modified_time":"2023-02-27T13:41:57+00:00","og_image":[{"width":1170,"height":777,"url":"https:\/\/www.tapasmagazine.es\/wp-content\/uploads\/2023\/02\/fotonoticia_20230227141439_9999.jpg","type":"image\/jpeg"}],"author":"Tapas \/ EP","twitter_card":"summary_large_image","twitter_creator":"@TapasMagazine","twitter_site":"@TapasMagazine","twitter_misc":{"Written by":"Tapas \/ EP","Est. reading time":"3 minutes"},"schema":{"@context":"https:\/\/schema.org","@graph":[{"@type":"Article","@id":"https:\/\/www.tapasmagazine.es\/en\/economia-un-estudio-advierte-de-que-la-productividad-y-tamano-de-las-especies-de-atun-disminuiran-por-cambio-climatico\/#article","isPartOf":{"@id":"https:\/\/www.tapasmagazine.es\/en\/economia-un-estudio-advierte-de-que-la-productividad-y-tamano-de-las-especies-de-atun-disminuiran-por-cambio-climatico\/"},"author":{"name":"Tapas \/ EP","@id":"https:\/\/www.tapasmagazine.es\/#\/schema\/person\/dddb3bce6f98f2124c204b901d74a14b"},"headline":"Econom\u00eda.- Un estudio advierte de que la productividad y tama\u00f1o de las especies de at\u00fan disminuir\u00e1n por cambio clim\u00e1tico","datePublished":"2023-02-27T13:14:39+00:00","dateModified":"2023-02-27T13:41:57+00:00","mainEntityOfPage":{"@id":"https:\/\/www.tapasmagazine.es\/en\/economia-un-estudio-advierte-de-que-la-productividad-y-tamano-de-las-especies-de-atun-disminuiran-por-cambio-climatico\/"},"wordCount":570,"publisher":{"@id":"https:\/\/www.tapasmagazine.es\/#organization"},"image":{"@id":"https:\/\/www.tapasmagazine.es\/en\/economia-un-estudio-advierte-de-que-la-productividad-y-tamano-de-las-especies-de-atun-disminuiran-por-cambio-climatico\/#primaryimage"},"thumbnailUrl":"https:\/\/www.tapasmagazine.es\/wp-content\/uploads\/2023\/02\/fotonoticia_20230227141439_9999.jpg","articleSection":["\u00daltima hora"],"inLanguage":"en-US"},{"@type":"WebPage","@id":"https:\/\/www.tapasmagazine.es\/en\/economia-un-estudio-advierte-de-que-la-productividad-y-tamano-de-las-especies-de-atun-disminuiran-por-cambio-climatico\/","url":"https:\/\/www.tapasmagazine.es\/en\/economia-un-estudio-advierte-de-que-la-productividad-y-tamano-de-las-especies-de-atun-disminuiran-por-cambio-climatico\/","name":"Econom\u00eda.- Un estudio advierte de que la productividad y tama\u00f1o de las especies de at\u00fan disminuir\u00e1n por cambio clim\u00e1tico - Tapas","isPartOf":{"@id":"https:\/\/www.tapasmagazine.es\/#website"},"primaryImageOfPage":{"@id":"https:\/\/www.tapasmagazine.es\/en\/economia-un-estudio-advierte-de-que-la-productividad-y-tamano-de-las-especies-de-atun-disminuiran-por-cambio-climatico\/#primaryimage"},"image":{"@id":"https:\/\/www.tapasmagazine.es\/en\/economia-un-estudio-advierte-de-que-la-productividad-y-tamano-de-las-especies-de-atun-disminuiran-por-cambio-climatico\/#primaryimage"},"thumbnailUrl":"https:\/\/www.tapasmagazine.es\/wp-content\/uploads\/2023\/02\/fotonoticia_20230227141439_9999.jpg","datePublished":"2023-02-27T13:14:39+00:00","dateModified":"2023-02-27T13:41:57+00:00","description":"El centro tecnol\u00f3gico AZTI ha liderado un estudio internacional que ha concluido que, en todos los escenarios, para 2050, los stocks de at\u00fan analizados","breadcrumb":{"@id":"https:\/\/www.tapasmagazine.es\/en\/economia-un-estudio-advierte-de-que-la-productividad-y-tamano-de-las-especies-de-atun-disminuiran-por-cambio-climatico\/#breadcrumb"},"inLanguage":"en-US","potentialAction":[{"@type":"ReadAction","target":["https:\/\/www.tapasmagazine.es\/en\/economia-un-estudio-advierte-de-que-la-productividad-y-tamano-de-las-especies-de-atun-disminuiran-por-cambio-climatico\/"]}]},{"@type":"ImageObject","inLanguage":"en-US","@id":"https:\/\/www.tapasmagazine.es\/en\/economia-un-estudio-advierte-de-que-la-productividad-y-tamano-de-las-especies-de-atun-disminuiran-por-cambio-climatico\/#primaryimage","url":"https:\/\/www.tapasmagazine.es\/wp-content\/uploads\/2023\/02\/fotonoticia_20230227141439_9999.jpg","contentUrl":"https:\/\/www.tapasmagazine.es\/wp-content\/uploads\/2023\/02\/fotonoticia_20230227141439_9999.jpg","width":1170,"height":777},{"@type":"BreadcrumbList","@id":"https:\/\/www.tapasmagazine.es\/en\/economia-un-estudio-advierte-de-que-la-productividad-y-tamano-de-las-especies-de-atun-disminuiran-por-cambio-climatico\/#breadcrumb","itemListElement":[{"@type":"ListItem","position":1,"name":"Portada","item":"https:\/\/www.tapasmagazine.es\/"},{"@type":"ListItem","position":2,"name":"Sin categorizar","item":"https:\/\/www.tapasmagazine.es\/categorias\/sin-categorizar\/"},{"@type":"ListItem","position":3,"name":"Econom\u00eda.- Un estudio advierte de que la productividad y tama\u00f1o de las especies de at\u00fan disminuir\u00e1n por cambio clim\u00e1tico"}]},{"@type":"WebSite","@id":"https:\/\/www.tapasmagazine.es\/#website","url":"https:\/\/www.tapasmagazine.es\/","name":"Tapas","description":"\u00d1am \u00d1am Lifestyle. La vida a bocados. Premio Nacional de Gastronom\u00eda 2016.","publisher":{"@id":"https:\/\/www.tapasmagazine.es\/#organization"},"potentialAction":[{"@type":"SearchAction","target":{"@type":"EntryPoint","urlTemplate":"https:\/\/www.tapasmagazine.es\/?s={search_term_string}"},"query-input":{"@type":"PropertyValueSpecification","valueRequired":true,"valueName":"search_term_string"}}],"inLanguage":"en-US"},{"@type":"Organization","@id":"https:\/\/www.tapasmagazine.es\/#organization","name":"Tapas Magazine","url":"https:\/\/www.tapasmagazine.es\/","logo":{"@type":"ImageObject","inLanguage":"en-US","@id":"https:\/\/www.tapasmagazine.es\/#\/schema\/logo\/image\/","url":"https:\/\/www.tapasmagazine.es\/wp-content\/uploads\/2018\/01\/logo.png","contentUrl":"https:\/\/www.tapasmagazine.es\/wp-content\/uploads\/2018\/01\/logo.png","width":180,"height":60,"caption":"Tapas Magazine"},"image":{"@id":"https:\/\/www.tapasmagazine.es\/#\/schema\/logo\/image\/"},"sameAs":["https:\/\/www.facebook.com\/tapasmagazine","https:\/\/x.com\/TapasMagazine","https:\/\/www.instagram.com\/tapasmagazine\/","https:\/\/www.linkedin.com\/company\/tapas-magazine","https:\/\/es.pinterest.com\/tapasmagazine\/","https:\/\/www.youtube.com\/channel\/UCEyxneAaACuR0lfDagrWjjg?sub_confirmation=1"]},{"@type":"Person","@id":"https:\/\/www.tapasmagazine.es\/#\/schema\/person\/dddb3bce6f98f2124c204b901d74a14b","name":"Tapas \/ EP","url":"https:\/\/www.tapasmagazine.es\/en\/author\/tapasep\/"}]}},"_links":{"self":[{"href":"https:\/\/www.tapasmagazine.es\/en\/wp-json\/wp\/v2\/posts\/176569","targetHints":{"allow":["GET"]}}],"collection":[{"href":"https:\/\/www.tapasmagazine.es\/en\/wp-json\/wp\/v2\/posts"}],"about":[{"href":"https:\/\/www.tapasmagazine.es\/en\/wp-json\/wp\/v2\/types\/post"}],"author":[{"embeddable":true,"href":"https:\/\/www.tapasmagazine.es\/en\/wp-json\/wp\/v2\/users\/277"}],"replies":[{"embeddable":true,"href":"https:\/\/www.tapasmagazine.es\/en\/wp-json\/wp\/v2\/comments?post=176569"}],"version-history":[{"count":1,"href":"https:\/\/www.tapasmagazine.es\/en\/wp-json\/wp\/v2\/posts\/176569\/revisions"}],"predecessor-version":[{"id":176570,"href":"https:\/\/www.tapasmagazine.es\/en\/wp-json\/wp\/v2\/posts\/176569\/revisions\/176570"}],"wp:featuredmedia":[{"embeddable":true,"href":"https:\/\/www.tapasmagazine.es\/en\/wp-json\/wp\/v2\/media\/176571"}],"wp:attachment":[{"href":"https:\/\/www.tapasmagazine.es\/en\/wp-json\/wp\/v2\/media?parent=176569"}],"wp:term":[{"taxonomy":"category","embeddable":true,"href":"https:\/\/www.tapasmagazine.es\/en\/wp-json\/wp\/v2\/categories?post=176569"},{"taxonomy":"post_tag","embeddable":true,"href":"https:\/\/www.tapasmagazine.es\/en\/wp-json\/wp\/v2\/tags?post=176569"}],"curies":[{"name":"wp","href":"https:\/\/api.w.org\/{rel}","templated":true}]}}