{"id":176537,"date":"2023-02-27T13:11:12","date_gmt":"2023-02-27T12:11:12","guid":{"rendered":"https:\/\/www.tapasmagazine.es\/?p=176537"},"modified":"2023-02-27T13:12:33","modified_gmt":"2023-02-27T12:12:33","slug":"economia-dunkin-refuerza-su-apuesta-por-el-sector-del-cafe-con-su-entrada-en-el-mercado-de-las-capsulas-de-cafe","status":"publish","type":"post","link":"https:\/\/www.tapasmagazine.es\/en\/economia-dunkin-refuerza-su-apuesta-por-el-sector-del-cafe-con-su-entrada-en-el-mercado-de-las-capsulas-de-cafe\/","title":{"rendered":"Econom\u00eda.- Dunkin&#8217; refuerza su apuesta por el sector del caf\u00e9 con su entrada en el mercado de las c\u00e1psulas de caf\u00e9"},"content":{"rendered":"<p>Dunkin&#8217;, marca de restauraci\u00f3n operada por el Grupo Inspire Brands en Espa\u00f1a, refuerza su apuesta por el sector del caf\u00e9 con la entrada en la categor\u00eda de c\u00e1psulas de caf\u00e9, seg\u00fan ha informado en un comunicado.<\/p>\n<p>   En concreto, se trata de una de las &#8220;fuertes apuestas&#8221; de la firma para este a\u00f1o y lo hace a trav\u00e9s de la campa\u00f1a &#8216;Dunkin&#8217; caf\u00e9 en casa&#8217;, para que todos los aficionados al caf\u00e9 puedan disfrutar en sus hogares de la variedad 100% ar\u00e1bica exclusiva de la compa\u00f1\u00eda.<\/p>\n<p>   Tras el lanzamiento el a\u00f1o pasado de su caf\u00e9 espresso molido,<br \/>\nDunkin&#8217; desembarca ahora en el mercado de las c\u00e1psulas de caf\u00e9 con tres nuevas referencias de caf\u00e9 espresso, que se presentan en un &#8220;formato sencillo, r\u00e1pido y listo&#8221;.<\/p>\n<p>   Las nuevas c\u00e1psulas ya est\u00e1n disponibles en cajas de 10 unidades a un precio de 4,90 euros, y se pueden encontrar en todos sus puntos de venta a nivel nacional, as\u00ed como a trav\u00e9s de Dunkin&#8217; Delivery.<\/p>\n<p>   &#8220;En Dunkin&#8217; apostamos siempre por la innovacion, para crear nuevos productos de calidad que satisfagan las necesidades de nuestros clientes. Por eso, hemos lanzado esta nueva gama de producto, las c\u00e1psulas de caf\u00e9 de Dunkin&#8217;, con las que queremos formar parte de nuevos<br \/>\nmomentos de consumo, ahora tambi\u00e9n en casa o en el trabajo, y que nuestros clientes puedan disfrutar del mejor caf\u00e9 100% ar\u00e1bica de Dunkin donde deseen&#8221;, ha comentado la consejera delegada y CMO de Dunkin&#8217; en Espa\u00f1a, Karina Castillo.<\/p>\n<p>   Con este lanzamiento, la cadena dedicada al caf\u00e9 y la boller\u00eda da un paso m\u00e1s para impulsar su mezcla de caf\u00e9 100% ar\u00e1bica exclusiva, y afianzar su posicionamiento como referente en el segmento de bebidas, y<br \/>\nen concreto, en el sector del caf\u00e9, donde ha experimentado un crecimiento muy positivo, con m\u00e1s de tres millones de tazas de caf\u00e9 servidas en 2022.<\/p>\n","protected":false},"excerpt":{"rendered":"<p>Dunkin&#8217;, marca de restauraci\u00f3n operada por el Grupo Inspire Brands en Espa\u00f1a, refuerza su apuesta por el sector del caf\u00e9 con la entrada en la categor\u00eda de c\u00e1psulas de caf\u00e9, seg\u00fan ha informado en un comunicado. En concreto, se trata de una de las &#8220;fuertes apuestas&#8221; de la firma para este a\u00f1o y lo hace [&hellip;]<\/p>\n","protected":false},"author":277,"featured_media":176539,"comment_status":"close","ping_status":"","sticky":false,"template":"single-feature.php","format":"standard","meta":{"_acf_changed":false,"footnotes":""},"categories":[15645],"tags":[],"class_list":["post-176537","post","type-post","status-publish","format-standard","has-post-thumbnail","hentry","category-ultima-hora","cat-15645-id"],"acf":[],"yoast_head":"<!-- This site is optimized with the Yoast SEO plugin v27.4 - https:\/\/yoast.com\/product\/yoast-seo-wordpress\/ -->\n<title>Econom\u00eda.- Dunkin&#039; refuerza su apuesta por el sector del caf\u00e9 con su entrada en el mercado de las c\u00e1psulas de caf\u00e9 - Tapas<\/title>\n<meta name=\"description\" content=\"Dunkin&#039;, marca de restauraci\u00f3n operada por el Grupo Inspire Brands en Espa\u00f1a, refuerza su apuesta por el sector del caf\u00e9 con la entrada en la categor\u00eda de\" \/>\n<meta name=\"robots\" content=\"index, follow, max-snippet:-1, max-image-preview:large, max-video-preview:-1\" \/>\n<link rel=\"canonical\" href=\"https:\/\/www.tapasmagazine.es\/en\/economia-dunkin-refuerza-su-apuesta-por-el-sector-del-cafe-con-su-entrada-en-el-mercado-de-las-capsulas-de-cafe\/\" \/>\n<meta property=\"og:locale\" content=\"en_US\" \/>\n<meta property=\"og:type\" content=\"article\" \/>\n<meta property=\"og:title\" content=\"Econom\u00eda.- Dunkin&#039; refuerza su apuesta por el sector del caf\u00e9 con su entrada en el mercado de las c\u00e1psulas de caf\u00e9 - Tapas\" \/>\n<meta property=\"og:description\" content=\"Dunkin&#039;, marca de restauraci\u00f3n operada por el Grupo Inspire Brands en Espa\u00f1a, refuerza su apuesta por el sector del caf\u00e9 con la entrada en la categor\u00eda de\" \/>\n<meta property=\"og:url\" content=\"https:\/\/www.tapasmagazine.es\/en\/economia-dunkin-refuerza-su-apuesta-por-el-sector-del-cafe-con-su-entrada-en-el-mercado-de-las-capsulas-de-cafe\/\" \/>\n<meta property=\"og:site_name\" content=\"Tapas\" \/>\n<meta property=\"article:publisher\" content=\"https:\/\/www.facebook.com\/tapasmagazine\" \/>\n<meta property=\"article:published_time\" content=\"2023-02-27T12:11:12+00:00\" \/>\n<meta property=\"article:modified_time\" content=\"2023-02-27T12:12:33+00:00\" \/>\n<meta property=\"og:image\" content=\"https:\/\/www.tapasmagazine.es\/wp-content\/uploads\/2023\/02\/fotonoticia_20230227131112_9999.jpg\" \/>\n\t<meta property=\"og:image:width\" content=\"600\" \/>\n\t<meta property=\"og:image:height\" content=\"484\" \/>\n\t<meta property=\"og:image:type\" content=\"image\/jpeg\" \/>\n<meta name=\"author\" content=\"Tapas \/ EP\" \/>\n<meta name=\"twitter:card\" content=\"summary_large_image\" \/>\n<meta name=\"twitter:creator\" content=\"@TapasMagazine\" \/>\n<meta name=\"twitter:site\" content=\"@TapasMagazine\" \/>\n<meta name=\"twitter:label1\" content=\"Written by\" \/>\n\t<meta name=\"twitter:data1\" content=\"Tapas \/ EP\" \/>\n\t<meta name=\"twitter:label2\" content=\"Est. reading time\" \/>\n\t<meta name=\"twitter:data2\" content=\"2 minutes\" \/>\n<script type=\"application\/ld+json\" class=\"yoast-schema-graph\">{\"@context\":\"https:\\\/\\\/schema.org\",\"@graph\":[{\"@type\":\"Article\",\"@id\":\"https:\\\/\\\/www.tapasmagazine.es\\\/en\\\/economia-dunkin-refuerza-su-apuesta-por-el-sector-del-cafe-con-su-entrada-en-el-mercado-de-las-capsulas-de-cafe\\\/#article\",\"isPartOf\":{\"@id\":\"https:\\\/\\\/www.tapasmagazine.es\\\/en\\\/economia-dunkin-refuerza-su-apuesta-por-el-sector-del-cafe-con-su-entrada-en-el-mercado-de-las-capsulas-de-cafe\\\/\"},\"author\":{\"name\":\"Tapas \\\/ EP\",\"@id\":\"https:\\\/\\\/www.tapasmagazine.es\\\/#\\\/schema\\\/person\\\/dddb3bce6f98f2124c204b901d74a14b\"},\"headline\":\"Econom\u00eda.- Dunkin&#8217; refuerza su apuesta por el sector del caf\u00e9 con su entrada en el mercado de las c\u00e1psulas de caf\u00e9\",\"datePublished\":\"2023-02-27T12:11:12+00:00\",\"dateModified\":\"2023-02-27T12:12:33+00:00\",\"mainEntityOfPage\":{\"@id\":\"https:\\\/\\\/www.tapasmagazine.es\\\/en\\\/economia-dunkin-refuerza-su-apuesta-por-el-sector-del-cafe-con-su-entrada-en-el-mercado-de-las-capsulas-de-cafe\\\/\"},\"wordCount\":347,\"publisher\":{\"@id\":\"https:\\\/\\\/www.tapasmagazine.es\\\/#organization\"},\"image\":{\"@id\":\"https:\\\/\\\/www.tapasmagazine.es\\\/en\\\/economia-dunkin-refuerza-su-apuesta-por-el-sector-del-cafe-con-su-entrada-en-el-mercado-de-las-capsulas-de-cafe\\\/#primaryimage\"},\"thumbnailUrl\":\"https:\\\/\\\/www.tapasmagazine.es\\\/wp-content\\\/uploads\\\/2023\\\/02\\\/fotonoticia_20230227131112_9999.jpg\",\"articleSection\":[\"\u00daltima hora\"],\"inLanguage\":\"en-US\"},{\"@type\":\"WebPage\",\"@id\":\"https:\\\/\\\/www.tapasmagazine.es\\\/en\\\/economia-dunkin-refuerza-su-apuesta-por-el-sector-del-cafe-con-su-entrada-en-el-mercado-de-las-capsulas-de-cafe\\\/\",\"url\":\"https:\\\/\\\/www.tapasmagazine.es\\\/en\\\/economia-dunkin-refuerza-su-apuesta-por-el-sector-del-cafe-con-su-entrada-en-el-mercado-de-las-capsulas-de-cafe\\\/\",\"name\":\"Econom\u00eda.- Dunkin' refuerza su apuesta por el sector del caf\u00e9 con su entrada en el mercado de las c\u00e1psulas de caf\u00e9 - Tapas\",\"isPartOf\":{\"@id\":\"https:\\\/\\\/www.tapasmagazine.es\\\/#website\"},\"primaryImageOfPage\":{\"@id\":\"https:\\\/\\\/www.tapasmagazine.es\\\/en\\\/economia-dunkin-refuerza-su-apuesta-por-el-sector-del-cafe-con-su-entrada-en-el-mercado-de-las-capsulas-de-cafe\\\/#primaryimage\"},\"image\":{\"@id\":\"https:\\\/\\\/www.tapasmagazine.es\\\/en\\\/economia-dunkin-refuerza-su-apuesta-por-el-sector-del-cafe-con-su-entrada-en-el-mercado-de-las-capsulas-de-cafe\\\/#primaryimage\"},\"thumbnailUrl\":\"https:\\\/\\\/www.tapasmagazine.es\\\/wp-content\\\/uploads\\\/2023\\\/02\\\/fotonoticia_20230227131112_9999.jpg\",\"datePublished\":\"2023-02-27T12:11:12+00:00\",\"dateModified\":\"2023-02-27T12:12:33+00:00\",\"description\":\"Dunkin', marca de restauraci\u00f3n operada por el Grupo Inspire Brands en Espa\u00f1a, refuerza su apuesta por el sector del caf\u00e9 con la entrada en la categor\u00eda de\",\"breadcrumb\":{\"@id\":\"https:\\\/\\\/www.tapasmagazine.es\\\/en\\\/economia-dunkin-refuerza-su-apuesta-por-el-sector-del-cafe-con-su-entrada-en-el-mercado-de-las-capsulas-de-cafe\\\/#breadcrumb\"},\"inLanguage\":\"en-US\",\"potentialAction\":[{\"@type\":\"ReadAction\",\"target\":[\"https:\\\/\\\/www.tapasmagazine.es\\\/en\\\/economia-dunkin-refuerza-su-apuesta-por-el-sector-del-cafe-con-su-entrada-en-el-mercado-de-las-capsulas-de-cafe\\\/\"]}]},{\"@type\":\"ImageObject\",\"inLanguage\":\"en-US\",\"@id\":\"https:\\\/\\\/www.tapasmagazine.es\\\/en\\\/economia-dunkin-refuerza-su-apuesta-por-el-sector-del-cafe-con-su-entrada-en-el-mercado-de-las-capsulas-de-cafe\\\/#primaryimage\",\"url\":\"https:\\\/\\\/www.tapasmagazine.es\\\/wp-content\\\/uploads\\\/2023\\\/02\\\/fotonoticia_20230227131112_9999.jpg\",\"contentUrl\":\"https:\\\/\\\/www.tapasmagazine.es\\\/wp-content\\\/uploads\\\/2023\\\/02\\\/fotonoticia_20230227131112_9999.jpg\",\"width\":600,\"height\":484},{\"@type\":\"BreadcrumbList\",\"@id\":\"https:\\\/\\\/www.tapasmagazine.es\\\/en\\\/economia-dunkin-refuerza-su-apuesta-por-el-sector-del-cafe-con-su-entrada-en-el-mercado-de-las-capsulas-de-cafe\\\/#breadcrumb\",\"itemListElement\":[{\"@type\":\"ListItem\",\"position\":1,\"name\":\"Portada\",\"item\":\"https:\\\/\\\/www.tapasmagazine.es\\\/\"},{\"@type\":\"ListItem\",\"position\":2,\"name\":\"Sin categorizar\",\"item\":\"https:\\\/\\\/www.tapasmagazine.es\\\/categorias\\\/sin-categorizar\\\/\"},{\"@type\":\"ListItem\",\"position\":3,\"name\":\"Econom\u00eda.- Dunkin&#8217; refuerza su apuesta por el sector del caf\u00e9 con su entrada en el mercado de las c\u00e1psulas de caf\u00e9\"}]},{\"@type\":\"WebSite\",\"@id\":\"https:\\\/\\\/www.tapasmagazine.es\\\/#website\",\"url\":\"https:\\\/\\\/www.tapasmagazine.es\\\/\",\"name\":\"Tapas\",\"description\":\"\u00d1am \u00d1am Lifestyle. La vida a bocados. Premio Nacional de Gastronom\u00eda 2016.\",\"publisher\":{\"@id\":\"https:\\\/\\\/www.tapasmagazine.es\\\/#organization\"},\"potentialAction\":[{\"@type\":\"SearchAction\",\"target\":{\"@type\":\"EntryPoint\",\"urlTemplate\":\"https:\\\/\\\/www.tapasmagazine.es\\\/?s={search_term_string}\"},\"query-input\":{\"@type\":\"PropertyValueSpecification\",\"valueRequired\":true,\"valueName\":\"search_term_string\"}}],\"inLanguage\":\"en-US\"},{\"@type\":\"Organization\",\"@id\":\"https:\\\/\\\/www.tapasmagazine.es\\\/#organization\",\"name\":\"Tapas Magazine\",\"url\":\"https:\\\/\\\/www.tapasmagazine.es\\\/\",\"logo\":{\"@type\":\"ImageObject\",\"inLanguage\":\"en-US\",\"@id\":\"https:\\\/\\\/www.tapasmagazine.es\\\/#\\\/schema\\\/logo\\\/image\\\/\",\"url\":\"https:\\\/\\\/www.tapasmagazine.es\\\/wp-content\\\/uploads\\\/2018\\\/01\\\/logo.png\",\"contentUrl\":\"https:\\\/\\\/www.tapasmagazine.es\\\/wp-content\\\/uploads\\\/2018\\\/01\\\/logo.png\",\"width\":180,\"height\":60,\"caption\":\"Tapas Magazine\"},\"image\":{\"@id\":\"https:\\\/\\\/www.tapasmagazine.es\\\/#\\\/schema\\\/logo\\\/image\\\/\"},\"sameAs\":[\"https:\\\/\\\/www.facebook.com\\\/tapasmagazine\",\"https:\\\/\\\/x.com\\\/TapasMagazine\",\"https:\\\/\\\/www.instagram.com\\\/tapasmagazine\\\/\",\"https:\\\/\\\/www.linkedin.com\\\/company\\\/tapas-magazine\",\"https:\\\/\\\/es.pinterest.com\\\/tapasmagazine\\\/\",\"https:\\\/\\\/www.youtube.com\\\/channel\\\/UCEyxneAaACuR0lfDagrWjjg?sub_confirmation=1\"]},{\"@type\":\"Person\",\"@id\":\"https:\\\/\\\/www.tapasmagazine.es\\\/#\\\/schema\\\/person\\\/dddb3bce6f98f2124c204b901d74a14b\",\"name\":\"Tapas \\\/ EP\",\"url\":\"https:\\\/\\\/www.tapasmagazine.es\\\/en\\\/author\\\/tapasep\\\/\"}]}<\/script>\n<!-- \/ Yoast SEO plugin. -->","yoast_head_json":{"title":"Econom\u00eda.- Dunkin' refuerza su apuesta por el sector del caf\u00e9 con su entrada en el mercado de las c\u00e1psulas de caf\u00e9 - Tapas","description":"Dunkin', marca de restauraci\u00f3n operada por el Grupo Inspire Brands en Espa\u00f1a, refuerza su apuesta por el sector del caf\u00e9 con la entrada en la categor\u00eda de","robots":{"index":"index","follow":"follow","max-snippet":"max-snippet:-1","max-image-preview":"max-image-preview:large","max-video-preview":"max-video-preview:-1"},"canonical":"https:\/\/www.tapasmagazine.es\/en\/economia-dunkin-refuerza-su-apuesta-por-el-sector-del-cafe-con-su-entrada-en-el-mercado-de-las-capsulas-de-cafe\/","og_locale":"en_US","og_type":"article","og_title":"Econom\u00eda.- Dunkin' refuerza su apuesta por el sector del caf\u00e9 con su entrada en el mercado de las c\u00e1psulas de caf\u00e9 - Tapas","og_description":"Dunkin', marca de restauraci\u00f3n operada por el Grupo Inspire Brands en Espa\u00f1a, refuerza su apuesta por el sector del caf\u00e9 con la entrada en la categor\u00eda de","og_url":"https:\/\/www.tapasmagazine.es\/en\/economia-dunkin-refuerza-su-apuesta-por-el-sector-del-cafe-con-su-entrada-en-el-mercado-de-las-capsulas-de-cafe\/","og_site_name":"Tapas","article_publisher":"https:\/\/www.facebook.com\/tapasmagazine","article_published_time":"2023-02-27T12:11:12+00:00","article_modified_time":"2023-02-27T12:12:33+00:00","og_image":[{"width":600,"height":484,"url":"https:\/\/www.tapasmagazine.es\/wp-content\/uploads\/2023\/02\/fotonoticia_20230227131112_9999.jpg","type":"image\/jpeg"}],"author":"Tapas \/ EP","twitter_card":"summary_large_image","twitter_creator":"@TapasMagazine","twitter_site":"@TapasMagazine","twitter_misc":{"Written by":"Tapas \/ EP","Est. reading time":"2 minutes"},"schema":{"@context":"https:\/\/schema.org","@graph":[{"@type":"Article","@id":"https:\/\/www.tapasmagazine.es\/en\/economia-dunkin-refuerza-su-apuesta-por-el-sector-del-cafe-con-su-entrada-en-el-mercado-de-las-capsulas-de-cafe\/#article","isPartOf":{"@id":"https:\/\/www.tapasmagazine.es\/en\/economia-dunkin-refuerza-su-apuesta-por-el-sector-del-cafe-con-su-entrada-en-el-mercado-de-las-capsulas-de-cafe\/"},"author":{"name":"Tapas \/ EP","@id":"https:\/\/www.tapasmagazine.es\/#\/schema\/person\/dddb3bce6f98f2124c204b901d74a14b"},"headline":"Econom\u00eda.- Dunkin&#8217; refuerza su apuesta por el sector del caf\u00e9 con su entrada en el mercado de las c\u00e1psulas de caf\u00e9","datePublished":"2023-02-27T12:11:12+00:00","dateModified":"2023-02-27T12:12:33+00:00","mainEntityOfPage":{"@id":"https:\/\/www.tapasmagazine.es\/en\/economia-dunkin-refuerza-su-apuesta-por-el-sector-del-cafe-con-su-entrada-en-el-mercado-de-las-capsulas-de-cafe\/"},"wordCount":347,"publisher":{"@id":"https:\/\/www.tapasmagazine.es\/#organization"},"image":{"@id":"https:\/\/www.tapasmagazine.es\/en\/economia-dunkin-refuerza-su-apuesta-por-el-sector-del-cafe-con-su-entrada-en-el-mercado-de-las-capsulas-de-cafe\/#primaryimage"},"thumbnailUrl":"https:\/\/www.tapasmagazine.es\/wp-content\/uploads\/2023\/02\/fotonoticia_20230227131112_9999.jpg","articleSection":["\u00daltima hora"],"inLanguage":"en-US"},{"@type":"WebPage","@id":"https:\/\/www.tapasmagazine.es\/en\/economia-dunkin-refuerza-su-apuesta-por-el-sector-del-cafe-con-su-entrada-en-el-mercado-de-las-capsulas-de-cafe\/","url":"https:\/\/www.tapasmagazine.es\/en\/economia-dunkin-refuerza-su-apuesta-por-el-sector-del-cafe-con-su-entrada-en-el-mercado-de-las-capsulas-de-cafe\/","name":"Econom\u00eda.- Dunkin' refuerza su apuesta por el sector del caf\u00e9 con su entrada en el mercado de las c\u00e1psulas de caf\u00e9 - Tapas","isPartOf":{"@id":"https:\/\/www.tapasmagazine.es\/#website"},"primaryImageOfPage":{"@id":"https:\/\/www.tapasmagazine.es\/en\/economia-dunkin-refuerza-su-apuesta-por-el-sector-del-cafe-con-su-entrada-en-el-mercado-de-las-capsulas-de-cafe\/#primaryimage"},"image":{"@id":"https:\/\/www.tapasmagazine.es\/en\/economia-dunkin-refuerza-su-apuesta-por-el-sector-del-cafe-con-su-entrada-en-el-mercado-de-las-capsulas-de-cafe\/#primaryimage"},"thumbnailUrl":"https:\/\/www.tapasmagazine.es\/wp-content\/uploads\/2023\/02\/fotonoticia_20230227131112_9999.jpg","datePublished":"2023-02-27T12:11:12+00:00","dateModified":"2023-02-27T12:12:33+00:00","description":"Dunkin', marca de restauraci\u00f3n operada por el Grupo Inspire Brands en Espa\u00f1a, refuerza su apuesta por el sector del caf\u00e9 con la entrada en la categor\u00eda de","breadcrumb":{"@id":"https:\/\/www.tapasmagazine.es\/en\/economia-dunkin-refuerza-su-apuesta-por-el-sector-del-cafe-con-su-entrada-en-el-mercado-de-las-capsulas-de-cafe\/#breadcrumb"},"inLanguage":"en-US","potentialAction":[{"@type":"ReadAction","target":["https:\/\/www.tapasmagazine.es\/en\/economia-dunkin-refuerza-su-apuesta-por-el-sector-del-cafe-con-su-entrada-en-el-mercado-de-las-capsulas-de-cafe\/"]}]},{"@type":"ImageObject","inLanguage":"en-US","@id":"https:\/\/www.tapasmagazine.es\/en\/economia-dunkin-refuerza-su-apuesta-por-el-sector-del-cafe-con-su-entrada-en-el-mercado-de-las-capsulas-de-cafe\/#primaryimage","url":"https:\/\/www.tapasmagazine.es\/wp-content\/uploads\/2023\/02\/fotonoticia_20230227131112_9999.jpg","contentUrl":"https:\/\/www.tapasmagazine.es\/wp-content\/uploads\/2023\/02\/fotonoticia_20230227131112_9999.jpg","width":600,"height":484},{"@type":"BreadcrumbList","@id":"https:\/\/www.tapasmagazine.es\/en\/economia-dunkin-refuerza-su-apuesta-por-el-sector-del-cafe-con-su-entrada-en-el-mercado-de-las-capsulas-de-cafe\/#breadcrumb","itemListElement":[{"@type":"ListItem","position":1,"name":"Portada","item":"https:\/\/www.tapasmagazine.es\/"},{"@type":"ListItem","position":2,"name":"Sin categorizar","item":"https:\/\/www.tapasmagazine.es\/categorias\/sin-categorizar\/"},{"@type":"ListItem","position":3,"name":"Econom\u00eda.- Dunkin&#8217; refuerza su apuesta por el sector del caf\u00e9 con su entrada en el mercado de las c\u00e1psulas de caf\u00e9"}]},{"@type":"WebSite","@id":"https:\/\/www.tapasmagazine.es\/#website","url":"https:\/\/www.tapasmagazine.es\/","name":"Tapas","description":"\u00d1am \u00d1am Lifestyle. La vida a bocados. Premio Nacional de Gastronom\u00eda 2016.","publisher":{"@id":"https:\/\/www.tapasmagazine.es\/#organization"},"potentialAction":[{"@type":"SearchAction","target":{"@type":"EntryPoint","urlTemplate":"https:\/\/www.tapasmagazine.es\/?s={search_term_string}"},"query-input":{"@type":"PropertyValueSpecification","valueRequired":true,"valueName":"search_term_string"}}],"inLanguage":"en-US"},{"@type":"Organization","@id":"https:\/\/www.tapasmagazine.es\/#organization","name":"Tapas Magazine","url":"https:\/\/www.tapasmagazine.es\/","logo":{"@type":"ImageObject","inLanguage":"en-US","@id":"https:\/\/www.tapasmagazine.es\/#\/schema\/logo\/image\/","url":"https:\/\/www.tapasmagazine.es\/wp-content\/uploads\/2018\/01\/logo.png","contentUrl":"https:\/\/www.tapasmagazine.es\/wp-content\/uploads\/2018\/01\/logo.png","width":180,"height":60,"caption":"Tapas Magazine"},"image":{"@id":"https:\/\/www.tapasmagazine.es\/#\/schema\/logo\/image\/"},"sameAs":["https:\/\/www.facebook.com\/tapasmagazine","https:\/\/x.com\/TapasMagazine","https:\/\/www.instagram.com\/tapasmagazine\/","https:\/\/www.linkedin.com\/company\/tapas-magazine","https:\/\/es.pinterest.com\/tapasmagazine\/","https:\/\/www.youtube.com\/channel\/UCEyxneAaACuR0lfDagrWjjg?sub_confirmation=1"]},{"@type":"Person","@id":"https:\/\/www.tapasmagazine.es\/#\/schema\/person\/dddb3bce6f98f2124c204b901d74a14b","name":"Tapas \/ EP","url":"https:\/\/www.tapasmagazine.es\/en\/author\/tapasep\/"}]}},"_links":{"self":[{"href":"https:\/\/www.tapasmagazine.es\/en\/wp-json\/wp\/v2\/posts\/176537","targetHints":{"allow":["GET"]}}],"collection":[{"href":"https:\/\/www.tapasmagazine.es\/en\/wp-json\/wp\/v2\/posts"}],"about":[{"href":"https:\/\/www.tapasmagazine.es\/en\/wp-json\/wp\/v2\/types\/post"}],"author":[{"embeddable":true,"href":"https:\/\/www.tapasmagazine.es\/en\/wp-json\/wp\/v2\/users\/277"}],"replies":[{"embeddable":true,"href":"https:\/\/www.tapasmagazine.es\/en\/wp-json\/wp\/v2\/comments?post=176537"}],"version-history":[{"count":1,"href":"https:\/\/www.tapasmagazine.es\/en\/wp-json\/wp\/v2\/posts\/176537\/revisions"}],"predecessor-version":[{"id":176538,"href":"https:\/\/www.tapasmagazine.es\/en\/wp-json\/wp\/v2\/posts\/176537\/revisions\/176538"}],"wp:featuredmedia":[{"embeddable":true,"href":"https:\/\/www.tapasmagazine.es\/en\/wp-json\/wp\/v2\/media\/176539"}],"wp:attachment":[{"href":"https:\/\/www.tapasmagazine.es\/en\/wp-json\/wp\/v2\/media?parent=176537"}],"wp:term":[{"taxonomy":"category","embeddable":true,"href":"https:\/\/www.tapasmagazine.es\/en\/wp-json\/wp\/v2\/categories?post=176537"},{"taxonomy":"post_tag","embeddable":true,"href":"https:\/\/www.tapasmagazine.es\/en\/wp-json\/wp\/v2\/tags?post=176537"}],"curies":[{"name":"wp","href":"https:\/\/api.w.org\/{rel}","templated":true}]}}