{"id":176521,"date":"2023-02-27T11:57:06","date_gmt":"2023-02-27T10:57:06","guid":{"rendered":"https:\/\/www.tapasmagazine.es\/?p=176521"},"modified":"2023-02-27T12:12:14","modified_gmt":"2023-02-27T11:12:14","slug":"economia-fev-y-tinsa-renuevan-su-alianza-para-asesorar-a-las-bodegas-en-proyectos-de-financiacion-y-transformacion","status":"publish","type":"post","link":"https:\/\/www.tapasmagazine.es\/en\/economia-fev-y-tinsa-renuevan-su-alianza-para-asesorar-a-las-bodegas-en-proyectos-de-financiacion-y-transformacion\/","title":{"rendered":"Econom\u00eda.- FEV y Tinsa renuevan su alianza para asesorar a las bodegas en proyectos de financiaci\u00f3n y transformaci\u00f3n"},"content":{"rendered":"<p>La Federaci\u00f3n Espa\u00f1ola del Vino (FEV) y Tinsa han renovado un a\u00f1o m\u00e1s el acuerdo que mantienen desde 2018, por el que el grupo inmobiliario se<br \/>\nintegra como socio colaborador de la FEV para asesorar a las bodegas asociadas en materia de valoraci\u00f3n y consultor\u00eda de activos en instalaciones y vi\u00f1edos, seg\u00fan informa en un comunicado.<\/p>\n<p>   En concreto y tras la firma del convenio, realizada durante la \u00faltima edici\u00f3n de la Barcelona Wine Week, el director general de la FEV, Jos\u00e9 Luis Ben\u00edtez, ha subrayado la importancia para las empresas del sector<br \/>\nvitivin\u00edcola de contar con la mejor y m\u00e1s precisa informaci\u00f3n en su toma decisiones.<\/p>\n<p>   &#8220;En este contexto se enmarca nuestro acuerdo con Tinsa, que nos permite consolidar nuestra cartera de servicios a los socios y acompa\u00f1ar a las bodegas en todos los aspectos posibles del negocio, bien directamente o a trav\u00e9s de otras entidades l\u00edderes en el mercado como en este caso&#8221;, ha explicado.<\/p>\n<p>   Por su parte, el responsable comercial del sector vitivin\u00edcola de Tinsa, Javier Rond\u00e1n, ha destacado la estrecha colaboraci\u00f3n que la compa\u00f1\u00eda mantiene con el sector vitivin\u00edcola. &#8220;Son ya cinco a\u00f1os acompa\u00f1ando el d\u00eda a d\u00eda de las bodegas con un asesoramiento<br \/>\nprofesional para sus proyectos de financiaci\u00f3n y transformaci\u00f3n&#8221;, ha se\u00f1alado.<\/p>\n<p>   Desde 2006, Tinsa ha realizado m\u00e1s de 200.000 tasaciones de fincas r\u00fasticas, que suman 3,6 millones de hect\u00e1reas y m\u00e1s de 8.700 millones de euros de valor global tasado.<\/p>\n","protected":false},"excerpt":{"rendered":"<p>La Federaci\u00f3n Espa\u00f1ola del Vino (FEV) y Tinsa han renovado un a\u00f1o m\u00e1s el acuerdo que mantienen desde 2018, por el que el grupo inmobiliario se integra como socio colaborador de la FEV para asesorar a las bodegas asociadas en materia de valoraci\u00f3n y consultor\u00eda de activos en instalaciones y vi\u00f1edos, seg\u00fan informa en un [&hellip;]<\/p>\n","protected":false},"author":277,"featured_media":176523,"comment_status":"close","ping_status":"","sticky":false,"template":"single-feature.php","format":"standard","meta":{"_acf_changed":false,"footnotes":""},"categories":[15645],"tags":[],"class_list":["post-176521","post","type-post","status-publish","format-standard","has-post-thumbnail","hentry","category-ultima-hora","cat-15645-id"],"acf":[],"yoast_head":"<!-- This site is optimized with the Yoast SEO plugin v27.4 - https:\/\/yoast.com\/product\/yoast-seo-wordpress\/ -->\n<title>Econom\u00eda.- FEV y Tinsa renuevan su alianza para asesorar a las bodegas en proyectos de financiaci\u00f3n y transformaci\u00f3n - Tapas<\/title>\n<meta name=\"description\" content=\"La Federaci\u00f3n Espa\u00f1ola del Vino (FEV) y Tinsa han renovado un a\u00f1o m\u00e1s el acuerdo que mantienen desde 2018, por el que el grupo inmobiliario se integra\" \/>\n<meta name=\"robots\" content=\"index, follow, max-snippet:-1, max-image-preview:large, max-video-preview:-1\" \/>\n<link rel=\"canonical\" href=\"https:\/\/www.tapasmagazine.es\/en\/economia-fev-y-tinsa-renuevan-su-alianza-para-asesorar-a-las-bodegas-en-proyectos-de-financiacion-y-transformacion\/\" \/>\n<meta property=\"og:locale\" content=\"en_US\" \/>\n<meta property=\"og:type\" content=\"article\" \/>\n<meta property=\"og:title\" content=\"Econom\u00eda.- FEV y Tinsa renuevan su alianza para asesorar a las bodegas en proyectos de financiaci\u00f3n y transformaci\u00f3n - Tapas\" \/>\n<meta property=\"og:description\" content=\"La Federaci\u00f3n Espa\u00f1ola del Vino (FEV) y Tinsa han renovado un a\u00f1o m\u00e1s el acuerdo que mantienen desde 2018, por el que el grupo inmobiliario se integra\" \/>\n<meta property=\"og:url\" content=\"https:\/\/www.tapasmagazine.es\/en\/economia-fev-y-tinsa-renuevan-su-alianza-para-asesorar-a-las-bodegas-en-proyectos-de-financiacion-y-transformacion\/\" \/>\n<meta property=\"og:site_name\" content=\"Tapas\" \/>\n<meta property=\"article:publisher\" content=\"https:\/\/www.facebook.com\/tapasmagazine\" \/>\n<meta property=\"article:published_time\" content=\"2023-02-27T10:57:06+00:00\" \/>\n<meta property=\"article:modified_time\" content=\"2023-02-27T11:12:14+00:00\" \/>\n<meta property=\"og:image\" content=\"https:\/\/www.tapasmagazine.es\/wp-content\/uploads\/2023\/02\/fotonoticia_20230227115706_9999.jpg\" \/>\n\t<meta property=\"og:image:width\" content=\"1982\" \/>\n\t<meta property=\"og:image:height\" content=\"1339\" \/>\n\t<meta property=\"og:image:type\" content=\"image\/jpeg\" \/>\n<meta name=\"author\" content=\"Tapas \/ EP\" \/>\n<meta name=\"twitter:card\" content=\"summary_large_image\" \/>\n<meta name=\"twitter:creator\" content=\"@TapasMagazine\" \/>\n<meta name=\"twitter:site\" content=\"@TapasMagazine\" \/>\n<meta name=\"twitter:label1\" content=\"Written by\" \/>\n\t<meta name=\"twitter:data1\" content=\"Tapas \/ EP\" \/>\n\t<meta name=\"twitter:label2\" content=\"Est. reading time\" \/>\n\t<meta name=\"twitter:data2\" content=\"1 minute\" \/>\n<script type=\"application\/ld+json\" class=\"yoast-schema-graph\">{\"@context\":\"https:\\\/\\\/schema.org\",\"@graph\":[{\"@type\":\"Article\",\"@id\":\"https:\\\/\\\/www.tapasmagazine.es\\\/en\\\/economia-fev-y-tinsa-renuevan-su-alianza-para-asesorar-a-las-bodegas-en-proyectos-de-financiacion-y-transformacion\\\/#article\",\"isPartOf\":{\"@id\":\"https:\\\/\\\/www.tapasmagazine.es\\\/en\\\/economia-fev-y-tinsa-renuevan-su-alianza-para-asesorar-a-las-bodegas-en-proyectos-de-financiacion-y-transformacion\\\/\"},\"author\":{\"name\":\"Tapas \\\/ EP\",\"@id\":\"https:\\\/\\\/www.tapasmagazine.es\\\/#\\\/schema\\\/person\\\/dddb3bce6f98f2124c204b901d74a14b\"},\"headline\":\"Econom\u00eda.- FEV y Tinsa renuevan su alianza para asesorar a las bodegas en proyectos de financiaci\u00f3n y transformaci\u00f3n\",\"datePublished\":\"2023-02-27T10:57:06+00:00\",\"dateModified\":\"2023-02-27T11:12:14+00:00\",\"mainEntityOfPage\":{\"@id\":\"https:\\\/\\\/www.tapasmagazine.es\\\/en\\\/economia-fev-y-tinsa-renuevan-su-alianza-para-asesorar-a-las-bodegas-en-proyectos-de-financiacion-y-transformacion\\\/\"},\"wordCount\":285,\"publisher\":{\"@id\":\"https:\\\/\\\/www.tapasmagazine.es\\\/#organization\"},\"image\":{\"@id\":\"https:\\\/\\\/www.tapasmagazine.es\\\/en\\\/economia-fev-y-tinsa-renuevan-su-alianza-para-asesorar-a-las-bodegas-en-proyectos-de-financiacion-y-transformacion\\\/#primaryimage\"},\"thumbnailUrl\":\"https:\\\/\\\/www.tapasmagazine.es\\\/wp-content\\\/uploads\\\/2023\\\/02\\\/fotonoticia_20230227115706_9999.jpg\",\"articleSection\":[\"\u00daltima hora\"],\"inLanguage\":\"en-US\"},{\"@type\":\"WebPage\",\"@id\":\"https:\\\/\\\/www.tapasmagazine.es\\\/en\\\/economia-fev-y-tinsa-renuevan-su-alianza-para-asesorar-a-las-bodegas-en-proyectos-de-financiacion-y-transformacion\\\/\",\"url\":\"https:\\\/\\\/www.tapasmagazine.es\\\/en\\\/economia-fev-y-tinsa-renuevan-su-alianza-para-asesorar-a-las-bodegas-en-proyectos-de-financiacion-y-transformacion\\\/\",\"name\":\"Econom\u00eda.- FEV y Tinsa renuevan su alianza para asesorar a las bodegas en proyectos de financiaci\u00f3n y transformaci\u00f3n - Tapas\",\"isPartOf\":{\"@id\":\"https:\\\/\\\/www.tapasmagazine.es\\\/#website\"},\"primaryImageOfPage\":{\"@id\":\"https:\\\/\\\/www.tapasmagazine.es\\\/en\\\/economia-fev-y-tinsa-renuevan-su-alianza-para-asesorar-a-las-bodegas-en-proyectos-de-financiacion-y-transformacion\\\/#primaryimage\"},\"image\":{\"@id\":\"https:\\\/\\\/www.tapasmagazine.es\\\/en\\\/economia-fev-y-tinsa-renuevan-su-alianza-para-asesorar-a-las-bodegas-en-proyectos-de-financiacion-y-transformacion\\\/#primaryimage\"},\"thumbnailUrl\":\"https:\\\/\\\/www.tapasmagazine.es\\\/wp-content\\\/uploads\\\/2023\\\/02\\\/fotonoticia_20230227115706_9999.jpg\",\"datePublished\":\"2023-02-27T10:57:06+00:00\",\"dateModified\":\"2023-02-27T11:12:14+00:00\",\"description\":\"La Federaci\u00f3n Espa\u00f1ola del Vino (FEV) y Tinsa han renovado un a\u00f1o m\u00e1s el acuerdo que mantienen desde 2018, por el que el grupo inmobiliario se integra\",\"breadcrumb\":{\"@id\":\"https:\\\/\\\/www.tapasmagazine.es\\\/en\\\/economia-fev-y-tinsa-renuevan-su-alianza-para-asesorar-a-las-bodegas-en-proyectos-de-financiacion-y-transformacion\\\/#breadcrumb\"},\"inLanguage\":\"en-US\",\"potentialAction\":[{\"@type\":\"ReadAction\",\"target\":[\"https:\\\/\\\/www.tapasmagazine.es\\\/en\\\/economia-fev-y-tinsa-renuevan-su-alianza-para-asesorar-a-las-bodegas-en-proyectos-de-financiacion-y-transformacion\\\/\"]}]},{\"@type\":\"ImageObject\",\"inLanguage\":\"en-US\",\"@id\":\"https:\\\/\\\/www.tapasmagazine.es\\\/en\\\/economia-fev-y-tinsa-renuevan-su-alianza-para-asesorar-a-las-bodegas-en-proyectos-de-financiacion-y-transformacion\\\/#primaryimage\",\"url\":\"https:\\\/\\\/www.tapasmagazine.es\\\/wp-content\\\/uploads\\\/2023\\\/02\\\/fotonoticia_20230227115706_9999.jpg\",\"contentUrl\":\"https:\\\/\\\/www.tapasmagazine.es\\\/wp-content\\\/uploads\\\/2023\\\/02\\\/fotonoticia_20230227115706_9999.jpg\",\"width\":1982,\"height\":1339},{\"@type\":\"BreadcrumbList\",\"@id\":\"https:\\\/\\\/www.tapasmagazine.es\\\/en\\\/economia-fev-y-tinsa-renuevan-su-alianza-para-asesorar-a-las-bodegas-en-proyectos-de-financiacion-y-transformacion\\\/#breadcrumb\",\"itemListElement\":[{\"@type\":\"ListItem\",\"position\":1,\"name\":\"Portada\",\"item\":\"https:\\\/\\\/www.tapasmagazine.es\\\/\"},{\"@type\":\"ListItem\",\"position\":2,\"name\":\"Sin categorizar\",\"item\":\"https:\\\/\\\/www.tapasmagazine.es\\\/categorias\\\/sin-categorizar\\\/\"},{\"@type\":\"ListItem\",\"position\":3,\"name\":\"Econom\u00eda.- FEV y Tinsa renuevan su alianza para asesorar a las bodegas en proyectos de financiaci\u00f3n y transformaci\u00f3n\"}]},{\"@type\":\"WebSite\",\"@id\":\"https:\\\/\\\/www.tapasmagazine.es\\\/#website\",\"url\":\"https:\\\/\\\/www.tapasmagazine.es\\\/\",\"name\":\"Tapas\",\"description\":\"\u00d1am \u00d1am Lifestyle. La vida a bocados. Premio Nacional de Gastronom\u00eda 2016.\",\"publisher\":{\"@id\":\"https:\\\/\\\/www.tapasmagazine.es\\\/#organization\"},\"potentialAction\":[{\"@type\":\"SearchAction\",\"target\":{\"@type\":\"EntryPoint\",\"urlTemplate\":\"https:\\\/\\\/www.tapasmagazine.es\\\/?s={search_term_string}\"},\"query-input\":{\"@type\":\"PropertyValueSpecification\",\"valueRequired\":true,\"valueName\":\"search_term_string\"}}],\"inLanguage\":\"en-US\"},{\"@type\":\"Organization\",\"@id\":\"https:\\\/\\\/www.tapasmagazine.es\\\/#organization\",\"name\":\"Tapas Magazine\",\"url\":\"https:\\\/\\\/www.tapasmagazine.es\\\/\",\"logo\":{\"@type\":\"ImageObject\",\"inLanguage\":\"en-US\",\"@id\":\"https:\\\/\\\/www.tapasmagazine.es\\\/#\\\/schema\\\/logo\\\/image\\\/\",\"url\":\"https:\\\/\\\/www.tapasmagazine.es\\\/wp-content\\\/uploads\\\/2018\\\/01\\\/logo.png\",\"contentUrl\":\"https:\\\/\\\/www.tapasmagazine.es\\\/wp-content\\\/uploads\\\/2018\\\/01\\\/logo.png\",\"width\":180,\"height\":60,\"caption\":\"Tapas Magazine\"},\"image\":{\"@id\":\"https:\\\/\\\/www.tapasmagazine.es\\\/#\\\/schema\\\/logo\\\/image\\\/\"},\"sameAs\":[\"https:\\\/\\\/www.facebook.com\\\/tapasmagazine\",\"https:\\\/\\\/x.com\\\/TapasMagazine\",\"https:\\\/\\\/www.instagram.com\\\/tapasmagazine\\\/\",\"https:\\\/\\\/www.linkedin.com\\\/company\\\/tapas-magazine\",\"https:\\\/\\\/es.pinterest.com\\\/tapasmagazine\\\/\",\"https:\\\/\\\/www.youtube.com\\\/channel\\\/UCEyxneAaACuR0lfDagrWjjg?sub_confirmation=1\"]},{\"@type\":\"Person\",\"@id\":\"https:\\\/\\\/www.tapasmagazine.es\\\/#\\\/schema\\\/person\\\/dddb3bce6f98f2124c204b901d74a14b\",\"name\":\"Tapas \\\/ EP\",\"url\":\"https:\\\/\\\/www.tapasmagazine.es\\\/en\\\/author\\\/tapasep\\\/\"}]}<\/script>\n<!-- \/ Yoast SEO plugin. -->","yoast_head_json":{"title":"Econom\u00eda.- FEV y Tinsa renuevan su alianza para asesorar a las bodegas en proyectos de financiaci\u00f3n y transformaci\u00f3n - Tapas","description":"La Federaci\u00f3n Espa\u00f1ola del Vino (FEV) y Tinsa han renovado un a\u00f1o m\u00e1s el acuerdo que mantienen desde 2018, por el que el grupo inmobiliario se integra","robots":{"index":"index","follow":"follow","max-snippet":"max-snippet:-1","max-image-preview":"max-image-preview:large","max-video-preview":"max-video-preview:-1"},"canonical":"https:\/\/www.tapasmagazine.es\/en\/economia-fev-y-tinsa-renuevan-su-alianza-para-asesorar-a-las-bodegas-en-proyectos-de-financiacion-y-transformacion\/","og_locale":"en_US","og_type":"article","og_title":"Econom\u00eda.- FEV y Tinsa renuevan su alianza para asesorar a las bodegas en proyectos de financiaci\u00f3n y transformaci\u00f3n - Tapas","og_description":"La Federaci\u00f3n Espa\u00f1ola del Vino (FEV) y Tinsa han renovado un a\u00f1o m\u00e1s el acuerdo que mantienen desde 2018, por el que el grupo inmobiliario se integra","og_url":"https:\/\/www.tapasmagazine.es\/en\/economia-fev-y-tinsa-renuevan-su-alianza-para-asesorar-a-las-bodegas-en-proyectos-de-financiacion-y-transformacion\/","og_site_name":"Tapas","article_publisher":"https:\/\/www.facebook.com\/tapasmagazine","article_published_time":"2023-02-27T10:57:06+00:00","article_modified_time":"2023-02-27T11:12:14+00:00","og_image":[{"width":1982,"height":1339,"url":"https:\/\/www.tapasmagazine.es\/wp-content\/uploads\/2023\/02\/fotonoticia_20230227115706_9999.jpg","type":"image\/jpeg"}],"author":"Tapas \/ EP","twitter_card":"summary_large_image","twitter_creator":"@TapasMagazine","twitter_site":"@TapasMagazine","twitter_misc":{"Written by":"Tapas \/ EP","Est. reading time":"1 minute"},"schema":{"@context":"https:\/\/schema.org","@graph":[{"@type":"Article","@id":"https:\/\/www.tapasmagazine.es\/en\/economia-fev-y-tinsa-renuevan-su-alianza-para-asesorar-a-las-bodegas-en-proyectos-de-financiacion-y-transformacion\/#article","isPartOf":{"@id":"https:\/\/www.tapasmagazine.es\/en\/economia-fev-y-tinsa-renuevan-su-alianza-para-asesorar-a-las-bodegas-en-proyectos-de-financiacion-y-transformacion\/"},"author":{"name":"Tapas \/ EP","@id":"https:\/\/www.tapasmagazine.es\/#\/schema\/person\/dddb3bce6f98f2124c204b901d74a14b"},"headline":"Econom\u00eda.- FEV y Tinsa renuevan su alianza para asesorar a las bodegas en proyectos de financiaci\u00f3n y transformaci\u00f3n","datePublished":"2023-02-27T10:57:06+00:00","dateModified":"2023-02-27T11:12:14+00:00","mainEntityOfPage":{"@id":"https:\/\/www.tapasmagazine.es\/en\/economia-fev-y-tinsa-renuevan-su-alianza-para-asesorar-a-las-bodegas-en-proyectos-de-financiacion-y-transformacion\/"},"wordCount":285,"publisher":{"@id":"https:\/\/www.tapasmagazine.es\/#organization"},"image":{"@id":"https:\/\/www.tapasmagazine.es\/en\/economia-fev-y-tinsa-renuevan-su-alianza-para-asesorar-a-las-bodegas-en-proyectos-de-financiacion-y-transformacion\/#primaryimage"},"thumbnailUrl":"https:\/\/www.tapasmagazine.es\/wp-content\/uploads\/2023\/02\/fotonoticia_20230227115706_9999.jpg","articleSection":["\u00daltima hora"],"inLanguage":"en-US"},{"@type":"WebPage","@id":"https:\/\/www.tapasmagazine.es\/en\/economia-fev-y-tinsa-renuevan-su-alianza-para-asesorar-a-las-bodegas-en-proyectos-de-financiacion-y-transformacion\/","url":"https:\/\/www.tapasmagazine.es\/en\/economia-fev-y-tinsa-renuevan-su-alianza-para-asesorar-a-las-bodegas-en-proyectos-de-financiacion-y-transformacion\/","name":"Econom\u00eda.- FEV y Tinsa renuevan su alianza para asesorar a las bodegas en proyectos de financiaci\u00f3n y transformaci\u00f3n - Tapas","isPartOf":{"@id":"https:\/\/www.tapasmagazine.es\/#website"},"primaryImageOfPage":{"@id":"https:\/\/www.tapasmagazine.es\/en\/economia-fev-y-tinsa-renuevan-su-alianza-para-asesorar-a-las-bodegas-en-proyectos-de-financiacion-y-transformacion\/#primaryimage"},"image":{"@id":"https:\/\/www.tapasmagazine.es\/en\/economia-fev-y-tinsa-renuevan-su-alianza-para-asesorar-a-las-bodegas-en-proyectos-de-financiacion-y-transformacion\/#primaryimage"},"thumbnailUrl":"https:\/\/www.tapasmagazine.es\/wp-content\/uploads\/2023\/02\/fotonoticia_20230227115706_9999.jpg","datePublished":"2023-02-27T10:57:06+00:00","dateModified":"2023-02-27T11:12:14+00:00","description":"La Federaci\u00f3n Espa\u00f1ola del Vino (FEV) y Tinsa han renovado un a\u00f1o m\u00e1s el acuerdo que mantienen desde 2018, por el que el grupo inmobiliario se integra","breadcrumb":{"@id":"https:\/\/www.tapasmagazine.es\/en\/economia-fev-y-tinsa-renuevan-su-alianza-para-asesorar-a-las-bodegas-en-proyectos-de-financiacion-y-transformacion\/#breadcrumb"},"inLanguage":"en-US","potentialAction":[{"@type":"ReadAction","target":["https:\/\/www.tapasmagazine.es\/en\/economia-fev-y-tinsa-renuevan-su-alianza-para-asesorar-a-las-bodegas-en-proyectos-de-financiacion-y-transformacion\/"]}]},{"@type":"ImageObject","inLanguage":"en-US","@id":"https:\/\/www.tapasmagazine.es\/en\/economia-fev-y-tinsa-renuevan-su-alianza-para-asesorar-a-las-bodegas-en-proyectos-de-financiacion-y-transformacion\/#primaryimage","url":"https:\/\/www.tapasmagazine.es\/wp-content\/uploads\/2023\/02\/fotonoticia_20230227115706_9999.jpg","contentUrl":"https:\/\/www.tapasmagazine.es\/wp-content\/uploads\/2023\/02\/fotonoticia_20230227115706_9999.jpg","width":1982,"height":1339},{"@type":"BreadcrumbList","@id":"https:\/\/www.tapasmagazine.es\/en\/economia-fev-y-tinsa-renuevan-su-alianza-para-asesorar-a-las-bodegas-en-proyectos-de-financiacion-y-transformacion\/#breadcrumb","itemListElement":[{"@type":"ListItem","position":1,"name":"Portada","item":"https:\/\/www.tapasmagazine.es\/"},{"@type":"ListItem","position":2,"name":"Sin categorizar","item":"https:\/\/www.tapasmagazine.es\/categorias\/sin-categorizar\/"},{"@type":"ListItem","position":3,"name":"Econom\u00eda.- FEV y Tinsa renuevan su alianza para asesorar a las bodegas en proyectos de financiaci\u00f3n y transformaci\u00f3n"}]},{"@type":"WebSite","@id":"https:\/\/www.tapasmagazine.es\/#website","url":"https:\/\/www.tapasmagazine.es\/","name":"Tapas","description":"\u00d1am \u00d1am Lifestyle. La vida a bocados. Premio Nacional de Gastronom\u00eda 2016.","publisher":{"@id":"https:\/\/www.tapasmagazine.es\/#organization"},"potentialAction":[{"@type":"SearchAction","target":{"@type":"EntryPoint","urlTemplate":"https:\/\/www.tapasmagazine.es\/?s={search_term_string}"},"query-input":{"@type":"PropertyValueSpecification","valueRequired":true,"valueName":"search_term_string"}}],"inLanguage":"en-US"},{"@type":"Organization","@id":"https:\/\/www.tapasmagazine.es\/#organization","name":"Tapas Magazine","url":"https:\/\/www.tapasmagazine.es\/","logo":{"@type":"ImageObject","inLanguage":"en-US","@id":"https:\/\/www.tapasmagazine.es\/#\/schema\/logo\/image\/","url":"https:\/\/www.tapasmagazine.es\/wp-content\/uploads\/2018\/01\/logo.png","contentUrl":"https:\/\/www.tapasmagazine.es\/wp-content\/uploads\/2018\/01\/logo.png","width":180,"height":60,"caption":"Tapas Magazine"},"image":{"@id":"https:\/\/www.tapasmagazine.es\/#\/schema\/logo\/image\/"},"sameAs":["https:\/\/www.facebook.com\/tapasmagazine","https:\/\/x.com\/TapasMagazine","https:\/\/www.instagram.com\/tapasmagazine\/","https:\/\/www.linkedin.com\/company\/tapas-magazine","https:\/\/es.pinterest.com\/tapasmagazine\/","https:\/\/www.youtube.com\/channel\/UCEyxneAaACuR0lfDagrWjjg?sub_confirmation=1"]},{"@type":"Person","@id":"https:\/\/www.tapasmagazine.es\/#\/schema\/person\/dddb3bce6f98f2124c204b901d74a14b","name":"Tapas \/ EP","url":"https:\/\/www.tapasmagazine.es\/en\/author\/tapasep\/"}]}},"_links":{"self":[{"href":"https:\/\/www.tapasmagazine.es\/en\/wp-json\/wp\/v2\/posts\/176521","targetHints":{"allow":["GET"]}}],"collection":[{"href":"https:\/\/www.tapasmagazine.es\/en\/wp-json\/wp\/v2\/posts"}],"about":[{"href":"https:\/\/www.tapasmagazine.es\/en\/wp-json\/wp\/v2\/types\/post"}],"author":[{"embeddable":true,"href":"https:\/\/www.tapasmagazine.es\/en\/wp-json\/wp\/v2\/users\/277"}],"replies":[{"embeddable":true,"href":"https:\/\/www.tapasmagazine.es\/en\/wp-json\/wp\/v2\/comments?post=176521"}],"version-history":[{"count":1,"href":"https:\/\/www.tapasmagazine.es\/en\/wp-json\/wp\/v2\/posts\/176521\/revisions"}],"predecessor-version":[{"id":176522,"href":"https:\/\/www.tapasmagazine.es\/en\/wp-json\/wp\/v2\/posts\/176521\/revisions\/176522"}],"wp:featuredmedia":[{"embeddable":true,"href":"https:\/\/www.tapasmagazine.es\/en\/wp-json\/wp\/v2\/media\/176523"}],"wp:attachment":[{"href":"https:\/\/www.tapasmagazine.es\/en\/wp-json\/wp\/v2\/media?parent=176521"}],"wp:term":[{"taxonomy":"category","embeddable":true,"href":"https:\/\/www.tapasmagazine.es\/en\/wp-json\/wp\/v2\/categories?post=176521"},{"taxonomy":"post_tag","embeddable":true,"href":"https:\/\/www.tapasmagazine.es\/en\/wp-json\/wp\/v2\/tags?post=176521"}],"curies":[{"name":"wp","href":"https:\/\/api.w.org\/{rel}","templated":true}]}}