{"id":176506,"date":"2023-02-27T11:23:26","date_gmt":"2023-02-27T10:23:26","guid":{"rendered":"https:\/\/www.tapasmagazine.es\/?p=176506"},"modified":"2023-02-27T11:41:58","modified_gmt":"2023-02-27T10:41:58","slug":"economia-planas-reitera-que-la-ley-de-la-cadena-funciona-bien-y-es-un-elemento-de-transparencia-y-equilibrio","status":"publish","type":"post","link":"https:\/\/www.tapasmagazine.es\/en\/economia-planas-reitera-que-la-ley-de-la-cadena-funciona-bien-y-es-un-elemento-de-transparencia-y-equilibrio\/","title":{"rendered":"Econom\u00eda.- Planas reitera que la Ley de la Cadena &#8220;funciona bien&#8221; y es un elemento de &#8220;transparencia&#8221; y &#8220;equilibrio&#8221;"},"content":{"rendered":"<p>El ministro de Agricultura, Pesca y Alimentaci\u00f3n, Luis Planas, ha subrayado que la Ley de la Cadena Alimentaria est\u00e1 funcionando &#8220;bien&#8221; en Espa\u00f1a como se ha visto con las \u00faltimas sanciones conocidas por la<br \/>\nAgencia de Informaci\u00f3n y Control Alimentarios (AICA), ya que est\u00e1 dotando de &#8220;transparencia y equilibrio&#8221; al sector agroalimentario.<\/p>\n<p>   &#8220;La cadena funciona bien en Espa\u00f1a y esta Ley es un elemento suplementario de transparencia y equilibrio. Es un paso adelante importante, pero lo clave e importante es que cada uno reciba la parte que corresponde del beneficio de la cadena, que todas las actividades sean rentables y que haya un equilibrio, que no sean agricultores y ganaderos los que paguen el pato como ocurr\u00eda en el pasado&#8221;, ha asegurado Planas en declaraciones a RNE, que recoge Europa Press.<\/p>\n<p>   El titular de Agricultura ha realizado estas declaraciones antes de presidir la reuni\u00f3n del consejo asesor de la Agencia de Informaci\u00f3n y Control Alimentarios (AICA), d\u00edas despu\u00e9s de que se hayan dado a conocer las primeras multas a empresas e industrias por incumplir la Ley de la Cadena.<\/p>\n<p>   Planas ha se\u00f1alado que en 2022 se efectuaron un total de 7.600 actuaciones, lo que supone una &#8220;muestra de un buen trabajo&#8221;, ya que han salido 292 expedientes sancionandores y 69 son los que se han publicado por ser sanciones &#8220;graves o muy graves&#8221;.<\/p>\n<p>   &#8220;Quiz\u00e1s ha chocado porque era la primera vez que se publicaban, pero lo importante no es la Ley sino su cumplimiento, porque son sanciones por incumplimiento de plazos de pago, pero sobre todo o m\u00e1s importante es la puesta en marcha del registro de contratos de alimentaci\u00f3n, que ahora son de car\u00e1cter voluntario, pero que ser\u00e1 obligatorio a partir del 1 de julio, donde quedar\u00e1n depositados de forma electr\u00f3nica todos los contratos&#8221;, ha explicado.<\/p>\n<p>   El titular de Agricultura se muestra optimista y reitera que los precios de los alimentos ir\u00e1n &#8220;progresivamente disminuyendo&#8221;, por lo que apela a la &#8220;tenacidad&#8221; de todos.<\/p>\n<p>   A la espera de conocer el dato de la inflaci\u00f3n que se conocer\u00e1 este martes, Planas conf\u00eda en que &#8220;en medida de que los costes vayan disminuyendo, estos se ir\u00e1n transladando a los precios&#8221; aunque ha advertido que se est\u00e1 en un &#8220;escenario de muy alta volatilidad&#8221;. &#8220;Tenemos factores clim\u00e1ticos muy importantes como la sequ\u00eda que afecta mucho a produciones imporantes para nosotros como son los cereales, aceite y c\u00edtricos. Estamos sometidos a muchos factores aleatorios, pero la tendencia es positiva&#8221;, ha recordado.<\/p>\n<p>   Por \u00faltimo, Planas ha avanzado que en las &#8220;pr\u00f3ximas semanas&#8221; est\u00e1 previsto que se apruebe el real decreto de ayudas al sector ovino por los casos de viruela que han afectado a explotaciones de Andaluc\u00eda y Castilla-La Mancha, donde se han tenido que sacrificar 37.000 cabezas de ganado de los 26 brotes que se han dado.<\/p>\n<p>   &#8220;Ser\u00e1 aprobada en las pr\u00f3ximas semanas para facilitar la reposici\u00f3n de los reba\u00f1os y si conseguimos hacer frente a \u00e9sta enferemada animal es consecuencia del excelente trabajo de los ganaderos y de las CCAA&#8221;, ha subrayado el titular del ramo.<\/p>\n","protected":false},"excerpt":{"rendered":"<p>El ministro de Agricultura, Pesca y Alimentaci\u00f3n, Luis Planas, ha subrayado que la Ley de la Cadena Alimentaria est\u00e1 funcionando &#8220;bien&#8221; en Espa\u00f1a como se ha visto con las \u00faltimas sanciones conocidas por la Agencia de Informaci\u00f3n y Control Alimentarios (AICA), ya que est\u00e1 dotando de &#8220;transparencia y equilibrio&#8221; al sector agroalimentario. &#8220;La cadena funciona [&hellip;]<\/p>\n","protected":false},"author":277,"featured_media":176508,"comment_status":"close","ping_status":"","sticky":false,"template":"single-feature.php","format":"standard","meta":{"_acf_changed":false,"footnotes":""},"categories":[15645],"tags":[],"class_list":["post-176506","post","type-post","status-publish","format-standard","has-post-thumbnail","hentry","category-ultima-hora","cat-15645-id"],"acf":[],"yoast_head":"<!-- This site is optimized with the Yoast SEO plugin v27.4 - https:\/\/yoast.com\/product\/yoast-seo-wordpress\/ -->\n<title>Econom\u00eda.- Planas reitera que la Ley de la Cadena &quot;funciona bien&quot; y es un elemento de &quot;transparencia&quot; y &quot;equilibrio&quot; - Tapas<\/title>\n<meta name=\"description\" content=\"El ministro de Agricultura, Pesca y Alimentaci\u00f3n, Luis Planas, ha subrayado que la Ley de la Cadena Alimentaria est\u00e1 funcionando &quot;bien&quot; en Espa\u00f1a como se\" \/>\n<meta name=\"robots\" content=\"index, follow, max-snippet:-1, max-image-preview:large, max-video-preview:-1\" \/>\n<link rel=\"canonical\" href=\"https:\/\/www.tapasmagazine.es\/en\/economia-planas-reitera-que-la-ley-de-la-cadena-funciona-bien-y-es-un-elemento-de-transparencia-y-equilibrio\/\" \/>\n<meta property=\"og:locale\" content=\"en_US\" \/>\n<meta property=\"og:type\" content=\"article\" \/>\n<meta property=\"og:title\" content=\"Econom\u00eda.- Planas reitera que la Ley de la Cadena &quot;funciona bien&quot; y es un elemento de &quot;transparencia&quot; y &quot;equilibrio&quot; - Tapas\" \/>\n<meta property=\"og:description\" content=\"El ministro de Agricultura, Pesca y Alimentaci\u00f3n, Luis Planas, ha subrayado que la Ley de la Cadena Alimentaria est\u00e1 funcionando &quot;bien&quot; en Espa\u00f1a como se\" \/>\n<meta property=\"og:url\" content=\"https:\/\/www.tapasmagazine.es\/en\/economia-planas-reitera-que-la-ley-de-la-cadena-funciona-bien-y-es-un-elemento-de-transparencia-y-equilibrio\/\" \/>\n<meta property=\"og:site_name\" content=\"Tapas\" \/>\n<meta property=\"article:publisher\" content=\"https:\/\/www.facebook.com\/tapasmagazine\" \/>\n<meta property=\"article:published_time\" content=\"2023-02-27T10:23:26+00:00\" \/>\n<meta property=\"article:modified_time\" content=\"2023-02-27T10:41:58+00:00\" \/>\n<meta property=\"og:image\" content=\"https:\/\/www.tapasmagazine.es\/wp-content\/uploads\/2023\/02\/fotonoticia_20230227112326_9999-scaled.jpg\" \/>\n\t<meta property=\"og:image:width\" content=\"2560\" \/>\n\t<meta property=\"og:image:height\" content=\"1625\" \/>\n\t<meta property=\"og:image:type\" content=\"image\/jpeg\" \/>\n<meta name=\"author\" content=\"Tapas \/ EP\" \/>\n<meta name=\"twitter:card\" content=\"summary_large_image\" \/>\n<meta name=\"twitter:creator\" content=\"@TapasMagazine\" \/>\n<meta name=\"twitter:site\" content=\"@TapasMagazine\" \/>\n<meta name=\"twitter:label1\" content=\"Written by\" \/>\n\t<meta name=\"twitter:data1\" content=\"Tapas \/ EP\" \/>\n\t<meta name=\"twitter:label2\" content=\"Est. reading time\" \/>\n\t<meta name=\"twitter:data2\" content=\"3 minutes\" \/>\n<script type=\"application\/ld+json\" class=\"yoast-schema-graph\">{\"@context\":\"https:\\\/\\\/schema.org\",\"@graph\":[{\"@type\":\"Article\",\"@id\":\"https:\\\/\\\/www.tapasmagazine.es\\\/en\\\/economia-planas-reitera-que-la-ley-de-la-cadena-funciona-bien-y-es-un-elemento-de-transparencia-y-equilibrio\\\/#article\",\"isPartOf\":{\"@id\":\"https:\\\/\\\/www.tapasmagazine.es\\\/en\\\/economia-planas-reitera-que-la-ley-de-la-cadena-funciona-bien-y-es-un-elemento-de-transparencia-y-equilibrio\\\/\"},\"author\":{\"name\":\"Tapas \\\/ EP\",\"@id\":\"https:\\\/\\\/www.tapasmagazine.es\\\/#\\\/schema\\\/person\\\/dddb3bce6f98f2124c204b901d74a14b\"},\"headline\":\"Econom\u00eda.- Planas reitera que la Ley de la Cadena &#8220;funciona bien&#8221; y es un elemento de &#8220;transparencia&#8221; y &#8220;equilibrio&#8221;\",\"datePublished\":\"2023-02-27T10:23:26+00:00\",\"dateModified\":\"2023-02-27T10:41:58+00:00\",\"mainEntityOfPage\":{\"@id\":\"https:\\\/\\\/www.tapasmagazine.es\\\/en\\\/economia-planas-reitera-que-la-ley-de-la-cadena-funciona-bien-y-es-un-elemento-de-transparencia-y-equilibrio\\\/\"},\"wordCount\":545,\"publisher\":{\"@id\":\"https:\\\/\\\/www.tapasmagazine.es\\\/#organization\"},\"image\":{\"@id\":\"https:\\\/\\\/www.tapasmagazine.es\\\/en\\\/economia-planas-reitera-que-la-ley-de-la-cadena-funciona-bien-y-es-un-elemento-de-transparencia-y-equilibrio\\\/#primaryimage\"},\"thumbnailUrl\":\"https:\\\/\\\/www.tapasmagazine.es\\\/wp-content\\\/uploads\\\/2023\\\/02\\\/fotonoticia_20230227112326_9999-scaled.jpg\",\"articleSection\":[\"\u00daltima hora\"],\"inLanguage\":\"en-US\"},{\"@type\":\"WebPage\",\"@id\":\"https:\\\/\\\/www.tapasmagazine.es\\\/en\\\/economia-planas-reitera-que-la-ley-de-la-cadena-funciona-bien-y-es-un-elemento-de-transparencia-y-equilibrio\\\/\",\"url\":\"https:\\\/\\\/www.tapasmagazine.es\\\/en\\\/economia-planas-reitera-que-la-ley-de-la-cadena-funciona-bien-y-es-un-elemento-de-transparencia-y-equilibrio\\\/\",\"name\":\"Econom\u00eda.- Planas reitera que la Ley de la Cadena \\\"funciona bien\\\" y es un elemento de \\\"transparencia\\\" y \\\"equilibrio\\\" - Tapas\",\"isPartOf\":{\"@id\":\"https:\\\/\\\/www.tapasmagazine.es\\\/#website\"},\"primaryImageOfPage\":{\"@id\":\"https:\\\/\\\/www.tapasmagazine.es\\\/en\\\/economia-planas-reitera-que-la-ley-de-la-cadena-funciona-bien-y-es-un-elemento-de-transparencia-y-equilibrio\\\/#primaryimage\"},\"image\":{\"@id\":\"https:\\\/\\\/www.tapasmagazine.es\\\/en\\\/economia-planas-reitera-que-la-ley-de-la-cadena-funciona-bien-y-es-un-elemento-de-transparencia-y-equilibrio\\\/#primaryimage\"},\"thumbnailUrl\":\"https:\\\/\\\/www.tapasmagazine.es\\\/wp-content\\\/uploads\\\/2023\\\/02\\\/fotonoticia_20230227112326_9999-scaled.jpg\",\"datePublished\":\"2023-02-27T10:23:26+00:00\",\"dateModified\":\"2023-02-27T10:41:58+00:00\",\"description\":\"El ministro de Agricultura, Pesca y Alimentaci\u00f3n, Luis Planas, ha subrayado que la Ley de la Cadena Alimentaria est\u00e1 funcionando \\\"bien\\\" en Espa\u00f1a como se\",\"breadcrumb\":{\"@id\":\"https:\\\/\\\/www.tapasmagazine.es\\\/en\\\/economia-planas-reitera-que-la-ley-de-la-cadena-funciona-bien-y-es-un-elemento-de-transparencia-y-equilibrio\\\/#breadcrumb\"},\"inLanguage\":\"en-US\",\"potentialAction\":[{\"@type\":\"ReadAction\",\"target\":[\"https:\\\/\\\/www.tapasmagazine.es\\\/en\\\/economia-planas-reitera-que-la-ley-de-la-cadena-funciona-bien-y-es-un-elemento-de-transparencia-y-equilibrio\\\/\"]}]},{\"@type\":\"ImageObject\",\"inLanguage\":\"en-US\",\"@id\":\"https:\\\/\\\/www.tapasmagazine.es\\\/en\\\/economia-planas-reitera-que-la-ley-de-la-cadena-funciona-bien-y-es-un-elemento-de-transparencia-y-equilibrio\\\/#primaryimage\",\"url\":\"https:\\\/\\\/www.tapasmagazine.es\\\/wp-content\\\/uploads\\\/2023\\\/02\\\/fotonoticia_20230227112326_9999-scaled.jpg\",\"contentUrl\":\"https:\\\/\\\/www.tapasmagazine.es\\\/wp-content\\\/uploads\\\/2023\\\/02\\\/fotonoticia_20230227112326_9999-scaled.jpg\",\"width\":2560,\"height\":1625},{\"@type\":\"BreadcrumbList\",\"@id\":\"https:\\\/\\\/www.tapasmagazine.es\\\/en\\\/economia-planas-reitera-que-la-ley-de-la-cadena-funciona-bien-y-es-un-elemento-de-transparencia-y-equilibrio\\\/#breadcrumb\",\"itemListElement\":[{\"@type\":\"ListItem\",\"position\":1,\"name\":\"Portada\",\"item\":\"https:\\\/\\\/www.tapasmagazine.es\\\/\"},{\"@type\":\"ListItem\",\"position\":2,\"name\":\"Sin categorizar\",\"item\":\"https:\\\/\\\/www.tapasmagazine.es\\\/categorias\\\/sin-categorizar\\\/\"},{\"@type\":\"ListItem\",\"position\":3,\"name\":\"Econom\u00eda.- Planas reitera que la Ley de la Cadena \u00abfunciona bien\u00bb y es un elemento de \u00abtransparencia\u00bb y \u00abequilibrio\u00bb\"}]},{\"@type\":\"WebSite\",\"@id\":\"https:\\\/\\\/www.tapasmagazine.es\\\/#website\",\"url\":\"https:\\\/\\\/www.tapasmagazine.es\\\/\",\"name\":\"Tapas\",\"description\":\"\u00d1am \u00d1am Lifestyle. La vida a bocados. Premio Nacional de Gastronom\u00eda 2016.\",\"publisher\":{\"@id\":\"https:\\\/\\\/www.tapasmagazine.es\\\/#organization\"},\"potentialAction\":[{\"@type\":\"SearchAction\",\"target\":{\"@type\":\"EntryPoint\",\"urlTemplate\":\"https:\\\/\\\/www.tapasmagazine.es\\\/?s={search_term_string}\"},\"query-input\":{\"@type\":\"PropertyValueSpecification\",\"valueRequired\":true,\"valueName\":\"search_term_string\"}}],\"inLanguage\":\"en-US\"},{\"@type\":\"Organization\",\"@id\":\"https:\\\/\\\/www.tapasmagazine.es\\\/#organization\",\"name\":\"Tapas Magazine\",\"url\":\"https:\\\/\\\/www.tapasmagazine.es\\\/\",\"logo\":{\"@type\":\"ImageObject\",\"inLanguage\":\"en-US\",\"@id\":\"https:\\\/\\\/www.tapasmagazine.es\\\/#\\\/schema\\\/logo\\\/image\\\/\",\"url\":\"https:\\\/\\\/www.tapasmagazine.es\\\/wp-content\\\/uploads\\\/2018\\\/01\\\/logo.png\",\"contentUrl\":\"https:\\\/\\\/www.tapasmagazine.es\\\/wp-content\\\/uploads\\\/2018\\\/01\\\/logo.png\",\"width\":180,\"height\":60,\"caption\":\"Tapas Magazine\"},\"image\":{\"@id\":\"https:\\\/\\\/www.tapasmagazine.es\\\/#\\\/schema\\\/logo\\\/image\\\/\"},\"sameAs\":[\"https:\\\/\\\/www.facebook.com\\\/tapasmagazine\",\"https:\\\/\\\/x.com\\\/TapasMagazine\",\"https:\\\/\\\/www.instagram.com\\\/tapasmagazine\\\/\",\"https:\\\/\\\/www.linkedin.com\\\/company\\\/tapas-magazine\",\"https:\\\/\\\/es.pinterest.com\\\/tapasmagazine\\\/\",\"https:\\\/\\\/www.youtube.com\\\/channel\\\/UCEyxneAaACuR0lfDagrWjjg?sub_confirmation=1\"]},{\"@type\":\"Person\",\"@id\":\"https:\\\/\\\/www.tapasmagazine.es\\\/#\\\/schema\\\/person\\\/dddb3bce6f98f2124c204b901d74a14b\",\"name\":\"Tapas \\\/ EP\",\"url\":\"https:\\\/\\\/www.tapasmagazine.es\\\/en\\\/author\\\/tapasep\\\/\"}]}<\/script>\n<!-- \/ Yoast SEO plugin. -->","yoast_head_json":{"title":"Econom\u00eda.- Planas reitera que la Ley de la Cadena \"funciona bien\" y es un elemento de \"transparencia\" y \"equilibrio\" - Tapas","description":"El ministro de Agricultura, Pesca y Alimentaci\u00f3n, Luis Planas, ha subrayado que la Ley de la Cadena Alimentaria est\u00e1 funcionando \"bien\" en Espa\u00f1a como se","robots":{"index":"index","follow":"follow","max-snippet":"max-snippet:-1","max-image-preview":"max-image-preview:large","max-video-preview":"max-video-preview:-1"},"canonical":"https:\/\/www.tapasmagazine.es\/en\/economia-planas-reitera-que-la-ley-de-la-cadena-funciona-bien-y-es-un-elemento-de-transparencia-y-equilibrio\/","og_locale":"en_US","og_type":"article","og_title":"Econom\u00eda.- Planas reitera que la Ley de la Cadena \"funciona bien\" y es un elemento de \"transparencia\" y \"equilibrio\" - Tapas","og_description":"El ministro de Agricultura, Pesca y Alimentaci\u00f3n, Luis Planas, ha subrayado que la Ley de la Cadena Alimentaria est\u00e1 funcionando \"bien\" en Espa\u00f1a como se","og_url":"https:\/\/www.tapasmagazine.es\/en\/economia-planas-reitera-que-la-ley-de-la-cadena-funciona-bien-y-es-un-elemento-de-transparencia-y-equilibrio\/","og_site_name":"Tapas","article_publisher":"https:\/\/www.facebook.com\/tapasmagazine","article_published_time":"2023-02-27T10:23:26+00:00","article_modified_time":"2023-02-27T10:41:58+00:00","og_image":[{"width":2560,"height":1625,"url":"https:\/\/www.tapasmagazine.es\/wp-content\/uploads\/2023\/02\/fotonoticia_20230227112326_9999-scaled.jpg","type":"image\/jpeg"}],"author":"Tapas \/ EP","twitter_card":"summary_large_image","twitter_creator":"@TapasMagazine","twitter_site":"@TapasMagazine","twitter_misc":{"Written by":"Tapas \/ EP","Est. reading time":"3 minutes"},"schema":{"@context":"https:\/\/schema.org","@graph":[{"@type":"Article","@id":"https:\/\/www.tapasmagazine.es\/en\/economia-planas-reitera-que-la-ley-de-la-cadena-funciona-bien-y-es-un-elemento-de-transparencia-y-equilibrio\/#article","isPartOf":{"@id":"https:\/\/www.tapasmagazine.es\/en\/economia-planas-reitera-que-la-ley-de-la-cadena-funciona-bien-y-es-un-elemento-de-transparencia-y-equilibrio\/"},"author":{"name":"Tapas \/ EP","@id":"https:\/\/www.tapasmagazine.es\/#\/schema\/person\/dddb3bce6f98f2124c204b901d74a14b"},"headline":"Econom\u00eda.- Planas reitera que la Ley de la Cadena &#8220;funciona bien&#8221; y es un elemento de &#8220;transparencia&#8221; y &#8220;equilibrio&#8221;","datePublished":"2023-02-27T10:23:26+00:00","dateModified":"2023-02-27T10:41:58+00:00","mainEntityOfPage":{"@id":"https:\/\/www.tapasmagazine.es\/en\/economia-planas-reitera-que-la-ley-de-la-cadena-funciona-bien-y-es-un-elemento-de-transparencia-y-equilibrio\/"},"wordCount":545,"publisher":{"@id":"https:\/\/www.tapasmagazine.es\/#organization"},"image":{"@id":"https:\/\/www.tapasmagazine.es\/en\/economia-planas-reitera-que-la-ley-de-la-cadena-funciona-bien-y-es-un-elemento-de-transparencia-y-equilibrio\/#primaryimage"},"thumbnailUrl":"https:\/\/www.tapasmagazine.es\/wp-content\/uploads\/2023\/02\/fotonoticia_20230227112326_9999-scaled.jpg","articleSection":["\u00daltima hora"],"inLanguage":"en-US"},{"@type":"WebPage","@id":"https:\/\/www.tapasmagazine.es\/en\/economia-planas-reitera-que-la-ley-de-la-cadena-funciona-bien-y-es-un-elemento-de-transparencia-y-equilibrio\/","url":"https:\/\/www.tapasmagazine.es\/en\/economia-planas-reitera-que-la-ley-de-la-cadena-funciona-bien-y-es-un-elemento-de-transparencia-y-equilibrio\/","name":"Econom\u00eda.- Planas reitera que la Ley de la Cadena \"funciona bien\" y es un elemento de \"transparencia\" y \"equilibrio\" - Tapas","isPartOf":{"@id":"https:\/\/www.tapasmagazine.es\/#website"},"primaryImageOfPage":{"@id":"https:\/\/www.tapasmagazine.es\/en\/economia-planas-reitera-que-la-ley-de-la-cadena-funciona-bien-y-es-un-elemento-de-transparencia-y-equilibrio\/#primaryimage"},"image":{"@id":"https:\/\/www.tapasmagazine.es\/en\/economia-planas-reitera-que-la-ley-de-la-cadena-funciona-bien-y-es-un-elemento-de-transparencia-y-equilibrio\/#primaryimage"},"thumbnailUrl":"https:\/\/www.tapasmagazine.es\/wp-content\/uploads\/2023\/02\/fotonoticia_20230227112326_9999-scaled.jpg","datePublished":"2023-02-27T10:23:26+00:00","dateModified":"2023-02-27T10:41:58+00:00","description":"El ministro de Agricultura, Pesca y Alimentaci\u00f3n, Luis Planas, ha subrayado que la Ley de la Cadena Alimentaria est\u00e1 funcionando \"bien\" en Espa\u00f1a como se","breadcrumb":{"@id":"https:\/\/www.tapasmagazine.es\/en\/economia-planas-reitera-que-la-ley-de-la-cadena-funciona-bien-y-es-un-elemento-de-transparencia-y-equilibrio\/#breadcrumb"},"inLanguage":"en-US","potentialAction":[{"@type":"ReadAction","target":["https:\/\/www.tapasmagazine.es\/en\/economia-planas-reitera-que-la-ley-de-la-cadena-funciona-bien-y-es-un-elemento-de-transparencia-y-equilibrio\/"]}]},{"@type":"ImageObject","inLanguage":"en-US","@id":"https:\/\/www.tapasmagazine.es\/en\/economia-planas-reitera-que-la-ley-de-la-cadena-funciona-bien-y-es-un-elemento-de-transparencia-y-equilibrio\/#primaryimage","url":"https:\/\/www.tapasmagazine.es\/wp-content\/uploads\/2023\/02\/fotonoticia_20230227112326_9999-scaled.jpg","contentUrl":"https:\/\/www.tapasmagazine.es\/wp-content\/uploads\/2023\/02\/fotonoticia_20230227112326_9999-scaled.jpg","width":2560,"height":1625},{"@type":"BreadcrumbList","@id":"https:\/\/www.tapasmagazine.es\/en\/economia-planas-reitera-que-la-ley-de-la-cadena-funciona-bien-y-es-un-elemento-de-transparencia-y-equilibrio\/#breadcrumb","itemListElement":[{"@type":"ListItem","position":1,"name":"Portada","item":"https:\/\/www.tapasmagazine.es\/"},{"@type":"ListItem","position":2,"name":"Sin categorizar","item":"https:\/\/www.tapasmagazine.es\/categorias\/sin-categorizar\/"},{"@type":"ListItem","position":3,"name":"Econom\u00eda.- Planas reitera que la Ley de la Cadena \u00abfunciona bien\u00bb y es un elemento de \u00abtransparencia\u00bb y \u00abequilibrio\u00bb"}]},{"@type":"WebSite","@id":"https:\/\/www.tapasmagazine.es\/#website","url":"https:\/\/www.tapasmagazine.es\/","name":"Tapas","description":"\u00d1am \u00d1am Lifestyle. La vida a bocados. Premio Nacional de Gastronom\u00eda 2016.","publisher":{"@id":"https:\/\/www.tapasmagazine.es\/#organization"},"potentialAction":[{"@type":"SearchAction","target":{"@type":"EntryPoint","urlTemplate":"https:\/\/www.tapasmagazine.es\/?s={search_term_string}"},"query-input":{"@type":"PropertyValueSpecification","valueRequired":true,"valueName":"search_term_string"}}],"inLanguage":"en-US"},{"@type":"Organization","@id":"https:\/\/www.tapasmagazine.es\/#organization","name":"Tapas Magazine","url":"https:\/\/www.tapasmagazine.es\/","logo":{"@type":"ImageObject","inLanguage":"en-US","@id":"https:\/\/www.tapasmagazine.es\/#\/schema\/logo\/image\/","url":"https:\/\/www.tapasmagazine.es\/wp-content\/uploads\/2018\/01\/logo.png","contentUrl":"https:\/\/www.tapasmagazine.es\/wp-content\/uploads\/2018\/01\/logo.png","width":180,"height":60,"caption":"Tapas Magazine"},"image":{"@id":"https:\/\/www.tapasmagazine.es\/#\/schema\/logo\/image\/"},"sameAs":["https:\/\/www.facebook.com\/tapasmagazine","https:\/\/x.com\/TapasMagazine","https:\/\/www.instagram.com\/tapasmagazine\/","https:\/\/www.linkedin.com\/company\/tapas-magazine","https:\/\/es.pinterest.com\/tapasmagazine\/","https:\/\/www.youtube.com\/channel\/UCEyxneAaACuR0lfDagrWjjg?sub_confirmation=1"]},{"@type":"Person","@id":"https:\/\/www.tapasmagazine.es\/#\/schema\/person\/dddb3bce6f98f2124c204b901d74a14b","name":"Tapas \/ EP","url":"https:\/\/www.tapasmagazine.es\/en\/author\/tapasep\/"}]}},"_links":{"self":[{"href":"https:\/\/www.tapasmagazine.es\/en\/wp-json\/wp\/v2\/posts\/176506","targetHints":{"allow":["GET"]}}],"collection":[{"href":"https:\/\/www.tapasmagazine.es\/en\/wp-json\/wp\/v2\/posts"}],"about":[{"href":"https:\/\/www.tapasmagazine.es\/en\/wp-json\/wp\/v2\/types\/post"}],"author":[{"embeddable":true,"href":"https:\/\/www.tapasmagazine.es\/en\/wp-json\/wp\/v2\/users\/277"}],"replies":[{"embeddable":true,"href":"https:\/\/www.tapasmagazine.es\/en\/wp-json\/wp\/v2\/comments?post=176506"}],"version-history":[{"count":1,"href":"https:\/\/www.tapasmagazine.es\/en\/wp-json\/wp\/v2\/posts\/176506\/revisions"}],"predecessor-version":[{"id":176507,"href":"https:\/\/www.tapasmagazine.es\/en\/wp-json\/wp\/v2\/posts\/176506\/revisions\/176507"}],"wp:featuredmedia":[{"embeddable":true,"href":"https:\/\/www.tapasmagazine.es\/en\/wp-json\/wp\/v2\/media\/176508"}],"wp:attachment":[{"href":"https:\/\/www.tapasmagazine.es\/en\/wp-json\/wp\/v2\/media?parent=176506"}],"wp:term":[{"taxonomy":"category","embeddable":true,"href":"https:\/\/www.tapasmagazine.es\/en\/wp-json\/wp\/v2\/categories?post=176506"},{"taxonomy":"post_tag","embeddable":true,"href":"https:\/\/www.tapasmagazine.es\/en\/wp-json\/wp\/v2\/tags?post=176506"}],"curies":[{"name":"wp","href":"https:\/\/api.w.org\/{rel}","templated":true}]}}