{"id":176434,"date":"2023-02-24T16:24:58","date_gmt":"2023-02-24T15:24:58","guid":{"rendered":"https:\/\/www.tapasmagazine.es\/?p=176434"},"modified":"2023-02-24T16:42:00","modified_gmt":"2023-02-24T15:42:00","slug":"economia-interporc-promociona-los-productos-de-porcino-deespana-en-mexico","status":"publish","type":"post","link":"https:\/\/www.tapasmagazine.es\/en\/economia-interporc-promociona-los-productos-de-porcino-deespana-en-mexico\/","title":{"rendered":"Econom\u00eda.- Interporc promociona los productos de porcino deEspa\u00f1a en M\u00e9xico"},"content":{"rendered":"<p>La Interprofesional del Porcino de Capa Blanca de Espa\u00f1a (Interporc) ha promocionado los productos del porcino espa\u00f1ol en M\u00e9xico, donde ha participado en la feria Expo Carnes y L\u00e1cteos, que se ha celebrado esta semana, seg\u00fan informa en un comunicado.<\/p>\n<p>   El director adjunto de Interporc, Daniel de Miguel, ha explicado que el objetivo &#8220;era mostrar la calidad y seguridad alimentaria de la producci\u00f3n espa\u00f1ola de porcino, as\u00ed como la seriedad de nuestras empresas para convertirse en un socio de confianza&#8221;. &#8220;En este sentido,<br \/>\nhemos detectado un gran inter\u00e9s por parte de las instituciones y los<br \/>\nprofesionales locales&#8221;, ha subrayado.<\/p>\n<p>   La participaci\u00f3n de la interprofesional se ha producido en el marco del convenio de colaboraci\u00f3n suscrito con el Ministerio de Agricultura, Pesca y Alimentaci\u00f3n para la promoci\u00f3n en ferias internacionales.<\/p>\n<p>   En el pabell\u00f3n agrupado, adem\u00e1s de la Interprofesional y el Ministerio de Agricultura, estaban presentes tambi\u00e9n las empresas Grupo Jorge, ElPozo, Faccsa-Prolongo, Batall\u00e9, Friselva y Fribin.<\/p>\n<p>   M\u00e9xico ocupa el puesto 21 en el r\u00e1nking de pa\u00edses a los que exporta<br \/>\nproductos el sector porcino espa\u00f1ol, con un total de 24.896 toneladas en 2022, lo que supone un 56,33% m\u00e1s respecto a 2021, por un valor de 78.296.243 euros, un 75,69% m\u00e1s.<\/p>\n","protected":false},"excerpt":{"rendered":"<p>La Interprofesional del Porcino de Capa Blanca de Espa\u00f1a (Interporc) ha promocionado los productos del porcino espa\u00f1ol en M\u00e9xico, donde ha participado en la feria Expo Carnes y L\u00e1cteos, que se ha celebrado esta semana, seg\u00fan informa en un comunicado. El director adjunto de Interporc, Daniel de Miguel, ha explicado que el objetivo &#8220;era mostrar [&hellip;]<\/p>\n","protected":false},"author":277,"featured_media":176436,"comment_status":"close","ping_status":"","sticky":false,"template":"single-feature.php","format":"standard","meta":{"_acf_changed":false,"footnotes":""},"categories":[15645],"tags":[],"class_list":["post-176434","post","type-post","status-publish","format-standard","has-post-thumbnail","hentry","category-ultima-hora","cat-15645-id"],"acf":[],"yoast_head":"<!-- This site is optimized with the Yoast SEO plugin v27.4 - https:\/\/yoast.com\/product\/yoast-seo-wordpress\/ -->\n<title>Econom\u00eda.- Interporc promociona los productos de porcino deEspa\u00f1a en M\u00e9xico - Tapas<\/title>\n<meta name=\"description\" content=\"La Interprofesional del Porcino de Capa Blanca de Espa\u00f1a (Interporc) ha promocionado los productos del porcino espa\u00f1ol en M\u00e9xico, donde ha participado en\" \/>\n<meta name=\"robots\" content=\"index, follow, max-snippet:-1, max-image-preview:large, max-video-preview:-1\" \/>\n<link rel=\"canonical\" href=\"https:\/\/www.tapasmagazine.es\/en\/economia-interporc-promociona-los-productos-de-porcino-deespana-en-mexico\/\" \/>\n<meta property=\"og:locale\" content=\"en_US\" \/>\n<meta property=\"og:type\" content=\"article\" \/>\n<meta property=\"og:title\" content=\"Econom\u00eda.- Interporc promociona los productos de porcino deEspa\u00f1a en M\u00e9xico - Tapas\" \/>\n<meta property=\"og:description\" content=\"La Interprofesional del Porcino de Capa Blanca de Espa\u00f1a (Interporc) ha promocionado los productos del porcino espa\u00f1ol en M\u00e9xico, donde ha participado en\" \/>\n<meta property=\"og:url\" content=\"https:\/\/www.tapasmagazine.es\/en\/economia-interporc-promociona-los-productos-de-porcino-deespana-en-mexico\/\" \/>\n<meta property=\"og:site_name\" content=\"Tapas\" \/>\n<meta property=\"article:publisher\" content=\"https:\/\/www.facebook.com\/tapasmagazine\" \/>\n<meta property=\"article:published_time\" content=\"2023-02-24T15:24:58+00:00\" \/>\n<meta property=\"article:modified_time\" content=\"2023-02-24T15:42:00+00:00\" \/>\n<meta property=\"og:image\" content=\"https:\/\/www.tapasmagazine.es\/wp-content\/uploads\/2023\/02\/fotonoticia_20230224162458_9999.jpg\" \/>\n\t<meta property=\"og:image:width\" content=\"1260\" \/>\n\t<meta property=\"og:image:height\" content=\"1066\" \/>\n\t<meta property=\"og:image:type\" content=\"image\/jpeg\" \/>\n<meta name=\"author\" content=\"Tapas \/ EP\" \/>\n<meta name=\"twitter:card\" content=\"summary_large_image\" \/>\n<meta name=\"twitter:creator\" content=\"@TapasMagazine\" \/>\n<meta name=\"twitter:site\" content=\"@TapasMagazine\" \/>\n<meta name=\"twitter:label1\" content=\"Written by\" \/>\n\t<meta name=\"twitter:data1\" content=\"Tapas \/ EP\" \/>\n\t<meta name=\"twitter:label2\" content=\"Est. reading time\" \/>\n\t<meta name=\"twitter:data2\" content=\"1 minute\" \/>\n<script type=\"application\/ld+json\" class=\"yoast-schema-graph\">{\"@context\":\"https:\\\/\\\/schema.org\",\"@graph\":[{\"@type\":\"Article\",\"@id\":\"https:\\\/\\\/www.tapasmagazine.es\\\/en\\\/economia-interporc-promociona-los-productos-de-porcino-deespana-en-mexico\\\/#article\",\"isPartOf\":{\"@id\":\"https:\\\/\\\/www.tapasmagazine.es\\\/en\\\/economia-interporc-promociona-los-productos-de-porcino-deespana-en-mexico\\\/\"},\"author\":{\"name\":\"Tapas \\\/ EP\",\"@id\":\"https:\\\/\\\/www.tapasmagazine.es\\\/#\\\/schema\\\/person\\\/dddb3bce6f98f2124c204b901d74a14b\"},\"headline\":\"Econom\u00eda.- Interporc promociona los productos de porcino deEspa\u00f1a en M\u00e9xico\",\"datePublished\":\"2023-02-24T15:24:58+00:00\",\"dateModified\":\"2023-02-24T15:42:00+00:00\",\"mainEntityOfPage\":{\"@id\":\"https:\\\/\\\/www.tapasmagazine.es\\\/en\\\/economia-interporc-promociona-los-productos-de-porcino-deespana-en-mexico\\\/\"},\"wordCount\":228,\"publisher\":{\"@id\":\"https:\\\/\\\/www.tapasmagazine.es\\\/#organization\"},\"image\":{\"@id\":\"https:\\\/\\\/www.tapasmagazine.es\\\/en\\\/economia-interporc-promociona-los-productos-de-porcino-deespana-en-mexico\\\/#primaryimage\"},\"thumbnailUrl\":\"https:\\\/\\\/www.tapasmagazine.es\\\/wp-content\\\/uploads\\\/2023\\\/02\\\/fotonoticia_20230224162458_9999.jpg\",\"articleSection\":[\"\u00daltima hora\"],\"inLanguage\":\"en-US\"},{\"@type\":\"WebPage\",\"@id\":\"https:\\\/\\\/www.tapasmagazine.es\\\/en\\\/economia-interporc-promociona-los-productos-de-porcino-deespana-en-mexico\\\/\",\"url\":\"https:\\\/\\\/www.tapasmagazine.es\\\/en\\\/economia-interporc-promociona-los-productos-de-porcino-deespana-en-mexico\\\/\",\"name\":\"Econom\u00eda.- Interporc promociona los productos de porcino deEspa\u00f1a en M\u00e9xico - Tapas\",\"isPartOf\":{\"@id\":\"https:\\\/\\\/www.tapasmagazine.es\\\/#website\"},\"primaryImageOfPage\":{\"@id\":\"https:\\\/\\\/www.tapasmagazine.es\\\/en\\\/economia-interporc-promociona-los-productos-de-porcino-deespana-en-mexico\\\/#primaryimage\"},\"image\":{\"@id\":\"https:\\\/\\\/www.tapasmagazine.es\\\/en\\\/economia-interporc-promociona-los-productos-de-porcino-deespana-en-mexico\\\/#primaryimage\"},\"thumbnailUrl\":\"https:\\\/\\\/www.tapasmagazine.es\\\/wp-content\\\/uploads\\\/2023\\\/02\\\/fotonoticia_20230224162458_9999.jpg\",\"datePublished\":\"2023-02-24T15:24:58+00:00\",\"dateModified\":\"2023-02-24T15:42:00+00:00\",\"description\":\"La Interprofesional del Porcino de Capa Blanca de Espa\u00f1a (Interporc) ha promocionado los productos del porcino espa\u00f1ol en M\u00e9xico, donde ha participado en\",\"breadcrumb\":{\"@id\":\"https:\\\/\\\/www.tapasmagazine.es\\\/en\\\/economia-interporc-promociona-los-productos-de-porcino-deespana-en-mexico\\\/#breadcrumb\"},\"inLanguage\":\"en-US\",\"potentialAction\":[{\"@type\":\"ReadAction\",\"target\":[\"https:\\\/\\\/www.tapasmagazine.es\\\/en\\\/economia-interporc-promociona-los-productos-de-porcino-deespana-en-mexico\\\/\"]}]},{\"@type\":\"ImageObject\",\"inLanguage\":\"en-US\",\"@id\":\"https:\\\/\\\/www.tapasmagazine.es\\\/en\\\/economia-interporc-promociona-los-productos-de-porcino-deespana-en-mexico\\\/#primaryimage\",\"url\":\"https:\\\/\\\/www.tapasmagazine.es\\\/wp-content\\\/uploads\\\/2023\\\/02\\\/fotonoticia_20230224162458_9999.jpg\",\"contentUrl\":\"https:\\\/\\\/www.tapasmagazine.es\\\/wp-content\\\/uploads\\\/2023\\\/02\\\/fotonoticia_20230224162458_9999.jpg\",\"width\":1260,\"height\":1066},{\"@type\":\"BreadcrumbList\",\"@id\":\"https:\\\/\\\/www.tapasmagazine.es\\\/en\\\/economia-interporc-promociona-los-productos-de-porcino-deespana-en-mexico\\\/#breadcrumb\",\"itemListElement\":[{\"@type\":\"ListItem\",\"position\":1,\"name\":\"Portada\",\"item\":\"https:\\\/\\\/www.tapasmagazine.es\\\/\"},{\"@type\":\"ListItem\",\"position\":2,\"name\":\"Sin categorizar\",\"item\":\"https:\\\/\\\/www.tapasmagazine.es\\\/categorias\\\/sin-categorizar\\\/\"},{\"@type\":\"ListItem\",\"position\":3,\"name\":\"Econom\u00eda.- Interporc promociona los productos de porcino deEspa\u00f1a en M\u00e9xico\"}]},{\"@type\":\"WebSite\",\"@id\":\"https:\\\/\\\/www.tapasmagazine.es\\\/#website\",\"url\":\"https:\\\/\\\/www.tapasmagazine.es\\\/\",\"name\":\"Tapas\",\"description\":\"\u00d1am \u00d1am Lifestyle. La vida a bocados. Premio Nacional de Gastronom\u00eda 2016.\",\"publisher\":{\"@id\":\"https:\\\/\\\/www.tapasmagazine.es\\\/#organization\"},\"potentialAction\":[{\"@type\":\"SearchAction\",\"target\":{\"@type\":\"EntryPoint\",\"urlTemplate\":\"https:\\\/\\\/www.tapasmagazine.es\\\/?s={search_term_string}\"},\"query-input\":{\"@type\":\"PropertyValueSpecification\",\"valueRequired\":true,\"valueName\":\"search_term_string\"}}],\"inLanguage\":\"en-US\"},{\"@type\":\"Organization\",\"@id\":\"https:\\\/\\\/www.tapasmagazine.es\\\/#organization\",\"name\":\"Tapas Magazine\",\"url\":\"https:\\\/\\\/www.tapasmagazine.es\\\/\",\"logo\":{\"@type\":\"ImageObject\",\"inLanguage\":\"en-US\",\"@id\":\"https:\\\/\\\/www.tapasmagazine.es\\\/#\\\/schema\\\/logo\\\/image\\\/\",\"url\":\"https:\\\/\\\/www.tapasmagazine.es\\\/wp-content\\\/uploads\\\/2018\\\/01\\\/logo.png\",\"contentUrl\":\"https:\\\/\\\/www.tapasmagazine.es\\\/wp-content\\\/uploads\\\/2018\\\/01\\\/logo.png\",\"width\":180,\"height\":60,\"caption\":\"Tapas Magazine\"},\"image\":{\"@id\":\"https:\\\/\\\/www.tapasmagazine.es\\\/#\\\/schema\\\/logo\\\/image\\\/\"},\"sameAs\":[\"https:\\\/\\\/www.facebook.com\\\/tapasmagazine\",\"https:\\\/\\\/x.com\\\/TapasMagazine\",\"https:\\\/\\\/www.instagram.com\\\/tapasmagazine\\\/\",\"https:\\\/\\\/www.linkedin.com\\\/company\\\/tapas-magazine\",\"https:\\\/\\\/es.pinterest.com\\\/tapasmagazine\\\/\",\"https:\\\/\\\/www.youtube.com\\\/channel\\\/UCEyxneAaACuR0lfDagrWjjg?sub_confirmation=1\"]},{\"@type\":\"Person\",\"@id\":\"https:\\\/\\\/www.tapasmagazine.es\\\/#\\\/schema\\\/person\\\/dddb3bce6f98f2124c204b901d74a14b\",\"name\":\"Tapas \\\/ EP\",\"url\":\"https:\\\/\\\/www.tapasmagazine.es\\\/en\\\/author\\\/tapasep\\\/\"}]}<\/script>\n<!-- \/ Yoast SEO plugin. -->","yoast_head_json":{"title":"Econom\u00eda.- Interporc promociona los productos de porcino deEspa\u00f1a en M\u00e9xico - Tapas","description":"La Interprofesional del Porcino de Capa Blanca de Espa\u00f1a (Interporc) ha promocionado los productos del porcino espa\u00f1ol en M\u00e9xico, donde ha participado en","robots":{"index":"index","follow":"follow","max-snippet":"max-snippet:-1","max-image-preview":"max-image-preview:large","max-video-preview":"max-video-preview:-1"},"canonical":"https:\/\/www.tapasmagazine.es\/en\/economia-interporc-promociona-los-productos-de-porcino-deespana-en-mexico\/","og_locale":"en_US","og_type":"article","og_title":"Econom\u00eda.- Interporc promociona los productos de porcino deEspa\u00f1a en M\u00e9xico - Tapas","og_description":"La Interprofesional del Porcino de Capa Blanca de Espa\u00f1a (Interporc) ha promocionado los productos del porcino espa\u00f1ol en M\u00e9xico, donde ha participado en","og_url":"https:\/\/www.tapasmagazine.es\/en\/economia-interporc-promociona-los-productos-de-porcino-deespana-en-mexico\/","og_site_name":"Tapas","article_publisher":"https:\/\/www.facebook.com\/tapasmagazine","article_published_time":"2023-02-24T15:24:58+00:00","article_modified_time":"2023-02-24T15:42:00+00:00","og_image":[{"width":1260,"height":1066,"url":"https:\/\/www.tapasmagazine.es\/wp-content\/uploads\/2023\/02\/fotonoticia_20230224162458_9999.jpg","type":"image\/jpeg"}],"author":"Tapas \/ EP","twitter_card":"summary_large_image","twitter_creator":"@TapasMagazine","twitter_site":"@TapasMagazine","twitter_misc":{"Written by":"Tapas \/ EP","Est. reading time":"1 minute"},"schema":{"@context":"https:\/\/schema.org","@graph":[{"@type":"Article","@id":"https:\/\/www.tapasmagazine.es\/en\/economia-interporc-promociona-los-productos-de-porcino-deespana-en-mexico\/#article","isPartOf":{"@id":"https:\/\/www.tapasmagazine.es\/en\/economia-interporc-promociona-los-productos-de-porcino-deespana-en-mexico\/"},"author":{"name":"Tapas \/ EP","@id":"https:\/\/www.tapasmagazine.es\/#\/schema\/person\/dddb3bce6f98f2124c204b901d74a14b"},"headline":"Econom\u00eda.- Interporc promociona los productos de porcino deEspa\u00f1a en M\u00e9xico","datePublished":"2023-02-24T15:24:58+00:00","dateModified":"2023-02-24T15:42:00+00:00","mainEntityOfPage":{"@id":"https:\/\/www.tapasmagazine.es\/en\/economia-interporc-promociona-los-productos-de-porcino-deespana-en-mexico\/"},"wordCount":228,"publisher":{"@id":"https:\/\/www.tapasmagazine.es\/#organization"},"image":{"@id":"https:\/\/www.tapasmagazine.es\/en\/economia-interporc-promociona-los-productos-de-porcino-deespana-en-mexico\/#primaryimage"},"thumbnailUrl":"https:\/\/www.tapasmagazine.es\/wp-content\/uploads\/2023\/02\/fotonoticia_20230224162458_9999.jpg","articleSection":["\u00daltima hora"],"inLanguage":"en-US"},{"@type":"WebPage","@id":"https:\/\/www.tapasmagazine.es\/en\/economia-interporc-promociona-los-productos-de-porcino-deespana-en-mexico\/","url":"https:\/\/www.tapasmagazine.es\/en\/economia-interporc-promociona-los-productos-de-porcino-deespana-en-mexico\/","name":"Econom\u00eda.- Interporc promociona los productos de porcino deEspa\u00f1a en M\u00e9xico - Tapas","isPartOf":{"@id":"https:\/\/www.tapasmagazine.es\/#website"},"primaryImageOfPage":{"@id":"https:\/\/www.tapasmagazine.es\/en\/economia-interporc-promociona-los-productos-de-porcino-deespana-en-mexico\/#primaryimage"},"image":{"@id":"https:\/\/www.tapasmagazine.es\/en\/economia-interporc-promociona-los-productos-de-porcino-deespana-en-mexico\/#primaryimage"},"thumbnailUrl":"https:\/\/www.tapasmagazine.es\/wp-content\/uploads\/2023\/02\/fotonoticia_20230224162458_9999.jpg","datePublished":"2023-02-24T15:24:58+00:00","dateModified":"2023-02-24T15:42:00+00:00","description":"La Interprofesional del Porcino de Capa Blanca de Espa\u00f1a (Interporc) ha promocionado los productos del porcino espa\u00f1ol en M\u00e9xico, donde ha participado en","breadcrumb":{"@id":"https:\/\/www.tapasmagazine.es\/en\/economia-interporc-promociona-los-productos-de-porcino-deespana-en-mexico\/#breadcrumb"},"inLanguage":"en-US","potentialAction":[{"@type":"ReadAction","target":["https:\/\/www.tapasmagazine.es\/en\/economia-interporc-promociona-los-productos-de-porcino-deespana-en-mexico\/"]}]},{"@type":"ImageObject","inLanguage":"en-US","@id":"https:\/\/www.tapasmagazine.es\/en\/economia-interporc-promociona-los-productos-de-porcino-deespana-en-mexico\/#primaryimage","url":"https:\/\/www.tapasmagazine.es\/wp-content\/uploads\/2023\/02\/fotonoticia_20230224162458_9999.jpg","contentUrl":"https:\/\/www.tapasmagazine.es\/wp-content\/uploads\/2023\/02\/fotonoticia_20230224162458_9999.jpg","width":1260,"height":1066},{"@type":"BreadcrumbList","@id":"https:\/\/www.tapasmagazine.es\/en\/economia-interporc-promociona-los-productos-de-porcino-deespana-en-mexico\/#breadcrumb","itemListElement":[{"@type":"ListItem","position":1,"name":"Portada","item":"https:\/\/www.tapasmagazine.es\/"},{"@type":"ListItem","position":2,"name":"Sin categorizar","item":"https:\/\/www.tapasmagazine.es\/categorias\/sin-categorizar\/"},{"@type":"ListItem","position":3,"name":"Econom\u00eda.- Interporc promociona los productos de porcino deEspa\u00f1a en M\u00e9xico"}]},{"@type":"WebSite","@id":"https:\/\/www.tapasmagazine.es\/#website","url":"https:\/\/www.tapasmagazine.es\/","name":"Tapas","description":"\u00d1am \u00d1am Lifestyle. La vida a bocados. Premio Nacional de Gastronom\u00eda 2016.","publisher":{"@id":"https:\/\/www.tapasmagazine.es\/#organization"},"potentialAction":[{"@type":"SearchAction","target":{"@type":"EntryPoint","urlTemplate":"https:\/\/www.tapasmagazine.es\/?s={search_term_string}"},"query-input":{"@type":"PropertyValueSpecification","valueRequired":true,"valueName":"search_term_string"}}],"inLanguage":"en-US"},{"@type":"Organization","@id":"https:\/\/www.tapasmagazine.es\/#organization","name":"Tapas Magazine","url":"https:\/\/www.tapasmagazine.es\/","logo":{"@type":"ImageObject","inLanguage":"en-US","@id":"https:\/\/www.tapasmagazine.es\/#\/schema\/logo\/image\/","url":"https:\/\/www.tapasmagazine.es\/wp-content\/uploads\/2018\/01\/logo.png","contentUrl":"https:\/\/www.tapasmagazine.es\/wp-content\/uploads\/2018\/01\/logo.png","width":180,"height":60,"caption":"Tapas Magazine"},"image":{"@id":"https:\/\/www.tapasmagazine.es\/#\/schema\/logo\/image\/"},"sameAs":["https:\/\/www.facebook.com\/tapasmagazine","https:\/\/x.com\/TapasMagazine","https:\/\/www.instagram.com\/tapasmagazine\/","https:\/\/www.linkedin.com\/company\/tapas-magazine","https:\/\/es.pinterest.com\/tapasmagazine\/","https:\/\/www.youtube.com\/channel\/UCEyxneAaACuR0lfDagrWjjg?sub_confirmation=1"]},{"@type":"Person","@id":"https:\/\/www.tapasmagazine.es\/#\/schema\/person\/dddb3bce6f98f2124c204b901d74a14b","name":"Tapas \/ EP","url":"https:\/\/www.tapasmagazine.es\/en\/author\/tapasep\/"}]}},"_links":{"self":[{"href":"https:\/\/www.tapasmagazine.es\/en\/wp-json\/wp\/v2\/posts\/176434","targetHints":{"allow":["GET"]}}],"collection":[{"href":"https:\/\/www.tapasmagazine.es\/en\/wp-json\/wp\/v2\/posts"}],"about":[{"href":"https:\/\/www.tapasmagazine.es\/en\/wp-json\/wp\/v2\/types\/post"}],"author":[{"embeddable":true,"href":"https:\/\/www.tapasmagazine.es\/en\/wp-json\/wp\/v2\/users\/277"}],"replies":[{"embeddable":true,"href":"https:\/\/www.tapasmagazine.es\/en\/wp-json\/wp\/v2\/comments?post=176434"}],"version-history":[{"count":1,"href":"https:\/\/www.tapasmagazine.es\/en\/wp-json\/wp\/v2\/posts\/176434\/revisions"}],"predecessor-version":[{"id":176435,"href":"https:\/\/www.tapasmagazine.es\/en\/wp-json\/wp\/v2\/posts\/176434\/revisions\/176435"}],"wp:featuredmedia":[{"embeddable":true,"href":"https:\/\/www.tapasmagazine.es\/en\/wp-json\/wp\/v2\/media\/176436"}],"wp:attachment":[{"href":"https:\/\/www.tapasmagazine.es\/en\/wp-json\/wp\/v2\/media?parent=176434"}],"wp:term":[{"taxonomy":"category","embeddable":true,"href":"https:\/\/www.tapasmagazine.es\/en\/wp-json\/wp\/v2\/categories?post=176434"},{"taxonomy":"post_tag","embeddable":true,"href":"https:\/\/www.tapasmagazine.es\/en\/wp-json\/wp\/v2\/tags?post=176434"}],"curies":[{"name":"wp","href":"https:\/\/api.w.org\/{rel}","templated":true}]}}