{"id":176404,"date":"2023-02-24T14:36:53","date_gmt":"2023-02-24T13:36:53","guid":{"rendered":"https:\/\/www.tapasmagazine.es\/?p=176404"},"modified":"2023-02-24T14:42:39","modified_gmt":"2023-02-24T13:42:39","slug":"economia-la-patronal-de-los-grandes-almacenes-incorporara-el-estudio-de-planes-de-pensiones-de-empleo-segun-fetico","status":"publish","type":"post","link":"https:\/\/www.tapasmagazine.es\/en\/economia-la-patronal-de-los-grandes-almacenes-incorporara-el-estudio-de-planes-de-pensiones-de-empleo-segun-fetico\/","title":{"rendered":"Econom\u00eda.- La patronal de los grandes almacenes incorporar\u00e1 el estudio de planes de pensiones de empleo, seg\u00fan Fetico"},"content":{"rendered":"<p>La Asociaci\u00f3n Nacional Grandes de Empresas de Distribuci\u00f3n (Anged), que engloba a empresas como El Corte Ingl\u00e9s, Carrefour o Ikea, entre otras, incorporar\u00e1 en su texto un estudio profundo para la implantaci\u00f3n de un plan de pensiones de empleo en el marco de la negociaci\u00f3n del nuevo convenio de grandes almacenes, el m\u00e1s grande de Espa\u00f1a al afectar a unos 260.000 trabajadores.<\/p>\n<p>   En concreto, seg\u00fan ha explicado Fetico en la \u00faltima reuni\u00f3n del convenio del sector se ha avanzado en el compromiso por parte de la patronal de impulsar la Ley 12\/2022 de 30 de junio, una apuesta del ministro de Inclusi\u00f3n, Seguridad Social y Migraciones, Jos\u00e9 Luis Escriv\u00e1, que busca la implantaci\u00f3n de estos planes en los trabajadores como soluci\u00f3n complementaria futura a las pensiones en Espa\u00f1a.<\/p>\n<p>   Sin embargo, el sindicato ha precisado que esta norma tiene un punto de lanzamiento sin el cual ser\u00eda un fracaso, que es el que debe incorporarse por negociaci\u00f3n colectiva en los diferentes convenios sectoriales.<\/p>\n<p>   El secretario general de la Confederaci\u00f3n Sindical Independiente Fetico, Antonio P\u00e9rez, ha avanzado que han mantenido reuniones con Inclusi\u00f3n en el que les han &#8220;transmitido la importancia para el pa\u00eds de la implantaci\u00f3n de estos modelos de planes, que hasta ahora tan solo el sector de la construcci\u00f3n se ha lanzado a su implementaci\u00f3n, y la puesta en marcha de este plan en el sector ser\u00eda el impulso que la ley necesita para obtener \u00e9xito&#8221;.<\/p>\n<p>   &#8220;El sector de grandes almacenes no solo es el m\u00e1s grande en trabajadores en Espa\u00f1a, sino adem\u00e1s es el que m\u00e1s delegados tiene, es<br \/>\ndecir el m\u00e1s sindicalizado, siendo esto muestra del gran valor de la negociaci\u00f3n colectiva y de un modelo sindical diverso&#8221;, ha explicado.<\/p>\n<p>RECLAMAN UNA REBAJA DE DOMINGOS Y FESTIVOS A TRABAJAR<\/p>\n<p>   Por otro lado, P\u00e9rez ha subrayado que la reuni\u00f3n que se ha mantenido hoy con la patronal han marcado como &#8220;prioridad absoluta&#8221; una nueva rebaja de los domingos y festivos a trabajar.<\/p>\n<p>   &#8220;Actualmente est\u00e1 en el 34% y queremos rebajarlo nueve puntos, haciendo as\u00ed que este sector sea l\u00edder en cuanto a trabajar muy pocos domingos y festivos con respecto a su apertura, acu\u00f1ando la m\u00e1xima de que la mejor forma de pagar un domingo es: no ir a trabajarlo&#8221;, ha indicado.<\/p>\n","protected":false},"excerpt":{"rendered":"<p>La Asociaci\u00f3n Nacional Grandes de Empresas de Distribuci\u00f3n (Anged), que engloba a empresas como El Corte Ingl\u00e9s, Carrefour o Ikea, entre otras, incorporar\u00e1 en su texto un estudio profundo para la implantaci\u00f3n de un plan de pensiones de empleo en el marco de la negociaci\u00f3n del nuevo convenio de grandes almacenes, el m\u00e1s grande de [&hellip;]<\/p>\n","protected":false},"author":277,"featured_media":176406,"comment_status":"close","ping_status":"","sticky":false,"template":"single-feature.php","format":"standard","meta":{"_acf_changed":false,"footnotes":""},"categories":[15645],"tags":[],"class_list":["post-176404","post","type-post","status-publish","format-standard","has-post-thumbnail","hentry","category-ultima-hora","cat-15645-id"],"acf":[],"yoast_head":"<!-- This site is optimized with the Yoast SEO plugin v27.4 - https:\/\/yoast.com\/product\/yoast-seo-wordpress\/ -->\n<title>Econom\u00eda.- La patronal de los grandes almacenes incorporar\u00e1 el estudio de planes de pensiones de empleo, seg\u00fan Fetico - Tapas<\/title>\n<meta name=\"description\" content=\"La Asociaci\u00f3n Nacional Grandes de Empresas de Distribuci\u00f3n (Anged), que engloba a empresas como El Corte Ingl\u00e9s, Carrefour o Ikea, entre otras,\" \/>\n<meta name=\"robots\" content=\"index, follow, max-snippet:-1, max-image-preview:large, max-video-preview:-1\" \/>\n<link rel=\"canonical\" href=\"https:\/\/www.tapasmagazine.es\/en\/economia-la-patronal-de-los-grandes-almacenes-incorporara-el-estudio-de-planes-de-pensiones-de-empleo-segun-fetico\/\" \/>\n<meta property=\"og:locale\" content=\"en_US\" \/>\n<meta property=\"og:type\" content=\"article\" \/>\n<meta property=\"og:title\" content=\"Econom\u00eda.- La patronal de los grandes almacenes incorporar\u00e1 el estudio de planes de pensiones de empleo, seg\u00fan Fetico - Tapas\" \/>\n<meta property=\"og:description\" content=\"La Asociaci\u00f3n Nacional Grandes de Empresas de Distribuci\u00f3n (Anged), que engloba a empresas como El Corte Ingl\u00e9s, Carrefour o Ikea, entre otras,\" \/>\n<meta property=\"og:url\" content=\"https:\/\/www.tapasmagazine.es\/en\/economia-la-patronal-de-los-grandes-almacenes-incorporara-el-estudio-de-planes-de-pensiones-de-empleo-segun-fetico\/\" \/>\n<meta property=\"og:site_name\" content=\"Tapas\" \/>\n<meta property=\"article:publisher\" content=\"https:\/\/www.facebook.com\/tapasmagazine\" \/>\n<meta property=\"article:published_time\" content=\"2023-02-24T13:36:53+00:00\" \/>\n<meta property=\"article:modified_time\" content=\"2023-02-24T13:42:39+00:00\" \/>\n<meta property=\"og:image\" content=\"https:\/\/www.tapasmagazine.es\/wp-content\/uploads\/2023\/02\/fotonoticia_20230224143653_9999.jpg\" \/>\n\t<meta property=\"og:image:width\" content=\"1963\" \/>\n\t<meta property=\"og:image:height\" content=\"1280\" \/>\n\t<meta property=\"og:image:type\" content=\"image\/jpeg\" \/>\n<meta name=\"author\" content=\"Tapas \/ EP\" \/>\n<meta name=\"twitter:card\" content=\"summary_large_image\" \/>\n<meta name=\"twitter:creator\" content=\"@TapasMagazine\" \/>\n<meta name=\"twitter:site\" content=\"@TapasMagazine\" \/>\n<meta name=\"twitter:label1\" content=\"Written by\" \/>\n\t<meta name=\"twitter:data1\" content=\"Tapas \/ EP\" \/>\n\t<meta name=\"twitter:label2\" content=\"Est. reading time\" \/>\n\t<meta name=\"twitter:data2\" content=\"2 minutes\" \/>\n<script type=\"application\/ld+json\" class=\"yoast-schema-graph\">{\"@context\":\"https:\\\/\\\/schema.org\",\"@graph\":[{\"@type\":\"Article\",\"@id\":\"https:\\\/\\\/www.tapasmagazine.es\\\/en\\\/economia-la-patronal-de-los-grandes-almacenes-incorporara-el-estudio-de-planes-de-pensiones-de-empleo-segun-fetico\\\/#article\",\"isPartOf\":{\"@id\":\"https:\\\/\\\/www.tapasmagazine.es\\\/en\\\/economia-la-patronal-de-los-grandes-almacenes-incorporara-el-estudio-de-planes-de-pensiones-de-empleo-segun-fetico\\\/\"},\"author\":{\"name\":\"Tapas \\\/ EP\",\"@id\":\"https:\\\/\\\/www.tapasmagazine.es\\\/#\\\/schema\\\/person\\\/dddb3bce6f98f2124c204b901d74a14b\"},\"headline\":\"Econom\u00eda.- La patronal de los grandes almacenes incorporar\u00e1 el estudio de planes de pensiones de empleo, seg\u00fan Fetico\",\"datePublished\":\"2023-02-24T13:36:53+00:00\",\"dateModified\":\"2023-02-24T13:42:39+00:00\",\"mainEntityOfPage\":{\"@id\":\"https:\\\/\\\/www.tapasmagazine.es\\\/en\\\/economia-la-patronal-de-los-grandes-almacenes-incorporara-el-estudio-de-planes-de-pensiones-de-empleo-segun-fetico\\\/\"},\"wordCount\":425,\"publisher\":{\"@id\":\"https:\\\/\\\/www.tapasmagazine.es\\\/#organization\"},\"image\":{\"@id\":\"https:\\\/\\\/www.tapasmagazine.es\\\/en\\\/economia-la-patronal-de-los-grandes-almacenes-incorporara-el-estudio-de-planes-de-pensiones-de-empleo-segun-fetico\\\/#primaryimage\"},\"thumbnailUrl\":\"https:\\\/\\\/www.tapasmagazine.es\\\/wp-content\\\/uploads\\\/2023\\\/02\\\/fotonoticia_20230224143653_9999.jpg\",\"articleSection\":[\"\u00daltima hora\"],\"inLanguage\":\"en-US\"},{\"@type\":\"WebPage\",\"@id\":\"https:\\\/\\\/www.tapasmagazine.es\\\/en\\\/economia-la-patronal-de-los-grandes-almacenes-incorporara-el-estudio-de-planes-de-pensiones-de-empleo-segun-fetico\\\/\",\"url\":\"https:\\\/\\\/www.tapasmagazine.es\\\/en\\\/economia-la-patronal-de-los-grandes-almacenes-incorporara-el-estudio-de-planes-de-pensiones-de-empleo-segun-fetico\\\/\",\"name\":\"Econom\u00eda.- La patronal de los grandes almacenes incorporar\u00e1 el estudio de planes de pensiones de empleo, seg\u00fan Fetico - Tapas\",\"isPartOf\":{\"@id\":\"https:\\\/\\\/www.tapasmagazine.es\\\/#website\"},\"primaryImageOfPage\":{\"@id\":\"https:\\\/\\\/www.tapasmagazine.es\\\/en\\\/economia-la-patronal-de-los-grandes-almacenes-incorporara-el-estudio-de-planes-de-pensiones-de-empleo-segun-fetico\\\/#primaryimage\"},\"image\":{\"@id\":\"https:\\\/\\\/www.tapasmagazine.es\\\/en\\\/economia-la-patronal-de-los-grandes-almacenes-incorporara-el-estudio-de-planes-de-pensiones-de-empleo-segun-fetico\\\/#primaryimage\"},\"thumbnailUrl\":\"https:\\\/\\\/www.tapasmagazine.es\\\/wp-content\\\/uploads\\\/2023\\\/02\\\/fotonoticia_20230224143653_9999.jpg\",\"datePublished\":\"2023-02-24T13:36:53+00:00\",\"dateModified\":\"2023-02-24T13:42:39+00:00\",\"description\":\"La Asociaci\u00f3n Nacional Grandes de Empresas de Distribuci\u00f3n (Anged), que engloba a empresas como El Corte Ingl\u00e9s, Carrefour o Ikea, entre otras,\",\"breadcrumb\":{\"@id\":\"https:\\\/\\\/www.tapasmagazine.es\\\/en\\\/economia-la-patronal-de-los-grandes-almacenes-incorporara-el-estudio-de-planes-de-pensiones-de-empleo-segun-fetico\\\/#breadcrumb\"},\"inLanguage\":\"en-US\",\"potentialAction\":[{\"@type\":\"ReadAction\",\"target\":[\"https:\\\/\\\/www.tapasmagazine.es\\\/en\\\/economia-la-patronal-de-los-grandes-almacenes-incorporara-el-estudio-de-planes-de-pensiones-de-empleo-segun-fetico\\\/\"]}]},{\"@type\":\"ImageObject\",\"inLanguage\":\"en-US\",\"@id\":\"https:\\\/\\\/www.tapasmagazine.es\\\/en\\\/economia-la-patronal-de-los-grandes-almacenes-incorporara-el-estudio-de-planes-de-pensiones-de-empleo-segun-fetico\\\/#primaryimage\",\"url\":\"https:\\\/\\\/www.tapasmagazine.es\\\/wp-content\\\/uploads\\\/2023\\\/02\\\/fotonoticia_20230224143653_9999.jpg\",\"contentUrl\":\"https:\\\/\\\/www.tapasmagazine.es\\\/wp-content\\\/uploads\\\/2023\\\/02\\\/fotonoticia_20230224143653_9999.jpg\",\"width\":1963,\"height\":1280},{\"@type\":\"BreadcrumbList\",\"@id\":\"https:\\\/\\\/www.tapasmagazine.es\\\/en\\\/economia-la-patronal-de-los-grandes-almacenes-incorporara-el-estudio-de-planes-de-pensiones-de-empleo-segun-fetico\\\/#breadcrumb\",\"itemListElement\":[{\"@type\":\"ListItem\",\"position\":1,\"name\":\"Portada\",\"item\":\"https:\\\/\\\/www.tapasmagazine.es\\\/\"},{\"@type\":\"ListItem\",\"position\":2,\"name\":\"Sin categorizar\",\"item\":\"https:\\\/\\\/www.tapasmagazine.es\\\/categorias\\\/sin-categorizar\\\/\"},{\"@type\":\"ListItem\",\"position\":3,\"name\":\"Econom\u00eda.- La patronal de los grandes almacenes incorporar\u00e1 el estudio de planes de pensiones de empleo, seg\u00fan Fetico\"}]},{\"@type\":\"WebSite\",\"@id\":\"https:\\\/\\\/www.tapasmagazine.es\\\/#website\",\"url\":\"https:\\\/\\\/www.tapasmagazine.es\\\/\",\"name\":\"Tapas\",\"description\":\"\u00d1am \u00d1am Lifestyle. La vida a bocados. Premio Nacional de Gastronom\u00eda 2016.\",\"publisher\":{\"@id\":\"https:\\\/\\\/www.tapasmagazine.es\\\/#organization\"},\"potentialAction\":[{\"@type\":\"SearchAction\",\"target\":{\"@type\":\"EntryPoint\",\"urlTemplate\":\"https:\\\/\\\/www.tapasmagazine.es\\\/?s={search_term_string}\"},\"query-input\":{\"@type\":\"PropertyValueSpecification\",\"valueRequired\":true,\"valueName\":\"search_term_string\"}}],\"inLanguage\":\"en-US\"},{\"@type\":\"Organization\",\"@id\":\"https:\\\/\\\/www.tapasmagazine.es\\\/#organization\",\"name\":\"Tapas Magazine\",\"url\":\"https:\\\/\\\/www.tapasmagazine.es\\\/\",\"logo\":{\"@type\":\"ImageObject\",\"inLanguage\":\"en-US\",\"@id\":\"https:\\\/\\\/www.tapasmagazine.es\\\/#\\\/schema\\\/logo\\\/image\\\/\",\"url\":\"https:\\\/\\\/www.tapasmagazine.es\\\/wp-content\\\/uploads\\\/2018\\\/01\\\/logo.png\",\"contentUrl\":\"https:\\\/\\\/www.tapasmagazine.es\\\/wp-content\\\/uploads\\\/2018\\\/01\\\/logo.png\",\"width\":180,\"height\":60,\"caption\":\"Tapas Magazine\"},\"image\":{\"@id\":\"https:\\\/\\\/www.tapasmagazine.es\\\/#\\\/schema\\\/logo\\\/image\\\/\"},\"sameAs\":[\"https:\\\/\\\/www.facebook.com\\\/tapasmagazine\",\"https:\\\/\\\/x.com\\\/TapasMagazine\",\"https:\\\/\\\/www.instagram.com\\\/tapasmagazine\\\/\",\"https:\\\/\\\/www.linkedin.com\\\/company\\\/tapas-magazine\",\"https:\\\/\\\/es.pinterest.com\\\/tapasmagazine\\\/\",\"https:\\\/\\\/www.youtube.com\\\/channel\\\/UCEyxneAaACuR0lfDagrWjjg?sub_confirmation=1\"]},{\"@type\":\"Person\",\"@id\":\"https:\\\/\\\/www.tapasmagazine.es\\\/#\\\/schema\\\/person\\\/dddb3bce6f98f2124c204b901d74a14b\",\"name\":\"Tapas \\\/ EP\",\"url\":\"https:\\\/\\\/www.tapasmagazine.es\\\/en\\\/author\\\/tapasep\\\/\"}]}<\/script>\n<!-- \/ Yoast SEO plugin. -->","yoast_head_json":{"title":"Econom\u00eda.- La patronal de los grandes almacenes incorporar\u00e1 el estudio de planes de pensiones de empleo, seg\u00fan Fetico - Tapas","description":"La Asociaci\u00f3n Nacional Grandes de Empresas de Distribuci\u00f3n (Anged), que engloba a empresas como El Corte Ingl\u00e9s, Carrefour o Ikea, entre otras,","robots":{"index":"index","follow":"follow","max-snippet":"max-snippet:-1","max-image-preview":"max-image-preview:large","max-video-preview":"max-video-preview:-1"},"canonical":"https:\/\/www.tapasmagazine.es\/en\/economia-la-patronal-de-los-grandes-almacenes-incorporara-el-estudio-de-planes-de-pensiones-de-empleo-segun-fetico\/","og_locale":"en_US","og_type":"article","og_title":"Econom\u00eda.- La patronal de los grandes almacenes incorporar\u00e1 el estudio de planes de pensiones de empleo, seg\u00fan Fetico - Tapas","og_description":"La Asociaci\u00f3n Nacional Grandes de Empresas de Distribuci\u00f3n (Anged), que engloba a empresas como El Corte Ingl\u00e9s, Carrefour o Ikea, entre otras,","og_url":"https:\/\/www.tapasmagazine.es\/en\/economia-la-patronal-de-los-grandes-almacenes-incorporara-el-estudio-de-planes-de-pensiones-de-empleo-segun-fetico\/","og_site_name":"Tapas","article_publisher":"https:\/\/www.facebook.com\/tapasmagazine","article_published_time":"2023-02-24T13:36:53+00:00","article_modified_time":"2023-02-24T13:42:39+00:00","og_image":[{"width":1963,"height":1280,"url":"https:\/\/www.tapasmagazine.es\/wp-content\/uploads\/2023\/02\/fotonoticia_20230224143653_9999.jpg","type":"image\/jpeg"}],"author":"Tapas \/ EP","twitter_card":"summary_large_image","twitter_creator":"@TapasMagazine","twitter_site":"@TapasMagazine","twitter_misc":{"Written by":"Tapas \/ EP","Est. reading time":"2 minutes"},"schema":{"@context":"https:\/\/schema.org","@graph":[{"@type":"Article","@id":"https:\/\/www.tapasmagazine.es\/en\/economia-la-patronal-de-los-grandes-almacenes-incorporara-el-estudio-de-planes-de-pensiones-de-empleo-segun-fetico\/#article","isPartOf":{"@id":"https:\/\/www.tapasmagazine.es\/en\/economia-la-patronal-de-los-grandes-almacenes-incorporara-el-estudio-de-planes-de-pensiones-de-empleo-segun-fetico\/"},"author":{"name":"Tapas \/ EP","@id":"https:\/\/www.tapasmagazine.es\/#\/schema\/person\/dddb3bce6f98f2124c204b901d74a14b"},"headline":"Econom\u00eda.- La patronal de los grandes almacenes incorporar\u00e1 el estudio de planes de pensiones de empleo, seg\u00fan Fetico","datePublished":"2023-02-24T13:36:53+00:00","dateModified":"2023-02-24T13:42:39+00:00","mainEntityOfPage":{"@id":"https:\/\/www.tapasmagazine.es\/en\/economia-la-patronal-de-los-grandes-almacenes-incorporara-el-estudio-de-planes-de-pensiones-de-empleo-segun-fetico\/"},"wordCount":425,"publisher":{"@id":"https:\/\/www.tapasmagazine.es\/#organization"},"image":{"@id":"https:\/\/www.tapasmagazine.es\/en\/economia-la-patronal-de-los-grandes-almacenes-incorporara-el-estudio-de-planes-de-pensiones-de-empleo-segun-fetico\/#primaryimage"},"thumbnailUrl":"https:\/\/www.tapasmagazine.es\/wp-content\/uploads\/2023\/02\/fotonoticia_20230224143653_9999.jpg","articleSection":["\u00daltima hora"],"inLanguage":"en-US"},{"@type":"WebPage","@id":"https:\/\/www.tapasmagazine.es\/en\/economia-la-patronal-de-los-grandes-almacenes-incorporara-el-estudio-de-planes-de-pensiones-de-empleo-segun-fetico\/","url":"https:\/\/www.tapasmagazine.es\/en\/economia-la-patronal-de-los-grandes-almacenes-incorporara-el-estudio-de-planes-de-pensiones-de-empleo-segun-fetico\/","name":"Econom\u00eda.- La patronal de los grandes almacenes incorporar\u00e1 el estudio de planes de pensiones de empleo, seg\u00fan Fetico - Tapas","isPartOf":{"@id":"https:\/\/www.tapasmagazine.es\/#website"},"primaryImageOfPage":{"@id":"https:\/\/www.tapasmagazine.es\/en\/economia-la-patronal-de-los-grandes-almacenes-incorporara-el-estudio-de-planes-de-pensiones-de-empleo-segun-fetico\/#primaryimage"},"image":{"@id":"https:\/\/www.tapasmagazine.es\/en\/economia-la-patronal-de-los-grandes-almacenes-incorporara-el-estudio-de-planes-de-pensiones-de-empleo-segun-fetico\/#primaryimage"},"thumbnailUrl":"https:\/\/www.tapasmagazine.es\/wp-content\/uploads\/2023\/02\/fotonoticia_20230224143653_9999.jpg","datePublished":"2023-02-24T13:36:53+00:00","dateModified":"2023-02-24T13:42:39+00:00","description":"La Asociaci\u00f3n Nacional Grandes de Empresas de Distribuci\u00f3n (Anged), que engloba a empresas como El Corte Ingl\u00e9s, Carrefour o Ikea, entre otras,","breadcrumb":{"@id":"https:\/\/www.tapasmagazine.es\/en\/economia-la-patronal-de-los-grandes-almacenes-incorporara-el-estudio-de-planes-de-pensiones-de-empleo-segun-fetico\/#breadcrumb"},"inLanguage":"en-US","potentialAction":[{"@type":"ReadAction","target":["https:\/\/www.tapasmagazine.es\/en\/economia-la-patronal-de-los-grandes-almacenes-incorporara-el-estudio-de-planes-de-pensiones-de-empleo-segun-fetico\/"]}]},{"@type":"ImageObject","inLanguage":"en-US","@id":"https:\/\/www.tapasmagazine.es\/en\/economia-la-patronal-de-los-grandes-almacenes-incorporara-el-estudio-de-planes-de-pensiones-de-empleo-segun-fetico\/#primaryimage","url":"https:\/\/www.tapasmagazine.es\/wp-content\/uploads\/2023\/02\/fotonoticia_20230224143653_9999.jpg","contentUrl":"https:\/\/www.tapasmagazine.es\/wp-content\/uploads\/2023\/02\/fotonoticia_20230224143653_9999.jpg","width":1963,"height":1280},{"@type":"BreadcrumbList","@id":"https:\/\/www.tapasmagazine.es\/en\/economia-la-patronal-de-los-grandes-almacenes-incorporara-el-estudio-de-planes-de-pensiones-de-empleo-segun-fetico\/#breadcrumb","itemListElement":[{"@type":"ListItem","position":1,"name":"Portada","item":"https:\/\/www.tapasmagazine.es\/"},{"@type":"ListItem","position":2,"name":"Sin categorizar","item":"https:\/\/www.tapasmagazine.es\/categorias\/sin-categorizar\/"},{"@type":"ListItem","position":3,"name":"Econom\u00eda.- La patronal de los grandes almacenes incorporar\u00e1 el estudio de planes de pensiones de empleo, seg\u00fan Fetico"}]},{"@type":"WebSite","@id":"https:\/\/www.tapasmagazine.es\/#website","url":"https:\/\/www.tapasmagazine.es\/","name":"Tapas","description":"\u00d1am \u00d1am Lifestyle. La vida a bocados. Premio Nacional de Gastronom\u00eda 2016.","publisher":{"@id":"https:\/\/www.tapasmagazine.es\/#organization"},"potentialAction":[{"@type":"SearchAction","target":{"@type":"EntryPoint","urlTemplate":"https:\/\/www.tapasmagazine.es\/?s={search_term_string}"},"query-input":{"@type":"PropertyValueSpecification","valueRequired":true,"valueName":"search_term_string"}}],"inLanguage":"en-US"},{"@type":"Organization","@id":"https:\/\/www.tapasmagazine.es\/#organization","name":"Tapas Magazine","url":"https:\/\/www.tapasmagazine.es\/","logo":{"@type":"ImageObject","inLanguage":"en-US","@id":"https:\/\/www.tapasmagazine.es\/#\/schema\/logo\/image\/","url":"https:\/\/www.tapasmagazine.es\/wp-content\/uploads\/2018\/01\/logo.png","contentUrl":"https:\/\/www.tapasmagazine.es\/wp-content\/uploads\/2018\/01\/logo.png","width":180,"height":60,"caption":"Tapas Magazine"},"image":{"@id":"https:\/\/www.tapasmagazine.es\/#\/schema\/logo\/image\/"},"sameAs":["https:\/\/www.facebook.com\/tapasmagazine","https:\/\/x.com\/TapasMagazine","https:\/\/www.instagram.com\/tapasmagazine\/","https:\/\/www.linkedin.com\/company\/tapas-magazine","https:\/\/es.pinterest.com\/tapasmagazine\/","https:\/\/www.youtube.com\/channel\/UCEyxneAaACuR0lfDagrWjjg?sub_confirmation=1"]},{"@type":"Person","@id":"https:\/\/www.tapasmagazine.es\/#\/schema\/person\/dddb3bce6f98f2124c204b901d74a14b","name":"Tapas \/ EP","url":"https:\/\/www.tapasmagazine.es\/en\/author\/tapasep\/"}]}},"_links":{"self":[{"href":"https:\/\/www.tapasmagazine.es\/en\/wp-json\/wp\/v2\/posts\/176404","targetHints":{"allow":["GET"]}}],"collection":[{"href":"https:\/\/www.tapasmagazine.es\/en\/wp-json\/wp\/v2\/posts"}],"about":[{"href":"https:\/\/www.tapasmagazine.es\/en\/wp-json\/wp\/v2\/types\/post"}],"author":[{"embeddable":true,"href":"https:\/\/www.tapasmagazine.es\/en\/wp-json\/wp\/v2\/users\/277"}],"replies":[{"embeddable":true,"href":"https:\/\/www.tapasmagazine.es\/en\/wp-json\/wp\/v2\/comments?post=176404"}],"version-history":[{"count":1,"href":"https:\/\/www.tapasmagazine.es\/en\/wp-json\/wp\/v2\/posts\/176404\/revisions"}],"predecessor-version":[{"id":176405,"href":"https:\/\/www.tapasmagazine.es\/en\/wp-json\/wp\/v2\/posts\/176404\/revisions\/176405"}],"wp:featuredmedia":[{"embeddable":true,"href":"https:\/\/www.tapasmagazine.es\/en\/wp-json\/wp\/v2\/media\/176406"}],"wp:attachment":[{"href":"https:\/\/www.tapasmagazine.es\/en\/wp-json\/wp\/v2\/media?parent=176404"}],"wp:term":[{"taxonomy":"category","embeddable":true,"href":"https:\/\/www.tapasmagazine.es\/en\/wp-json\/wp\/v2\/categories?post=176404"},{"taxonomy":"post_tag","embeddable":true,"href":"https:\/\/www.tapasmagazine.es\/en\/wp-json\/wp\/v2\/tags?post=176404"}],"curies":[{"name":"wp","href":"https:\/\/api.w.org\/{rel}","templated":true}]}}