{"id":176400,"date":"2023-02-24T14:37:49","date_gmt":"2023-02-24T13:37:49","guid":{"rendered":"https:\/\/www.tapasmagazine.es\/?p=176400"},"modified":"2023-02-24T14:42:37","modified_gmt":"2023-02-24T13:42:37","slug":"economia-ganaderos-gallegos-presentan-las-primeras-demandas-contra-el-cartel-lacteo-a-la-espera-de-fallo-de-la-an","status":"publish","type":"post","link":"https:\/\/www.tapasmagazine.es\/en\/economia-ganaderos-gallegos-presentan-las-primeras-demandas-contra-el-cartel-lacteo-a-la-espera-de-fallo-de-la-an\/","title":{"rendered":"Econom\u00eda.- Ganaderos gallegos presentan las primeras demandas contra el c\u00e1rtel l\u00e1cteo a la espera de fallo de la AN"},"content":{"rendered":"<p>Ganaderos gallegos han comenzado a presentar las primeras demandas en diferentes juzgados contra el c\u00e1rtel l\u00e1cteo a la espera de que la Audiencia Nacional (AN) se pronuncie sobre los recursos de las industrias frente a la resoluci\u00f3n de 2019 de la Competencia Nacional de los Mercados y la Competencia (CNMC) que conden\u00f3 a pagar una multa de 80,2 millones de euros por los pactos de precios producidos entre los a\u00f1os 2000 y 2013 en Espa\u00f1a.<\/p>\n<p>   En rueda de prensa conjunta de Uni\u00f3ns Agrarias (UU.AA.) y representantes del bufete Eskariam, se ha explicado que estas demandas se adelantan a la resoluci\u00f3n de la Audiencia Nacional, que acumula un acusado retraso, para  &#8220;avanzar en los plazos&#8221; y &#8220;ganar tiempo al tiempo&#8221;.<\/p>\n<p>   Seg\u00fan explica el secretario xeral de Uni\u00f3ns Agrarias, Roberto Garc\u00eda, son alrededor de 7.000 los ganaderos en Galicia que han presentado reclamaciones &#8211;realizaron ventas entre 2000 y 2013&#8211; contra el c\u00e1rtel l\u00e1cteo para conseguir una indemnizaci\u00f3n por lo cobrado de menos debido a las pr\u00e1cticas ilegales de pacto de precios entre industrias. Las reclamaci\u00f3n de afectados gallegos son por valor de unos 800 millones.<\/p>\n<p>   As\u00ed, los recursos se encuentran en la Audiencia Nacional, a la espera de que el tribunal ratifique la decisi\u00f3n de la CNMC y confirme la implicaci\u00f3n de las industrias en el denominado c\u00e1rtel l\u00e1cteo. No obstante, Eskariam ya present\u00f3 a finales de 2022 un total de siete demandas &#8211;entre las que hay ganaderos gallegos&#8211; en diferentes juzgados de Espa\u00f1a, tales como Granada o Barcelona, que representan el global de casu\u00edsticas de los perjudicados, seg\u00fan explica el consejero delegado de este despacho, David Fern\u00e1ndez. A ello se suma una nueva demanda en representaci\u00f3n de cuatro productores de Uni\u00f3ns Agrarias, que reclaman sobre un mill\u00f3n de euros.<\/p>\n<p>   Al respecto, David Fern\u00e1ndez resaltada que se trata de unas pocas demandas &#8220;muy estudiadas&#8221; y &#8220;bien trabajadas&#8221; a modo de estrategia legal para &#8220;no colapsar lo juzgados&#8221;, ya que la resoluci\u00f3n de la Audiencia Nacional &#8220;lleva mucho retraso&#8221;.<\/p>\n<p>   Roberto Garc\u00eda se\u00f1ala esta presentaci\u00f3n de demandas como &#8220;un paso m\u00e1s&#8221; en la estrategia contra el c\u00e1rtel, si bien se espera que la Audiencia Nacional se pronuncie de &#8220;forma clara y contundente&#8221; para avalar que la sanci\u00f3n fue correcta. Tras ello, cabr\u00eda recurso por parte de las industrias ante el Tribunal Supremo, aunque Eskariam remarca que son m\u00ednimas las veces que el Supremo revoca fallos de la AN.<\/p>\n<p>LOS GANADEROS A\u00daN EST\u00c1N A TIEMPO DE RECLAMAR<\/p>\n<p>   En concreto, se estima que en el a\u00f1o 2000 hab\u00eda unos 35.000 productores que hac\u00edan ventas de leche en Galicia, los cuales percibieron alrededor de un 10% menos del precio que les correspond\u00eda, unos tres c\u00e9ntimos por litro. Miles de estas granjas han desaparecido durante el transcurso de este tiempo.<\/p>\n<p>   Uni\u00f3ns Agrarias espera que el pronunciamiento de la Audiencia Nacional tenga dos consecuencias: que sirva de efecto llamada a ganaderos que todav\u00eda no han presentado reclamaciones y lo hagan antes de que termine el plazo de prescripci\u00f3n &#8211;hasta julio de 2024&#8211;, as\u00ed como que despu\u00e9s en las demandas que presente cada ganadero &#8220;solo haya que discutir en el juzgado de cu\u00e1nto es el da\u00f1o&#8221;.<\/p>\n<p>PR\u00d3XIMA BAJADA DE HASTA 12 C\u00c9NTIMOS<\/p>\n<p>   Por otra parte, Roberto Garc\u00eda ha censurado que el presidente de la Xunta, Alfonso Rueda, presentase el pasado jueves un informe del Consello sobre el l\u00e1cteo para hablar de &#8220;ingresos extraordinarios&#8221; de productores, &#8220;sin tener en cuenta el incremento de costes&#8221;, lo que identifica con &#8220;un mensaje de incitar&#8221; a la industria a baja precios.<\/p>\n<p>   Avisa de que se prev\u00e9 un recorte de precios que la industria paga a ganaderos de entre 7 y 12 c\u00e9ntimos por litro a partir del mes de abril, por lo que llama a vigilar que &#8220;no sea una nueva concertaci\u00f3n de precios&#8221;. De hecho, advierte de que a Uni\u00f3ns Agrarias &#8220;no le temblar\u00e1 el pulso&#8221; si se produce una bajada &#8220;orquestada&#8221;.<\/p>\n","protected":false},"excerpt":{"rendered":"<p>Ganaderos gallegos han comenzado a presentar las primeras demandas en diferentes juzgados contra el c\u00e1rtel l\u00e1cteo a la espera de que la Audiencia Nacional (AN) se pronuncie sobre los recursos de las industrias frente a la resoluci\u00f3n de 2019 de la Competencia Nacional de los Mercados y la Competencia (CNMC) que conden\u00f3 a pagar una [&hellip;]<\/p>\n","protected":false},"author":277,"featured_media":176402,"comment_status":"close","ping_status":"","sticky":false,"template":"single-feature.php","format":"standard","meta":{"_acf_changed":false,"footnotes":""},"categories":[15645],"tags":[],"class_list":["post-176400","post","type-post","status-publish","format-standard","has-post-thumbnail","hentry","category-ultima-hora","cat-15645-id"],"acf":[],"yoast_head":"<!-- This site is optimized with the Yoast SEO plugin v27.4 - https:\/\/yoast.com\/product\/yoast-seo-wordpress\/ -->\n<title>Econom\u00eda.- Ganaderos gallegos presentan las primeras demandas contra el c\u00e1rtel l\u00e1cteo a la espera de fallo de la AN - Tapas<\/title>\n<meta name=\"description\" content=\"Ganaderos gallegos han comenzado a presentar las primeras demandas en diferentes juzgados contra el c\u00e1rtel l\u00e1cteo a la espera de que la Audiencia Nacional\" \/>\n<meta name=\"robots\" content=\"index, follow, max-snippet:-1, max-image-preview:large, max-video-preview:-1\" \/>\n<link rel=\"canonical\" href=\"https:\/\/www.tapasmagazine.es\/en\/economia-ganaderos-gallegos-presentan-las-primeras-demandas-contra-el-cartel-lacteo-a-la-espera-de-fallo-de-la-an\/\" \/>\n<meta property=\"og:locale\" content=\"en_US\" \/>\n<meta property=\"og:type\" content=\"article\" \/>\n<meta property=\"og:title\" content=\"Econom\u00eda.- Ganaderos gallegos presentan las primeras demandas contra el c\u00e1rtel l\u00e1cteo a la espera de fallo de la AN - Tapas\" \/>\n<meta property=\"og:description\" content=\"Ganaderos gallegos han comenzado a presentar las primeras demandas en diferentes juzgados contra el c\u00e1rtel l\u00e1cteo a la espera de que la Audiencia Nacional\" \/>\n<meta property=\"og:url\" content=\"https:\/\/www.tapasmagazine.es\/en\/economia-ganaderos-gallegos-presentan-las-primeras-demandas-contra-el-cartel-lacteo-a-la-espera-de-fallo-de-la-an\/\" \/>\n<meta property=\"og:site_name\" content=\"Tapas\" \/>\n<meta property=\"article:publisher\" content=\"https:\/\/www.facebook.com\/tapasmagazine\" \/>\n<meta property=\"article:published_time\" content=\"2023-02-24T13:37:49+00:00\" \/>\n<meta property=\"article:modified_time\" content=\"2023-02-24T13:42:37+00:00\" \/>\n<meta property=\"og:image\" content=\"https:\/\/www.tapasmagazine.es\/wp-content\/uploads\/2023\/02\/fotonoticia_20230224143749_9999.jpg\" \/>\n\t<meta property=\"og:image:width\" content=\"1024\" \/>\n\t<meta property=\"og:image:height\" content=\"683\" \/>\n\t<meta property=\"og:image:type\" content=\"image\/jpeg\" \/>\n<meta name=\"author\" content=\"Tapas \/ EP\" \/>\n<meta name=\"twitter:card\" content=\"summary_large_image\" \/>\n<meta name=\"twitter:creator\" content=\"@TapasMagazine\" \/>\n<meta name=\"twitter:site\" content=\"@TapasMagazine\" \/>\n<meta name=\"twitter:label1\" content=\"Written by\" \/>\n\t<meta name=\"twitter:data1\" content=\"Tapas \/ EP\" \/>\n\t<meta name=\"twitter:label2\" content=\"Est. reading time\" \/>\n\t<meta name=\"twitter:data2\" content=\"3 minutes\" \/>\n<script type=\"application\/ld+json\" class=\"yoast-schema-graph\">{\"@context\":\"https:\\\/\\\/schema.org\",\"@graph\":[{\"@type\":\"Article\",\"@id\":\"https:\\\/\\\/www.tapasmagazine.es\\\/en\\\/economia-ganaderos-gallegos-presentan-las-primeras-demandas-contra-el-cartel-lacteo-a-la-espera-de-fallo-de-la-an\\\/#article\",\"isPartOf\":{\"@id\":\"https:\\\/\\\/www.tapasmagazine.es\\\/en\\\/economia-ganaderos-gallegos-presentan-las-primeras-demandas-contra-el-cartel-lacteo-a-la-espera-de-fallo-de-la-an\\\/\"},\"author\":{\"name\":\"Tapas \\\/ EP\",\"@id\":\"https:\\\/\\\/www.tapasmagazine.es\\\/#\\\/schema\\\/person\\\/dddb3bce6f98f2124c204b901d74a14b\"},\"headline\":\"Econom\u00eda.- Ganaderos gallegos presentan las primeras demandas contra el c\u00e1rtel l\u00e1cteo a la espera de fallo de la AN\",\"datePublished\":\"2023-02-24T13:37:49+00:00\",\"dateModified\":\"2023-02-24T13:42:37+00:00\",\"mainEntityOfPage\":{\"@id\":\"https:\\\/\\\/www.tapasmagazine.es\\\/en\\\/economia-ganaderos-gallegos-presentan-las-primeras-demandas-contra-el-cartel-lacteo-a-la-espera-de-fallo-de-la-an\\\/\"},\"wordCount\":705,\"publisher\":{\"@id\":\"https:\\\/\\\/www.tapasmagazine.es\\\/#organization\"},\"image\":{\"@id\":\"https:\\\/\\\/www.tapasmagazine.es\\\/en\\\/economia-ganaderos-gallegos-presentan-las-primeras-demandas-contra-el-cartel-lacteo-a-la-espera-de-fallo-de-la-an\\\/#primaryimage\"},\"thumbnailUrl\":\"https:\\\/\\\/www.tapasmagazine.es\\\/wp-content\\\/uploads\\\/2023\\\/02\\\/fotonoticia_20230224143749_9999.jpg\",\"articleSection\":[\"\u00daltima hora\"],\"inLanguage\":\"en-US\"},{\"@type\":\"WebPage\",\"@id\":\"https:\\\/\\\/www.tapasmagazine.es\\\/en\\\/economia-ganaderos-gallegos-presentan-las-primeras-demandas-contra-el-cartel-lacteo-a-la-espera-de-fallo-de-la-an\\\/\",\"url\":\"https:\\\/\\\/www.tapasmagazine.es\\\/en\\\/economia-ganaderos-gallegos-presentan-las-primeras-demandas-contra-el-cartel-lacteo-a-la-espera-de-fallo-de-la-an\\\/\",\"name\":\"Econom\u00eda.- Ganaderos gallegos presentan las primeras demandas contra el c\u00e1rtel l\u00e1cteo a la espera de fallo de la AN - Tapas\",\"isPartOf\":{\"@id\":\"https:\\\/\\\/www.tapasmagazine.es\\\/#website\"},\"primaryImageOfPage\":{\"@id\":\"https:\\\/\\\/www.tapasmagazine.es\\\/en\\\/economia-ganaderos-gallegos-presentan-las-primeras-demandas-contra-el-cartel-lacteo-a-la-espera-de-fallo-de-la-an\\\/#primaryimage\"},\"image\":{\"@id\":\"https:\\\/\\\/www.tapasmagazine.es\\\/en\\\/economia-ganaderos-gallegos-presentan-las-primeras-demandas-contra-el-cartel-lacteo-a-la-espera-de-fallo-de-la-an\\\/#primaryimage\"},\"thumbnailUrl\":\"https:\\\/\\\/www.tapasmagazine.es\\\/wp-content\\\/uploads\\\/2023\\\/02\\\/fotonoticia_20230224143749_9999.jpg\",\"datePublished\":\"2023-02-24T13:37:49+00:00\",\"dateModified\":\"2023-02-24T13:42:37+00:00\",\"description\":\"Ganaderos gallegos han comenzado a presentar las primeras demandas en diferentes juzgados contra el c\u00e1rtel l\u00e1cteo a la espera de que la Audiencia Nacional\",\"breadcrumb\":{\"@id\":\"https:\\\/\\\/www.tapasmagazine.es\\\/en\\\/economia-ganaderos-gallegos-presentan-las-primeras-demandas-contra-el-cartel-lacteo-a-la-espera-de-fallo-de-la-an\\\/#breadcrumb\"},\"inLanguage\":\"en-US\",\"potentialAction\":[{\"@type\":\"ReadAction\",\"target\":[\"https:\\\/\\\/www.tapasmagazine.es\\\/en\\\/economia-ganaderos-gallegos-presentan-las-primeras-demandas-contra-el-cartel-lacteo-a-la-espera-de-fallo-de-la-an\\\/\"]}]},{\"@type\":\"ImageObject\",\"inLanguage\":\"en-US\",\"@id\":\"https:\\\/\\\/www.tapasmagazine.es\\\/en\\\/economia-ganaderos-gallegos-presentan-las-primeras-demandas-contra-el-cartel-lacteo-a-la-espera-de-fallo-de-la-an\\\/#primaryimage\",\"url\":\"https:\\\/\\\/www.tapasmagazine.es\\\/wp-content\\\/uploads\\\/2023\\\/02\\\/fotonoticia_20230224143749_9999.jpg\",\"contentUrl\":\"https:\\\/\\\/www.tapasmagazine.es\\\/wp-content\\\/uploads\\\/2023\\\/02\\\/fotonoticia_20230224143749_9999.jpg\",\"width\":1024,\"height\":683},{\"@type\":\"BreadcrumbList\",\"@id\":\"https:\\\/\\\/www.tapasmagazine.es\\\/en\\\/economia-ganaderos-gallegos-presentan-las-primeras-demandas-contra-el-cartel-lacteo-a-la-espera-de-fallo-de-la-an\\\/#breadcrumb\",\"itemListElement\":[{\"@type\":\"ListItem\",\"position\":1,\"name\":\"Portada\",\"item\":\"https:\\\/\\\/www.tapasmagazine.es\\\/\"},{\"@type\":\"ListItem\",\"position\":2,\"name\":\"Sin categorizar\",\"item\":\"https:\\\/\\\/www.tapasmagazine.es\\\/categorias\\\/sin-categorizar\\\/\"},{\"@type\":\"ListItem\",\"position\":3,\"name\":\"Econom\u00eda.- Ganaderos gallegos presentan las primeras demandas contra el c\u00e1rtel l\u00e1cteo a la espera de fallo de la AN\"}]},{\"@type\":\"WebSite\",\"@id\":\"https:\\\/\\\/www.tapasmagazine.es\\\/#website\",\"url\":\"https:\\\/\\\/www.tapasmagazine.es\\\/\",\"name\":\"Tapas\",\"description\":\"\u00d1am \u00d1am Lifestyle. La vida a bocados. Premio Nacional de Gastronom\u00eda 2016.\",\"publisher\":{\"@id\":\"https:\\\/\\\/www.tapasmagazine.es\\\/#organization\"},\"potentialAction\":[{\"@type\":\"SearchAction\",\"target\":{\"@type\":\"EntryPoint\",\"urlTemplate\":\"https:\\\/\\\/www.tapasmagazine.es\\\/?s={search_term_string}\"},\"query-input\":{\"@type\":\"PropertyValueSpecification\",\"valueRequired\":true,\"valueName\":\"search_term_string\"}}],\"inLanguage\":\"en-US\"},{\"@type\":\"Organization\",\"@id\":\"https:\\\/\\\/www.tapasmagazine.es\\\/#organization\",\"name\":\"Tapas Magazine\",\"url\":\"https:\\\/\\\/www.tapasmagazine.es\\\/\",\"logo\":{\"@type\":\"ImageObject\",\"inLanguage\":\"en-US\",\"@id\":\"https:\\\/\\\/www.tapasmagazine.es\\\/#\\\/schema\\\/logo\\\/image\\\/\",\"url\":\"https:\\\/\\\/www.tapasmagazine.es\\\/wp-content\\\/uploads\\\/2018\\\/01\\\/logo.png\",\"contentUrl\":\"https:\\\/\\\/www.tapasmagazine.es\\\/wp-content\\\/uploads\\\/2018\\\/01\\\/logo.png\",\"width\":180,\"height\":60,\"caption\":\"Tapas Magazine\"},\"image\":{\"@id\":\"https:\\\/\\\/www.tapasmagazine.es\\\/#\\\/schema\\\/logo\\\/image\\\/\"},\"sameAs\":[\"https:\\\/\\\/www.facebook.com\\\/tapasmagazine\",\"https:\\\/\\\/x.com\\\/TapasMagazine\",\"https:\\\/\\\/www.instagram.com\\\/tapasmagazine\\\/\",\"https:\\\/\\\/www.linkedin.com\\\/company\\\/tapas-magazine\",\"https:\\\/\\\/es.pinterest.com\\\/tapasmagazine\\\/\",\"https:\\\/\\\/www.youtube.com\\\/channel\\\/UCEyxneAaACuR0lfDagrWjjg?sub_confirmation=1\"]},{\"@type\":\"Person\",\"@id\":\"https:\\\/\\\/www.tapasmagazine.es\\\/#\\\/schema\\\/person\\\/dddb3bce6f98f2124c204b901d74a14b\",\"name\":\"Tapas \\\/ EP\",\"url\":\"https:\\\/\\\/www.tapasmagazine.es\\\/en\\\/author\\\/tapasep\\\/\"}]}<\/script>\n<!-- \/ Yoast SEO plugin. -->","yoast_head_json":{"title":"Econom\u00eda.- Ganaderos gallegos presentan las primeras demandas contra el c\u00e1rtel l\u00e1cteo a la espera de fallo de la AN - Tapas","description":"Ganaderos gallegos han comenzado a presentar las primeras demandas en diferentes juzgados contra el c\u00e1rtel l\u00e1cteo a la espera de que la Audiencia Nacional","robots":{"index":"index","follow":"follow","max-snippet":"max-snippet:-1","max-image-preview":"max-image-preview:large","max-video-preview":"max-video-preview:-1"},"canonical":"https:\/\/www.tapasmagazine.es\/en\/economia-ganaderos-gallegos-presentan-las-primeras-demandas-contra-el-cartel-lacteo-a-la-espera-de-fallo-de-la-an\/","og_locale":"en_US","og_type":"article","og_title":"Econom\u00eda.- Ganaderos gallegos presentan las primeras demandas contra el c\u00e1rtel l\u00e1cteo a la espera de fallo de la AN - Tapas","og_description":"Ganaderos gallegos han comenzado a presentar las primeras demandas en diferentes juzgados contra el c\u00e1rtel l\u00e1cteo a la espera de que la Audiencia Nacional","og_url":"https:\/\/www.tapasmagazine.es\/en\/economia-ganaderos-gallegos-presentan-las-primeras-demandas-contra-el-cartel-lacteo-a-la-espera-de-fallo-de-la-an\/","og_site_name":"Tapas","article_publisher":"https:\/\/www.facebook.com\/tapasmagazine","article_published_time":"2023-02-24T13:37:49+00:00","article_modified_time":"2023-02-24T13:42:37+00:00","og_image":[{"width":1024,"height":683,"url":"https:\/\/www.tapasmagazine.es\/wp-content\/uploads\/2023\/02\/fotonoticia_20230224143749_9999.jpg","type":"image\/jpeg"}],"author":"Tapas \/ EP","twitter_card":"summary_large_image","twitter_creator":"@TapasMagazine","twitter_site":"@TapasMagazine","twitter_misc":{"Written by":"Tapas \/ EP","Est. reading time":"3 minutes"},"schema":{"@context":"https:\/\/schema.org","@graph":[{"@type":"Article","@id":"https:\/\/www.tapasmagazine.es\/en\/economia-ganaderos-gallegos-presentan-las-primeras-demandas-contra-el-cartel-lacteo-a-la-espera-de-fallo-de-la-an\/#article","isPartOf":{"@id":"https:\/\/www.tapasmagazine.es\/en\/economia-ganaderos-gallegos-presentan-las-primeras-demandas-contra-el-cartel-lacteo-a-la-espera-de-fallo-de-la-an\/"},"author":{"name":"Tapas \/ EP","@id":"https:\/\/www.tapasmagazine.es\/#\/schema\/person\/dddb3bce6f98f2124c204b901d74a14b"},"headline":"Econom\u00eda.- Ganaderos gallegos presentan las primeras demandas contra el c\u00e1rtel l\u00e1cteo a la espera de fallo de la AN","datePublished":"2023-02-24T13:37:49+00:00","dateModified":"2023-02-24T13:42:37+00:00","mainEntityOfPage":{"@id":"https:\/\/www.tapasmagazine.es\/en\/economia-ganaderos-gallegos-presentan-las-primeras-demandas-contra-el-cartel-lacteo-a-la-espera-de-fallo-de-la-an\/"},"wordCount":705,"publisher":{"@id":"https:\/\/www.tapasmagazine.es\/#organization"},"image":{"@id":"https:\/\/www.tapasmagazine.es\/en\/economia-ganaderos-gallegos-presentan-las-primeras-demandas-contra-el-cartel-lacteo-a-la-espera-de-fallo-de-la-an\/#primaryimage"},"thumbnailUrl":"https:\/\/www.tapasmagazine.es\/wp-content\/uploads\/2023\/02\/fotonoticia_20230224143749_9999.jpg","articleSection":["\u00daltima hora"],"inLanguage":"en-US"},{"@type":"WebPage","@id":"https:\/\/www.tapasmagazine.es\/en\/economia-ganaderos-gallegos-presentan-las-primeras-demandas-contra-el-cartel-lacteo-a-la-espera-de-fallo-de-la-an\/","url":"https:\/\/www.tapasmagazine.es\/en\/economia-ganaderos-gallegos-presentan-las-primeras-demandas-contra-el-cartel-lacteo-a-la-espera-de-fallo-de-la-an\/","name":"Econom\u00eda.- Ganaderos gallegos presentan las primeras demandas contra el c\u00e1rtel l\u00e1cteo a la espera de fallo de la AN - Tapas","isPartOf":{"@id":"https:\/\/www.tapasmagazine.es\/#website"},"primaryImageOfPage":{"@id":"https:\/\/www.tapasmagazine.es\/en\/economia-ganaderos-gallegos-presentan-las-primeras-demandas-contra-el-cartel-lacteo-a-la-espera-de-fallo-de-la-an\/#primaryimage"},"image":{"@id":"https:\/\/www.tapasmagazine.es\/en\/economia-ganaderos-gallegos-presentan-las-primeras-demandas-contra-el-cartel-lacteo-a-la-espera-de-fallo-de-la-an\/#primaryimage"},"thumbnailUrl":"https:\/\/www.tapasmagazine.es\/wp-content\/uploads\/2023\/02\/fotonoticia_20230224143749_9999.jpg","datePublished":"2023-02-24T13:37:49+00:00","dateModified":"2023-02-24T13:42:37+00:00","description":"Ganaderos gallegos han comenzado a presentar las primeras demandas en diferentes juzgados contra el c\u00e1rtel l\u00e1cteo a la espera de que la Audiencia Nacional","breadcrumb":{"@id":"https:\/\/www.tapasmagazine.es\/en\/economia-ganaderos-gallegos-presentan-las-primeras-demandas-contra-el-cartel-lacteo-a-la-espera-de-fallo-de-la-an\/#breadcrumb"},"inLanguage":"en-US","potentialAction":[{"@type":"ReadAction","target":["https:\/\/www.tapasmagazine.es\/en\/economia-ganaderos-gallegos-presentan-las-primeras-demandas-contra-el-cartel-lacteo-a-la-espera-de-fallo-de-la-an\/"]}]},{"@type":"ImageObject","inLanguage":"en-US","@id":"https:\/\/www.tapasmagazine.es\/en\/economia-ganaderos-gallegos-presentan-las-primeras-demandas-contra-el-cartel-lacteo-a-la-espera-de-fallo-de-la-an\/#primaryimage","url":"https:\/\/www.tapasmagazine.es\/wp-content\/uploads\/2023\/02\/fotonoticia_20230224143749_9999.jpg","contentUrl":"https:\/\/www.tapasmagazine.es\/wp-content\/uploads\/2023\/02\/fotonoticia_20230224143749_9999.jpg","width":1024,"height":683},{"@type":"BreadcrumbList","@id":"https:\/\/www.tapasmagazine.es\/en\/economia-ganaderos-gallegos-presentan-las-primeras-demandas-contra-el-cartel-lacteo-a-la-espera-de-fallo-de-la-an\/#breadcrumb","itemListElement":[{"@type":"ListItem","position":1,"name":"Portada","item":"https:\/\/www.tapasmagazine.es\/"},{"@type":"ListItem","position":2,"name":"Sin categorizar","item":"https:\/\/www.tapasmagazine.es\/categorias\/sin-categorizar\/"},{"@type":"ListItem","position":3,"name":"Econom\u00eda.- Ganaderos gallegos presentan las primeras demandas contra el c\u00e1rtel l\u00e1cteo a la espera de fallo de la AN"}]},{"@type":"WebSite","@id":"https:\/\/www.tapasmagazine.es\/#website","url":"https:\/\/www.tapasmagazine.es\/","name":"Tapas","description":"\u00d1am \u00d1am Lifestyle. La vida a bocados. Premio Nacional de Gastronom\u00eda 2016.","publisher":{"@id":"https:\/\/www.tapasmagazine.es\/#organization"},"potentialAction":[{"@type":"SearchAction","target":{"@type":"EntryPoint","urlTemplate":"https:\/\/www.tapasmagazine.es\/?s={search_term_string}"},"query-input":{"@type":"PropertyValueSpecification","valueRequired":true,"valueName":"search_term_string"}}],"inLanguage":"en-US"},{"@type":"Organization","@id":"https:\/\/www.tapasmagazine.es\/#organization","name":"Tapas Magazine","url":"https:\/\/www.tapasmagazine.es\/","logo":{"@type":"ImageObject","inLanguage":"en-US","@id":"https:\/\/www.tapasmagazine.es\/#\/schema\/logo\/image\/","url":"https:\/\/www.tapasmagazine.es\/wp-content\/uploads\/2018\/01\/logo.png","contentUrl":"https:\/\/www.tapasmagazine.es\/wp-content\/uploads\/2018\/01\/logo.png","width":180,"height":60,"caption":"Tapas Magazine"},"image":{"@id":"https:\/\/www.tapasmagazine.es\/#\/schema\/logo\/image\/"},"sameAs":["https:\/\/www.facebook.com\/tapasmagazine","https:\/\/x.com\/TapasMagazine","https:\/\/www.instagram.com\/tapasmagazine\/","https:\/\/www.linkedin.com\/company\/tapas-magazine","https:\/\/es.pinterest.com\/tapasmagazine\/","https:\/\/www.youtube.com\/channel\/UCEyxneAaACuR0lfDagrWjjg?sub_confirmation=1"]},{"@type":"Person","@id":"https:\/\/www.tapasmagazine.es\/#\/schema\/person\/dddb3bce6f98f2124c204b901d74a14b","name":"Tapas \/ EP","url":"https:\/\/www.tapasmagazine.es\/en\/author\/tapasep\/"}]}},"_links":{"self":[{"href":"https:\/\/www.tapasmagazine.es\/en\/wp-json\/wp\/v2\/posts\/176400","targetHints":{"allow":["GET"]}}],"collection":[{"href":"https:\/\/www.tapasmagazine.es\/en\/wp-json\/wp\/v2\/posts"}],"about":[{"href":"https:\/\/www.tapasmagazine.es\/en\/wp-json\/wp\/v2\/types\/post"}],"author":[{"embeddable":true,"href":"https:\/\/www.tapasmagazine.es\/en\/wp-json\/wp\/v2\/users\/277"}],"replies":[{"embeddable":true,"href":"https:\/\/www.tapasmagazine.es\/en\/wp-json\/wp\/v2\/comments?post=176400"}],"version-history":[{"count":1,"href":"https:\/\/www.tapasmagazine.es\/en\/wp-json\/wp\/v2\/posts\/176400\/revisions"}],"predecessor-version":[{"id":176401,"href":"https:\/\/www.tapasmagazine.es\/en\/wp-json\/wp\/v2\/posts\/176400\/revisions\/176401"}],"wp:featuredmedia":[{"embeddable":true,"href":"https:\/\/www.tapasmagazine.es\/en\/wp-json\/wp\/v2\/media\/176402"}],"wp:attachment":[{"href":"https:\/\/www.tapasmagazine.es\/en\/wp-json\/wp\/v2\/media?parent=176400"}],"wp:term":[{"taxonomy":"category","embeddable":true,"href":"https:\/\/www.tapasmagazine.es\/en\/wp-json\/wp\/v2\/categories?post=176400"},{"taxonomy":"post_tag","embeddable":true,"href":"https:\/\/www.tapasmagazine.es\/en\/wp-json\/wp\/v2\/tags?post=176400"}],"curies":[{"name":"wp","href":"https:\/\/api.w.org\/{rel}","templated":true}]}}