{"id":176378,"date":"2023-02-24T13:45:10","date_gmt":"2023-02-24T12:45:10","guid":{"rendered":"https:\/\/www.tapasmagazine.es\/?p=176378"},"modified":"2023-02-24T14:12:00","modified_gmt":"2023-02-24T13:12:00","slug":"economia-mercamadrid-crea-el-centro-de-conocimiento-e-innovacion-para-la-modernizacion-del-sector-alimentario","status":"publish","type":"post","link":"https:\/\/www.tapasmagazine.es\/en\/economia-mercamadrid-crea-el-centro-de-conocimiento-e-innovacion-para-la-modernizacion-del-sector-alimentario\/","title":{"rendered":"Econom\u00eda.- Mercamadrid crea el Centro de Conocimiento e Innovaci\u00f3n para la modernizaci\u00f3n del sector alimentario"},"content":{"rendered":"<p>El consejo de administraci\u00f3n de Mercamadrid ha dado luz verde esta semana al futuro Centro de Conocimiento e Innovaci\u00f3n, 2.000 metros cuadrados dedicados a la modernizaci\u00f3n del sector alimentario, ha informado la empresa en un comunicado.<\/p>\n<p>   Con impacto en toda la cadena alimentaria, esta nueva infraestructura ser\u00e1 &#8220;capaz de captar, desarrollar y transmitir el conocimiento de empresas y profesionales para contribuir a la transformaci\u00f3n y modernizaci\u00f3n de los procesos de las diferentes actividades que confluyen hoy en el sector alimentario, en un entorno cada vez m\u00e1s digital y sostenible&#8221;.<\/p>\n<p>   El centro se presenta como &#8220;una revoluci\u00f3n para la mejora de la competitividad de todas aquellas empresas que quieran sumar estas herramientas a sus estrategias y, por tanto, una clara ventaja competitiva para las ubicadas en Mercamadrid&#8221;.<\/p>\n<p>   El nuevo espacio albergar\u00e1 actividades de investigaci\u00f3n relacionadas con la calidad, la seguridad alimentaria y la innovaci\u00f3n en los procesos y productos del sector alimentario, adem\u00e1s de un Hub Gastron\u00f3mico para actividades de innovaci\u00f3n y desarrollo de procesos y soluciones gastron\u00f3micas.<\/p>\n<p>   La innovaci\u00f3n se enfocar\u00e1 al emprendimiento de nuevos negocios impulsando startups novedosas para el sector y se unir\u00e1 a las soluciones de digitalizaci\u00f3n de los negocios y tecnolog\u00edas aplicadas a los procesos y servicios de las empresas de la alimentaci\u00f3n.<\/p>\n<p>   Lo que se busca es consolidar el Centro de Formaci\u00f3n de Mercamadrid, en marcha desde 2016, como referencia para la cualificaci\u00f3n de los profesionales del sector alimentario ampliando ahora sus actividades hacia la escuela de oficios e impulsando la Formaci\u00f3n Profesional acreditada.<\/p>\n<p>NUEVA ESCUELA<\/p>\n<p>   Incorporar\u00e1 una nueva Escuela de Cocina, Hosteler\u00eda y Restauraci\u00f3n para formar a los profesionales del sector HORECA, unido a formaci\u00f3n t\u00e9cnica y cient\u00edfica para cuadros t\u00e9cnicos y mandos intermedios en aquellas materias que requieran un continuo aprendizaje y actualizaci\u00f3n de sus competencias.<\/p>\n<p>   Tambi\u00e9n formaci\u00f3n executive para estar en la vanguardia de las habilidades y conocimientos. Y se unir\u00e1 a espacios donde desarrollar congresos sectoriales, encuentros empresariales para exposiciones, celebraci\u00f3n de seminarios, jornadas, talleres, as\u00ed como presentaciones y eventos.<\/p>\n<p>   Este centro da continuidad a los proyectos y actividades ejecutados anteriormente, como la conectividad 5G y de fibra del recinto, la digitalizaci\u00f3n de servicios y operativas o la creaci\u00f3n del primer Hub de Innovaci\u00f3n.<\/p>\n","protected":false},"excerpt":{"rendered":"<p>El consejo de administraci\u00f3n de Mercamadrid ha dado luz verde esta semana al futuro Centro de Conocimiento e Innovaci\u00f3n, 2.000 metros cuadrados dedicados a la modernizaci\u00f3n del sector alimentario, ha informado la empresa en un comunicado. Con impacto en toda la cadena alimentaria, esta nueva infraestructura ser\u00e1 &#8220;capaz de captar, desarrollar y transmitir el conocimiento [&hellip;]<\/p>\n","protected":false},"author":277,"featured_media":176380,"comment_status":"close","ping_status":"","sticky":false,"template":"single-feature.php","format":"standard","meta":{"_acf_changed":false,"footnotes":""},"categories":[15645],"tags":[],"class_list":["post-176378","post","type-post","status-publish","format-standard","has-post-thumbnail","hentry","category-ultima-hora","cat-15645-id"],"acf":[],"yoast_head":"<!-- This site is optimized with the Yoast SEO plugin v27.4 - https:\/\/yoast.com\/product\/yoast-seo-wordpress\/ -->\n<title>Econom\u00eda.- Mercamadrid crea el Centro de Conocimiento e Innovaci\u00f3n para la modernizaci\u00f3n del sector alimentario - Tapas<\/title>\n<meta name=\"description\" content=\"El consejo de administraci\u00f3n de Mercamadrid ha dado luz verde esta semana al futuro Centro de Conocimiento e Innovaci\u00f3n, 2.000 metros cuadrados dedicados\" \/>\n<meta name=\"robots\" content=\"index, follow, max-snippet:-1, max-image-preview:large, max-video-preview:-1\" \/>\n<link rel=\"canonical\" href=\"https:\/\/www.tapasmagazine.es\/en\/economia-mercamadrid-crea-el-centro-de-conocimiento-e-innovacion-para-la-modernizacion-del-sector-alimentario\/\" \/>\n<meta property=\"og:locale\" content=\"en_US\" \/>\n<meta property=\"og:type\" content=\"article\" \/>\n<meta property=\"og:title\" content=\"Econom\u00eda.- Mercamadrid crea el Centro de Conocimiento e Innovaci\u00f3n para la modernizaci\u00f3n del sector alimentario - Tapas\" \/>\n<meta property=\"og:description\" content=\"El consejo de administraci\u00f3n de Mercamadrid ha dado luz verde esta semana al futuro Centro de Conocimiento e Innovaci\u00f3n, 2.000 metros cuadrados dedicados\" \/>\n<meta property=\"og:url\" content=\"https:\/\/www.tapasmagazine.es\/en\/economia-mercamadrid-crea-el-centro-de-conocimiento-e-innovacion-para-la-modernizacion-del-sector-alimentario\/\" \/>\n<meta property=\"og:site_name\" content=\"Tapas\" \/>\n<meta property=\"article:publisher\" content=\"https:\/\/www.facebook.com\/tapasmagazine\" \/>\n<meta property=\"article:published_time\" content=\"2023-02-24T12:45:10+00:00\" \/>\n<meta property=\"article:modified_time\" content=\"2023-02-24T13:12:00+00:00\" \/>\n<meta property=\"og:image\" content=\"https:\/\/www.tapasmagazine.es\/wp-content\/uploads\/2023\/02\/fotonoticia_20230224134510_9999-scaled.jpg\" \/>\n\t<meta property=\"og:image:width\" content=\"2560\" \/>\n\t<meta property=\"og:image:height\" content=\"1706\" \/>\n\t<meta property=\"og:image:type\" content=\"image\/jpeg\" \/>\n<meta name=\"author\" content=\"Tapas \/ EP\" \/>\n<meta name=\"twitter:card\" content=\"summary_large_image\" \/>\n<meta name=\"twitter:creator\" content=\"@TapasMagazine\" \/>\n<meta name=\"twitter:site\" content=\"@TapasMagazine\" \/>\n<meta name=\"twitter:label1\" content=\"Written by\" \/>\n\t<meta name=\"twitter:data1\" content=\"Tapas \/ EP\" \/>\n\t<meta name=\"twitter:label2\" content=\"Est. reading time\" \/>\n\t<meta name=\"twitter:data2\" content=\"2 minutes\" \/>\n<script type=\"application\/ld+json\" class=\"yoast-schema-graph\">{\"@context\":\"https:\\\/\\\/schema.org\",\"@graph\":[{\"@type\":\"Article\",\"@id\":\"https:\\\/\\\/www.tapasmagazine.es\\\/en\\\/economia-mercamadrid-crea-el-centro-de-conocimiento-e-innovacion-para-la-modernizacion-del-sector-alimentario\\\/#article\",\"isPartOf\":{\"@id\":\"https:\\\/\\\/www.tapasmagazine.es\\\/en\\\/economia-mercamadrid-crea-el-centro-de-conocimiento-e-innovacion-para-la-modernizacion-del-sector-alimentario\\\/\"},\"author\":{\"name\":\"Tapas \\\/ EP\",\"@id\":\"https:\\\/\\\/www.tapasmagazine.es\\\/#\\\/schema\\\/person\\\/dddb3bce6f98f2124c204b901d74a14b\"},\"headline\":\"Econom\u00eda.- Mercamadrid crea el Centro de Conocimiento e Innovaci\u00f3n para la modernizaci\u00f3n del sector alimentario\",\"datePublished\":\"2023-02-24T12:45:10+00:00\",\"dateModified\":\"2023-02-24T13:12:00+00:00\",\"mainEntityOfPage\":{\"@id\":\"https:\\\/\\\/www.tapasmagazine.es\\\/en\\\/economia-mercamadrid-crea-el-centro-de-conocimiento-e-innovacion-para-la-modernizacion-del-sector-alimentario\\\/\"},\"wordCount\":413,\"publisher\":{\"@id\":\"https:\\\/\\\/www.tapasmagazine.es\\\/#organization\"},\"image\":{\"@id\":\"https:\\\/\\\/www.tapasmagazine.es\\\/en\\\/economia-mercamadrid-crea-el-centro-de-conocimiento-e-innovacion-para-la-modernizacion-del-sector-alimentario\\\/#primaryimage\"},\"thumbnailUrl\":\"https:\\\/\\\/www.tapasmagazine.es\\\/wp-content\\\/uploads\\\/2023\\\/02\\\/fotonoticia_20230224134510_9999-scaled.jpg\",\"articleSection\":[\"\u00daltima hora\"],\"inLanguage\":\"en-US\"},{\"@type\":\"WebPage\",\"@id\":\"https:\\\/\\\/www.tapasmagazine.es\\\/en\\\/economia-mercamadrid-crea-el-centro-de-conocimiento-e-innovacion-para-la-modernizacion-del-sector-alimentario\\\/\",\"url\":\"https:\\\/\\\/www.tapasmagazine.es\\\/en\\\/economia-mercamadrid-crea-el-centro-de-conocimiento-e-innovacion-para-la-modernizacion-del-sector-alimentario\\\/\",\"name\":\"Econom\u00eda.- Mercamadrid crea el Centro de Conocimiento e Innovaci\u00f3n para la modernizaci\u00f3n del sector alimentario - Tapas\",\"isPartOf\":{\"@id\":\"https:\\\/\\\/www.tapasmagazine.es\\\/#website\"},\"primaryImageOfPage\":{\"@id\":\"https:\\\/\\\/www.tapasmagazine.es\\\/en\\\/economia-mercamadrid-crea-el-centro-de-conocimiento-e-innovacion-para-la-modernizacion-del-sector-alimentario\\\/#primaryimage\"},\"image\":{\"@id\":\"https:\\\/\\\/www.tapasmagazine.es\\\/en\\\/economia-mercamadrid-crea-el-centro-de-conocimiento-e-innovacion-para-la-modernizacion-del-sector-alimentario\\\/#primaryimage\"},\"thumbnailUrl\":\"https:\\\/\\\/www.tapasmagazine.es\\\/wp-content\\\/uploads\\\/2023\\\/02\\\/fotonoticia_20230224134510_9999-scaled.jpg\",\"datePublished\":\"2023-02-24T12:45:10+00:00\",\"dateModified\":\"2023-02-24T13:12:00+00:00\",\"description\":\"El consejo de administraci\u00f3n de Mercamadrid ha dado luz verde esta semana al futuro Centro de Conocimiento e Innovaci\u00f3n, 2.000 metros cuadrados dedicados\",\"breadcrumb\":{\"@id\":\"https:\\\/\\\/www.tapasmagazine.es\\\/en\\\/economia-mercamadrid-crea-el-centro-de-conocimiento-e-innovacion-para-la-modernizacion-del-sector-alimentario\\\/#breadcrumb\"},\"inLanguage\":\"en-US\",\"potentialAction\":[{\"@type\":\"ReadAction\",\"target\":[\"https:\\\/\\\/www.tapasmagazine.es\\\/en\\\/economia-mercamadrid-crea-el-centro-de-conocimiento-e-innovacion-para-la-modernizacion-del-sector-alimentario\\\/\"]}]},{\"@type\":\"ImageObject\",\"inLanguage\":\"en-US\",\"@id\":\"https:\\\/\\\/www.tapasmagazine.es\\\/en\\\/economia-mercamadrid-crea-el-centro-de-conocimiento-e-innovacion-para-la-modernizacion-del-sector-alimentario\\\/#primaryimage\",\"url\":\"https:\\\/\\\/www.tapasmagazine.es\\\/wp-content\\\/uploads\\\/2023\\\/02\\\/fotonoticia_20230224134510_9999-scaled.jpg\",\"contentUrl\":\"https:\\\/\\\/www.tapasmagazine.es\\\/wp-content\\\/uploads\\\/2023\\\/02\\\/fotonoticia_20230224134510_9999-scaled.jpg\",\"width\":2560,\"height\":1706},{\"@type\":\"BreadcrumbList\",\"@id\":\"https:\\\/\\\/www.tapasmagazine.es\\\/en\\\/economia-mercamadrid-crea-el-centro-de-conocimiento-e-innovacion-para-la-modernizacion-del-sector-alimentario\\\/#breadcrumb\",\"itemListElement\":[{\"@type\":\"ListItem\",\"position\":1,\"name\":\"Portada\",\"item\":\"https:\\\/\\\/www.tapasmagazine.es\\\/\"},{\"@type\":\"ListItem\",\"position\":2,\"name\":\"Sin categorizar\",\"item\":\"https:\\\/\\\/www.tapasmagazine.es\\\/categorias\\\/sin-categorizar\\\/\"},{\"@type\":\"ListItem\",\"position\":3,\"name\":\"Econom\u00eda.- Mercamadrid crea el Centro de Conocimiento e Innovaci\u00f3n para la modernizaci\u00f3n del sector alimentario\"}]},{\"@type\":\"WebSite\",\"@id\":\"https:\\\/\\\/www.tapasmagazine.es\\\/#website\",\"url\":\"https:\\\/\\\/www.tapasmagazine.es\\\/\",\"name\":\"Tapas\",\"description\":\"\u00d1am \u00d1am Lifestyle. La vida a bocados. Premio Nacional de Gastronom\u00eda 2016.\",\"publisher\":{\"@id\":\"https:\\\/\\\/www.tapasmagazine.es\\\/#organization\"},\"potentialAction\":[{\"@type\":\"SearchAction\",\"target\":{\"@type\":\"EntryPoint\",\"urlTemplate\":\"https:\\\/\\\/www.tapasmagazine.es\\\/?s={search_term_string}\"},\"query-input\":{\"@type\":\"PropertyValueSpecification\",\"valueRequired\":true,\"valueName\":\"search_term_string\"}}],\"inLanguage\":\"en-US\"},{\"@type\":\"Organization\",\"@id\":\"https:\\\/\\\/www.tapasmagazine.es\\\/#organization\",\"name\":\"Tapas Magazine\",\"url\":\"https:\\\/\\\/www.tapasmagazine.es\\\/\",\"logo\":{\"@type\":\"ImageObject\",\"inLanguage\":\"en-US\",\"@id\":\"https:\\\/\\\/www.tapasmagazine.es\\\/#\\\/schema\\\/logo\\\/image\\\/\",\"url\":\"https:\\\/\\\/www.tapasmagazine.es\\\/wp-content\\\/uploads\\\/2018\\\/01\\\/logo.png\",\"contentUrl\":\"https:\\\/\\\/www.tapasmagazine.es\\\/wp-content\\\/uploads\\\/2018\\\/01\\\/logo.png\",\"width\":180,\"height\":60,\"caption\":\"Tapas Magazine\"},\"image\":{\"@id\":\"https:\\\/\\\/www.tapasmagazine.es\\\/#\\\/schema\\\/logo\\\/image\\\/\"},\"sameAs\":[\"https:\\\/\\\/www.facebook.com\\\/tapasmagazine\",\"https:\\\/\\\/x.com\\\/TapasMagazine\",\"https:\\\/\\\/www.instagram.com\\\/tapasmagazine\\\/\",\"https:\\\/\\\/www.linkedin.com\\\/company\\\/tapas-magazine\",\"https:\\\/\\\/es.pinterest.com\\\/tapasmagazine\\\/\",\"https:\\\/\\\/www.youtube.com\\\/channel\\\/UCEyxneAaACuR0lfDagrWjjg?sub_confirmation=1\"]},{\"@type\":\"Person\",\"@id\":\"https:\\\/\\\/www.tapasmagazine.es\\\/#\\\/schema\\\/person\\\/dddb3bce6f98f2124c204b901d74a14b\",\"name\":\"Tapas \\\/ EP\",\"url\":\"https:\\\/\\\/www.tapasmagazine.es\\\/en\\\/author\\\/tapasep\\\/\"}]}<\/script>\n<!-- \/ Yoast SEO plugin. -->","yoast_head_json":{"title":"Econom\u00eda.- Mercamadrid crea el Centro de Conocimiento e Innovaci\u00f3n para la modernizaci\u00f3n del sector alimentario - Tapas","description":"El consejo de administraci\u00f3n de Mercamadrid ha dado luz verde esta semana al futuro Centro de Conocimiento e Innovaci\u00f3n, 2.000 metros cuadrados dedicados","robots":{"index":"index","follow":"follow","max-snippet":"max-snippet:-1","max-image-preview":"max-image-preview:large","max-video-preview":"max-video-preview:-1"},"canonical":"https:\/\/www.tapasmagazine.es\/en\/economia-mercamadrid-crea-el-centro-de-conocimiento-e-innovacion-para-la-modernizacion-del-sector-alimentario\/","og_locale":"en_US","og_type":"article","og_title":"Econom\u00eda.- Mercamadrid crea el Centro de Conocimiento e Innovaci\u00f3n para la modernizaci\u00f3n del sector alimentario - Tapas","og_description":"El consejo de administraci\u00f3n de Mercamadrid ha dado luz verde esta semana al futuro Centro de Conocimiento e Innovaci\u00f3n, 2.000 metros cuadrados dedicados","og_url":"https:\/\/www.tapasmagazine.es\/en\/economia-mercamadrid-crea-el-centro-de-conocimiento-e-innovacion-para-la-modernizacion-del-sector-alimentario\/","og_site_name":"Tapas","article_publisher":"https:\/\/www.facebook.com\/tapasmagazine","article_published_time":"2023-02-24T12:45:10+00:00","article_modified_time":"2023-02-24T13:12:00+00:00","og_image":[{"width":2560,"height":1706,"url":"https:\/\/www.tapasmagazine.es\/wp-content\/uploads\/2023\/02\/fotonoticia_20230224134510_9999-scaled.jpg","type":"image\/jpeg"}],"author":"Tapas \/ EP","twitter_card":"summary_large_image","twitter_creator":"@TapasMagazine","twitter_site":"@TapasMagazine","twitter_misc":{"Written by":"Tapas \/ EP","Est. reading time":"2 minutes"},"schema":{"@context":"https:\/\/schema.org","@graph":[{"@type":"Article","@id":"https:\/\/www.tapasmagazine.es\/en\/economia-mercamadrid-crea-el-centro-de-conocimiento-e-innovacion-para-la-modernizacion-del-sector-alimentario\/#article","isPartOf":{"@id":"https:\/\/www.tapasmagazine.es\/en\/economia-mercamadrid-crea-el-centro-de-conocimiento-e-innovacion-para-la-modernizacion-del-sector-alimentario\/"},"author":{"name":"Tapas \/ EP","@id":"https:\/\/www.tapasmagazine.es\/#\/schema\/person\/dddb3bce6f98f2124c204b901d74a14b"},"headline":"Econom\u00eda.- Mercamadrid crea el Centro de Conocimiento e Innovaci\u00f3n para la modernizaci\u00f3n del sector alimentario","datePublished":"2023-02-24T12:45:10+00:00","dateModified":"2023-02-24T13:12:00+00:00","mainEntityOfPage":{"@id":"https:\/\/www.tapasmagazine.es\/en\/economia-mercamadrid-crea-el-centro-de-conocimiento-e-innovacion-para-la-modernizacion-del-sector-alimentario\/"},"wordCount":413,"publisher":{"@id":"https:\/\/www.tapasmagazine.es\/#organization"},"image":{"@id":"https:\/\/www.tapasmagazine.es\/en\/economia-mercamadrid-crea-el-centro-de-conocimiento-e-innovacion-para-la-modernizacion-del-sector-alimentario\/#primaryimage"},"thumbnailUrl":"https:\/\/www.tapasmagazine.es\/wp-content\/uploads\/2023\/02\/fotonoticia_20230224134510_9999-scaled.jpg","articleSection":["\u00daltima hora"],"inLanguage":"en-US"},{"@type":"WebPage","@id":"https:\/\/www.tapasmagazine.es\/en\/economia-mercamadrid-crea-el-centro-de-conocimiento-e-innovacion-para-la-modernizacion-del-sector-alimentario\/","url":"https:\/\/www.tapasmagazine.es\/en\/economia-mercamadrid-crea-el-centro-de-conocimiento-e-innovacion-para-la-modernizacion-del-sector-alimentario\/","name":"Econom\u00eda.- Mercamadrid crea el Centro de Conocimiento e Innovaci\u00f3n para la modernizaci\u00f3n del sector alimentario - Tapas","isPartOf":{"@id":"https:\/\/www.tapasmagazine.es\/#website"},"primaryImageOfPage":{"@id":"https:\/\/www.tapasmagazine.es\/en\/economia-mercamadrid-crea-el-centro-de-conocimiento-e-innovacion-para-la-modernizacion-del-sector-alimentario\/#primaryimage"},"image":{"@id":"https:\/\/www.tapasmagazine.es\/en\/economia-mercamadrid-crea-el-centro-de-conocimiento-e-innovacion-para-la-modernizacion-del-sector-alimentario\/#primaryimage"},"thumbnailUrl":"https:\/\/www.tapasmagazine.es\/wp-content\/uploads\/2023\/02\/fotonoticia_20230224134510_9999-scaled.jpg","datePublished":"2023-02-24T12:45:10+00:00","dateModified":"2023-02-24T13:12:00+00:00","description":"El consejo de administraci\u00f3n de Mercamadrid ha dado luz verde esta semana al futuro Centro de Conocimiento e Innovaci\u00f3n, 2.000 metros cuadrados dedicados","breadcrumb":{"@id":"https:\/\/www.tapasmagazine.es\/en\/economia-mercamadrid-crea-el-centro-de-conocimiento-e-innovacion-para-la-modernizacion-del-sector-alimentario\/#breadcrumb"},"inLanguage":"en-US","potentialAction":[{"@type":"ReadAction","target":["https:\/\/www.tapasmagazine.es\/en\/economia-mercamadrid-crea-el-centro-de-conocimiento-e-innovacion-para-la-modernizacion-del-sector-alimentario\/"]}]},{"@type":"ImageObject","inLanguage":"en-US","@id":"https:\/\/www.tapasmagazine.es\/en\/economia-mercamadrid-crea-el-centro-de-conocimiento-e-innovacion-para-la-modernizacion-del-sector-alimentario\/#primaryimage","url":"https:\/\/www.tapasmagazine.es\/wp-content\/uploads\/2023\/02\/fotonoticia_20230224134510_9999-scaled.jpg","contentUrl":"https:\/\/www.tapasmagazine.es\/wp-content\/uploads\/2023\/02\/fotonoticia_20230224134510_9999-scaled.jpg","width":2560,"height":1706},{"@type":"BreadcrumbList","@id":"https:\/\/www.tapasmagazine.es\/en\/economia-mercamadrid-crea-el-centro-de-conocimiento-e-innovacion-para-la-modernizacion-del-sector-alimentario\/#breadcrumb","itemListElement":[{"@type":"ListItem","position":1,"name":"Portada","item":"https:\/\/www.tapasmagazine.es\/"},{"@type":"ListItem","position":2,"name":"Sin categorizar","item":"https:\/\/www.tapasmagazine.es\/categorias\/sin-categorizar\/"},{"@type":"ListItem","position":3,"name":"Econom\u00eda.- Mercamadrid crea el Centro de Conocimiento e Innovaci\u00f3n para la modernizaci\u00f3n del sector alimentario"}]},{"@type":"WebSite","@id":"https:\/\/www.tapasmagazine.es\/#website","url":"https:\/\/www.tapasmagazine.es\/","name":"Tapas","description":"\u00d1am \u00d1am Lifestyle. La vida a bocados. Premio Nacional de Gastronom\u00eda 2016.","publisher":{"@id":"https:\/\/www.tapasmagazine.es\/#organization"},"potentialAction":[{"@type":"SearchAction","target":{"@type":"EntryPoint","urlTemplate":"https:\/\/www.tapasmagazine.es\/?s={search_term_string}"},"query-input":{"@type":"PropertyValueSpecification","valueRequired":true,"valueName":"search_term_string"}}],"inLanguage":"en-US"},{"@type":"Organization","@id":"https:\/\/www.tapasmagazine.es\/#organization","name":"Tapas Magazine","url":"https:\/\/www.tapasmagazine.es\/","logo":{"@type":"ImageObject","inLanguage":"en-US","@id":"https:\/\/www.tapasmagazine.es\/#\/schema\/logo\/image\/","url":"https:\/\/www.tapasmagazine.es\/wp-content\/uploads\/2018\/01\/logo.png","contentUrl":"https:\/\/www.tapasmagazine.es\/wp-content\/uploads\/2018\/01\/logo.png","width":180,"height":60,"caption":"Tapas Magazine"},"image":{"@id":"https:\/\/www.tapasmagazine.es\/#\/schema\/logo\/image\/"},"sameAs":["https:\/\/www.facebook.com\/tapasmagazine","https:\/\/x.com\/TapasMagazine","https:\/\/www.instagram.com\/tapasmagazine\/","https:\/\/www.linkedin.com\/company\/tapas-magazine","https:\/\/es.pinterest.com\/tapasmagazine\/","https:\/\/www.youtube.com\/channel\/UCEyxneAaACuR0lfDagrWjjg?sub_confirmation=1"]},{"@type":"Person","@id":"https:\/\/www.tapasmagazine.es\/#\/schema\/person\/dddb3bce6f98f2124c204b901d74a14b","name":"Tapas \/ EP","url":"https:\/\/www.tapasmagazine.es\/en\/author\/tapasep\/"}]}},"_links":{"self":[{"href":"https:\/\/www.tapasmagazine.es\/en\/wp-json\/wp\/v2\/posts\/176378","targetHints":{"allow":["GET"]}}],"collection":[{"href":"https:\/\/www.tapasmagazine.es\/en\/wp-json\/wp\/v2\/posts"}],"about":[{"href":"https:\/\/www.tapasmagazine.es\/en\/wp-json\/wp\/v2\/types\/post"}],"author":[{"embeddable":true,"href":"https:\/\/www.tapasmagazine.es\/en\/wp-json\/wp\/v2\/users\/277"}],"replies":[{"embeddable":true,"href":"https:\/\/www.tapasmagazine.es\/en\/wp-json\/wp\/v2\/comments?post=176378"}],"version-history":[{"count":1,"href":"https:\/\/www.tapasmagazine.es\/en\/wp-json\/wp\/v2\/posts\/176378\/revisions"}],"predecessor-version":[{"id":176379,"href":"https:\/\/www.tapasmagazine.es\/en\/wp-json\/wp\/v2\/posts\/176378\/revisions\/176379"}],"wp:featuredmedia":[{"embeddable":true,"href":"https:\/\/www.tapasmagazine.es\/en\/wp-json\/wp\/v2\/media\/176380"}],"wp:attachment":[{"href":"https:\/\/www.tapasmagazine.es\/en\/wp-json\/wp\/v2\/media?parent=176378"}],"wp:term":[{"taxonomy":"category","embeddable":true,"href":"https:\/\/www.tapasmagazine.es\/en\/wp-json\/wp\/v2\/categories?post=176378"},{"taxonomy":"post_tag","embeddable":true,"href":"https:\/\/www.tapasmagazine.es\/en\/wp-json\/wp\/v2\/tags?post=176378"}],"curies":[{"name":"wp","href":"https:\/\/api.w.org\/{rel}","templated":true}]}}